{"id":205508,"date":"2024-12-30T17:25:00","date_gmt":"2024-12-30T20:25:00","guid":{"rendered":"https:\/\/www.gaveanews.com\/?p=205508"},"modified":"2024-12-30T17:05:26","modified_gmt":"2024-12-30T20:05:26","slug":"a-declaracao-de-pep-guardiola-apos-a-vitoria-do-manchester-city","status":"publish","type":"post","link":"https:\/\/www.gaveanews.com\/index.php\/2024\/12\/30\/a-declaracao-de-pep-guardiola-apos-a-vitoria-do-manchester-city\/","title":{"rendered":"A declara\u00e7\u00e3o de Pep Guardiola ap\u00f3s a vit\u00f3ria do Manchester City"},"content":{"rendered":"\n<p>O Manchester City conquistou uma vit\u00f3ria crucial sobre o Leicester por 2 a 0, em um confronto que marcou o 500\u00ba jogo de Pep Guardiola \u00e0 frente da equipe. O resultado, al\u00e9m de interromper uma s\u00e9rie de cinco partidas sem vencer, veio em um momento de intensa press\u00e3o sobre o treinador e a equipe.&nbsp;<\/p>\n\n\n\n<ul class=\"wp-block-list\">\n<li><a href=\"https:\/\/www.gaveanews.com\/index.php\/2024\/12\/29\/manchester-city-a-declaracao-de-pep-guardiola-sobre-reforcos\/\">Manchester City: a declara\u00e7\u00e3o de Pep Guardiola sobre refor\u00e7os<\/a><\/li>\n\n\n\n<li><a href=\"https:\/\/www.gaveanews.com\/index.php\/2024\/12\/22\/bahia-sondou-a-contratacao-de-atacante-do-manchester-city\/\">Bahia sondou a contrata\u00e7\u00e3o de atacante do Manchester City<\/a><\/li>\n<\/ul>\n\n\n\n<p>Esse triunfo, portanto, foi um respiro necess\u00e1rio para os Citizens, que enfrentavam cr\u00edticas e estavam distantes das primeiras posi\u00e7\u00f5es da Premier League.<\/p>\n\n\n\n<h2 class=\"wp-block-heading\" id=\"h-alivio-e-a-palavra-de-guardiola\">&#8220;Al\u00edvio&#8221; \u00e9 a palavra de Guardiola<\/h2>\n\n\n\n<p>Ap\u00f3s a vit\u00f3ria, Guardiola n\u00e3o escondeu seu al\u00edvio, substituindo a alegria por um sentimento de supera\u00e7\u00e3o.&nbsp;<\/p>\n\n\n\n<p>\u201cN\u00e3o \u00e9 alegria, \u00e9 al\u00edvio. Essa \u00e9 a palavra que expressa o sentimento que todos n\u00f3s aqui sentimos. Parece que fizemos coisas incr\u00edveis durante muitos anos e agora n\u00e3o conseguimos vencer mais jogos. \u00c9 um al\u00edvio, mas temos que melhorar\u201d, disse o t\u00e9cnico.&nbsp;<\/p>\n\n\n\n<p>Esse desabafo reflete a press\u00e3o acumulada pela equipe, que vinha de uma sequ\u00eancia dif\u00edcil, com apenas uma vit\u00f3ria em 13 partidas.Vale destacar que, apesar do al\u00edvio, Guardiola n\u00e3o deixou de reconhecer que o time ainda precisa melhorar.&nbsp;<\/p>\n\n\n\n<p>\u201cN\u00e3o foi o jogo ideal nosso, mas neste momento \u00e9 quase imposs\u00edvel n\u00e3o aceit\u00e1-lo. Espero que esta vit\u00f3ria nos d\u00ea um \u00e2nimo melhor\u201d, completou.&nbsp;<\/p>\n\n\n\n<p>Dessa maneira, ele expressou otimismo cauteloso, esperando que o resultado positivo sirva de motiva\u00e7\u00e3o para um desempenho mais consistente nas pr\u00f3ximas partidas.<\/p>\n\n\n\n<h2 class=\"wp-block-heading\" id=\"h-a-luta-por-recuperacao-e-a-busca-por-melhorias\">A luta por recupera\u00e7\u00e3o e a busca por melhorias<\/h2>\n\n\n\n<p>Com a vit\u00f3ria, o City sobe para o quinto lugar na Premier League, com 31 pontos, e se aproxima da zona de classifica\u00e7\u00e3o para a Liga Europa. Isso porque, ap\u00f3s uma fase dif\u00edcil, a equipe precisa de resultados consistentes para retomar a briga por posi\u00e7\u00f5es mais altas.&nbsp;<\/p>\n\n\n\n<p>Sendo assim, o triunfo sobre o Leicester pode ser o ponto de partida para a recupera\u00e7\u00e3o do time, que busca retomar o n\u00edvel de excel\u00eancia mostrado nas \u00faltimas temporadas.<\/p>\n\n\n\n<p>Portanto, embora a vit\u00f3ria tenha aliviado a press\u00e3o sobre Guardiola, o Manchester City ainda tem muito trabalho pela frente para reconquistar a forma dominante que o caracterizou nos \u00faltimos anos.<\/p>\n","protected":false},"excerpt":{"rendered":"<p>O Manchester City conquistou uma vit\u00f3ria crucial sobre o Leicester por 2 a 0, em um confronto que marcou o 500\u00ba jogo de Pep Guardiola \u00e0 frente da equipe. O resultado, al\u00e9m de interromper uma s\u00e9rie de cinco partidas sem vencer, veio em um momento de intensa press\u00e3o sobre o treinador e a equipe.&nbsp; Esse [&hellip;]<\/p>\n","protected":false},"author":25,"featured_media":123529,"comment_status":"open","ping_status":"closed","sticky":false,"template":"","format":"standard","meta":{"footnotes":""},"categories":[84],"tags":[],"class_list":["post-205508","post","type-post","status-publish","format-standard","has-post-thumbnail","hentry","category-manchester-city"],"yoast_head":"<!-- This site is optimized with the Yoast SEO Premium plugin v24.2 (Yoast SEO v26.9) - https:\/\/yoast.com\/product\/yoast-seo-premium-wordpress\/ -->\n<title>A declara\u00e7\u00e3o de Pep Guardiola ap\u00f3s a vit\u00f3ria do Manchester City<\/title>\n<meta name=\"robots\" content=\"index, follow, max-snippet:-1, max-image-preview:large, max-video-preview:-1\" \/>\n<link rel=\"canonical\" href=\"https:\/\/www.gaveanews.com\/index.php\/2024\/12\/30\/a-declaracao-de-pep-guardiola-apos-a-vitoria-do-manchester-city\/\" \/>\n<meta property=\"og:locale\" content=\"pt_BR\" \/>\n<meta property=\"og:type\" content=\"article\" \/>\n<meta property=\"og:title\" content=\"A declara\u00e7\u00e3o de Pep Guardiola ap\u00f3s a vit\u00f3ria do Manchester City\" \/>\n<meta property=\"og:description\" content=\"O Manchester City conquistou uma vit\u00f3ria crucial sobre o Leicester por 2 a 0, em um confronto que marcou o 500\u00ba jogo de Pep Guardiola \u00e0 frente da equipe. O resultado, al\u00e9m de interromper uma s\u00e9rie de cinco partidas sem vencer, veio em um momento de intensa press\u00e3o sobre o treinador e a equipe.&nbsp; Esse [&hellip;]\" \/>\n<meta property=\"og:url\" content=\"https:\/\/www.gaveanews.com\/index.php\/2024\/12\/30\/a-declaracao-de-pep-guardiola-apos-a-vitoria-do-manchester-city\/\" \/>\n<meta property=\"og:site_name\" content=\"G\u00e1vea News\" \/>\n<meta property=\"article:publisher\" content=\"https:\/\/facebook.com\/gaveaNews\/\" \/>\n<meta property=\"article:published_time\" content=\"2024-12-30T20:25:00+00:00\" \/>\n<meta property=\"og:image\" content=\"https:\/\/www.gaveanews.com\/wp-content\/uploads\/city.webp\" \/>\n\t<meta property=\"og:image:width\" content=\"615\" \/>\n\t<meta property=\"og:image:height\" content=\"409\" \/>\n\t<meta property=\"og:image:type\" content=\"image\/webp\" \/>\n<meta name=\"author\" content=\"Rafaela Ladeira\" \/>\n<meta name=\"twitter:card\" content=\"summary_large_image\" \/>\n<meta name=\"twitter:label1\" content=\"Escrito por\" \/>\n\t<meta name=\"twitter:data1\" content=\"Rafaela Ladeira\" \/>\n\t<meta name=\"twitter:label2\" content=\"Est. tempo de leitura\" \/>\n\t<meta name=\"twitter:data2\" content=\"3 minutos\" \/>\n<script type=\"application\/ld+json\" class=\"yoast-schema-graph\">{\"@context\":\"https:\/\/schema.org\",\"@graph\":[{\"@type\":\"NewsArticle\",\"@id\":\"https:\/\/www.gaveanews.com\/index.php\/2024\/12\/30\/a-declaracao-de-pep-guardiola-apos-a-vitoria-do-manchester-city\/#article\",\"isPartOf\":{\"@id\":\"https:\/\/www.gaveanews.com\/index.php\/2024\/12\/30\/a-declaracao-de-pep-guardiola-apos-a-vitoria-do-manchester-city\/\"},\"author\":{\"name\":\"Rafaela Ladeira\",\"@id\":\"https:\/\/www.gaveanews.com\/#\/schema\/person\/0eb3e3fe1754f0205218538adbe8f5ed\"},\"headline\":\"A declara\u00e7\u00e3o de Pep Guardiola ap\u00f3s a vit\u00f3ria do Manchester City\",\"datePublished\":\"2024-12-30T20:25:00+00:00\",\"mainEntityOfPage\":{\"@id\":\"https:\/\/www.gaveanews.com\/index.php\/2024\/12\/30\/a-declaracao-de-pep-guardiola-apos-a-vitoria-do-manchester-city\/\"},\"wordCount\":413,\"commentCount\":0,\"image\":{\"@id\":\"https:\/\/www.gaveanews.com\/index.php\/2024\/12\/30\/a-declaracao-de-pep-guardiola-apos-a-vitoria-do-manchester-city\/#primaryimage\"},\"thumbnailUrl\":\"https:\/\/www.gaveanews.com\/wp-content\/uploads\/city.webp\",\"articleSection\":[\"Manchester City\"],\"inLanguage\":\"pt-BR\",\"potentialAction\":[{\"@type\":\"CommentAction\",\"name\":\"Comment\",\"target\":[\"https:\/\/www.gaveanews.com\/index.php\/2024\/12\/30\/a-declaracao-de-pep-guardiola-apos-a-vitoria-do-manchester-city\/#respond\"]}],\"copyrightYear\":\"2024\",\"copyrightHolder\":{\"@id\":\"https:\/\/www.gaveanews.com\/#organization\"}},{\"@type\":\"WebPage\",\"@id\":\"https:\/\/www.gaveanews.com\/index.php\/2024\/12\/30\/a-declaracao-de-pep-guardiola-apos-a-vitoria-do-manchester-city\/\",\"url\":\"https:\/\/www.gaveanews.com\/index.php\/2024\/12\/30\/a-declaracao-de-pep-guardiola-apos-a-vitoria-do-manchester-city\/\",\"name\":\"A declara\u00e7\u00e3o de Pep Guardiola ap\u00f3s a vit\u00f3ria do Manchester City\",\"isPartOf\":{\"@id\":\"https:\/\/www.gaveanews.com\/#website\"},\"primaryImageOfPage\":{\"@id\":\"https:\/\/www.gaveanews.com\/index.php\/2024\/12\/30\/a-declaracao-de-pep-guardiola-apos-a-vitoria-do-manchester-city\/#primaryimage\"},\"image\":{\"@id\":\"https:\/\/www.gaveanews.com\/index.php\/2024\/12\/30\/a-declaracao-de-pep-guardiola-apos-a-vitoria-do-manchester-city\/#primaryimage\"},\"thumbnailUrl\":\"https:\/\/www.gaveanews.com\/wp-content\/uploads\/city.webp\",\"datePublished\":\"2024-12-30T20:25:00+00:00\",\"author\":{\"@id\":\"https:\/\/www.gaveanews.com\/#\/schema\/person\/0eb3e3fe1754f0205218538adbe8f5ed\"},\"breadcrumb\":{\"@id\":\"https:\/\/www.gaveanews.com\/index.php\/2024\/12\/30\/a-declaracao-de-pep-guardiola-apos-a-vitoria-do-manchester-city\/#breadcrumb\"},\"inLanguage\":\"pt-BR\",\"potentialAction\":[{\"@type\":\"ReadAction\",\"target\":[\"https:\/\/www.gaveanews.com\/index.php\/2024\/12\/30\/a-declaracao-de-pep-guardiola-apos-a-vitoria-do-manchester-city\/\"]}]},{\"@type\":\"ImageObject\",\"inLanguage\":\"pt-BR\",\"@id\":\"https:\/\/www.gaveanews.com\/index.php\/2024\/12\/30\/a-declaracao-de-pep-guardiola-apos-a-vitoria-do-manchester-city\/#primaryimage\",\"url\":\"https:\/\/www.gaveanews.com\/wp-content\/uploads\/city.webp\",\"contentUrl\":\"https:\/\/www.gaveanews.com\/wp-content\/uploads\/city.webp\",\"width\":615,\"height\":409,\"caption\":\"Escudo do Manchester City (Foto: Reprodu\u00e7\u00e3o)\"},{\"@type\":\"BreadcrumbList\",\"@id\":\"https:\/\/www.gaveanews.com\/index.php\/2024\/12\/30\/a-declaracao-de-pep-guardiola-apos-a-vitoria-do-manchester-city\/#breadcrumb\",\"itemListElement\":[{\"@type\":\"ListItem\",\"position\":1,\"name\":\"Home\",\"item\":\"https:\/\/www.gaveanews.com\/\"},{\"@type\":\"ListItem\",\"position\":2,\"name\":\"A declara\u00e7\u00e3o de Pep Guardiola ap\u00f3s a vit\u00f3ria do Manchester City\"}]},{\"@type\":\"WebSite\",\"@id\":\"https:\/\/www.gaveanews.com\/#website\",\"url\":\"https:\/\/www.gaveanews.com\/\",\"name\":\"G\u00e1vea News\",\"description\":\"Veja todas as not\u00edcias sobre o Flamengo: Contrata\u00e7\u00f5es, categorias de base, resultados das partidas, tabela de classifica\u00e7\u00e3o, pr\u00f3ximos jogos!\",\"potentialAction\":[{\"@type\":\"SearchAction\",\"target\":{\"@type\":\"EntryPoint\",\"urlTemplate\":\"https:\/\/www.gaveanews.com\/?s={search_term_string}\"},\"query-input\":{\"@type\":\"PropertyValueSpecification\",\"valueRequired\":true,\"valueName\":\"search_term_string\"}}],\"inLanguage\":\"pt-BR\"},{\"@type\":\"Person\",\"@id\":\"https:\/\/www.gaveanews.com\/#\/schema\/person\/0eb3e3fe1754f0205218538adbe8f5ed\",\"name\":\"Rafaela Ladeira\",\"image\":{\"@type\":\"ImageObject\",\"inLanguage\":\"pt-BR\",\"@id\":\"https:\/\/www.gaveanews.com\/#\/schema\/person\/image\/\",\"url\":\"https:\/\/secure.gravatar.com\/avatar\/c31f513acffd85eacab5730cbdfdbbf59f21ba5aeada8cd890acea879fbb2455?s=96&d=mm&r=g\",\"contentUrl\":\"https:\/\/secure.gravatar.com\/avatar\/c31f513acffd85eacab5730cbdfdbbf59f21ba5aeada8cd890acea879fbb2455?s=96&d=mm&r=g\",\"caption\":\"Rafaela Ladeira\"}}]}<\/script>\n<!-- \/ Yoast SEO Premium plugin. -->","yoast_head_json":{"title":"A declara\u00e7\u00e3o de Pep Guardiola ap\u00f3s a vit\u00f3ria do Manchester City","robots":{"index":"index","follow":"follow","max-snippet":"max-snippet:-1","max-image-preview":"max-image-preview:large","max-video-preview":"max-video-preview:-1"},"canonical":"https:\/\/www.gaveanews.com\/index.php\/2024\/12\/30\/a-declaracao-de-pep-guardiola-apos-a-vitoria-do-manchester-city\/","og_locale":"pt_BR","og_type":"article","og_title":"A declara\u00e7\u00e3o de Pep Guardiola ap\u00f3s a vit\u00f3ria do Manchester City","og_description":"O Manchester City conquistou uma vit\u00f3ria crucial sobre o Leicester por 2 a 0, em um confronto que marcou o 500\u00ba jogo de Pep Guardiola \u00e0 frente da equipe. O resultado, al\u00e9m de interromper uma s\u00e9rie de cinco partidas sem vencer, veio em um momento de intensa press\u00e3o sobre o treinador e a equipe.&nbsp; Esse [&hellip;]","og_url":"https:\/\/www.gaveanews.com\/index.php\/2024\/12\/30\/a-declaracao-de-pep-guardiola-apos-a-vitoria-do-manchester-city\/","og_site_name":"G\u00e1vea News","article_publisher":"https:\/\/facebook.com\/gaveaNews\/","article_published_time":"2024-12-30T20:25:00+00:00","og_image":[{"width":615,"height":409,"url":"https:\/\/www.gaveanews.com\/wp-content\/uploads\/city.webp","type":"image\/webp"}],"author":"Rafaela Ladeira","twitter_card":"summary_large_image","twitter_misc":{"Escrito por":"Rafaela Ladeira","Est. tempo de leitura":"3 minutos"},"schema":{"@context":"https:\/\/schema.org","@graph":[{"@type":"NewsArticle","@id":"https:\/\/www.gaveanews.com\/index.php\/2024\/12\/30\/a-declaracao-de-pep-guardiola-apos-a-vitoria-do-manchester-city\/#article","isPartOf":{"@id":"https:\/\/www.gaveanews.com\/index.php\/2024\/12\/30\/a-declaracao-de-pep-guardiola-apos-a-vitoria-do-manchester-city\/"},"author":{"name":"Rafaela Ladeira","@id":"https:\/\/www.gaveanews.com\/#\/schema\/person\/0eb3e3fe1754f0205218538adbe8f5ed"},"headline":"A declara\u00e7\u00e3o de Pep Guardiola ap\u00f3s a vit\u00f3ria do Manchester City","datePublished":"2024-12-30T20:25:00+00:00","mainEntityOfPage":{"@id":"https:\/\/www.gaveanews.com\/index.php\/2024\/12\/30\/a-declaracao-de-pep-guardiola-apos-a-vitoria-do-manchester-city\/"},"wordCount":413,"commentCount":0,"image":{"@id":"https:\/\/www.gaveanews.com\/index.php\/2024\/12\/30\/a-declaracao-de-pep-guardiola-apos-a-vitoria-do-manchester-city\/#primaryimage"},"thumbnailUrl":"https:\/\/www.gaveanews.com\/wp-content\/uploads\/city.webp","articleSection":["Manchester City"],"inLanguage":"pt-BR","potentialAction":[{"@type":"CommentAction","name":"Comment","target":["https:\/\/www.gaveanews.com\/index.php\/2024\/12\/30\/a-declaracao-de-pep-guardiola-apos-a-vitoria-do-manchester-city\/#respond"]}],"copyrightYear":"2024","copyrightHolder":{"@id":"https:\/\/www.gaveanews.com\/#organization"}},{"@type":"WebPage","@id":"https:\/\/www.gaveanews.com\/index.php\/2024\/12\/30\/a-declaracao-de-pep-guardiola-apos-a-vitoria-do-manchester-city\/","url":"https:\/\/www.gaveanews.com\/index.php\/2024\/12\/30\/a-declaracao-de-pep-guardiola-apos-a-vitoria-do-manchester-city\/","name":"A declara\u00e7\u00e3o de Pep Guardiola ap\u00f3s a vit\u00f3ria do Manchester City","isPartOf":{"@id":"https:\/\/www.gaveanews.com\/#website"},"primaryImageOfPage":{"@id":"https:\/\/www.gaveanews.com\/index.php\/2024\/12\/30\/a-declaracao-de-pep-guardiola-apos-a-vitoria-do-manchester-city\/#primaryimage"},"image":{"@id":"https:\/\/www.gaveanews.com\/index.php\/2024\/12\/30\/a-declaracao-de-pep-guardiola-apos-a-vitoria-do-manchester-city\/#primaryimage"},"thumbnailUrl":"https:\/\/www.gaveanews.com\/wp-content\/uploads\/city.webp","datePublished":"2024-12-30T20:25:00+00:00","author":{"@id":"https:\/\/www.gaveanews.com\/#\/schema\/person\/0eb3e3fe1754f0205218538adbe8f5ed"},"breadcrumb":{"@id":"https:\/\/www.gaveanews.com\/index.php\/2024\/12\/30\/a-declaracao-de-pep-guardiola-apos-a-vitoria-do-manchester-city\/#breadcrumb"},"inLanguage":"pt-BR","potentialAction":[{"@type":"ReadAction","target":["https:\/\/www.gaveanews.com\/index.php\/2024\/12\/30\/a-declaracao-de-pep-guardiola-apos-a-vitoria-do-manchester-city\/"]}]},{"@type":"ImageObject","inLanguage":"pt-BR","@id":"https:\/\/www.gaveanews.com\/index.php\/2024\/12\/30\/a-declaracao-de-pep-guardiola-apos-a-vitoria-do-manchester-city\/#primaryimage","url":"https:\/\/www.gaveanews.com\/wp-content\/uploads\/city.webp","contentUrl":"https:\/\/www.gaveanews.com\/wp-content\/uploads\/city.webp","width":615,"height":409,"caption":"Escudo do Manchester City (Foto: Reprodu\u00e7\u00e3o)"},{"@type":"BreadcrumbList","@id":"https:\/\/www.gaveanews.com\/index.php\/2024\/12\/30\/a-declaracao-de-pep-guardiola-apos-a-vitoria-do-manchester-city\/#breadcrumb","itemListElement":[{"@type":"ListItem","position":1,"name":"Home","item":"https:\/\/www.gaveanews.com\/"},{"@type":"ListItem","position":2,"name":"A declara\u00e7\u00e3o de Pep Guardiola ap\u00f3s a vit\u00f3ria do Manchester City"}]},{"@type":"WebSite","@id":"https:\/\/www.gaveanews.com\/#website","url":"https:\/\/www.gaveanews.com\/","name":"G\u00e1vea News","description":"Veja todas as not\u00edcias sobre o Flamengo: Contrata\u00e7\u00f5es, categorias de base, resultados das partidas, tabela de classifica\u00e7\u00e3o, pr\u00f3ximos jogos!","potentialAction":[{"@type":"SearchAction","target":{"@type":"EntryPoint","urlTemplate":"https:\/\/www.gaveanews.com\/?s={search_term_string}"},"query-input":{"@type":"PropertyValueSpecification","valueRequired":true,"valueName":"search_term_string"}}],"inLanguage":"pt-BR"},{"@type":"Person","@id":"https:\/\/www.gaveanews.com\/#\/schema\/person\/0eb3e3fe1754f0205218538adbe8f5ed","name":"Rafaela Ladeira","image":{"@type":"ImageObject","inLanguage":"pt-BR","@id":"https:\/\/www.gaveanews.com\/#\/schema\/person\/image\/","url":"https:\/\/secure.gravatar.com\/avatar\/c31f513acffd85eacab5730cbdfdbbf59f21ba5aeada8cd890acea879fbb2455?s=96&d=mm&r=g","contentUrl":"https:\/\/secure.gravatar.com\/avatar\/c31f513acffd85eacab5730cbdfdbbf59f21ba5aeada8cd890acea879fbb2455?s=96&d=mm&r=g","caption":"Rafaela Ladeira"}}]}},"_links":{"self":[{"href":"https:\/\/www.gaveanews.com\/index.php\/wp-json\/wp\/v2\/posts\/205508","targetHints":{"allow":["GET"]}}],"collection":[{"href":"https:\/\/www.gaveanews.com\/index.php\/wp-json\/wp\/v2\/posts"}],"about":[{"href":"https:\/\/www.gaveanews.com\/index.php\/wp-json\/wp\/v2\/types\/post"}],"author":[{"embeddable":true,"href":"https:\/\/www.gaveanews.com\/index.php\/wp-json\/wp\/v2\/users\/25"}],"replies":[{"embeddable":true,"href":"https:\/\/www.gaveanews.com\/index.php\/wp-json\/wp\/v2\/comments?post=205508"}],"version-history":[{"count":1,"href":"https:\/\/www.gaveanews.com\/index.php\/wp-json\/wp\/v2\/posts\/205508\/revisions"}],"predecessor-version":[{"id":205511,"href":"https:\/\/www.gaveanews.com\/index.php\/wp-json\/wp\/v2\/posts\/205508\/revisions\/205511"}],"wp:featuredmedia":[{"embeddable":true,"href":"https:\/\/www.gaveanews.com\/index.php\/wp-json\/wp\/v2\/media\/123529"}],"wp:attachment":[{"href":"https:\/\/www.gaveanews.com\/index.php\/wp-json\/wp\/v2\/media?parent=205508"}],"wp:term":[{"taxonomy":"category","embeddable":true,"href":"https:\/\/www.gaveanews.com\/index.php\/wp-json\/wp\/v2\/categories?post=205508"},{"taxonomy":"post_tag","embeddable":true,"href":"https:\/\/www.gaveanews.com\/index.php\/wp-json\/wp\/v2\/tags?post=205508"}],"curies":[{"name":"wp","href":"https:\/\/api.w.org\/{rel}","templated":true}]}}