{"id":205522,"date":"2024-12-30T17:50:00","date_gmt":"2024-12-30T20:50:00","guid":{"rendered":"https:\/\/www.gaveanews.com\/?p=205522"},"modified":"2024-12-30T17:31:12","modified_gmt":"2024-12-30T20:31:12","slug":"palmeiras-tem-data-para-definir-contratacao-de-andreas-pereira","status":"publish","type":"post","link":"https:\/\/www.gaveanews.com\/index.php\/2024\/12\/30\/palmeiras-tem-data-para-definir-contratacao-de-andreas-pereira\/","title":{"rendered":"Palmeiras tem data para definir contrata\u00e7\u00e3o de Andreas Pereira"},"content":{"rendered":"\n<h2 class=\"wp-block-heading\" id=\"h-diretoria-corre-contra-o-tempo\">Diretoria corre contra o tempo<\/h2>\n\n\n\n<p>O Palmeiras inicia a semana aguardando uma resposta do Fulham sobre a proposta enviada para a contrata\u00e7\u00e3o definitiva do meio-campista Andreas Pereira.<\/p>\n\n\n\n<ul class=\"wp-block-list\">\n<li><a href=\"https:\/\/www.gaveanews.com\/index.php\/2024\/12\/29\/anibal-moreno-felipe-anderson-caio-paulista-bruno-rodrigues-lazaro-romulo-mauricio-e-augustin-giay-as-notas-das-contratacoes-do-palmeiras-em-2024\/\">An\u00edbal Moreno, Felipe Anderson, Caio Paulista, Bruno Rodrigues, L\u00e1zaro, R\u00f4mulo, Maur\u00edcio e August\u00edn Giay: as notas das contrata\u00e7\u00f5es do Palmeiras em 2024<\/a><\/li>\n\n\n\n<li><a href=\"https:\/\/www.gaveanews.com\/index.php\/2024\/12\/29\/mansao-de-weverton-previsao-de-mauro-beting-e-abel-ferreira-recusa-proposta-as-ultimas-noticias-do-palmeiras\/\">Mans\u00e3o de Weverton, previs\u00e3o de Mauro Beting e Abel Ferreira recusa proposta: as \u00faltimas not\u00edcias do Palmeiras<br><\/a><\/li>\n<\/ul>\n\n\n\n<p>A oferta apresentada \u00e9 de 20 milh\u00f5es de euros (aproximadamente R$ 127 milh\u00f5es), al\u00e9m de valores adicionais em b\u00f4nus, e foi feita ao clube ingl\u00eas no in\u00edcio da semana passada. Entretanto, at\u00e9 agora n\u00e3o houve retorno algum. A equipe londrina decidiu esperar o &#8220;boxing day&#8221; da Premier League, que ocorre ap\u00f3s o Natal, para ent\u00e3o se concentrar nesse assunto.<\/p>\n\n\n\n<p>Andreas Pereira \u00e9 considerado um jogador fundamental para o Fulham, e as duas \u00faltimas partidas uma vit\u00f3ria contra o Chelsea e um empate com o Bournemouth, onde ele contribuiu com uma assist\u00eancia foram essenciais para os objetivos do clube nesta temporada.<\/p>\n\n\n\n<figure class=\"wp-block-image size-large\"><img loading=\"lazy\" decoding=\"async\" width=\"1024\" height=\"694\" src=\"https:\/\/www.gaveanews.com\/wp-content\/uploads\/andreas-pereira-selecao-brasileira-1024x694.webp\" alt=\"\" class=\"wp-image-148650\" srcset=\"https:\/\/www.gaveanews.com\/wp-content\/uploads\/andreas-pereira-selecao-brasileira-1024x694.webp 1024w, https:\/\/www.gaveanews.com\/wp-content\/uploads\/andreas-pereira-selecao-brasileira-300x203.webp 300w, https:\/\/www.gaveanews.com\/wp-content\/uploads\/andreas-pereira-selecao-brasileira-768x520.webp 768w, https:\/\/www.gaveanews.com\/wp-content\/uploads\/andreas-pereira-selecao-brasileira-620x420.webp 620w, https:\/\/www.gaveanews.com\/wp-content\/uploads\/andreas-pereira-selecao-brasileira-640x434.webp 640w, https:\/\/www.gaveanews.com\/wp-content\/uploads\/andreas-pereira-selecao-brasileira-681x461.webp 681w, https:\/\/www.gaveanews.com\/wp-content\/uploads\/andreas-pereira-selecao-brasileira-100x68.webp 100w, https:\/\/www.gaveanews.com\/wp-content\/uploads\/andreas-pereira-selecao-brasileira.webp 1200w\" sizes=\"auto, (max-width: 1024px) 100vw, 1024px\" \/><figcaption class=\"wp-element-caption\">Andreas Pereira marca gol pela Sele\u00e7\u00e3o Brasileira (Foto: Getty Images)<\/figcaption><\/figure>\n\n\n\n<p>Ap\u00f3s essa sequ\u00eancia de jogos, o Fulham s\u00f3 voltar\u00e1 a jogar no pr\u00f3ximo domingo, e o Palmeiras espera receber uma resposta antes disso.<\/p>\n\n\n\n<p>O volante de 28 anos enxerga com bons olhos a possibilidade de se transferir para o Verd\u00e3o e j\u00e1 autorizou seus representantes a negociarem com o time alviverde. Contudo, espera-se que o Fulham n\u00e3o torne as negocia\u00e7\u00f5es f\u00e1ceis.<\/p>\n\n\n\n<p>Andreas, al\u00e9m de ser titular e crucial no esquema do treinador Marco Silva, enfrenta um per\u00edodo com v\u00e1rios jogadores lesionados, e a perda do meio-campista no momento n\u00e3o est\u00e1 nos planos do clube ingl\u00eas.<\/p>\n\n\n\n<p>Por outro lado, o Palmeiras acredita que o interesse de Andreas Pereira em se mudar, juntamente com o projeto que lhe foi apresentado, podem ser os fatores decisivos para a concretiza\u00e7\u00e3o do neg\u00f3cio.<\/p>\n\n\n\n<p>Andreas Pereira, meio-campista da sele\u00e7\u00e3o brasileira, ganhou destaque por suas atua\u00e7\u00f5es de destaque no futebol ingl\u00eas. Ap\u00f3s sua passagem pelo Flamengo em 2021, ele definitivamente emergiu no cen\u00e1rio do futebol brasileiro.<\/p>\n\n\n\n<p>Nesta temporada de 2024, Andreas Pereira disputou 17 partidas e balan\u00e7ou as redes duas vezes vestindo a camisa do Fulham.<\/p>\n","protected":false},"excerpt":{"rendered":"<p>Diretoria corre contra o tempo O Palmeiras inicia a semana aguardando uma resposta do Fulham sobre a proposta enviada para a contrata\u00e7\u00e3o definitiva do meio-campista Andreas Pereira. A oferta apresentada \u00e9 de 20 milh\u00f5es de euros (aproximadamente R$ 127 milh\u00f5es), al\u00e9m de valores adicionais em b\u00f4nus, e foi feita ao clube ingl\u00eas no in\u00edcio da [&hellip;]<\/p>\n","protected":false},"author":16,"featured_media":95985,"comment_status":"open","ping_status":"closed","sticky":false,"template":"","format":"standard","meta":{"footnotes":""},"categories":[150],"tags":[],"class_list":["post-205522","post","type-post","status-publish","format-standard","has-post-thumbnail","hentry","category-palmeiras"],"yoast_head":"<!-- This site is optimized with the Yoast SEO Premium plugin v24.2 (Yoast SEO v26.9) - https:\/\/yoast.com\/product\/yoast-seo-premium-wordpress\/ -->\n<title>Palmeiras tem data para definir contrata\u00e7\u00e3o de Andreas Pereira<\/title>\n<meta name=\"robots\" content=\"index, follow, max-snippet:-1, max-image-preview:large, max-video-preview:-1\" \/>\n<link rel=\"canonical\" href=\"https:\/\/www.gaveanews.com\/index.php\/2024\/12\/30\/palmeiras-tem-data-para-definir-contratacao-de-andreas-pereira\/\" \/>\n<meta property=\"og:locale\" content=\"pt_BR\" \/>\n<meta property=\"og:type\" content=\"article\" \/>\n<meta property=\"og:title\" content=\"Palmeiras tem data para definir contrata\u00e7\u00e3o de Andreas Pereira\" \/>\n<meta property=\"og:description\" content=\"Diretoria corre contra o tempo O Palmeiras inicia a semana aguardando uma resposta do Fulham sobre a proposta enviada para a contrata\u00e7\u00e3o definitiva do meio-campista Andreas Pereira. A oferta apresentada \u00e9 de 20 milh\u00f5es de euros (aproximadamente R$ 127 milh\u00f5es), al\u00e9m de valores adicionais em b\u00f4nus, e foi feita ao clube ingl\u00eas no in\u00edcio da [&hellip;]\" \/>\n<meta property=\"og:url\" content=\"https:\/\/www.gaveanews.com\/index.php\/2024\/12\/30\/palmeiras-tem-data-para-definir-contratacao-de-andreas-pereira\/\" \/>\n<meta property=\"og:site_name\" content=\"G\u00e1vea News\" \/>\n<meta property=\"article:publisher\" content=\"https:\/\/facebook.com\/gaveaNews\/\" \/>\n<meta property=\"article:published_time\" content=\"2024-12-30T20:50:00+00:00\" \/>\n<meta property=\"og:image\" content=\"https:\/\/www.gaveanews.com\/wp-content\/uploads\/andreas-pereira-fulham-flamengo.webp\" \/>\n\t<meta property=\"og:image:width\" content=\"1024\" \/>\n\t<meta property=\"og:image:height\" content=\"683\" \/>\n\t<meta property=\"og:image:type\" content=\"image\/jpeg\" \/>\n<meta name=\"author\" content=\"D\u00e9bora Figueiredo\" \/>\n<meta name=\"twitter:card\" content=\"summary_large_image\" \/>\n<meta name=\"twitter:label1\" content=\"Escrito por\" \/>\n\t<meta name=\"twitter:data1\" content=\"D\u00e9bora Figueiredo\" \/>\n\t<meta name=\"twitter:label2\" content=\"Est. tempo de leitura\" \/>\n\t<meta name=\"twitter:data2\" content=\"3 minutos\" \/>\n<script type=\"application\/ld+json\" class=\"yoast-schema-graph\">{\"@context\":\"https:\/\/schema.org\",\"@graph\":[{\"@type\":\"NewsArticle\",\"@id\":\"https:\/\/www.gaveanews.com\/index.php\/2024\/12\/30\/palmeiras-tem-data-para-definir-contratacao-de-andreas-pereira\/#article\",\"isPartOf\":{\"@id\":\"https:\/\/www.gaveanews.com\/index.php\/2024\/12\/30\/palmeiras-tem-data-para-definir-contratacao-de-andreas-pereira\/\"},\"author\":{\"name\":\"D\u00e9bora Figueiredo\",\"@id\":\"https:\/\/www.gaveanews.com\/#\/schema\/person\/37122681a8575a5c8db05a56f099a5e4\"},\"headline\":\"Palmeiras tem data para definir contrata\u00e7\u00e3o de Andreas Pereira\",\"datePublished\":\"2024-12-30T20:50:00+00:00\",\"mainEntityOfPage\":{\"@id\":\"https:\/\/www.gaveanews.com\/index.php\/2024\/12\/30\/palmeiras-tem-data-para-definir-contratacao-de-andreas-pereira\/\"},\"wordCount\":398,\"commentCount\":0,\"image\":{\"@id\":\"https:\/\/www.gaveanews.com\/index.php\/2024\/12\/30\/palmeiras-tem-data-para-definir-contratacao-de-andreas-pereira\/#primaryimage\"},\"thumbnailUrl\":\"https:\/\/www.gaveanews.com\/wp-content\/uploads\/andreas-pereira-fulham-flamengo.webp\",\"articleSection\":[\"Palmeiras\"],\"inLanguage\":\"pt-BR\",\"potentialAction\":[{\"@type\":\"CommentAction\",\"name\":\"Comment\",\"target\":[\"https:\/\/www.gaveanews.com\/index.php\/2024\/12\/30\/palmeiras-tem-data-para-definir-contratacao-de-andreas-pereira\/#respond\"]}],\"copyrightYear\":\"2024\",\"copyrightHolder\":{\"@id\":\"https:\/\/www.gaveanews.com\/#organization\"}},{\"@type\":\"WebPage\",\"@id\":\"https:\/\/www.gaveanews.com\/index.php\/2024\/12\/30\/palmeiras-tem-data-para-definir-contratacao-de-andreas-pereira\/\",\"url\":\"https:\/\/www.gaveanews.com\/index.php\/2024\/12\/30\/palmeiras-tem-data-para-definir-contratacao-de-andreas-pereira\/\",\"name\":\"Palmeiras tem data para definir contrata\u00e7\u00e3o de Andreas Pereira\",\"isPartOf\":{\"@id\":\"https:\/\/www.gaveanews.com\/#website\"},\"primaryImageOfPage\":{\"@id\":\"https:\/\/www.gaveanews.com\/index.php\/2024\/12\/30\/palmeiras-tem-data-para-definir-contratacao-de-andreas-pereira\/#primaryimage\"},\"image\":{\"@id\":\"https:\/\/www.gaveanews.com\/index.php\/2024\/12\/30\/palmeiras-tem-data-para-definir-contratacao-de-andreas-pereira\/#primaryimage\"},\"thumbnailUrl\":\"https:\/\/www.gaveanews.com\/wp-content\/uploads\/andreas-pereira-fulham-flamengo.webp\",\"datePublished\":\"2024-12-30T20:50:00+00:00\",\"author\":{\"@id\":\"https:\/\/www.gaveanews.com\/#\/schema\/person\/37122681a8575a5c8db05a56f099a5e4\"},\"breadcrumb\":{\"@id\":\"https:\/\/www.gaveanews.com\/index.php\/2024\/12\/30\/palmeiras-tem-data-para-definir-contratacao-de-andreas-pereira\/#breadcrumb\"},\"inLanguage\":\"pt-BR\",\"potentialAction\":[{\"@type\":\"ReadAction\",\"target\":[\"https:\/\/www.gaveanews.com\/index.php\/2024\/12\/30\/palmeiras-tem-data-para-definir-contratacao-de-andreas-pereira\/\"]}]},{\"@type\":\"ImageObject\",\"inLanguage\":\"pt-BR\",\"@id\":\"https:\/\/www.gaveanews.com\/index.php\/2024\/12\/30\/palmeiras-tem-data-para-definir-contratacao-de-andreas-pereira\/#primaryimage\",\"url\":\"https:\/\/www.gaveanews.com\/wp-content\/uploads\/andreas-pereira-fulham-flamengo.webp\",\"contentUrl\":\"https:\/\/www.gaveanews.com\/wp-content\/uploads\/andreas-pereira-fulham-flamengo.webp\",\"width\":1024,\"height\":683,\"caption\":\"Andreas Pereira em a\u00e7\u00e3o pelo Fulham (Foto: Divulga\u00e7\u00e3o)\"},{\"@type\":\"BreadcrumbList\",\"@id\":\"https:\/\/www.gaveanews.com\/index.php\/2024\/12\/30\/palmeiras-tem-data-para-definir-contratacao-de-andreas-pereira\/#breadcrumb\",\"itemListElement\":[{\"@type\":\"ListItem\",\"position\":1,\"name\":\"Home\",\"item\":\"https:\/\/www.gaveanews.com\/\"},{\"@type\":\"ListItem\",\"position\":2,\"name\":\"Palmeiras tem data para definir contrata\u00e7\u00e3o de Andreas Pereira\"}]},{\"@type\":\"WebSite\",\"@id\":\"https:\/\/www.gaveanews.com\/#website\",\"url\":\"https:\/\/www.gaveanews.com\/\",\"name\":\"G\u00e1vea News\",\"description\":\"Veja todas as not\u00edcias sobre o Flamengo: Contrata\u00e7\u00f5es, categorias de base, resultados das partidas, tabela de classifica\u00e7\u00e3o, pr\u00f3ximos jogos!\",\"potentialAction\":[{\"@type\":\"SearchAction\",\"target\":{\"@type\":\"EntryPoint\",\"urlTemplate\":\"https:\/\/www.gaveanews.com\/?s={search_term_string}\"},\"query-input\":{\"@type\":\"PropertyValueSpecification\",\"valueRequired\":true,\"valueName\":\"search_term_string\"}}],\"inLanguage\":\"pt-BR\"},{\"@type\":\"Person\",\"@id\":\"https:\/\/www.gaveanews.com\/#\/schema\/person\/37122681a8575a5c8db05a56f099a5e4\",\"name\":\"D\u00e9bora Figueiredo\",\"image\":{\"@type\":\"ImageObject\",\"inLanguage\":\"pt-BR\",\"@id\":\"https:\/\/www.gaveanews.com\/#\/schema\/person\/image\/\",\"url\":\"https:\/\/secure.gravatar.com\/avatar\/1f44802859351588499d26f52aed1d15796ce17e67602895b72837c08018868d?s=96&d=mm&r=g\",\"contentUrl\":\"https:\/\/secure.gravatar.com\/avatar\/1f44802859351588499d26f52aed1d15796ce17e67602895b72837c08018868d?s=96&d=mm&r=g\",\"caption\":\"D\u00e9bora Figueiredo\"}}]}<\/script>\n<!-- \/ Yoast SEO Premium plugin. -->","yoast_head_json":{"title":"Palmeiras tem data para definir contrata\u00e7\u00e3o de Andreas Pereira","robots":{"index":"index","follow":"follow","max-snippet":"max-snippet:-1","max-image-preview":"max-image-preview:large","max-video-preview":"max-video-preview:-1"},"canonical":"https:\/\/www.gaveanews.com\/index.php\/2024\/12\/30\/palmeiras-tem-data-para-definir-contratacao-de-andreas-pereira\/","og_locale":"pt_BR","og_type":"article","og_title":"Palmeiras tem data para definir contrata\u00e7\u00e3o de Andreas Pereira","og_description":"Diretoria corre contra o tempo O Palmeiras inicia a semana aguardando uma resposta do Fulham sobre a proposta enviada para a contrata\u00e7\u00e3o definitiva do meio-campista Andreas Pereira. A oferta apresentada \u00e9 de 20 milh\u00f5es de euros (aproximadamente R$ 127 milh\u00f5es), al\u00e9m de valores adicionais em b\u00f4nus, e foi feita ao clube ingl\u00eas no in\u00edcio da [&hellip;]","og_url":"https:\/\/www.gaveanews.com\/index.php\/2024\/12\/30\/palmeiras-tem-data-para-definir-contratacao-de-andreas-pereira\/","og_site_name":"G\u00e1vea News","article_publisher":"https:\/\/facebook.com\/gaveaNews\/","article_published_time":"2024-12-30T20:50:00+00:00","og_image":[{"width":1024,"height":683,"url":"https:\/\/www.gaveanews.com\/wp-content\/uploads\/andreas-pereira-fulham-flamengo.webp","type":"image\/jpeg"}],"author":"D\u00e9bora Figueiredo","twitter_card":"summary_large_image","twitter_misc":{"Escrito por":"D\u00e9bora Figueiredo","Est. tempo de leitura":"3 minutos"},"schema":{"@context":"https:\/\/schema.org","@graph":[{"@type":"NewsArticle","@id":"https:\/\/www.gaveanews.com\/index.php\/2024\/12\/30\/palmeiras-tem-data-para-definir-contratacao-de-andreas-pereira\/#article","isPartOf":{"@id":"https:\/\/www.gaveanews.com\/index.php\/2024\/12\/30\/palmeiras-tem-data-para-definir-contratacao-de-andreas-pereira\/"},"author":{"name":"D\u00e9bora Figueiredo","@id":"https:\/\/www.gaveanews.com\/#\/schema\/person\/37122681a8575a5c8db05a56f099a5e4"},"headline":"Palmeiras tem data para definir contrata\u00e7\u00e3o de Andreas Pereira","datePublished":"2024-12-30T20:50:00+00:00","mainEntityOfPage":{"@id":"https:\/\/www.gaveanews.com\/index.php\/2024\/12\/30\/palmeiras-tem-data-para-definir-contratacao-de-andreas-pereira\/"},"wordCount":398,"commentCount":0,"image":{"@id":"https:\/\/www.gaveanews.com\/index.php\/2024\/12\/30\/palmeiras-tem-data-para-definir-contratacao-de-andreas-pereira\/#primaryimage"},"thumbnailUrl":"https:\/\/www.gaveanews.com\/wp-content\/uploads\/andreas-pereira-fulham-flamengo.webp","articleSection":["Palmeiras"],"inLanguage":"pt-BR","potentialAction":[{"@type":"CommentAction","name":"Comment","target":["https:\/\/www.gaveanews.com\/index.php\/2024\/12\/30\/palmeiras-tem-data-para-definir-contratacao-de-andreas-pereira\/#respond"]}],"copyrightYear":"2024","copyrightHolder":{"@id":"https:\/\/www.gaveanews.com\/#organization"}},{"@type":"WebPage","@id":"https:\/\/www.gaveanews.com\/index.php\/2024\/12\/30\/palmeiras-tem-data-para-definir-contratacao-de-andreas-pereira\/","url":"https:\/\/www.gaveanews.com\/index.php\/2024\/12\/30\/palmeiras-tem-data-para-definir-contratacao-de-andreas-pereira\/","name":"Palmeiras tem data para definir contrata\u00e7\u00e3o de Andreas Pereira","isPartOf":{"@id":"https:\/\/www.gaveanews.com\/#website"},"primaryImageOfPage":{"@id":"https:\/\/www.gaveanews.com\/index.php\/2024\/12\/30\/palmeiras-tem-data-para-definir-contratacao-de-andreas-pereira\/#primaryimage"},"image":{"@id":"https:\/\/www.gaveanews.com\/index.php\/2024\/12\/30\/palmeiras-tem-data-para-definir-contratacao-de-andreas-pereira\/#primaryimage"},"thumbnailUrl":"https:\/\/www.gaveanews.com\/wp-content\/uploads\/andreas-pereira-fulham-flamengo.webp","datePublished":"2024-12-30T20:50:00+00:00","author":{"@id":"https:\/\/www.gaveanews.com\/#\/schema\/person\/37122681a8575a5c8db05a56f099a5e4"},"breadcrumb":{"@id":"https:\/\/www.gaveanews.com\/index.php\/2024\/12\/30\/palmeiras-tem-data-para-definir-contratacao-de-andreas-pereira\/#breadcrumb"},"inLanguage":"pt-BR","potentialAction":[{"@type":"ReadAction","target":["https:\/\/www.gaveanews.com\/index.php\/2024\/12\/30\/palmeiras-tem-data-para-definir-contratacao-de-andreas-pereira\/"]}]},{"@type":"ImageObject","inLanguage":"pt-BR","@id":"https:\/\/www.gaveanews.com\/index.php\/2024\/12\/30\/palmeiras-tem-data-para-definir-contratacao-de-andreas-pereira\/#primaryimage","url":"https:\/\/www.gaveanews.com\/wp-content\/uploads\/andreas-pereira-fulham-flamengo.webp","contentUrl":"https:\/\/www.gaveanews.com\/wp-content\/uploads\/andreas-pereira-fulham-flamengo.webp","width":1024,"height":683,"caption":"Andreas Pereira em a\u00e7\u00e3o pelo Fulham (Foto: Divulga\u00e7\u00e3o)"},{"@type":"BreadcrumbList","@id":"https:\/\/www.gaveanews.com\/index.php\/2024\/12\/30\/palmeiras-tem-data-para-definir-contratacao-de-andreas-pereira\/#breadcrumb","itemListElement":[{"@type":"ListItem","position":1,"name":"Home","item":"https:\/\/www.gaveanews.com\/"},{"@type":"ListItem","position":2,"name":"Palmeiras tem data para definir contrata\u00e7\u00e3o de Andreas Pereira"}]},{"@type":"WebSite","@id":"https:\/\/www.gaveanews.com\/#website","url":"https:\/\/www.gaveanews.com\/","name":"G\u00e1vea News","description":"Veja todas as not\u00edcias sobre o Flamengo: Contrata\u00e7\u00f5es, categorias de base, resultados das partidas, tabela de classifica\u00e7\u00e3o, pr\u00f3ximos jogos!","potentialAction":[{"@type":"SearchAction","target":{"@type":"EntryPoint","urlTemplate":"https:\/\/www.gaveanews.com\/?s={search_term_string}"},"query-input":{"@type":"PropertyValueSpecification","valueRequired":true,"valueName":"search_term_string"}}],"inLanguage":"pt-BR"},{"@type":"Person","@id":"https:\/\/www.gaveanews.com\/#\/schema\/person\/37122681a8575a5c8db05a56f099a5e4","name":"D\u00e9bora Figueiredo","image":{"@type":"ImageObject","inLanguage":"pt-BR","@id":"https:\/\/www.gaveanews.com\/#\/schema\/person\/image\/","url":"https:\/\/secure.gravatar.com\/avatar\/1f44802859351588499d26f52aed1d15796ce17e67602895b72837c08018868d?s=96&d=mm&r=g","contentUrl":"https:\/\/secure.gravatar.com\/avatar\/1f44802859351588499d26f52aed1d15796ce17e67602895b72837c08018868d?s=96&d=mm&r=g","caption":"D\u00e9bora Figueiredo"}}]}},"_links":{"self":[{"href":"https:\/\/www.gaveanews.com\/index.php\/wp-json\/wp\/v2\/posts\/205522","targetHints":{"allow":["GET"]}}],"collection":[{"href":"https:\/\/www.gaveanews.com\/index.php\/wp-json\/wp\/v2\/posts"}],"about":[{"href":"https:\/\/www.gaveanews.com\/index.php\/wp-json\/wp\/v2\/types\/post"}],"author":[{"embeddable":true,"href":"https:\/\/www.gaveanews.com\/index.php\/wp-json\/wp\/v2\/users\/16"}],"replies":[{"embeddable":true,"href":"https:\/\/www.gaveanews.com\/index.php\/wp-json\/wp\/v2\/comments?post=205522"}],"version-history":[{"count":1,"href":"https:\/\/www.gaveanews.com\/index.php\/wp-json\/wp\/v2\/posts\/205522\/revisions"}],"predecessor-version":[{"id":205527,"href":"https:\/\/www.gaveanews.com\/index.php\/wp-json\/wp\/v2\/posts\/205522\/revisions\/205527"}],"wp:featuredmedia":[{"embeddable":true,"href":"https:\/\/www.gaveanews.com\/index.php\/wp-json\/wp\/v2\/media\/95985"}],"wp:attachment":[{"href":"https:\/\/www.gaveanews.com\/index.php\/wp-json\/wp\/v2\/media?parent=205522"}],"wp:term":[{"taxonomy":"category","embeddable":true,"href":"https:\/\/www.gaveanews.com\/index.php\/wp-json\/wp\/v2\/categories?post=205522"},{"taxonomy":"post_tag","embeddable":true,"href":"https:\/\/www.gaveanews.com\/index.php\/wp-json\/wp\/v2\/tags?post=205522"}],"curies":[{"name":"wp","href":"https:\/\/api.w.org\/{rel}","templated":true}]}}