{"id":205534,"date":"2024-12-30T18:15:00","date_gmt":"2024-12-30T21:15:00","guid":{"rendered":"https:\/\/www.gaveanews.com\/?p=205534"},"modified":"2024-12-30T17:39:47","modified_gmt":"2024-12-30T20:39:47","slug":"a-declaracao-de-galvao-bueno-direcionada-a-rede-globo","status":"publish","type":"post","link":"https:\/\/www.gaveanews.com\/index.php\/2024\/12\/30\/a-declaracao-de-galvao-bueno-direcionada-a-rede-globo\/","title":{"rendered":"A declara\u00e7\u00e3o de Galv\u00e3o Bueno direcionada a Rede Globo"},"content":{"rendered":"\n<p>Galv\u00e3o Bueno concluiu sua trajet\u00f3ria na TV Globo. O narrador participou do reality show Craque da Voz, cujo epis\u00f3dio final foi exibido no Esporte Espetacular, no \u00faltimo domingo (29). O programa elegeu Leandro Chaves como o novo integrante da emissora.<\/p>\n\n\n\n<ul class=\"wp-block-list\">\n<li><a href=\"https:\/\/www.gaveanews.com\/index.php\/2024\/12\/28\/walter-casagrande-aponta-time-que-nao-e-relevante-para-a-rede-globo\/\">Walter Casagrande aponta time que n\u00e3o \u00e9 relevante para a Rede Globo<\/a><\/li>\n\n\n\n<li><a href=\"https:\/\/www.gaveanews.com\/index.php\/2024\/12\/24\/ele-era-desejado-pela-band-mas-vai-permanecer-na-rede-globo\/\">Ele era desejado pela Band, mas vai permanecer na Rede Globo<\/a><\/li>\n<\/ul>\n\n\n\n<p>Al\u00e9m disso, Galv\u00e3o Bueno confirmou, por meio das redes sociais, o encerramento de seu contrato com a Globo. A parceria entre o narrador e a emissora durou mais de quatro d\u00e9cadas.<\/p>\n\n\n\n<p>A princ\u00edpio, o narrador iniciou seu trabalho na TV Globo em 1981. Contudo, houve um breve intervalo entre 1992 e 1993, per\u00edodo em que trabalhou na extinta Rede OM. Posteriormente, ele retornou \u00e0 Globo. <\/p>\n\n\n\n<p>Nesse sentido, ele expressou gratid\u00e3o pelo apoio do p\u00fablico brasileiro durante sua carreira. \u201cE com esse programa se encerra minha parceria com a Globo, depois de 43 anos\u201d,\u00a0declarou. \u201cObrigado a todos voc\u00eas, muitos milh\u00f5es de amigos brasileiros que sempre estiveram comigo!\u201d, acrescentou. <\/p>\n\n\n\n<h2 class=\"wp-block-heading\" id=\"h-novo-contrato-com-a-amazon-prime-video\">Novo contrato com a Amazon Prime Video<\/h2>\n\n\n\n<p>Al\u00e9m disso, Galv\u00e3o Bueno anunciou novos projetos para 2025. Apesar dos rumores sobre um poss\u00edvel retorno \u00e0 Band, o narrador confirmou que continuar\u00e1 trabalhando. Ele informou que o ano de 2025 trar\u00e1 novidades para sua carreira.<\/p>\n\n\n\n<p>Em entrevista recente \u00e0 R\u00e1dio Charrua, no Rio Grande do Sul, o narrador revelou a assinatura de um contrato com a Amazon Prime Video. Consequentemente, ele narrar\u00e1 partidas do Brasileir\u00e3o e da Copa do Brasil no servi\u00e7o de streaming.<\/p>\n\n\n\n<h2 class=\"wp-block-heading\" id=\"h-negociacoes-em-andamento-com-a-band\">Negocia\u00e7\u00f5es em andamento com a Band<\/h2>\n\n\n\n<p>Sobre a possibilidade de voltar \u00e0 Band, o comunicador confirmou o andamento das negocia\u00e7\u00f5es. Ele declarou que as conversas est\u00e3o avan\u00e7adas. No entanto, os detalhes sobre sua atua\u00e7\u00e3o ainda est\u00e3o sendo definidos.<\/p>\n\n\n\n<p>Entretanto, informa\u00e7\u00f5es de bastidores sugerem que Galv\u00e3o pode integrar as transmiss\u00f5es de F\u00f3rmula 1 na Band, na fun\u00e7\u00e3o de narrador, conforme o jornalista Fl\u00e1vio Ricco. Por outro lado, o portal &#8216;Motorsport&#8217; que ele apresentaria um programa esportivo, semelhante ao antigo Bem, Amigos!, com o apoio de uma casa de apostas.<\/p>\n\n\n\n<p>\u00c9 v\u00e1lido lembrar que a \u00faltima narra\u00e7\u00e3o de Galv\u00e3o Bueno pela Globo ocorreu na final da Copa do Mundo de 2022, no Catar. O jogo entre Argentina e Fran\u00e7a, com vit\u00f3ria da Argentina, marcou o fim de um per\u00edodo na emissora.<\/p>\n","protected":false},"excerpt":{"rendered":"<p>Galv\u00e3o Bueno concluiu sua trajet\u00f3ria na TV Globo. O narrador participou do reality show Craque da Voz, cujo epis\u00f3dio final foi exibido no Esporte Espetacular, no \u00faltimo domingo (29). O programa elegeu Leandro Chaves como o novo integrante da emissora. Al\u00e9m disso, Galv\u00e3o Bueno confirmou, por meio das redes sociais, o encerramento de seu contrato [&hellip;]<\/p>\n","protected":false},"author":28,"featured_media":47962,"comment_status":"open","ping_status":"closed","sticky":false,"template":"","format":"standard","meta":{"footnotes":""},"categories":[433],"tags":[],"class_list":["post-205534","post","type-post","status-publish","format-standard","has-post-thumbnail","hentry","category-entretenimento"],"yoast_head":"<!-- This site is optimized with the Yoast SEO Premium plugin v24.2 (Yoast SEO v26.9) - https:\/\/yoast.com\/product\/yoast-seo-premium-wordpress\/ -->\n<title>A declara\u00e7\u00e3o de Galv\u00e3o Bueno direcionada a Rede Globo<\/title>\n<meta name=\"robots\" content=\"index, follow, max-snippet:-1, max-image-preview:large, max-video-preview:-1\" \/>\n<link rel=\"canonical\" href=\"https:\/\/www.gaveanews.com\/index.php\/2024\/12\/30\/a-declaracao-de-galvao-bueno-direcionada-a-rede-globo\/\" \/>\n<meta property=\"og:locale\" content=\"pt_BR\" \/>\n<meta property=\"og:type\" content=\"article\" \/>\n<meta property=\"og:title\" content=\"A declara\u00e7\u00e3o de Galv\u00e3o Bueno direcionada a Rede Globo\" \/>\n<meta property=\"og:description\" content=\"Galv\u00e3o Bueno concluiu sua trajet\u00f3ria na TV Globo. O narrador participou do reality show Craque da Voz, cujo epis\u00f3dio final foi exibido no Esporte Espetacular, no \u00faltimo domingo (29). O programa elegeu Leandro Chaves como o novo integrante da emissora. Al\u00e9m disso, Galv\u00e3o Bueno confirmou, por meio das redes sociais, o encerramento de seu contrato [&hellip;]\" \/>\n<meta property=\"og:url\" content=\"https:\/\/www.gaveanews.com\/index.php\/2024\/12\/30\/a-declaracao-de-galvao-bueno-direcionada-a-rede-globo\/\" \/>\n<meta property=\"og:site_name\" content=\"G\u00e1vea News\" \/>\n<meta property=\"article:publisher\" content=\"https:\/\/facebook.com\/gaveaNews\/\" \/>\n<meta property=\"article:published_time\" content=\"2024-12-30T21:15:00+00:00\" \/>\n<meta property=\"og:image\" content=\"https:\/\/www.gaveanews.com\/wp-content\/uploads\/Galvao-Bueno-com-o-terno-da-Rede-Globo-e-da-SporTV.webp\" \/>\n\t<meta property=\"og:image:width\" content=\"1200\" \/>\n\t<meta property=\"og:image:height\" content=\"912\" \/>\n\t<meta property=\"og:image:type\" content=\"image\/jpeg\" \/>\n<meta name=\"author\" content=\"Hudson Pereira\" \/>\n<meta name=\"twitter:card\" content=\"summary_large_image\" \/>\n<meta name=\"twitter:label1\" content=\"Escrito por\" \/>\n\t<meta name=\"twitter:data1\" content=\"Hudson Pereira\" \/>\n\t<meta name=\"twitter:label2\" content=\"Est. tempo de leitura\" \/>\n\t<meta name=\"twitter:data2\" content=\"3 minutos\" \/>\n<script type=\"application\/ld+json\" class=\"yoast-schema-graph\">{\"@context\":\"https:\/\/schema.org\",\"@graph\":[{\"@type\":\"NewsArticle\",\"@id\":\"https:\/\/www.gaveanews.com\/index.php\/2024\/12\/30\/a-declaracao-de-galvao-bueno-direcionada-a-rede-globo\/#article\",\"isPartOf\":{\"@id\":\"https:\/\/www.gaveanews.com\/index.php\/2024\/12\/30\/a-declaracao-de-galvao-bueno-direcionada-a-rede-globo\/\"},\"author\":{\"name\":\"Hudson Pereira\",\"@id\":\"https:\/\/www.gaveanews.com\/#\/schema\/person\/bd08f00534b403119b92741a6d469ef0\"},\"headline\":\"A declara\u00e7\u00e3o de Galv\u00e3o Bueno direcionada a Rede Globo\",\"datePublished\":\"2024-12-30T21:15:00+00:00\",\"mainEntityOfPage\":{\"@id\":\"https:\/\/www.gaveanews.com\/index.php\/2024\/12\/30\/a-declaracao-de-galvao-bueno-direcionada-a-rede-globo\/\"},\"wordCount\":415,\"commentCount\":0,\"image\":{\"@id\":\"https:\/\/www.gaveanews.com\/index.php\/2024\/12\/30\/a-declaracao-de-galvao-bueno-direcionada-a-rede-globo\/#primaryimage\"},\"thumbnailUrl\":\"https:\/\/www.gaveanews.com\/wp-content\/uploads\/Galvao-Bueno-com-o-terno-da-Rede-Globo-e-da-SporTV.webp\",\"articleSection\":[\"Entretenimento\"],\"inLanguage\":\"pt-BR\",\"potentialAction\":[{\"@type\":\"CommentAction\",\"name\":\"Comment\",\"target\":[\"https:\/\/www.gaveanews.com\/index.php\/2024\/12\/30\/a-declaracao-de-galvao-bueno-direcionada-a-rede-globo\/#respond\"]}],\"copyrightYear\":\"2024\",\"copyrightHolder\":{\"@id\":\"https:\/\/www.gaveanews.com\/#organization\"}},{\"@type\":\"WebPage\",\"@id\":\"https:\/\/www.gaveanews.com\/index.php\/2024\/12\/30\/a-declaracao-de-galvao-bueno-direcionada-a-rede-globo\/\",\"url\":\"https:\/\/www.gaveanews.com\/index.php\/2024\/12\/30\/a-declaracao-de-galvao-bueno-direcionada-a-rede-globo\/\",\"name\":\"A declara\u00e7\u00e3o de Galv\u00e3o Bueno direcionada a Rede Globo\",\"isPartOf\":{\"@id\":\"https:\/\/www.gaveanews.com\/#website\"},\"primaryImageOfPage\":{\"@id\":\"https:\/\/www.gaveanews.com\/index.php\/2024\/12\/30\/a-declaracao-de-galvao-bueno-direcionada-a-rede-globo\/#primaryimage\"},\"image\":{\"@id\":\"https:\/\/www.gaveanews.com\/index.php\/2024\/12\/30\/a-declaracao-de-galvao-bueno-direcionada-a-rede-globo\/#primaryimage\"},\"thumbnailUrl\":\"https:\/\/www.gaveanews.com\/wp-content\/uploads\/Galvao-Bueno-com-o-terno-da-Rede-Globo-e-da-SporTV.webp\",\"datePublished\":\"2024-12-30T21:15:00+00:00\",\"author\":{\"@id\":\"https:\/\/www.gaveanews.com\/#\/schema\/person\/bd08f00534b403119b92741a6d469ef0\"},\"breadcrumb\":{\"@id\":\"https:\/\/www.gaveanews.com\/index.php\/2024\/12\/30\/a-declaracao-de-galvao-bueno-direcionada-a-rede-globo\/#breadcrumb\"},\"inLanguage\":\"pt-BR\",\"potentialAction\":[{\"@type\":\"ReadAction\",\"target\":[\"https:\/\/www.gaveanews.com\/index.php\/2024\/12\/30\/a-declaracao-de-galvao-bueno-direcionada-a-rede-globo\/\"]}]},{\"@type\":\"ImageObject\",\"inLanguage\":\"pt-BR\",\"@id\":\"https:\/\/www.gaveanews.com\/index.php\/2024\/12\/30\/a-declaracao-de-galvao-bueno-direcionada-a-rede-globo\/#primaryimage\",\"url\":\"https:\/\/www.gaveanews.com\/wp-content\/uploads\/Galvao-Bueno-com-o-terno-da-Rede-Globo-e-da-SporTV.webp\",\"contentUrl\":\"https:\/\/www.gaveanews.com\/wp-content\/uploads\/Galvao-Bueno-com-o-terno-da-Rede-Globo-e-da-SporTV.webp\",\"width\":1200,\"height\":912,\"caption\":\"Galv\u00e3o Bueno com o terno da Rede Globo e da SporTV (Foto: Divulga\u00e7\u00e3o)\"},{\"@type\":\"BreadcrumbList\",\"@id\":\"https:\/\/www.gaveanews.com\/index.php\/2024\/12\/30\/a-declaracao-de-galvao-bueno-direcionada-a-rede-globo\/#breadcrumb\",\"itemListElement\":[{\"@type\":\"ListItem\",\"position\":1,\"name\":\"Home\",\"item\":\"https:\/\/www.gaveanews.com\/\"},{\"@type\":\"ListItem\",\"position\":2,\"name\":\"A declara\u00e7\u00e3o de Galv\u00e3o Bueno direcionada a Rede Globo\"}]},{\"@type\":\"WebSite\",\"@id\":\"https:\/\/www.gaveanews.com\/#website\",\"url\":\"https:\/\/www.gaveanews.com\/\",\"name\":\"G\u00e1vea News\",\"description\":\"Veja todas as not\u00edcias sobre o Flamengo: Contrata\u00e7\u00f5es, categorias de base, resultados das partidas, tabela de classifica\u00e7\u00e3o, pr\u00f3ximos jogos!\",\"potentialAction\":[{\"@type\":\"SearchAction\",\"target\":{\"@type\":\"EntryPoint\",\"urlTemplate\":\"https:\/\/www.gaveanews.com\/?s={search_term_string}\"},\"query-input\":{\"@type\":\"PropertyValueSpecification\",\"valueRequired\":true,\"valueName\":\"search_term_string\"}}],\"inLanguage\":\"pt-BR\"},{\"@type\":\"Person\",\"@id\":\"https:\/\/www.gaveanews.com\/#\/schema\/person\/bd08f00534b403119b92741a6d469ef0\",\"name\":\"Hudson Pereira\",\"image\":{\"@type\":\"ImageObject\",\"inLanguage\":\"pt-BR\",\"@id\":\"https:\/\/www.gaveanews.com\/#\/schema\/person\/image\/\",\"url\":\"https:\/\/secure.gravatar.com\/avatar\/ecc491b489e454e510efffc9b23c1052ce5fb4f2e05555768ba65819cd55f03e?s=96&d=mm&r=g\",\"contentUrl\":\"https:\/\/secure.gravatar.com\/avatar\/ecc491b489e454e510efffc9b23c1052ce5fb4f2e05555768ba65819cd55f03e?s=96&d=mm&r=g\",\"caption\":\"Hudson Pereira\"}}]}<\/script>\n<!-- \/ Yoast SEO Premium plugin. -->","yoast_head_json":{"title":"A declara\u00e7\u00e3o de Galv\u00e3o Bueno direcionada a Rede Globo","robots":{"index":"index","follow":"follow","max-snippet":"max-snippet:-1","max-image-preview":"max-image-preview:large","max-video-preview":"max-video-preview:-1"},"canonical":"https:\/\/www.gaveanews.com\/index.php\/2024\/12\/30\/a-declaracao-de-galvao-bueno-direcionada-a-rede-globo\/","og_locale":"pt_BR","og_type":"article","og_title":"A declara\u00e7\u00e3o de Galv\u00e3o Bueno direcionada a Rede Globo","og_description":"Galv\u00e3o Bueno concluiu sua trajet\u00f3ria na TV Globo. O narrador participou do reality show Craque da Voz, cujo epis\u00f3dio final foi exibido no Esporte Espetacular, no \u00faltimo domingo (29). O programa elegeu Leandro Chaves como o novo integrante da emissora. Al\u00e9m disso, Galv\u00e3o Bueno confirmou, por meio das redes sociais, o encerramento de seu contrato [&hellip;]","og_url":"https:\/\/www.gaveanews.com\/index.php\/2024\/12\/30\/a-declaracao-de-galvao-bueno-direcionada-a-rede-globo\/","og_site_name":"G\u00e1vea News","article_publisher":"https:\/\/facebook.com\/gaveaNews\/","article_published_time":"2024-12-30T21:15:00+00:00","og_image":[{"width":1200,"height":912,"url":"https:\/\/www.gaveanews.com\/wp-content\/uploads\/Galvao-Bueno-com-o-terno-da-Rede-Globo-e-da-SporTV.webp","type":"image\/jpeg"}],"author":"Hudson Pereira","twitter_card":"summary_large_image","twitter_misc":{"Escrito por":"Hudson Pereira","Est. tempo de leitura":"3 minutos"},"schema":{"@context":"https:\/\/schema.org","@graph":[{"@type":"NewsArticle","@id":"https:\/\/www.gaveanews.com\/index.php\/2024\/12\/30\/a-declaracao-de-galvao-bueno-direcionada-a-rede-globo\/#article","isPartOf":{"@id":"https:\/\/www.gaveanews.com\/index.php\/2024\/12\/30\/a-declaracao-de-galvao-bueno-direcionada-a-rede-globo\/"},"author":{"name":"Hudson Pereira","@id":"https:\/\/www.gaveanews.com\/#\/schema\/person\/bd08f00534b403119b92741a6d469ef0"},"headline":"A declara\u00e7\u00e3o de Galv\u00e3o Bueno direcionada a Rede Globo","datePublished":"2024-12-30T21:15:00+00:00","mainEntityOfPage":{"@id":"https:\/\/www.gaveanews.com\/index.php\/2024\/12\/30\/a-declaracao-de-galvao-bueno-direcionada-a-rede-globo\/"},"wordCount":415,"commentCount":0,"image":{"@id":"https:\/\/www.gaveanews.com\/index.php\/2024\/12\/30\/a-declaracao-de-galvao-bueno-direcionada-a-rede-globo\/#primaryimage"},"thumbnailUrl":"https:\/\/www.gaveanews.com\/wp-content\/uploads\/Galvao-Bueno-com-o-terno-da-Rede-Globo-e-da-SporTV.webp","articleSection":["Entretenimento"],"inLanguage":"pt-BR","potentialAction":[{"@type":"CommentAction","name":"Comment","target":["https:\/\/www.gaveanews.com\/index.php\/2024\/12\/30\/a-declaracao-de-galvao-bueno-direcionada-a-rede-globo\/#respond"]}],"copyrightYear":"2024","copyrightHolder":{"@id":"https:\/\/www.gaveanews.com\/#organization"}},{"@type":"WebPage","@id":"https:\/\/www.gaveanews.com\/index.php\/2024\/12\/30\/a-declaracao-de-galvao-bueno-direcionada-a-rede-globo\/","url":"https:\/\/www.gaveanews.com\/index.php\/2024\/12\/30\/a-declaracao-de-galvao-bueno-direcionada-a-rede-globo\/","name":"A declara\u00e7\u00e3o de Galv\u00e3o Bueno direcionada a Rede Globo","isPartOf":{"@id":"https:\/\/www.gaveanews.com\/#website"},"primaryImageOfPage":{"@id":"https:\/\/www.gaveanews.com\/index.php\/2024\/12\/30\/a-declaracao-de-galvao-bueno-direcionada-a-rede-globo\/#primaryimage"},"image":{"@id":"https:\/\/www.gaveanews.com\/index.php\/2024\/12\/30\/a-declaracao-de-galvao-bueno-direcionada-a-rede-globo\/#primaryimage"},"thumbnailUrl":"https:\/\/www.gaveanews.com\/wp-content\/uploads\/Galvao-Bueno-com-o-terno-da-Rede-Globo-e-da-SporTV.webp","datePublished":"2024-12-30T21:15:00+00:00","author":{"@id":"https:\/\/www.gaveanews.com\/#\/schema\/person\/bd08f00534b403119b92741a6d469ef0"},"breadcrumb":{"@id":"https:\/\/www.gaveanews.com\/index.php\/2024\/12\/30\/a-declaracao-de-galvao-bueno-direcionada-a-rede-globo\/#breadcrumb"},"inLanguage":"pt-BR","potentialAction":[{"@type":"ReadAction","target":["https:\/\/www.gaveanews.com\/index.php\/2024\/12\/30\/a-declaracao-de-galvao-bueno-direcionada-a-rede-globo\/"]}]},{"@type":"ImageObject","inLanguage":"pt-BR","@id":"https:\/\/www.gaveanews.com\/index.php\/2024\/12\/30\/a-declaracao-de-galvao-bueno-direcionada-a-rede-globo\/#primaryimage","url":"https:\/\/www.gaveanews.com\/wp-content\/uploads\/Galvao-Bueno-com-o-terno-da-Rede-Globo-e-da-SporTV.webp","contentUrl":"https:\/\/www.gaveanews.com\/wp-content\/uploads\/Galvao-Bueno-com-o-terno-da-Rede-Globo-e-da-SporTV.webp","width":1200,"height":912,"caption":"Galv\u00e3o Bueno com o terno da Rede Globo e da SporTV (Foto: Divulga\u00e7\u00e3o)"},{"@type":"BreadcrumbList","@id":"https:\/\/www.gaveanews.com\/index.php\/2024\/12\/30\/a-declaracao-de-galvao-bueno-direcionada-a-rede-globo\/#breadcrumb","itemListElement":[{"@type":"ListItem","position":1,"name":"Home","item":"https:\/\/www.gaveanews.com\/"},{"@type":"ListItem","position":2,"name":"A declara\u00e7\u00e3o de Galv\u00e3o Bueno direcionada a Rede Globo"}]},{"@type":"WebSite","@id":"https:\/\/www.gaveanews.com\/#website","url":"https:\/\/www.gaveanews.com\/","name":"G\u00e1vea News","description":"Veja todas as not\u00edcias sobre o Flamengo: Contrata\u00e7\u00f5es, categorias de base, resultados das partidas, tabela de classifica\u00e7\u00e3o, pr\u00f3ximos jogos!","potentialAction":[{"@type":"SearchAction","target":{"@type":"EntryPoint","urlTemplate":"https:\/\/www.gaveanews.com\/?s={search_term_string}"},"query-input":{"@type":"PropertyValueSpecification","valueRequired":true,"valueName":"search_term_string"}}],"inLanguage":"pt-BR"},{"@type":"Person","@id":"https:\/\/www.gaveanews.com\/#\/schema\/person\/bd08f00534b403119b92741a6d469ef0","name":"Hudson Pereira","image":{"@type":"ImageObject","inLanguage":"pt-BR","@id":"https:\/\/www.gaveanews.com\/#\/schema\/person\/image\/","url":"https:\/\/secure.gravatar.com\/avatar\/ecc491b489e454e510efffc9b23c1052ce5fb4f2e05555768ba65819cd55f03e?s=96&d=mm&r=g","contentUrl":"https:\/\/secure.gravatar.com\/avatar\/ecc491b489e454e510efffc9b23c1052ce5fb4f2e05555768ba65819cd55f03e?s=96&d=mm&r=g","caption":"Hudson Pereira"}}]}},"_links":{"self":[{"href":"https:\/\/www.gaveanews.com\/index.php\/wp-json\/wp\/v2\/posts\/205534","targetHints":{"allow":["GET"]}}],"collection":[{"href":"https:\/\/www.gaveanews.com\/index.php\/wp-json\/wp\/v2\/posts"}],"about":[{"href":"https:\/\/www.gaveanews.com\/index.php\/wp-json\/wp\/v2\/types\/post"}],"author":[{"embeddable":true,"href":"https:\/\/www.gaveanews.com\/index.php\/wp-json\/wp\/v2\/users\/28"}],"replies":[{"embeddable":true,"href":"https:\/\/www.gaveanews.com\/index.php\/wp-json\/wp\/v2\/comments?post=205534"}],"version-history":[{"count":2,"href":"https:\/\/www.gaveanews.com\/index.php\/wp-json\/wp\/v2\/posts\/205534\/revisions"}],"predecessor-version":[{"id":205543,"href":"https:\/\/www.gaveanews.com\/index.php\/wp-json\/wp\/v2\/posts\/205534\/revisions\/205543"}],"wp:featuredmedia":[{"embeddable":true,"href":"https:\/\/www.gaveanews.com\/index.php\/wp-json\/wp\/v2\/media\/47962"}],"wp:attachment":[{"href":"https:\/\/www.gaveanews.com\/index.php\/wp-json\/wp\/v2\/media?parent=205534"}],"wp:term":[{"taxonomy":"category","embeddable":true,"href":"https:\/\/www.gaveanews.com\/index.php\/wp-json\/wp\/v2\/categories?post=205534"},{"taxonomy":"post_tag","embeddable":true,"href":"https:\/\/www.gaveanews.com\/index.php\/wp-json\/wp\/v2\/tags?post=205534"}],"curies":[{"name":"wp","href":"https:\/\/api.w.org\/{rel}","templated":true}]}}