{"id":205557,"date":"2024-12-30T18:20:00","date_gmt":"2024-12-30T21:20:00","guid":{"rendered":"https:\/\/www.gaveanews.com\/?p=205557"},"modified":"2024-12-30T17:40:14","modified_gmt":"2024-12-30T20:40:14","slug":"reviravolta-no-futuro-de-alan-franco-do-atletico-mg","status":"publish","type":"post","link":"https:\/\/www.gaveanews.com\/index.php\/2024\/12\/30\/reviravolta-no-futuro-de-alan-franco-do-atletico-mg\/","title":{"rendered":"Reviravolta no futuro de Alan Franco, do Atl\u00e9tico-MG"},"content":{"rendered":"\n<p>\u00c0 v\u00e9spera do ano novo, o Atl\u00e9tico-MG fez um an\u00fancio importante para 2025: Cuca ser\u00e1 o novo treinador da equipe. Com isso, as aten\u00e7\u00f5es agora se voltam para as defini\u00e7\u00f5es do elenco, e um dos jogadores que est\u00e1 no centro das especula\u00e7\u00f5es \u00e9 o volante Alan Franco.&nbsp;<\/p>\n\n\n\n<ul class=\"wp-block-list\">\n<li><a href=\"https:\/\/www.gaveanews.com\/index.php\/2024\/12\/29\/goleiro-da-adeus-ao-atletico-mg\/\">Goleiro d\u00e1 adeus ao Atl\u00e9tico-MG<\/a><\/li>\n\n\n\n<li><a href=\"https:\/\/www.gaveanews.com\/index.php\/2024\/12\/30\/atletico-mg-encaminha-acerto-com-novo-treinador\/\">Atl\u00e9tico-MG encaminha acerto com novo treinador<\/a><\/li>\n<\/ul>\n\n\n\n<p>O futuro do meio-campista ainda est\u00e1 em aberto, gerando bastante movimenta\u00e7\u00e3o no mercado.<\/p>\n\n\n\n<h2 class=\"wp-block-heading\" id=\"h-a-negociacao-com-o-tigres-e-a-possivel-desistencia\">A negocia\u00e7\u00e3o com o Tigres e a poss\u00edvel desist\u00eancia<\/h2>\n\n\n\n<p>De acordo com informa\u00e7\u00f5es do site RTI Esporte, Alan Franco tinha um acordo verbal para se transferir ao Tigres, do M\u00e9xico. No entanto, quest\u00f5es relacionadas \u00e0 bonifica\u00e7\u00e3o exigida pelo Galo para concluir a negocia\u00e7\u00e3o acabaram dificultando o fechamento da transa\u00e7\u00e3o.&nbsp;<\/p>\n\n\n\n<p>Isso porque o clube mineiro busca garantir um valor mais alto, o que fez com que o acordo fosse adiado. Sendo assim, a negocia\u00e7\u00e3o esfriou, e o Tigres est\u00e1 cogitando desistir da contrata\u00e7\u00e3o de Franco.<\/p>\n\n\n\n<p>Al\u00e9m disso, outras equipes brasileiras tamb\u00e9m t\u00eam mostrado interesse no volante. Bahia, Corinthians, Cruzeiro, Internacional e Santos foram mencionados como clubes que sondaram a situa\u00e7\u00e3o de Franco. No entanto, at\u00e9 o momento, nenhuma dessas equipes avan\u00e7ou de fato nas negocia\u00e7\u00f5es.<\/p>\n\n\n\n<h2 class=\"wp-block-heading\" id=\"h-a-trajetoria-recente-de-alan-franco-no-atletico-mg\">A trajet\u00f3ria recente de Alan Franco no Atl\u00e9tico-MG<\/h2>\n\n\n\n<p>Vale destacar que Alan Franco est\u00e1 em sua segunda passagem pelo Atl\u00e9tico-MG, e seu desempenho tem sido bem mais expressivo do que na primeira. Entre 2020 e 2021, seu rendimento n\u00e3o agradou, mas ap\u00f3s empr\u00e9stimos para Charlotte FC (dos Estados Unidos) e Talleres (da Argentina), o jogador se firmou no elenco.&nbsp;<\/p>\n\n\n\n<p>Nesta temporada, Franco disputou 51 partidas, acumulando 3.787 minutos em campo. Al\u00e9m disso, ele tamb\u00e9m tem sido uma pe\u00e7a importante para a sele\u00e7\u00e3o do Equador, com 14 apari\u00e7\u00f5es nas convoca\u00e7\u00f5es da equipe.<\/p>\n\n\n\n<h2 class=\"wp-block-heading\" id=\"h-o-que-esperar-do-futuro-de-alan-franco\">O que esperar do futuro de Alan Franco?<\/h2>\n\n\n\n<p>Com Cuca de volta ao comando do Atl\u00e9tico-MG, \u00e9 poss\u00edvel que o novo treinador traga mudan\u00e7as no esquema t\u00e1tico e no estilo de jogo, o que pode impactar diretamente o futuro de Alan Franco no clube.&nbsp;<\/p>\n\n\n\n<p>Se a negocia\u00e7\u00e3o com o Tigres n\u00e3o evoluir, a perman\u00eancia do jogador no Galo ainda \u00e9 uma possibilidade.<\/p>\n","protected":false},"excerpt":{"rendered":"<p>\u00c0 v\u00e9spera do ano novo, o Atl\u00e9tico-MG fez um an\u00fancio importante para 2025: Cuca ser\u00e1 o novo treinador da equipe. Com isso, as aten\u00e7\u00f5es agora se voltam para as defini\u00e7\u00f5es do elenco, e um dos jogadores que est\u00e1 no centro das especula\u00e7\u00f5es \u00e9 o volante Alan Franco.&nbsp; O futuro do meio-campista ainda est\u00e1 em aberto, [&hellip;]<\/p>\n","protected":false},"author":25,"featured_media":171355,"comment_status":"open","ping_status":"closed","sticky":false,"template":"","format":"standard","meta":{"footnotes":""},"categories":[136],"tags":[],"class_list":["post-205557","post","type-post","status-publish","format-standard","has-post-thumbnail","hentry","category-atletico-mg"],"yoast_head":"<!-- This site is optimized with the Yoast SEO Premium plugin v24.2 (Yoast SEO v26.9) - https:\/\/yoast.com\/product\/yoast-seo-premium-wordpress\/ -->\n<title>Reviravolta no futuro de Alan Franco, do Atl\u00e9tico-MG<\/title>\n<meta name=\"robots\" content=\"index, follow, max-snippet:-1, max-image-preview:large, max-video-preview:-1\" \/>\n<link rel=\"canonical\" href=\"https:\/\/www.gaveanews.com\/index.php\/2024\/12\/30\/reviravolta-no-futuro-de-alan-franco-do-atletico-mg\/\" \/>\n<meta property=\"og:locale\" content=\"pt_BR\" \/>\n<meta property=\"og:type\" content=\"article\" \/>\n<meta property=\"og:title\" content=\"Reviravolta no futuro de Alan Franco, do Atl\u00e9tico-MG\" \/>\n<meta property=\"og:description\" content=\"\u00c0 v\u00e9spera do ano novo, o Atl\u00e9tico-MG fez um an\u00fancio importante para 2025: Cuca ser\u00e1 o novo treinador da equipe. Com isso, as aten\u00e7\u00f5es agora se voltam para as defini\u00e7\u00f5es do elenco, e um dos jogadores que est\u00e1 no centro das especula\u00e7\u00f5es \u00e9 o volante Alan Franco.&nbsp; O futuro do meio-campista ainda est\u00e1 em aberto, [&hellip;]\" \/>\n<meta property=\"og:url\" content=\"https:\/\/www.gaveanews.com\/index.php\/2024\/12\/30\/reviravolta-no-futuro-de-alan-franco-do-atletico-mg\/\" \/>\n<meta property=\"og:site_name\" content=\"G\u00e1vea News\" \/>\n<meta property=\"article:publisher\" content=\"https:\/\/facebook.com\/gaveaNews\/\" \/>\n<meta property=\"article:published_time\" content=\"2024-12-30T21:20:00+00:00\" \/>\n<meta property=\"og:image\" content=\"https:\/\/www.gaveanews.com\/wp-content\/uploads\/Alan-Franco-em-acao-pelo-Atletico-MG.webp\" \/>\n\t<meta property=\"og:image:width\" content=\"640\" \/>\n\t<meta property=\"og:image:height\" content=\"582\" \/>\n\t<meta property=\"og:image:type\" content=\"image\/jpeg\" \/>\n<meta name=\"author\" content=\"Rafaela Ladeira\" \/>\n<meta name=\"twitter:card\" content=\"summary_large_image\" \/>\n<meta name=\"twitter:label1\" content=\"Escrito por\" \/>\n\t<meta name=\"twitter:data1\" content=\"Rafaela Ladeira\" \/>\n\t<meta name=\"twitter:label2\" content=\"Est. tempo de leitura\" \/>\n\t<meta name=\"twitter:data2\" content=\"3 minutos\" \/>\n<script type=\"application\/ld+json\" class=\"yoast-schema-graph\">{\"@context\":\"https:\/\/schema.org\",\"@graph\":[{\"@type\":\"NewsArticle\",\"@id\":\"https:\/\/www.gaveanews.com\/index.php\/2024\/12\/30\/reviravolta-no-futuro-de-alan-franco-do-atletico-mg\/#article\",\"isPartOf\":{\"@id\":\"https:\/\/www.gaveanews.com\/index.php\/2024\/12\/30\/reviravolta-no-futuro-de-alan-franco-do-atletico-mg\/\"},\"author\":{\"name\":\"Rafaela Ladeira\",\"@id\":\"https:\/\/www.gaveanews.com\/#\/schema\/person\/0eb3e3fe1754f0205218538adbe8f5ed\"},\"headline\":\"Reviravolta no futuro de Alan Franco, do Atl\u00e9tico-MG\",\"datePublished\":\"2024-12-30T21:20:00+00:00\",\"mainEntityOfPage\":{\"@id\":\"https:\/\/www.gaveanews.com\/index.php\/2024\/12\/30\/reviravolta-no-futuro-de-alan-franco-do-atletico-mg\/\"},\"wordCount\":395,\"commentCount\":0,\"image\":{\"@id\":\"https:\/\/www.gaveanews.com\/index.php\/2024\/12\/30\/reviravolta-no-futuro-de-alan-franco-do-atletico-mg\/#primaryimage\"},\"thumbnailUrl\":\"https:\/\/www.gaveanews.com\/wp-content\/uploads\/Alan-Franco-em-acao-pelo-Atletico-MG.webp\",\"articleSection\":[\"Atl\u00e9tico-MG\"],\"inLanguage\":\"pt-BR\",\"potentialAction\":[{\"@type\":\"CommentAction\",\"name\":\"Comment\",\"target\":[\"https:\/\/www.gaveanews.com\/index.php\/2024\/12\/30\/reviravolta-no-futuro-de-alan-franco-do-atletico-mg\/#respond\"]}],\"copyrightYear\":\"2024\",\"copyrightHolder\":{\"@id\":\"https:\/\/www.gaveanews.com\/#organization\"}},{\"@type\":\"WebPage\",\"@id\":\"https:\/\/www.gaveanews.com\/index.php\/2024\/12\/30\/reviravolta-no-futuro-de-alan-franco-do-atletico-mg\/\",\"url\":\"https:\/\/www.gaveanews.com\/index.php\/2024\/12\/30\/reviravolta-no-futuro-de-alan-franco-do-atletico-mg\/\",\"name\":\"Reviravolta no futuro de Alan Franco, do Atl\u00e9tico-MG\",\"isPartOf\":{\"@id\":\"https:\/\/www.gaveanews.com\/#website\"},\"primaryImageOfPage\":{\"@id\":\"https:\/\/www.gaveanews.com\/index.php\/2024\/12\/30\/reviravolta-no-futuro-de-alan-franco-do-atletico-mg\/#primaryimage\"},\"image\":{\"@id\":\"https:\/\/www.gaveanews.com\/index.php\/2024\/12\/30\/reviravolta-no-futuro-de-alan-franco-do-atletico-mg\/#primaryimage\"},\"thumbnailUrl\":\"https:\/\/www.gaveanews.com\/wp-content\/uploads\/Alan-Franco-em-acao-pelo-Atletico-MG.webp\",\"datePublished\":\"2024-12-30T21:20:00+00:00\",\"author\":{\"@id\":\"https:\/\/www.gaveanews.com\/#\/schema\/person\/0eb3e3fe1754f0205218538adbe8f5ed\"},\"breadcrumb\":{\"@id\":\"https:\/\/www.gaveanews.com\/index.php\/2024\/12\/30\/reviravolta-no-futuro-de-alan-franco-do-atletico-mg\/#breadcrumb\"},\"inLanguage\":\"pt-BR\",\"potentialAction\":[{\"@type\":\"ReadAction\",\"target\":[\"https:\/\/www.gaveanews.com\/index.php\/2024\/12\/30\/reviravolta-no-futuro-de-alan-franco-do-atletico-mg\/\"]}]},{\"@type\":\"ImageObject\",\"inLanguage\":\"pt-BR\",\"@id\":\"https:\/\/www.gaveanews.com\/index.php\/2024\/12\/30\/reviravolta-no-futuro-de-alan-franco-do-atletico-mg\/#primaryimage\",\"url\":\"https:\/\/www.gaveanews.com\/wp-content\/uploads\/Alan-Franco-em-acao-pelo-Atletico-MG.webp\",\"contentUrl\":\"https:\/\/www.gaveanews.com\/wp-content\/uploads\/Alan-Franco-em-acao-pelo-Atletico-MG.webp\",\"width\":640,\"height\":582,\"caption\":\"Alan Franco em a\u00e7\u00e3o pelo Atl\u00e9tico-MG (Foto: Pedro Souza\/Atl\u00e9tico)\"},{\"@type\":\"BreadcrumbList\",\"@id\":\"https:\/\/www.gaveanews.com\/index.php\/2024\/12\/30\/reviravolta-no-futuro-de-alan-franco-do-atletico-mg\/#breadcrumb\",\"itemListElement\":[{\"@type\":\"ListItem\",\"position\":1,\"name\":\"Home\",\"item\":\"https:\/\/www.gaveanews.com\/\"},{\"@type\":\"ListItem\",\"position\":2,\"name\":\"Reviravolta no futuro de Alan Franco, do Atl\u00e9tico-MG\"}]},{\"@type\":\"WebSite\",\"@id\":\"https:\/\/www.gaveanews.com\/#website\",\"url\":\"https:\/\/www.gaveanews.com\/\",\"name\":\"G\u00e1vea News\",\"description\":\"Veja todas as not\u00edcias sobre o Flamengo: Contrata\u00e7\u00f5es, categorias de base, resultados das partidas, tabela de classifica\u00e7\u00e3o, pr\u00f3ximos jogos!\",\"potentialAction\":[{\"@type\":\"SearchAction\",\"target\":{\"@type\":\"EntryPoint\",\"urlTemplate\":\"https:\/\/www.gaveanews.com\/?s={search_term_string}\"},\"query-input\":{\"@type\":\"PropertyValueSpecification\",\"valueRequired\":true,\"valueName\":\"search_term_string\"}}],\"inLanguage\":\"pt-BR\"},{\"@type\":\"Person\",\"@id\":\"https:\/\/www.gaveanews.com\/#\/schema\/person\/0eb3e3fe1754f0205218538adbe8f5ed\",\"name\":\"Rafaela Ladeira\",\"image\":{\"@type\":\"ImageObject\",\"inLanguage\":\"pt-BR\",\"@id\":\"https:\/\/www.gaveanews.com\/#\/schema\/person\/image\/\",\"url\":\"https:\/\/secure.gravatar.com\/avatar\/c31f513acffd85eacab5730cbdfdbbf59f21ba5aeada8cd890acea879fbb2455?s=96&d=mm&r=g\",\"contentUrl\":\"https:\/\/secure.gravatar.com\/avatar\/c31f513acffd85eacab5730cbdfdbbf59f21ba5aeada8cd890acea879fbb2455?s=96&d=mm&r=g\",\"caption\":\"Rafaela Ladeira\"}}]}<\/script>\n<!-- \/ Yoast SEO Premium plugin. -->","yoast_head_json":{"title":"Reviravolta no futuro de Alan Franco, do Atl\u00e9tico-MG","robots":{"index":"index","follow":"follow","max-snippet":"max-snippet:-1","max-image-preview":"max-image-preview:large","max-video-preview":"max-video-preview:-1"},"canonical":"https:\/\/www.gaveanews.com\/index.php\/2024\/12\/30\/reviravolta-no-futuro-de-alan-franco-do-atletico-mg\/","og_locale":"pt_BR","og_type":"article","og_title":"Reviravolta no futuro de Alan Franco, do Atl\u00e9tico-MG","og_description":"\u00c0 v\u00e9spera do ano novo, o Atl\u00e9tico-MG fez um an\u00fancio importante para 2025: Cuca ser\u00e1 o novo treinador da equipe. Com isso, as aten\u00e7\u00f5es agora se voltam para as defini\u00e7\u00f5es do elenco, e um dos jogadores que est\u00e1 no centro das especula\u00e7\u00f5es \u00e9 o volante Alan Franco.&nbsp; O futuro do meio-campista ainda est\u00e1 em aberto, [&hellip;]","og_url":"https:\/\/www.gaveanews.com\/index.php\/2024\/12\/30\/reviravolta-no-futuro-de-alan-franco-do-atletico-mg\/","og_site_name":"G\u00e1vea News","article_publisher":"https:\/\/facebook.com\/gaveaNews\/","article_published_time":"2024-12-30T21:20:00+00:00","og_image":[{"width":640,"height":582,"url":"https:\/\/www.gaveanews.com\/wp-content\/uploads\/Alan-Franco-em-acao-pelo-Atletico-MG.webp","type":"image\/jpeg"}],"author":"Rafaela Ladeira","twitter_card":"summary_large_image","twitter_misc":{"Escrito por":"Rafaela Ladeira","Est. tempo de leitura":"3 minutos"},"schema":{"@context":"https:\/\/schema.org","@graph":[{"@type":"NewsArticle","@id":"https:\/\/www.gaveanews.com\/index.php\/2024\/12\/30\/reviravolta-no-futuro-de-alan-franco-do-atletico-mg\/#article","isPartOf":{"@id":"https:\/\/www.gaveanews.com\/index.php\/2024\/12\/30\/reviravolta-no-futuro-de-alan-franco-do-atletico-mg\/"},"author":{"name":"Rafaela Ladeira","@id":"https:\/\/www.gaveanews.com\/#\/schema\/person\/0eb3e3fe1754f0205218538adbe8f5ed"},"headline":"Reviravolta no futuro de Alan Franco, do Atl\u00e9tico-MG","datePublished":"2024-12-30T21:20:00+00:00","mainEntityOfPage":{"@id":"https:\/\/www.gaveanews.com\/index.php\/2024\/12\/30\/reviravolta-no-futuro-de-alan-franco-do-atletico-mg\/"},"wordCount":395,"commentCount":0,"image":{"@id":"https:\/\/www.gaveanews.com\/index.php\/2024\/12\/30\/reviravolta-no-futuro-de-alan-franco-do-atletico-mg\/#primaryimage"},"thumbnailUrl":"https:\/\/www.gaveanews.com\/wp-content\/uploads\/Alan-Franco-em-acao-pelo-Atletico-MG.webp","articleSection":["Atl\u00e9tico-MG"],"inLanguage":"pt-BR","potentialAction":[{"@type":"CommentAction","name":"Comment","target":["https:\/\/www.gaveanews.com\/index.php\/2024\/12\/30\/reviravolta-no-futuro-de-alan-franco-do-atletico-mg\/#respond"]}],"copyrightYear":"2024","copyrightHolder":{"@id":"https:\/\/www.gaveanews.com\/#organization"}},{"@type":"WebPage","@id":"https:\/\/www.gaveanews.com\/index.php\/2024\/12\/30\/reviravolta-no-futuro-de-alan-franco-do-atletico-mg\/","url":"https:\/\/www.gaveanews.com\/index.php\/2024\/12\/30\/reviravolta-no-futuro-de-alan-franco-do-atletico-mg\/","name":"Reviravolta no futuro de Alan Franco, do Atl\u00e9tico-MG","isPartOf":{"@id":"https:\/\/www.gaveanews.com\/#website"},"primaryImageOfPage":{"@id":"https:\/\/www.gaveanews.com\/index.php\/2024\/12\/30\/reviravolta-no-futuro-de-alan-franco-do-atletico-mg\/#primaryimage"},"image":{"@id":"https:\/\/www.gaveanews.com\/index.php\/2024\/12\/30\/reviravolta-no-futuro-de-alan-franco-do-atletico-mg\/#primaryimage"},"thumbnailUrl":"https:\/\/www.gaveanews.com\/wp-content\/uploads\/Alan-Franco-em-acao-pelo-Atletico-MG.webp","datePublished":"2024-12-30T21:20:00+00:00","author":{"@id":"https:\/\/www.gaveanews.com\/#\/schema\/person\/0eb3e3fe1754f0205218538adbe8f5ed"},"breadcrumb":{"@id":"https:\/\/www.gaveanews.com\/index.php\/2024\/12\/30\/reviravolta-no-futuro-de-alan-franco-do-atletico-mg\/#breadcrumb"},"inLanguage":"pt-BR","potentialAction":[{"@type":"ReadAction","target":["https:\/\/www.gaveanews.com\/index.php\/2024\/12\/30\/reviravolta-no-futuro-de-alan-franco-do-atletico-mg\/"]}]},{"@type":"ImageObject","inLanguage":"pt-BR","@id":"https:\/\/www.gaveanews.com\/index.php\/2024\/12\/30\/reviravolta-no-futuro-de-alan-franco-do-atletico-mg\/#primaryimage","url":"https:\/\/www.gaveanews.com\/wp-content\/uploads\/Alan-Franco-em-acao-pelo-Atletico-MG.webp","contentUrl":"https:\/\/www.gaveanews.com\/wp-content\/uploads\/Alan-Franco-em-acao-pelo-Atletico-MG.webp","width":640,"height":582,"caption":"Alan Franco em a\u00e7\u00e3o pelo Atl\u00e9tico-MG (Foto: Pedro Souza\/Atl\u00e9tico)"},{"@type":"BreadcrumbList","@id":"https:\/\/www.gaveanews.com\/index.php\/2024\/12\/30\/reviravolta-no-futuro-de-alan-franco-do-atletico-mg\/#breadcrumb","itemListElement":[{"@type":"ListItem","position":1,"name":"Home","item":"https:\/\/www.gaveanews.com\/"},{"@type":"ListItem","position":2,"name":"Reviravolta no futuro de Alan Franco, do Atl\u00e9tico-MG"}]},{"@type":"WebSite","@id":"https:\/\/www.gaveanews.com\/#website","url":"https:\/\/www.gaveanews.com\/","name":"G\u00e1vea News","description":"Veja todas as not\u00edcias sobre o Flamengo: Contrata\u00e7\u00f5es, categorias de base, resultados das partidas, tabela de classifica\u00e7\u00e3o, pr\u00f3ximos jogos!","potentialAction":[{"@type":"SearchAction","target":{"@type":"EntryPoint","urlTemplate":"https:\/\/www.gaveanews.com\/?s={search_term_string}"},"query-input":{"@type":"PropertyValueSpecification","valueRequired":true,"valueName":"search_term_string"}}],"inLanguage":"pt-BR"},{"@type":"Person","@id":"https:\/\/www.gaveanews.com\/#\/schema\/person\/0eb3e3fe1754f0205218538adbe8f5ed","name":"Rafaela Ladeira","image":{"@type":"ImageObject","inLanguage":"pt-BR","@id":"https:\/\/www.gaveanews.com\/#\/schema\/person\/image\/","url":"https:\/\/secure.gravatar.com\/avatar\/c31f513acffd85eacab5730cbdfdbbf59f21ba5aeada8cd890acea879fbb2455?s=96&d=mm&r=g","contentUrl":"https:\/\/secure.gravatar.com\/avatar\/c31f513acffd85eacab5730cbdfdbbf59f21ba5aeada8cd890acea879fbb2455?s=96&d=mm&r=g","caption":"Rafaela Ladeira"}}]}},"_links":{"self":[{"href":"https:\/\/www.gaveanews.com\/index.php\/wp-json\/wp\/v2\/posts\/205557","targetHints":{"allow":["GET"]}}],"collection":[{"href":"https:\/\/www.gaveanews.com\/index.php\/wp-json\/wp\/v2\/posts"}],"about":[{"href":"https:\/\/www.gaveanews.com\/index.php\/wp-json\/wp\/v2\/types\/post"}],"author":[{"embeddable":true,"href":"https:\/\/www.gaveanews.com\/index.php\/wp-json\/wp\/v2\/users\/25"}],"replies":[{"embeddable":true,"href":"https:\/\/www.gaveanews.com\/index.php\/wp-json\/wp\/v2\/comments?post=205557"}],"version-history":[{"count":1,"href":"https:\/\/www.gaveanews.com\/index.php\/wp-json\/wp\/v2\/posts\/205557\/revisions"}],"predecessor-version":[{"id":205558,"href":"https:\/\/www.gaveanews.com\/index.php\/wp-json\/wp\/v2\/posts\/205557\/revisions\/205558"}],"wp:featuredmedia":[{"embeddable":true,"href":"https:\/\/www.gaveanews.com\/index.php\/wp-json\/wp\/v2\/media\/171355"}],"wp:attachment":[{"href":"https:\/\/www.gaveanews.com\/index.php\/wp-json\/wp\/v2\/media?parent=205557"}],"wp:term":[{"taxonomy":"category","embeddable":true,"href":"https:\/\/www.gaveanews.com\/index.php\/wp-json\/wp\/v2\/categories?post=205557"},{"taxonomy":"post_tag","embeddable":true,"href":"https:\/\/www.gaveanews.com\/index.php\/wp-json\/wp\/v2\/tags?post=205557"}],"curies":[{"name":"wp","href":"https:\/\/api.w.org\/{rel}","templated":true}]}}