{"id":205643,"date":"2024-12-30T20:50:00","date_gmt":"2024-12-30T23:50:00","guid":{"rendered":"https:\/\/www.gaveanews.com\/?p=205643"},"modified":"2024-12-30T19:24:00","modified_gmt":"2024-12-30T22:24:00","slug":"adeus-jogador-se-despede-do-palmeiras-atraves-das-redes-socias","status":"publish","type":"post","link":"https:\/\/www.gaveanews.com\/index.php\/2024\/12\/30\/adeus-jogador-se-despede-do-palmeiras-atraves-das-redes-socias\/","title":{"rendered":"Adeus! Jogador se despede do Palmeiras atrav\u00e9s das redes socias"},"content":{"rendered":"\n<p>O Palmeiras segue passando por mudan\u00e7as significativas em seu elenco para a temporada 2025, e mais um nome deixa o clube. O atacante L\u00e1zaro, de 22 anos, anunciou nesta segunda-feira (30) que sua passagem pelo Verd\u00e3o chegou ao fim.&nbsp;<\/p>\n\n\n\n<ul class=\"wp-block-list\">\n<li><a href=\"https:\/\/www.gaveanews.com\/index.php\/2024\/12\/29\/palmeiras-quer-contratar-destaque-do-botafogo\/\">Palmeiras quer contratar destaque do Botafogo<\/a><\/li>\n\n\n\n<li><a href=\"https:\/\/www.gaveanews.com\/index.php\/2024\/12\/30\/ele-dificilmente-tera-espaco-no-palmeiras-em-2025\/\">Ele dificilmente ter\u00e1 espa\u00e7o no Palmeiras em 2025<\/a><\/li>\n<\/ul>\n\n\n\n<p>O jogador, que estava emprestado pelo Almer\u00eda, da Espanha, retorna ao time europeu ap\u00f3s o t\u00e9rmino de seu v\u00ednculo com o clube paulista.<\/p>\n\n\n\n<h2 class=\"wp-block-heading\" id=\"h-a-breve-passagem-de-lazaro-pelo-verdao\">A breve passagem de L\u00e1zaro pelo Verd\u00e3o<\/h2>\n\n\n\n<p>L\u00e1zaro chegou ao Palmeiras como uma aposta de potencial, custando 1 milh\u00e3o de euros (R$ 6,4 milh\u00f5es) por um ano de empr\u00e9stimo. No entanto, sua performance em campo n\u00e3o conquistou a confian\u00e7a da torcida nem da comiss\u00e3o t\u00e9cnica liderada por Abel Ferreira.<\/p>\n\n\n\n<p>Ao longo de 35 partidas, o atacante marcou apenas tr\u00eas gols e deu uma assist\u00eancia. Por isso, a op\u00e7\u00e3o de renovar o empr\u00e9stimo por mais 500 mil euros (R$ 3,2 milh\u00f5es) ou exercer a cl\u00e1usula de compra definitiva por 13 milh\u00f5es de euros (R$ 83,6 milh\u00f5es) foi descartada.<\/p>\n\n\n\n<p>Al\u00e9m disso, vale destacar que o descontentamento da torcida pesou na decis\u00e3o da diretoria, que optou por encerrar a parceria.<\/p>\n\n\n\n<p>\u201cObrigado, Palmeiras! Agradecer aos companheiros e ao estafe pelos meses que vivemos juntos e desejo muito sucesso a todos. Grande abra\u00e7o\u201d, escreveu L\u00e1zaro em suas redes sociais, marcando o encerramento de uma etapa que dividiu opini\u00f5es entre os torcedores.<\/p>\n\n\n\n<figure class=\"wp-block-embed is-type-photo is-provider-flickr wp-block-embed-flickr\"><div class=\"wp-block-embed__wrapper\">\n<a href=\"https:\/\/flic.kr\/p\/2qCFs7J\"><img loading=\"lazy\" decoding=\"async\" src=\"https:\/\/live.staticflickr.com\/65535\/54236346054_05435855d7_c.webp\" alt=\"L\u00e1zaro\" width=\"439\" height=\"800\" \/><\/a>\n<\/div><\/figure>\n\n\n\n<h2 class=\"wp-block-heading\" id=\"h-mercado-de-transferencias\">Mercado de transfer\u00eancias<\/h2>\n\n\n\n<p>Enquanto L\u00e1zaro e Dudu se despedem do Palmeiras, a diretoria alviverde intensifica suas a\u00e7\u00f5es no mercado de transfer\u00eancias. O clube j\u00e1 anunciou a contrata\u00e7\u00e3o do uruguaio Facundo Torres, do Orlando City, e est\u00e1 perto de fechar com Paulinho, do Atl\u00e9tico-MG.<\/p>\n\n\n\n<p>Al\u00e9m disso, negocia\u00e7\u00f5es est\u00e3o em andamento com Andreas Pereira, do Fulham, e Matheus Pereira, do Cruzeiro. Outro nome que pode refor\u00e7ar o elenco \u00e9 o lateral-esquerdo Bernabei, que defendeu o Internacional.<\/p>\n\n\n\n<p>Sendo assim, o Palmeiras d\u00e1 sinais claros de que busca um elenco renovado e competitivo para encarar os desafios da pr\u00f3xima temporada. Dessa maneira, as pr\u00f3ximas semanas prometem movimenta\u00e7\u00f5es importantes no clube paulista.<\/p>\n","protected":false},"excerpt":{"rendered":"<p>O Palmeiras segue passando por mudan\u00e7as significativas em seu elenco para a temporada 2025, e mais um nome deixa o clube. O atacante L\u00e1zaro, de 22 anos, anunciou nesta segunda-feira (30) que sua passagem pelo Verd\u00e3o chegou ao fim.&nbsp; O jogador, que estava emprestado pelo Almer\u00eda, da Espanha, retorna ao time europeu ap\u00f3s o t\u00e9rmino [&hellip;]<\/p>\n","protected":false},"author":25,"featured_media":155182,"comment_status":"open","ping_status":"closed","sticky":false,"template":"","format":"standard","meta":{"footnotes":""},"categories":[150],"tags":[],"class_list":["post-205643","post","type-post","status-publish","format-standard","has-post-thumbnail","hentry","category-palmeiras"],"yoast_head":"<!-- This site is optimized with the Yoast SEO Premium plugin v24.2 (Yoast SEO v26.9) - https:\/\/yoast.com\/product\/yoast-seo-premium-wordpress\/ -->\n<title>Adeus! Jogador se despede do Palmeiras atrav\u00e9s das redes socias<\/title>\n<meta name=\"robots\" content=\"index, follow, max-snippet:-1, max-image-preview:large, max-video-preview:-1\" \/>\n<link rel=\"canonical\" href=\"https:\/\/www.gaveanews.com\/index.php\/2024\/12\/30\/adeus-jogador-se-despede-do-palmeiras-atraves-das-redes-socias\/\" \/>\n<meta property=\"og:locale\" content=\"pt_BR\" \/>\n<meta property=\"og:type\" content=\"article\" \/>\n<meta property=\"og:title\" content=\"Adeus! Jogador se despede do Palmeiras atrav\u00e9s das redes socias\" \/>\n<meta property=\"og:description\" content=\"O Palmeiras segue passando por mudan\u00e7as significativas em seu elenco para a temporada 2025, e mais um nome deixa o clube. O atacante L\u00e1zaro, de 22 anos, anunciou nesta segunda-feira (30) que sua passagem pelo Verd\u00e3o chegou ao fim.&nbsp; O jogador, que estava emprestado pelo Almer\u00eda, da Espanha, retorna ao time europeu ap\u00f3s o t\u00e9rmino [&hellip;]\" \/>\n<meta property=\"og:url\" content=\"https:\/\/www.gaveanews.com\/index.php\/2024\/12\/30\/adeus-jogador-se-despede-do-palmeiras-atraves-das-redes-socias\/\" \/>\n<meta property=\"og:site_name\" content=\"G\u00e1vea News\" \/>\n<meta property=\"article:publisher\" content=\"https:\/\/facebook.com\/gaveaNews\/\" \/>\n<meta property=\"article:published_time\" content=\"2024-12-30T23:50:00+00:00\" \/>\n<meta property=\"og:image\" content=\"https:\/\/www.gaveanews.com\/wp-content\/uploads\/Allianz-Parque-estadio-do-Palmeiras.webp\" \/>\n\t<meta property=\"og:image:width\" content=\"1023\" \/>\n\t<meta property=\"og:image:height\" content=\"767\" \/>\n\t<meta property=\"og:image:type\" content=\"image\/webp\" \/>\n<meta name=\"author\" content=\"Rafaela Ladeira\" \/>\n<meta name=\"twitter:card\" content=\"summary_large_image\" \/>\n<meta name=\"twitter:label1\" content=\"Escrito por\" \/>\n\t<meta name=\"twitter:data1\" content=\"Rafaela Ladeira\" \/>\n\t<meta name=\"twitter:label2\" content=\"Est. tempo de leitura\" \/>\n\t<meta name=\"twitter:data2\" content=\"3 minutos\" \/>\n<script type=\"application\/ld+json\" class=\"yoast-schema-graph\">{\"@context\":\"https:\/\/schema.org\",\"@graph\":[{\"@type\":\"NewsArticle\",\"@id\":\"https:\/\/www.gaveanews.com\/index.php\/2024\/12\/30\/adeus-jogador-se-despede-do-palmeiras-atraves-das-redes-socias\/#article\",\"isPartOf\":{\"@id\":\"https:\/\/www.gaveanews.com\/index.php\/2024\/12\/30\/adeus-jogador-se-despede-do-palmeiras-atraves-das-redes-socias\/\"},\"author\":{\"name\":\"Rafaela Ladeira\",\"@id\":\"https:\/\/www.gaveanews.com\/#\/schema\/person\/0eb3e3fe1754f0205218538adbe8f5ed\"},\"headline\":\"Adeus! Jogador se despede do Palmeiras atrav\u00e9s das redes socias\",\"datePublished\":\"2024-12-30T23:50:00+00:00\",\"mainEntityOfPage\":{\"@id\":\"https:\/\/www.gaveanews.com\/index.php\/2024\/12\/30\/adeus-jogador-se-despede-do-palmeiras-atraves-das-redes-socias\/\"},\"wordCount\":389,\"commentCount\":0,\"image\":{\"@id\":\"https:\/\/www.gaveanews.com\/index.php\/2024\/12\/30\/adeus-jogador-se-despede-do-palmeiras-atraves-das-redes-socias\/#primaryimage\"},\"thumbnailUrl\":\"https:\/\/www.gaveanews.com\/wp-content\/uploads\/Allianz-Parque-estadio-do-Palmeiras.webp\",\"articleSection\":[\"Palmeiras\"],\"inLanguage\":\"pt-BR\",\"potentialAction\":[{\"@type\":\"CommentAction\",\"name\":\"Comment\",\"target\":[\"https:\/\/www.gaveanews.com\/index.php\/2024\/12\/30\/adeus-jogador-se-despede-do-palmeiras-atraves-das-redes-socias\/#respond\"]}],\"copyrightYear\":\"2024\",\"copyrightHolder\":{\"@id\":\"https:\/\/www.gaveanews.com\/#organization\"}},{\"@type\":\"WebPage\",\"@id\":\"https:\/\/www.gaveanews.com\/index.php\/2024\/12\/30\/adeus-jogador-se-despede-do-palmeiras-atraves-das-redes-socias\/\",\"url\":\"https:\/\/www.gaveanews.com\/index.php\/2024\/12\/30\/adeus-jogador-se-despede-do-palmeiras-atraves-das-redes-socias\/\",\"name\":\"Adeus! Jogador se despede do Palmeiras atrav\u00e9s das redes socias\",\"isPartOf\":{\"@id\":\"https:\/\/www.gaveanews.com\/#website\"},\"primaryImageOfPage\":{\"@id\":\"https:\/\/www.gaveanews.com\/index.php\/2024\/12\/30\/adeus-jogador-se-despede-do-palmeiras-atraves-das-redes-socias\/#primaryimage\"},\"image\":{\"@id\":\"https:\/\/www.gaveanews.com\/index.php\/2024\/12\/30\/adeus-jogador-se-despede-do-palmeiras-atraves-das-redes-socias\/#primaryimage\"},\"thumbnailUrl\":\"https:\/\/www.gaveanews.com\/wp-content\/uploads\/Allianz-Parque-estadio-do-Palmeiras.webp\",\"datePublished\":\"2024-12-30T23:50:00+00:00\",\"author\":{\"@id\":\"https:\/\/www.gaveanews.com\/#\/schema\/person\/0eb3e3fe1754f0205218538adbe8f5ed\"},\"breadcrumb\":{\"@id\":\"https:\/\/www.gaveanews.com\/index.php\/2024\/12\/30\/adeus-jogador-se-despede-do-palmeiras-atraves-das-redes-socias\/#breadcrumb\"},\"inLanguage\":\"pt-BR\",\"potentialAction\":[{\"@type\":\"ReadAction\",\"target\":[\"https:\/\/www.gaveanews.com\/index.php\/2024\/12\/30\/adeus-jogador-se-despede-do-palmeiras-atraves-das-redes-socias\/\"]}]},{\"@type\":\"ImageObject\",\"inLanguage\":\"pt-BR\",\"@id\":\"https:\/\/www.gaveanews.com\/index.php\/2024\/12\/30\/adeus-jogador-se-despede-do-palmeiras-atraves-das-redes-socias\/#primaryimage\",\"url\":\"https:\/\/www.gaveanews.com\/wp-content\/uploads\/Allianz-Parque-estadio-do-Palmeiras.webp\",\"contentUrl\":\"https:\/\/www.gaveanews.com\/wp-content\/uploads\/Allianz-Parque-estadio-do-Palmeiras.webp\",\"width\":1023,\"height\":767,\"caption\":\"Allianz Parque, est\u00e1dio do Palmeiras (Foto: Reprodu\u00e7\u00e3o\/Palmeiras)\"},{\"@type\":\"BreadcrumbList\",\"@id\":\"https:\/\/www.gaveanews.com\/index.php\/2024\/12\/30\/adeus-jogador-se-despede-do-palmeiras-atraves-das-redes-socias\/#breadcrumb\",\"itemListElement\":[{\"@type\":\"ListItem\",\"position\":1,\"name\":\"Home\",\"item\":\"https:\/\/www.gaveanews.com\/\"},{\"@type\":\"ListItem\",\"position\":2,\"name\":\"Adeus! Jogador se despede do Palmeiras atrav\u00e9s das redes socias\"}]},{\"@type\":\"WebSite\",\"@id\":\"https:\/\/www.gaveanews.com\/#website\",\"url\":\"https:\/\/www.gaveanews.com\/\",\"name\":\"G\u00e1vea News\",\"description\":\"Veja todas as not\u00edcias sobre o Flamengo: Contrata\u00e7\u00f5es, categorias de base, resultados das partidas, tabela de classifica\u00e7\u00e3o, pr\u00f3ximos jogos!\",\"potentialAction\":[{\"@type\":\"SearchAction\",\"target\":{\"@type\":\"EntryPoint\",\"urlTemplate\":\"https:\/\/www.gaveanews.com\/?s={search_term_string}\"},\"query-input\":{\"@type\":\"PropertyValueSpecification\",\"valueRequired\":true,\"valueName\":\"search_term_string\"}}],\"inLanguage\":\"pt-BR\"},{\"@type\":\"Person\",\"@id\":\"https:\/\/www.gaveanews.com\/#\/schema\/person\/0eb3e3fe1754f0205218538adbe8f5ed\",\"name\":\"Rafaela Ladeira\",\"image\":{\"@type\":\"ImageObject\",\"inLanguage\":\"pt-BR\",\"@id\":\"https:\/\/www.gaveanews.com\/#\/schema\/person\/image\/\",\"url\":\"https:\/\/secure.gravatar.com\/avatar\/c31f513acffd85eacab5730cbdfdbbf59f21ba5aeada8cd890acea879fbb2455?s=96&d=mm&r=g\",\"contentUrl\":\"https:\/\/secure.gravatar.com\/avatar\/c31f513acffd85eacab5730cbdfdbbf59f21ba5aeada8cd890acea879fbb2455?s=96&d=mm&r=g\",\"caption\":\"Rafaela Ladeira\"}}]}<\/script>\n<!-- \/ Yoast SEO Premium plugin. -->","yoast_head_json":{"title":"Adeus! Jogador se despede do Palmeiras atrav\u00e9s das redes socias","robots":{"index":"index","follow":"follow","max-snippet":"max-snippet:-1","max-image-preview":"max-image-preview:large","max-video-preview":"max-video-preview:-1"},"canonical":"https:\/\/www.gaveanews.com\/index.php\/2024\/12\/30\/adeus-jogador-se-despede-do-palmeiras-atraves-das-redes-socias\/","og_locale":"pt_BR","og_type":"article","og_title":"Adeus! Jogador se despede do Palmeiras atrav\u00e9s das redes socias","og_description":"O Palmeiras segue passando por mudan\u00e7as significativas em seu elenco para a temporada 2025, e mais um nome deixa o clube. O atacante L\u00e1zaro, de 22 anos, anunciou nesta segunda-feira (30) que sua passagem pelo Verd\u00e3o chegou ao fim.&nbsp; O jogador, que estava emprestado pelo Almer\u00eda, da Espanha, retorna ao time europeu ap\u00f3s o t\u00e9rmino [&hellip;]","og_url":"https:\/\/www.gaveanews.com\/index.php\/2024\/12\/30\/adeus-jogador-se-despede-do-palmeiras-atraves-das-redes-socias\/","og_site_name":"G\u00e1vea News","article_publisher":"https:\/\/facebook.com\/gaveaNews\/","article_published_time":"2024-12-30T23:50:00+00:00","og_image":[{"width":1023,"height":767,"url":"https:\/\/www.gaveanews.com\/wp-content\/uploads\/Allianz-Parque-estadio-do-Palmeiras.webp","type":"image\/webp"}],"author":"Rafaela Ladeira","twitter_card":"summary_large_image","twitter_misc":{"Escrito por":"Rafaela Ladeira","Est. tempo de leitura":"3 minutos"},"schema":{"@context":"https:\/\/schema.org","@graph":[{"@type":"NewsArticle","@id":"https:\/\/www.gaveanews.com\/index.php\/2024\/12\/30\/adeus-jogador-se-despede-do-palmeiras-atraves-das-redes-socias\/#article","isPartOf":{"@id":"https:\/\/www.gaveanews.com\/index.php\/2024\/12\/30\/adeus-jogador-se-despede-do-palmeiras-atraves-das-redes-socias\/"},"author":{"name":"Rafaela Ladeira","@id":"https:\/\/www.gaveanews.com\/#\/schema\/person\/0eb3e3fe1754f0205218538adbe8f5ed"},"headline":"Adeus! Jogador se despede do Palmeiras atrav\u00e9s das redes socias","datePublished":"2024-12-30T23:50:00+00:00","mainEntityOfPage":{"@id":"https:\/\/www.gaveanews.com\/index.php\/2024\/12\/30\/adeus-jogador-se-despede-do-palmeiras-atraves-das-redes-socias\/"},"wordCount":389,"commentCount":0,"image":{"@id":"https:\/\/www.gaveanews.com\/index.php\/2024\/12\/30\/adeus-jogador-se-despede-do-palmeiras-atraves-das-redes-socias\/#primaryimage"},"thumbnailUrl":"https:\/\/www.gaveanews.com\/wp-content\/uploads\/Allianz-Parque-estadio-do-Palmeiras.webp","articleSection":["Palmeiras"],"inLanguage":"pt-BR","potentialAction":[{"@type":"CommentAction","name":"Comment","target":["https:\/\/www.gaveanews.com\/index.php\/2024\/12\/30\/adeus-jogador-se-despede-do-palmeiras-atraves-das-redes-socias\/#respond"]}],"copyrightYear":"2024","copyrightHolder":{"@id":"https:\/\/www.gaveanews.com\/#organization"}},{"@type":"WebPage","@id":"https:\/\/www.gaveanews.com\/index.php\/2024\/12\/30\/adeus-jogador-se-despede-do-palmeiras-atraves-das-redes-socias\/","url":"https:\/\/www.gaveanews.com\/index.php\/2024\/12\/30\/adeus-jogador-se-despede-do-palmeiras-atraves-das-redes-socias\/","name":"Adeus! Jogador se despede do Palmeiras atrav\u00e9s das redes socias","isPartOf":{"@id":"https:\/\/www.gaveanews.com\/#website"},"primaryImageOfPage":{"@id":"https:\/\/www.gaveanews.com\/index.php\/2024\/12\/30\/adeus-jogador-se-despede-do-palmeiras-atraves-das-redes-socias\/#primaryimage"},"image":{"@id":"https:\/\/www.gaveanews.com\/index.php\/2024\/12\/30\/adeus-jogador-se-despede-do-palmeiras-atraves-das-redes-socias\/#primaryimage"},"thumbnailUrl":"https:\/\/www.gaveanews.com\/wp-content\/uploads\/Allianz-Parque-estadio-do-Palmeiras.webp","datePublished":"2024-12-30T23:50:00+00:00","author":{"@id":"https:\/\/www.gaveanews.com\/#\/schema\/person\/0eb3e3fe1754f0205218538adbe8f5ed"},"breadcrumb":{"@id":"https:\/\/www.gaveanews.com\/index.php\/2024\/12\/30\/adeus-jogador-se-despede-do-palmeiras-atraves-das-redes-socias\/#breadcrumb"},"inLanguage":"pt-BR","potentialAction":[{"@type":"ReadAction","target":["https:\/\/www.gaveanews.com\/index.php\/2024\/12\/30\/adeus-jogador-se-despede-do-palmeiras-atraves-das-redes-socias\/"]}]},{"@type":"ImageObject","inLanguage":"pt-BR","@id":"https:\/\/www.gaveanews.com\/index.php\/2024\/12\/30\/adeus-jogador-se-despede-do-palmeiras-atraves-das-redes-socias\/#primaryimage","url":"https:\/\/www.gaveanews.com\/wp-content\/uploads\/Allianz-Parque-estadio-do-Palmeiras.webp","contentUrl":"https:\/\/www.gaveanews.com\/wp-content\/uploads\/Allianz-Parque-estadio-do-Palmeiras.webp","width":1023,"height":767,"caption":"Allianz Parque, est\u00e1dio do Palmeiras (Foto: Reprodu\u00e7\u00e3o\/Palmeiras)"},{"@type":"BreadcrumbList","@id":"https:\/\/www.gaveanews.com\/index.php\/2024\/12\/30\/adeus-jogador-se-despede-do-palmeiras-atraves-das-redes-socias\/#breadcrumb","itemListElement":[{"@type":"ListItem","position":1,"name":"Home","item":"https:\/\/www.gaveanews.com\/"},{"@type":"ListItem","position":2,"name":"Adeus! Jogador se despede do Palmeiras atrav\u00e9s das redes socias"}]},{"@type":"WebSite","@id":"https:\/\/www.gaveanews.com\/#website","url":"https:\/\/www.gaveanews.com\/","name":"G\u00e1vea News","description":"Veja todas as not\u00edcias sobre o Flamengo: Contrata\u00e7\u00f5es, categorias de base, resultados das partidas, tabela de classifica\u00e7\u00e3o, pr\u00f3ximos jogos!","potentialAction":[{"@type":"SearchAction","target":{"@type":"EntryPoint","urlTemplate":"https:\/\/www.gaveanews.com\/?s={search_term_string}"},"query-input":{"@type":"PropertyValueSpecification","valueRequired":true,"valueName":"search_term_string"}}],"inLanguage":"pt-BR"},{"@type":"Person","@id":"https:\/\/www.gaveanews.com\/#\/schema\/person\/0eb3e3fe1754f0205218538adbe8f5ed","name":"Rafaela Ladeira","image":{"@type":"ImageObject","inLanguage":"pt-BR","@id":"https:\/\/www.gaveanews.com\/#\/schema\/person\/image\/","url":"https:\/\/secure.gravatar.com\/avatar\/c31f513acffd85eacab5730cbdfdbbf59f21ba5aeada8cd890acea879fbb2455?s=96&d=mm&r=g","contentUrl":"https:\/\/secure.gravatar.com\/avatar\/c31f513acffd85eacab5730cbdfdbbf59f21ba5aeada8cd890acea879fbb2455?s=96&d=mm&r=g","caption":"Rafaela Ladeira"}}]}},"_links":{"self":[{"href":"https:\/\/www.gaveanews.com\/index.php\/wp-json\/wp\/v2\/posts\/205643","targetHints":{"allow":["GET"]}}],"collection":[{"href":"https:\/\/www.gaveanews.com\/index.php\/wp-json\/wp\/v2\/posts"}],"about":[{"href":"https:\/\/www.gaveanews.com\/index.php\/wp-json\/wp\/v2\/types\/post"}],"author":[{"embeddable":true,"href":"https:\/\/www.gaveanews.com\/index.php\/wp-json\/wp\/v2\/users\/25"}],"replies":[{"embeddable":true,"href":"https:\/\/www.gaveanews.com\/index.php\/wp-json\/wp\/v2\/comments?post=205643"}],"version-history":[{"count":1,"href":"https:\/\/www.gaveanews.com\/index.php\/wp-json\/wp\/v2\/posts\/205643\/revisions"}],"predecessor-version":[{"id":205645,"href":"https:\/\/www.gaveanews.com\/index.php\/wp-json\/wp\/v2\/posts\/205643\/revisions\/205645"}],"wp:featuredmedia":[{"embeddable":true,"href":"https:\/\/www.gaveanews.com\/index.php\/wp-json\/wp\/v2\/media\/155182"}],"wp:attachment":[{"href":"https:\/\/www.gaveanews.com\/index.php\/wp-json\/wp\/v2\/media?parent=205643"}],"wp:term":[{"taxonomy":"category","embeddable":true,"href":"https:\/\/www.gaveanews.com\/index.php\/wp-json\/wp\/v2\/categories?post=205643"},{"taxonomy":"post_tag","embeddable":true,"href":"https:\/\/www.gaveanews.com\/index.php\/wp-json\/wp\/v2\/tags?post=205643"}],"curies":[{"name":"wp","href":"https:\/\/api.w.org\/{rel}","templated":true}]}}