{"id":20574,"date":"2019-05-18T02:05:52","date_gmt":"2019-05-18T05:05:52","guid":{"rendered":"https:\/\/www.gaveanews.com\/?p=20574"},"modified":"2019-06-03T00:34:44","modified_gmt":"2019-06-03T03:34:44","slug":"negociacoes-nao-avancam-e-zagueiro-desejado-pelo-flamengo-pode-se-transferir-para-o-futebol-italiano","status":"publish","type":"post","link":"https:\/\/www.gaveanews.com\/index.php\/2019\/05\/18\/negociacoes-nao-avancam-e-zagueiro-desejado-pelo-flamengo-pode-se-transferir-para-o-futebol-italiano\/","title":{"rendered":"Negocia\u00e7\u00f5es n\u00e3o avan\u00e7am, e zagueiro desejado pelo Flamengo pode se transferir para o futebol italiano"},"content":{"rendered":"\n<p>O Flamengo pretende se refor\u00e7ar para a segunda metade da temporada, tendo o setor defensivo como foco principal. Para isso, os dirigentes Marcos Braz e Bruno Spindel est\u00e3o na Europa para negocia\u00e7\u00f5es. <\/p>\n\n\n\n<p>Dentre tais negocia\u00e7\u00f5es, encontra-se o zagueiro Bruno Viana, que atualmente defende o Braga, equipe da primeira divis\u00e3o do futebol portugu\u00eas. No entanto, para contratar o atleta, o Fla precisar\u00e1 vencer a concorr\u00eancia de outros clubes.<\/p>\n\n\n\n<p>Isso porque, Bruno est\u00e1 na mira de grandes clubes do Velho Continente, como a Lazio, da It\u00e1lia. De acordo com informa\u00e7\u00e3o divulgada pelo jornalista Paulo Vinicius Coelho (PVC), o time carioca n\u00e3o conseguiu grandes avan\u00e7os at\u00e9 ent\u00e3o, e a disputa com europeus pode ser mais uma barreira para dificultar um \u2018final feliz\u2019 para a equipe rubro-negra.<\/p>\n\n\n\n<p>At\u00e9 ent\u00e3o, o Flamengo j\u00e1 fez contatos com representantes do atleta e sinalizou o interesse na contrata\u00e7\u00e3o. Por\u00e9m, ainda n\u00e3o foi feita proposta oficial. Al\u00e9m disso, o clube da G\u00e1vea j\u00e1 sabe que, caso queira seguir \u00e0 frente com o desejo de trazer Bruno a seu plantel, precisar\u00e1 ser por contrata\u00e7\u00e3o em definitivo, uma vez que o Braga n\u00e3o cogita a hip\u00f3tese de emprest\u00e1-lo.<\/p>\n\n\n\n<p>Aos 24 anos, Bruno participou de 44 jogos na temporada da equipe portuguesa, que est\u00e1 prestes a ser encerrada. O brasileiro foi fundamental para que o Braga conseguisse a classifica\u00e7\u00e3o para a Uefa Champions League 2019\/20. Inclusive, \u00e9 poss\u00edvel que o defensor entre em campo nesta sexta, uma vez que seu time enfrentar\u00e1 o Portimonense, em duelo v\u00e1lido pela \u00faltima rodada do Campeonato Portugu\u00eas.<\/p>\n\n\n\n\n\n<p>Retirado de: Coluna do Flamengo<\/p>\n","protected":false},"excerpt":{"rendered":"<p>O Flamengo pretende se refor\u00e7ar para a segunda metade da temporada, tendo o setor defensivo como foco principal. Para isso, os dirigentes Marcos Braz e Bruno Spindel est\u00e3o na Europa para negocia\u00e7\u00f5es. Dentre tais negocia\u00e7\u00f5es, encontra-se o zagueiro Bruno Viana, que atualmente defende o Braga, equipe da primeira divis\u00e3o do futebol portugu\u00eas. No entanto, para [&hellip;]<\/p>\n","protected":false},"author":1,"featured_media":21307,"comment_status":"open","ping_status":"open","sticky":false,"template":"","format":"standard","meta":{"footnotes":""},"categories":[48],"tags":[],"class_list":["post-20574","post","type-post","status-publish","format-standard","has-post-thumbnail","hentry","category-negociacoes"],"yoast_head":"<!-- This site is optimized with the Yoast SEO Premium plugin v24.2 (Yoast SEO v26.9) - https:\/\/yoast.com\/product\/yoast-seo-premium-wordpress\/ -->\n<title>Negocia\u00e7\u00f5es n\u00e3o avan\u00e7am, e zagueiro desejado pelo Flamengo pode se transferir para o futebol italiano<\/title>\n<meta name=\"robots\" content=\"index, follow, max-snippet:-1, max-image-preview:large, max-video-preview:-1\" \/>\n<link rel=\"canonical\" href=\"https:\/\/www.gaveanews.com\/index.php\/2019\/05\/18\/negociacoes-nao-avancam-e-zagueiro-desejado-pelo-flamengo-pode-se-transferir-para-o-futebol-italiano\/\" \/>\n<meta property=\"og:locale\" content=\"pt_BR\" \/>\n<meta property=\"og:type\" content=\"article\" \/>\n<meta property=\"og:title\" content=\"Negocia\u00e7\u00f5es n\u00e3o avan\u00e7am, e zagueiro desejado pelo Flamengo pode se transferir para o futebol italiano\" \/>\n<meta property=\"og:description\" content=\"O Flamengo pretende se refor\u00e7ar para a segunda metade da temporada, tendo o setor defensivo como foco principal. Para isso, os dirigentes Marcos Braz e Bruno Spindel est\u00e3o na Europa para negocia\u00e7\u00f5es. Dentre tais negocia\u00e7\u00f5es, encontra-se o zagueiro Bruno Viana, que atualmente defende o Braga, equipe da primeira divis\u00e3o do futebol portugu\u00eas. No entanto, para [&hellip;]\" \/>\n<meta property=\"og:url\" content=\"https:\/\/www.gaveanews.com\/index.php\/2019\/05\/18\/negociacoes-nao-avancam-e-zagueiro-desejado-pelo-flamengo-pode-se-transferir-para-o-futebol-italiano\/\" \/>\n<meta property=\"og:site_name\" content=\"G\u00e1vea News\" \/>\n<meta property=\"article:publisher\" content=\"https:\/\/facebook.com\/gaveaNews\/\" \/>\n<meta property=\"article:published_time\" content=\"2019-05-18T05:05:52+00:00\" \/>\n<meta property=\"article:modified_time\" content=\"2019-06-03T03:34:44+00:00\" \/>\n<meta property=\"og:image\" content=\"https:\/\/www.gaveanews.com\/wp-content\/uploads\/2019\/06\/Bruno-Viana-em-acao-pelo-Braga.webp\" \/>\n\t<meta property=\"og:image:width\" content=\"1\" \/>\n\t<meta property=\"og:image:height\" content=\"1\" \/>\n\t<meta property=\"og:image:type\" content=\"image\/jpeg\" \/>\n<meta name=\"author\" content=\"Equipe G\u00e1vea News\" \/>\n<meta name=\"twitter:card\" content=\"summary_large_image\" \/>\n<meta name=\"twitter:label1\" content=\"Escrito por\" \/>\n\t<meta name=\"twitter:data1\" content=\"Equipe G\u00e1vea News\" \/>\n\t<meta name=\"twitter:label2\" content=\"Est. tempo de leitura\" \/>\n\t<meta name=\"twitter:data2\" content=\"1 minuto\" \/>\n<script type=\"application\/ld+json\" class=\"yoast-schema-graph\">{\"@context\":\"https:\/\/schema.org\",\"@graph\":[{\"@type\":\"NewsArticle\",\"@id\":\"https:\/\/www.gaveanews.com\/index.php\/2019\/05\/18\/negociacoes-nao-avancam-e-zagueiro-desejado-pelo-flamengo-pode-se-transferir-para-o-futebol-italiano\/#article\",\"isPartOf\":{\"@id\":\"https:\/\/www.gaveanews.com\/index.php\/2019\/05\/18\/negociacoes-nao-avancam-e-zagueiro-desejado-pelo-flamengo-pode-se-transferir-para-o-futebol-italiano\/\"},\"author\":{\"name\":\"Equipe G\u00e1vea News\",\"@id\":\"https:\/\/www.gaveanews.com\/#\/schema\/person\/2ec14f73fb96be2caf28f91afb14749d\"},\"headline\":\"Negocia\u00e7\u00f5es n\u00e3o avan\u00e7am, e zagueiro desejado pelo Flamengo pode se transferir para o futebol italiano\",\"datePublished\":\"2019-05-18T05:05:52+00:00\",\"dateModified\":\"2019-06-03T03:34:44+00:00\",\"mainEntityOfPage\":{\"@id\":\"https:\/\/www.gaveanews.com\/index.php\/2019\/05\/18\/negociacoes-nao-avancam-e-zagueiro-desejado-pelo-flamengo-pode-se-transferir-para-o-futebol-italiano\/\"},\"wordCount\":295,\"commentCount\":0,\"image\":{\"@id\":\"https:\/\/www.gaveanews.com\/index.php\/2019\/05\/18\/negociacoes-nao-avancam-e-zagueiro-desejado-pelo-flamengo-pode-se-transferir-para-o-futebol-italiano\/#primaryimage\"},\"thumbnailUrl\":\"https:\/\/www.gaveanews.com\/wp-content\/uploads\/2019\/06\/Bruno-Viana-em-acao-pelo-Braga.webp\",\"articleSection\":[\"Negocia\u00e7\u00f5es\"],\"inLanguage\":\"pt-BR\",\"potentialAction\":[{\"@type\":\"CommentAction\",\"name\":\"Comment\",\"target\":[\"https:\/\/www.gaveanews.com\/index.php\/2019\/05\/18\/negociacoes-nao-avancam-e-zagueiro-desejado-pelo-flamengo-pode-se-transferir-para-o-futebol-italiano\/#respond\"]}],\"copyrightYear\":\"2019\",\"copyrightHolder\":{\"@id\":\"https:\/\/www.gaveanews.com\/#organization\"}},{\"@type\":\"WebPage\",\"@id\":\"https:\/\/www.gaveanews.com\/index.php\/2019\/05\/18\/negociacoes-nao-avancam-e-zagueiro-desejado-pelo-flamengo-pode-se-transferir-para-o-futebol-italiano\/\",\"url\":\"https:\/\/www.gaveanews.com\/index.php\/2019\/05\/18\/negociacoes-nao-avancam-e-zagueiro-desejado-pelo-flamengo-pode-se-transferir-para-o-futebol-italiano\/\",\"name\":\"Negocia\u00e7\u00f5es n\u00e3o avan\u00e7am, e zagueiro desejado pelo Flamengo pode se transferir para o futebol italiano\",\"isPartOf\":{\"@id\":\"https:\/\/www.gaveanews.com\/#website\"},\"primaryImageOfPage\":{\"@id\":\"https:\/\/www.gaveanews.com\/index.php\/2019\/05\/18\/negociacoes-nao-avancam-e-zagueiro-desejado-pelo-flamengo-pode-se-transferir-para-o-futebol-italiano\/#primaryimage\"},\"image\":{\"@id\":\"https:\/\/www.gaveanews.com\/index.php\/2019\/05\/18\/negociacoes-nao-avancam-e-zagueiro-desejado-pelo-flamengo-pode-se-transferir-para-o-futebol-italiano\/#primaryimage\"},\"thumbnailUrl\":\"https:\/\/www.gaveanews.com\/wp-content\/uploads\/2019\/06\/Bruno-Viana-em-acao-pelo-Braga.webp\",\"datePublished\":\"2019-05-18T05:05:52+00:00\",\"dateModified\":\"2019-06-03T03:34:44+00:00\",\"author\":{\"@id\":\"https:\/\/www.gaveanews.com\/#\/schema\/person\/2ec14f73fb96be2caf28f91afb14749d\"},\"breadcrumb\":{\"@id\":\"https:\/\/www.gaveanews.com\/index.php\/2019\/05\/18\/negociacoes-nao-avancam-e-zagueiro-desejado-pelo-flamengo-pode-se-transferir-para-o-futebol-italiano\/#breadcrumb\"},\"inLanguage\":\"pt-BR\",\"potentialAction\":[{\"@type\":\"ReadAction\",\"target\":[\"https:\/\/www.gaveanews.com\/index.php\/2019\/05\/18\/negociacoes-nao-avancam-e-zagueiro-desejado-pelo-flamengo-pode-se-transferir-para-o-futebol-italiano\/\"]}]},{\"@type\":\"ImageObject\",\"inLanguage\":\"pt-BR\",\"@id\":\"https:\/\/www.gaveanews.com\/index.php\/2019\/05\/18\/negociacoes-nao-avancam-e-zagueiro-desejado-pelo-flamengo-pode-se-transferir-para-o-futebol-italiano\/#primaryimage\",\"url\":\"https:\/\/www.gaveanews.com\/wp-content\/uploads\/2019\/06\/Bruno-Viana-em-acao-pelo-Braga.webp\",\"contentUrl\":\"https:\/\/www.gaveanews.com\/wp-content\/uploads\/2019\/06\/Bruno-Viana-em-acao-pelo-Braga.webp\",\"caption\":\"Bruno Viana em a\u00e7\u00e3o pelo Braga (Foto: Paulo Oliveira\/Getty Images)\"},{\"@type\":\"BreadcrumbList\",\"@id\":\"https:\/\/www.gaveanews.com\/index.php\/2019\/05\/18\/negociacoes-nao-avancam-e-zagueiro-desejado-pelo-flamengo-pode-se-transferir-para-o-futebol-italiano\/#breadcrumb\",\"itemListElement\":[{\"@type\":\"ListItem\",\"position\":1,\"name\":\"Home\",\"item\":\"https:\/\/www.gaveanews.com\/\"},{\"@type\":\"ListItem\",\"position\":2,\"name\":\"Negocia\u00e7\u00f5es n\u00e3o avan\u00e7am, e zagueiro desejado pelo Flamengo pode se transferir para o futebol italiano\"}]},{\"@type\":\"WebSite\",\"@id\":\"https:\/\/www.gaveanews.com\/#website\",\"url\":\"https:\/\/www.gaveanews.com\/\",\"name\":\"G\u00e1vea News\",\"description\":\"Veja todas as not\u00edcias sobre o Flamengo: Contrata\u00e7\u00f5es, categorias de base, resultados das partidas, tabela de classifica\u00e7\u00e3o, pr\u00f3ximos jogos!\",\"potentialAction\":[{\"@type\":\"SearchAction\",\"target\":{\"@type\":\"EntryPoint\",\"urlTemplate\":\"https:\/\/www.gaveanews.com\/?s={search_term_string}\"},\"query-input\":{\"@type\":\"PropertyValueSpecification\",\"valueRequired\":true,\"valueName\":\"search_term_string\"}}],\"inLanguage\":\"pt-BR\"},{\"@type\":\"Person\",\"@id\":\"https:\/\/www.gaveanews.com\/#\/schema\/person\/2ec14f73fb96be2caf28f91afb14749d\",\"name\":\"Equipe G\u00e1vea News\",\"image\":{\"@type\":\"ImageObject\",\"inLanguage\":\"pt-BR\",\"@id\":\"https:\/\/www.gaveanews.com\/#\/schema\/person\/image\/\",\"url\":\"https:\/\/secure.gravatar.com\/avatar\/1e1956f1facbffd3f8fa53a326721950116b3b9dc9bd44939c01180fd4a745a9?s=96&d=mm&r=g\",\"contentUrl\":\"https:\/\/secure.gravatar.com\/avatar\/1e1956f1facbffd3f8fa53a326721950116b3b9dc9bd44939c01180fd4a745a9?s=96&d=mm&r=g\",\"caption\":\"Equipe G\u00e1vea News\"}}]}<\/script>\n<!-- \/ Yoast SEO Premium plugin. -->","yoast_head_json":{"title":"Negocia\u00e7\u00f5es n\u00e3o avan\u00e7am, e zagueiro desejado pelo Flamengo pode se transferir para o futebol italiano","robots":{"index":"index","follow":"follow","max-snippet":"max-snippet:-1","max-image-preview":"max-image-preview:large","max-video-preview":"max-video-preview:-1"},"canonical":"https:\/\/www.gaveanews.com\/index.php\/2019\/05\/18\/negociacoes-nao-avancam-e-zagueiro-desejado-pelo-flamengo-pode-se-transferir-para-o-futebol-italiano\/","og_locale":"pt_BR","og_type":"article","og_title":"Negocia\u00e7\u00f5es n\u00e3o avan\u00e7am, e zagueiro desejado pelo Flamengo pode se transferir para o futebol italiano","og_description":"O Flamengo pretende se refor\u00e7ar para a segunda metade da temporada, tendo o setor defensivo como foco principal. Para isso, os dirigentes Marcos Braz e Bruno Spindel est\u00e3o na Europa para negocia\u00e7\u00f5es. Dentre tais negocia\u00e7\u00f5es, encontra-se o zagueiro Bruno Viana, que atualmente defende o Braga, equipe da primeira divis\u00e3o do futebol portugu\u00eas. No entanto, para [&hellip;]","og_url":"https:\/\/www.gaveanews.com\/index.php\/2019\/05\/18\/negociacoes-nao-avancam-e-zagueiro-desejado-pelo-flamengo-pode-se-transferir-para-o-futebol-italiano\/","og_site_name":"G\u00e1vea News","article_publisher":"https:\/\/facebook.com\/gaveaNews\/","article_published_time":"2019-05-18T05:05:52+00:00","article_modified_time":"2019-06-03T03:34:44+00:00","og_image":[{"url":"https:\/\/www.gaveanews.com\/wp-content\/uploads\/2019\/06\/Bruno-Viana-em-acao-pelo-Braga.webp","width":1,"height":1,"type":"image\/jpeg"}],"author":"Equipe G\u00e1vea News","twitter_card":"summary_large_image","twitter_misc":{"Escrito por":"Equipe G\u00e1vea News","Est. tempo de leitura":"1 minuto"},"schema":{"@context":"https:\/\/schema.org","@graph":[{"@type":"NewsArticle","@id":"https:\/\/www.gaveanews.com\/index.php\/2019\/05\/18\/negociacoes-nao-avancam-e-zagueiro-desejado-pelo-flamengo-pode-se-transferir-para-o-futebol-italiano\/#article","isPartOf":{"@id":"https:\/\/www.gaveanews.com\/index.php\/2019\/05\/18\/negociacoes-nao-avancam-e-zagueiro-desejado-pelo-flamengo-pode-se-transferir-para-o-futebol-italiano\/"},"author":{"name":"Equipe G\u00e1vea News","@id":"https:\/\/www.gaveanews.com\/#\/schema\/person\/2ec14f73fb96be2caf28f91afb14749d"},"headline":"Negocia\u00e7\u00f5es n\u00e3o avan\u00e7am, e zagueiro desejado pelo Flamengo pode se transferir para o futebol italiano","datePublished":"2019-05-18T05:05:52+00:00","dateModified":"2019-06-03T03:34:44+00:00","mainEntityOfPage":{"@id":"https:\/\/www.gaveanews.com\/index.php\/2019\/05\/18\/negociacoes-nao-avancam-e-zagueiro-desejado-pelo-flamengo-pode-se-transferir-para-o-futebol-italiano\/"},"wordCount":295,"commentCount":0,"image":{"@id":"https:\/\/www.gaveanews.com\/index.php\/2019\/05\/18\/negociacoes-nao-avancam-e-zagueiro-desejado-pelo-flamengo-pode-se-transferir-para-o-futebol-italiano\/#primaryimage"},"thumbnailUrl":"https:\/\/www.gaveanews.com\/wp-content\/uploads\/2019\/06\/Bruno-Viana-em-acao-pelo-Braga.webp","articleSection":["Negocia\u00e7\u00f5es"],"inLanguage":"pt-BR","potentialAction":[{"@type":"CommentAction","name":"Comment","target":["https:\/\/www.gaveanews.com\/index.php\/2019\/05\/18\/negociacoes-nao-avancam-e-zagueiro-desejado-pelo-flamengo-pode-se-transferir-para-o-futebol-italiano\/#respond"]}],"copyrightYear":"2019","copyrightHolder":{"@id":"https:\/\/www.gaveanews.com\/#organization"}},{"@type":"WebPage","@id":"https:\/\/www.gaveanews.com\/index.php\/2019\/05\/18\/negociacoes-nao-avancam-e-zagueiro-desejado-pelo-flamengo-pode-se-transferir-para-o-futebol-italiano\/","url":"https:\/\/www.gaveanews.com\/index.php\/2019\/05\/18\/negociacoes-nao-avancam-e-zagueiro-desejado-pelo-flamengo-pode-se-transferir-para-o-futebol-italiano\/","name":"Negocia\u00e7\u00f5es n\u00e3o avan\u00e7am, e zagueiro desejado pelo Flamengo pode se transferir para o futebol italiano","isPartOf":{"@id":"https:\/\/www.gaveanews.com\/#website"},"primaryImageOfPage":{"@id":"https:\/\/www.gaveanews.com\/index.php\/2019\/05\/18\/negociacoes-nao-avancam-e-zagueiro-desejado-pelo-flamengo-pode-se-transferir-para-o-futebol-italiano\/#primaryimage"},"image":{"@id":"https:\/\/www.gaveanews.com\/index.php\/2019\/05\/18\/negociacoes-nao-avancam-e-zagueiro-desejado-pelo-flamengo-pode-se-transferir-para-o-futebol-italiano\/#primaryimage"},"thumbnailUrl":"https:\/\/www.gaveanews.com\/wp-content\/uploads\/2019\/06\/Bruno-Viana-em-acao-pelo-Braga.webp","datePublished":"2019-05-18T05:05:52+00:00","dateModified":"2019-06-03T03:34:44+00:00","author":{"@id":"https:\/\/www.gaveanews.com\/#\/schema\/person\/2ec14f73fb96be2caf28f91afb14749d"},"breadcrumb":{"@id":"https:\/\/www.gaveanews.com\/index.php\/2019\/05\/18\/negociacoes-nao-avancam-e-zagueiro-desejado-pelo-flamengo-pode-se-transferir-para-o-futebol-italiano\/#breadcrumb"},"inLanguage":"pt-BR","potentialAction":[{"@type":"ReadAction","target":["https:\/\/www.gaveanews.com\/index.php\/2019\/05\/18\/negociacoes-nao-avancam-e-zagueiro-desejado-pelo-flamengo-pode-se-transferir-para-o-futebol-italiano\/"]}]},{"@type":"ImageObject","inLanguage":"pt-BR","@id":"https:\/\/www.gaveanews.com\/index.php\/2019\/05\/18\/negociacoes-nao-avancam-e-zagueiro-desejado-pelo-flamengo-pode-se-transferir-para-o-futebol-italiano\/#primaryimage","url":"https:\/\/www.gaveanews.com\/wp-content\/uploads\/2019\/06\/Bruno-Viana-em-acao-pelo-Braga.webp","contentUrl":"https:\/\/www.gaveanews.com\/wp-content\/uploads\/2019\/06\/Bruno-Viana-em-acao-pelo-Braga.webp","caption":"Bruno Viana em a\u00e7\u00e3o pelo Braga (Foto: Paulo Oliveira\/Getty Images)"},{"@type":"BreadcrumbList","@id":"https:\/\/www.gaveanews.com\/index.php\/2019\/05\/18\/negociacoes-nao-avancam-e-zagueiro-desejado-pelo-flamengo-pode-se-transferir-para-o-futebol-italiano\/#breadcrumb","itemListElement":[{"@type":"ListItem","position":1,"name":"Home","item":"https:\/\/www.gaveanews.com\/"},{"@type":"ListItem","position":2,"name":"Negocia\u00e7\u00f5es n\u00e3o avan\u00e7am, e zagueiro desejado pelo Flamengo pode se transferir para o futebol italiano"}]},{"@type":"WebSite","@id":"https:\/\/www.gaveanews.com\/#website","url":"https:\/\/www.gaveanews.com\/","name":"G\u00e1vea News","description":"Veja todas as not\u00edcias sobre o Flamengo: Contrata\u00e7\u00f5es, categorias de base, resultados das partidas, tabela de classifica\u00e7\u00e3o, pr\u00f3ximos jogos!","potentialAction":[{"@type":"SearchAction","target":{"@type":"EntryPoint","urlTemplate":"https:\/\/www.gaveanews.com\/?s={search_term_string}"},"query-input":{"@type":"PropertyValueSpecification","valueRequired":true,"valueName":"search_term_string"}}],"inLanguage":"pt-BR"},{"@type":"Person","@id":"https:\/\/www.gaveanews.com\/#\/schema\/person\/2ec14f73fb96be2caf28f91afb14749d","name":"Equipe G\u00e1vea News","image":{"@type":"ImageObject","inLanguage":"pt-BR","@id":"https:\/\/www.gaveanews.com\/#\/schema\/person\/image\/","url":"https:\/\/secure.gravatar.com\/avatar\/1e1956f1facbffd3f8fa53a326721950116b3b9dc9bd44939c01180fd4a745a9?s=96&d=mm&r=g","contentUrl":"https:\/\/secure.gravatar.com\/avatar\/1e1956f1facbffd3f8fa53a326721950116b3b9dc9bd44939c01180fd4a745a9?s=96&d=mm&r=g","caption":"Equipe G\u00e1vea News"}}]}},"_links":{"self":[{"href":"https:\/\/www.gaveanews.com\/index.php\/wp-json\/wp\/v2\/posts\/20574","targetHints":{"allow":["GET"]}}],"collection":[{"href":"https:\/\/www.gaveanews.com\/index.php\/wp-json\/wp\/v2\/posts"}],"about":[{"href":"https:\/\/www.gaveanews.com\/index.php\/wp-json\/wp\/v2\/types\/post"}],"author":[{"embeddable":true,"href":"https:\/\/www.gaveanews.com\/index.php\/wp-json\/wp\/v2\/users\/1"}],"replies":[{"embeddable":true,"href":"https:\/\/www.gaveanews.com\/index.php\/wp-json\/wp\/v2\/comments?post=20574"}],"version-history":[{"count":0,"href":"https:\/\/www.gaveanews.com\/index.php\/wp-json\/wp\/v2\/posts\/20574\/revisions"}],"wp:featuredmedia":[{"embeddable":true,"href":"https:\/\/www.gaveanews.com\/index.php\/wp-json\/wp\/v2\/media\/21307"}],"wp:attachment":[{"href":"https:\/\/www.gaveanews.com\/index.php\/wp-json\/wp\/v2\/media?parent=20574"}],"wp:term":[{"taxonomy":"category","embeddable":true,"href":"https:\/\/www.gaveanews.com\/index.php\/wp-json\/wp\/v2\/categories?post=20574"},{"taxonomy":"post_tag","embeddable":true,"href":"https:\/\/www.gaveanews.com\/index.php\/wp-json\/wp\/v2\/tags?post=20574"}],"curies":[{"name":"wp","href":"https:\/\/api.w.org\/{rel}","templated":true}]}}