{"id":205785,"date":"2024-12-31T02:30:00","date_gmt":"2024-12-31T05:30:00","guid":{"rendered":"https:\/\/www.gaveanews.com\/?p=205785"},"modified":"2024-12-30T21:19:00","modified_gmt":"2024-12-31T00:19:00","slug":"ex-gremio-diego-costa-e-oferecido-a-clube-da-serie-a","status":"publish","type":"post","link":"https:\/\/www.gaveanews.com\/index.php\/2024\/12\/31\/ex-gremio-diego-costa-e-oferecido-a-clube-da-serie-a\/","title":{"rendered":"Ex-Gr\u00eamio, Diego Costa \u00e9 oferecido a clube da S\u00e9rie A"},"content":{"rendered":"\n<h2 class=\"wp-block-heading\" id=\"h-diego-costa-nao-seguira-no-gremio-em-2025-e-e-oferecido-ao-sport\">Diego Costa n\u00e3o seguir\u00e1 no Gr\u00eamio em 2025 e \u00e9 oferecido ao Sport<\/h2>\n\n\n\n<p>O atacante Diego Costa, de 36 anos, chegou a um acordo com o Gr\u00eamio nesta segunda-feira (30) e n\u00e3o continuar\u00e1 no clube para a temporada de 2025. A rescis\u00e3o libera o jogador para buscar um novo destino no mercado brasileiro.<\/p>\n\n\n\n<ul class=\"wp-block-list\">\n<li><a href=\"https:\/\/www.gaveanews.com\/index.php\/2024\/12\/28\/saidas-para-2025-seis-contratacoes-e-jogadores-desejados-as-ultimas-noticias-do-gremio\/\">Sa\u00eddas para 2025, seis contrata\u00e7\u00f5es e jogadores desejados: as \u00faltimas not\u00edcias do Gr\u00eamio<\/a><\/li>\n\n\n\n<li><a href=\"https:\/\/www.gaveanews.com\/index.php\/2024\/12\/27\/novo-treinador-situacao-de-gustavo-quinteros-e-jogadores-mais-violentos-as-ultimas-noticias-do-gremio\/\">Novo treinador, situa\u00e7\u00e3o de Gustavo Quinteros e jogadores mais violentos: as \u00faltimas not\u00edcias do Gr\u00eamio<\/a><\/li>\n<\/ul>\n\n\n\n<p>De acordo com informa\u00e7\u00f5es da Ag\u00eancia RTI Esporte, Diego Costa manifestou ao seu estafe o desejo de atuar no futebol brasileiro e foi oferecido ao Sport, que disputar\u00e1 a S\u00e9rie A em 2025. O jogador mostrou interesse em defender o clube pernambucano, especialmente por ser natural de Lagarto, em Sergipe, e nunca ter jogado por uma grande equipe do Nordeste.<\/p>\n\n\n\n<p>Al\u00e9m do Sport, o Cear\u00e1 tamb\u00e9m abriu conversas com o empres\u00e1rio do jogador, Jair Costa. No entanto, as negocia\u00e7\u00f5es n\u00e3o avan\u00e7aram, j\u00e1 que o Voz\u00e3o busca alternativas ap\u00f3s a desist\u00eancia na contrata\u00e7\u00e3o de Pablo, ex-Athletico.<\/p>\n\n\n\n<p>Para fechar com o Sport, Diego Costa teria solicitado um sal\u00e1rio de R$ 950 mil mensais, al\u00e9m de contrato de dois anos e luvas no valor de R$ 2,5 milh\u00f5es. Os n\u00fameros, considerados altos para a realidade financeira do clube rubro-negro, dificultam a negocia\u00e7\u00e3o.<\/p>\n\n\n\n<p>No Gr\u00eamio, o atacante recebia R$ 750 mil mensais fixos, com possibilidade de bonifica\u00e7\u00f5es por desempenho, como gols e assist\u00eancias. Em 2024, Diego disputou 26 jogos, marcou 8 gols e deu 5 assist\u00eancias. Al\u00e9m disso, integrou o elenco campe\u00e3o do Campeonato Ga\u00facho.<\/p>\n\n\n\n<p>Com passagens marcantes por Atl\u00e9tico de Madrid e Chelsea, Diego Costa acumula t\u00edtulos importantes no cen\u00e1rio europeu. No Brasil, defendeu Atl\u00e9tico-MG e Botafogo, sendo campe\u00e3o do Brasileir\u00e3o e da Copa do Brasil pelo Galo em 2021. Caso acerte com o Sport, ser\u00e1 a primeira vez que o atacante representar\u00e1 um clube do Nordeste.<\/p>\n","protected":false},"excerpt":{"rendered":"<p>Diego Costa n\u00e3o seguir\u00e1 no Gr\u00eamio em 2025 e \u00e9 oferecido ao Sport O atacante Diego Costa, de 36 anos, chegou a um acordo com o Gr\u00eamio nesta segunda-feira (30) e n\u00e3o continuar\u00e1 no clube para a temporada de 2025. A rescis\u00e3o libera o jogador para buscar um novo destino no mercado brasileiro. De acordo [&hellip;]<\/p>\n","protected":false},"author":17,"featured_media":173103,"comment_status":"open","ping_status":"closed","sticky":false,"template":"","format":"standard","meta":{"footnotes":""},"categories":[147,154],"tags":[],"class_list":["post-205785","post","type-post","status-publish","format-standard","has-post-thumbnail","hentry","category-gremio","category-sport"],"yoast_head":"<!-- This site is optimized with the Yoast SEO Premium plugin v24.2 (Yoast SEO v26.9) - https:\/\/yoast.com\/product\/yoast-seo-premium-wordpress\/ -->\n<title>Ex-Gr\u00eamio, Diego Costa \u00e9 oferecido a clube da S\u00e9rie A<\/title>\n<meta name=\"robots\" content=\"index, follow, max-snippet:-1, max-image-preview:large, max-video-preview:-1\" \/>\n<link rel=\"canonical\" href=\"https:\/\/www.gaveanews.com\/index.php\/2024\/12\/31\/ex-gremio-diego-costa-e-oferecido-a-clube-da-serie-a\/\" \/>\n<meta property=\"og:locale\" content=\"pt_BR\" \/>\n<meta property=\"og:type\" content=\"article\" \/>\n<meta property=\"og:title\" content=\"Ex-Gr\u00eamio, Diego Costa \u00e9 oferecido a clube da S\u00e9rie A\" \/>\n<meta property=\"og:description\" content=\"Diego Costa n\u00e3o seguir\u00e1 no Gr\u00eamio em 2025 e \u00e9 oferecido ao Sport O atacante Diego Costa, de 36 anos, chegou a um acordo com o Gr\u00eamio nesta segunda-feira (30) e n\u00e3o continuar\u00e1 no clube para a temporada de 2025. A rescis\u00e3o libera o jogador para buscar um novo destino no mercado brasileiro. De acordo [&hellip;]\" \/>\n<meta property=\"og:url\" content=\"https:\/\/www.gaveanews.com\/index.php\/2024\/12\/31\/ex-gremio-diego-costa-e-oferecido-a-clube-da-serie-a\/\" \/>\n<meta property=\"og:site_name\" content=\"G\u00e1vea News\" \/>\n<meta property=\"article:publisher\" content=\"https:\/\/facebook.com\/gaveaNews\/\" \/>\n<meta property=\"article:published_time\" content=\"2024-12-31T05:30:00+00:00\" \/>\n<meta property=\"og:image\" content=\"https:\/\/www.gaveanews.com\/wp-content\/uploads\/Diego-Costa-em-acao-pelo-Gremio.webp\" \/>\n\t<meta property=\"og:image:width\" content=\"842\" \/>\n\t<meta property=\"og:image:height\" content=\"643\" \/>\n\t<meta property=\"og:image:type\" content=\"image\/jpeg\" \/>\n<meta name=\"author\" content=\"Geovanna Thomaz\" \/>\n<meta name=\"twitter:card\" content=\"summary_large_image\" \/>\n<meta name=\"twitter:label1\" content=\"Escrito por\" \/>\n\t<meta name=\"twitter:data1\" content=\"Geovanna Thomaz\" \/>\n\t<meta name=\"twitter:label2\" content=\"Est. tempo de leitura\" \/>\n\t<meta name=\"twitter:data2\" content=\"2 minutos\" \/>\n<script type=\"application\/ld+json\" class=\"yoast-schema-graph\">{\"@context\":\"https:\/\/schema.org\",\"@graph\":[{\"@type\":\"NewsArticle\",\"@id\":\"https:\/\/www.gaveanews.com\/index.php\/2024\/12\/31\/ex-gremio-diego-costa-e-oferecido-a-clube-da-serie-a\/#article\",\"isPartOf\":{\"@id\":\"https:\/\/www.gaveanews.com\/index.php\/2024\/12\/31\/ex-gremio-diego-costa-e-oferecido-a-clube-da-serie-a\/\"},\"author\":{\"name\":\"Geovanna Thomaz\",\"@id\":\"https:\/\/www.gaveanews.com\/#\/schema\/person\/f42654babcd2b2014a1a65af82b081f1\"},\"headline\":\"Ex-Gr\u00eamio, Diego Costa \u00e9 oferecido a clube da S\u00e9rie A\",\"datePublished\":\"2024-12-31T05:30:00+00:00\",\"mainEntityOfPage\":{\"@id\":\"https:\/\/www.gaveanews.com\/index.php\/2024\/12\/31\/ex-gremio-diego-costa-e-oferecido-a-clube-da-serie-a\/\"},\"wordCount\":354,\"commentCount\":0,\"image\":{\"@id\":\"https:\/\/www.gaveanews.com\/index.php\/2024\/12\/31\/ex-gremio-diego-costa-e-oferecido-a-clube-da-serie-a\/#primaryimage\"},\"thumbnailUrl\":\"https:\/\/www.gaveanews.com\/wp-content\/uploads\/Diego-Costa-em-acao-pelo-Gremio.webp\",\"articleSection\":[\"Gr\u00eamio\",\"Sport\"],\"inLanguage\":\"pt-BR\",\"potentialAction\":[{\"@type\":\"CommentAction\",\"name\":\"Comment\",\"target\":[\"https:\/\/www.gaveanews.com\/index.php\/2024\/12\/31\/ex-gremio-diego-costa-e-oferecido-a-clube-da-serie-a\/#respond\"]}],\"copyrightYear\":\"2024\",\"copyrightHolder\":{\"@id\":\"https:\/\/www.gaveanews.com\/#organization\"}},{\"@type\":\"WebPage\",\"@id\":\"https:\/\/www.gaveanews.com\/index.php\/2024\/12\/31\/ex-gremio-diego-costa-e-oferecido-a-clube-da-serie-a\/\",\"url\":\"https:\/\/www.gaveanews.com\/index.php\/2024\/12\/31\/ex-gremio-diego-costa-e-oferecido-a-clube-da-serie-a\/\",\"name\":\"Ex-Gr\u00eamio, Diego Costa \u00e9 oferecido a clube da S\u00e9rie A\",\"isPartOf\":{\"@id\":\"https:\/\/www.gaveanews.com\/#website\"},\"primaryImageOfPage\":{\"@id\":\"https:\/\/www.gaveanews.com\/index.php\/2024\/12\/31\/ex-gremio-diego-costa-e-oferecido-a-clube-da-serie-a\/#primaryimage\"},\"image\":{\"@id\":\"https:\/\/www.gaveanews.com\/index.php\/2024\/12\/31\/ex-gremio-diego-costa-e-oferecido-a-clube-da-serie-a\/#primaryimage\"},\"thumbnailUrl\":\"https:\/\/www.gaveanews.com\/wp-content\/uploads\/Diego-Costa-em-acao-pelo-Gremio.webp\",\"datePublished\":\"2024-12-31T05:30:00+00:00\",\"author\":{\"@id\":\"https:\/\/www.gaveanews.com\/#\/schema\/person\/f42654babcd2b2014a1a65af82b081f1\"},\"breadcrumb\":{\"@id\":\"https:\/\/www.gaveanews.com\/index.php\/2024\/12\/31\/ex-gremio-diego-costa-e-oferecido-a-clube-da-serie-a\/#breadcrumb\"},\"inLanguage\":\"pt-BR\",\"potentialAction\":[{\"@type\":\"ReadAction\",\"target\":[\"https:\/\/www.gaveanews.com\/index.php\/2024\/12\/31\/ex-gremio-diego-costa-e-oferecido-a-clube-da-serie-a\/\"]}]},{\"@type\":\"ImageObject\",\"inLanguage\":\"pt-BR\",\"@id\":\"https:\/\/www.gaveanews.com\/index.php\/2024\/12\/31\/ex-gremio-diego-costa-e-oferecido-a-clube-da-serie-a\/#primaryimage\",\"url\":\"https:\/\/www.gaveanews.com\/wp-content\/uploads\/Diego-Costa-em-acao-pelo-Gremio.webp\",\"contentUrl\":\"https:\/\/www.gaveanews.com\/wp-content\/uploads\/Diego-Costa-em-acao-pelo-Gremio.webp\",\"width\":842,\"height\":643,\"caption\":\"Diego Costa em a\u00e7\u00e3o pelo Gr\u00eamio (Foto: Lucas Uebel\/Gr\u00eamio)\"},{\"@type\":\"BreadcrumbList\",\"@id\":\"https:\/\/www.gaveanews.com\/index.php\/2024\/12\/31\/ex-gremio-diego-costa-e-oferecido-a-clube-da-serie-a\/#breadcrumb\",\"itemListElement\":[{\"@type\":\"ListItem\",\"position\":1,\"name\":\"Home\",\"item\":\"https:\/\/www.gaveanews.com\/\"},{\"@type\":\"ListItem\",\"position\":2,\"name\":\"Ex-Gr\u00eamio, Diego Costa \u00e9 oferecido a clube da S\u00e9rie A\"}]},{\"@type\":\"WebSite\",\"@id\":\"https:\/\/www.gaveanews.com\/#website\",\"url\":\"https:\/\/www.gaveanews.com\/\",\"name\":\"G\u00e1vea News\",\"description\":\"Veja todas as not\u00edcias sobre o Flamengo: Contrata\u00e7\u00f5es, categorias de base, resultados das partidas, tabela de classifica\u00e7\u00e3o, pr\u00f3ximos jogos!\",\"potentialAction\":[{\"@type\":\"SearchAction\",\"target\":{\"@type\":\"EntryPoint\",\"urlTemplate\":\"https:\/\/www.gaveanews.com\/?s={search_term_string}\"},\"query-input\":{\"@type\":\"PropertyValueSpecification\",\"valueRequired\":true,\"valueName\":\"search_term_string\"}}],\"inLanguage\":\"pt-BR\"},{\"@type\":\"Person\",\"@id\":\"https:\/\/www.gaveanews.com\/#\/schema\/person\/f42654babcd2b2014a1a65af82b081f1\",\"name\":\"Geovanna Thomaz\",\"image\":{\"@type\":\"ImageObject\",\"inLanguage\":\"pt-BR\",\"@id\":\"https:\/\/www.gaveanews.com\/#\/schema\/person\/image\/\",\"url\":\"https:\/\/secure.gravatar.com\/avatar\/4092073255489533afb558984b49b64268c47198af8623cc82a925ae9fb7118a?s=96&d=mm&r=g\",\"contentUrl\":\"https:\/\/secure.gravatar.com\/avatar\/4092073255489533afb558984b49b64268c47198af8623cc82a925ae9fb7118a?s=96&d=mm&r=g\",\"caption\":\"Geovanna Thomaz\"}}]}<\/script>\n<!-- \/ Yoast SEO Premium plugin. -->","yoast_head_json":{"title":"Ex-Gr\u00eamio, Diego Costa \u00e9 oferecido a clube da S\u00e9rie A","robots":{"index":"index","follow":"follow","max-snippet":"max-snippet:-1","max-image-preview":"max-image-preview:large","max-video-preview":"max-video-preview:-1"},"canonical":"https:\/\/www.gaveanews.com\/index.php\/2024\/12\/31\/ex-gremio-diego-costa-e-oferecido-a-clube-da-serie-a\/","og_locale":"pt_BR","og_type":"article","og_title":"Ex-Gr\u00eamio, Diego Costa \u00e9 oferecido a clube da S\u00e9rie A","og_description":"Diego Costa n\u00e3o seguir\u00e1 no Gr\u00eamio em 2025 e \u00e9 oferecido ao Sport O atacante Diego Costa, de 36 anos, chegou a um acordo com o Gr\u00eamio nesta segunda-feira (30) e n\u00e3o continuar\u00e1 no clube para a temporada de 2025. A rescis\u00e3o libera o jogador para buscar um novo destino no mercado brasileiro. De acordo [&hellip;]","og_url":"https:\/\/www.gaveanews.com\/index.php\/2024\/12\/31\/ex-gremio-diego-costa-e-oferecido-a-clube-da-serie-a\/","og_site_name":"G\u00e1vea News","article_publisher":"https:\/\/facebook.com\/gaveaNews\/","article_published_time":"2024-12-31T05:30:00+00:00","og_image":[{"width":842,"height":643,"url":"https:\/\/www.gaveanews.com\/wp-content\/uploads\/Diego-Costa-em-acao-pelo-Gremio.webp","type":"image\/jpeg"}],"author":"Geovanna Thomaz","twitter_card":"summary_large_image","twitter_misc":{"Escrito por":"Geovanna Thomaz","Est. tempo de leitura":"2 minutos"},"schema":{"@context":"https:\/\/schema.org","@graph":[{"@type":"NewsArticle","@id":"https:\/\/www.gaveanews.com\/index.php\/2024\/12\/31\/ex-gremio-diego-costa-e-oferecido-a-clube-da-serie-a\/#article","isPartOf":{"@id":"https:\/\/www.gaveanews.com\/index.php\/2024\/12\/31\/ex-gremio-diego-costa-e-oferecido-a-clube-da-serie-a\/"},"author":{"name":"Geovanna Thomaz","@id":"https:\/\/www.gaveanews.com\/#\/schema\/person\/f42654babcd2b2014a1a65af82b081f1"},"headline":"Ex-Gr\u00eamio, Diego Costa \u00e9 oferecido a clube da S\u00e9rie A","datePublished":"2024-12-31T05:30:00+00:00","mainEntityOfPage":{"@id":"https:\/\/www.gaveanews.com\/index.php\/2024\/12\/31\/ex-gremio-diego-costa-e-oferecido-a-clube-da-serie-a\/"},"wordCount":354,"commentCount":0,"image":{"@id":"https:\/\/www.gaveanews.com\/index.php\/2024\/12\/31\/ex-gremio-diego-costa-e-oferecido-a-clube-da-serie-a\/#primaryimage"},"thumbnailUrl":"https:\/\/www.gaveanews.com\/wp-content\/uploads\/Diego-Costa-em-acao-pelo-Gremio.webp","articleSection":["Gr\u00eamio","Sport"],"inLanguage":"pt-BR","potentialAction":[{"@type":"CommentAction","name":"Comment","target":["https:\/\/www.gaveanews.com\/index.php\/2024\/12\/31\/ex-gremio-diego-costa-e-oferecido-a-clube-da-serie-a\/#respond"]}],"copyrightYear":"2024","copyrightHolder":{"@id":"https:\/\/www.gaveanews.com\/#organization"}},{"@type":"WebPage","@id":"https:\/\/www.gaveanews.com\/index.php\/2024\/12\/31\/ex-gremio-diego-costa-e-oferecido-a-clube-da-serie-a\/","url":"https:\/\/www.gaveanews.com\/index.php\/2024\/12\/31\/ex-gremio-diego-costa-e-oferecido-a-clube-da-serie-a\/","name":"Ex-Gr\u00eamio, Diego Costa \u00e9 oferecido a clube da S\u00e9rie A","isPartOf":{"@id":"https:\/\/www.gaveanews.com\/#website"},"primaryImageOfPage":{"@id":"https:\/\/www.gaveanews.com\/index.php\/2024\/12\/31\/ex-gremio-diego-costa-e-oferecido-a-clube-da-serie-a\/#primaryimage"},"image":{"@id":"https:\/\/www.gaveanews.com\/index.php\/2024\/12\/31\/ex-gremio-diego-costa-e-oferecido-a-clube-da-serie-a\/#primaryimage"},"thumbnailUrl":"https:\/\/www.gaveanews.com\/wp-content\/uploads\/Diego-Costa-em-acao-pelo-Gremio.webp","datePublished":"2024-12-31T05:30:00+00:00","author":{"@id":"https:\/\/www.gaveanews.com\/#\/schema\/person\/f42654babcd2b2014a1a65af82b081f1"},"breadcrumb":{"@id":"https:\/\/www.gaveanews.com\/index.php\/2024\/12\/31\/ex-gremio-diego-costa-e-oferecido-a-clube-da-serie-a\/#breadcrumb"},"inLanguage":"pt-BR","potentialAction":[{"@type":"ReadAction","target":["https:\/\/www.gaveanews.com\/index.php\/2024\/12\/31\/ex-gremio-diego-costa-e-oferecido-a-clube-da-serie-a\/"]}]},{"@type":"ImageObject","inLanguage":"pt-BR","@id":"https:\/\/www.gaveanews.com\/index.php\/2024\/12\/31\/ex-gremio-diego-costa-e-oferecido-a-clube-da-serie-a\/#primaryimage","url":"https:\/\/www.gaveanews.com\/wp-content\/uploads\/Diego-Costa-em-acao-pelo-Gremio.webp","contentUrl":"https:\/\/www.gaveanews.com\/wp-content\/uploads\/Diego-Costa-em-acao-pelo-Gremio.webp","width":842,"height":643,"caption":"Diego Costa em a\u00e7\u00e3o pelo Gr\u00eamio (Foto: Lucas Uebel\/Gr\u00eamio)"},{"@type":"BreadcrumbList","@id":"https:\/\/www.gaveanews.com\/index.php\/2024\/12\/31\/ex-gremio-diego-costa-e-oferecido-a-clube-da-serie-a\/#breadcrumb","itemListElement":[{"@type":"ListItem","position":1,"name":"Home","item":"https:\/\/www.gaveanews.com\/"},{"@type":"ListItem","position":2,"name":"Ex-Gr\u00eamio, Diego Costa \u00e9 oferecido a clube da S\u00e9rie A"}]},{"@type":"WebSite","@id":"https:\/\/www.gaveanews.com\/#website","url":"https:\/\/www.gaveanews.com\/","name":"G\u00e1vea News","description":"Veja todas as not\u00edcias sobre o Flamengo: Contrata\u00e7\u00f5es, categorias de base, resultados das partidas, tabela de classifica\u00e7\u00e3o, pr\u00f3ximos jogos!","potentialAction":[{"@type":"SearchAction","target":{"@type":"EntryPoint","urlTemplate":"https:\/\/www.gaveanews.com\/?s={search_term_string}"},"query-input":{"@type":"PropertyValueSpecification","valueRequired":true,"valueName":"search_term_string"}}],"inLanguage":"pt-BR"},{"@type":"Person","@id":"https:\/\/www.gaveanews.com\/#\/schema\/person\/f42654babcd2b2014a1a65af82b081f1","name":"Geovanna Thomaz","image":{"@type":"ImageObject","inLanguage":"pt-BR","@id":"https:\/\/www.gaveanews.com\/#\/schema\/person\/image\/","url":"https:\/\/secure.gravatar.com\/avatar\/4092073255489533afb558984b49b64268c47198af8623cc82a925ae9fb7118a?s=96&d=mm&r=g","contentUrl":"https:\/\/secure.gravatar.com\/avatar\/4092073255489533afb558984b49b64268c47198af8623cc82a925ae9fb7118a?s=96&d=mm&r=g","caption":"Geovanna Thomaz"}}]}},"_links":{"self":[{"href":"https:\/\/www.gaveanews.com\/index.php\/wp-json\/wp\/v2\/posts\/205785","targetHints":{"allow":["GET"]}}],"collection":[{"href":"https:\/\/www.gaveanews.com\/index.php\/wp-json\/wp\/v2\/posts"}],"about":[{"href":"https:\/\/www.gaveanews.com\/index.php\/wp-json\/wp\/v2\/types\/post"}],"author":[{"embeddable":true,"href":"https:\/\/www.gaveanews.com\/index.php\/wp-json\/wp\/v2\/users\/17"}],"replies":[{"embeddable":true,"href":"https:\/\/www.gaveanews.com\/index.php\/wp-json\/wp\/v2\/comments?post=205785"}],"version-history":[{"count":1,"href":"https:\/\/www.gaveanews.com\/index.php\/wp-json\/wp\/v2\/posts\/205785\/revisions"}],"predecessor-version":[{"id":205793,"href":"https:\/\/www.gaveanews.com\/index.php\/wp-json\/wp\/v2\/posts\/205785\/revisions\/205793"}],"wp:featuredmedia":[{"embeddable":true,"href":"https:\/\/www.gaveanews.com\/index.php\/wp-json\/wp\/v2\/media\/173103"}],"wp:attachment":[{"href":"https:\/\/www.gaveanews.com\/index.php\/wp-json\/wp\/v2\/media?parent=205785"}],"wp:term":[{"taxonomy":"category","embeddable":true,"href":"https:\/\/www.gaveanews.com\/index.php\/wp-json\/wp\/v2\/categories?post=205785"},{"taxonomy":"post_tag","embeddable":true,"href":"https:\/\/www.gaveanews.com\/index.php\/wp-json\/wp\/v2\/tags?post=205785"}],"curies":[{"name":"wp","href":"https:\/\/api.w.org\/{rel}","templated":true}]}}