{"id":205802,"date":"2024-12-31T02:50:00","date_gmt":"2024-12-31T05:50:00","guid":{"rendered":"https:\/\/www.gaveanews.com\/?p=205802"},"modified":"2024-12-30T21:23:44","modified_gmt":"2024-12-31T00:23:44","slug":"veja-o-motivo-para-fernando-diniz-nao-ter-sido-demitido-do-cruzeiro","status":"publish","type":"post","link":"https:\/\/www.gaveanews.com\/index.php\/2024\/12\/31\/veja-o-motivo-para-fernando-diniz-nao-ter-sido-demitido-do-cruzeiro\/","title":{"rendered":"Veja o motivo para Fernando Diniz n\u00e3o ter sido demitido do Cruzeiro"},"content":{"rendered":"\n<p>Com a reta final melanc\u00f3lica do Cruzeiro em 2024, tudo indicava que Fernando Diniz seria demitido. A imprensa mineira chegou a repercutir a troca de comando, algo que gerou revolta no treinador. Ele fez um forte desabafo durante a entrevista coletiva ap\u00f3s o \u00faltimo jogo do Brasileir\u00e3o, mas depois ganhou respaldo do dono da SAF cruzeirense, Pedro Louren\u00e7o.<\/p>\n\n\n\n<ul class=\"wp-block-list\">\n<li><a href=\"https:\/\/www.gaveanews.com\/index.php\/2024\/12\/30\/cruzeiro-atitude-da-diretoria-revolta-a-torcida\/\">Cruzeiro: atitude da diretoria revolta a torcida<\/a><\/li>\n\n\n\n<li><a href=\"https:\/\/www.gaveanews.com\/index.php\/2024\/12\/30\/hulk-luciano-deyverson-reinaldo-diego-costa-erick-everson-felipe-melo-gabigol-gustavo-gomez-kannemann-marcal-matheus-pereira-pedro-raul-e-rafinha-os-jogadores-mais-chatos-do-futebol-bras\/\">Hulk, Luciano, Deyverson, Reinaldo, Diego Costa, Erick, Everson, Felipe Melo, Gabigol, Gustavo G\u00f3mez, Kannemann, Mar\u00e7al, Matheus Pereira, Pedro Raul e Rafinha: os jogadores mais chatos do futebol brasileiro<\/a><\/li>\n<\/ul>\n\n\n\n<p>Fernando Diniz parecia por um fio de ser demitido na \u00faltima temporada. A soma de resultados ruins, com o vice-campeonato na Copa Sul-Americana e a irrita\u00e7\u00e3o do torcedor, davam esse ind\u00edcio.&nbsp; Inclusive, ap\u00f3s a vit\u00f3ria sobre o Juventude, na despedida do Brasileir\u00e3o, ele fez um forte desabafo depois de ter visto na imprensa que a diretoria cruzeirense pensava em demiti-lo pouco menos de dois meses depois dele assumir o clube.<\/p>\n\n\n\n<p>Para os defensores da demiss\u00e3o, havia justificativas. Sob o comando dele, a Raposa fez 15 partidas, venceu 3, empatou 6 e perdeu outras 6.<\/p>\n\n\n\n<p>No entanto, apesar de toda a confus\u00e3o ap\u00f3s o desfecho do Campeonato Brasileiro, ele se reuniu com os mandat\u00e1rios celestes e recebeu respaldo para permanecer em Belo Horizonte, por alguns motivos.<\/p>\n\n\n\n<p>Ele \u00e9 tido como um treinador experiente, que sabe trabalhar com jogadores medalh\u00f5es, a exemplo do trabalho dele no Fluminense. Diniz tamb\u00e9m tem perfil vitorioso, por conta da conquista in\u00e9dita da Copa Libertadores da Am\u00e9rica, da Recopa Sul-Americana e do Campeonato Carioca com o Tricolor das Laranjeiras.<\/p>\n\n\n\n<p>O presidente Pedro Louren\u00e7o deu um voto de confian\u00e7a a mais para o t\u00e9cnico por esses motivos e por entender que ele poder\u00e1 gerir bem o vesti\u00e1rio do time que est\u00e1 montando. Al\u00e9m das contrata\u00e7\u00f5es anunciadas como de Bolasie e Dudu, tudo indica que o meio-campista Eduardo, Gabigol e Fagner podem desembarcar na Toca.<\/p>\n\n\n\n<p>Um dos pontos que o mandat\u00e1rio mineiro acredita que causou o fracasso do Cruzeiro em 2024 foi a aus\u00eancia de jogadores considerados vencedores. Mirar em medalh\u00f5es vem com a inten\u00e7\u00e3o de mitigar esse problema que foi identificado e a miss\u00e3o \u00e9 de Fernando Diniz fazer essa jun\u00e7\u00e3o funcionar.<\/p>\n","protected":false},"excerpt":{"rendered":"<p>Com a reta final melanc\u00f3lica do Cruzeiro em 2024, tudo indicava que Fernando Diniz seria demitido. A imprensa mineira chegou a repercutir a troca de comando, algo que gerou revolta no treinador. Ele fez um forte desabafo durante a entrevista coletiva ap\u00f3s o \u00faltimo jogo do Brasileir\u00e3o, mas depois ganhou respaldo do dono da SAF [&hellip;]<\/p>\n","protected":false},"author":29,"featured_media":169051,"comment_status":"open","ping_status":"closed","sticky":false,"template":"","format":"standard","meta":{"footnotes":""},"categories":[143],"tags":[],"class_list":["post-205802","post","type-post","status-publish","format-standard","has-post-thumbnail","hentry","category-cruzeiro"],"yoast_head":"<!-- This site is optimized with the Yoast SEO Premium plugin v24.2 (Yoast SEO v26.9) - https:\/\/yoast.com\/product\/yoast-seo-premium-wordpress\/ -->\n<title>Veja o motivo para Fernando Diniz n\u00e3o ter sido demitido do Cruzeiro<\/title>\n<meta name=\"robots\" content=\"index, follow, max-snippet:-1, max-image-preview:large, max-video-preview:-1\" \/>\n<link rel=\"canonical\" href=\"https:\/\/www.gaveanews.com\/index.php\/2024\/12\/31\/veja-o-motivo-para-fernando-diniz-nao-ter-sido-demitido-do-cruzeiro\/\" \/>\n<meta property=\"og:locale\" content=\"pt_BR\" \/>\n<meta property=\"og:type\" content=\"article\" \/>\n<meta property=\"og:title\" content=\"Veja o motivo para Fernando Diniz n\u00e3o ter sido demitido do Cruzeiro\" \/>\n<meta property=\"og:description\" content=\"Com a reta final melanc\u00f3lica do Cruzeiro em 2024, tudo indicava que Fernando Diniz seria demitido. A imprensa mineira chegou a repercutir a troca de comando, algo que gerou revolta no treinador. Ele fez um forte desabafo durante a entrevista coletiva ap\u00f3s o \u00faltimo jogo do Brasileir\u00e3o, mas depois ganhou respaldo do dono da SAF [&hellip;]\" \/>\n<meta property=\"og:url\" content=\"https:\/\/www.gaveanews.com\/index.php\/2024\/12\/31\/veja-o-motivo-para-fernando-diniz-nao-ter-sido-demitido-do-cruzeiro\/\" \/>\n<meta property=\"og:site_name\" content=\"G\u00e1vea News\" \/>\n<meta property=\"article:publisher\" content=\"https:\/\/facebook.com\/gaveaNews\/\" \/>\n<meta property=\"article:published_time\" content=\"2024-12-31T05:50:00+00:00\" \/>\n<meta property=\"og:image\" content=\"https:\/\/www.gaveanews.com\/wp-content\/uploads\/Fernando-Diniz-durante-apresentacao-no-Cruzeiro.webp\" \/>\n\t<meta property=\"og:image:width\" content=\"1353\" \/>\n\t<meta property=\"og:image:height\" content=\"902\" \/>\n\t<meta property=\"og:image:type\" content=\"image\/webp\" \/>\n<meta name=\"author\" content=\"Marco Menezes\" \/>\n<meta name=\"twitter:card\" content=\"summary_large_image\" \/>\n<meta name=\"twitter:label1\" content=\"Escrito por\" \/>\n\t<meta name=\"twitter:data1\" content=\"Marco Menezes\" \/>\n\t<meta name=\"twitter:label2\" content=\"Est. tempo de leitura\" \/>\n\t<meta name=\"twitter:data2\" content=\"3 minutos\" \/>\n<script type=\"application\/ld+json\" class=\"yoast-schema-graph\">{\"@context\":\"https:\/\/schema.org\",\"@graph\":[{\"@type\":\"NewsArticle\",\"@id\":\"https:\/\/www.gaveanews.com\/index.php\/2024\/12\/31\/veja-o-motivo-para-fernando-diniz-nao-ter-sido-demitido-do-cruzeiro\/#article\",\"isPartOf\":{\"@id\":\"https:\/\/www.gaveanews.com\/index.php\/2024\/12\/31\/veja-o-motivo-para-fernando-diniz-nao-ter-sido-demitido-do-cruzeiro\/\"},\"author\":{\"name\":\"Marco Menezes\",\"@id\":\"https:\/\/www.gaveanews.com\/#\/schema\/person\/a9f62fe75380c6bada1b2fc49bc23d69\"},\"headline\":\"Veja o motivo para Fernando Diniz n\u00e3o ter sido demitido do Cruzeiro\",\"datePublished\":\"2024-12-31T05:50:00+00:00\",\"mainEntityOfPage\":{\"@id\":\"https:\/\/www.gaveanews.com\/index.php\/2024\/12\/31\/veja-o-motivo-para-fernando-diniz-nao-ter-sido-demitido-do-cruzeiro\/\"},\"wordCount\":404,\"commentCount\":0,\"image\":{\"@id\":\"https:\/\/www.gaveanews.com\/index.php\/2024\/12\/31\/veja-o-motivo-para-fernando-diniz-nao-ter-sido-demitido-do-cruzeiro\/#primaryimage\"},\"thumbnailUrl\":\"https:\/\/www.gaveanews.com\/wp-content\/uploads\/Fernando-Diniz-durante-apresentacao-no-Cruzeiro.webp\",\"articleSection\":[\"Cruzeiro\"],\"inLanguage\":\"pt-BR\",\"potentialAction\":[{\"@type\":\"CommentAction\",\"name\":\"Comment\",\"target\":[\"https:\/\/www.gaveanews.com\/index.php\/2024\/12\/31\/veja-o-motivo-para-fernando-diniz-nao-ter-sido-demitido-do-cruzeiro\/#respond\"]}],\"copyrightYear\":\"2024\",\"copyrightHolder\":{\"@id\":\"https:\/\/www.gaveanews.com\/#organization\"}},{\"@type\":\"WebPage\",\"@id\":\"https:\/\/www.gaveanews.com\/index.php\/2024\/12\/31\/veja-o-motivo-para-fernando-diniz-nao-ter-sido-demitido-do-cruzeiro\/\",\"url\":\"https:\/\/www.gaveanews.com\/index.php\/2024\/12\/31\/veja-o-motivo-para-fernando-diniz-nao-ter-sido-demitido-do-cruzeiro\/\",\"name\":\"Veja o motivo para Fernando Diniz n\u00e3o ter sido demitido do Cruzeiro\",\"isPartOf\":{\"@id\":\"https:\/\/www.gaveanews.com\/#website\"},\"primaryImageOfPage\":{\"@id\":\"https:\/\/www.gaveanews.com\/index.php\/2024\/12\/31\/veja-o-motivo-para-fernando-diniz-nao-ter-sido-demitido-do-cruzeiro\/#primaryimage\"},\"image\":{\"@id\":\"https:\/\/www.gaveanews.com\/index.php\/2024\/12\/31\/veja-o-motivo-para-fernando-diniz-nao-ter-sido-demitido-do-cruzeiro\/#primaryimage\"},\"thumbnailUrl\":\"https:\/\/www.gaveanews.com\/wp-content\/uploads\/Fernando-Diniz-durante-apresentacao-no-Cruzeiro.webp\",\"datePublished\":\"2024-12-31T05:50:00+00:00\",\"author\":{\"@id\":\"https:\/\/www.gaveanews.com\/#\/schema\/person\/a9f62fe75380c6bada1b2fc49bc23d69\"},\"breadcrumb\":{\"@id\":\"https:\/\/www.gaveanews.com\/index.php\/2024\/12\/31\/veja-o-motivo-para-fernando-diniz-nao-ter-sido-demitido-do-cruzeiro\/#breadcrumb\"},\"inLanguage\":\"pt-BR\",\"potentialAction\":[{\"@type\":\"ReadAction\",\"target\":[\"https:\/\/www.gaveanews.com\/index.php\/2024\/12\/31\/veja-o-motivo-para-fernando-diniz-nao-ter-sido-demitido-do-cruzeiro\/\"]}]},{\"@type\":\"ImageObject\",\"inLanguage\":\"pt-BR\",\"@id\":\"https:\/\/www.gaveanews.com\/index.php\/2024\/12\/31\/veja-o-motivo-para-fernando-diniz-nao-ter-sido-demitido-do-cruzeiro\/#primaryimage\",\"url\":\"https:\/\/www.gaveanews.com\/wp-content\/uploads\/Fernando-Diniz-durante-apresentacao-no-Cruzeiro.webp\",\"contentUrl\":\"https:\/\/www.gaveanews.com\/wp-content\/uploads\/Fernando-Diniz-durante-apresentacao-no-Cruzeiro.webp\",\"width\":1353,\"height\":902,\"caption\":\"Fernando Diniz durante apresenta\u00e7\u00e3o no Cruzeiro (Foto: Gustavo Aleixo\/Cruzeiro)\"},{\"@type\":\"BreadcrumbList\",\"@id\":\"https:\/\/www.gaveanews.com\/index.php\/2024\/12\/31\/veja-o-motivo-para-fernando-diniz-nao-ter-sido-demitido-do-cruzeiro\/#breadcrumb\",\"itemListElement\":[{\"@type\":\"ListItem\",\"position\":1,\"name\":\"Home\",\"item\":\"https:\/\/www.gaveanews.com\/\"},{\"@type\":\"ListItem\",\"position\":2,\"name\":\"Veja o motivo para Fernando Diniz n\u00e3o ter sido demitido do Cruzeiro\"}]},{\"@type\":\"WebSite\",\"@id\":\"https:\/\/www.gaveanews.com\/#website\",\"url\":\"https:\/\/www.gaveanews.com\/\",\"name\":\"G\u00e1vea News\",\"description\":\"Veja todas as not\u00edcias sobre o Flamengo: Contrata\u00e7\u00f5es, categorias de base, resultados das partidas, tabela de classifica\u00e7\u00e3o, pr\u00f3ximos jogos!\",\"potentialAction\":[{\"@type\":\"SearchAction\",\"target\":{\"@type\":\"EntryPoint\",\"urlTemplate\":\"https:\/\/www.gaveanews.com\/?s={search_term_string}\"},\"query-input\":{\"@type\":\"PropertyValueSpecification\",\"valueRequired\":true,\"valueName\":\"search_term_string\"}}],\"inLanguage\":\"pt-BR\"},{\"@type\":\"Person\",\"@id\":\"https:\/\/www.gaveanews.com\/#\/schema\/person\/a9f62fe75380c6bada1b2fc49bc23d69\",\"name\":\"Marco Menezes\",\"image\":{\"@type\":\"ImageObject\",\"inLanguage\":\"pt-BR\",\"@id\":\"https:\/\/www.gaveanews.com\/#\/schema\/person\/image\/\",\"url\":\"https:\/\/secure.gravatar.com\/avatar\/a1d148ae17fc8bfc5dbccffd07979e8bd2c9ba494221779de86ec2c7907b71ec?s=96&d=mm&r=g\",\"contentUrl\":\"https:\/\/secure.gravatar.com\/avatar\/a1d148ae17fc8bfc5dbccffd07979e8bd2c9ba494221779de86ec2c7907b71ec?s=96&d=mm&r=g\",\"caption\":\"Marco Menezes\"}}]}<\/script>\n<!-- \/ Yoast SEO Premium plugin. -->","yoast_head_json":{"title":"Veja o motivo para Fernando Diniz n\u00e3o ter sido demitido do Cruzeiro","robots":{"index":"index","follow":"follow","max-snippet":"max-snippet:-1","max-image-preview":"max-image-preview:large","max-video-preview":"max-video-preview:-1"},"canonical":"https:\/\/www.gaveanews.com\/index.php\/2024\/12\/31\/veja-o-motivo-para-fernando-diniz-nao-ter-sido-demitido-do-cruzeiro\/","og_locale":"pt_BR","og_type":"article","og_title":"Veja o motivo para Fernando Diniz n\u00e3o ter sido demitido do Cruzeiro","og_description":"Com a reta final melanc\u00f3lica do Cruzeiro em 2024, tudo indicava que Fernando Diniz seria demitido. A imprensa mineira chegou a repercutir a troca de comando, algo que gerou revolta no treinador. Ele fez um forte desabafo durante a entrevista coletiva ap\u00f3s o \u00faltimo jogo do Brasileir\u00e3o, mas depois ganhou respaldo do dono da SAF [&hellip;]","og_url":"https:\/\/www.gaveanews.com\/index.php\/2024\/12\/31\/veja-o-motivo-para-fernando-diniz-nao-ter-sido-demitido-do-cruzeiro\/","og_site_name":"G\u00e1vea News","article_publisher":"https:\/\/facebook.com\/gaveaNews\/","article_published_time":"2024-12-31T05:50:00+00:00","og_image":[{"width":1353,"height":902,"url":"https:\/\/www.gaveanews.com\/wp-content\/uploads\/Fernando-Diniz-durante-apresentacao-no-Cruzeiro.webp","type":"image\/webp"}],"author":"Marco Menezes","twitter_card":"summary_large_image","twitter_misc":{"Escrito por":"Marco Menezes","Est. tempo de leitura":"3 minutos"},"schema":{"@context":"https:\/\/schema.org","@graph":[{"@type":"NewsArticle","@id":"https:\/\/www.gaveanews.com\/index.php\/2024\/12\/31\/veja-o-motivo-para-fernando-diniz-nao-ter-sido-demitido-do-cruzeiro\/#article","isPartOf":{"@id":"https:\/\/www.gaveanews.com\/index.php\/2024\/12\/31\/veja-o-motivo-para-fernando-diniz-nao-ter-sido-demitido-do-cruzeiro\/"},"author":{"name":"Marco Menezes","@id":"https:\/\/www.gaveanews.com\/#\/schema\/person\/a9f62fe75380c6bada1b2fc49bc23d69"},"headline":"Veja o motivo para Fernando Diniz n\u00e3o ter sido demitido do Cruzeiro","datePublished":"2024-12-31T05:50:00+00:00","mainEntityOfPage":{"@id":"https:\/\/www.gaveanews.com\/index.php\/2024\/12\/31\/veja-o-motivo-para-fernando-diniz-nao-ter-sido-demitido-do-cruzeiro\/"},"wordCount":404,"commentCount":0,"image":{"@id":"https:\/\/www.gaveanews.com\/index.php\/2024\/12\/31\/veja-o-motivo-para-fernando-diniz-nao-ter-sido-demitido-do-cruzeiro\/#primaryimage"},"thumbnailUrl":"https:\/\/www.gaveanews.com\/wp-content\/uploads\/Fernando-Diniz-durante-apresentacao-no-Cruzeiro.webp","articleSection":["Cruzeiro"],"inLanguage":"pt-BR","potentialAction":[{"@type":"CommentAction","name":"Comment","target":["https:\/\/www.gaveanews.com\/index.php\/2024\/12\/31\/veja-o-motivo-para-fernando-diniz-nao-ter-sido-demitido-do-cruzeiro\/#respond"]}],"copyrightYear":"2024","copyrightHolder":{"@id":"https:\/\/www.gaveanews.com\/#organization"}},{"@type":"WebPage","@id":"https:\/\/www.gaveanews.com\/index.php\/2024\/12\/31\/veja-o-motivo-para-fernando-diniz-nao-ter-sido-demitido-do-cruzeiro\/","url":"https:\/\/www.gaveanews.com\/index.php\/2024\/12\/31\/veja-o-motivo-para-fernando-diniz-nao-ter-sido-demitido-do-cruzeiro\/","name":"Veja o motivo para Fernando Diniz n\u00e3o ter sido demitido do Cruzeiro","isPartOf":{"@id":"https:\/\/www.gaveanews.com\/#website"},"primaryImageOfPage":{"@id":"https:\/\/www.gaveanews.com\/index.php\/2024\/12\/31\/veja-o-motivo-para-fernando-diniz-nao-ter-sido-demitido-do-cruzeiro\/#primaryimage"},"image":{"@id":"https:\/\/www.gaveanews.com\/index.php\/2024\/12\/31\/veja-o-motivo-para-fernando-diniz-nao-ter-sido-demitido-do-cruzeiro\/#primaryimage"},"thumbnailUrl":"https:\/\/www.gaveanews.com\/wp-content\/uploads\/Fernando-Diniz-durante-apresentacao-no-Cruzeiro.webp","datePublished":"2024-12-31T05:50:00+00:00","author":{"@id":"https:\/\/www.gaveanews.com\/#\/schema\/person\/a9f62fe75380c6bada1b2fc49bc23d69"},"breadcrumb":{"@id":"https:\/\/www.gaveanews.com\/index.php\/2024\/12\/31\/veja-o-motivo-para-fernando-diniz-nao-ter-sido-demitido-do-cruzeiro\/#breadcrumb"},"inLanguage":"pt-BR","potentialAction":[{"@type":"ReadAction","target":["https:\/\/www.gaveanews.com\/index.php\/2024\/12\/31\/veja-o-motivo-para-fernando-diniz-nao-ter-sido-demitido-do-cruzeiro\/"]}]},{"@type":"ImageObject","inLanguage":"pt-BR","@id":"https:\/\/www.gaveanews.com\/index.php\/2024\/12\/31\/veja-o-motivo-para-fernando-diniz-nao-ter-sido-demitido-do-cruzeiro\/#primaryimage","url":"https:\/\/www.gaveanews.com\/wp-content\/uploads\/Fernando-Diniz-durante-apresentacao-no-Cruzeiro.webp","contentUrl":"https:\/\/www.gaveanews.com\/wp-content\/uploads\/Fernando-Diniz-durante-apresentacao-no-Cruzeiro.webp","width":1353,"height":902,"caption":"Fernando Diniz durante apresenta\u00e7\u00e3o no Cruzeiro (Foto: Gustavo Aleixo\/Cruzeiro)"},{"@type":"BreadcrumbList","@id":"https:\/\/www.gaveanews.com\/index.php\/2024\/12\/31\/veja-o-motivo-para-fernando-diniz-nao-ter-sido-demitido-do-cruzeiro\/#breadcrumb","itemListElement":[{"@type":"ListItem","position":1,"name":"Home","item":"https:\/\/www.gaveanews.com\/"},{"@type":"ListItem","position":2,"name":"Veja o motivo para Fernando Diniz n\u00e3o ter sido demitido do Cruzeiro"}]},{"@type":"WebSite","@id":"https:\/\/www.gaveanews.com\/#website","url":"https:\/\/www.gaveanews.com\/","name":"G\u00e1vea News","description":"Veja todas as not\u00edcias sobre o Flamengo: Contrata\u00e7\u00f5es, categorias de base, resultados das partidas, tabela de classifica\u00e7\u00e3o, pr\u00f3ximos jogos!","potentialAction":[{"@type":"SearchAction","target":{"@type":"EntryPoint","urlTemplate":"https:\/\/www.gaveanews.com\/?s={search_term_string}"},"query-input":{"@type":"PropertyValueSpecification","valueRequired":true,"valueName":"search_term_string"}}],"inLanguage":"pt-BR"},{"@type":"Person","@id":"https:\/\/www.gaveanews.com\/#\/schema\/person\/a9f62fe75380c6bada1b2fc49bc23d69","name":"Marco Menezes","image":{"@type":"ImageObject","inLanguage":"pt-BR","@id":"https:\/\/www.gaveanews.com\/#\/schema\/person\/image\/","url":"https:\/\/secure.gravatar.com\/avatar\/a1d148ae17fc8bfc5dbccffd07979e8bd2c9ba494221779de86ec2c7907b71ec?s=96&d=mm&r=g","contentUrl":"https:\/\/secure.gravatar.com\/avatar\/a1d148ae17fc8bfc5dbccffd07979e8bd2c9ba494221779de86ec2c7907b71ec?s=96&d=mm&r=g","caption":"Marco Menezes"}}]}},"_links":{"self":[{"href":"https:\/\/www.gaveanews.com\/index.php\/wp-json\/wp\/v2\/posts\/205802","targetHints":{"allow":["GET"]}}],"collection":[{"href":"https:\/\/www.gaveanews.com\/index.php\/wp-json\/wp\/v2\/posts"}],"about":[{"href":"https:\/\/www.gaveanews.com\/index.php\/wp-json\/wp\/v2\/types\/post"}],"author":[{"embeddable":true,"href":"https:\/\/www.gaveanews.com\/index.php\/wp-json\/wp\/v2\/users\/29"}],"replies":[{"embeddable":true,"href":"https:\/\/www.gaveanews.com\/index.php\/wp-json\/wp\/v2\/comments?post=205802"}],"version-history":[{"count":1,"href":"https:\/\/www.gaveanews.com\/index.php\/wp-json\/wp\/v2\/posts\/205802\/revisions"}],"predecessor-version":[{"id":205807,"href":"https:\/\/www.gaveanews.com\/index.php\/wp-json\/wp\/v2\/posts\/205802\/revisions\/205807"}],"wp:featuredmedia":[{"embeddable":true,"href":"https:\/\/www.gaveanews.com\/index.php\/wp-json\/wp\/v2\/media\/169051"}],"wp:attachment":[{"href":"https:\/\/www.gaveanews.com\/index.php\/wp-json\/wp\/v2\/media?parent=205802"}],"wp:term":[{"taxonomy":"category","embeddable":true,"href":"https:\/\/www.gaveanews.com\/index.php\/wp-json\/wp\/v2\/categories?post=205802"},{"taxonomy":"post_tag","embeddable":true,"href":"https:\/\/www.gaveanews.com\/index.php\/wp-json\/wp\/v2\/tags?post=205802"}],"curies":[{"name":"wp","href":"https:\/\/api.w.org\/{rel}","templated":true}]}}