{"id":205805,"date":"2024-12-31T03:20:00","date_gmt":"2024-12-31T06:20:00","guid":{"rendered":"https:\/\/www.gaveanews.com\/?p=205805"},"modified":"2024-12-30T21:29:15","modified_gmt":"2024-12-31T00:29:15","slug":"a-publicacao-do-sport-direcionada-a-rodrygo-do-real-madrid","status":"publish","type":"post","link":"https:\/\/www.gaveanews.com\/index.php\/2024\/12\/31\/a-publicacao-do-sport-direcionada-a-rodrygo-do-real-madrid\/","title":{"rendered":"A publica\u00e7\u00e3o do Sport direcionada a Rodrygo, do Real Madrid"},"content":{"rendered":"\n<p>O jogador de futebol Rodrygo, que atua como atacante no Real Madrid, aproveita o per\u00edodo de recesso de fim de ano no Brasil. O atleta selecionou o estado de Pernambuco como destino para suas f\u00e9rias. Al\u00e9m disso, no \u00faltimo domingo, Rodrygo manifestou sua admira\u00e7\u00e3o pelo estado ao publicar uma fotografia vestindo a camisa do Sport em suas redes sociais.<\/p>\n\n\n\n<ul class=\"wp-block-list\">\n<li><a href=\"https:\/\/www.gaveanews.com\/index.php\/2024\/12\/30\/sport-esta-muito-proximo-de-anunciar-dois-reforcos\/\">Sport est\u00e1 muito pr\u00f3ximo de anunciar dois refor\u00e7os<\/a><\/li>\n\n\n\n<li><a href=\"https:\/\/www.gaveanews.com\/index.php\/2024\/12\/27\/real-madrid-a-declaracao-de-vini-jr-direcionada-a-cristiano-ronaldo\/\">Real Madrid: a declara\u00e7\u00e3o de Vini Jr direcionada a Cristiano Ronaldo<\/a><\/li>\n<\/ul>\n\n\n\n<p>Na referida publica\u00e7\u00e3o, Rodrygo demonstrou entusiasmo com a regi\u00e3o. Ele escreveu: \u201cObrigado, PE! A terrinha \u00e9 boa demais \u201d. Logo ap\u00f3s, o Sport Club do Recife respondeu \u00e0 postagem com o coment\u00e1rio: \u201cTerra boa e o manto melhor ainda! SPORT CLUB DO RECIFE!\u201d.<\/p>\n\n\n\n<blockquote class=\"twitter-tweet\"><p lang=\"pt\" dir=\"ltr\">Terra boa e o manto melhor ainda! SPORT CLUB DO RECIFE! \ud83d\ude0d\ud83e\udd81<\/p>&mdash; Sport Club do Recife (@sportrecife) <a href=\"https:\/\/twitter.com\/sportrecife\/status\/1873460457459286051?ref_src=twsrc%5Etfw\">December 29, 2024<\/a><\/blockquote> <script async src=\"https:\/\/platform.twitter.com\/widgets.js\" charset=\"utf-8\"><\/script>\n\n\n\n<h2 class=\"wp-block-heading\" id=\"h-ferias-no-litoral-e-encontro-com-ronaldinho-gaucho\">F\u00e9rias no litoral e encontro com Ronaldinho Ga\u00facho<\/h2>\n\n\n\n<p>Rodrygo desfruta das f\u00e9rias acompanhado de sua namorada, Bruna Rotta, e de um grupo de amigos. Entre os amigos, est\u00e1 o jogador Kayo Jorge, do Cruzeiro, que nasceu em Pernambuco. O atacante escolheu o Litoral Sul pernambucano como local de descanso e tem aproveitado as paisagens da regi\u00e3o.<\/p>\n\n\n\n<p>Desde a \u00faltima sexta-feira, Rodrygo tem compartilhado diversas imagens de sua estadia em Pernambuco. Assim sendo, uma das fotos que mais chamou a aten\u00e7\u00e3o do p\u00fablico foi a que ele publicou ao lado de Ronaldinho Ga\u00facho. Este \u00faltimo tamb\u00e9m est\u00e1 no estado e alugou uma resid\u00eancia na praia de Maraca\u00edpe.<\/p>\n\n\n\n<p>Consequentemente, Rodrygo deve retornar em breve a Madrid para iniciar os preparativos para o pr\u00f3ximo jogo do Real Madrid. Isso porque o time madrilenho enfrentar\u00e1 o Valencia no Est\u00e1dio Mestalla. O confronto, v\u00e1lido pela 12\u00aa rodada do Campeonato Espanhol, ocorrer\u00e1 na sexta-feira, dia 3 de janeiro, \u00e0s 17h.<\/p>\n\n\n\n<p>Ademais, \u00e9 v\u00e1lido lembrar que o Sport garantiu o acesso \u00e0 S\u00e9rie A do Campeonato Brasileiro na pr\u00f3xima temporada. A equipe somou 66 pontos na tabela da S\u00e9rie B, ficando atr\u00e1s apenas de Santos e Mirassol na classifica\u00e7\u00e3o final.<\/p>\n","protected":false},"excerpt":{"rendered":"<p>O jogador de futebol Rodrygo, que atua como atacante no Real Madrid, aproveita o per\u00edodo de recesso de fim de ano no Brasil. O atleta selecionou o estado de Pernambuco como destino para suas f\u00e9rias. Al\u00e9m disso, no \u00faltimo domingo, Rodrygo manifestou sua admira\u00e7\u00e3o pelo estado ao publicar uma fotografia vestindo a camisa do Sport [&hellip;]<\/p>\n","protected":false},"author":28,"featured_media":94011,"comment_status":"open","ping_status":"closed","sticky":false,"template":"","format":"standard","meta":{"footnotes":""},"categories":[88,154],"tags":[],"class_list":["post-205805","post","type-post","status-publish","format-standard","has-post-thumbnail","hentry","category-real-madrid","category-sport"],"yoast_head":"<!-- This site is optimized with the Yoast SEO Premium plugin v24.2 (Yoast SEO v26.9) - https:\/\/yoast.com\/product\/yoast-seo-premium-wordpress\/ -->\n<title>A publica\u00e7\u00e3o do Sport direcionada a Rodrygo, do Real Madrid<\/title>\n<meta name=\"robots\" content=\"index, follow, max-snippet:-1, max-image-preview:large, max-video-preview:-1\" \/>\n<link rel=\"canonical\" href=\"https:\/\/www.gaveanews.com\/index.php\/2024\/12\/31\/a-publicacao-do-sport-direcionada-a-rodrygo-do-real-madrid\/\" \/>\n<meta property=\"og:locale\" content=\"pt_BR\" \/>\n<meta property=\"og:type\" content=\"article\" \/>\n<meta property=\"og:title\" content=\"A publica\u00e7\u00e3o do Sport direcionada a Rodrygo, do Real Madrid\" \/>\n<meta property=\"og:description\" content=\"O jogador de futebol Rodrygo, que atua como atacante no Real Madrid, aproveita o per\u00edodo de recesso de fim de ano no Brasil. O atleta selecionou o estado de Pernambuco como destino para suas f\u00e9rias. Al\u00e9m disso, no \u00faltimo domingo, Rodrygo manifestou sua admira\u00e7\u00e3o pelo estado ao publicar uma fotografia vestindo a camisa do Sport [&hellip;]\" \/>\n<meta property=\"og:url\" content=\"https:\/\/www.gaveanews.com\/index.php\/2024\/12\/31\/a-publicacao-do-sport-direcionada-a-rodrygo-do-real-madrid\/\" \/>\n<meta property=\"og:site_name\" content=\"G\u00e1vea News\" \/>\n<meta property=\"article:publisher\" content=\"https:\/\/facebook.com\/gaveaNews\/\" \/>\n<meta property=\"article:published_time\" content=\"2024-12-31T06:20:00+00:00\" \/>\n<meta property=\"og:image\" content=\"https:\/\/www.gaveanews.com\/wp-content\/uploads\/rodrygo-real-madrid.webp\" \/>\n\t<meta property=\"og:image:width\" content=\"846\" \/>\n\t<meta property=\"og:image:height\" content=\"564\" \/>\n\t<meta property=\"og:image:type\" content=\"image\/webp\" \/>\n<meta name=\"author\" content=\"Hudson Pereira\" \/>\n<meta name=\"twitter:card\" content=\"summary_large_image\" \/>\n<meta name=\"twitter:label1\" content=\"Escrito por\" \/>\n\t<meta name=\"twitter:data1\" content=\"Hudson Pereira\" \/>\n\t<meta name=\"twitter:label2\" content=\"Est. tempo de leitura\" \/>\n\t<meta name=\"twitter:data2\" content=\"2 minutos\" \/>\n<script type=\"application\/ld+json\" class=\"yoast-schema-graph\">{\"@context\":\"https:\/\/schema.org\",\"@graph\":[{\"@type\":\"NewsArticle\",\"@id\":\"https:\/\/www.gaveanews.com\/index.php\/2024\/12\/31\/a-publicacao-do-sport-direcionada-a-rodrygo-do-real-madrid\/#article\",\"isPartOf\":{\"@id\":\"https:\/\/www.gaveanews.com\/index.php\/2024\/12\/31\/a-publicacao-do-sport-direcionada-a-rodrygo-do-real-madrid\/\"},\"author\":{\"name\":\"Hudson Pereira\",\"@id\":\"https:\/\/www.gaveanews.com\/#\/schema\/person\/bd08f00534b403119b92741a6d469ef0\"},\"headline\":\"A publica\u00e7\u00e3o do Sport direcionada a Rodrygo, do Real Madrid\",\"datePublished\":\"2024-12-31T06:20:00+00:00\",\"mainEntityOfPage\":{\"@id\":\"https:\/\/www.gaveanews.com\/index.php\/2024\/12\/31\/a-publicacao-do-sport-direcionada-a-rodrygo-do-real-madrid\/\"},\"wordCount\":365,\"commentCount\":0,\"image\":{\"@id\":\"https:\/\/www.gaveanews.com\/index.php\/2024\/12\/31\/a-publicacao-do-sport-direcionada-a-rodrygo-do-real-madrid\/#primaryimage\"},\"thumbnailUrl\":\"https:\/\/www.gaveanews.com\/wp-content\/uploads\/rodrygo-real-madrid.webp\",\"articleSection\":[\"Real Madrid\",\"Sport\"],\"inLanguage\":\"pt-BR\",\"potentialAction\":[{\"@type\":\"CommentAction\",\"name\":\"Comment\",\"target\":[\"https:\/\/www.gaveanews.com\/index.php\/2024\/12\/31\/a-publicacao-do-sport-direcionada-a-rodrygo-do-real-madrid\/#respond\"]}],\"copyrightYear\":\"2024\",\"copyrightHolder\":{\"@id\":\"https:\/\/www.gaveanews.com\/#organization\"}},{\"@type\":\"WebPage\",\"@id\":\"https:\/\/www.gaveanews.com\/index.php\/2024\/12\/31\/a-publicacao-do-sport-direcionada-a-rodrygo-do-real-madrid\/\",\"url\":\"https:\/\/www.gaveanews.com\/index.php\/2024\/12\/31\/a-publicacao-do-sport-direcionada-a-rodrygo-do-real-madrid\/\",\"name\":\"A publica\u00e7\u00e3o do Sport direcionada a Rodrygo, do Real Madrid\",\"isPartOf\":{\"@id\":\"https:\/\/www.gaveanews.com\/#website\"},\"primaryImageOfPage\":{\"@id\":\"https:\/\/www.gaveanews.com\/index.php\/2024\/12\/31\/a-publicacao-do-sport-direcionada-a-rodrygo-do-real-madrid\/#primaryimage\"},\"image\":{\"@id\":\"https:\/\/www.gaveanews.com\/index.php\/2024\/12\/31\/a-publicacao-do-sport-direcionada-a-rodrygo-do-real-madrid\/#primaryimage\"},\"thumbnailUrl\":\"https:\/\/www.gaveanews.com\/wp-content\/uploads\/rodrygo-real-madrid.webp\",\"datePublished\":\"2024-12-31T06:20:00+00:00\",\"author\":{\"@id\":\"https:\/\/www.gaveanews.com\/#\/schema\/person\/bd08f00534b403119b92741a6d469ef0\"},\"breadcrumb\":{\"@id\":\"https:\/\/www.gaveanews.com\/index.php\/2024\/12\/31\/a-publicacao-do-sport-direcionada-a-rodrygo-do-real-madrid\/#breadcrumb\"},\"inLanguage\":\"pt-BR\",\"potentialAction\":[{\"@type\":\"ReadAction\",\"target\":[\"https:\/\/www.gaveanews.com\/index.php\/2024\/12\/31\/a-publicacao-do-sport-direcionada-a-rodrygo-do-real-madrid\/\"]}]},{\"@type\":\"ImageObject\",\"inLanguage\":\"pt-BR\",\"@id\":\"https:\/\/www.gaveanews.com\/index.php\/2024\/12\/31\/a-publicacao-do-sport-direcionada-a-rodrygo-do-real-madrid\/#primaryimage\",\"url\":\"https:\/\/www.gaveanews.com\/wp-content\/uploads\/rodrygo-real-madrid.webp\",\"contentUrl\":\"https:\/\/www.gaveanews.com\/wp-content\/uploads\/rodrygo-real-madrid.webp\",\"width\":846,\"height\":564,\"caption\":\"Rodrygo em a\u00e7\u00e3o pelo Real Madrid no Mundial de Clubes (Foto: KHALED DESOUKI\/AFP)\"},{\"@type\":\"BreadcrumbList\",\"@id\":\"https:\/\/www.gaveanews.com\/index.php\/2024\/12\/31\/a-publicacao-do-sport-direcionada-a-rodrygo-do-real-madrid\/#breadcrumb\",\"itemListElement\":[{\"@type\":\"ListItem\",\"position\":1,\"name\":\"Home\",\"item\":\"https:\/\/www.gaveanews.com\/\"},{\"@type\":\"ListItem\",\"position\":2,\"name\":\"A publica\u00e7\u00e3o do Sport direcionada a Rodrygo, do Real Madrid\"}]},{\"@type\":\"WebSite\",\"@id\":\"https:\/\/www.gaveanews.com\/#website\",\"url\":\"https:\/\/www.gaveanews.com\/\",\"name\":\"G\u00e1vea News\",\"description\":\"Veja todas as not\u00edcias sobre o Flamengo: Contrata\u00e7\u00f5es, categorias de base, resultados das partidas, tabela de classifica\u00e7\u00e3o, pr\u00f3ximos jogos!\",\"potentialAction\":[{\"@type\":\"SearchAction\",\"target\":{\"@type\":\"EntryPoint\",\"urlTemplate\":\"https:\/\/www.gaveanews.com\/?s={search_term_string}\"},\"query-input\":{\"@type\":\"PropertyValueSpecification\",\"valueRequired\":true,\"valueName\":\"search_term_string\"}}],\"inLanguage\":\"pt-BR\"},{\"@type\":\"Person\",\"@id\":\"https:\/\/www.gaveanews.com\/#\/schema\/person\/bd08f00534b403119b92741a6d469ef0\",\"name\":\"Hudson Pereira\",\"image\":{\"@type\":\"ImageObject\",\"inLanguage\":\"pt-BR\",\"@id\":\"https:\/\/www.gaveanews.com\/#\/schema\/person\/image\/\",\"url\":\"https:\/\/secure.gravatar.com\/avatar\/ecc491b489e454e510efffc9b23c1052ce5fb4f2e05555768ba65819cd55f03e?s=96&d=mm&r=g\",\"contentUrl\":\"https:\/\/secure.gravatar.com\/avatar\/ecc491b489e454e510efffc9b23c1052ce5fb4f2e05555768ba65819cd55f03e?s=96&d=mm&r=g\",\"caption\":\"Hudson Pereira\"}}]}<\/script>\n<!-- \/ Yoast SEO Premium plugin. -->","yoast_head_json":{"title":"A publica\u00e7\u00e3o do Sport direcionada a Rodrygo, do Real Madrid","robots":{"index":"index","follow":"follow","max-snippet":"max-snippet:-1","max-image-preview":"max-image-preview:large","max-video-preview":"max-video-preview:-1"},"canonical":"https:\/\/www.gaveanews.com\/index.php\/2024\/12\/31\/a-publicacao-do-sport-direcionada-a-rodrygo-do-real-madrid\/","og_locale":"pt_BR","og_type":"article","og_title":"A publica\u00e7\u00e3o do Sport direcionada a Rodrygo, do Real Madrid","og_description":"O jogador de futebol Rodrygo, que atua como atacante no Real Madrid, aproveita o per\u00edodo de recesso de fim de ano no Brasil. O atleta selecionou o estado de Pernambuco como destino para suas f\u00e9rias. Al\u00e9m disso, no \u00faltimo domingo, Rodrygo manifestou sua admira\u00e7\u00e3o pelo estado ao publicar uma fotografia vestindo a camisa do Sport [&hellip;]","og_url":"https:\/\/www.gaveanews.com\/index.php\/2024\/12\/31\/a-publicacao-do-sport-direcionada-a-rodrygo-do-real-madrid\/","og_site_name":"G\u00e1vea News","article_publisher":"https:\/\/facebook.com\/gaveaNews\/","article_published_time":"2024-12-31T06:20:00+00:00","og_image":[{"width":846,"height":564,"url":"https:\/\/www.gaveanews.com\/wp-content\/uploads\/rodrygo-real-madrid.webp","type":"image\/webp"}],"author":"Hudson Pereira","twitter_card":"summary_large_image","twitter_misc":{"Escrito por":"Hudson Pereira","Est. tempo de leitura":"2 minutos"},"schema":{"@context":"https:\/\/schema.org","@graph":[{"@type":"NewsArticle","@id":"https:\/\/www.gaveanews.com\/index.php\/2024\/12\/31\/a-publicacao-do-sport-direcionada-a-rodrygo-do-real-madrid\/#article","isPartOf":{"@id":"https:\/\/www.gaveanews.com\/index.php\/2024\/12\/31\/a-publicacao-do-sport-direcionada-a-rodrygo-do-real-madrid\/"},"author":{"name":"Hudson Pereira","@id":"https:\/\/www.gaveanews.com\/#\/schema\/person\/bd08f00534b403119b92741a6d469ef0"},"headline":"A publica\u00e7\u00e3o do Sport direcionada a Rodrygo, do Real Madrid","datePublished":"2024-12-31T06:20:00+00:00","mainEntityOfPage":{"@id":"https:\/\/www.gaveanews.com\/index.php\/2024\/12\/31\/a-publicacao-do-sport-direcionada-a-rodrygo-do-real-madrid\/"},"wordCount":365,"commentCount":0,"image":{"@id":"https:\/\/www.gaveanews.com\/index.php\/2024\/12\/31\/a-publicacao-do-sport-direcionada-a-rodrygo-do-real-madrid\/#primaryimage"},"thumbnailUrl":"https:\/\/www.gaveanews.com\/wp-content\/uploads\/rodrygo-real-madrid.webp","articleSection":["Real Madrid","Sport"],"inLanguage":"pt-BR","potentialAction":[{"@type":"CommentAction","name":"Comment","target":["https:\/\/www.gaveanews.com\/index.php\/2024\/12\/31\/a-publicacao-do-sport-direcionada-a-rodrygo-do-real-madrid\/#respond"]}],"copyrightYear":"2024","copyrightHolder":{"@id":"https:\/\/www.gaveanews.com\/#organization"}},{"@type":"WebPage","@id":"https:\/\/www.gaveanews.com\/index.php\/2024\/12\/31\/a-publicacao-do-sport-direcionada-a-rodrygo-do-real-madrid\/","url":"https:\/\/www.gaveanews.com\/index.php\/2024\/12\/31\/a-publicacao-do-sport-direcionada-a-rodrygo-do-real-madrid\/","name":"A publica\u00e7\u00e3o do Sport direcionada a Rodrygo, do Real Madrid","isPartOf":{"@id":"https:\/\/www.gaveanews.com\/#website"},"primaryImageOfPage":{"@id":"https:\/\/www.gaveanews.com\/index.php\/2024\/12\/31\/a-publicacao-do-sport-direcionada-a-rodrygo-do-real-madrid\/#primaryimage"},"image":{"@id":"https:\/\/www.gaveanews.com\/index.php\/2024\/12\/31\/a-publicacao-do-sport-direcionada-a-rodrygo-do-real-madrid\/#primaryimage"},"thumbnailUrl":"https:\/\/www.gaveanews.com\/wp-content\/uploads\/rodrygo-real-madrid.webp","datePublished":"2024-12-31T06:20:00+00:00","author":{"@id":"https:\/\/www.gaveanews.com\/#\/schema\/person\/bd08f00534b403119b92741a6d469ef0"},"breadcrumb":{"@id":"https:\/\/www.gaveanews.com\/index.php\/2024\/12\/31\/a-publicacao-do-sport-direcionada-a-rodrygo-do-real-madrid\/#breadcrumb"},"inLanguage":"pt-BR","potentialAction":[{"@type":"ReadAction","target":["https:\/\/www.gaveanews.com\/index.php\/2024\/12\/31\/a-publicacao-do-sport-direcionada-a-rodrygo-do-real-madrid\/"]}]},{"@type":"ImageObject","inLanguage":"pt-BR","@id":"https:\/\/www.gaveanews.com\/index.php\/2024\/12\/31\/a-publicacao-do-sport-direcionada-a-rodrygo-do-real-madrid\/#primaryimage","url":"https:\/\/www.gaveanews.com\/wp-content\/uploads\/rodrygo-real-madrid.webp","contentUrl":"https:\/\/www.gaveanews.com\/wp-content\/uploads\/rodrygo-real-madrid.webp","width":846,"height":564,"caption":"Rodrygo em a\u00e7\u00e3o pelo Real Madrid no Mundial de Clubes (Foto: KHALED DESOUKI\/AFP)"},{"@type":"BreadcrumbList","@id":"https:\/\/www.gaveanews.com\/index.php\/2024\/12\/31\/a-publicacao-do-sport-direcionada-a-rodrygo-do-real-madrid\/#breadcrumb","itemListElement":[{"@type":"ListItem","position":1,"name":"Home","item":"https:\/\/www.gaveanews.com\/"},{"@type":"ListItem","position":2,"name":"A publica\u00e7\u00e3o do Sport direcionada a Rodrygo, do Real Madrid"}]},{"@type":"WebSite","@id":"https:\/\/www.gaveanews.com\/#website","url":"https:\/\/www.gaveanews.com\/","name":"G\u00e1vea News","description":"Veja todas as not\u00edcias sobre o Flamengo: Contrata\u00e7\u00f5es, categorias de base, resultados das partidas, tabela de classifica\u00e7\u00e3o, pr\u00f3ximos jogos!","potentialAction":[{"@type":"SearchAction","target":{"@type":"EntryPoint","urlTemplate":"https:\/\/www.gaveanews.com\/?s={search_term_string}"},"query-input":{"@type":"PropertyValueSpecification","valueRequired":true,"valueName":"search_term_string"}}],"inLanguage":"pt-BR"},{"@type":"Person","@id":"https:\/\/www.gaveanews.com\/#\/schema\/person\/bd08f00534b403119b92741a6d469ef0","name":"Hudson Pereira","image":{"@type":"ImageObject","inLanguage":"pt-BR","@id":"https:\/\/www.gaveanews.com\/#\/schema\/person\/image\/","url":"https:\/\/secure.gravatar.com\/avatar\/ecc491b489e454e510efffc9b23c1052ce5fb4f2e05555768ba65819cd55f03e?s=96&d=mm&r=g","contentUrl":"https:\/\/secure.gravatar.com\/avatar\/ecc491b489e454e510efffc9b23c1052ce5fb4f2e05555768ba65819cd55f03e?s=96&d=mm&r=g","caption":"Hudson Pereira"}}]}},"_links":{"self":[{"href":"https:\/\/www.gaveanews.com\/index.php\/wp-json\/wp\/v2\/posts\/205805","targetHints":{"allow":["GET"]}}],"collection":[{"href":"https:\/\/www.gaveanews.com\/index.php\/wp-json\/wp\/v2\/posts"}],"about":[{"href":"https:\/\/www.gaveanews.com\/index.php\/wp-json\/wp\/v2\/types\/post"}],"author":[{"embeddable":true,"href":"https:\/\/www.gaveanews.com\/index.php\/wp-json\/wp\/v2\/users\/28"}],"replies":[{"embeddable":true,"href":"https:\/\/www.gaveanews.com\/index.php\/wp-json\/wp\/v2\/comments?post=205805"}],"version-history":[{"count":5,"href":"https:\/\/www.gaveanews.com\/index.php\/wp-json\/wp\/v2\/posts\/205805\/revisions"}],"predecessor-version":[{"id":205853,"href":"https:\/\/www.gaveanews.com\/index.php\/wp-json\/wp\/v2\/posts\/205805\/revisions\/205853"}],"wp:featuredmedia":[{"embeddable":true,"href":"https:\/\/www.gaveanews.com\/index.php\/wp-json\/wp\/v2\/media\/94011"}],"wp:attachment":[{"href":"https:\/\/www.gaveanews.com\/index.php\/wp-json\/wp\/v2\/media?parent=205805"}],"wp:term":[{"taxonomy":"category","embeddable":true,"href":"https:\/\/www.gaveanews.com\/index.php\/wp-json\/wp\/v2\/categories?post=205805"},{"taxonomy":"post_tag","embeddable":true,"href":"https:\/\/www.gaveanews.com\/index.php\/wp-json\/wp\/v2\/tags?post=205805"}],"curies":[{"name":"wp","href":"https:\/\/api.w.org\/{rel}","templated":true}]}}