{"id":205822,"date":"2024-12-31T03:05:00","date_gmt":"2024-12-31T06:05:00","guid":{"rendered":"https:\/\/www.gaveanews.com\/?p=205822"},"modified":"2024-12-30T21:26:05","modified_gmt":"2024-12-31T00:26:05","slug":"oficial-fluminense-anuncia-chegada-de-mais-um-reforco","status":"publish","type":"post","link":"https:\/\/www.gaveanews.com\/index.php\/2024\/12\/31\/oficial-fluminense-anuncia-chegada-de-mais-um-reforco\/","title":{"rendered":"Oficial! Fluminense anuncia chegada de mais um refor\u00e7o"},"content":{"rendered":"\n<h2 class=\"wp-block-heading\" id=\"h-fluminense-confirma-joaquin-lavega-como-novo-reforco-para-2025\">Fluminense confirma Joaqu\u00edn Lavega como novo refor\u00e7o para 2025<\/h2>\n\n\n\n<p>O Fluminense oficializou nesta segunda-feira, 30, a contrata\u00e7\u00e3o do atacante uruguaio Joaqu\u00edn Lavega, que se junta ao elenco para a temporada 2025. O jogador de 19 anos, revela\u00e7\u00e3o do futebol uruguaio, chega do River Plate-URU e assinou contrato de cinco anos com o Tricolor das Laranjeiras.<\/p>\n\n\n\n<ul class=\"wp-block-list\">\n<li><a href=\"https:\/\/www.gaveanews.com\/index.php\/2024\/12\/30\/fluminense-atualizacao-sobre-lucas-arcanjo\/\">Fluminense: atualiza\u00e7\u00e3o sobre Lucas Arcanjo<\/a><\/li>\n\n\n\n<li><a href=\"https:\/\/www.gaveanews.com\/index.php\/2024\/12\/28\/fluminense-fecha-com-dois-reforcos\/\">Fluminense fecha com dois refor\u00e7os<\/a><\/li>\n<\/ul>\n\n\n\n<p>Ap\u00f3s realizar exames m\u00e9dicos, Lavega esteve no CT Carlos Castilho para finalizar o acordo. Em suas primeiras palavras como jogador do Fluminense, o atacante demonstrou entusiasmo com o novo desafio:<\/p>\n\n\n\n<p>\u201cEstou muito feliz e orgulhoso. Me sinto realizado e disposto a dar tudo por esta camisa. O Fluminense \u00e9 um grande clube, recebi \u00f3timas refer\u00eancias. Quando me falaram sobre a possibilidade de vir, n\u00e3o pensei duas vezes e estou muito contente de estar aqui\u201d, afirmou ao site oficial do clube.<\/p>\n\n\n\n<p>Lavega \u00e9 considerado uma das principais promessas do futebol uruguaio. Canhoto e vers\u00e1til, o atacante se destaca atuando pelas pontas e como segundo atacante. Na \u00faltima temporada, disputou 37 partidas pelo River Plate-URU, marcando 13 gols e contribuindo com duas assist\u00eancias.<\/p>\n\n\n\n<p>O jovem jogador j\u00e1 integrou convoca\u00e7\u00f5es da sele\u00e7\u00e3o principal do Uruguai sob o comando de Marcelo Bielsa, participando da prepara\u00e7\u00e3o para os jogos das Eliminat\u00f3rias da Copa do Mundo contra Peru e Equador. Embora n\u00e3o tenha sido utilizado, ele \u00e9 apontado como uma das esperan\u00e7as para o futuro do futebol uruguaio.<\/p>\n\n\n\n<p>Capit\u00e3o da sele\u00e7\u00e3o sub-20, Lavega participar\u00e1 do Campeonato Sul-Americano da categoria, que ser\u00e1 realizado no Peru entre 23 de janeiro e 16 de fevereiro de 2025. Ele se apresentar\u00e1 ao Fluminense logo ap\u00f3s a competi\u00e7\u00e3o.<\/p>\n\n\n\n<p>Com a chegada de Joaqu\u00edn Lavega, o Fluminense soma quatro refor\u00e7os confirmados para a pr\u00f3xima temporada. O clube j\u00e1 acertou as contrata\u00e7\u00f5es do volante H\u00e9rcules, ex-Fortaleza, do zagueiro Juan Pablo Freytes, vindo do Alianza Lima, e do atacante Paulo Baya, que atuou pelo Goi\u00e1s em 2024 e pertence ao Primavera-SP.<\/p>\n","protected":false},"excerpt":{"rendered":"<p>Fluminense confirma Joaqu\u00edn Lavega como novo refor\u00e7o para 2025 O Fluminense oficializou nesta segunda-feira, 30, a contrata\u00e7\u00e3o do atacante uruguaio Joaqu\u00edn Lavega, que se junta ao elenco para a temporada 2025. O jogador de 19 anos, revela\u00e7\u00e3o do futebol uruguaio, chega do River Plate-URU e assinou contrato de cinco anos com o Tricolor das Laranjeiras. [&hellip;]<\/p>\n","protected":false},"author":17,"featured_media":152558,"comment_status":"open","ping_status":"closed","sticky":false,"template":"","format":"standard","meta":{"footnotes":""},"categories":[145],"tags":[],"class_list":["post-205822","post","type-post","status-publish","format-standard","has-post-thumbnail","hentry","category-fluminense"],"yoast_head":"<!-- This site is optimized with the Yoast SEO Premium plugin v24.2 (Yoast SEO v26.9) - https:\/\/yoast.com\/product\/yoast-seo-premium-wordpress\/ -->\n<title>Oficial! Fluminense anuncia chegada de mais um refor\u00e7o<\/title>\n<meta name=\"robots\" content=\"index, follow, max-snippet:-1, max-image-preview:large, max-video-preview:-1\" \/>\n<link rel=\"canonical\" href=\"https:\/\/www.gaveanews.com\/index.php\/2024\/12\/31\/oficial-fluminense-anuncia-chegada-de-mais-um-reforco\/\" \/>\n<meta property=\"og:locale\" content=\"pt_BR\" \/>\n<meta property=\"og:type\" content=\"article\" \/>\n<meta property=\"og:title\" content=\"Oficial! Fluminense anuncia chegada de mais um refor\u00e7o\" \/>\n<meta property=\"og:description\" content=\"Fluminense confirma Joaqu\u00edn Lavega como novo refor\u00e7o para 2025 O Fluminense oficializou nesta segunda-feira, 30, a contrata\u00e7\u00e3o do atacante uruguaio Joaqu\u00edn Lavega, que se junta ao elenco para a temporada 2025. O jogador de 19 anos, revela\u00e7\u00e3o do futebol uruguaio, chega do River Plate-URU e assinou contrato de cinco anos com o Tricolor das Laranjeiras. [&hellip;]\" \/>\n<meta property=\"og:url\" content=\"https:\/\/www.gaveanews.com\/index.php\/2024\/12\/31\/oficial-fluminense-anuncia-chegada-de-mais-um-reforco\/\" \/>\n<meta property=\"og:site_name\" content=\"G\u00e1vea News\" \/>\n<meta property=\"article:publisher\" content=\"https:\/\/facebook.com\/gaveaNews\/\" \/>\n<meta property=\"article:published_time\" content=\"2024-12-31T06:05:00+00:00\" \/>\n<meta property=\"og:image\" content=\"https:\/\/www.gaveanews.com\/wp-content\/uploads\/Bandeira-do-Fluminense.webp\" \/>\n\t<meta property=\"og:image:width\" content=\"1440\" \/>\n\t<meta property=\"og:image:height\" content=\"1080\" \/>\n\t<meta property=\"og:image:type\" content=\"image\/webp\" \/>\n<meta name=\"author\" content=\"Geovanna Thomaz\" \/>\n<meta name=\"twitter:card\" content=\"summary_large_image\" \/>\n<meta name=\"twitter:label1\" content=\"Escrito por\" \/>\n\t<meta name=\"twitter:data1\" content=\"Geovanna Thomaz\" \/>\n\t<meta name=\"twitter:label2\" content=\"Est. tempo de leitura\" \/>\n\t<meta name=\"twitter:data2\" content=\"2 minutos\" \/>\n<script type=\"application\/ld+json\" class=\"yoast-schema-graph\">{\"@context\":\"https:\/\/schema.org\",\"@graph\":[{\"@type\":\"NewsArticle\",\"@id\":\"https:\/\/www.gaveanews.com\/index.php\/2024\/12\/31\/oficial-fluminense-anuncia-chegada-de-mais-um-reforco\/#article\",\"isPartOf\":{\"@id\":\"https:\/\/www.gaveanews.com\/index.php\/2024\/12\/31\/oficial-fluminense-anuncia-chegada-de-mais-um-reforco\/\"},\"author\":{\"name\":\"Geovanna Thomaz\",\"@id\":\"https:\/\/www.gaveanews.com\/#\/schema\/person\/f42654babcd2b2014a1a65af82b081f1\"},\"headline\":\"Oficial! Fluminense anuncia chegada de mais um refor\u00e7o\",\"datePublished\":\"2024-12-31T06:05:00+00:00\",\"mainEntityOfPage\":{\"@id\":\"https:\/\/www.gaveanews.com\/index.php\/2024\/12\/31\/oficial-fluminense-anuncia-chegada-de-mais-um-reforco\/\"},\"wordCount\":347,\"commentCount\":0,\"image\":{\"@id\":\"https:\/\/www.gaveanews.com\/index.php\/2024\/12\/31\/oficial-fluminense-anuncia-chegada-de-mais-um-reforco\/#primaryimage\"},\"thumbnailUrl\":\"https:\/\/www.gaveanews.com\/wp-content\/uploads\/Bandeira-do-Fluminense.webp\",\"articleSection\":[\"Fluminense\"],\"inLanguage\":\"pt-BR\",\"potentialAction\":[{\"@type\":\"CommentAction\",\"name\":\"Comment\",\"target\":[\"https:\/\/www.gaveanews.com\/index.php\/2024\/12\/31\/oficial-fluminense-anuncia-chegada-de-mais-um-reforco\/#respond\"]}],\"copyrightYear\":\"2024\",\"copyrightHolder\":{\"@id\":\"https:\/\/www.gaveanews.com\/#organization\"}},{\"@type\":\"WebPage\",\"@id\":\"https:\/\/www.gaveanews.com\/index.php\/2024\/12\/31\/oficial-fluminense-anuncia-chegada-de-mais-um-reforco\/\",\"url\":\"https:\/\/www.gaveanews.com\/index.php\/2024\/12\/31\/oficial-fluminense-anuncia-chegada-de-mais-um-reforco\/\",\"name\":\"Oficial! Fluminense anuncia chegada de mais um refor\u00e7o\",\"isPartOf\":{\"@id\":\"https:\/\/www.gaveanews.com\/#website\"},\"primaryImageOfPage\":{\"@id\":\"https:\/\/www.gaveanews.com\/index.php\/2024\/12\/31\/oficial-fluminense-anuncia-chegada-de-mais-um-reforco\/#primaryimage\"},\"image\":{\"@id\":\"https:\/\/www.gaveanews.com\/index.php\/2024\/12\/31\/oficial-fluminense-anuncia-chegada-de-mais-um-reforco\/#primaryimage\"},\"thumbnailUrl\":\"https:\/\/www.gaveanews.com\/wp-content\/uploads\/Bandeira-do-Fluminense.webp\",\"datePublished\":\"2024-12-31T06:05:00+00:00\",\"author\":{\"@id\":\"https:\/\/www.gaveanews.com\/#\/schema\/person\/f42654babcd2b2014a1a65af82b081f1\"},\"breadcrumb\":{\"@id\":\"https:\/\/www.gaveanews.com\/index.php\/2024\/12\/31\/oficial-fluminense-anuncia-chegada-de-mais-um-reforco\/#breadcrumb\"},\"inLanguage\":\"pt-BR\",\"potentialAction\":[{\"@type\":\"ReadAction\",\"target\":[\"https:\/\/www.gaveanews.com\/index.php\/2024\/12\/31\/oficial-fluminense-anuncia-chegada-de-mais-um-reforco\/\"]}]},{\"@type\":\"ImageObject\",\"inLanguage\":\"pt-BR\",\"@id\":\"https:\/\/www.gaveanews.com\/index.php\/2024\/12\/31\/oficial-fluminense-anuncia-chegada-de-mais-um-reforco\/#primaryimage\",\"url\":\"https:\/\/www.gaveanews.com\/wp-content\/uploads\/Bandeira-do-Fluminense.webp\",\"contentUrl\":\"https:\/\/www.gaveanews.com\/wp-content\/uploads\/Bandeira-do-Fluminense.webp\",\"width\":1440,\"height\":1080,\"caption\":\"Bandeira do Fluminense (Foto: Reprodu\u00e7\u00e3o\/Fluminense)\"},{\"@type\":\"BreadcrumbList\",\"@id\":\"https:\/\/www.gaveanews.com\/index.php\/2024\/12\/31\/oficial-fluminense-anuncia-chegada-de-mais-um-reforco\/#breadcrumb\",\"itemListElement\":[{\"@type\":\"ListItem\",\"position\":1,\"name\":\"Home\",\"item\":\"https:\/\/www.gaveanews.com\/\"},{\"@type\":\"ListItem\",\"position\":2,\"name\":\"Oficial! Fluminense anuncia chegada de mais um refor\u00e7o\"}]},{\"@type\":\"WebSite\",\"@id\":\"https:\/\/www.gaveanews.com\/#website\",\"url\":\"https:\/\/www.gaveanews.com\/\",\"name\":\"G\u00e1vea News\",\"description\":\"Veja todas as not\u00edcias sobre o Flamengo: Contrata\u00e7\u00f5es, categorias de base, resultados das partidas, tabela de classifica\u00e7\u00e3o, pr\u00f3ximos jogos!\",\"potentialAction\":[{\"@type\":\"SearchAction\",\"target\":{\"@type\":\"EntryPoint\",\"urlTemplate\":\"https:\/\/www.gaveanews.com\/?s={search_term_string}\"},\"query-input\":{\"@type\":\"PropertyValueSpecification\",\"valueRequired\":true,\"valueName\":\"search_term_string\"}}],\"inLanguage\":\"pt-BR\"},{\"@type\":\"Person\",\"@id\":\"https:\/\/www.gaveanews.com\/#\/schema\/person\/f42654babcd2b2014a1a65af82b081f1\",\"name\":\"Geovanna Thomaz\",\"image\":{\"@type\":\"ImageObject\",\"inLanguage\":\"pt-BR\",\"@id\":\"https:\/\/www.gaveanews.com\/#\/schema\/person\/image\/\",\"url\":\"https:\/\/secure.gravatar.com\/avatar\/4092073255489533afb558984b49b64268c47198af8623cc82a925ae9fb7118a?s=96&d=mm&r=g\",\"contentUrl\":\"https:\/\/secure.gravatar.com\/avatar\/4092073255489533afb558984b49b64268c47198af8623cc82a925ae9fb7118a?s=96&d=mm&r=g\",\"caption\":\"Geovanna Thomaz\"}}]}<\/script>\n<!-- \/ Yoast SEO Premium plugin. -->","yoast_head_json":{"title":"Oficial! Fluminense anuncia chegada de mais um refor\u00e7o","robots":{"index":"index","follow":"follow","max-snippet":"max-snippet:-1","max-image-preview":"max-image-preview:large","max-video-preview":"max-video-preview:-1"},"canonical":"https:\/\/www.gaveanews.com\/index.php\/2024\/12\/31\/oficial-fluminense-anuncia-chegada-de-mais-um-reforco\/","og_locale":"pt_BR","og_type":"article","og_title":"Oficial! Fluminense anuncia chegada de mais um refor\u00e7o","og_description":"Fluminense confirma Joaqu\u00edn Lavega como novo refor\u00e7o para 2025 O Fluminense oficializou nesta segunda-feira, 30, a contrata\u00e7\u00e3o do atacante uruguaio Joaqu\u00edn Lavega, que se junta ao elenco para a temporada 2025. O jogador de 19 anos, revela\u00e7\u00e3o do futebol uruguaio, chega do River Plate-URU e assinou contrato de cinco anos com o Tricolor das Laranjeiras. [&hellip;]","og_url":"https:\/\/www.gaveanews.com\/index.php\/2024\/12\/31\/oficial-fluminense-anuncia-chegada-de-mais-um-reforco\/","og_site_name":"G\u00e1vea News","article_publisher":"https:\/\/facebook.com\/gaveaNews\/","article_published_time":"2024-12-31T06:05:00+00:00","og_image":[{"width":1440,"height":1080,"url":"https:\/\/www.gaveanews.com\/wp-content\/uploads\/Bandeira-do-Fluminense.webp","type":"image\/webp"}],"author":"Geovanna Thomaz","twitter_card":"summary_large_image","twitter_misc":{"Escrito por":"Geovanna Thomaz","Est. tempo de leitura":"2 minutos"},"schema":{"@context":"https:\/\/schema.org","@graph":[{"@type":"NewsArticle","@id":"https:\/\/www.gaveanews.com\/index.php\/2024\/12\/31\/oficial-fluminense-anuncia-chegada-de-mais-um-reforco\/#article","isPartOf":{"@id":"https:\/\/www.gaveanews.com\/index.php\/2024\/12\/31\/oficial-fluminense-anuncia-chegada-de-mais-um-reforco\/"},"author":{"name":"Geovanna Thomaz","@id":"https:\/\/www.gaveanews.com\/#\/schema\/person\/f42654babcd2b2014a1a65af82b081f1"},"headline":"Oficial! Fluminense anuncia chegada de mais um refor\u00e7o","datePublished":"2024-12-31T06:05:00+00:00","mainEntityOfPage":{"@id":"https:\/\/www.gaveanews.com\/index.php\/2024\/12\/31\/oficial-fluminense-anuncia-chegada-de-mais-um-reforco\/"},"wordCount":347,"commentCount":0,"image":{"@id":"https:\/\/www.gaveanews.com\/index.php\/2024\/12\/31\/oficial-fluminense-anuncia-chegada-de-mais-um-reforco\/#primaryimage"},"thumbnailUrl":"https:\/\/www.gaveanews.com\/wp-content\/uploads\/Bandeira-do-Fluminense.webp","articleSection":["Fluminense"],"inLanguage":"pt-BR","potentialAction":[{"@type":"CommentAction","name":"Comment","target":["https:\/\/www.gaveanews.com\/index.php\/2024\/12\/31\/oficial-fluminense-anuncia-chegada-de-mais-um-reforco\/#respond"]}],"copyrightYear":"2024","copyrightHolder":{"@id":"https:\/\/www.gaveanews.com\/#organization"}},{"@type":"WebPage","@id":"https:\/\/www.gaveanews.com\/index.php\/2024\/12\/31\/oficial-fluminense-anuncia-chegada-de-mais-um-reforco\/","url":"https:\/\/www.gaveanews.com\/index.php\/2024\/12\/31\/oficial-fluminense-anuncia-chegada-de-mais-um-reforco\/","name":"Oficial! Fluminense anuncia chegada de mais um refor\u00e7o","isPartOf":{"@id":"https:\/\/www.gaveanews.com\/#website"},"primaryImageOfPage":{"@id":"https:\/\/www.gaveanews.com\/index.php\/2024\/12\/31\/oficial-fluminense-anuncia-chegada-de-mais-um-reforco\/#primaryimage"},"image":{"@id":"https:\/\/www.gaveanews.com\/index.php\/2024\/12\/31\/oficial-fluminense-anuncia-chegada-de-mais-um-reforco\/#primaryimage"},"thumbnailUrl":"https:\/\/www.gaveanews.com\/wp-content\/uploads\/Bandeira-do-Fluminense.webp","datePublished":"2024-12-31T06:05:00+00:00","author":{"@id":"https:\/\/www.gaveanews.com\/#\/schema\/person\/f42654babcd2b2014a1a65af82b081f1"},"breadcrumb":{"@id":"https:\/\/www.gaveanews.com\/index.php\/2024\/12\/31\/oficial-fluminense-anuncia-chegada-de-mais-um-reforco\/#breadcrumb"},"inLanguage":"pt-BR","potentialAction":[{"@type":"ReadAction","target":["https:\/\/www.gaveanews.com\/index.php\/2024\/12\/31\/oficial-fluminense-anuncia-chegada-de-mais-um-reforco\/"]}]},{"@type":"ImageObject","inLanguage":"pt-BR","@id":"https:\/\/www.gaveanews.com\/index.php\/2024\/12\/31\/oficial-fluminense-anuncia-chegada-de-mais-um-reforco\/#primaryimage","url":"https:\/\/www.gaveanews.com\/wp-content\/uploads\/Bandeira-do-Fluminense.webp","contentUrl":"https:\/\/www.gaveanews.com\/wp-content\/uploads\/Bandeira-do-Fluminense.webp","width":1440,"height":1080,"caption":"Bandeira do Fluminense (Foto: Reprodu\u00e7\u00e3o\/Fluminense)"},{"@type":"BreadcrumbList","@id":"https:\/\/www.gaveanews.com\/index.php\/2024\/12\/31\/oficial-fluminense-anuncia-chegada-de-mais-um-reforco\/#breadcrumb","itemListElement":[{"@type":"ListItem","position":1,"name":"Home","item":"https:\/\/www.gaveanews.com\/"},{"@type":"ListItem","position":2,"name":"Oficial! Fluminense anuncia chegada de mais um refor\u00e7o"}]},{"@type":"WebSite","@id":"https:\/\/www.gaveanews.com\/#website","url":"https:\/\/www.gaveanews.com\/","name":"G\u00e1vea News","description":"Veja todas as not\u00edcias sobre o Flamengo: Contrata\u00e7\u00f5es, categorias de base, resultados das partidas, tabela de classifica\u00e7\u00e3o, pr\u00f3ximos jogos!","potentialAction":[{"@type":"SearchAction","target":{"@type":"EntryPoint","urlTemplate":"https:\/\/www.gaveanews.com\/?s={search_term_string}"},"query-input":{"@type":"PropertyValueSpecification","valueRequired":true,"valueName":"search_term_string"}}],"inLanguage":"pt-BR"},{"@type":"Person","@id":"https:\/\/www.gaveanews.com\/#\/schema\/person\/f42654babcd2b2014a1a65af82b081f1","name":"Geovanna Thomaz","image":{"@type":"ImageObject","inLanguage":"pt-BR","@id":"https:\/\/www.gaveanews.com\/#\/schema\/person\/image\/","url":"https:\/\/secure.gravatar.com\/avatar\/4092073255489533afb558984b49b64268c47198af8623cc82a925ae9fb7118a?s=96&d=mm&r=g","contentUrl":"https:\/\/secure.gravatar.com\/avatar\/4092073255489533afb558984b49b64268c47198af8623cc82a925ae9fb7118a?s=96&d=mm&r=g","caption":"Geovanna Thomaz"}}]}},"_links":{"self":[{"href":"https:\/\/www.gaveanews.com\/index.php\/wp-json\/wp\/v2\/posts\/205822","targetHints":{"allow":["GET"]}}],"collection":[{"href":"https:\/\/www.gaveanews.com\/index.php\/wp-json\/wp\/v2\/posts"}],"about":[{"href":"https:\/\/www.gaveanews.com\/index.php\/wp-json\/wp\/v2\/types\/post"}],"author":[{"embeddable":true,"href":"https:\/\/www.gaveanews.com\/index.php\/wp-json\/wp\/v2\/users\/17"}],"replies":[{"embeddable":true,"href":"https:\/\/www.gaveanews.com\/index.php\/wp-json\/wp\/v2\/comments?post=205822"}],"version-history":[{"count":1,"href":"https:\/\/www.gaveanews.com\/index.php\/wp-json\/wp\/v2\/posts\/205822\/revisions"}],"predecessor-version":[{"id":205824,"href":"https:\/\/www.gaveanews.com\/index.php\/wp-json\/wp\/v2\/posts\/205822\/revisions\/205824"}],"wp:featuredmedia":[{"embeddable":true,"href":"https:\/\/www.gaveanews.com\/index.php\/wp-json\/wp\/v2\/media\/152558"}],"wp:attachment":[{"href":"https:\/\/www.gaveanews.com\/index.php\/wp-json\/wp\/v2\/media?parent=205822"}],"wp:term":[{"taxonomy":"category","embeddable":true,"href":"https:\/\/www.gaveanews.com\/index.php\/wp-json\/wp\/v2\/categories?post=205822"},{"taxonomy":"post_tag","embeddable":true,"href":"https:\/\/www.gaveanews.com\/index.php\/wp-json\/wp\/v2\/tags?post=205822"}],"curies":[{"name":"wp","href":"https:\/\/api.w.org\/{rel}","templated":true}]}}