{"id":205834,"date":"2024-12-31T03:15:00","date_gmt":"2024-12-31T06:15:00","guid":{"rendered":"https:\/\/www.gaveanews.com\/?p=205834"},"modified":"2024-12-30T21:28:43","modified_gmt":"2024-12-31T00:28:43","slug":"publicacao-de-memphis-depay-agita-torcedores-do-corinthians","status":"publish","type":"post","link":"https:\/\/www.gaveanews.com\/index.php\/2024\/12\/31\/publicacao-de-memphis-depay-agita-torcedores-do-corinthians\/","title":{"rendered":"Publica\u00e7\u00e3o de Memphis Depay agita torcedores do Corinthians"},"content":{"rendered":"\n<h2 class=\"wp-block-heading\" id=\"h-memphis-depay-une-futebol-e-filantropia-em-visita-a-gana\">Memphis Depay une futebol e filantropia em visita a Gana<\/h2>\n\n\n\n<p>O atacante Memphis Depay, atualmente no Corinthians, segue aproveitando o per\u00edodo de f\u00e9rias com uma visita especial a Gana, pa\u00eds natal de seu pai e onde mant\u00e9m projetos sociais significativos. Neste domingo, Depay compartilhou imagens de sua passagem pelo 4\u00ba Batalh\u00e3o de Infantaria do ex\u00e9rcito gan\u00eas, onde foi homenageado por suas iniciativas humanit\u00e1rias.<\/p>\n\n\n\n<ul class=\"wp-block-list\">\n<li><a href=\"https:\/\/www.gaveanews.com\/index.php\/2024\/12\/22\/renovacao-ate-2027-condicao-por-yuri-alberto-e-jogadores-de-saida-as-ultimas-noticias-do-corinthians\/\">Renova\u00e7\u00e3o at\u00e9 2027, condi\u00e7\u00e3o por Yuri Alberto e jogadores de sa\u00edda: as \u00faltimas not\u00edcias do Corinthians<\/a><\/li>\n\n\n\n<li><a href=\"https:\/\/www.gaveanews.com\/index.php\/2024\/12\/24\/situacao-de-talles-magno-declaracao-de-neymar-e-saida-de-dois-jogadores-as-ultimas-noticias-do-corinthians\/\">Situa\u00e7\u00e3o de Talles Magno, declara\u00e7\u00e3o de Neymar e sa\u00edda de dois jogadores: as \u00faltimas not\u00edcias do Corinthians<\/a><\/li>\n<\/ul>\n\n\n\n<p>Em uma das fotos publicadas, Memphis aparece segurando um fuzil ao lado de militares, gesto que chamou aten\u00e7\u00e3o nas redes sociais. Durante a visita, o jogador recebeu um trof\u00e9u em reconhecimento aos esfor\u00e7os de sua funda\u00e7\u00e3o, que atende crian\u00e7as em situa\u00e7\u00e3o de vulnerabilidade e pessoas com defici\u00eancia em Gana.<\/p>\n\n\n\n<h2 class=\"wp-block-heading\" id=\"h-acoes-humanitarias\">A\u00e7\u00f5es humanit\u00e1rias <\/h2>\n\n\n\n<p>Depay \u00e9 conhecido por seu engajamento fora dos gramados. Sua funda\u00e7\u00e3o \u00e9 respons\u00e1vel por iniciativas que incluem reformas de escolas, cria\u00e7\u00e3o de espa\u00e7os recreativos e promo\u00e7\u00e3o de eventos culturais e esportivos. Um dos projetos recentes foi a revitaliza\u00e7\u00e3o de uma escola para surdos e cegos em Cape Coast, que ganhou melhorias de infraestrutura, como banheiros e sistemas de \u00e1gua pot\u00e1vel.<\/p>\n\n\n\n<p>Al\u00e9m das obras f\u00edsicas, o jogador promove atividades recreativas, como partidas de futebol, para estimular a inclus\u00e3o social e fortalecer os la\u00e7os culturais entre Gana, o Brasil e outras regi\u00f5es do mundo.<\/p>\n\n\n\n<p>Ap\u00f3s o per\u00edodo de descanso, Memphis se reapresentar\u00e1 no Corinthians no dia 7 de janeiro, no CT Joaquim Grava, para o in\u00edcio da temporada 2025. O Tim\u00e3o estreia no Campeonato Paulista contra o Red Bull Bragantino, fora de casa.<\/p>\n\n\n\n<p>Contratado pelo Corinthians em 2024, o atacante holand\u00eas \u00e9 uma das principais pe\u00e7as do elenco e vem se destacando n\u00e3o apenas em campo, mas tamb\u00e9m como uma figura de lideran\u00e7a e inspira\u00e7\u00e3o.&nbsp;<\/p>\n","protected":false},"excerpt":{"rendered":"<p>Memphis Depay une futebol e filantropia em visita a Gana O atacante Memphis Depay, atualmente no Corinthians, segue aproveitando o per\u00edodo de f\u00e9rias com uma visita especial a Gana, pa\u00eds natal de seu pai e onde mant\u00e9m projetos sociais significativos. Neste domingo, Depay compartilhou imagens de sua passagem pelo 4\u00ba Batalh\u00e3o de Infantaria do ex\u00e9rcito [&hellip;]<\/p>\n","protected":false},"author":17,"featured_media":202062,"comment_status":"open","ping_status":"closed","sticky":false,"template":"","format":"standard","meta":{"footnotes":""},"categories":[141],"tags":[],"class_list":["post-205834","post","type-post","status-publish","format-standard","has-post-thumbnail","hentry","category-corinthians"],"yoast_head":"<!-- This site is optimized with the Yoast SEO Premium plugin v24.2 (Yoast SEO v26.9) - https:\/\/yoast.com\/product\/yoast-seo-premium-wordpress\/ -->\n<title>Publica\u00e7\u00e3o de Memphis Depay agita torcedores do Corinthians<\/title>\n<meta name=\"robots\" content=\"index, follow, max-snippet:-1, max-image-preview:large, max-video-preview:-1\" \/>\n<link rel=\"canonical\" href=\"https:\/\/www.gaveanews.com\/index.php\/2024\/12\/31\/publicacao-de-memphis-depay-agita-torcedores-do-corinthians\/\" \/>\n<meta property=\"og:locale\" content=\"pt_BR\" \/>\n<meta property=\"og:type\" content=\"article\" \/>\n<meta property=\"og:title\" content=\"Publica\u00e7\u00e3o de Memphis Depay agita torcedores do Corinthians\" \/>\n<meta property=\"og:description\" content=\"Memphis Depay une futebol e filantropia em visita a Gana O atacante Memphis Depay, atualmente no Corinthians, segue aproveitando o per\u00edodo de f\u00e9rias com uma visita especial a Gana, pa\u00eds natal de seu pai e onde mant\u00e9m projetos sociais significativos. Neste domingo, Depay compartilhou imagens de sua passagem pelo 4\u00ba Batalh\u00e3o de Infantaria do ex\u00e9rcito [&hellip;]\" \/>\n<meta property=\"og:url\" content=\"https:\/\/www.gaveanews.com\/index.php\/2024\/12\/31\/publicacao-de-memphis-depay-agita-torcedores-do-corinthians\/\" \/>\n<meta property=\"og:site_name\" content=\"G\u00e1vea News\" \/>\n<meta property=\"article:publisher\" content=\"https:\/\/facebook.com\/gaveaNews\/\" \/>\n<meta property=\"article:published_time\" content=\"2024-12-31T06:15:00+00:00\" \/>\n<meta property=\"og:image\" content=\"https:\/\/www.gaveanews.com\/wp-content\/uploads\/Memphis-Depay-curte-ferias-em-Gana-e-grava-clipe.webp\" \/>\n\t<meta property=\"og:image:width\" content=\"637\" \/>\n\t<meta property=\"og:image:height\" content=\"414\" \/>\n\t<meta property=\"og:image:type\" content=\"image\/jpeg\" \/>\n<meta name=\"author\" content=\"Geovanna Thomaz\" \/>\n<meta name=\"twitter:card\" content=\"summary_large_image\" \/>\n<meta name=\"twitter:label1\" content=\"Escrito por\" \/>\n\t<meta name=\"twitter:data1\" content=\"Geovanna Thomaz\" \/>\n\t<meta name=\"twitter:label2\" content=\"Est. tempo de leitura\" \/>\n\t<meta name=\"twitter:data2\" content=\"2 minutos\" \/>\n<script type=\"application\/ld+json\" class=\"yoast-schema-graph\">{\"@context\":\"https:\/\/schema.org\",\"@graph\":[{\"@type\":\"NewsArticle\",\"@id\":\"https:\/\/www.gaveanews.com\/index.php\/2024\/12\/31\/publicacao-de-memphis-depay-agita-torcedores-do-corinthians\/#article\",\"isPartOf\":{\"@id\":\"https:\/\/www.gaveanews.com\/index.php\/2024\/12\/31\/publicacao-de-memphis-depay-agita-torcedores-do-corinthians\/\"},\"author\":{\"name\":\"Geovanna Thomaz\",\"@id\":\"https:\/\/www.gaveanews.com\/#\/schema\/person\/f42654babcd2b2014a1a65af82b081f1\"},\"headline\":\"Publica\u00e7\u00e3o de Memphis Depay agita torcedores do Corinthians\",\"datePublished\":\"2024-12-31T06:15:00+00:00\",\"mainEntityOfPage\":{\"@id\":\"https:\/\/www.gaveanews.com\/index.php\/2024\/12\/31\/publicacao-de-memphis-depay-agita-torcedores-do-corinthians\/\"},\"wordCount\":359,\"commentCount\":0,\"image\":{\"@id\":\"https:\/\/www.gaveanews.com\/index.php\/2024\/12\/31\/publicacao-de-memphis-depay-agita-torcedores-do-corinthians\/#primaryimage\"},\"thumbnailUrl\":\"https:\/\/www.gaveanews.com\/wp-content\/uploads\/Memphis-Depay-curte-ferias-em-Gana-e-grava-clipe.webp\",\"articleSection\":[\"Corinthians\"],\"inLanguage\":\"pt-BR\",\"potentialAction\":[{\"@type\":\"CommentAction\",\"name\":\"Comment\",\"target\":[\"https:\/\/www.gaveanews.com\/index.php\/2024\/12\/31\/publicacao-de-memphis-depay-agita-torcedores-do-corinthians\/#respond\"]}],\"copyrightYear\":\"2024\",\"copyrightHolder\":{\"@id\":\"https:\/\/www.gaveanews.com\/#organization\"}},{\"@type\":\"WebPage\",\"@id\":\"https:\/\/www.gaveanews.com\/index.php\/2024\/12\/31\/publicacao-de-memphis-depay-agita-torcedores-do-corinthians\/\",\"url\":\"https:\/\/www.gaveanews.com\/index.php\/2024\/12\/31\/publicacao-de-memphis-depay-agita-torcedores-do-corinthians\/\",\"name\":\"Publica\u00e7\u00e3o de Memphis Depay agita torcedores do Corinthians\",\"isPartOf\":{\"@id\":\"https:\/\/www.gaveanews.com\/#website\"},\"primaryImageOfPage\":{\"@id\":\"https:\/\/www.gaveanews.com\/index.php\/2024\/12\/31\/publicacao-de-memphis-depay-agita-torcedores-do-corinthians\/#primaryimage\"},\"image\":{\"@id\":\"https:\/\/www.gaveanews.com\/index.php\/2024\/12\/31\/publicacao-de-memphis-depay-agita-torcedores-do-corinthians\/#primaryimage\"},\"thumbnailUrl\":\"https:\/\/www.gaveanews.com\/wp-content\/uploads\/Memphis-Depay-curte-ferias-em-Gana-e-grava-clipe.webp\",\"datePublished\":\"2024-12-31T06:15:00+00:00\",\"author\":{\"@id\":\"https:\/\/www.gaveanews.com\/#\/schema\/person\/f42654babcd2b2014a1a65af82b081f1\"},\"breadcrumb\":{\"@id\":\"https:\/\/www.gaveanews.com\/index.php\/2024\/12\/31\/publicacao-de-memphis-depay-agita-torcedores-do-corinthians\/#breadcrumb\"},\"inLanguage\":\"pt-BR\",\"potentialAction\":[{\"@type\":\"ReadAction\",\"target\":[\"https:\/\/www.gaveanews.com\/index.php\/2024\/12\/31\/publicacao-de-memphis-depay-agita-torcedores-do-corinthians\/\"]}]},{\"@type\":\"ImageObject\",\"inLanguage\":\"pt-BR\",\"@id\":\"https:\/\/www.gaveanews.com\/index.php\/2024\/12\/31\/publicacao-de-memphis-depay-agita-torcedores-do-corinthians\/#primaryimage\",\"url\":\"https:\/\/www.gaveanews.com\/wp-content\/uploads\/Memphis-Depay-curte-ferias-em-Gana-e-grava-clipe.webp\",\"contentUrl\":\"https:\/\/www.gaveanews.com\/wp-content\/uploads\/Memphis-Depay-curte-ferias-em-Gana-e-grava-clipe.webp\",\"width\":637,\"height\":414,\"caption\":\"Memphis Depay curte f\u00e9rias em Gana e grava clipe (Foto: Reprodu\u00e7\u00e3o\/redes sociais)\"},{\"@type\":\"BreadcrumbList\",\"@id\":\"https:\/\/www.gaveanews.com\/index.php\/2024\/12\/31\/publicacao-de-memphis-depay-agita-torcedores-do-corinthians\/#breadcrumb\",\"itemListElement\":[{\"@type\":\"ListItem\",\"position\":1,\"name\":\"Home\",\"item\":\"https:\/\/www.gaveanews.com\/\"},{\"@type\":\"ListItem\",\"position\":2,\"name\":\"Publica\u00e7\u00e3o de Memphis Depay agita torcedores do Corinthians\"}]},{\"@type\":\"WebSite\",\"@id\":\"https:\/\/www.gaveanews.com\/#website\",\"url\":\"https:\/\/www.gaveanews.com\/\",\"name\":\"G\u00e1vea News\",\"description\":\"Veja todas as not\u00edcias sobre o Flamengo: Contrata\u00e7\u00f5es, categorias de base, resultados das partidas, tabela de classifica\u00e7\u00e3o, pr\u00f3ximos jogos!\",\"potentialAction\":[{\"@type\":\"SearchAction\",\"target\":{\"@type\":\"EntryPoint\",\"urlTemplate\":\"https:\/\/www.gaveanews.com\/?s={search_term_string}\"},\"query-input\":{\"@type\":\"PropertyValueSpecification\",\"valueRequired\":true,\"valueName\":\"search_term_string\"}}],\"inLanguage\":\"pt-BR\"},{\"@type\":\"Person\",\"@id\":\"https:\/\/www.gaveanews.com\/#\/schema\/person\/f42654babcd2b2014a1a65af82b081f1\",\"name\":\"Geovanna Thomaz\",\"image\":{\"@type\":\"ImageObject\",\"inLanguage\":\"pt-BR\",\"@id\":\"https:\/\/www.gaveanews.com\/#\/schema\/person\/image\/\",\"url\":\"https:\/\/secure.gravatar.com\/avatar\/4092073255489533afb558984b49b64268c47198af8623cc82a925ae9fb7118a?s=96&d=mm&r=g\",\"contentUrl\":\"https:\/\/secure.gravatar.com\/avatar\/4092073255489533afb558984b49b64268c47198af8623cc82a925ae9fb7118a?s=96&d=mm&r=g\",\"caption\":\"Geovanna Thomaz\"}}]}<\/script>\n<!-- \/ Yoast SEO Premium plugin. -->","yoast_head_json":{"title":"Publica\u00e7\u00e3o de Memphis Depay agita torcedores do Corinthians","robots":{"index":"index","follow":"follow","max-snippet":"max-snippet:-1","max-image-preview":"max-image-preview:large","max-video-preview":"max-video-preview:-1"},"canonical":"https:\/\/www.gaveanews.com\/index.php\/2024\/12\/31\/publicacao-de-memphis-depay-agita-torcedores-do-corinthians\/","og_locale":"pt_BR","og_type":"article","og_title":"Publica\u00e7\u00e3o de Memphis Depay agita torcedores do Corinthians","og_description":"Memphis Depay une futebol e filantropia em visita a Gana O atacante Memphis Depay, atualmente no Corinthians, segue aproveitando o per\u00edodo de f\u00e9rias com uma visita especial a Gana, pa\u00eds natal de seu pai e onde mant\u00e9m projetos sociais significativos. Neste domingo, Depay compartilhou imagens de sua passagem pelo 4\u00ba Batalh\u00e3o de Infantaria do ex\u00e9rcito [&hellip;]","og_url":"https:\/\/www.gaveanews.com\/index.php\/2024\/12\/31\/publicacao-de-memphis-depay-agita-torcedores-do-corinthians\/","og_site_name":"G\u00e1vea News","article_publisher":"https:\/\/facebook.com\/gaveaNews\/","article_published_time":"2024-12-31T06:15:00+00:00","og_image":[{"width":637,"height":414,"url":"https:\/\/www.gaveanews.com\/wp-content\/uploads\/Memphis-Depay-curte-ferias-em-Gana-e-grava-clipe.webp","type":"image\/jpeg"}],"author":"Geovanna Thomaz","twitter_card":"summary_large_image","twitter_misc":{"Escrito por":"Geovanna Thomaz","Est. tempo de leitura":"2 minutos"},"schema":{"@context":"https:\/\/schema.org","@graph":[{"@type":"NewsArticle","@id":"https:\/\/www.gaveanews.com\/index.php\/2024\/12\/31\/publicacao-de-memphis-depay-agita-torcedores-do-corinthians\/#article","isPartOf":{"@id":"https:\/\/www.gaveanews.com\/index.php\/2024\/12\/31\/publicacao-de-memphis-depay-agita-torcedores-do-corinthians\/"},"author":{"name":"Geovanna Thomaz","@id":"https:\/\/www.gaveanews.com\/#\/schema\/person\/f42654babcd2b2014a1a65af82b081f1"},"headline":"Publica\u00e7\u00e3o de Memphis Depay agita torcedores do Corinthians","datePublished":"2024-12-31T06:15:00+00:00","mainEntityOfPage":{"@id":"https:\/\/www.gaveanews.com\/index.php\/2024\/12\/31\/publicacao-de-memphis-depay-agita-torcedores-do-corinthians\/"},"wordCount":359,"commentCount":0,"image":{"@id":"https:\/\/www.gaveanews.com\/index.php\/2024\/12\/31\/publicacao-de-memphis-depay-agita-torcedores-do-corinthians\/#primaryimage"},"thumbnailUrl":"https:\/\/www.gaveanews.com\/wp-content\/uploads\/Memphis-Depay-curte-ferias-em-Gana-e-grava-clipe.webp","articleSection":["Corinthians"],"inLanguage":"pt-BR","potentialAction":[{"@type":"CommentAction","name":"Comment","target":["https:\/\/www.gaveanews.com\/index.php\/2024\/12\/31\/publicacao-de-memphis-depay-agita-torcedores-do-corinthians\/#respond"]}],"copyrightYear":"2024","copyrightHolder":{"@id":"https:\/\/www.gaveanews.com\/#organization"}},{"@type":"WebPage","@id":"https:\/\/www.gaveanews.com\/index.php\/2024\/12\/31\/publicacao-de-memphis-depay-agita-torcedores-do-corinthians\/","url":"https:\/\/www.gaveanews.com\/index.php\/2024\/12\/31\/publicacao-de-memphis-depay-agita-torcedores-do-corinthians\/","name":"Publica\u00e7\u00e3o de Memphis Depay agita torcedores do Corinthians","isPartOf":{"@id":"https:\/\/www.gaveanews.com\/#website"},"primaryImageOfPage":{"@id":"https:\/\/www.gaveanews.com\/index.php\/2024\/12\/31\/publicacao-de-memphis-depay-agita-torcedores-do-corinthians\/#primaryimage"},"image":{"@id":"https:\/\/www.gaveanews.com\/index.php\/2024\/12\/31\/publicacao-de-memphis-depay-agita-torcedores-do-corinthians\/#primaryimage"},"thumbnailUrl":"https:\/\/www.gaveanews.com\/wp-content\/uploads\/Memphis-Depay-curte-ferias-em-Gana-e-grava-clipe.webp","datePublished":"2024-12-31T06:15:00+00:00","author":{"@id":"https:\/\/www.gaveanews.com\/#\/schema\/person\/f42654babcd2b2014a1a65af82b081f1"},"breadcrumb":{"@id":"https:\/\/www.gaveanews.com\/index.php\/2024\/12\/31\/publicacao-de-memphis-depay-agita-torcedores-do-corinthians\/#breadcrumb"},"inLanguage":"pt-BR","potentialAction":[{"@type":"ReadAction","target":["https:\/\/www.gaveanews.com\/index.php\/2024\/12\/31\/publicacao-de-memphis-depay-agita-torcedores-do-corinthians\/"]}]},{"@type":"ImageObject","inLanguage":"pt-BR","@id":"https:\/\/www.gaveanews.com\/index.php\/2024\/12\/31\/publicacao-de-memphis-depay-agita-torcedores-do-corinthians\/#primaryimage","url":"https:\/\/www.gaveanews.com\/wp-content\/uploads\/Memphis-Depay-curte-ferias-em-Gana-e-grava-clipe.webp","contentUrl":"https:\/\/www.gaveanews.com\/wp-content\/uploads\/Memphis-Depay-curte-ferias-em-Gana-e-grava-clipe.webp","width":637,"height":414,"caption":"Memphis Depay curte f\u00e9rias em Gana e grava clipe (Foto: Reprodu\u00e7\u00e3o\/redes sociais)"},{"@type":"BreadcrumbList","@id":"https:\/\/www.gaveanews.com\/index.php\/2024\/12\/31\/publicacao-de-memphis-depay-agita-torcedores-do-corinthians\/#breadcrumb","itemListElement":[{"@type":"ListItem","position":1,"name":"Home","item":"https:\/\/www.gaveanews.com\/"},{"@type":"ListItem","position":2,"name":"Publica\u00e7\u00e3o de Memphis Depay agita torcedores do Corinthians"}]},{"@type":"WebSite","@id":"https:\/\/www.gaveanews.com\/#website","url":"https:\/\/www.gaveanews.com\/","name":"G\u00e1vea News","description":"Veja todas as not\u00edcias sobre o Flamengo: Contrata\u00e7\u00f5es, categorias de base, resultados das partidas, tabela de classifica\u00e7\u00e3o, pr\u00f3ximos jogos!","potentialAction":[{"@type":"SearchAction","target":{"@type":"EntryPoint","urlTemplate":"https:\/\/www.gaveanews.com\/?s={search_term_string}"},"query-input":{"@type":"PropertyValueSpecification","valueRequired":true,"valueName":"search_term_string"}}],"inLanguage":"pt-BR"},{"@type":"Person","@id":"https:\/\/www.gaveanews.com\/#\/schema\/person\/f42654babcd2b2014a1a65af82b081f1","name":"Geovanna Thomaz","image":{"@type":"ImageObject","inLanguage":"pt-BR","@id":"https:\/\/www.gaveanews.com\/#\/schema\/person\/image\/","url":"https:\/\/secure.gravatar.com\/avatar\/4092073255489533afb558984b49b64268c47198af8623cc82a925ae9fb7118a?s=96&d=mm&r=g","contentUrl":"https:\/\/secure.gravatar.com\/avatar\/4092073255489533afb558984b49b64268c47198af8623cc82a925ae9fb7118a?s=96&d=mm&r=g","caption":"Geovanna Thomaz"}}]}},"_links":{"self":[{"href":"https:\/\/www.gaveanews.com\/index.php\/wp-json\/wp\/v2\/posts\/205834","targetHints":{"allow":["GET"]}}],"collection":[{"href":"https:\/\/www.gaveanews.com\/index.php\/wp-json\/wp\/v2\/posts"}],"about":[{"href":"https:\/\/www.gaveanews.com\/index.php\/wp-json\/wp\/v2\/types\/post"}],"author":[{"embeddable":true,"href":"https:\/\/www.gaveanews.com\/index.php\/wp-json\/wp\/v2\/users\/17"}],"replies":[{"embeddable":true,"href":"https:\/\/www.gaveanews.com\/index.php\/wp-json\/wp\/v2\/comments?post=205834"}],"version-history":[{"count":1,"href":"https:\/\/www.gaveanews.com\/index.php\/wp-json\/wp\/v2\/posts\/205834\/revisions"}],"predecessor-version":[{"id":205844,"href":"https:\/\/www.gaveanews.com\/index.php\/wp-json\/wp\/v2\/posts\/205834\/revisions\/205844"}],"wp:featuredmedia":[{"embeddable":true,"href":"https:\/\/www.gaveanews.com\/index.php\/wp-json\/wp\/v2\/media\/202062"}],"wp:attachment":[{"href":"https:\/\/www.gaveanews.com\/index.php\/wp-json\/wp\/v2\/media?parent=205834"}],"wp:term":[{"taxonomy":"category","embeddable":true,"href":"https:\/\/www.gaveanews.com\/index.php\/wp-json\/wp\/v2\/categories?post=205834"},{"taxonomy":"post_tag","embeddable":true,"href":"https:\/\/www.gaveanews.com\/index.php\/wp-json\/wp\/v2\/tags?post=205834"}],"curies":[{"name":"wp","href":"https:\/\/api.w.org\/{rel}","templated":true}]}}