{"id":205855,"date":"2024-12-31T03:25:00","date_gmt":"2024-12-31T06:25:00","guid":{"rendered":"https:\/\/www.gaveanews.com\/?p=205855"},"modified":"2024-12-30T21:30:51","modified_gmt":"2024-12-31T00:30:51","slug":"cruzeiro-a-declaracao-de-bolasie-direcionada-a-fernando-diniz","status":"publish","type":"post","link":"https:\/\/www.gaveanews.com\/index.php\/2024\/12\/31\/cruzeiro-a-declaracao-de-bolasie-direcionada-a-fernando-diniz\/","title":{"rendered":"Cruzeiro: a declara\u00e7\u00e3o de Bolasie direcionada a Fernando Diniz"},"content":{"rendered":"\n<h2 class=\"wp-block-heading\" id=\"h-bolasie-se-prepara-para-temporada-2025-no-cruzeiro-e-elogia-fernando-diniz\">Bolasie se prepara para temporada 2025 no Cruzeiro e elogia Fernando Diniz<\/h2>\n\n\n\n<p>Anunciado como refor\u00e7o para a temporada 2025, o atacante Bolasie, de 35 anos, se mostrou entusiasmado com a perspectiva de trabalhar com Fernando Diniz no Cruzeiro. Em sua breve passagem pelo Brasil, antes de retornar \u00e0 Inglaterra para o fim de ano, o jogador elogiou o estilo de jogo do treinador cruzeirense.<\/p>\n\n\n\n<ul class=\"wp-block-list\">\n<li><a href=\"https:\/\/www.gaveanews.com\/index.php\/2024\/12\/27\/agora-cruzeiro-acerta-mais-uma-saida\/\">Agora! Cruzeiro acerta mais uma sa\u00edda<\/a><\/li>\n\n\n\n<li><a href=\"https:\/\/www.gaveanews.com\/index.php\/2024\/12\/30\/cruzeiro-atitude-da-diretoria-revolta-a-torcida\/\">Cruzeiro: atitude da diretoria revolta a torcida<\/a><\/li>\n<\/ul>\n\n\n\n<p>\u201cMinha expectativa no Cruzeiro \u00e9 de jogar em um dos clubes com um treinador muito vencedor no Brasil, que joga com velocidade, com jogo de posi\u00e7\u00e3o, sai jogando de tr\u00e1s com a bola e com a posse de bola. Estou ansioso para jogar neste time. Vou tentar me divertir\u201d, afirmou Bolasie.<\/p>\n\n\n\n<h2 class=\"wp-block-heading\" id=\"h-passagem-pelo-futebol-brasileiro\">Passagem pelo futebol brasileiro<\/h2>\n\n\n\n<p>Em 2024, Bolasie teve seu primeiro ano no futebol brasileiro, atuando pelo Crici\u00fama, onde participou de 36 jogos, marcando oito gols e fornecendo quatro assist\u00eancias. Apesar do rebaixamento da equipe para a S\u00e9rie C, o atacante avaliou a temporada como positiva: \u201cSinceramente, apesar do rebaixamento, foi uma boa temporada para mim. Mas infelizmente terminou com o rebaixamento\u201d, comentou, em entrevista no Maracan\u00e3.<\/p>\n\n\n\n<h2 class=\"wp-block-heading\" id=\"h-expectativa-de-estreia-no-cruzeiro\">Expectativa de estreia no Cruzeiro<\/h2>\n\n\n\n<p>O jogador deve se apresentar ao Cruzeiro j\u00e1 nos Estados Unidos, onde o clube far\u00e1 parte de sua pr\u00e9-temporada. Com contrato de uma temporada, Bolasie chega ao time mineiro com a miss\u00e3o de contribuir para o desempenho da equipe, que contar\u00e1 com seu estilo de jogo r\u00e1pido e din\u00e2mico, caracter\u00edsticas que se alinham com a proposta de Fernando Diniz para o time.<\/p>\n\n\n\n<h2 class=\"wp-block-heading\" id=\"h-repercussao\">Repercuss\u00e3o <\/h2>\n\n\n\n<p>A contrata\u00e7\u00e3o de Yannick Bolasie pelo Cruzeiro gerou grande repercuss\u00e3o, com at\u00e9 mesmo seu ex-companheiro de time, o atacante Romelu Lukaku, se manifestando nas redes sociais. Ap\u00f3s o an\u00fancio da chegada de Bolasie, Lukaku fez quest\u00e3o de deixar uma mensagem de apoio ao congol\u00eas nos coment\u00e1rios, escrevendo: \u201cVamos, irm\u00e3o, parab\u00e9ns\u201d, acompanhado de um cora\u00e7\u00e3o azul.<\/p>\n\n\n\n<p>Os dois jogadores foram companheiros no Everton, da Premier League, entre 2016 e 2017. A amizade entre eles parece ter se mantido forte ao longo dos anos, refletida no gesto de apoio nas redes sociais.<\/p>\n","protected":false},"excerpt":{"rendered":"<p>Bolasie se prepara para temporada 2025 no Cruzeiro e elogia Fernando Diniz Anunciado como refor\u00e7o para a temporada 2025, o atacante Bolasie, de 35 anos, se mostrou entusiasmado com a perspectiva de trabalhar com Fernando Diniz no Cruzeiro. Em sua breve passagem pelo Brasil, antes de retornar \u00e0 Inglaterra para o fim de ano, o [&hellip;]<\/p>\n","protected":false},"author":17,"featured_media":161519,"comment_status":"open","ping_status":"closed","sticky":false,"template":"","format":"standard","meta":{"footnotes":""},"categories":[143],"tags":[],"class_list":["post-205855","post","type-post","status-publish","format-standard","has-post-thumbnail","hentry","category-cruzeiro"],"yoast_head":"<!-- This site is optimized with the Yoast SEO Premium plugin v24.2 (Yoast SEO v26.9) - https:\/\/yoast.com\/product\/yoast-seo-premium-wordpress\/ -->\n<title>Cruzeiro: a declara\u00e7\u00e3o de Bolasie direcionada a Fernando Diniz<\/title>\n<meta name=\"robots\" content=\"index, follow, max-snippet:-1, max-image-preview:large, max-video-preview:-1\" \/>\n<link rel=\"canonical\" href=\"https:\/\/www.gaveanews.com\/index.php\/2024\/12\/31\/cruzeiro-a-declaracao-de-bolasie-direcionada-a-fernando-diniz\/\" \/>\n<meta property=\"og:locale\" content=\"pt_BR\" \/>\n<meta property=\"og:type\" content=\"article\" \/>\n<meta property=\"og:title\" content=\"Cruzeiro: a declara\u00e7\u00e3o de Bolasie direcionada a Fernando Diniz\" \/>\n<meta property=\"og:description\" content=\"Bolasie se prepara para temporada 2025 no Cruzeiro e elogia Fernando Diniz Anunciado como refor\u00e7o para a temporada 2025, o atacante Bolasie, de 35 anos, se mostrou entusiasmado com a perspectiva de trabalhar com Fernando Diniz no Cruzeiro. Em sua breve passagem pelo Brasil, antes de retornar \u00e0 Inglaterra para o fim de ano, o [&hellip;]\" \/>\n<meta property=\"og:url\" content=\"https:\/\/www.gaveanews.com\/index.php\/2024\/12\/31\/cruzeiro-a-declaracao-de-bolasie-direcionada-a-fernando-diniz\/\" \/>\n<meta property=\"og:site_name\" content=\"G\u00e1vea News\" \/>\n<meta property=\"article:publisher\" content=\"https:\/\/facebook.com\/gaveaNews\/\" \/>\n<meta property=\"article:published_time\" content=\"2024-12-31T06:25:00+00:00\" \/>\n<meta property=\"og:image\" content=\"https:\/\/www.gaveanews.com\/wp-content\/uploads\/Yannick-Bolasie-posa-para-foto-com-o-premio-de-craque-do-jogo.webp\" \/>\n\t<meta property=\"og:image:width\" content=\"1080\" \/>\n\t<meta property=\"og:image:height\" content=\"1185\" \/>\n\t<meta property=\"og:image:type\" content=\"image\/jpeg\" \/>\n<meta name=\"author\" content=\"Geovanna Thomaz\" \/>\n<meta name=\"twitter:card\" content=\"summary_large_image\" \/>\n<meta name=\"twitter:label1\" content=\"Escrito por\" \/>\n\t<meta name=\"twitter:data1\" content=\"Geovanna Thomaz\" \/>\n\t<meta name=\"twitter:label2\" content=\"Est. tempo de leitura\" \/>\n\t<meta name=\"twitter:data2\" content=\"3 minutos\" \/>\n<script type=\"application\/ld+json\" class=\"yoast-schema-graph\">{\"@context\":\"https:\/\/schema.org\",\"@graph\":[{\"@type\":\"NewsArticle\",\"@id\":\"https:\/\/www.gaveanews.com\/index.php\/2024\/12\/31\/cruzeiro-a-declaracao-de-bolasie-direcionada-a-fernando-diniz\/#article\",\"isPartOf\":{\"@id\":\"https:\/\/www.gaveanews.com\/index.php\/2024\/12\/31\/cruzeiro-a-declaracao-de-bolasie-direcionada-a-fernando-diniz\/\"},\"author\":{\"name\":\"Geovanna Thomaz\",\"@id\":\"https:\/\/www.gaveanews.com\/#\/schema\/person\/f42654babcd2b2014a1a65af82b081f1\"},\"headline\":\"Cruzeiro: a declara\u00e7\u00e3o de Bolasie direcionada a Fernando Diniz\",\"datePublished\":\"2024-12-31T06:25:00+00:00\",\"mainEntityOfPage\":{\"@id\":\"https:\/\/www.gaveanews.com\/index.php\/2024\/12\/31\/cruzeiro-a-declaracao-de-bolasie-direcionada-a-fernando-diniz\/\"},\"wordCount\":376,\"commentCount\":0,\"image\":{\"@id\":\"https:\/\/www.gaveanews.com\/index.php\/2024\/12\/31\/cruzeiro-a-declaracao-de-bolasie-direcionada-a-fernando-diniz\/#primaryimage\"},\"thumbnailUrl\":\"https:\/\/www.gaveanews.com\/wp-content\/uploads\/Yannick-Bolasie-posa-para-foto-com-o-premio-de-craque-do-jogo.webp\",\"articleSection\":[\"Cruzeiro\"],\"inLanguage\":\"pt-BR\",\"potentialAction\":[{\"@type\":\"CommentAction\",\"name\":\"Comment\",\"target\":[\"https:\/\/www.gaveanews.com\/index.php\/2024\/12\/31\/cruzeiro-a-declaracao-de-bolasie-direcionada-a-fernando-diniz\/#respond\"]}],\"copyrightYear\":\"2024\",\"copyrightHolder\":{\"@id\":\"https:\/\/www.gaveanews.com\/#organization\"}},{\"@type\":\"WebPage\",\"@id\":\"https:\/\/www.gaveanews.com\/index.php\/2024\/12\/31\/cruzeiro-a-declaracao-de-bolasie-direcionada-a-fernando-diniz\/\",\"url\":\"https:\/\/www.gaveanews.com\/index.php\/2024\/12\/31\/cruzeiro-a-declaracao-de-bolasie-direcionada-a-fernando-diniz\/\",\"name\":\"Cruzeiro: a declara\u00e7\u00e3o de Bolasie direcionada a Fernando Diniz\",\"isPartOf\":{\"@id\":\"https:\/\/www.gaveanews.com\/#website\"},\"primaryImageOfPage\":{\"@id\":\"https:\/\/www.gaveanews.com\/index.php\/2024\/12\/31\/cruzeiro-a-declaracao-de-bolasie-direcionada-a-fernando-diniz\/#primaryimage\"},\"image\":{\"@id\":\"https:\/\/www.gaveanews.com\/index.php\/2024\/12\/31\/cruzeiro-a-declaracao-de-bolasie-direcionada-a-fernando-diniz\/#primaryimage\"},\"thumbnailUrl\":\"https:\/\/www.gaveanews.com\/wp-content\/uploads\/Yannick-Bolasie-posa-para-foto-com-o-premio-de-craque-do-jogo.webp\",\"datePublished\":\"2024-12-31T06:25:00+00:00\",\"author\":{\"@id\":\"https:\/\/www.gaveanews.com\/#\/schema\/person\/f42654babcd2b2014a1a65af82b081f1\"},\"breadcrumb\":{\"@id\":\"https:\/\/www.gaveanews.com\/index.php\/2024\/12\/31\/cruzeiro-a-declaracao-de-bolasie-direcionada-a-fernando-diniz\/#breadcrumb\"},\"inLanguage\":\"pt-BR\",\"potentialAction\":[{\"@type\":\"ReadAction\",\"target\":[\"https:\/\/www.gaveanews.com\/index.php\/2024\/12\/31\/cruzeiro-a-declaracao-de-bolasie-direcionada-a-fernando-diniz\/\"]}]},{\"@type\":\"ImageObject\",\"inLanguage\":\"pt-BR\",\"@id\":\"https:\/\/www.gaveanews.com\/index.php\/2024\/12\/31\/cruzeiro-a-declaracao-de-bolasie-direcionada-a-fernando-diniz\/#primaryimage\",\"url\":\"https:\/\/www.gaveanews.com\/wp-content\/uploads\/Yannick-Bolasie-posa-para-foto-com-o-premio-de-craque-do-jogo.webp\",\"contentUrl\":\"https:\/\/www.gaveanews.com\/wp-content\/uploads\/Yannick-Bolasie-posa-para-foto-com-o-premio-de-craque-do-jogo.webp\",\"width\":1080,\"height\":1185,\"caption\":\"Yannick Bolasie posa para foto com o pr\u00eamio de craque do jogo (Foto: Reprodu\u00e7\u00e3o\/Instagram)\"},{\"@type\":\"BreadcrumbList\",\"@id\":\"https:\/\/www.gaveanews.com\/index.php\/2024\/12\/31\/cruzeiro-a-declaracao-de-bolasie-direcionada-a-fernando-diniz\/#breadcrumb\",\"itemListElement\":[{\"@type\":\"ListItem\",\"position\":1,\"name\":\"Home\",\"item\":\"https:\/\/www.gaveanews.com\/\"},{\"@type\":\"ListItem\",\"position\":2,\"name\":\"Cruzeiro: a declara\u00e7\u00e3o de Bolasie direcionada a Fernando Diniz\"}]},{\"@type\":\"WebSite\",\"@id\":\"https:\/\/www.gaveanews.com\/#website\",\"url\":\"https:\/\/www.gaveanews.com\/\",\"name\":\"G\u00e1vea News\",\"description\":\"Veja todas as not\u00edcias sobre o Flamengo: Contrata\u00e7\u00f5es, categorias de base, resultados das partidas, tabela de classifica\u00e7\u00e3o, pr\u00f3ximos jogos!\",\"potentialAction\":[{\"@type\":\"SearchAction\",\"target\":{\"@type\":\"EntryPoint\",\"urlTemplate\":\"https:\/\/www.gaveanews.com\/?s={search_term_string}\"},\"query-input\":{\"@type\":\"PropertyValueSpecification\",\"valueRequired\":true,\"valueName\":\"search_term_string\"}}],\"inLanguage\":\"pt-BR\"},{\"@type\":\"Person\",\"@id\":\"https:\/\/www.gaveanews.com\/#\/schema\/person\/f42654babcd2b2014a1a65af82b081f1\",\"name\":\"Geovanna Thomaz\",\"image\":{\"@type\":\"ImageObject\",\"inLanguage\":\"pt-BR\",\"@id\":\"https:\/\/www.gaveanews.com\/#\/schema\/person\/image\/\",\"url\":\"https:\/\/secure.gravatar.com\/avatar\/4092073255489533afb558984b49b64268c47198af8623cc82a925ae9fb7118a?s=96&d=mm&r=g\",\"contentUrl\":\"https:\/\/secure.gravatar.com\/avatar\/4092073255489533afb558984b49b64268c47198af8623cc82a925ae9fb7118a?s=96&d=mm&r=g\",\"caption\":\"Geovanna Thomaz\"}}]}<\/script>\n<!-- \/ Yoast SEO Premium plugin. -->","yoast_head_json":{"title":"Cruzeiro: a declara\u00e7\u00e3o de Bolasie direcionada a Fernando Diniz","robots":{"index":"index","follow":"follow","max-snippet":"max-snippet:-1","max-image-preview":"max-image-preview:large","max-video-preview":"max-video-preview:-1"},"canonical":"https:\/\/www.gaveanews.com\/index.php\/2024\/12\/31\/cruzeiro-a-declaracao-de-bolasie-direcionada-a-fernando-diniz\/","og_locale":"pt_BR","og_type":"article","og_title":"Cruzeiro: a declara\u00e7\u00e3o de Bolasie direcionada a Fernando Diniz","og_description":"Bolasie se prepara para temporada 2025 no Cruzeiro e elogia Fernando Diniz Anunciado como refor\u00e7o para a temporada 2025, o atacante Bolasie, de 35 anos, se mostrou entusiasmado com a perspectiva de trabalhar com Fernando Diniz no Cruzeiro. Em sua breve passagem pelo Brasil, antes de retornar \u00e0 Inglaterra para o fim de ano, o [&hellip;]","og_url":"https:\/\/www.gaveanews.com\/index.php\/2024\/12\/31\/cruzeiro-a-declaracao-de-bolasie-direcionada-a-fernando-diniz\/","og_site_name":"G\u00e1vea News","article_publisher":"https:\/\/facebook.com\/gaveaNews\/","article_published_time":"2024-12-31T06:25:00+00:00","og_image":[{"width":1080,"height":1185,"url":"https:\/\/www.gaveanews.com\/wp-content\/uploads\/Yannick-Bolasie-posa-para-foto-com-o-premio-de-craque-do-jogo.webp","type":"image\/jpeg"}],"author":"Geovanna Thomaz","twitter_card":"summary_large_image","twitter_misc":{"Escrito por":"Geovanna Thomaz","Est. tempo de leitura":"3 minutos"},"schema":{"@context":"https:\/\/schema.org","@graph":[{"@type":"NewsArticle","@id":"https:\/\/www.gaveanews.com\/index.php\/2024\/12\/31\/cruzeiro-a-declaracao-de-bolasie-direcionada-a-fernando-diniz\/#article","isPartOf":{"@id":"https:\/\/www.gaveanews.com\/index.php\/2024\/12\/31\/cruzeiro-a-declaracao-de-bolasie-direcionada-a-fernando-diniz\/"},"author":{"name":"Geovanna Thomaz","@id":"https:\/\/www.gaveanews.com\/#\/schema\/person\/f42654babcd2b2014a1a65af82b081f1"},"headline":"Cruzeiro: a declara\u00e7\u00e3o de Bolasie direcionada a Fernando Diniz","datePublished":"2024-12-31T06:25:00+00:00","mainEntityOfPage":{"@id":"https:\/\/www.gaveanews.com\/index.php\/2024\/12\/31\/cruzeiro-a-declaracao-de-bolasie-direcionada-a-fernando-diniz\/"},"wordCount":376,"commentCount":0,"image":{"@id":"https:\/\/www.gaveanews.com\/index.php\/2024\/12\/31\/cruzeiro-a-declaracao-de-bolasie-direcionada-a-fernando-diniz\/#primaryimage"},"thumbnailUrl":"https:\/\/www.gaveanews.com\/wp-content\/uploads\/Yannick-Bolasie-posa-para-foto-com-o-premio-de-craque-do-jogo.webp","articleSection":["Cruzeiro"],"inLanguage":"pt-BR","potentialAction":[{"@type":"CommentAction","name":"Comment","target":["https:\/\/www.gaveanews.com\/index.php\/2024\/12\/31\/cruzeiro-a-declaracao-de-bolasie-direcionada-a-fernando-diniz\/#respond"]}],"copyrightYear":"2024","copyrightHolder":{"@id":"https:\/\/www.gaveanews.com\/#organization"}},{"@type":"WebPage","@id":"https:\/\/www.gaveanews.com\/index.php\/2024\/12\/31\/cruzeiro-a-declaracao-de-bolasie-direcionada-a-fernando-diniz\/","url":"https:\/\/www.gaveanews.com\/index.php\/2024\/12\/31\/cruzeiro-a-declaracao-de-bolasie-direcionada-a-fernando-diniz\/","name":"Cruzeiro: a declara\u00e7\u00e3o de Bolasie direcionada a Fernando Diniz","isPartOf":{"@id":"https:\/\/www.gaveanews.com\/#website"},"primaryImageOfPage":{"@id":"https:\/\/www.gaveanews.com\/index.php\/2024\/12\/31\/cruzeiro-a-declaracao-de-bolasie-direcionada-a-fernando-diniz\/#primaryimage"},"image":{"@id":"https:\/\/www.gaveanews.com\/index.php\/2024\/12\/31\/cruzeiro-a-declaracao-de-bolasie-direcionada-a-fernando-diniz\/#primaryimage"},"thumbnailUrl":"https:\/\/www.gaveanews.com\/wp-content\/uploads\/Yannick-Bolasie-posa-para-foto-com-o-premio-de-craque-do-jogo.webp","datePublished":"2024-12-31T06:25:00+00:00","author":{"@id":"https:\/\/www.gaveanews.com\/#\/schema\/person\/f42654babcd2b2014a1a65af82b081f1"},"breadcrumb":{"@id":"https:\/\/www.gaveanews.com\/index.php\/2024\/12\/31\/cruzeiro-a-declaracao-de-bolasie-direcionada-a-fernando-diniz\/#breadcrumb"},"inLanguage":"pt-BR","potentialAction":[{"@type":"ReadAction","target":["https:\/\/www.gaveanews.com\/index.php\/2024\/12\/31\/cruzeiro-a-declaracao-de-bolasie-direcionada-a-fernando-diniz\/"]}]},{"@type":"ImageObject","inLanguage":"pt-BR","@id":"https:\/\/www.gaveanews.com\/index.php\/2024\/12\/31\/cruzeiro-a-declaracao-de-bolasie-direcionada-a-fernando-diniz\/#primaryimage","url":"https:\/\/www.gaveanews.com\/wp-content\/uploads\/Yannick-Bolasie-posa-para-foto-com-o-premio-de-craque-do-jogo.webp","contentUrl":"https:\/\/www.gaveanews.com\/wp-content\/uploads\/Yannick-Bolasie-posa-para-foto-com-o-premio-de-craque-do-jogo.webp","width":1080,"height":1185,"caption":"Yannick Bolasie posa para foto com o pr\u00eamio de craque do jogo (Foto: Reprodu\u00e7\u00e3o\/Instagram)"},{"@type":"BreadcrumbList","@id":"https:\/\/www.gaveanews.com\/index.php\/2024\/12\/31\/cruzeiro-a-declaracao-de-bolasie-direcionada-a-fernando-diniz\/#breadcrumb","itemListElement":[{"@type":"ListItem","position":1,"name":"Home","item":"https:\/\/www.gaveanews.com\/"},{"@type":"ListItem","position":2,"name":"Cruzeiro: a declara\u00e7\u00e3o de Bolasie direcionada a Fernando Diniz"}]},{"@type":"WebSite","@id":"https:\/\/www.gaveanews.com\/#website","url":"https:\/\/www.gaveanews.com\/","name":"G\u00e1vea News","description":"Veja todas as not\u00edcias sobre o Flamengo: Contrata\u00e7\u00f5es, categorias de base, resultados das partidas, tabela de classifica\u00e7\u00e3o, pr\u00f3ximos jogos!","potentialAction":[{"@type":"SearchAction","target":{"@type":"EntryPoint","urlTemplate":"https:\/\/www.gaveanews.com\/?s={search_term_string}"},"query-input":{"@type":"PropertyValueSpecification","valueRequired":true,"valueName":"search_term_string"}}],"inLanguage":"pt-BR"},{"@type":"Person","@id":"https:\/\/www.gaveanews.com\/#\/schema\/person\/f42654babcd2b2014a1a65af82b081f1","name":"Geovanna Thomaz","image":{"@type":"ImageObject","inLanguage":"pt-BR","@id":"https:\/\/www.gaveanews.com\/#\/schema\/person\/image\/","url":"https:\/\/secure.gravatar.com\/avatar\/4092073255489533afb558984b49b64268c47198af8623cc82a925ae9fb7118a?s=96&d=mm&r=g","contentUrl":"https:\/\/secure.gravatar.com\/avatar\/4092073255489533afb558984b49b64268c47198af8623cc82a925ae9fb7118a?s=96&d=mm&r=g","caption":"Geovanna Thomaz"}}]}},"_links":{"self":[{"href":"https:\/\/www.gaveanews.com\/index.php\/wp-json\/wp\/v2\/posts\/205855","targetHints":{"allow":["GET"]}}],"collection":[{"href":"https:\/\/www.gaveanews.com\/index.php\/wp-json\/wp\/v2\/posts"}],"about":[{"href":"https:\/\/www.gaveanews.com\/index.php\/wp-json\/wp\/v2\/types\/post"}],"author":[{"embeddable":true,"href":"https:\/\/www.gaveanews.com\/index.php\/wp-json\/wp\/v2\/users\/17"}],"replies":[{"embeddable":true,"href":"https:\/\/www.gaveanews.com\/index.php\/wp-json\/wp\/v2\/comments?post=205855"}],"version-history":[{"count":3,"href":"https:\/\/www.gaveanews.com\/index.php\/wp-json\/wp\/v2\/posts\/205855\/revisions"}],"predecessor-version":[{"id":205921,"href":"https:\/\/www.gaveanews.com\/index.php\/wp-json\/wp\/v2\/posts\/205855\/revisions\/205921"}],"wp:featuredmedia":[{"embeddable":true,"href":"https:\/\/www.gaveanews.com\/index.php\/wp-json\/wp\/v2\/media\/161519"}],"wp:attachment":[{"href":"https:\/\/www.gaveanews.com\/index.php\/wp-json\/wp\/v2\/media?parent=205855"}],"wp:term":[{"taxonomy":"category","embeddable":true,"href":"https:\/\/www.gaveanews.com\/index.php\/wp-json\/wp\/v2\/categories?post=205855"},{"taxonomy":"post_tag","embeddable":true,"href":"https:\/\/www.gaveanews.com\/index.php\/wp-json\/wp\/v2\/tags?post=205855"}],"curies":[{"name":"wp","href":"https:\/\/api.w.org\/{rel}","templated":true}]}}