{"id":205885,"date":"2024-12-31T03:45:00","date_gmt":"2024-12-31T06:45:00","guid":{"rendered":"https:\/\/www.gaveanews.com\/?p=205885"},"modified":"2024-12-30T21:33:42","modified_gmt":"2024-12-31T00:33:42","slug":"reforcos-hansi-flick-faz-exigencia-ao-barcelona","status":"publish","type":"post","link":"https:\/\/www.gaveanews.com\/index.php\/2024\/12\/31\/reforcos-hansi-flick-faz-exigencia-ao-barcelona\/","title":{"rendered":"Refor\u00e7os! Hansi Flick faz exig\u00eancia ao Barcelona"},"content":{"rendered":"\n<p>O Barcelona vive momentos de oscila\u00e7\u00e3o nesta temporada, ap\u00f3s um in\u00edcio promissor. Nas \u00faltimas rodadas, o desempenho do time caiu, o que aumentou a press\u00e3o por refor\u00e7os no elenco. Apesar do desejo da diretoria e do t\u00e9cnico Hansi Flick de fortalecer a equipe, as limita\u00e7\u00f5es financeiras do clube podem dificultar qualquer movimenta\u00e7\u00e3o na pr\u00f3xima janela de transfer\u00eancias.<\/p>\n\n\n\n<ul class=\"wp-block-list\">\n<li><strong><a href=\"https:\/\/www.gaveanews.com\/index.php\/2024\/12\/30\/r-419-milhoes-pep-guardiola-aprova-e-manchester-city-fica-proximo-de-mais-um-reforco\/?utm_source=terra_capa_parceiros&amp;utm_medium=referral\">R$ 419 milh\u00f5es: Pep Guardiola aprova e Manchester City fica pr\u00f3ximo de mais um refor\u00e7o<\/a><\/strong><\/li>\n\n\n\n<li><strong><a href=\"https:\/\/www.gaveanews.com\/index.php\/2024\/12\/30\/de-novo-vini-jr-e-eleito-melhor-jogador-do-mundo-pela-globe-soccer-awards\/?utm_source=terra_capa_parceiros&amp;utm_medium=referral\">De novo! Vini Jr. \u00e9 eleito melhor jogador do mundo pela Globe Soccer Awards<\/a><\/strong><\/li>\n<\/ul>\n\n\n\n<p>Segundo o jornal espanhol <em>Sport<\/em>, Hansi Flick fez uma solicita\u00e7\u00e3o espec\u00edfica: a chegada de um novo volante. A ideia \u00e9 trazer um jogador que possa servir como alternativa para Marc Casad\u00f3, jovem que tem se destacado no meio-campo catal\u00e3o. Contudo, a atual situa\u00e7\u00e3o econ\u00f4mica do Barcelona torna improv\u00e1vel a concretiza\u00e7\u00e3o de contrata\u00e7\u00f5es em janeiro, obrigando o treinador a buscar solu\u00e7\u00f5es internas.<\/p>\n\n\n\n<p>Al\u00e9m do desafio de atender \u00e0s demandas de Flick, o Barcelona enfrenta uma situa\u00e7\u00e3o delicada com Dani Olmo. O meia, contratado a peso de ouro no in\u00edcio da temporada, est\u00e1 com sua regulariza\u00e7\u00e3o pendente junto \u00e0 Federa\u00e7\u00e3o Espanhola. O clube tem at\u00e9 o dia 31 de dezembro para resolver o impasse. Caso contr\u00e1rio, o jogador ficar\u00e1 livre para negociar com outras equipes.<\/p>\n\n\n\n<p>O poss\u00edvel desfecho negativo no caso Dani Olmo preocupa n\u00e3o apenas pelo impacto financeiro, mas tamb\u00e9m pela relev\u00e2ncia do atleta em campo. Sua sa\u00edda sem custos representaria um preju\u00edzo significativo, especialmente em um momento em que o Barcelona busca se reestruturar para voltar a ser competitivo em todas as competi\u00e7\u00f5es.<\/p>\n\n\n\n<p>Com outros clubes atentos \u00e0 situa\u00e7\u00e3o de Olmo, o Barcelona corre contra o tempo para garantir sua perman\u00eancia. A diretoria sabe que uma perda desse n\u00edvel poderia comprometer ainda mais os planos esportivos e econ\u00f4micos do clube, j\u00e1 que o meia foi apontado como uma pe\u00e7a fundamental para o projeto comandado por Flick.<\/p>\n\n\n\n<p>Enquanto isso, o t\u00e9cnico alem\u00e3o precisar\u00e1 lidar com um elenco enxuto e buscar solu\u00e7\u00f5es imediatas para retomar o bom desempenho. A diretoria trabalha para encontrar um equil\u00edbrio entre a necessidade de refor\u00e7os e a limita\u00e7\u00e3o or\u00e7ament\u00e1ria, mas a janela de janeiro promete ser mais um teste para o Barcelona, que segue tentando superar os efeitos de sua crise financeira.<\/p>\n","protected":false},"excerpt":{"rendered":"<p>O Barcelona vive momentos de oscila\u00e7\u00e3o nesta temporada, ap\u00f3s um in\u00edcio promissor. Nas \u00faltimas rodadas, o desempenho do time caiu, o que aumentou a press\u00e3o por refor\u00e7os no elenco. Apesar do desejo da diretoria e do t\u00e9cnico Hansi Flick de fortalecer a equipe, as limita\u00e7\u00f5es financeiras do clube podem dificultar qualquer movimenta\u00e7\u00e3o na pr\u00f3xima janela [&hellip;]<\/p>\n","protected":false},"author":23,"featured_media":122108,"comment_status":"open","ping_status":"closed","sticky":false,"template":"","format":"standard","meta":{"footnotes":""},"categories":[78],"tags":[],"class_list":["post-205885","post","type-post","status-publish","format-standard","has-post-thumbnail","hentry","category-futebol-internacional"],"yoast_head":"<!-- This site is optimized with the Yoast SEO Premium plugin v24.2 (Yoast SEO v26.9) - https:\/\/yoast.com\/product\/yoast-seo-premium-wordpress\/ -->\n<title>Refor\u00e7os! Hansi Flick faz exig\u00eancia ao Barcelona<\/title>\n<meta name=\"robots\" content=\"index, follow, max-snippet:-1, max-image-preview:large, max-video-preview:-1\" \/>\n<link rel=\"canonical\" href=\"https:\/\/www.gaveanews.com\/index.php\/2024\/12\/31\/reforcos-hansi-flick-faz-exigencia-ao-barcelona\/\" \/>\n<meta property=\"og:locale\" content=\"pt_BR\" \/>\n<meta property=\"og:type\" content=\"article\" \/>\n<meta property=\"og:title\" content=\"Refor\u00e7os! Hansi Flick faz exig\u00eancia ao Barcelona\" \/>\n<meta property=\"og:description\" content=\"O Barcelona vive momentos de oscila\u00e7\u00e3o nesta temporada, ap\u00f3s um in\u00edcio promissor. Nas \u00faltimas rodadas, o desempenho do time caiu, o que aumentou a press\u00e3o por refor\u00e7os no elenco. Apesar do desejo da diretoria e do t\u00e9cnico Hansi Flick de fortalecer a equipe, as limita\u00e7\u00f5es financeiras do clube podem dificultar qualquer movimenta\u00e7\u00e3o na pr\u00f3xima janela [&hellip;]\" \/>\n<meta property=\"og:url\" content=\"https:\/\/www.gaveanews.com\/index.php\/2024\/12\/31\/reforcos-hansi-flick-faz-exigencia-ao-barcelona\/\" \/>\n<meta property=\"og:site_name\" content=\"G\u00e1vea News\" \/>\n<meta property=\"article:publisher\" content=\"https:\/\/facebook.com\/gaveaNews\/\" \/>\n<meta property=\"article:published_time\" content=\"2024-12-31T06:45:00+00:00\" \/>\n<meta property=\"og:image\" content=\"https:\/\/www.gaveanews.com\/wp-content\/uploads\/barca.webp\" \/>\n\t<meta property=\"og:image:width\" content=\"1000\" \/>\n\t<meta property=\"og:image:height\" content=\"658\" \/>\n\t<meta property=\"og:image:type\" content=\"image\/webp\" \/>\n<meta name=\"author\" content=\"Leandro Azevedo\" \/>\n<meta name=\"twitter:card\" content=\"summary_large_image\" \/>\n<meta name=\"twitter:label1\" content=\"Escrito por\" \/>\n\t<meta name=\"twitter:data1\" content=\"Leandro Azevedo\" \/>\n\t<meta name=\"twitter:label2\" content=\"Est. tempo de leitura\" \/>\n\t<meta name=\"twitter:data2\" content=\"3 minutos\" \/>\n<script type=\"application\/ld+json\" class=\"yoast-schema-graph\">{\"@context\":\"https:\/\/schema.org\",\"@graph\":[{\"@type\":\"NewsArticle\",\"@id\":\"https:\/\/www.gaveanews.com\/index.php\/2024\/12\/31\/reforcos-hansi-flick-faz-exigencia-ao-barcelona\/#article\",\"isPartOf\":{\"@id\":\"https:\/\/www.gaveanews.com\/index.php\/2024\/12\/31\/reforcos-hansi-flick-faz-exigencia-ao-barcelona\/\"},\"author\":{\"name\":\"Leandro Azevedo\",\"@id\":\"https:\/\/www.gaveanews.com\/#\/schema\/person\/2877169f354c4596cf5aab74ea7c56a8\"},\"headline\":\"Refor\u00e7os! Hansi Flick faz exig\u00eancia ao Barcelona\",\"datePublished\":\"2024-12-31T06:45:00+00:00\",\"mainEntityOfPage\":{\"@id\":\"https:\/\/www.gaveanews.com\/index.php\/2024\/12\/31\/reforcos-hansi-flick-faz-exigencia-ao-barcelona\/\"},\"wordCount\":422,\"commentCount\":0,\"image\":{\"@id\":\"https:\/\/www.gaveanews.com\/index.php\/2024\/12\/31\/reforcos-hansi-flick-faz-exigencia-ao-barcelona\/#primaryimage\"},\"thumbnailUrl\":\"https:\/\/www.gaveanews.com\/wp-content\/uploads\/barca.webp\",\"articleSection\":[\"Futebol Internacional\"],\"inLanguage\":\"pt-BR\",\"potentialAction\":[{\"@type\":\"CommentAction\",\"name\":\"Comment\",\"target\":[\"https:\/\/www.gaveanews.com\/index.php\/2024\/12\/31\/reforcos-hansi-flick-faz-exigencia-ao-barcelona\/#respond\"]}],\"copyrightYear\":\"2024\",\"copyrightHolder\":{\"@id\":\"https:\/\/www.gaveanews.com\/#organization\"}},{\"@type\":\"WebPage\",\"@id\":\"https:\/\/www.gaveanews.com\/index.php\/2024\/12\/31\/reforcos-hansi-flick-faz-exigencia-ao-barcelona\/\",\"url\":\"https:\/\/www.gaveanews.com\/index.php\/2024\/12\/31\/reforcos-hansi-flick-faz-exigencia-ao-barcelona\/\",\"name\":\"Refor\u00e7os! Hansi Flick faz exig\u00eancia ao Barcelona\",\"isPartOf\":{\"@id\":\"https:\/\/www.gaveanews.com\/#website\"},\"primaryImageOfPage\":{\"@id\":\"https:\/\/www.gaveanews.com\/index.php\/2024\/12\/31\/reforcos-hansi-flick-faz-exigencia-ao-barcelona\/#primaryimage\"},\"image\":{\"@id\":\"https:\/\/www.gaveanews.com\/index.php\/2024\/12\/31\/reforcos-hansi-flick-faz-exigencia-ao-barcelona\/#primaryimage\"},\"thumbnailUrl\":\"https:\/\/www.gaveanews.com\/wp-content\/uploads\/barca.webp\",\"datePublished\":\"2024-12-31T06:45:00+00:00\",\"author\":{\"@id\":\"https:\/\/www.gaveanews.com\/#\/schema\/person\/2877169f354c4596cf5aab74ea7c56a8\"},\"breadcrumb\":{\"@id\":\"https:\/\/www.gaveanews.com\/index.php\/2024\/12\/31\/reforcos-hansi-flick-faz-exigencia-ao-barcelona\/#breadcrumb\"},\"inLanguage\":\"pt-BR\",\"potentialAction\":[{\"@type\":\"ReadAction\",\"target\":[\"https:\/\/www.gaveanews.com\/index.php\/2024\/12\/31\/reforcos-hansi-flick-faz-exigencia-ao-barcelona\/\"]}]},{\"@type\":\"ImageObject\",\"inLanguage\":\"pt-BR\",\"@id\":\"https:\/\/www.gaveanews.com\/index.php\/2024\/12\/31\/reforcos-hansi-flick-faz-exigencia-ao-barcelona\/#primaryimage\",\"url\":\"https:\/\/www.gaveanews.com\/wp-content\/uploads\/barca.webp\",\"contentUrl\":\"https:\/\/www.gaveanews.com\/wp-content\/uploads\/barca.webp\",\"width\":1000,\"height\":658,\"caption\":\"Escudo do Barcelona (Foto: Reprodu\u00e7\u00e3o)\"},{\"@type\":\"BreadcrumbList\",\"@id\":\"https:\/\/www.gaveanews.com\/index.php\/2024\/12\/31\/reforcos-hansi-flick-faz-exigencia-ao-barcelona\/#breadcrumb\",\"itemListElement\":[{\"@type\":\"ListItem\",\"position\":1,\"name\":\"Home\",\"item\":\"https:\/\/www.gaveanews.com\/\"},{\"@type\":\"ListItem\",\"position\":2,\"name\":\"Refor\u00e7os! Hansi Flick faz exig\u00eancia ao Barcelona\"}]},{\"@type\":\"WebSite\",\"@id\":\"https:\/\/www.gaveanews.com\/#website\",\"url\":\"https:\/\/www.gaveanews.com\/\",\"name\":\"G\u00e1vea News\",\"description\":\"Veja todas as not\u00edcias sobre o Flamengo: Contrata\u00e7\u00f5es, categorias de base, resultados das partidas, tabela de classifica\u00e7\u00e3o, pr\u00f3ximos jogos!\",\"potentialAction\":[{\"@type\":\"SearchAction\",\"target\":{\"@type\":\"EntryPoint\",\"urlTemplate\":\"https:\/\/www.gaveanews.com\/?s={search_term_string}\"},\"query-input\":{\"@type\":\"PropertyValueSpecification\",\"valueRequired\":true,\"valueName\":\"search_term_string\"}}],\"inLanguage\":\"pt-BR\"},{\"@type\":\"Person\",\"@id\":\"https:\/\/www.gaveanews.com\/#\/schema\/person\/2877169f354c4596cf5aab74ea7c56a8\",\"name\":\"Leandro Azevedo\",\"image\":{\"@type\":\"ImageObject\",\"inLanguage\":\"pt-BR\",\"@id\":\"https:\/\/www.gaveanews.com\/#\/schema\/person\/image\/\",\"url\":\"https:\/\/secure.gravatar.com\/avatar\/e2f72eb6d986a41d592a85e4e36a6c6170e9ea8a1f433dfc29d0011a8968f89c?s=96&d=mm&r=g\",\"contentUrl\":\"https:\/\/secure.gravatar.com\/avatar\/e2f72eb6d986a41d592a85e4e36a6c6170e9ea8a1f433dfc29d0011a8968f89c?s=96&d=mm&r=g\",\"caption\":\"Leandro Azevedo\"}}]}<\/script>\n<!-- \/ Yoast SEO Premium plugin. -->","yoast_head_json":{"title":"Refor\u00e7os! Hansi Flick faz exig\u00eancia ao Barcelona","robots":{"index":"index","follow":"follow","max-snippet":"max-snippet:-1","max-image-preview":"max-image-preview:large","max-video-preview":"max-video-preview:-1"},"canonical":"https:\/\/www.gaveanews.com\/index.php\/2024\/12\/31\/reforcos-hansi-flick-faz-exigencia-ao-barcelona\/","og_locale":"pt_BR","og_type":"article","og_title":"Refor\u00e7os! Hansi Flick faz exig\u00eancia ao Barcelona","og_description":"O Barcelona vive momentos de oscila\u00e7\u00e3o nesta temporada, ap\u00f3s um in\u00edcio promissor. Nas \u00faltimas rodadas, o desempenho do time caiu, o que aumentou a press\u00e3o por refor\u00e7os no elenco. Apesar do desejo da diretoria e do t\u00e9cnico Hansi Flick de fortalecer a equipe, as limita\u00e7\u00f5es financeiras do clube podem dificultar qualquer movimenta\u00e7\u00e3o na pr\u00f3xima janela [&hellip;]","og_url":"https:\/\/www.gaveanews.com\/index.php\/2024\/12\/31\/reforcos-hansi-flick-faz-exigencia-ao-barcelona\/","og_site_name":"G\u00e1vea News","article_publisher":"https:\/\/facebook.com\/gaveaNews\/","article_published_time":"2024-12-31T06:45:00+00:00","og_image":[{"width":1000,"height":658,"url":"https:\/\/www.gaveanews.com\/wp-content\/uploads\/barca.webp","type":"image\/webp"}],"author":"Leandro Azevedo","twitter_card":"summary_large_image","twitter_misc":{"Escrito por":"Leandro Azevedo","Est. tempo de leitura":"3 minutos"},"schema":{"@context":"https:\/\/schema.org","@graph":[{"@type":"NewsArticle","@id":"https:\/\/www.gaveanews.com\/index.php\/2024\/12\/31\/reforcos-hansi-flick-faz-exigencia-ao-barcelona\/#article","isPartOf":{"@id":"https:\/\/www.gaveanews.com\/index.php\/2024\/12\/31\/reforcos-hansi-flick-faz-exigencia-ao-barcelona\/"},"author":{"name":"Leandro Azevedo","@id":"https:\/\/www.gaveanews.com\/#\/schema\/person\/2877169f354c4596cf5aab74ea7c56a8"},"headline":"Refor\u00e7os! Hansi Flick faz exig\u00eancia ao Barcelona","datePublished":"2024-12-31T06:45:00+00:00","mainEntityOfPage":{"@id":"https:\/\/www.gaveanews.com\/index.php\/2024\/12\/31\/reforcos-hansi-flick-faz-exigencia-ao-barcelona\/"},"wordCount":422,"commentCount":0,"image":{"@id":"https:\/\/www.gaveanews.com\/index.php\/2024\/12\/31\/reforcos-hansi-flick-faz-exigencia-ao-barcelona\/#primaryimage"},"thumbnailUrl":"https:\/\/www.gaveanews.com\/wp-content\/uploads\/barca.webp","articleSection":["Futebol Internacional"],"inLanguage":"pt-BR","potentialAction":[{"@type":"CommentAction","name":"Comment","target":["https:\/\/www.gaveanews.com\/index.php\/2024\/12\/31\/reforcos-hansi-flick-faz-exigencia-ao-barcelona\/#respond"]}],"copyrightYear":"2024","copyrightHolder":{"@id":"https:\/\/www.gaveanews.com\/#organization"}},{"@type":"WebPage","@id":"https:\/\/www.gaveanews.com\/index.php\/2024\/12\/31\/reforcos-hansi-flick-faz-exigencia-ao-barcelona\/","url":"https:\/\/www.gaveanews.com\/index.php\/2024\/12\/31\/reforcos-hansi-flick-faz-exigencia-ao-barcelona\/","name":"Refor\u00e7os! Hansi Flick faz exig\u00eancia ao Barcelona","isPartOf":{"@id":"https:\/\/www.gaveanews.com\/#website"},"primaryImageOfPage":{"@id":"https:\/\/www.gaveanews.com\/index.php\/2024\/12\/31\/reforcos-hansi-flick-faz-exigencia-ao-barcelona\/#primaryimage"},"image":{"@id":"https:\/\/www.gaveanews.com\/index.php\/2024\/12\/31\/reforcos-hansi-flick-faz-exigencia-ao-barcelona\/#primaryimage"},"thumbnailUrl":"https:\/\/www.gaveanews.com\/wp-content\/uploads\/barca.webp","datePublished":"2024-12-31T06:45:00+00:00","author":{"@id":"https:\/\/www.gaveanews.com\/#\/schema\/person\/2877169f354c4596cf5aab74ea7c56a8"},"breadcrumb":{"@id":"https:\/\/www.gaveanews.com\/index.php\/2024\/12\/31\/reforcos-hansi-flick-faz-exigencia-ao-barcelona\/#breadcrumb"},"inLanguage":"pt-BR","potentialAction":[{"@type":"ReadAction","target":["https:\/\/www.gaveanews.com\/index.php\/2024\/12\/31\/reforcos-hansi-flick-faz-exigencia-ao-barcelona\/"]}]},{"@type":"ImageObject","inLanguage":"pt-BR","@id":"https:\/\/www.gaveanews.com\/index.php\/2024\/12\/31\/reforcos-hansi-flick-faz-exigencia-ao-barcelona\/#primaryimage","url":"https:\/\/www.gaveanews.com\/wp-content\/uploads\/barca.webp","contentUrl":"https:\/\/www.gaveanews.com\/wp-content\/uploads\/barca.webp","width":1000,"height":658,"caption":"Escudo do Barcelona (Foto: Reprodu\u00e7\u00e3o)"},{"@type":"BreadcrumbList","@id":"https:\/\/www.gaveanews.com\/index.php\/2024\/12\/31\/reforcos-hansi-flick-faz-exigencia-ao-barcelona\/#breadcrumb","itemListElement":[{"@type":"ListItem","position":1,"name":"Home","item":"https:\/\/www.gaveanews.com\/"},{"@type":"ListItem","position":2,"name":"Refor\u00e7os! Hansi Flick faz exig\u00eancia ao Barcelona"}]},{"@type":"WebSite","@id":"https:\/\/www.gaveanews.com\/#website","url":"https:\/\/www.gaveanews.com\/","name":"G\u00e1vea News","description":"Veja todas as not\u00edcias sobre o Flamengo: Contrata\u00e7\u00f5es, categorias de base, resultados das partidas, tabela de classifica\u00e7\u00e3o, pr\u00f3ximos jogos!","potentialAction":[{"@type":"SearchAction","target":{"@type":"EntryPoint","urlTemplate":"https:\/\/www.gaveanews.com\/?s={search_term_string}"},"query-input":{"@type":"PropertyValueSpecification","valueRequired":true,"valueName":"search_term_string"}}],"inLanguage":"pt-BR"},{"@type":"Person","@id":"https:\/\/www.gaveanews.com\/#\/schema\/person\/2877169f354c4596cf5aab74ea7c56a8","name":"Leandro Azevedo","image":{"@type":"ImageObject","inLanguage":"pt-BR","@id":"https:\/\/www.gaveanews.com\/#\/schema\/person\/image\/","url":"https:\/\/secure.gravatar.com\/avatar\/e2f72eb6d986a41d592a85e4e36a6c6170e9ea8a1f433dfc29d0011a8968f89c?s=96&d=mm&r=g","contentUrl":"https:\/\/secure.gravatar.com\/avatar\/e2f72eb6d986a41d592a85e4e36a6c6170e9ea8a1f433dfc29d0011a8968f89c?s=96&d=mm&r=g","caption":"Leandro Azevedo"}}]}},"_links":{"self":[{"href":"https:\/\/www.gaveanews.com\/index.php\/wp-json\/wp\/v2\/posts\/205885","targetHints":{"allow":["GET"]}}],"collection":[{"href":"https:\/\/www.gaveanews.com\/index.php\/wp-json\/wp\/v2\/posts"}],"about":[{"href":"https:\/\/www.gaveanews.com\/index.php\/wp-json\/wp\/v2\/types\/post"}],"author":[{"embeddable":true,"href":"https:\/\/www.gaveanews.com\/index.php\/wp-json\/wp\/v2\/users\/23"}],"replies":[{"embeddable":true,"href":"https:\/\/www.gaveanews.com\/index.php\/wp-json\/wp\/v2\/comments?post=205885"}],"version-history":[{"count":1,"href":"https:\/\/www.gaveanews.com\/index.php\/wp-json\/wp\/v2\/posts\/205885\/revisions"}],"predecessor-version":[{"id":205886,"href":"https:\/\/www.gaveanews.com\/index.php\/wp-json\/wp\/v2\/posts\/205885\/revisions\/205886"}],"wp:featuredmedia":[{"embeddable":true,"href":"https:\/\/www.gaveanews.com\/index.php\/wp-json\/wp\/v2\/media\/122108"}],"wp:attachment":[{"href":"https:\/\/www.gaveanews.com\/index.php\/wp-json\/wp\/v2\/media?parent=205885"}],"wp:term":[{"taxonomy":"category","embeddable":true,"href":"https:\/\/www.gaveanews.com\/index.php\/wp-json\/wp\/v2\/categories?post=205885"},{"taxonomy":"post_tag","embeddable":true,"href":"https:\/\/www.gaveanews.com\/index.php\/wp-json\/wp\/v2\/tags?post=205885"}],"curies":[{"name":"wp","href":"https:\/\/api.w.org\/{rel}","templated":true}]}}