{"id":205932,"date":"2024-12-31T08:05:00","date_gmt":"2024-12-31T11:05:00","guid":{"rendered":"https:\/\/www.gaveanews.com\/?p=205932"},"modified":"2024-12-30T22:51:37","modified_gmt":"2024-12-31T01:51:37","slug":"video-vene-casagrande-manda-a-real-sobre-polemica-envolvendo-david-luiz","status":"publish","type":"post","link":"https:\/\/www.gaveanews.com\/index.php\/2024\/12\/31\/video-vene-casagrande-manda-a-real-sobre-polemica-envolvendo-david-luiz\/","title":{"rendered":"V\u00eddeo: Ven\u00ea Casagrande manda a real sobre pol\u00eamica envolvendo David Luiz"},"content":{"rendered":"\n<p>Desde o \u00faltimo s\u00e1bado (28), uma pol\u00eamica envolvendo David Luiz \u00e9 assunto entre torcedores do Flamengo e imprensa esportiva. Isso porque, o jogador deu uma declara\u00e7\u00e3o dizendo que soube &#8216;pelas redes sociais&#8217; que n\u00e3o teria o contrato renovado, e que em nenhum momento foi procurado pela nova gest\u00e3o para tratar o assunto.<\/p>\n\n\n\n<ul class=\"wp-block-list\">\n<li><a href=\"https:\/\/www.gaveanews.com\/index.php\/2024\/12\/30\/flamengo-se-manifesta-e-responde-david-luiz\/\">Flamengo se manifesta e responde David Luiz<\/a><\/li>\n\n\n\n<li><a href=\"https:\/\/www.gaveanews.com\/index.php\/2024\/12\/30\/zico-detona-atitude-da-diretoria-do-flamengo-2\/\">Zico detona atitude da diretoria do Flamengo<\/a><\/li>\n<\/ul>\n\n\n\n<p>Nesta segunda-feira (30), durante o programa SBT Sports Rio, o jornalista Ven\u00ea Casagrande comentou sobre o assunto e garantiu que o empres\u00e1rio de David Luiz estava ciente de que o contrato do defensor n\u00e3o seria renovado.<\/p>\n\n\n\n<p>&#8220;Dizer que o Flamengo n\u00e3o comunicou que n\u00e3o renovaria com o jogador talvez seja uma mentira. O empres\u00e1rio foi comunicado pela atual gest\u00e3o, a gest\u00e3o do BAP, que ele n\u00e3o seria renovado. Se ele avisou ao David Luiz ou n\u00e3o, \u00e9 uma outra hist\u00f3ria. Se ele ficou sabendo pelo Instagram, \u00e9 um erro&#8221;, disse, antes de continuar:<\/p>\n\n\n\n<p>&#8220;Se eu fosse dirigente do Flamengo, por tudo que ele viveu tr\u00eas anos e meio, eu ligaria diretamente pro David Luiz. O empres\u00e1rio foi comunicado, foi avisado que n\u00e3o teria renova\u00e7\u00e3o. Se ele ficou sabendo pelo Instagram, eu acho um erro da diretoria, que podia ter ligado pra ele, comunicado, agradecido pelos servi\u00e7os prestados. Mas, dizer que o empres\u00e1rio n\u00e3o foi avisado, foi mentira. Se o David est\u00e1 garantindo que ficou sabendo pelo Instagram, foi um erro do Flamengo que podia ter ligado, e do empres\u00e1rio, que deveria ter comunicado que ele n\u00e3o ficaria no Flamengo&#8221;, concluiu.<\/p>\n\n\n\n<blockquote class=\"twitter-tweet\" data-media-max-width=\"560\"><p lang=\"pt\" dir=\"ltr\">&quot;Dizer que o Flamengo n\u00e3o comunicou que n\u00e3o renovaria com o jogador (David Luiz) talvez seja uma mentira. O empres\u00e1rio foi comunicado pela atual gest\u00e3o, se ele avisou ao David Luiz ou n\u00e3o \u00e9 uma outra hist\u00f3ria!&quot; &#8211; <a href=\"https:\/\/twitter.com\/venecasagrande?ref_src=twsrc%5Etfw\">@venecasagrande<\/a> <a href=\"https:\/\/twitter.com\/hashtag\/sbtsportsrio?src=hash&amp;ref_src=twsrc%5Etfw\">#sbtsportsrio<\/a> <a href=\"https:\/\/twitter.com\/hashtag\/sbt?src=hash&amp;ref_src=twsrc%5Etfw\">#sbt<\/a> <a href=\"https:\/\/twitter.com\/hashtag\/futebol?src=hash&amp;ref_src=twsrc%5Etfw\">#futebol<\/a> <a href=\"https:\/\/t.co\/mU81aX1jsU\">pic.twitter.com\/mU81aX1jsU<\/a><\/p>&mdash; SBT Rio (@sbtrio) <a href=\"https:\/\/twitter.com\/sbtrio\/status\/1873785604141666714?ref_src=twsrc%5Etfw\">December 30, 2024<\/a><\/blockquote> <script async src=\"https:\/\/platform.twitter.com\/widgets.js\" charset=\"utf-8\"><\/script>\n\n\n\n<h2 class=\"wp-block-heading\" id=\"h-o-que-diz-o-flamengo\">O que diz o Flamengo<\/h2>\n\n\n\n<p>Nesta segunda-feira (30), no CT Ninho do Urubu, Jos\u00e9 Boto, novo diretor t\u00e9cnico de futebol do Flamengo, concedeu a primeira coletiva de imprensa. Entre os assuntos comentados pelo dirigente, foi abordada a situa\u00e7\u00e3o do zagueiro.<\/p>\n\n\n\n<p>&#8220;O David \u00e9 algu\u00e9m que, por onde passou, esteve no Benfica quando eu estava, que sempre colheu o agrado da torcida, das pessoas que trabalharam com ele. Respeito enorme pela carreira. O que se passou foi algo profissional. Quando quero contratar o jogador, n\u00e3o falo direto com o jogador. Os agentes ficam p**** quando fazemos isso. O que se passou com o David, conhe\u00e7o as pessoas que lidam com ele h\u00e1 muitos anos. As pessoas, eu estava na Cro\u00e1cia, pediram para que assim que eu tivesse uma posi\u00e7\u00e3o, que eu comunicasse. Assim que me reuni com Filipe Lu\u00eds, comuniquei pela manh\u00e3, muito cedo, \u00e0s pessoas competentes. Desejo toda sorte ao David. \u00c9 um excelente atleta e ser humano. Recebi uma mensagem do agente dele desejando sorte da parte do David. \u00c9 um assunto encerrado. Que seja muito feliz, como em todos lugares em que passou&#8221;. <\/p>\n\n\n\n<p><\/p>\n","protected":false},"excerpt":{"rendered":"<p>Desde o \u00faltimo s\u00e1bado (28), uma pol\u00eamica envolvendo David Luiz \u00e9 assunto entre torcedores do Flamengo e imprensa esportiva. Isso porque, o jogador deu uma declara\u00e7\u00e3o dizendo que soube &#8216;pelas redes sociais&#8217; que n\u00e3o teria o contrato renovado, e que em nenhum momento foi procurado pela nova gest\u00e3o para tratar o assunto. Nesta segunda-feira (30), [&hellip;]<\/p>\n","protected":false},"author":18,"featured_media":105168,"comment_status":"open","ping_status":"closed","sticky":false,"template":"","format":"standard","meta":{"footnotes":""},"categories":[1],"tags":[],"class_list":["post-205932","post","type-post","status-publish","format-standard","has-post-thumbnail","hentry","category-flamengo"],"yoast_head":"<!-- This site is optimized with the Yoast SEO Premium plugin v24.2 (Yoast SEO v26.9) - https:\/\/yoast.com\/product\/yoast-seo-premium-wordpress\/ -->\n<title>V\u00eddeo: Ven\u00ea Casagrande manda a real sobre pol\u00eamica envolvendo David Luiz<\/title>\n<meta name=\"robots\" content=\"index, follow, max-snippet:-1, max-image-preview:large, max-video-preview:-1\" \/>\n<link rel=\"canonical\" href=\"https:\/\/www.gaveanews.com\/index.php\/2024\/12\/31\/video-vene-casagrande-manda-a-real-sobre-polemica-envolvendo-david-luiz\/\" \/>\n<meta property=\"og:locale\" content=\"pt_BR\" \/>\n<meta property=\"og:type\" content=\"article\" \/>\n<meta property=\"og:title\" content=\"V\u00eddeo: Ven\u00ea Casagrande manda a real sobre pol\u00eamica envolvendo David Luiz\" \/>\n<meta property=\"og:description\" content=\"Desde o \u00faltimo s\u00e1bado (28), uma pol\u00eamica envolvendo David Luiz \u00e9 assunto entre torcedores do Flamengo e imprensa esportiva. Isso porque, o jogador deu uma declara\u00e7\u00e3o dizendo que soube &#8216;pelas redes sociais&#8217; que n\u00e3o teria o contrato renovado, e que em nenhum momento foi procurado pela nova gest\u00e3o para tratar o assunto. Nesta segunda-feira (30), [&hellip;]\" \/>\n<meta property=\"og:url\" content=\"https:\/\/www.gaveanews.com\/index.php\/2024\/12\/31\/video-vene-casagrande-manda-a-real-sobre-polemica-envolvendo-david-luiz\/\" \/>\n<meta property=\"og:site_name\" content=\"G\u00e1vea News\" \/>\n<meta property=\"article:publisher\" content=\"https:\/\/facebook.com\/gaveaNews\/\" \/>\n<meta property=\"article:published_time\" content=\"2024-12-31T11:05:00+00:00\" \/>\n<meta property=\"og:image\" content=\"https:\/\/www.gaveanews.com\/wp-content\/uploads\/Vene-Casagrande-durante-a-programacao-do-SBT.webp\" \/>\n\t<meta property=\"og:image:width\" content=\"1200\" \/>\n\t<meta property=\"og:image:height\" content=\"740\" \/>\n\t<meta property=\"og:image:type\" content=\"image\/jpeg\" \/>\n<meta name=\"author\" content=\"Paula Silva\" \/>\n<meta name=\"twitter:card\" content=\"summary_large_image\" \/>\n<meta name=\"twitter:label1\" content=\"Escrito por\" \/>\n\t<meta name=\"twitter:data1\" content=\"Paula Silva\" \/>\n\t<meta name=\"twitter:label2\" content=\"Est. tempo de leitura\" \/>\n\t<meta name=\"twitter:data2\" content=\"3 minutos\" \/>\n<script type=\"application\/ld+json\" class=\"yoast-schema-graph\">{\"@context\":\"https:\/\/schema.org\",\"@graph\":[{\"@type\":\"NewsArticle\",\"@id\":\"https:\/\/www.gaveanews.com\/index.php\/2024\/12\/31\/video-vene-casagrande-manda-a-real-sobre-polemica-envolvendo-david-luiz\/#article\",\"isPartOf\":{\"@id\":\"https:\/\/www.gaveanews.com\/index.php\/2024\/12\/31\/video-vene-casagrande-manda-a-real-sobre-polemica-envolvendo-david-luiz\/\"},\"author\":{\"name\":\"Paula Silva\",\"@id\":\"https:\/\/www.gaveanews.com\/#\/schema\/person\/daf63eec72e1164eb13dc35096c2b8da\"},\"headline\":\"V\u00eddeo: Ven\u00ea Casagrande manda a real sobre pol\u00eamica envolvendo David Luiz\",\"datePublished\":\"2024-12-31T11:05:00+00:00\",\"mainEntityOfPage\":{\"@id\":\"https:\/\/www.gaveanews.com\/index.php\/2024\/12\/31\/video-vene-casagrande-manda-a-real-sobre-polemica-envolvendo-david-luiz\/\"},\"wordCount\":537,\"commentCount\":0,\"image\":{\"@id\":\"https:\/\/www.gaveanews.com\/index.php\/2024\/12\/31\/video-vene-casagrande-manda-a-real-sobre-polemica-envolvendo-david-luiz\/#primaryimage\"},\"thumbnailUrl\":\"https:\/\/www.gaveanews.com\/wp-content\/uploads\/Vene-Casagrande-durante-a-programacao-do-SBT.webp\",\"articleSection\":[\"Flamengo\"],\"inLanguage\":\"pt-BR\",\"potentialAction\":[{\"@type\":\"CommentAction\",\"name\":\"Comment\",\"target\":[\"https:\/\/www.gaveanews.com\/index.php\/2024\/12\/31\/video-vene-casagrande-manda-a-real-sobre-polemica-envolvendo-david-luiz\/#respond\"]}],\"copyrightYear\":\"2024\",\"copyrightHolder\":{\"@id\":\"https:\/\/www.gaveanews.com\/#organization\"}},{\"@type\":\"WebPage\",\"@id\":\"https:\/\/www.gaveanews.com\/index.php\/2024\/12\/31\/video-vene-casagrande-manda-a-real-sobre-polemica-envolvendo-david-luiz\/\",\"url\":\"https:\/\/www.gaveanews.com\/index.php\/2024\/12\/31\/video-vene-casagrande-manda-a-real-sobre-polemica-envolvendo-david-luiz\/\",\"name\":\"V\u00eddeo: Ven\u00ea Casagrande manda a real sobre pol\u00eamica envolvendo David Luiz\",\"isPartOf\":{\"@id\":\"https:\/\/www.gaveanews.com\/#website\"},\"primaryImageOfPage\":{\"@id\":\"https:\/\/www.gaveanews.com\/index.php\/2024\/12\/31\/video-vene-casagrande-manda-a-real-sobre-polemica-envolvendo-david-luiz\/#primaryimage\"},\"image\":{\"@id\":\"https:\/\/www.gaveanews.com\/index.php\/2024\/12\/31\/video-vene-casagrande-manda-a-real-sobre-polemica-envolvendo-david-luiz\/#primaryimage\"},\"thumbnailUrl\":\"https:\/\/www.gaveanews.com\/wp-content\/uploads\/Vene-Casagrande-durante-a-programacao-do-SBT.webp\",\"datePublished\":\"2024-12-31T11:05:00+00:00\",\"author\":{\"@id\":\"https:\/\/www.gaveanews.com\/#\/schema\/person\/daf63eec72e1164eb13dc35096c2b8da\"},\"breadcrumb\":{\"@id\":\"https:\/\/www.gaveanews.com\/index.php\/2024\/12\/31\/video-vene-casagrande-manda-a-real-sobre-polemica-envolvendo-david-luiz\/#breadcrumb\"},\"inLanguage\":\"pt-BR\",\"potentialAction\":[{\"@type\":\"ReadAction\",\"target\":[\"https:\/\/www.gaveanews.com\/index.php\/2024\/12\/31\/video-vene-casagrande-manda-a-real-sobre-polemica-envolvendo-david-luiz\/\"]}]},{\"@type\":\"ImageObject\",\"inLanguage\":\"pt-BR\",\"@id\":\"https:\/\/www.gaveanews.com\/index.php\/2024\/12\/31\/video-vene-casagrande-manda-a-real-sobre-polemica-envolvendo-david-luiz\/#primaryimage\",\"url\":\"https:\/\/www.gaveanews.com\/wp-content\/uploads\/Vene-Casagrande-durante-a-programacao-do-SBT.webp\",\"contentUrl\":\"https:\/\/www.gaveanews.com\/wp-content\/uploads\/Vene-Casagrande-durante-a-programacao-do-SBT.webp\",\"width\":1200,\"height\":740,\"caption\":\"Ven\u00ea Casagrande durante a programa\u00e7\u00e3o do SBT (Foto: Reprodu\u00e7\u00e3o)\"},{\"@type\":\"BreadcrumbList\",\"@id\":\"https:\/\/www.gaveanews.com\/index.php\/2024\/12\/31\/video-vene-casagrande-manda-a-real-sobre-polemica-envolvendo-david-luiz\/#breadcrumb\",\"itemListElement\":[{\"@type\":\"ListItem\",\"position\":1,\"name\":\"Home\",\"item\":\"https:\/\/www.gaveanews.com\/\"},{\"@type\":\"ListItem\",\"position\":2,\"name\":\"V\u00eddeo: Ven\u00ea Casagrande manda a real sobre pol\u00eamica envolvendo David Luiz\"}]},{\"@type\":\"WebSite\",\"@id\":\"https:\/\/www.gaveanews.com\/#website\",\"url\":\"https:\/\/www.gaveanews.com\/\",\"name\":\"G\u00e1vea News\",\"description\":\"Veja todas as not\u00edcias sobre o Flamengo: Contrata\u00e7\u00f5es, categorias de base, resultados das partidas, tabela de classifica\u00e7\u00e3o, pr\u00f3ximos jogos!\",\"potentialAction\":[{\"@type\":\"SearchAction\",\"target\":{\"@type\":\"EntryPoint\",\"urlTemplate\":\"https:\/\/www.gaveanews.com\/?s={search_term_string}\"},\"query-input\":{\"@type\":\"PropertyValueSpecification\",\"valueRequired\":true,\"valueName\":\"search_term_string\"}}],\"inLanguage\":\"pt-BR\"},{\"@type\":\"Person\",\"@id\":\"https:\/\/www.gaveanews.com\/#\/schema\/person\/daf63eec72e1164eb13dc35096c2b8da\",\"name\":\"Paula Silva\",\"image\":{\"@type\":\"ImageObject\",\"inLanguage\":\"pt-BR\",\"@id\":\"https:\/\/www.gaveanews.com\/#\/schema\/person\/image\/\",\"url\":\"https:\/\/secure.gravatar.com\/avatar\/eda381c845527cc5d64c13b901833cda29d97500ba040d3e6461f76f51d163bb?s=96&d=mm&r=g\",\"contentUrl\":\"https:\/\/secure.gravatar.com\/avatar\/eda381c845527cc5d64c13b901833cda29d97500ba040d3e6461f76f51d163bb?s=96&d=mm&r=g\",\"caption\":\"Paula Silva\"}}]}<\/script>\n<!-- \/ Yoast SEO Premium plugin. -->","yoast_head_json":{"title":"V\u00eddeo: Ven\u00ea Casagrande manda a real sobre pol\u00eamica envolvendo David Luiz","robots":{"index":"index","follow":"follow","max-snippet":"max-snippet:-1","max-image-preview":"max-image-preview:large","max-video-preview":"max-video-preview:-1"},"canonical":"https:\/\/www.gaveanews.com\/index.php\/2024\/12\/31\/video-vene-casagrande-manda-a-real-sobre-polemica-envolvendo-david-luiz\/","og_locale":"pt_BR","og_type":"article","og_title":"V\u00eddeo: Ven\u00ea Casagrande manda a real sobre pol\u00eamica envolvendo David Luiz","og_description":"Desde o \u00faltimo s\u00e1bado (28), uma pol\u00eamica envolvendo David Luiz \u00e9 assunto entre torcedores do Flamengo e imprensa esportiva. Isso porque, o jogador deu uma declara\u00e7\u00e3o dizendo que soube &#8216;pelas redes sociais&#8217; que n\u00e3o teria o contrato renovado, e que em nenhum momento foi procurado pela nova gest\u00e3o para tratar o assunto. Nesta segunda-feira (30), [&hellip;]","og_url":"https:\/\/www.gaveanews.com\/index.php\/2024\/12\/31\/video-vene-casagrande-manda-a-real-sobre-polemica-envolvendo-david-luiz\/","og_site_name":"G\u00e1vea News","article_publisher":"https:\/\/facebook.com\/gaveaNews\/","article_published_time":"2024-12-31T11:05:00+00:00","og_image":[{"width":1200,"height":740,"url":"https:\/\/www.gaveanews.com\/wp-content\/uploads\/Vene-Casagrande-durante-a-programacao-do-SBT.webp","type":"image\/jpeg"}],"author":"Paula Silva","twitter_card":"summary_large_image","twitter_misc":{"Escrito por":"Paula Silva","Est. tempo de leitura":"3 minutos"},"schema":{"@context":"https:\/\/schema.org","@graph":[{"@type":"NewsArticle","@id":"https:\/\/www.gaveanews.com\/index.php\/2024\/12\/31\/video-vene-casagrande-manda-a-real-sobre-polemica-envolvendo-david-luiz\/#article","isPartOf":{"@id":"https:\/\/www.gaveanews.com\/index.php\/2024\/12\/31\/video-vene-casagrande-manda-a-real-sobre-polemica-envolvendo-david-luiz\/"},"author":{"name":"Paula Silva","@id":"https:\/\/www.gaveanews.com\/#\/schema\/person\/daf63eec72e1164eb13dc35096c2b8da"},"headline":"V\u00eddeo: Ven\u00ea Casagrande manda a real sobre pol\u00eamica envolvendo David Luiz","datePublished":"2024-12-31T11:05:00+00:00","mainEntityOfPage":{"@id":"https:\/\/www.gaveanews.com\/index.php\/2024\/12\/31\/video-vene-casagrande-manda-a-real-sobre-polemica-envolvendo-david-luiz\/"},"wordCount":537,"commentCount":0,"image":{"@id":"https:\/\/www.gaveanews.com\/index.php\/2024\/12\/31\/video-vene-casagrande-manda-a-real-sobre-polemica-envolvendo-david-luiz\/#primaryimage"},"thumbnailUrl":"https:\/\/www.gaveanews.com\/wp-content\/uploads\/Vene-Casagrande-durante-a-programacao-do-SBT.webp","articleSection":["Flamengo"],"inLanguage":"pt-BR","potentialAction":[{"@type":"CommentAction","name":"Comment","target":["https:\/\/www.gaveanews.com\/index.php\/2024\/12\/31\/video-vene-casagrande-manda-a-real-sobre-polemica-envolvendo-david-luiz\/#respond"]}],"copyrightYear":"2024","copyrightHolder":{"@id":"https:\/\/www.gaveanews.com\/#organization"}},{"@type":"WebPage","@id":"https:\/\/www.gaveanews.com\/index.php\/2024\/12\/31\/video-vene-casagrande-manda-a-real-sobre-polemica-envolvendo-david-luiz\/","url":"https:\/\/www.gaveanews.com\/index.php\/2024\/12\/31\/video-vene-casagrande-manda-a-real-sobre-polemica-envolvendo-david-luiz\/","name":"V\u00eddeo: Ven\u00ea Casagrande manda a real sobre pol\u00eamica envolvendo David Luiz","isPartOf":{"@id":"https:\/\/www.gaveanews.com\/#website"},"primaryImageOfPage":{"@id":"https:\/\/www.gaveanews.com\/index.php\/2024\/12\/31\/video-vene-casagrande-manda-a-real-sobre-polemica-envolvendo-david-luiz\/#primaryimage"},"image":{"@id":"https:\/\/www.gaveanews.com\/index.php\/2024\/12\/31\/video-vene-casagrande-manda-a-real-sobre-polemica-envolvendo-david-luiz\/#primaryimage"},"thumbnailUrl":"https:\/\/www.gaveanews.com\/wp-content\/uploads\/Vene-Casagrande-durante-a-programacao-do-SBT.webp","datePublished":"2024-12-31T11:05:00+00:00","author":{"@id":"https:\/\/www.gaveanews.com\/#\/schema\/person\/daf63eec72e1164eb13dc35096c2b8da"},"breadcrumb":{"@id":"https:\/\/www.gaveanews.com\/index.php\/2024\/12\/31\/video-vene-casagrande-manda-a-real-sobre-polemica-envolvendo-david-luiz\/#breadcrumb"},"inLanguage":"pt-BR","potentialAction":[{"@type":"ReadAction","target":["https:\/\/www.gaveanews.com\/index.php\/2024\/12\/31\/video-vene-casagrande-manda-a-real-sobre-polemica-envolvendo-david-luiz\/"]}]},{"@type":"ImageObject","inLanguage":"pt-BR","@id":"https:\/\/www.gaveanews.com\/index.php\/2024\/12\/31\/video-vene-casagrande-manda-a-real-sobre-polemica-envolvendo-david-luiz\/#primaryimage","url":"https:\/\/www.gaveanews.com\/wp-content\/uploads\/Vene-Casagrande-durante-a-programacao-do-SBT.webp","contentUrl":"https:\/\/www.gaveanews.com\/wp-content\/uploads\/Vene-Casagrande-durante-a-programacao-do-SBT.webp","width":1200,"height":740,"caption":"Ven\u00ea Casagrande durante a programa\u00e7\u00e3o do SBT (Foto: Reprodu\u00e7\u00e3o)"},{"@type":"BreadcrumbList","@id":"https:\/\/www.gaveanews.com\/index.php\/2024\/12\/31\/video-vene-casagrande-manda-a-real-sobre-polemica-envolvendo-david-luiz\/#breadcrumb","itemListElement":[{"@type":"ListItem","position":1,"name":"Home","item":"https:\/\/www.gaveanews.com\/"},{"@type":"ListItem","position":2,"name":"V\u00eddeo: Ven\u00ea Casagrande manda a real sobre pol\u00eamica envolvendo David Luiz"}]},{"@type":"WebSite","@id":"https:\/\/www.gaveanews.com\/#website","url":"https:\/\/www.gaveanews.com\/","name":"G\u00e1vea News","description":"Veja todas as not\u00edcias sobre o Flamengo: Contrata\u00e7\u00f5es, categorias de base, resultados das partidas, tabela de classifica\u00e7\u00e3o, pr\u00f3ximos jogos!","potentialAction":[{"@type":"SearchAction","target":{"@type":"EntryPoint","urlTemplate":"https:\/\/www.gaveanews.com\/?s={search_term_string}"},"query-input":{"@type":"PropertyValueSpecification","valueRequired":true,"valueName":"search_term_string"}}],"inLanguage":"pt-BR"},{"@type":"Person","@id":"https:\/\/www.gaveanews.com\/#\/schema\/person\/daf63eec72e1164eb13dc35096c2b8da","name":"Paula Silva","image":{"@type":"ImageObject","inLanguage":"pt-BR","@id":"https:\/\/www.gaveanews.com\/#\/schema\/person\/image\/","url":"https:\/\/secure.gravatar.com\/avatar\/eda381c845527cc5d64c13b901833cda29d97500ba040d3e6461f76f51d163bb?s=96&d=mm&r=g","contentUrl":"https:\/\/secure.gravatar.com\/avatar\/eda381c845527cc5d64c13b901833cda29d97500ba040d3e6461f76f51d163bb?s=96&d=mm&r=g","caption":"Paula Silva"}}]}},"_links":{"self":[{"href":"https:\/\/www.gaveanews.com\/index.php\/wp-json\/wp\/v2\/posts\/205932","targetHints":{"allow":["GET"]}}],"collection":[{"href":"https:\/\/www.gaveanews.com\/index.php\/wp-json\/wp\/v2\/posts"}],"about":[{"href":"https:\/\/www.gaveanews.com\/index.php\/wp-json\/wp\/v2\/types\/post"}],"author":[{"embeddable":true,"href":"https:\/\/www.gaveanews.com\/index.php\/wp-json\/wp\/v2\/users\/18"}],"replies":[{"embeddable":true,"href":"https:\/\/www.gaveanews.com\/index.php\/wp-json\/wp\/v2\/comments?post=205932"}],"version-history":[{"count":1,"href":"https:\/\/www.gaveanews.com\/index.php\/wp-json\/wp\/v2\/posts\/205932\/revisions"}],"predecessor-version":[{"id":205934,"href":"https:\/\/www.gaveanews.com\/index.php\/wp-json\/wp\/v2\/posts\/205932\/revisions\/205934"}],"wp:featuredmedia":[{"embeddable":true,"href":"https:\/\/www.gaveanews.com\/index.php\/wp-json\/wp\/v2\/media\/105168"}],"wp:attachment":[{"href":"https:\/\/www.gaveanews.com\/index.php\/wp-json\/wp\/v2\/media?parent=205932"}],"wp:term":[{"taxonomy":"category","embeddable":true,"href":"https:\/\/www.gaveanews.com\/index.php\/wp-json\/wp\/v2\/categories?post=205932"},{"taxonomy":"post_tag","embeddable":true,"href":"https:\/\/www.gaveanews.com\/index.php\/wp-json\/wp\/v2\/tags?post=205932"}],"curies":[{"name":"wp","href":"https:\/\/api.w.org\/{rel}","templated":true}]}}