{"id":20595,"date":"2019-05-18T17:00:54","date_gmt":"2019-05-18T20:00:54","guid":{"rendered":"https:\/\/www.gaveanews.com\/?p=20595"},"modified":"2019-05-18T18:22:27","modified_gmt":"2019-05-18T21:22:27","slug":"saiu-confira-a-escalacao-do-flamengo-para-a-partida-contra-o-atletico-mg","status":"publish","type":"post","link":"https:\/\/www.gaveanews.com\/index.php\/2019\/05\/18\/saiu-confira-a-escalacao-do-flamengo-para-a-partida-contra-o-atletico-mg\/","title":{"rendered":"Saiu! Confira a escala\u00e7\u00e3o do Flamengo para a partida contra o Atl\u00e9tico-MG"},"content":{"rendered":"\n<p>Ap\u00f3s enfrentar a equipe do Corinthians, na noite da \u00faltima quarta-feira (15 de maio), em partida v\u00e1lida pelas oitavas de final da Copa do Brasil, o time do Flamengo entrar\u00e1 em campo novamente neste s\u00e1bado (18 de maio).<\/p>\n\n\n\n<p>O advers\u00e1rio de logo mais, ser\u00e1 o Atl\u00e9tico Mineiro, e o confronto ser\u00e1 disputado na cidade de Belo Horizonte, mais precisamente no est\u00e1dio do Independ\u00eancia. O pontap\u00e9 inicial do duelo est\u00e1 previsto para acontecer \u00e0s 19 horas, de acordo com o hor\u00e1rio de Bras\u00edlia.<\/p>\n\n\n\n<p>E para te deixar por dentro de todos os detalhes, a equipe do <strong><a href=\"http:\/\/gaveanews.com\">GaveaNews.com<\/a><\/strong>, preparou um resumo com as principais informa\u00e7\u00f5es da partida:<\/p>\n\n\n\n<h3 class=\"wp-block-heading\"><strong>\u2013 Desfalques:<\/strong><\/h3>\n\n\n\n<p>Devido a uma tor\u00e7\u00e3o no joelho, Rhodolfo est\u00e1 entregue ao departamento m\u00e9dico rubro-negro. Al\u00e9m do zagueiro, Diego Ribas tamb\u00e9m n\u00e3o foi relacionado, pois ele est\u00e1 suspenso.<\/p>\n\n\n\n<p>J\u00e1 em rela\u00e7\u00e3o aos desfalques do Atl\u00e9tico, o t\u00e9cnico Rodrigo Santana n\u00e3o poder\u00e1 contar com quatro jogadores: F\u00e1bio Santos, Geuv\u00e2nio, Gustavo Blanco e Uilson, est\u00e3o lesionados.<\/p>\n\n\n\n<h3 class=\"wp-block-heading\"> <strong>\u2013 Estreia do novo uniforme:<\/strong><\/h3>\n\n\n\n<p>Ap\u00f3s lan\u00e7ar o novo segundo uniforme, na \u00faltima quinta-feira (16 de maio), ele ser\u00e1 utilizado pela primeira vez neste domingo. <\/p>\n\n\n\n<p>Que tal ganhar o novo manto, no mole? Confira as regras da promo\u00e7\u00e3o abaixo e participe!<\/p>\n\n\n\n<figure class=\"wp-block-embed-twitter wp-block-embed is-type-rich is-provider-twitter\"><div class=\"wp-block-embed__wrapper\">\nhttps:\/\/twitter.com\/OsFlanaticos_\/status\/1129490343571939330\n<\/div><\/figure>\n\n\n\n<h3 class=\"wp-block-heading\"><strong>\u2013 Escala\u00e7\u00e3o do Flamengo:<\/strong><\/h3>\n\n\n\n<p>O Flamengo entrar\u00e1 em campo com a seguinte escala\u00e7\u00e3o: Diego Alves, Par\u00e1, L\u00e9o Duarte, Rodrigo Caio e Ren\u00ea; Cu\u00e9llar, Willian Ar\u00e3o, Everton Ribeiro, Arrascaeta e Bruno Henrique; Gabigol.<\/p>\n\n\n\n\n\n<h3 class=\"wp-block-heading\"><strong>\u2013 Banco de reservas do Flamengo:<\/strong><\/h3>\n\n\n\n<p>Banco de reservas: C\u00e9sar, Gabriel Batista, Rodinei, Thuler, Trauco, Hugo Moura, Ronaldo, Piris da Motta, Berr\u00edo, Lincoln e Vitinho.<\/p>\n\n\n\n<h3 class=\"wp-block-heading\" id=\"mce_1\"><strong>\u2013 Capit\u00e3o do Flamengo:<\/strong><\/h3>\n\n\n\n<p>O meia Everton Ribeiro ser\u00e1 o capit\u00e3o do Flamengo<em>.<\/em><\/p>\n\n\n\n<h3 class=\"wp-block-heading\"> <strong>\u2013 \u00daltimo jogo em BH&#8230;<\/strong><\/h3>\n\n\n\n<p>Conforme dito no inicio desta mat\u00e9ria, a partida de logo mais, ser\u00e1 disputada em Belo Horizonte. E a \u00faltima vez que a partida foi disputada na capital mineira, o Flamengo levou a melhor. <\/p>\n\n\n\n<p>O \u00fanico gol da partida foi marcado por Everton Ribeiro, ap\u00f3s uma bela arrancada de Vinicius Jr. Relembre abaixo e <strong><a href=\"https:\/\/twitter.com\/Gavea_News\/\">siga nosso perfil no Twitter (@Gavea_News<\/a><\/strong>)<strong>:<\/strong><\/p>\n\n\n\n<p style=\"font-size:11px\"> (<a href=\"http:\/\/bit.ly\/Twitter-Gavea-News\">siga nosso perfil no Twitter: @Gavea_News<\/a>) <\/p>\n\n\n\n<figure class=\"wp-block-embed-twitter wp-block-embed is-type-rich is-provider-twitter\"><div class=\"wp-block-embed__wrapper\">\nhttps:\/\/twitter.com\/gavea_news\/status\/1129823540327395329\n<\/div><\/figure>\n\n\n\n<h3 class=\"wp-block-heading\"><strong>\u2013 Jogadores pendurados:<\/strong><\/h3>\n\n\n\n<p>O Flamengo possui apenas um jogador pendurado. Trata-se do volante Ronaldo.<br><\/p>\n\n\n\n<h3 class=\"wp-block-heading\"><strong>\u2013 Arbitragem:<\/strong><\/h3>\n\n\n\n<p>Paulo Roberto Alves Junior ser\u00e1 o \u00e1rbitro do duelo de daqui a pouco. J\u00e1 em rela\u00e7\u00e3o a dupla de assistentes, Ivan Carlos Bohn e Victor Hugo Imazu dos Santos ir\u00e3o ficar nas linhas laterais do gramado e ser\u00e3o os respons\u00e1veis por assinalar os impedimentos e as demais irregularidades. Por fim, Adriano Milczvski ser\u00e1 o respons\u00e1vel pelo arbitro de v\u00eddeo. Vale citar que o quarteto \u00e9 oriundo do Paran\u00e1.<\/p>\n\n\n\n<h3 class=\"wp-block-heading\"><strong>\u2013 Opini\u00e3o da Na\u00e7\u00e3o!<\/strong><\/h3>\n\n\n\n<p>Qual \u00e9 o seu palpite para este duelo? Deixe o seu palpite nos coment\u00e1rios!<br><\/p>\n\n\n\n<p><br><\/p>\n","protected":false},"excerpt":{"rendered":"<p>Ap\u00f3s enfrentar a equipe do Corinthians, na noite da \u00faltima quarta-feira (15 de maio), em partida v\u00e1lida pelas oitavas de final da Copa do Brasil, o time do Flamengo entrar\u00e1 em campo novamente neste s\u00e1bado (18 de maio). O advers\u00e1rio de logo mais, ser\u00e1 o Atl\u00e9tico Mineiro, e o confronto ser\u00e1 disputado na cidade de [&hellip;]<\/p>\n","protected":false},"author":1,"featured_media":15035,"comment_status":"open","ping_status":"open","sticky":false,"template":"","format":"standard","meta":{"footnotes":""},"categories":[1],"tags":[],"class_list":["post-20595","post","type-post","status-publish","format-standard","has-post-thumbnail","hentry","category-flamengo"],"yoast_head":"<!-- This site is optimized with the Yoast SEO Premium plugin v24.2 (Yoast SEO v26.9) - https:\/\/yoast.com\/product\/yoast-seo-premium-wordpress\/ -->\n<title>Saiu! Confira a escala\u00e7\u00e3o do Flamengo para a partida contra o Atl\u00e9tico-MG<\/title>\n<meta name=\"robots\" content=\"index, follow, max-snippet:-1, max-image-preview:large, max-video-preview:-1\" \/>\n<link rel=\"canonical\" href=\"https:\/\/www.gaveanews.com\/index.php\/2019\/05\/18\/saiu-confira-a-escalacao-do-flamengo-para-a-partida-contra-o-atletico-mg\/\" \/>\n<meta property=\"og:locale\" content=\"pt_BR\" \/>\n<meta property=\"og:type\" content=\"article\" \/>\n<meta property=\"og:title\" content=\"Saiu! Confira a escala\u00e7\u00e3o do Flamengo para a partida contra o Atl\u00e9tico-MG\" \/>\n<meta property=\"og:description\" content=\"Ap\u00f3s enfrentar a equipe do Corinthians, na noite da \u00faltima quarta-feira (15 de maio), em partida v\u00e1lida pelas oitavas de final da Copa do Brasil, o time do Flamengo entrar\u00e1 em campo novamente neste s\u00e1bado (18 de maio). O advers\u00e1rio de logo mais, ser\u00e1 o Atl\u00e9tico Mineiro, e o confronto ser\u00e1 disputado na cidade de [&hellip;]\" \/>\n<meta property=\"og:url\" content=\"https:\/\/www.gaveanews.com\/index.php\/2019\/05\/18\/saiu-confira-a-escalacao-do-flamengo-para-a-partida-contra-o-atletico-mg\/\" \/>\n<meta property=\"og:site_name\" content=\"G\u00e1vea News\" \/>\n<meta property=\"article:publisher\" content=\"https:\/\/facebook.com\/gaveaNews\/\" \/>\n<meta property=\"article:published_time\" content=\"2019-05-18T20:00:54+00:00\" \/>\n<meta property=\"article:modified_time\" content=\"2019-05-18T21:22:27+00:00\" \/>\n<meta property=\"og:image\" content=\"https:\/\/www.gaveanews.com\/wp-content\/uploads\/2019\/03\/Taca-do-Campeonato-Brasileiro.webp\" \/>\n\t<meta property=\"og:image:width\" content=\"1\" \/>\n\t<meta property=\"og:image:height\" content=\"1\" \/>\n\t<meta property=\"og:image:type\" content=\"image\/jpeg\" \/>\n<meta name=\"author\" content=\"Equipe G\u00e1vea News\" \/>\n<meta name=\"twitter:card\" content=\"summary_large_image\" \/>\n<meta name=\"twitter:label1\" content=\"Escrito por\" \/>\n\t<meta name=\"twitter:data1\" content=\"Equipe G\u00e1vea News\" \/>\n\t<meta name=\"twitter:label2\" content=\"Est. tempo de leitura\" \/>\n\t<meta name=\"twitter:data2\" content=\"2 minutos\" \/>\n<script type=\"application\/ld+json\" class=\"yoast-schema-graph\">{\"@context\":\"https:\/\/schema.org\",\"@graph\":[{\"@type\":\"NewsArticle\",\"@id\":\"https:\/\/www.gaveanews.com\/index.php\/2019\/05\/18\/saiu-confira-a-escalacao-do-flamengo-para-a-partida-contra-o-atletico-mg\/#article\",\"isPartOf\":{\"@id\":\"https:\/\/www.gaveanews.com\/index.php\/2019\/05\/18\/saiu-confira-a-escalacao-do-flamengo-para-a-partida-contra-o-atletico-mg\/\"},\"author\":{\"name\":\"Equipe G\u00e1vea News\",\"@id\":\"https:\/\/www.gaveanews.com\/#\/schema\/person\/2ec14f73fb96be2caf28f91afb14749d\"},\"headline\":\"Saiu! Confira a escala\u00e7\u00e3o do Flamengo para a partida contra o Atl\u00e9tico-MG\",\"datePublished\":\"2019-05-18T20:00:54+00:00\",\"dateModified\":\"2019-05-18T21:22:27+00:00\",\"mainEntityOfPage\":{\"@id\":\"https:\/\/www.gaveanews.com\/index.php\/2019\/05\/18\/saiu-confira-a-escalacao-do-flamengo-para-a-partida-contra-o-atletico-mg\/\"},\"wordCount\":493,\"commentCount\":0,\"image\":{\"@id\":\"https:\/\/www.gaveanews.com\/index.php\/2019\/05\/18\/saiu-confira-a-escalacao-do-flamengo-para-a-partida-contra-o-atletico-mg\/#primaryimage\"},\"thumbnailUrl\":\"https:\/\/www.gaveanews.com\/wp-content\/uploads\/2019\/03\/Taca-do-Campeonato-Brasileiro.webp\",\"articleSection\":[\"Flamengo\"],\"inLanguage\":\"pt-BR\",\"potentialAction\":[{\"@type\":\"CommentAction\",\"name\":\"Comment\",\"target\":[\"https:\/\/www.gaveanews.com\/index.php\/2019\/05\/18\/saiu-confira-a-escalacao-do-flamengo-para-a-partida-contra-o-atletico-mg\/#respond\"]}],\"copyrightYear\":\"2019\",\"copyrightHolder\":{\"@id\":\"https:\/\/www.gaveanews.com\/#organization\"}},{\"@type\":\"WebPage\",\"@id\":\"https:\/\/www.gaveanews.com\/index.php\/2019\/05\/18\/saiu-confira-a-escalacao-do-flamengo-para-a-partida-contra-o-atletico-mg\/\",\"url\":\"https:\/\/www.gaveanews.com\/index.php\/2019\/05\/18\/saiu-confira-a-escalacao-do-flamengo-para-a-partida-contra-o-atletico-mg\/\",\"name\":\"Saiu! Confira a escala\u00e7\u00e3o do Flamengo para a partida contra o Atl\u00e9tico-MG\",\"isPartOf\":{\"@id\":\"https:\/\/www.gaveanews.com\/#website\"},\"primaryImageOfPage\":{\"@id\":\"https:\/\/www.gaveanews.com\/index.php\/2019\/05\/18\/saiu-confira-a-escalacao-do-flamengo-para-a-partida-contra-o-atletico-mg\/#primaryimage\"},\"image\":{\"@id\":\"https:\/\/www.gaveanews.com\/index.php\/2019\/05\/18\/saiu-confira-a-escalacao-do-flamengo-para-a-partida-contra-o-atletico-mg\/#primaryimage\"},\"thumbnailUrl\":\"https:\/\/www.gaveanews.com\/wp-content\/uploads\/2019\/03\/Taca-do-Campeonato-Brasileiro.webp\",\"datePublished\":\"2019-05-18T20:00:54+00:00\",\"dateModified\":\"2019-05-18T21:22:27+00:00\",\"author\":{\"@id\":\"https:\/\/www.gaveanews.com\/#\/schema\/person\/2ec14f73fb96be2caf28f91afb14749d\"},\"breadcrumb\":{\"@id\":\"https:\/\/www.gaveanews.com\/index.php\/2019\/05\/18\/saiu-confira-a-escalacao-do-flamengo-para-a-partida-contra-o-atletico-mg\/#breadcrumb\"},\"inLanguage\":\"pt-BR\",\"potentialAction\":[{\"@type\":\"ReadAction\",\"target\":[\"https:\/\/www.gaveanews.com\/index.php\/2019\/05\/18\/saiu-confira-a-escalacao-do-flamengo-para-a-partida-contra-o-atletico-mg\/\"]}]},{\"@type\":\"ImageObject\",\"inLanguage\":\"pt-BR\",\"@id\":\"https:\/\/www.gaveanews.com\/index.php\/2019\/05\/18\/saiu-confira-a-escalacao-do-flamengo-para-a-partida-contra-o-atletico-mg\/#primaryimage\",\"url\":\"https:\/\/www.gaveanews.com\/wp-content\/uploads\/2019\/03\/Taca-do-Campeonato-Brasileiro.webp\",\"contentUrl\":\"https:\/\/www.gaveanews.com\/wp-content\/uploads\/2019\/03\/Taca-do-Campeonato-Brasileiro.webp\",\"caption\":\"Ta\u00e7a do Campeonato Brasileiro (Foto: Rafael Ribeiro\/CBF)\"},{\"@type\":\"BreadcrumbList\",\"@id\":\"https:\/\/www.gaveanews.com\/index.php\/2019\/05\/18\/saiu-confira-a-escalacao-do-flamengo-para-a-partida-contra-o-atletico-mg\/#breadcrumb\",\"itemListElement\":[{\"@type\":\"ListItem\",\"position\":1,\"name\":\"Home\",\"item\":\"https:\/\/www.gaveanews.com\/\"},{\"@type\":\"ListItem\",\"position\":2,\"name\":\"Saiu! Confira a escala\u00e7\u00e3o do Flamengo para a partida contra o Atl\u00e9tico-MG\"}]},{\"@type\":\"WebSite\",\"@id\":\"https:\/\/www.gaveanews.com\/#website\",\"url\":\"https:\/\/www.gaveanews.com\/\",\"name\":\"G\u00e1vea News\",\"description\":\"Veja todas as not\u00edcias sobre o Flamengo: Contrata\u00e7\u00f5es, categorias de base, resultados das partidas, tabela de classifica\u00e7\u00e3o, pr\u00f3ximos jogos!\",\"potentialAction\":[{\"@type\":\"SearchAction\",\"target\":{\"@type\":\"EntryPoint\",\"urlTemplate\":\"https:\/\/www.gaveanews.com\/?s={search_term_string}\"},\"query-input\":{\"@type\":\"PropertyValueSpecification\",\"valueRequired\":true,\"valueName\":\"search_term_string\"}}],\"inLanguage\":\"pt-BR\"},{\"@type\":\"Person\",\"@id\":\"https:\/\/www.gaveanews.com\/#\/schema\/person\/2ec14f73fb96be2caf28f91afb14749d\",\"name\":\"Equipe G\u00e1vea News\",\"image\":{\"@type\":\"ImageObject\",\"inLanguage\":\"pt-BR\",\"@id\":\"https:\/\/www.gaveanews.com\/#\/schema\/person\/image\/\",\"url\":\"https:\/\/secure.gravatar.com\/avatar\/1e1956f1facbffd3f8fa53a326721950116b3b9dc9bd44939c01180fd4a745a9?s=96&d=mm&r=g\",\"contentUrl\":\"https:\/\/secure.gravatar.com\/avatar\/1e1956f1facbffd3f8fa53a326721950116b3b9dc9bd44939c01180fd4a745a9?s=96&d=mm&r=g\",\"caption\":\"Equipe G\u00e1vea News\"}}]}<\/script>\n<!-- \/ Yoast SEO Premium plugin. -->","yoast_head_json":{"title":"Saiu! Confira a escala\u00e7\u00e3o do Flamengo para a partida contra o Atl\u00e9tico-MG","robots":{"index":"index","follow":"follow","max-snippet":"max-snippet:-1","max-image-preview":"max-image-preview:large","max-video-preview":"max-video-preview:-1"},"canonical":"https:\/\/www.gaveanews.com\/index.php\/2019\/05\/18\/saiu-confira-a-escalacao-do-flamengo-para-a-partida-contra-o-atletico-mg\/","og_locale":"pt_BR","og_type":"article","og_title":"Saiu! Confira a escala\u00e7\u00e3o do Flamengo para a partida contra o Atl\u00e9tico-MG","og_description":"Ap\u00f3s enfrentar a equipe do Corinthians, na noite da \u00faltima quarta-feira (15 de maio), em partida v\u00e1lida pelas oitavas de final da Copa do Brasil, o time do Flamengo entrar\u00e1 em campo novamente neste s\u00e1bado (18 de maio). O advers\u00e1rio de logo mais, ser\u00e1 o Atl\u00e9tico Mineiro, e o confronto ser\u00e1 disputado na cidade de [&hellip;]","og_url":"https:\/\/www.gaveanews.com\/index.php\/2019\/05\/18\/saiu-confira-a-escalacao-do-flamengo-para-a-partida-contra-o-atletico-mg\/","og_site_name":"G\u00e1vea News","article_publisher":"https:\/\/facebook.com\/gaveaNews\/","article_published_time":"2019-05-18T20:00:54+00:00","article_modified_time":"2019-05-18T21:22:27+00:00","og_image":[{"url":"https:\/\/www.gaveanews.com\/wp-content\/uploads\/2019\/03\/Taca-do-Campeonato-Brasileiro.webp","width":1,"height":1,"type":"image\/jpeg"}],"author":"Equipe G\u00e1vea News","twitter_card":"summary_large_image","twitter_misc":{"Escrito por":"Equipe G\u00e1vea News","Est. tempo de leitura":"2 minutos"},"schema":{"@context":"https:\/\/schema.org","@graph":[{"@type":"NewsArticle","@id":"https:\/\/www.gaveanews.com\/index.php\/2019\/05\/18\/saiu-confira-a-escalacao-do-flamengo-para-a-partida-contra-o-atletico-mg\/#article","isPartOf":{"@id":"https:\/\/www.gaveanews.com\/index.php\/2019\/05\/18\/saiu-confira-a-escalacao-do-flamengo-para-a-partida-contra-o-atletico-mg\/"},"author":{"name":"Equipe G\u00e1vea News","@id":"https:\/\/www.gaveanews.com\/#\/schema\/person\/2ec14f73fb96be2caf28f91afb14749d"},"headline":"Saiu! Confira a escala\u00e7\u00e3o do Flamengo para a partida contra o Atl\u00e9tico-MG","datePublished":"2019-05-18T20:00:54+00:00","dateModified":"2019-05-18T21:22:27+00:00","mainEntityOfPage":{"@id":"https:\/\/www.gaveanews.com\/index.php\/2019\/05\/18\/saiu-confira-a-escalacao-do-flamengo-para-a-partida-contra-o-atletico-mg\/"},"wordCount":493,"commentCount":0,"image":{"@id":"https:\/\/www.gaveanews.com\/index.php\/2019\/05\/18\/saiu-confira-a-escalacao-do-flamengo-para-a-partida-contra-o-atletico-mg\/#primaryimage"},"thumbnailUrl":"https:\/\/www.gaveanews.com\/wp-content\/uploads\/2019\/03\/Taca-do-Campeonato-Brasileiro.webp","articleSection":["Flamengo"],"inLanguage":"pt-BR","potentialAction":[{"@type":"CommentAction","name":"Comment","target":["https:\/\/www.gaveanews.com\/index.php\/2019\/05\/18\/saiu-confira-a-escalacao-do-flamengo-para-a-partida-contra-o-atletico-mg\/#respond"]}],"copyrightYear":"2019","copyrightHolder":{"@id":"https:\/\/www.gaveanews.com\/#organization"}},{"@type":"WebPage","@id":"https:\/\/www.gaveanews.com\/index.php\/2019\/05\/18\/saiu-confira-a-escalacao-do-flamengo-para-a-partida-contra-o-atletico-mg\/","url":"https:\/\/www.gaveanews.com\/index.php\/2019\/05\/18\/saiu-confira-a-escalacao-do-flamengo-para-a-partida-contra-o-atletico-mg\/","name":"Saiu! Confira a escala\u00e7\u00e3o do Flamengo para a partida contra o Atl\u00e9tico-MG","isPartOf":{"@id":"https:\/\/www.gaveanews.com\/#website"},"primaryImageOfPage":{"@id":"https:\/\/www.gaveanews.com\/index.php\/2019\/05\/18\/saiu-confira-a-escalacao-do-flamengo-para-a-partida-contra-o-atletico-mg\/#primaryimage"},"image":{"@id":"https:\/\/www.gaveanews.com\/index.php\/2019\/05\/18\/saiu-confira-a-escalacao-do-flamengo-para-a-partida-contra-o-atletico-mg\/#primaryimage"},"thumbnailUrl":"https:\/\/www.gaveanews.com\/wp-content\/uploads\/2019\/03\/Taca-do-Campeonato-Brasileiro.webp","datePublished":"2019-05-18T20:00:54+00:00","dateModified":"2019-05-18T21:22:27+00:00","author":{"@id":"https:\/\/www.gaveanews.com\/#\/schema\/person\/2ec14f73fb96be2caf28f91afb14749d"},"breadcrumb":{"@id":"https:\/\/www.gaveanews.com\/index.php\/2019\/05\/18\/saiu-confira-a-escalacao-do-flamengo-para-a-partida-contra-o-atletico-mg\/#breadcrumb"},"inLanguage":"pt-BR","potentialAction":[{"@type":"ReadAction","target":["https:\/\/www.gaveanews.com\/index.php\/2019\/05\/18\/saiu-confira-a-escalacao-do-flamengo-para-a-partida-contra-o-atletico-mg\/"]}]},{"@type":"ImageObject","inLanguage":"pt-BR","@id":"https:\/\/www.gaveanews.com\/index.php\/2019\/05\/18\/saiu-confira-a-escalacao-do-flamengo-para-a-partida-contra-o-atletico-mg\/#primaryimage","url":"https:\/\/www.gaveanews.com\/wp-content\/uploads\/2019\/03\/Taca-do-Campeonato-Brasileiro.webp","contentUrl":"https:\/\/www.gaveanews.com\/wp-content\/uploads\/2019\/03\/Taca-do-Campeonato-Brasileiro.webp","caption":"Ta\u00e7a do Campeonato Brasileiro (Foto: Rafael Ribeiro\/CBF)"},{"@type":"BreadcrumbList","@id":"https:\/\/www.gaveanews.com\/index.php\/2019\/05\/18\/saiu-confira-a-escalacao-do-flamengo-para-a-partida-contra-o-atletico-mg\/#breadcrumb","itemListElement":[{"@type":"ListItem","position":1,"name":"Home","item":"https:\/\/www.gaveanews.com\/"},{"@type":"ListItem","position":2,"name":"Saiu! Confira a escala\u00e7\u00e3o do Flamengo para a partida contra o Atl\u00e9tico-MG"}]},{"@type":"WebSite","@id":"https:\/\/www.gaveanews.com\/#website","url":"https:\/\/www.gaveanews.com\/","name":"G\u00e1vea News","description":"Veja todas as not\u00edcias sobre o Flamengo: Contrata\u00e7\u00f5es, categorias de base, resultados das partidas, tabela de classifica\u00e7\u00e3o, pr\u00f3ximos jogos!","potentialAction":[{"@type":"SearchAction","target":{"@type":"EntryPoint","urlTemplate":"https:\/\/www.gaveanews.com\/?s={search_term_string}"},"query-input":{"@type":"PropertyValueSpecification","valueRequired":true,"valueName":"search_term_string"}}],"inLanguage":"pt-BR"},{"@type":"Person","@id":"https:\/\/www.gaveanews.com\/#\/schema\/person\/2ec14f73fb96be2caf28f91afb14749d","name":"Equipe G\u00e1vea News","image":{"@type":"ImageObject","inLanguage":"pt-BR","@id":"https:\/\/www.gaveanews.com\/#\/schema\/person\/image\/","url":"https:\/\/secure.gravatar.com\/avatar\/1e1956f1facbffd3f8fa53a326721950116b3b9dc9bd44939c01180fd4a745a9?s=96&d=mm&r=g","contentUrl":"https:\/\/secure.gravatar.com\/avatar\/1e1956f1facbffd3f8fa53a326721950116b3b9dc9bd44939c01180fd4a745a9?s=96&d=mm&r=g","caption":"Equipe G\u00e1vea News"}}]}},"_links":{"self":[{"href":"https:\/\/www.gaveanews.com\/index.php\/wp-json\/wp\/v2\/posts\/20595","targetHints":{"allow":["GET"]}}],"collection":[{"href":"https:\/\/www.gaveanews.com\/index.php\/wp-json\/wp\/v2\/posts"}],"about":[{"href":"https:\/\/www.gaveanews.com\/index.php\/wp-json\/wp\/v2\/types\/post"}],"author":[{"embeddable":true,"href":"https:\/\/www.gaveanews.com\/index.php\/wp-json\/wp\/v2\/users\/1"}],"replies":[{"embeddable":true,"href":"https:\/\/www.gaveanews.com\/index.php\/wp-json\/wp\/v2\/comments?post=20595"}],"version-history":[{"count":0,"href":"https:\/\/www.gaveanews.com\/index.php\/wp-json\/wp\/v2\/posts\/20595\/revisions"}],"wp:featuredmedia":[{"embeddable":true,"href":"https:\/\/www.gaveanews.com\/index.php\/wp-json\/wp\/v2\/media\/15035"}],"wp:attachment":[{"href":"https:\/\/www.gaveanews.com\/index.php\/wp-json\/wp\/v2\/media?parent=20595"}],"wp:term":[{"taxonomy":"category","embeddable":true,"href":"https:\/\/www.gaveanews.com\/index.php\/wp-json\/wp\/v2\/categories?post=20595"},{"taxonomy":"post_tag","embeddable":true,"href":"https:\/\/www.gaveanews.com\/index.php\/wp-json\/wp\/v2\/tags?post=20595"}],"curies":[{"name":"wp","href":"https:\/\/api.w.org\/{rel}","templated":true}]}}