{"id":206193,"date":"2024-12-31T18:33:51","date_gmt":"2024-12-31T21:33:51","guid":{"rendered":"https:\/\/www.gaveanews.com\/?p=206193"},"modified":"2024-12-31T18:33:55","modified_gmt":"2024-12-31T21:33:55","slug":"meio-campista-do-santos-posta-foto-com-camisa-de-rival","status":"publish","type":"post","link":"https:\/\/www.gaveanews.com\/index.php\/2024\/12\/31\/meio-campista-do-santos-posta-foto-com-camisa-de-rival\/","title":{"rendered":"Meio-campista do Santos posta foto com camisa de rival"},"content":{"rendered":"\n<p>O volante uruguaio Rodrigo Fern\u00e1ndez, atualmente vinculado ao Santos, tem contrato com o clube paulista at\u00e9 o final da temporada de 2025. O jogador chamou aten\u00e7\u00e3o nas redes sociais ao postar uma foto enquanto treinava com o uniforme do Fluminense, atitude que repercutiu negativamente entre os torcedores santistas.<\/p>\n\n\n\n<p>Durante o ano de 2024, Fern\u00e1ndez foi emprestado ao Newell\u2019s Old Boys, da Argentina, onde disputou 31 partidas. Em campo, acumulou 2633 minutos, desempenhando uma fun\u00e7\u00e3o mais defensiva, sem marcar gols ou conceder assist\u00eancias. Apesar de sua atua\u00e7\u00e3o discreta nas estat\u00edsticas, seu papel como volante recuado foi destacado.<\/p>\n\n\n\n<p>O atleta chegou ao Santos em 2022, vindo por empr\u00e9stimo do Guaran\u00ed, do Paraguai. Ap\u00f3s um per\u00edodo de avalia\u00e7\u00e3o, o clube optou por adquirir seus direitos em definitivo no ano seguinte, firmando um contrato que vai at\u00e9 o final de 2025. Mesmo longe de ser um jogador de destaque ofensivo, Fern\u00e1ndez sempre foi reconhecido por seu comprometimento t\u00e1tico.<\/p>\n\n\n\n<p>A foto publicada com a camisa do Fluminense surpreendeu, sobretudo porque o jogador ainda pertence ao Santos. Para os torcedores, a imagem foi vista como uma falta de respeito ao clube, gerando insatisfa\u00e7\u00e3o nas redes sociais. Tal epis\u00f3dio adiciona um ponto de tens\u00e3o ao v\u00ednculo entre atleta e clube.<\/p>\n\n\n\n<p>Confira a foto abaixo:<\/p>\n\n\n\n<figure class=\"wp-block-embed is-type-photo is-provider-flickr wp-block-embed-flickr\"><div class=\"wp-block-embed__wrapper\">\n<a href=\"https:\/\/www.flickr.com\/photos\/201155970@N03\/54238955730\/in\/dateposted-public\/\"><img loading=\"lazy\" decoding=\"async\" src=\"https:\/\/live.staticflickr.com\/65535\/54238955730_4c632da5fa_c.webp\" alt=\"GgFMnu6WYAAQP8F\" width=\"463\" height=\"800\" \/><\/a>\n<\/div><\/figure>\n\n\n\n<p>O Santos, por sua vez, ainda n\u00e3o se manifestou oficialmente sobre o caso. Contudo, \u00e9 esperado que a situa\u00e7\u00e3o seja analisada internamente, a fim de preservar o planejamento do clube para a temporada de 2025.<\/p>\n","protected":false},"excerpt":{"rendered":"<p>O volante uruguaio Rodrigo Fern\u00e1ndez, atualmente vinculado ao Santos, tem contrato com o clube paulista at\u00e9 o final da temporada de 2025. O jogador chamou aten\u00e7\u00e3o nas redes sociais ao postar uma foto enquanto treinava com o uniforme do Fluminense, atitude que repercutiu negativamente entre os torcedores santistas. Durante o ano de 2024, Fern\u00e1ndez foi [&hellip;]<\/p>\n","protected":false},"author":1,"featured_media":152156,"comment_status":"open","ping_status":"closed","sticky":false,"template":"","format":"standard","meta":{"footnotes":""},"categories":[139],"tags":[],"class_list":["post-206193","post","type-post","status-publish","format-standard","has-post-thumbnail","hentry","category-santos"],"yoast_head":"<!-- This site is optimized with the Yoast SEO Premium plugin v24.2 (Yoast SEO v26.9) - https:\/\/yoast.com\/product\/yoast-seo-premium-wordpress\/ -->\n<title>Meio-campista do Santos posta foto com camisa de rival<\/title>\n<meta name=\"robots\" content=\"index, follow, max-snippet:-1, max-image-preview:large, max-video-preview:-1\" \/>\n<link rel=\"canonical\" href=\"https:\/\/www.gaveanews.com\/index.php\/2024\/12\/31\/meio-campista-do-santos-posta-foto-com-camisa-de-rival\/\" \/>\n<meta property=\"og:locale\" content=\"pt_BR\" \/>\n<meta property=\"og:type\" content=\"article\" \/>\n<meta property=\"og:title\" content=\"Meio-campista do Santos posta foto com camisa de rival\" \/>\n<meta property=\"og:description\" content=\"O volante uruguaio Rodrigo Fern\u00e1ndez, atualmente vinculado ao Santos, tem contrato com o clube paulista at\u00e9 o final da temporada de 2025. O jogador chamou aten\u00e7\u00e3o nas redes sociais ao postar uma foto enquanto treinava com o uniforme do Fluminense, atitude que repercutiu negativamente entre os torcedores santistas. Durante o ano de 2024, Fern\u00e1ndez foi [&hellip;]\" \/>\n<meta property=\"og:url\" content=\"https:\/\/www.gaveanews.com\/index.php\/2024\/12\/31\/meio-campista-do-santos-posta-foto-com-camisa-de-rival\/\" \/>\n<meta property=\"og:site_name\" content=\"G\u00e1vea News\" \/>\n<meta property=\"article:publisher\" content=\"https:\/\/facebook.com\/gaveaNews\/\" \/>\n<meta property=\"article:published_time\" content=\"2024-12-31T21:33:51+00:00\" \/>\n<meta property=\"article:modified_time\" content=\"2024-12-31T21:33:55+00:00\" \/>\n<meta property=\"og:image\" content=\"https:\/\/www.gaveanews.com\/wp-content\/uploads\/Escudo-do-Santos-1.webp\" \/>\n\t<meta property=\"og:image:width\" content=\"1300\" \/>\n\t<meta property=\"og:image:height\" content=\"1056\" \/>\n\t<meta property=\"og:image:type\" content=\"image\/webp\" \/>\n<meta name=\"author\" content=\"Equipe G\u00e1vea News\" \/>\n<meta name=\"twitter:card\" content=\"summary_large_image\" \/>\n<meta name=\"twitter:label1\" content=\"Escrito por\" \/>\n\t<meta name=\"twitter:data1\" content=\"Equipe G\u00e1vea News\" \/>\n\t<meta name=\"twitter:label2\" content=\"Est. tempo de leitura\" \/>\n\t<meta name=\"twitter:data2\" content=\"2 minutos\" \/>\n<script type=\"application\/ld+json\" class=\"yoast-schema-graph\">{\"@context\":\"https:\/\/schema.org\",\"@graph\":[{\"@type\":\"NewsArticle\",\"@id\":\"https:\/\/www.gaveanews.com\/index.php\/2024\/12\/31\/meio-campista-do-santos-posta-foto-com-camisa-de-rival\/#article\",\"isPartOf\":{\"@id\":\"https:\/\/www.gaveanews.com\/index.php\/2024\/12\/31\/meio-campista-do-santos-posta-foto-com-camisa-de-rival\/\"},\"author\":{\"name\":\"Equipe G\u00e1vea News\",\"@id\":\"https:\/\/www.gaveanews.com\/#\/schema\/person\/2ec14f73fb96be2caf28f91afb14749d\"},\"headline\":\"Meio-campista do Santos posta foto com camisa de rival\",\"datePublished\":\"2024-12-31T21:33:51+00:00\",\"dateModified\":\"2024-12-31T21:33:55+00:00\",\"mainEntityOfPage\":{\"@id\":\"https:\/\/www.gaveanews.com\/index.php\/2024\/12\/31\/meio-campista-do-santos-posta-foto-com-camisa-de-rival\/\"},\"wordCount\":271,\"commentCount\":0,\"image\":{\"@id\":\"https:\/\/www.gaveanews.com\/index.php\/2024\/12\/31\/meio-campista-do-santos-posta-foto-com-camisa-de-rival\/#primaryimage\"},\"thumbnailUrl\":\"https:\/\/www.gaveanews.com\/wp-content\/uploads\/Escudo-do-Santos-1.webp\",\"articleSection\":[\"Santos\"],\"inLanguage\":\"pt-BR\",\"potentialAction\":[{\"@type\":\"CommentAction\",\"name\":\"Comment\",\"target\":[\"https:\/\/www.gaveanews.com\/index.php\/2024\/12\/31\/meio-campista-do-santos-posta-foto-com-camisa-de-rival\/#respond\"]}],\"copyrightYear\":\"2024\",\"copyrightHolder\":{\"@id\":\"https:\/\/www.gaveanews.com\/#organization\"}},{\"@type\":\"WebPage\",\"@id\":\"https:\/\/www.gaveanews.com\/index.php\/2024\/12\/31\/meio-campista-do-santos-posta-foto-com-camisa-de-rival\/\",\"url\":\"https:\/\/www.gaveanews.com\/index.php\/2024\/12\/31\/meio-campista-do-santos-posta-foto-com-camisa-de-rival\/\",\"name\":\"Meio-campista do Santos posta foto com camisa de rival\",\"isPartOf\":{\"@id\":\"https:\/\/www.gaveanews.com\/#website\"},\"primaryImageOfPage\":{\"@id\":\"https:\/\/www.gaveanews.com\/index.php\/2024\/12\/31\/meio-campista-do-santos-posta-foto-com-camisa-de-rival\/#primaryimage\"},\"image\":{\"@id\":\"https:\/\/www.gaveanews.com\/index.php\/2024\/12\/31\/meio-campista-do-santos-posta-foto-com-camisa-de-rival\/#primaryimage\"},\"thumbnailUrl\":\"https:\/\/www.gaveanews.com\/wp-content\/uploads\/Escudo-do-Santos-1.webp\",\"datePublished\":\"2024-12-31T21:33:51+00:00\",\"dateModified\":\"2024-12-31T21:33:55+00:00\",\"author\":{\"@id\":\"https:\/\/www.gaveanews.com\/#\/schema\/person\/2ec14f73fb96be2caf28f91afb14749d\"},\"breadcrumb\":{\"@id\":\"https:\/\/www.gaveanews.com\/index.php\/2024\/12\/31\/meio-campista-do-santos-posta-foto-com-camisa-de-rival\/#breadcrumb\"},\"inLanguage\":\"pt-BR\",\"potentialAction\":[{\"@type\":\"ReadAction\",\"target\":[\"https:\/\/www.gaveanews.com\/index.php\/2024\/12\/31\/meio-campista-do-santos-posta-foto-com-camisa-de-rival\/\"]}]},{\"@type\":\"ImageObject\",\"inLanguage\":\"pt-BR\",\"@id\":\"https:\/\/www.gaveanews.com\/index.php\/2024\/12\/31\/meio-campista-do-santos-posta-foto-com-camisa-de-rival\/#primaryimage\",\"url\":\"https:\/\/www.gaveanews.com\/wp-content\/uploads\/Escudo-do-Santos-1.webp\",\"contentUrl\":\"https:\/\/www.gaveanews.com\/wp-content\/uploads\/Escudo-do-Santos-1.webp\",\"width\":1300,\"height\":1056,\"caption\":\"Escudo do Santos (Foto: Reprodu\u00e7\u00e3o\/Instagram)\"},{\"@type\":\"BreadcrumbList\",\"@id\":\"https:\/\/www.gaveanews.com\/index.php\/2024\/12\/31\/meio-campista-do-santos-posta-foto-com-camisa-de-rival\/#breadcrumb\",\"itemListElement\":[{\"@type\":\"ListItem\",\"position\":1,\"name\":\"Home\",\"item\":\"https:\/\/www.gaveanews.com\/\"},{\"@type\":\"ListItem\",\"position\":2,\"name\":\"Meio-campista do Santos posta foto com camisa de rival\"}]},{\"@type\":\"WebSite\",\"@id\":\"https:\/\/www.gaveanews.com\/#website\",\"url\":\"https:\/\/www.gaveanews.com\/\",\"name\":\"G\u00e1vea News\",\"description\":\"Veja todas as not\u00edcias sobre o Flamengo: Contrata\u00e7\u00f5es, categorias de base, resultados das partidas, tabela de classifica\u00e7\u00e3o, pr\u00f3ximos jogos!\",\"potentialAction\":[{\"@type\":\"SearchAction\",\"target\":{\"@type\":\"EntryPoint\",\"urlTemplate\":\"https:\/\/www.gaveanews.com\/?s={search_term_string}\"},\"query-input\":{\"@type\":\"PropertyValueSpecification\",\"valueRequired\":true,\"valueName\":\"search_term_string\"}}],\"inLanguage\":\"pt-BR\"},{\"@type\":\"Person\",\"@id\":\"https:\/\/www.gaveanews.com\/#\/schema\/person\/2ec14f73fb96be2caf28f91afb14749d\",\"name\":\"Equipe G\u00e1vea News\",\"image\":{\"@type\":\"ImageObject\",\"inLanguage\":\"pt-BR\",\"@id\":\"https:\/\/www.gaveanews.com\/#\/schema\/person\/image\/\",\"url\":\"https:\/\/secure.gravatar.com\/avatar\/1e1956f1facbffd3f8fa53a326721950116b3b9dc9bd44939c01180fd4a745a9?s=96&d=mm&r=g\",\"contentUrl\":\"https:\/\/secure.gravatar.com\/avatar\/1e1956f1facbffd3f8fa53a326721950116b3b9dc9bd44939c01180fd4a745a9?s=96&d=mm&r=g\",\"caption\":\"Equipe G\u00e1vea News\"}}]}<\/script>\n<!-- \/ Yoast SEO Premium plugin. -->","yoast_head_json":{"title":"Meio-campista do Santos posta foto com camisa de rival","robots":{"index":"index","follow":"follow","max-snippet":"max-snippet:-1","max-image-preview":"max-image-preview:large","max-video-preview":"max-video-preview:-1"},"canonical":"https:\/\/www.gaveanews.com\/index.php\/2024\/12\/31\/meio-campista-do-santos-posta-foto-com-camisa-de-rival\/","og_locale":"pt_BR","og_type":"article","og_title":"Meio-campista do Santos posta foto com camisa de rival","og_description":"O volante uruguaio Rodrigo Fern\u00e1ndez, atualmente vinculado ao Santos, tem contrato com o clube paulista at\u00e9 o final da temporada de 2025. O jogador chamou aten\u00e7\u00e3o nas redes sociais ao postar uma foto enquanto treinava com o uniforme do Fluminense, atitude que repercutiu negativamente entre os torcedores santistas. Durante o ano de 2024, Fern\u00e1ndez foi [&hellip;]","og_url":"https:\/\/www.gaveanews.com\/index.php\/2024\/12\/31\/meio-campista-do-santos-posta-foto-com-camisa-de-rival\/","og_site_name":"G\u00e1vea News","article_publisher":"https:\/\/facebook.com\/gaveaNews\/","article_published_time":"2024-12-31T21:33:51+00:00","article_modified_time":"2024-12-31T21:33:55+00:00","og_image":[{"width":1300,"height":1056,"url":"https:\/\/www.gaveanews.com\/wp-content\/uploads\/Escudo-do-Santos-1.webp","type":"image\/webp"}],"author":"Equipe G\u00e1vea News","twitter_card":"summary_large_image","twitter_misc":{"Escrito por":"Equipe G\u00e1vea News","Est. tempo de leitura":"2 minutos"},"schema":{"@context":"https:\/\/schema.org","@graph":[{"@type":"NewsArticle","@id":"https:\/\/www.gaveanews.com\/index.php\/2024\/12\/31\/meio-campista-do-santos-posta-foto-com-camisa-de-rival\/#article","isPartOf":{"@id":"https:\/\/www.gaveanews.com\/index.php\/2024\/12\/31\/meio-campista-do-santos-posta-foto-com-camisa-de-rival\/"},"author":{"name":"Equipe G\u00e1vea News","@id":"https:\/\/www.gaveanews.com\/#\/schema\/person\/2ec14f73fb96be2caf28f91afb14749d"},"headline":"Meio-campista do Santos posta foto com camisa de rival","datePublished":"2024-12-31T21:33:51+00:00","dateModified":"2024-12-31T21:33:55+00:00","mainEntityOfPage":{"@id":"https:\/\/www.gaveanews.com\/index.php\/2024\/12\/31\/meio-campista-do-santos-posta-foto-com-camisa-de-rival\/"},"wordCount":271,"commentCount":0,"image":{"@id":"https:\/\/www.gaveanews.com\/index.php\/2024\/12\/31\/meio-campista-do-santos-posta-foto-com-camisa-de-rival\/#primaryimage"},"thumbnailUrl":"https:\/\/www.gaveanews.com\/wp-content\/uploads\/Escudo-do-Santos-1.webp","articleSection":["Santos"],"inLanguage":"pt-BR","potentialAction":[{"@type":"CommentAction","name":"Comment","target":["https:\/\/www.gaveanews.com\/index.php\/2024\/12\/31\/meio-campista-do-santos-posta-foto-com-camisa-de-rival\/#respond"]}],"copyrightYear":"2024","copyrightHolder":{"@id":"https:\/\/www.gaveanews.com\/#organization"}},{"@type":"WebPage","@id":"https:\/\/www.gaveanews.com\/index.php\/2024\/12\/31\/meio-campista-do-santos-posta-foto-com-camisa-de-rival\/","url":"https:\/\/www.gaveanews.com\/index.php\/2024\/12\/31\/meio-campista-do-santos-posta-foto-com-camisa-de-rival\/","name":"Meio-campista do Santos posta foto com camisa de rival","isPartOf":{"@id":"https:\/\/www.gaveanews.com\/#website"},"primaryImageOfPage":{"@id":"https:\/\/www.gaveanews.com\/index.php\/2024\/12\/31\/meio-campista-do-santos-posta-foto-com-camisa-de-rival\/#primaryimage"},"image":{"@id":"https:\/\/www.gaveanews.com\/index.php\/2024\/12\/31\/meio-campista-do-santos-posta-foto-com-camisa-de-rival\/#primaryimage"},"thumbnailUrl":"https:\/\/www.gaveanews.com\/wp-content\/uploads\/Escudo-do-Santos-1.webp","datePublished":"2024-12-31T21:33:51+00:00","dateModified":"2024-12-31T21:33:55+00:00","author":{"@id":"https:\/\/www.gaveanews.com\/#\/schema\/person\/2ec14f73fb96be2caf28f91afb14749d"},"breadcrumb":{"@id":"https:\/\/www.gaveanews.com\/index.php\/2024\/12\/31\/meio-campista-do-santos-posta-foto-com-camisa-de-rival\/#breadcrumb"},"inLanguage":"pt-BR","potentialAction":[{"@type":"ReadAction","target":["https:\/\/www.gaveanews.com\/index.php\/2024\/12\/31\/meio-campista-do-santos-posta-foto-com-camisa-de-rival\/"]}]},{"@type":"ImageObject","inLanguage":"pt-BR","@id":"https:\/\/www.gaveanews.com\/index.php\/2024\/12\/31\/meio-campista-do-santos-posta-foto-com-camisa-de-rival\/#primaryimage","url":"https:\/\/www.gaveanews.com\/wp-content\/uploads\/Escudo-do-Santos-1.webp","contentUrl":"https:\/\/www.gaveanews.com\/wp-content\/uploads\/Escudo-do-Santos-1.webp","width":1300,"height":1056,"caption":"Escudo do Santos (Foto: Reprodu\u00e7\u00e3o\/Instagram)"},{"@type":"BreadcrumbList","@id":"https:\/\/www.gaveanews.com\/index.php\/2024\/12\/31\/meio-campista-do-santos-posta-foto-com-camisa-de-rival\/#breadcrumb","itemListElement":[{"@type":"ListItem","position":1,"name":"Home","item":"https:\/\/www.gaveanews.com\/"},{"@type":"ListItem","position":2,"name":"Meio-campista do Santos posta foto com camisa de rival"}]},{"@type":"WebSite","@id":"https:\/\/www.gaveanews.com\/#website","url":"https:\/\/www.gaveanews.com\/","name":"G\u00e1vea News","description":"Veja todas as not\u00edcias sobre o Flamengo: Contrata\u00e7\u00f5es, categorias de base, resultados das partidas, tabela de classifica\u00e7\u00e3o, pr\u00f3ximos jogos!","potentialAction":[{"@type":"SearchAction","target":{"@type":"EntryPoint","urlTemplate":"https:\/\/www.gaveanews.com\/?s={search_term_string}"},"query-input":{"@type":"PropertyValueSpecification","valueRequired":true,"valueName":"search_term_string"}}],"inLanguage":"pt-BR"},{"@type":"Person","@id":"https:\/\/www.gaveanews.com\/#\/schema\/person\/2ec14f73fb96be2caf28f91afb14749d","name":"Equipe G\u00e1vea News","image":{"@type":"ImageObject","inLanguage":"pt-BR","@id":"https:\/\/www.gaveanews.com\/#\/schema\/person\/image\/","url":"https:\/\/secure.gravatar.com\/avatar\/1e1956f1facbffd3f8fa53a326721950116b3b9dc9bd44939c01180fd4a745a9?s=96&d=mm&r=g","contentUrl":"https:\/\/secure.gravatar.com\/avatar\/1e1956f1facbffd3f8fa53a326721950116b3b9dc9bd44939c01180fd4a745a9?s=96&d=mm&r=g","caption":"Equipe G\u00e1vea News"}}]}},"_links":{"self":[{"href":"https:\/\/www.gaveanews.com\/index.php\/wp-json\/wp\/v2\/posts\/206193","targetHints":{"allow":["GET"]}}],"collection":[{"href":"https:\/\/www.gaveanews.com\/index.php\/wp-json\/wp\/v2\/posts"}],"about":[{"href":"https:\/\/www.gaveanews.com\/index.php\/wp-json\/wp\/v2\/types\/post"}],"author":[{"embeddable":true,"href":"https:\/\/www.gaveanews.com\/index.php\/wp-json\/wp\/v2\/users\/1"}],"replies":[{"embeddable":true,"href":"https:\/\/www.gaveanews.com\/index.php\/wp-json\/wp\/v2\/comments?post=206193"}],"version-history":[{"count":1,"href":"https:\/\/www.gaveanews.com\/index.php\/wp-json\/wp\/v2\/posts\/206193\/revisions"}],"predecessor-version":[{"id":206195,"href":"https:\/\/www.gaveanews.com\/index.php\/wp-json\/wp\/v2\/posts\/206193\/revisions\/206195"}],"wp:featuredmedia":[{"embeddable":true,"href":"https:\/\/www.gaveanews.com\/index.php\/wp-json\/wp\/v2\/media\/152156"}],"wp:attachment":[{"href":"https:\/\/www.gaveanews.com\/index.php\/wp-json\/wp\/v2\/media?parent=206193"}],"wp:term":[{"taxonomy":"category","embeddable":true,"href":"https:\/\/www.gaveanews.com\/index.php\/wp-json\/wp\/v2\/categories?post=206193"},{"taxonomy":"post_tag","embeddable":true,"href":"https:\/\/www.gaveanews.com\/index.php\/wp-json\/wp\/v2\/tags?post=206193"}],"curies":[{"name":"wp","href":"https:\/\/api.w.org\/{rel}","templated":true}]}}