{"id":206342,"date":"2025-01-02T14:10:00","date_gmt":"2025-01-02T17:10:00","guid":{"rendered":"https:\/\/www.gaveanews.com\/?p=206342"},"modified":"2025-01-02T13:52:58","modified_gmt":"2025-01-02T16:52:58","slug":"atletico-mg-a-publicacao-de-deyverson-direcionada-a-gabriel-menino","status":"publish","type":"post","link":"https:\/\/www.gaveanews.com\/index.php\/2025\/01\/02\/atletico-mg-a-publicacao-de-deyverson-direcionada-a-gabriel-menino\/","title":{"rendered":"Atl\u00e9tico-MG: a publica\u00e7\u00e3o de Deyverson direcionada a Gabriel Menino"},"content":{"rendered":"\n<p>Deyverson utilizou suas redes sociais para enviar uma mensagem a Gabriel Menino, agora jogador do Atl\u00e9tico. Ambos atuaram juntos no Palmeiras e conquistaram a Copa Libertadores em 2021. A intera\u00e7\u00e3o ocorreu em uma publica\u00e7\u00e3o de Menino. <\/p>\n\n\n\n<ul class=\"wp-block-list\">\n<li><a href=\"https:\/\/www.gaveanews.com\/index.php\/2024\/12\/28\/video-torcedor-do-atletico-mg-faz-desabafo-e-viraliza-nas-redes-sociais\/\">V\u00eddeo: torcedor do Atl\u00e9tico-MG faz desabafo e viraliza nas redes sociais<\/a><\/li>\n\n\n\n<li><a href=\"https:\/\/www.gaveanews.com\/index.php\/2024\/12\/27\/atletico-mg-encaminha-emprestimo-para-2025\/\">Atl\u00e9tico-MG encaminha empr\u00e9stimo para 2025<\/a><\/li>\n<\/ul>\n\n\n\n<p>Nesse sentido, Deyverson respondeu com entusiasmo, expressando o desejo de reencontr\u00e1-lo. Al\u00e9m disso, ele se referiu ao meio-campista como &#8220;irm\u00e3o&#8221;, evidenciando a forte rela\u00e7\u00e3o entre eles. \u201cEstou te esperando, meu irm\u00e3o\u201d, declarou.<\/p>\n\n\n\n<h2 class=\"wp-block-heading\" id=\"h-transferencia-de-gabriel-menino-para-o-atletico\">Transfer\u00eancia de Gabriel Menino para o Atl\u00e9tico<\/h2>\n\n\n\n<p>Gabriel Menino assinou contrato com o Atl\u00e9tico, com validade at\u00e9 o final de 2028. O contrato prev\u00ea a possibilidade de renova\u00e7\u00e3o por mais uma temporada. O meio-campista integrou uma negocia\u00e7\u00e3o que levou o atacante Paulinho ao Palmeiras. <\/p>\n\n\n\n<p>Al\u00e9m de Menino, o Atl\u00e9tico recebeu o jovem Patrick, destaque da equipe sub-20 do clube paulista. Conforme o &#8216;GE&#8217;, a transa\u00e7\u00e3o envolveu um pagamento de 18 milh\u00f5es de euros do Palmeiras para o Atl\u00e9tico. Al\u00e9m disso, houve um pagamento de 900 mil euros referentes ao mecanismo de solidariedade, valor que ser\u00e1 dividido entre Vasco e Bayer Leverkusen. <\/p>\n\n\n\n<p>Ademais, os dirigentes do Atl\u00e9tico estimam que Gabriel Menino e Patrick possuam, juntos, um valor de mercado de 8 milh\u00f5es de euros, aproximadamente R$ 50,7 milh\u00f5es. Portanto, somando todos os valores, a opera\u00e7\u00e3o totaliza 27 milh\u00f5es de euros, cerca de R$ 171 milh\u00f5es.<\/p>\n\n\n\n<figure class=\"wp-block-image size-large\"><img loading=\"lazy\" decoding=\"async\" width=\"822\" height=\"1024\" src=\"https:\/\/www.gaveanews.com\/wp-content\/uploads\/Gabriel-Menino-em-acao-pelo-Palmeiras-no-Allianz-Parque-822x1024.webp\" alt=\"\" class=\"wp-image-139704\" srcset=\"https:\/\/www.gaveanews.com\/wp-content\/uploads\/Gabriel-Menino-em-acao-pelo-Palmeiras-no-Allianz-Parque-822x1024.webp 822w, https:\/\/www.gaveanews.com\/wp-content\/uploads\/Gabriel-Menino-em-acao-pelo-Palmeiras-no-Allianz-Parque-241x300.webp 241w, https:\/\/www.gaveanews.com\/wp-content\/uploads\/Gabriel-Menino-em-acao-pelo-Palmeiras-no-Allianz-Parque-768x957.webp 768w, https:\/\/www.gaveanews.com\/wp-content\/uploads\/Gabriel-Menino-em-acao-pelo-Palmeiras-no-Allianz-Parque-337x420.webp 337w, https:\/\/www.gaveanews.com\/wp-content\/uploads\/Gabriel-Menino-em-acao-pelo-Palmeiras-no-Allianz-Parque-674x840.webp 674w, https:\/\/www.gaveanews.com\/wp-content\/uploads\/Gabriel-Menino-em-acao-pelo-Palmeiras-no-Allianz-Parque-640x798.webp 640w, https:\/\/www.gaveanews.com\/wp-content\/uploads\/Gabriel-Menino-em-acao-pelo-Palmeiras-no-Allianz-Parque-681x849.webp 681w, https:\/\/www.gaveanews.com\/wp-content\/uploads\/Gabriel-Menino-em-acao-pelo-Palmeiras-no-Allianz-Parque-100x125.webp 100w, https:\/\/www.gaveanews.com\/wp-content\/uploads\/Gabriel-Menino-em-acao-pelo-Palmeiras-no-Allianz-Parque.webp 1080w\" sizes=\"auto, (max-width: 822px) 100vw, 822px\" \/><figcaption class=\"wp-element-caption\">Gabriel Menino em a\u00e7\u00e3o pelo Palmeiras no Allianz Parque (Foto: Reprodu\u00e7\u00e3o\/Instagram)<\/figcaption><\/figure>\n\n\n\n<h2 class=\"wp-block-heading\" id=\"h-trajetoria-vitoriosa-de-gabriel-menino-no-palmeiras\">Trajet\u00f3ria vitoriosa de Gabriel Menino no Palmeiras<\/h2>\n\n\n\n<p>Aos 24 anos, Gabriel Menino construiu uma hist\u00f3ria de conquistas no Palmeiras. Em 245 jogos pelo clube, o atleta marcou 18 gols e conquistou 11 t\u00edtulos. Entre os jogadores formados na base do clube, ele se destaca como um dos maiores campe\u00f5es, ficando atr\u00e1s apenas de Junqueira. <\/p>\n\n\n\n<p>Consequentemente, Menino venceu duas edi\u00e7\u00f5es da Libertadores (2020 e 2021), dois Campeonatos Brasileiros (2022 e 2023), a Supercopa do Brasil (2023), a Recopa Sul-Americana (2022), a Copa do Brasil (2020) e quatro Campeonatos Paulistas (2020, 2022, 2023 e 2024). <\/p>\n\n\n\n<p>Al\u00e9m disso, na base, ele conquistou a Copa do Brasil Sub-17 (2017), o Campeonato Brasileiro Sub-20 (2018) e dois Campeonatos Paulistas Sub-20 (2018 e 2019).<\/p>\n\n\n\n<h3 class=\"wp-block-heading\" id=\"h-habilidades-tecnicas-do-jogador\">Habilidades t\u00e9cnicas do jogador<\/h3>\n\n\n\n<p>Gabriel Menino demonstra habilidade para atuar em diversas posi\u00e7\u00f5es. O jogador ambidestro desempenha todas as fun\u00e7\u00f5es do meio-campo. Ele tamb\u00e9m atua como op\u00e7\u00e3o para a lateral-direita e a linha ofensiva pelo lado direito. <\/p>\n\n\n\n<p>\u00c9 v\u00e1lido destacar que seu chute de longa dist\u00e2ncia se destaca em seu repert\u00f3rio t\u00e9cnico. Desse modo, identificado como promessa na base do Guarani, Menino chegou ao Palmeiras em 2017. No clube paulista, ele consolidou sua carreira como um dos principais talentos da nova gera\u00e7\u00e3o do futebol brasileiro.<\/p>\n","protected":false},"excerpt":{"rendered":"<p>Deyverson utilizou suas redes sociais para enviar uma mensagem a Gabriel Menino, agora jogador do Atl\u00e9tico. Ambos atuaram juntos no Palmeiras e conquistaram a Copa Libertadores em 2021. A intera\u00e7\u00e3o ocorreu em uma publica\u00e7\u00e3o de Menino. Nesse sentido, Deyverson respondeu com entusiasmo, expressando o desejo de reencontr\u00e1-lo. Al\u00e9m disso, ele se referiu ao meio-campista como [&hellip;]<\/p>\n","protected":false},"author":28,"featured_media":158213,"comment_status":"open","ping_status":"closed","sticky":false,"template":"","format":"standard","meta":{"footnotes":""},"categories":[136],"tags":[],"class_list":["post-206342","post","type-post","status-publish","format-standard","has-post-thumbnail","hentry","category-atletico-mg"],"yoast_head":"<!-- This site is optimized with the Yoast SEO Premium plugin v24.2 (Yoast SEO v26.9) - https:\/\/yoast.com\/product\/yoast-seo-premium-wordpress\/ -->\n<title>Atl\u00e9tico-MG: a publica\u00e7\u00e3o de Deyverson direcionada a Gabriel Menino<\/title>\n<meta name=\"robots\" content=\"index, follow, max-snippet:-1, max-image-preview:large, max-video-preview:-1\" \/>\n<link rel=\"canonical\" href=\"https:\/\/www.gaveanews.com\/index.php\/2025\/01\/02\/atletico-mg-a-publicacao-de-deyverson-direcionada-a-gabriel-menino\/\" \/>\n<meta property=\"og:locale\" content=\"pt_BR\" \/>\n<meta property=\"og:type\" content=\"article\" \/>\n<meta property=\"og:title\" content=\"Atl\u00e9tico-MG: a publica\u00e7\u00e3o de Deyverson direcionada a Gabriel Menino\" \/>\n<meta property=\"og:description\" content=\"Deyverson utilizou suas redes sociais para enviar uma mensagem a Gabriel Menino, agora jogador do Atl\u00e9tico. Ambos atuaram juntos no Palmeiras e conquistaram a Copa Libertadores em 2021. A intera\u00e7\u00e3o ocorreu em uma publica\u00e7\u00e3o de Menino. Nesse sentido, Deyverson respondeu com entusiasmo, expressando o desejo de reencontr\u00e1-lo. Al\u00e9m disso, ele se referiu ao meio-campista como [&hellip;]\" \/>\n<meta property=\"og:url\" content=\"https:\/\/www.gaveanews.com\/index.php\/2025\/01\/02\/atletico-mg-a-publicacao-de-deyverson-direcionada-a-gabriel-menino\/\" \/>\n<meta property=\"og:site_name\" content=\"G\u00e1vea News\" \/>\n<meta property=\"article:publisher\" content=\"https:\/\/facebook.com\/gaveaNews\/\" \/>\n<meta property=\"article:published_time\" content=\"2025-01-02T17:10:00+00:00\" \/>\n<meta property=\"og:image\" content=\"https:\/\/www.gaveanews.com\/wp-content\/uploads\/Deyverson-com-a-camisa-do-Atletico-Mineiro-em-2024.webp\" \/>\n\t<meta property=\"og:image:width\" content=\"1350\" \/>\n\t<meta property=\"og:image:height\" content=\"1013\" \/>\n\t<meta property=\"og:image:type\" content=\"image\/webp\" \/>\n<meta name=\"author\" content=\"Hudson Pereira\" \/>\n<meta name=\"twitter:card\" content=\"summary_large_image\" \/>\n<meta name=\"twitter:label1\" content=\"Escrito por\" \/>\n\t<meta name=\"twitter:data1\" content=\"Hudson Pereira\" \/>\n\t<meta name=\"twitter:label2\" content=\"Est. tempo de leitura\" \/>\n\t<meta name=\"twitter:data2\" content=\"3 minutos\" \/>\n<script type=\"application\/ld+json\" class=\"yoast-schema-graph\">{\"@context\":\"https:\/\/schema.org\",\"@graph\":[{\"@type\":\"NewsArticle\",\"@id\":\"https:\/\/www.gaveanews.com\/index.php\/2025\/01\/02\/atletico-mg-a-publicacao-de-deyverson-direcionada-a-gabriel-menino\/#article\",\"isPartOf\":{\"@id\":\"https:\/\/www.gaveanews.com\/index.php\/2025\/01\/02\/atletico-mg-a-publicacao-de-deyverson-direcionada-a-gabriel-menino\/\"},\"author\":{\"name\":\"Hudson Pereira\",\"@id\":\"https:\/\/www.gaveanews.com\/#\/schema\/person\/bd08f00534b403119b92741a6d469ef0\"},\"headline\":\"Atl\u00e9tico-MG: a publica\u00e7\u00e3o de Deyverson direcionada a Gabriel Menino\",\"datePublished\":\"2025-01-02T17:10:00+00:00\",\"mainEntityOfPage\":{\"@id\":\"https:\/\/www.gaveanews.com\/index.php\/2025\/01\/02\/atletico-mg-a-publicacao-de-deyverson-direcionada-a-gabriel-menino\/\"},\"wordCount\":472,\"commentCount\":0,\"image\":{\"@id\":\"https:\/\/www.gaveanews.com\/index.php\/2025\/01\/02\/atletico-mg-a-publicacao-de-deyverson-direcionada-a-gabriel-menino\/#primaryimage\"},\"thumbnailUrl\":\"https:\/\/www.gaveanews.com\/wp-content\/uploads\/Deyverson-com-a-camisa-do-Atletico-Mineiro-em-2024.webp\",\"articleSection\":[\"Atl\u00e9tico-MG\"],\"inLanguage\":\"pt-BR\",\"potentialAction\":[{\"@type\":\"CommentAction\",\"name\":\"Comment\",\"target\":[\"https:\/\/www.gaveanews.com\/index.php\/2025\/01\/02\/atletico-mg-a-publicacao-de-deyverson-direcionada-a-gabriel-menino\/#respond\"]}],\"copyrightYear\":\"2025\",\"copyrightHolder\":{\"@id\":\"https:\/\/www.gaveanews.com\/#organization\"}},{\"@type\":\"WebPage\",\"@id\":\"https:\/\/www.gaveanews.com\/index.php\/2025\/01\/02\/atletico-mg-a-publicacao-de-deyverson-direcionada-a-gabriel-menino\/\",\"url\":\"https:\/\/www.gaveanews.com\/index.php\/2025\/01\/02\/atletico-mg-a-publicacao-de-deyverson-direcionada-a-gabriel-menino\/\",\"name\":\"Atl\u00e9tico-MG: a publica\u00e7\u00e3o de Deyverson direcionada a Gabriel Menino\",\"isPartOf\":{\"@id\":\"https:\/\/www.gaveanews.com\/#website\"},\"primaryImageOfPage\":{\"@id\":\"https:\/\/www.gaveanews.com\/index.php\/2025\/01\/02\/atletico-mg-a-publicacao-de-deyverson-direcionada-a-gabriel-menino\/#primaryimage\"},\"image\":{\"@id\":\"https:\/\/www.gaveanews.com\/index.php\/2025\/01\/02\/atletico-mg-a-publicacao-de-deyverson-direcionada-a-gabriel-menino\/#primaryimage\"},\"thumbnailUrl\":\"https:\/\/www.gaveanews.com\/wp-content\/uploads\/Deyverson-com-a-camisa-do-Atletico-Mineiro-em-2024.webp\",\"datePublished\":\"2025-01-02T17:10:00+00:00\",\"author\":{\"@id\":\"https:\/\/www.gaveanews.com\/#\/schema\/person\/bd08f00534b403119b92741a6d469ef0\"},\"breadcrumb\":{\"@id\":\"https:\/\/www.gaveanews.com\/index.php\/2025\/01\/02\/atletico-mg-a-publicacao-de-deyverson-direcionada-a-gabriel-menino\/#breadcrumb\"},\"inLanguage\":\"pt-BR\",\"potentialAction\":[{\"@type\":\"ReadAction\",\"target\":[\"https:\/\/www.gaveanews.com\/index.php\/2025\/01\/02\/atletico-mg-a-publicacao-de-deyverson-direcionada-a-gabriel-menino\/\"]}]},{\"@type\":\"ImageObject\",\"inLanguage\":\"pt-BR\",\"@id\":\"https:\/\/www.gaveanews.com\/index.php\/2025\/01\/02\/atletico-mg-a-publicacao-de-deyverson-direcionada-a-gabriel-menino\/#primaryimage\",\"url\":\"https:\/\/www.gaveanews.com\/wp-content\/uploads\/Deyverson-com-a-camisa-do-Atletico-Mineiro-em-2024.webp\",\"contentUrl\":\"https:\/\/www.gaveanews.com\/wp-content\/uploads\/Deyverson-com-a-camisa-do-Atletico-Mineiro-em-2024.webp\",\"width\":1350,\"height\":1013,\"caption\":\"Deyverson com a camisa do Atl\u00e9tico Mineiro em 2024 (Foto: Divulga\u00e7\u00e3o\/Atl\u00e9tico Mineiro)\"},{\"@type\":\"BreadcrumbList\",\"@id\":\"https:\/\/www.gaveanews.com\/index.php\/2025\/01\/02\/atletico-mg-a-publicacao-de-deyverson-direcionada-a-gabriel-menino\/#breadcrumb\",\"itemListElement\":[{\"@type\":\"ListItem\",\"position\":1,\"name\":\"Home\",\"item\":\"https:\/\/www.gaveanews.com\/\"},{\"@type\":\"ListItem\",\"position\":2,\"name\":\"Atl\u00e9tico-MG: a publica\u00e7\u00e3o de Deyverson direcionada a Gabriel Menino\"}]},{\"@type\":\"WebSite\",\"@id\":\"https:\/\/www.gaveanews.com\/#website\",\"url\":\"https:\/\/www.gaveanews.com\/\",\"name\":\"G\u00e1vea News\",\"description\":\"Veja todas as not\u00edcias sobre o Flamengo: Contrata\u00e7\u00f5es, categorias de base, resultados das partidas, tabela de classifica\u00e7\u00e3o, pr\u00f3ximos jogos!\",\"potentialAction\":[{\"@type\":\"SearchAction\",\"target\":{\"@type\":\"EntryPoint\",\"urlTemplate\":\"https:\/\/www.gaveanews.com\/?s={search_term_string}\"},\"query-input\":{\"@type\":\"PropertyValueSpecification\",\"valueRequired\":true,\"valueName\":\"search_term_string\"}}],\"inLanguage\":\"pt-BR\"},{\"@type\":\"Person\",\"@id\":\"https:\/\/www.gaveanews.com\/#\/schema\/person\/bd08f00534b403119b92741a6d469ef0\",\"name\":\"Hudson Pereira\",\"image\":{\"@type\":\"ImageObject\",\"inLanguage\":\"pt-BR\",\"@id\":\"https:\/\/www.gaveanews.com\/#\/schema\/person\/image\/\",\"url\":\"https:\/\/secure.gravatar.com\/avatar\/ecc491b489e454e510efffc9b23c1052ce5fb4f2e05555768ba65819cd55f03e?s=96&d=mm&r=g\",\"contentUrl\":\"https:\/\/secure.gravatar.com\/avatar\/ecc491b489e454e510efffc9b23c1052ce5fb4f2e05555768ba65819cd55f03e?s=96&d=mm&r=g\",\"caption\":\"Hudson Pereira\"}}]}<\/script>\n<!-- \/ Yoast SEO Premium plugin. -->","yoast_head_json":{"title":"Atl\u00e9tico-MG: a publica\u00e7\u00e3o de Deyverson direcionada a Gabriel Menino","robots":{"index":"index","follow":"follow","max-snippet":"max-snippet:-1","max-image-preview":"max-image-preview:large","max-video-preview":"max-video-preview:-1"},"canonical":"https:\/\/www.gaveanews.com\/index.php\/2025\/01\/02\/atletico-mg-a-publicacao-de-deyverson-direcionada-a-gabriel-menino\/","og_locale":"pt_BR","og_type":"article","og_title":"Atl\u00e9tico-MG: a publica\u00e7\u00e3o de Deyverson direcionada a Gabriel Menino","og_description":"Deyverson utilizou suas redes sociais para enviar uma mensagem a Gabriel Menino, agora jogador do Atl\u00e9tico. Ambos atuaram juntos no Palmeiras e conquistaram a Copa Libertadores em 2021. A intera\u00e7\u00e3o ocorreu em uma publica\u00e7\u00e3o de Menino. Nesse sentido, Deyverson respondeu com entusiasmo, expressando o desejo de reencontr\u00e1-lo. Al\u00e9m disso, ele se referiu ao meio-campista como [&hellip;]","og_url":"https:\/\/www.gaveanews.com\/index.php\/2025\/01\/02\/atletico-mg-a-publicacao-de-deyverson-direcionada-a-gabriel-menino\/","og_site_name":"G\u00e1vea News","article_publisher":"https:\/\/facebook.com\/gaveaNews\/","article_published_time":"2025-01-02T17:10:00+00:00","og_image":[{"width":1350,"height":1013,"url":"https:\/\/www.gaveanews.com\/wp-content\/uploads\/Deyverson-com-a-camisa-do-Atletico-Mineiro-em-2024.webp","type":"image\/webp"}],"author":"Hudson Pereira","twitter_card":"summary_large_image","twitter_misc":{"Escrito por":"Hudson Pereira","Est. tempo de leitura":"3 minutos"},"schema":{"@context":"https:\/\/schema.org","@graph":[{"@type":"NewsArticle","@id":"https:\/\/www.gaveanews.com\/index.php\/2025\/01\/02\/atletico-mg-a-publicacao-de-deyverson-direcionada-a-gabriel-menino\/#article","isPartOf":{"@id":"https:\/\/www.gaveanews.com\/index.php\/2025\/01\/02\/atletico-mg-a-publicacao-de-deyverson-direcionada-a-gabriel-menino\/"},"author":{"name":"Hudson Pereira","@id":"https:\/\/www.gaveanews.com\/#\/schema\/person\/bd08f00534b403119b92741a6d469ef0"},"headline":"Atl\u00e9tico-MG: a publica\u00e7\u00e3o de Deyverson direcionada a Gabriel Menino","datePublished":"2025-01-02T17:10:00+00:00","mainEntityOfPage":{"@id":"https:\/\/www.gaveanews.com\/index.php\/2025\/01\/02\/atletico-mg-a-publicacao-de-deyverson-direcionada-a-gabriel-menino\/"},"wordCount":472,"commentCount":0,"image":{"@id":"https:\/\/www.gaveanews.com\/index.php\/2025\/01\/02\/atletico-mg-a-publicacao-de-deyverson-direcionada-a-gabriel-menino\/#primaryimage"},"thumbnailUrl":"https:\/\/www.gaveanews.com\/wp-content\/uploads\/Deyverson-com-a-camisa-do-Atletico-Mineiro-em-2024.webp","articleSection":["Atl\u00e9tico-MG"],"inLanguage":"pt-BR","potentialAction":[{"@type":"CommentAction","name":"Comment","target":["https:\/\/www.gaveanews.com\/index.php\/2025\/01\/02\/atletico-mg-a-publicacao-de-deyverson-direcionada-a-gabriel-menino\/#respond"]}],"copyrightYear":"2025","copyrightHolder":{"@id":"https:\/\/www.gaveanews.com\/#organization"}},{"@type":"WebPage","@id":"https:\/\/www.gaveanews.com\/index.php\/2025\/01\/02\/atletico-mg-a-publicacao-de-deyverson-direcionada-a-gabriel-menino\/","url":"https:\/\/www.gaveanews.com\/index.php\/2025\/01\/02\/atletico-mg-a-publicacao-de-deyverson-direcionada-a-gabriel-menino\/","name":"Atl\u00e9tico-MG: a publica\u00e7\u00e3o de Deyverson direcionada a Gabriel Menino","isPartOf":{"@id":"https:\/\/www.gaveanews.com\/#website"},"primaryImageOfPage":{"@id":"https:\/\/www.gaveanews.com\/index.php\/2025\/01\/02\/atletico-mg-a-publicacao-de-deyverson-direcionada-a-gabriel-menino\/#primaryimage"},"image":{"@id":"https:\/\/www.gaveanews.com\/index.php\/2025\/01\/02\/atletico-mg-a-publicacao-de-deyverson-direcionada-a-gabriel-menino\/#primaryimage"},"thumbnailUrl":"https:\/\/www.gaveanews.com\/wp-content\/uploads\/Deyverson-com-a-camisa-do-Atletico-Mineiro-em-2024.webp","datePublished":"2025-01-02T17:10:00+00:00","author":{"@id":"https:\/\/www.gaveanews.com\/#\/schema\/person\/bd08f00534b403119b92741a6d469ef0"},"breadcrumb":{"@id":"https:\/\/www.gaveanews.com\/index.php\/2025\/01\/02\/atletico-mg-a-publicacao-de-deyverson-direcionada-a-gabriel-menino\/#breadcrumb"},"inLanguage":"pt-BR","potentialAction":[{"@type":"ReadAction","target":["https:\/\/www.gaveanews.com\/index.php\/2025\/01\/02\/atletico-mg-a-publicacao-de-deyverson-direcionada-a-gabriel-menino\/"]}]},{"@type":"ImageObject","inLanguage":"pt-BR","@id":"https:\/\/www.gaveanews.com\/index.php\/2025\/01\/02\/atletico-mg-a-publicacao-de-deyverson-direcionada-a-gabriel-menino\/#primaryimage","url":"https:\/\/www.gaveanews.com\/wp-content\/uploads\/Deyverson-com-a-camisa-do-Atletico-Mineiro-em-2024.webp","contentUrl":"https:\/\/www.gaveanews.com\/wp-content\/uploads\/Deyverson-com-a-camisa-do-Atletico-Mineiro-em-2024.webp","width":1350,"height":1013,"caption":"Deyverson com a camisa do Atl\u00e9tico Mineiro em 2024 (Foto: Divulga\u00e7\u00e3o\/Atl\u00e9tico Mineiro)"},{"@type":"BreadcrumbList","@id":"https:\/\/www.gaveanews.com\/index.php\/2025\/01\/02\/atletico-mg-a-publicacao-de-deyverson-direcionada-a-gabriel-menino\/#breadcrumb","itemListElement":[{"@type":"ListItem","position":1,"name":"Home","item":"https:\/\/www.gaveanews.com\/"},{"@type":"ListItem","position":2,"name":"Atl\u00e9tico-MG: a publica\u00e7\u00e3o de Deyverson direcionada a Gabriel Menino"}]},{"@type":"WebSite","@id":"https:\/\/www.gaveanews.com\/#website","url":"https:\/\/www.gaveanews.com\/","name":"G\u00e1vea News","description":"Veja todas as not\u00edcias sobre o Flamengo: Contrata\u00e7\u00f5es, categorias de base, resultados das partidas, tabela de classifica\u00e7\u00e3o, pr\u00f3ximos jogos!","potentialAction":[{"@type":"SearchAction","target":{"@type":"EntryPoint","urlTemplate":"https:\/\/www.gaveanews.com\/?s={search_term_string}"},"query-input":{"@type":"PropertyValueSpecification","valueRequired":true,"valueName":"search_term_string"}}],"inLanguage":"pt-BR"},{"@type":"Person","@id":"https:\/\/www.gaveanews.com\/#\/schema\/person\/bd08f00534b403119b92741a6d469ef0","name":"Hudson Pereira","image":{"@type":"ImageObject","inLanguage":"pt-BR","@id":"https:\/\/www.gaveanews.com\/#\/schema\/person\/image\/","url":"https:\/\/secure.gravatar.com\/avatar\/ecc491b489e454e510efffc9b23c1052ce5fb4f2e05555768ba65819cd55f03e?s=96&d=mm&r=g","contentUrl":"https:\/\/secure.gravatar.com\/avatar\/ecc491b489e454e510efffc9b23c1052ce5fb4f2e05555768ba65819cd55f03e?s=96&d=mm&r=g","caption":"Hudson Pereira"}}]}},"_links":{"self":[{"href":"https:\/\/www.gaveanews.com\/index.php\/wp-json\/wp\/v2\/posts\/206342","targetHints":{"allow":["GET"]}}],"collection":[{"href":"https:\/\/www.gaveanews.com\/index.php\/wp-json\/wp\/v2\/posts"}],"about":[{"href":"https:\/\/www.gaveanews.com\/index.php\/wp-json\/wp\/v2\/types\/post"}],"author":[{"embeddable":true,"href":"https:\/\/www.gaveanews.com\/index.php\/wp-json\/wp\/v2\/users\/28"}],"replies":[{"embeddable":true,"href":"https:\/\/www.gaveanews.com\/index.php\/wp-json\/wp\/v2\/comments?post=206342"}],"version-history":[{"count":2,"href":"https:\/\/www.gaveanews.com\/index.php\/wp-json\/wp\/v2\/posts\/206342\/revisions"}],"predecessor-version":[{"id":206346,"href":"https:\/\/www.gaveanews.com\/index.php\/wp-json\/wp\/v2\/posts\/206342\/revisions\/206346"}],"wp:featuredmedia":[{"embeddable":true,"href":"https:\/\/www.gaveanews.com\/index.php\/wp-json\/wp\/v2\/media\/158213"}],"wp:attachment":[{"href":"https:\/\/www.gaveanews.com\/index.php\/wp-json\/wp\/v2\/media?parent=206342"}],"wp:term":[{"taxonomy":"category","embeddable":true,"href":"https:\/\/www.gaveanews.com\/index.php\/wp-json\/wp\/v2\/categories?post=206342"},{"taxonomy":"post_tag","embeddable":true,"href":"https:\/\/www.gaveanews.com\/index.php\/wp-json\/wp\/v2\/tags?post=206342"}],"curies":[{"name":"wp","href":"https:\/\/api.w.org\/{rel}","templated":true}]}}