{"id":206395,"date":"2025-01-02T14:15:00","date_gmt":"2025-01-02T17:15:00","guid":{"rendered":"https:\/\/www.gaveanews.com\/?p=206395"},"modified":"2025-01-02T13:53:09","modified_gmt":"2025-01-02T16:53:09","slug":"renato-mauricio-prado-nao-perdoa-e-manda-a-real-para-gabigol-do-cruzeiro","status":"publish","type":"post","link":"https:\/\/www.gaveanews.com\/index.php\/2025\/01\/02\/renato-mauricio-prado-nao-perdoa-e-manda-a-real-para-gabigol-do-cruzeiro\/","title":{"rendered":"Renato Maur\u00edcio Prado n\u00e3o perdoa e manda a real para Gabigol, do Cruzeiro"},"content":{"rendered":"\n<p>A chegada de Gabigol ao Cruzeiro para 2025 foi cercada de expectativas, mas uma de suas primeiras declara\u00e7\u00f5es j\u00e1 dividiu opini\u00f5es. Em entrevista, o atacante afirmou estar vivendo \u201co melhor momento dentro e fora de campo\u201d.&nbsp;<\/p>\n\n\n\n<ul class=\"wp-block-list\">\n<li><a href=\"https:\/\/www.gaveanews.com\/index.php\/2024\/12\/31\/casagrande-faz-alerta-ao-cruzeiro-para-2025\/\">Casagrande faz alerta ao Cruzeiro para 2025<\/a><\/li>\n\n\n\n<li><a href=\"https:\/\/www.gaveanews.com\/index.php\/2024\/12\/30\/cruzeiro-vai-contratar-dois-jogadores-do-corinthians\/\">Cruzeiro vai contratar dois jogadores do Corinthians<\/a><\/li>\n<\/ul>\n\n\n\n<p>A afirma\u00e7\u00e3o soou desconexa para quem acompanhou sua \u00faltima temporada no Flamengo, marcada por baixos n\u00fameros e pol\u00eamicas. O coment\u00e1rio rapidamente gerou repercuss\u00f5es, com o jornalista Renato Maur\u00edcio Prado sendo uma das vozes mais cr\u00edticas.<\/p>\n\n\n\n<h2 class=\"wp-block-heading\" id=\"h-renato-mauricio-prado-critica-postura-do-atacante\">Renato Maur\u00edcio Prado critica postura do atacante<\/h2>\n\n\n\n<p>Renato Maur\u00edcio Prado, assumidamente rubro-negro, n\u00e3o poupou palavras ao avaliar a fala do atacante. \u201cFalta semancol ao Gabriel&#8230; Melhor momento? N\u00e3o joga bulhufas h\u00e1 dois anos\u201d, comentou o jornalista, deixando claro seu descontentamento.&nbsp;<\/p>\n\n\n\n<p>Vale destacar que essa cr\u00edtica reflete o sentimento de parte da torcida flamenguista, insatisfeita com o desempenho recente do ex-camisa 9 do clube.<\/p>\n\n\n\n<h2 class=\"wp-block-heading\" id=\"h-o-que-disse-gabigol-sobre-sua-nova-fase\">O que disse Gabigol sobre sua nova fase<\/h2>\n\n\n\n<p>Independente das cr\u00edticas, Gabigol demonstrou confian\u00e7a em sua entrevista. \u201cCreio que \u00e9 o meu melhor momento dentro de campo e fora. Ent\u00e3o, nada melhor que um projeto novo para eu poder alcan\u00e7ar algumas metas que ainda tenho\u201d, afirmou.&nbsp;<\/p>\n\n\n\n<p>Al\u00e9m disso, ele destacou a recep\u00e7\u00e3o calorosa da torcida cruzeirense e sua rela\u00e7\u00e3o com a cidade de Belo Horizonte, onde deseja escrever uma nova hist\u00f3ria.<\/p>\n\n\n\n<h2 class=\"wp-block-heading\" id=\"h-uma-despedida-apagada-no-flamengo\">Uma despedida apagada no Flamengo<\/h2>\n\n\n\n<p>O \u00faltimo ano de Gabigol no Flamengo foi longe do ideal e repleto de desafios. Com apenas oito gols em 38 partidas, ele apresentou o desempenho mais apagado desde sua chegada ao clube, em 2019. Isso porque, al\u00e9m de uma queda t\u00e9cnica evidente, a temporada foi marcada por desentendimentos recorrentes com a diretoria, que retirou da mesa uma proposta de renova\u00e7\u00e3o de contrato.&nbsp;<\/p>\n\n\n\n<p>O jogador tamb\u00e9m perdeu a emblem\u00e1tica camisa 10, refor\u00e7ando o clima de instabilidade. Sendo assim, sua transfer\u00eancia para o Cruzeiro n\u00e3o s\u00f3 marca o fim de um ciclo conturbado, mas tamb\u00e9m representa uma oportunidade de recome\u00e7ar e se reinventar.<\/p>\n","protected":false},"excerpt":{"rendered":"<p>A chegada de Gabigol ao Cruzeiro para 2025 foi cercada de expectativas, mas uma de suas primeiras declara\u00e7\u00f5es j\u00e1 dividiu opini\u00f5es. Em entrevista, o atacante afirmou estar vivendo \u201co melhor momento dentro e fora de campo\u201d.&nbsp; A afirma\u00e7\u00e3o soou desconexa para quem acompanhou sua \u00faltima temporada no Flamengo, marcada por baixos n\u00fameros e pol\u00eamicas. O [&hellip;]<\/p>\n","protected":false},"author":25,"featured_media":115744,"comment_status":"open","ping_status":"closed","sticky":false,"template":"","format":"standard","meta":{"footnotes":""},"categories":[143],"tags":[],"class_list":["post-206395","post","type-post","status-publish","format-standard","has-post-thumbnail","hentry","category-cruzeiro"],"yoast_head":"<!-- This site is optimized with the Yoast SEO Premium plugin v24.2 (Yoast SEO v26.9) - https:\/\/yoast.com\/product\/yoast-seo-premium-wordpress\/ -->\n<title>Renato Maur\u00edcio Prado n\u00e3o perdoa e manda a real para Gabigol, do Cruzeiro<\/title>\n<meta name=\"robots\" content=\"index, follow, max-snippet:-1, max-image-preview:large, max-video-preview:-1\" \/>\n<link rel=\"canonical\" href=\"https:\/\/www.gaveanews.com\/index.php\/2025\/01\/02\/renato-mauricio-prado-nao-perdoa-e-manda-a-real-para-gabigol-do-cruzeiro\/\" \/>\n<meta property=\"og:locale\" content=\"pt_BR\" \/>\n<meta property=\"og:type\" content=\"article\" \/>\n<meta property=\"og:title\" content=\"Renato Maur\u00edcio Prado n\u00e3o perdoa e manda a real para Gabigol, do Cruzeiro\" \/>\n<meta property=\"og:description\" content=\"A chegada de Gabigol ao Cruzeiro para 2025 foi cercada de expectativas, mas uma de suas primeiras declara\u00e7\u00f5es j\u00e1 dividiu opini\u00f5es. Em entrevista, o atacante afirmou estar vivendo \u201co melhor momento dentro e fora de campo\u201d.&nbsp; A afirma\u00e7\u00e3o soou desconexa para quem acompanhou sua \u00faltima temporada no Flamengo, marcada por baixos n\u00fameros e pol\u00eamicas. O [&hellip;]\" \/>\n<meta property=\"og:url\" content=\"https:\/\/www.gaveanews.com\/index.php\/2025\/01\/02\/renato-mauricio-prado-nao-perdoa-e-manda-a-real-para-gabigol-do-cruzeiro\/\" \/>\n<meta property=\"og:site_name\" content=\"G\u00e1vea News\" \/>\n<meta property=\"article:publisher\" content=\"https:\/\/facebook.com\/gaveaNews\/\" \/>\n<meta property=\"article:published_time\" content=\"2025-01-02T17:15:00+00:00\" \/>\n<meta property=\"og:image\" content=\"https:\/\/www.gaveanews.com\/wp-content\/uploads\/chrome_ahgxRKtAwc.webp\" \/>\n\t<meta property=\"og:image:width\" content=\"1518\" \/>\n\t<meta property=\"og:image:height\" content=\"961\" \/>\n\t<meta property=\"og:image:type\" content=\"image\/jpeg\" \/>\n<meta name=\"author\" content=\"Rafaela Ladeira\" \/>\n<meta name=\"twitter:card\" content=\"summary_large_image\" \/>\n<meta name=\"twitter:label1\" content=\"Escrito por\" \/>\n\t<meta name=\"twitter:data1\" content=\"Rafaela Ladeira\" \/>\n\t<meta name=\"twitter:label2\" content=\"Est. tempo de leitura\" \/>\n\t<meta name=\"twitter:data2\" content=\"3 minutos\" \/>\n<script type=\"application\/ld+json\" class=\"yoast-schema-graph\">{\"@context\":\"https:\/\/schema.org\",\"@graph\":[{\"@type\":\"NewsArticle\",\"@id\":\"https:\/\/www.gaveanews.com\/index.php\/2025\/01\/02\/renato-mauricio-prado-nao-perdoa-e-manda-a-real-para-gabigol-do-cruzeiro\/#article\",\"isPartOf\":{\"@id\":\"https:\/\/www.gaveanews.com\/index.php\/2025\/01\/02\/renato-mauricio-prado-nao-perdoa-e-manda-a-real-para-gabigol-do-cruzeiro\/\"},\"author\":{\"name\":\"Rafaela Ladeira\",\"@id\":\"https:\/\/www.gaveanews.com\/#\/schema\/person\/0eb3e3fe1754f0205218538adbe8f5ed\"},\"headline\":\"Renato Maur\u00edcio Prado n\u00e3o perdoa e manda a real para Gabigol, do Cruzeiro\",\"datePublished\":\"2025-01-02T17:15:00+00:00\",\"mainEntityOfPage\":{\"@id\":\"https:\/\/www.gaveanews.com\/index.php\/2025\/01\/02\/renato-mauricio-prado-nao-perdoa-e-manda-a-real-para-gabigol-do-cruzeiro\/\"},\"wordCount\":370,\"commentCount\":0,\"image\":{\"@id\":\"https:\/\/www.gaveanews.com\/index.php\/2025\/01\/02\/renato-mauricio-prado-nao-perdoa-e-manda-a-real-para-gabigol-do-cruzeiro\/#primaryimage\"},\"thumbnailUrl\":\"https:\/\/www.gaveanews.com\/wp-content\/uploads\/chrome_ahgxRKtAwc.webp\",\"articleSection\":[\"Cruzeiro\"],\"inLanguage\":\"pt-BR\",\"potentialAction\":[{\"@type\":\"CommentAction\",\"name\":\"Comment\",\"target\":[\"https:\/\/www.gaveanews.com\/index.php\/2025\/01\/02\/renato-mauricio-prado-nao-perdoa-e-manda-a-real-para-gabigol-do-cruzeiro\/#respond\"]}],\"copyrightYear\":\"2025\",\"copyrightHolder\":{\"@id\":\"https:\/\/www.gaveanews.com\/#organization\"}},{\"@type\":\"WebPage\",\"@id\":\"https:\/\/www.gaveanews.com\/index.php\/2025\/01\/02\/renato-mauricio-prado-nao-perdoa-e-manda-a-real-para-gabigol-do-cruzeiro\/\",\"url\":\"https:\/\/www.gaveanews.com\/index.php\/2025\/01\/02\/renato-mauricio-prado-nao-perdoa-e-manda-a-real-para-gabigol-do-cruzeiro\/\",\"name\":\"Renato Maur\u00edcio Prado n\u00e3o perdoa e manda a real para Gabigol, do Cruzeiro\",\"isPartOf\":{\"@id\":\"https:\/\/www.gaveanews.com\/#website\"},\"primaryImageOfPage\":{\"@id\":\"https:\/\/www.gaveanews.com\/index.php\/2025\/01\/02\/renato-mauricio-prado-nao-perdoa-e-manda-a-real-para-gabigol-do-cruzeiro\/#primaryimage\"},\"image\":{\"@id\":\"https:\/\/www.gaveanews.com\/index.php\/2025\/01\/02\/renato-mauricio-prado-nao-perdoa-e-manda-a-real-para-gabigol-do-cruzeiro\/#primaryimage\"},\"thumbnailUrl\":\"https:\/\/www.gaveanews.com\/wp-content\/uploads\/chrome_ahgxRKtAwc.webp\",\"datePublished\":\"2025-01-02T17:15:00+00:00\",\"author\":{\"@id\":\"https:\/\/www.gaveanews.com\/#\/schema\/person\/0eb3e3fe1754f0205218538adbe8f5ed\"},\"breadcrumb\":{\"@id\":\"https:\/\/www.gaveanews.com\/index.php\/2025\/01\/02\/renato-mauricio-prado-nao-perdoa-e-manda-a-real-para-gabigol-do-cruzeiro\/#breadcrumb\"},\"inLanguage\":\"pt-BR\",\"potentialAction\":[{\"@type\":\"ReadAction\",\"target\":[\"https:\/\/www.gaveanews.com\/index.php\/2025\/01\/02\/renato-mauricio-prado-nao-perdoa-e-manda-a-real-para-gabigol-do-cruzeiro\/\"]}]},{\"@type\":\"ImageObject\",\"inLanguage\":\"pt-BR\",\"@id\":\"https:\/\/www.gaveanews.com\/index.php\/2025\/01\/02\/renato-mauricio-prado-nao-perdoa-e-manda-a-real-para-gabigol-do-cruzeiro\/#primaryimage\",\"url\":\"https:\/\/www.gaveanews.com\/wp-content\/uploads\/chrome_ahgxRKtAwc.webp\",\"contentUrl\":\"https:\/\/www.gaveanews.com\/wp-content\/uploads\/chrome_ahgxRKtAwc.webp\",\"width\":1518,\"height\":961,\"caption\":\"Gabigol no PodPah - (Foto: Reprodu\u00e7\u00e3o\/YouTube)\"},{\"@type\":\"BreadcrumbList\",\"@id\":\"https:\/\/www.gaveanews.com\/index.php\/2025\/01\/02\/renato-mauricio-prado-nao-perdoa-e-manda-a-real-para-gabigol-do-cruzeiro\/#breadcrumb\",\"itemListElement\":[{\"@type\":\"ListItem\",\"position\":1,\"name\":\"Home\",\"item\":\"https:\/\/www.gaveanews.com\/\"},{\"@type\":\"ListItem\",\"position\":2,\"name\":\"Renato Maur\u00edcio Prado n\u00e3o perdoa e manda a real para Gabigol, do Cruzeiro\"}]},{\"@type\":\"WebSite\",\"@id\":\"https:\/\/www.gaveanews.com\/#website\",\"url\":\"https:\/\/www.gaveanews.com\/\",\"name\":\"G\u00e1vea News\",\"description\":\"Veja todas as not\u00edcias sobre o Flamengo: Contrata\u00e7\u00f5es, categorias de base, resultados das partidas, tabela de classifica\u00e7\u00e3o, pr\u00f3ximos jogos!\",\"potentialAction\":[{\"@type\":\"SearchAction\",\"target\":{\"@type\":\"EntryPoint\",\"urlTemplate\":\"https:\/\/www.gaveanews.com\/?s={search_term_string}\"},\"query-input\":{\"@type\":\"PropertyValueSpecification\",\"valueRequired\":true,\"valueName\":\"search_term_string\"}}],\"inLanguage\":\"pt-BR\"},{\"@type\":\"Person\",\"@id\":\"https:\/\/www.gaveanews.com\/#\/schema\/person\/0eb3e3fe1754f0205218538adbe8f5ed\",\"name\":\"Rafaela Ladeira\",\"image\":{\"@type\":\"ImageObject\",\"inLanguage\":\"pt-BR\",\"@id\":\"https:\/\/www.gaveanews.com\/#\/schema\/person\/image\/\",\"url\":\"https:\/\/secure.gravatar.com\/avatar\/c31f513acffd85eacab5730cbdfdbbf59f21ba5aeada8cd890acea879fbb2455?s=96&d=mm&r=g\",\"contentUrl\":\"https:\/\/secure.gravatar.com\/avatar\/c31f513acffd85eacab5730cbdfdbbf59f21ba5aeada8cd890acea879fbb2455?s=96&d=mm&r=g\",\"caption\":\"Rafaela Ladeira\"}}]}<\/script>\n<!-- \/ Yoast SEO Premium plugin. -->","yoast_head_json":{"title":"Renato Maur\u00edcio Prado n\u00e3o perdoa e manda a real para Gabigol, do Cruzeiro","robots":{"index":"index","follow":"follow","max-snippet":"max-snippet:-1","max-image-preview":"max-image-preview:large","max-video-preview":"max-video-preview:-1"},"canonical":"https:\/\/www.gaveanews.com\/index.php\/2025\/01\/02\/renato-mauricio-prado-nao-perdoa-e-manda-a-real-para-gabigol-do-cruzeiro\/","og_locale":"pt_BR","og_type":"article","og_title":"Renato Maur\u00edcio Prado n\u00e3o perdoa e manda a real para Gabigol, do Cruzeiro","og_description":"A chegada de Gabigol ao Cruzeiro para 2025 foi cercada de expectativas, mas uma de suas primeiras declara\u00e7\u00f5es j\u00e1 dividiu opini\u00f5es. Em entrevista, o atacante afirmou estar vivendo \u201co melhor momento dentro e fora de campo\u201d.&nbsp; A afirma\u00e7\u00e3o soou desconexa para quem acompanhou sua \u00faltima temporada no Flamengo, marcada por baixos n\u00fameros e pol\u00eamicas. O [&hellip;]","og_url":"https:\/\/www.gaveanews.com\/index.php\/2025\/01\/02\/renato-mauricio-prado-nao-perdoa-e-manda-a-real-para-gabigol-do-cruzeiro\/","og_site_name":"G\u00e1vea News","article_publisher":"https:\/\/facebook.com\/gaveaNews\/","article_published_time":"2025-01-02T17:15:00+00:00","og_image":[{"width":1518,"height":961,"url":"https:\/\/www.gaveanews.com\/wp-content\/uploads\/chrome_ahgxRKtAwc.webp","type":"image\/jpeg"}],"author":"Rafaela Ladeira","twitter_card":"summary_large_image","twitter_misc":{"Escrito por":"Rafaela Ladeira","Est. tempo de leitura":"3 minutos"},"schema":{"@context":"https:\/\/schema.org","@graph":[{"@type":"NewsArticle","@id":"https:\/\/www.gaveanews.com\/index.php\/2025\/01\/02\/renato-mauricio-prado-nao-perdoa-e-manda-a-real-para-gabigol-do-cruzeiro\/#article","isPartOf":{"@id":"https:\/\/www.gaveanews.com\/index.php\/2025\/01\/02\/renato-mauricio-prado-nao-perdoa-e-manda-a-real-para-gabigol-do-cruzeiro\/"},"author":{"name":"Rafaela Ladeira","@id":"https:\/\/www.gaveanews.com\/#\/schema\/person\/0eb3e3fe1754f0205218538adbe8f5ed"},"headline":"Renato Maur\u00edcio Prado n\u00e3o perdoa e manda a real para Gabigol, do Cruzeiro","datePublished":"2025-01-02T17:15:00+00:00","mainEntityOfPage":{"@id":"https:\/\/www.gaveanews.com\/index.php\/2025\/01\/02\/renato-mauricio-prado-nao-perdoa-e-manda-a-real-para-gabigol-do-cruzeiro\/"},"wordCount":370,"commentCount":0,"image":{"@id":"https:\/\/www.gaveanews.com\/index.php\/2025\/01\/02\/renato-mauricio-prado-nao-perdoa-e-manda-a-real-para-gabigol-do-cruzeiro\/#primaryimage"},"thumbnailUrl":"https:\/\/www.gaveanews.com\/wp-content\/uploads\/chrome_ahgxRKtAwc.webp","articleSection":["Cruzeiro"],"inLanguage":"pt-BR","potentialAction":[{"@type":"CommentAction","name":"Comment","target":["https:\/\/www.gaveanews.com\/index.php\/2025\/01\/02\/renato-mauricio-prado-nao-perdoa-e-manda-a-real-para-gabigol-do-cruzeiro\/#respond"]}],"copyrightYear":"2025","copyrightHolder":{"@id":"https:\/\/www.gaveanews.com\/#organization"}},{"@type":"WebPage","@id":"https:\/\/www.gaveanews.com\/index.php\/2025\/01\/02\/renato-mauricio-prado-nao-perdoa-e-manda-a-real-para-gabigol-do-cruzeiro\/","url":"https:\/\/www.gaveanews.com\/index.php\/2025\/01\/02\/renato-mauricio-prado-nao-perdoa-e-manda-a-real-para-gabigol-do-cruzeiro\/","name":"Renato Maur\u00edcio Prado n\u00e3o perdoa e manda a real para Gabigol, do Cruzeiro","isPartOf":{"@id":"https:\/\/www.gaveanews.com\/#website"},"primaryImageOfPage":{"@id":"https:\/\/www.gaveanews.com\/index.php\/2025\/01\/02\/renato-mauricio-prado-nao-perdoa-e-manda-a-real-para-gabigol-do-cruzeiro\/#primaryimage"},"image":{"@id":"https:\/\/www.gaveanews.com\/index.php\/2025\/01\/02\/renato-mauricio-prado-nao-perdoa-e-manda-a-real-para-gabigol-do-cruzeiro\/#primaryimage"},"thumbnailUrl":"https:\/\/www.gaveanews.com\/wp-content\/uploads\/chrome_ahgxRKtAwc.webp","datePublished":"2025-01-02T17:15:00+00:00","author":{"@id":"https:\/\/www.gaveanews.com\/#\/schema\/person\/0eb3e3fe1754f0205218538adbe8f5ed"},"breadcrumb":{"@id":"https:\/\/www.gaveanews.com\/index.php\/2025\/01\/02\/renato-mauricio-prado-nao-perdoa-e-manda-a-real-para-gabigol-do-cruzeiro\/#breadcrumb"},"inLanguage":"pt-BR","potentialAction":[{"@type":"ReadAction","target":["https:\/\/www.gaveanews.com\/index.php\/2025\/01\/02\/renato-mauricio-prado-nao-perdoa-e-manda-a-real-para-gabigol-do-cruzeiro\/"]}]},{"@type":"ImageObject","inLanguage":"pt-BR","@id":"https:\/\/www.gaveanews.com\/index.php\/2025\/01\/02\/renato-mauricio-prado-nao-perdoa-e-manda-a-real-para-gabigol-do-cruzeiro\/#primaryimage","url":"https:\/\/www.gaveanews.com\/wp-content\/uploads\/chrome_ahgxRKtAwc.webp","contentUrl":"https:\/\/www.gaveanews.com\/wp-content\/uploads\/chrome_ahgxRKtAwc.webp","width":1518,"height":961,"caption":"Gabigol no PodPah - (Foto: Reprodu\u00e7\u00e3o\/YouTube)"},{"@type":"BreadcrumbList","@id":"https:\/\/www.gaveanews.com\/index.php\/2025\/01\/02\/renato-mauricio-prado-nao-perdoa-e-manda-a-real-para-gabigol-do-cruzeiro\/#breadcrumb","itemListElement":[{"@type":"ListItem","position":1,"name":"Home","item":"https:\/\/www.gaveanews.com\/"},{"@type":"ListItem","position":2,"name":"Renato Maur\u00edcio Prado n\u00e3o perdoa e manda a real para Gabigol, do Cruzeiro"}]},{"@type":"WebSite","@id":"https:\/\/www.gaveanews.com\/#website","url":"https:\/\/www.gaveanews.com\/","name":"G\u00e1vea News","description":"Veja todas as not\u00edcias sobre o Flamengo: Contrata\u00e7\u00f5es, categorias de base, resultados das partidas, tabela de classifica\u00e7\u00e3o, pr\u00f3ximos jogos!","potentialAction":[{"@type":"SearchAction","target":{"@type":"EntryPoint","urlTemplate":"https:\/\/www.gaveanews.com\/?s={search_term_string}"},"query-input":{"@type":"PropertyValueSpecification","valueRequired":true,"valueName":"search_term_string"}}],"inLanguage":"pt-BR"},{"@type":"Person","@id":"https:\/\/www.gaveanews.com\/#\/schema\/person\/0eb3e3fe1754f0205218538adbe8f5ed","name":"Rafaela Ladeira","image":{"@type":"ImageObject","inLanguage":"pt-BR","@id":"https:\/\/www.gaveanews.com\/#\/schema\/person\/image\/","url":"https:\/\/secure.gravatar.com\/avatar\/c31f513acffd85eacab5730cbdfdbbf59f21ba5aeada8cd890acea879fbb2455?s=96&d=mm&r=g","contentUrl":"https:\/\/secure.gravatar.com\/avatar\/c31f513acffd85eacab5730cbdfdbbf59f21ba5aeada8cd890acea879fbb2455?s=96&d=mm&r=g","caption":"Rafaela Ladeira"}}]}},"_links":{"self":[{"href":"https:\/\/www.gaveanews.com\/index.php\/wp-json\/wp\/v2\/posts\/206395","targetHints":{"allow":["GET"]}}],"collection":[{"href":"https:\/\/www.gaveanews.com\/index.php\/wp-json\/wp\/v2\/posts"}],"about":[{"href":"https:\/\/www.gaveanews.com\/index.php\/wp-json\/wp\/v2\/types\/post"}],"author":[{"embeddable":true,"href":"https:\/\/www.gaveanews.com\/index.php\/wp-json\/wp\/v2\/users\/25"}],"replies":[{"embeddable":true,"href":"https:\/\/www.gaveanews.com\/index.php\/wp-json\/wp\/v2\/comments?post=206395"}],"version-history":[{"count":1,"href":"https:\/\/www.gaveanews.com\/index.php\/wp-json\/wp\/v2\/posts\/206395\/revisions"}],"predecessor-version":[{"id":206399,"href":"https:\/\/www.gaveanews.com\/index.php\/wp-json\/wp\/v2\/posts\/206395\/revisions\/206399"}],"wp:featuredmedia":[{"embeddable":true,"href":"https:\/\/www.gaveanews.com\/index.php\/wp-json\/wp\/v2\/media\/115744"}],"wp:attachment":[{"href":"https:\/\/www.gaveanews.com\/index.php\/wp-json\/wp\/v2\/media?parent=206395"}],"wp:term":[{"taxonomy":"category","embeddable":true,"href":"https:\/\/www.gaveanews.com\/index.php\/wp-json\/wp\/v2\/categories?post=206395"},{"taxonomy":"post_tag","embeddable":true,"href":"https:\/\/www.gaveanews.com\/index.php\/wp-json\/wp\/v2\/tags?post=206395"}],"curies":[{"name":"wp","href":"https:\/\/api.w.org\/{rel}","templated":true}]}}