{"id":206544,"date":"2025-01-03T00:25:36","date_gmt":"2025-01-03T03:25:36","guid":{"rendered":"https:\/\/www.gaveanews.com\/?p=206544"},"modified":"2025-01-02T21:16:49","modified_gmt":"2025-01-03T00:16:49","slug":"ex-atletico-mg-esta-de-volta-ao-brasil-e-vai-disputar-a-serie-a","status":"publish","type":"post","link":"https:\/\/www.gaveanews.com\/index.php\/2025\/01\/03\/ex-atletico-mg-esta-de-volta-ao-brasil-e-vai-disputar-a-serie-a\/","title":{"rendered":"Ex-Atl\u00e9tico-MG est\u00e1 de volta ao Brasil e vai disputar a S\u00e9rie A"},"content":{"rendered":"\n<p>O Fortaleza fez um grande movimento no mercado para a temporada de 2025 ao anunciar a contrata\u00e7\u00e3o do atacante colombiano Dylan Borrero. Com um contrato at\u00e9 o fim de 2028, com possibilidade de renova\u00e7\u00e3o por mais um ano, Borrero chega ao Le\u00e3o do Pici sem custos de aquisi\u00e7\u00e3o, o que representa uma negocia\u00e7\u00e3o vantajosa para o clube cearense. A expectativa \u00e9 de que o jovem atacante, de 22 anos, contribua de forma significativa no ataque do time, ajudando a equipe a se destacar na S\u00e9rie A do Campeonato Brasileiro.<\/p>\n\n\n\n<ul class=\"wp-block-list\">\n<li><a href=\"https:\/\/www.gaveanews.com\/index.php\/2024\/12\/30\/fortaleza-oficializa-emprestimo-para-2025\/\">Fortaleza oficializa empr\u00e9stimo para 2025<\/a><\/li>\n\n\n\n<li><a href=\"https:\/\/www.gaveanews.com\/index.php\/2024\/12\/19\/fortaleza-anuncia-reforco-para-2025\/\">Fortaleza anuncia refor\u00e7o para 2025<\/a><\/li>\n<\/ul>\n\n\n\n<h2 class=\"wp-block-heading\" id=\"h-de-destaque-no-brasil-para-nova-jornada-no-fortaleza\"><strong>De destaque no Brasil para nova jornada no Fortaleza<\/strong><\/h2>\n\n\n\n<p>Dylan Borrero iniciou sua trajet\u00f3ria profissional no Independiente Santa F\u00e9, da Col\u00f4mbia, clube que o revelou para o futebol. O bom desempenho no time colombiano atraiu a aten\u00e7\u00e3o de grandes clubes brasileiros, e, em 2020, o Atl\u00e9tico-MG contratou o atacante. No Galo, Borrero conquistou t\u00edtulos importantes, como o Campeonato Brasileiro, a Copa do Brasil e a Supercopa do Brasil, onde desempenhou um papel importante, se tornando um dos destaques da equipe.<\/p>\n\n\n\n<p>Durante sua passagem pelo Atl\u00e9tico-MG, o atacante mostrou suas qualidades, como velocidade, habilidade e uma boa leitura de jogo, caracter\u00edsticas que o ajudaram a ser integrado ao time titular. Al\u00e9m disso, ele tamb\u00e9m teve um papel relevante nos jogos de grande porte, o que lhe conferiu uma posi\u00e7\u00e3o de destaque no cen\u00e1rio nacional.<\/p>\n\n\n\n<h2 class=\"wp-block-heading\" id=\"h-experiencia-internacional-e-desafios-nos-estados-unidos\"><strong>Experi\u00eancia internacional e desafios nos Estados Unidos<\/strong><\/h2>\n\n\n\n<p>Ap\u00f3s sua passagem vitoriosa pelo Brasil, Borrero teve uma breve, mas importante, experi\u00eancia no futebol dos Estados Unidos. O colombiano foi transferido para o New England Revolution, da Major League Soccer (MLS), onde jogou por duas temporadas e meia. Durante esse per\u00edodo, disputou 38 partidas e marcou seis gols, al\u00e9m de fornecer tr\u00eas assist\u00eancias. <\/p>\n\n\n\n<p>Embora a experi\u00eancia no futebol americano tenha sido mais curta, ela foi importante para agregar \u00e0 sua bagagem internacional, proporcionando-lhe novas viv\u00eancias e desafios. Isso porque, apesar das diferen\u00e7as competitivas, o n\u00edvel de exig\u00eancia na MLS \u00e9 crescente, e Borrero teve a oportunidade de aprimorar ainda mais suas habilidades.<\/p>\n\n\n\n<h2 class=\"wp-block-heading\" id=\"h-fortaleza-aposta-no-potencial-de-borrero\"><strong>Fortaleza aposta no potencial de Borrero<\/strong><\/h2>\n\n\n\n<p>Com isso, o Fortaleza espera que Borrero traga sua experi\u00eancia e talento para o time, onde deve ser um dos principais respons\u00e1veis por fortalecer o ataque. O jovem atacante \u00e9 visto como uma pe\u00e7a importante no elenco tricolor, sendo capaz de gerar uma nova din\u00e2mica ofensiva. Dessa maneira, a expectativa \u00e9 de que, al\u00e9m de contribuir com gols e assist\u00eancias, Borrero ajude a equipe a manter um bom desempenho na S\u00e9rie A do Campeonato Brasileiro, com o objetivo de levar o Fortaleza a novos patamares.<\/p>\n\n\n\n<p>O movimento do Fortaleza ao contratar Dylan Borrero reflete sua ambi\u00e7\u00e3o para 2025, com foco na montagem de um elenco competitivo para as principais competi\u00e7\u00f5es nacionais. Sendo assim, o torcedor do Le\u00e3o do Pici pode esperar um refor\u00e7o de peso, que promete agregar qualidade e velocidade ao time na temporada que se aproxima.<\/p>\n","protected":false},"excerpt":{"rendered":"<p>O Fortaleza fez um grande movimento no mercado para a temporada de 2025 ao anunciar a contrata\u00e7\u00e3o do atacante colombiano Dylan Borrero. Com um contrato at\u00e9 o fim de 2028, com possibilidade de renova\u00e7\u00e3o por mais um ano, Borrero chega ao Le\u00e3o do Pici sem custos de aquisi\u00e7\u00e3o, o que representa uma negocia\u00e7\u00e3o vantajosa para [&hellip;]<\/p>\n","protected":false},"author":24,"featured_media":157061,"comment_status":"open","ping_status":"closed","sticky":false,"template":"","format":"standard","meta":{"footnotes":""},"categories":[136,146],"tags":[],"class_list":["post-206544","post","type-post","status-publish","format-standard","has-post-thumbnail","hentry","category-atletico-mg","category-fortaleza"],"yoast_head":"<!-- This site is optimized with the Yoast SEO Premium plugin v24.2 (Yoast SEO v26.9) - https:\/\/yoast.com\/product\/yoast-seo-premium-wordpress\/ -->\n<title>Ex-Atl\u00e9tico-MG est\u00e1 de volta ao Brasil e vai disputar a S\u00e9rie A<\/title>\n<meta name=\"robots\" content=\"index, follow, max-snippet:-1, max-image-preview:large, max-video-preview:-1\" \/>\n<link rel=\"canonical\" href=\"https:\/\/www.gaveanews.com\/index.php\/2025\/01\/03\/ex-atletico-mg-esta-de-volta-ao-brasil-e-vai-disputar-a-serie-a\/\" \/>\n<meta property=\"og:locale\" content=\"pt_BR\" \/>\n<meta property=\"og:type\" content=\"article\" \/>\n<meta property=\"og:title\" content=\"Ex-Atl\u00e9tico-MG est\u00e1 de volta ao Brasil e vai disputar a S\u00e9rie A\" \/>\n<meta property=\"og:description\" content=\"O Fortaleza fez um grande movimento no mercado para a temporada de 2025 ao anunciar a contrata\u00e7\u00e3o do atacante colombiano Dylan Borrero. Com um contrato at\u00e9 o fim de 2028, com possibilidade de renova\u00e7\u00e3o por mais um ano, Borrero chega ao Le\u00e3o do Pici sem custos de aquisi\u00e7\u00e3o, o que representa uma negocia\u00e7\u00e3o vantajosa para [&hellip;]\" \/>\n<meta property=\"og:url\" content=\"https:\/\/www.gaveanews.com\/index.php\/2025\/01\/03\/ex-atletico-mg-esta-de-volta-ao-brasil-e-vai-disputar-a-serie-a\/\" \/>\n<meta property=\"og:site_name\" content=\"G\u00e1vea News\" \/>\n<meta property=\"article:publisher\" content=\"https:\/\/facebook.com\/gaveaNews\/\" \/>\n<meta property=\"article:published_time\" content=\"2025-01-03T03:25:36+00:00\" \/>\n<meta property=\"og:image\" content=\"https:\/\/www.gaveanews.com\/wp-content\/uploads\/Camisa-do-Atletico-MG.webp\" \/>\n\t<meta property=\"og:image:width\" content=\"1080\" \/>\n\t<meta property=\"og:image:height\" content=\"720\" \/>\n\t<meta property=\"og:image:type\" content=\"image\/webp\" \/>\n<meta name=\"author\" content=\"Leandro Cardoso\" \/>\n<meta name=\"twitter:card\" content=\"summary_large_image\" \/>\n<meta name=\"twitter:label1\" content=\"Escrito por\" \/>\n\t<meta name=\"twitter:data1\" content=\"Leandro Cardoso\" \/>\n\t<meta name=\"twitter:label2\" content=\"Est. tempo de leitura\" \/>\n\t<meta name=\"twitter:data2\" content=\"3 minutos\" \/>\n<script type=\"application\/ld+json\" class=\"yoast-schema-graph\">{\"@context\":\"https:\/\/schema.org\",\"@graph\":[{\"@type\":\"NewsArticle\",\"@id\":\"https:\/\/www.gaveanews.com\/index.php\/2025\/01\/03\/ex-atletico-mg-esta-de-volta-ao-brasil-e-vai-disputar-a-serie-a\/#article\",\"isPartOf\":{\"@id\":\"https:\/\/www.gaveanews.com\/index.php\/2025\/01\/03\/ex-atletico-mg-esta-de-volta-ao-brasil-e-vai-disputar-a-serie-a\/\"},\"author\":{\"name\":\"Leandro Cardoso\",\"@id\":\"https:\/\/www.gaveanews.com\/#\/schema\/person\/2424ec6409bc3f068411fc5e4e9b6168\"},\"headline\":\"Ex-Atl\u00e9tico-MG est\u00e1 de volta ao Brasil e vai disputar a S\u00e9rie A\",\"datePublished\":\"2025-01-03T03:25:36+00:00\",\"mainEntityOfPage\":{\"@id\":\"https:\/\/www.gaveanews.com\/index.php\/2025\/01\/03\/ex-atletico-mg-esta-de-volta-ao-brasil-e-vai-disputar-a-serie-a\/\"},\"wordCount\":529,\"commentCount\":0,\"image\":{\"@id\":\"https:\/\/www.gaveanews.com\/index.php\/2025\/01\/03\/ex-atletico-mg-esta-de-volta-ao-brasil-e-vai-disputar-a-serie-a\/#primaryimage\"},\"thumbnailUrl\":\"https:\/\/www.gaveanews.com\/wp-content\/uploads\/Camisa-do-Atletico-MG.webp\",\"articleSection\":[\"Atl\u00e9tico-MG\",\"Fortaleza\"],\"inLanguage\":\"pt-BR\",\"potentialAction\":[{\"@type\":\"CommentAction\",\"name\":\"Comment\",\"target\":[\"https:\/\/www.gaveanews.com\/index.php\/2025\/01\/03\/ex-atletico-mg-esta-de-volta-ao-brasil-e-vai-disputar-a-serie-a\/#respond\"]}],\"copyrightYear\":\"2025\",\"copyrightHolder\":{\"@id\":\"https:\/\/www.gaveanews.com\/#organization\"}},{\"@type\":\"WebPage\",\"@id\":\"https:\/\/www.gaveanews.com\/index.php\/2025\/01\/03\/ex-atletico-mg-esta-de-volta-ao-brasil-e-vai-disputar-a-serie-a\/\",\"url\":\"https:\/\/www.gaveanews.com\/index.php\/2025\/01\/03\/ex-atletico-mg-esta-de-volta-ao-brasil-e-vai-disputar-a-serie-a\/\",\"name\":\"Ex-Atl\u00e9tico-MG est\u00e1 de volta ao Brasil e vai disputar a S\u00e9rie A\",\"isPartOf\":{\"@id\":\"https:\/\/www.gaveanews.com\/#website\"},\"primaryImageOfPage\":{\"@id\":\"https:\/\/www.gaveanews.com\/index.php\/2025\/01\/03\/ex-atletico-mg-esta-de-volta-ao-brasil-e-vai-disputar-a-serie-a\/#primaryimage\"},\"image\":{\"@id\":\"https:\/\/www.gaveanews.com\/index.php\/2025\/01\/03\/ex-atletico-mg-esta-de-volta-ao-brasil-e-vai-disputar-a-serie-a\/#primaryimage\"},\"thumbnailUrl\":\"https:\/\/www.gaveanews.com\/wp-content\/uploads\/Camisa-do-Atletico-MG.webp\",\"datePublished\":\"2025-01-03T03:25:36+00:00\",\"author\":{\"@id\":\"https:\/\/www.gaveanews.com\/#\/schema\/person\/2424ec6409bc3f068411fc5e4e9b6168\"},\"breadcrumb\":{\"@id\":\"https:\/\/www.gaveanews.com\/index.php\/2025\/01\/03\/ex-atletico-mg-esta-de-volta-ao-brasil-e-vai-disputar-a-serie-a\/#breadcrumb\"},\"inLanguage\":\"pt-BR\",\"potentialAction\":[{\"@type\":\"ReadAction\",\"target\":[\"https:\/\/www.gaveanews.com\/index.php\/2025\/01\/03\/ex-atletico-mg-esta-de-volta-ao-brasil-e-vai-disputar-a-serie-a\/\"]}]},{\"@type\":\"ImageObject\",\"inLanguage\":\"pt-BR\",\"@id\":\"https:\/\/www.gaveanews.com\/index.php\/2025\/01\/03\/ex-atletico-mg-esta-de-volta-ao-brasil-e-vai-disputar-a-serie-a\/#primaryimage\",\"url\":\"https:\/\/www.gaveanews.com\/wp-content\/uploads\/Camisa-do-Atletico-MG.webp\",\"contentUrl\":\"https:\/\/www.gaveanews.com\/wp-content\/uploads\/Camisa-do-Atletico-MG.webp\",\"width\":1080,\"height\":720,\"caption\":\"Camisa do Atl\u00e9tico-MG (Foto: Reprodu\u00e7\u00e3o\/Instagram)\"},{\"@type\":\"BreadcrumbList\",\"@id\":\"https:\/\/www.gaveanews.com\/index.php\/2025\/01\/03\/ex-atletico-mg-esta-de-volta-ao-brasil-e-vai-disputar-a-serie-a\/#breadcrumb\",\"itemListElement\":[{\"@type\":\"ListItem\",\"position\":1,\"name\":\"Home\",\"item\":\"https:\/\/www.gaveanews.com\/\"},{\"@type\":\"ListItem\",\"position\":2,\"name\":\"Ex-Atl\u00e9tico-MG est\u00e1 de volta ao Brasil e vai disputar a S\u00e9rie A\"}]},{\"@type\":\"WebSite\",\"@id\":\"https:\/\/www.gaveanews.com\/#website\",\"url\":\"https:\/\/www.gaveanews.com\/\",\"name\":\"G\u00e1vea News\",\"description\":\"Veja todas as not\u00edcias sobre o Flamengo: Contrata\u00e7\u00f5es, categorias de base, resultados das partidas, tabela de classifica\u00e7\u00e3o, pr\u00f3ximos jogos!\",\"potentialAction\":[{\"@type\":\"SearchAction\",\"target\":{\"@type\":\"EntryPoint\",\"urlTemplate\":\"https:\/\/www.gaveanews.com\/?s={search_term_string}\"},\"query-input\":{\"@type\":\"PropertyValueSpecification\",\"valueRequired\":true,\"valueName\":\"search_term_string\"}}],\"inLanguage\":\"pt-BR\"},{\"@type\":\"Person\",\"@id\":\"https:\/\/www.gaveanews.com\/#\/schema\/person\/2424ec6409bc3f068411fc5e4e9b6168\",\"name\":\"Leandro Cardoso\",\"image\":{\"@type\":\"ImageObject\",\"inLanguage\":\"pt-BR\",\"@id\":\"https:\/\/www.gaveanews.com\/#\/schema\/person\/image\/\",\"url\":\"https:\/\/secure.gravatar.com\/avatar\/8ca179f9b55eefe9f376f5493ef25475bfa59fbc28ce937f6076ce20e523098f?s=96&d=mm&r=g\",\"contentUrl\":\"https:\/\/secure.gravatar.com\/avatar\/8ca179f9b55eefe9f376f5493ef25475bfa59fbc28ce937f6076ce20e523098f?s=96&d=mm&r=g\",\"caption\":\"Leandro Cardoso\"}}]}<\/script>\n<!-- \/ Yoast SEO Premium plugin. -->","yoast_head_json":{"title":"Ex-Atl\u00e9tico-MG est\u00e1 de volta ao Brasil e vai disputar a S\u00e9rie A","robots":{"index":"index","follow":"follow","max-snippet":"max-snippet:-1","max-image-preview":"max-image-preview:large","max-video-preview":"max-video-preview:-1"},"canonical":"https:\/\/www.gaveanews.com\/index.php\/2025\/01\/03\/ex-atletico-mg-esta-de-volta-ao-brasil-e-vai-disputar-a-serie-a\/","og_locale":"pt_BR","og_type":"article","og_title":"Ex-Atl\u00e9tico-MG est\u00e1 de volta ao Brasil e vai disputar a S\u00e9rie A","og_description":"O Fortaleza fez um grande movimento no mercado para a temporada de 2025 ao anunciar a contrata\u00e7\u00e3o do atacante colombiano Dylan Borrero. Com um contrato at\u00e9 o fim de 2028, com possibilidade de renova\u00e7\u00e3o por mais um ano, Borrero chega ao Le\u00e3o do Pici sem custos de aquisi\u00e7\u00e3o, o que representa uma negocia\u00e7\u00e3o vantajosa para [&hellip;]","og_url":"https:\/\/www.gaveanews.com\/index.php\/2025\/01\/03\/ex-atletico-mg-esta-de-volta-ao-brasil-e-vai-disputar-a-serie-a\/","og_site_name":"G\u00e1vea News","article_publisher":"https:\/\/facebook.com\/gaveaNews\/","article_published_time":"2025-01-03T03:25:36+00:00","og_image":[{"width":1080,"height":720,"url":"https:\/\/www.gaveanews.com\/wp-content\/uploads\/Camisa-do-Atletico-MG.webp","type":"image\/webp"}],"author":"Leandro Cardoso","twitter_card":"summary_large_image","twitter_misc":{"Escrito por":"Leandro Cardoso","Est. tempo de leitura":"3 minutos"},"schema":{"@context":"https:\/\/schema.org","@graph":[{"@type":"NewsArticle","@id":"https:\/\/www.gaveanews.com\/index.php\/2025\/01\/03\/ex-atletico-mg-esta-de-volta-ao-brasil-e-vai-disputar-a-serie-a\/#article","isPartOf":{"@id":"https:\/\/www.gaveanews.com\/index.php\/2025\/01\/03\/ex-atletico-mg-esta-de-volta-ao-brasil-e-vai-disputar-a-serie-a\/"},"author":{"name":"Leandro Cardoso","@id":"https:\/\/www.gaveanews.com\/#\/schema\/person\/2424ec6409bc3f068411fc5e4e9b6168"},"headline":"Ex-Atl\u00e9tico-MG est\u00e1 de volta ao Brasil e vai disputar a S\u00e9rie A","datePublished":"2025-01-03T03:25:36+00:00","mainEntityOfPage":{"@id":"https:\/\/www.gaveanews.com\/index.php\/2025\/01\/03\/ex-atletico-mg-esta-de-volta-ao-brasil-e-vai-disputar-a-serie-a\/"},"wordCount":529,"commentCount":0,"image":{"@id":"https:\/\/www.gaveanews.com\/index.php\/2025\/01\/03\/ex-atletico-mg-esta-de-volta-ao-brasil-e-vai-disputar-a-serie-a\/#primaryimage"},"thumbnailUrl":"https:\/\/www.gaveanews.com\/wp-content\/uploads\/Camisa-do-Atletico-MG.webp","articleSection":["Atl\u00e9tico-MG","Fortaleza"],"inLanguage":"pt-BR","potentialAction":[{"@type":"CommentAction","name":"Comment","target":["https:\/\/www.gaveanews.com\/index.php\/2025\/01\/03\/ex-atletico-mg-esta-de-volta-ao-brasil-e-vai-disputar-a-serie-a\/#respond"]}],"copyrightYear":"2025","copyrightHolder":{"@id":"https:\/\/www.gaveanews.com\/#organization"}},{"@type":"WebPage","@id":"https:\/\/www.gaveanews.com\/index.php\/2025\/01\/03\/ex-atletico-mg-esta-de-volta-ao-brasil-e-vai-disputar-a-serie-a\/","url":"https:\/\/www.gaveanews.com\/index.php\/2025\/01\/03\/ex-atletico-mg-esta-de-volta-ao-brasil-e-vai-disputar-a-serie-a\/","name":"Ex-Atl\u00e9tico-MG est\u00e1 de volta ao Brasil e vai disputar a S\u00e9rie A","isPartOf":{"@id":"https:\/\/www.gaveanews.com\/#website"},"primaryImageOfPage":{"@id":"https:\/\/www.gaveanews.com\/index.php\/2025\/01\/03\/ex-atletico-mg-esta-de-volta-ao-brasil-e-vai-disputar-a-serie-a\/#primaryimage"},"image":{"@id":"https:\/\/www.gaveanews.com\/index.php\/2025\/01\/03\/ex-atletico-mg-esta-de-volta-ao-brasil-e-vai-disputar-a-serie-a\/#primaryimage"},"thumbnailUrl":"https:\/\/www.gaveanews.com\/wp-content\/uploads\/Camisa-do-Atletico-MG.webp","datePublished":"2025-01-03T03:25:36+00:00","author":{"@id":"https:\/\/www.gaveanews.com\/#\/schema\/person\/2424ec6409bc3f068411fc5e4e9b6168"},"breadcrumb":{"@id":"https:\/\/www.gaveanews.com\/index.php\/2025\/01\/03\/ex-atletico-mg-esta-de-volta-ao-brasil-e-vai-disputar-a-serie-a\/#breadcrumb"},"inLanguage":"pt-BR","potentialAction":[{"@type":"ReadAction","target":["https:\/\/www.gaveanews.com\/index.php\/2025\/01\/03\/ex-atletico-mg-esta-de-volta-ao-brasil-e-vai-disputar-a-serie-a\/"]}]},{"@type":"ImageObject","inLanguage":"pt-BR","@id":"https:\/\/www.gaveanews.com\/index.php\/2025\/01\/03\/ex-atletico-mg-esta-de-volta-ao-brasil-e-vai-disputar-a-serie-a\/#primaryimage","url":"https:\/\/www.gaveanews.com\/wp-content\/uploads\/Camisa-do-Atletico-MG.webp","contentUrl":"https:\/\/www.gaveanews.com\/wp-content\/uploads\/Camisa-do-Atletico-MG.webp","width":1080,"height":720,"caption":"Camisa do Atl\u00e9tico-MG (Foto: Reprodu\u00e7\u00e3o\/Instagram)"},{"@type":"BreadcrumbList","@id":"https:\/\/www.gaveanews.com\/index.php\/2025\/01\/03\/ex-atletico-mg-esta-de-volta-ao-brasil-e-vai-disputar-a-serie-a\/#breadcrumb","itemListElement":[{"@type":"ListItem","position":1,"name":"Home","item":"https:\/\/www.gaveanews.com\/"},{"@type":"ListItem","position":2,"name":"Ex-Atl\u00e9tico-MG est\u00e1 de volta ao Brasil e vai disputar a S\u00e9rie A"}]},{"@type":"WebSite","@id":"https:\/\/www.gaveanews.com\/#website","url":"https:\/\/www.gaveanews.com\/","name":"G\u00e1vea News","description":"Veja todas as not\u00edcias sobre o Flamengo: Contrata\u00e7\u00f5es, categorias de base, resultados das partidas, tabela de classifica\u00e7\u00e3o, pr\u00f3ximos jogos!","potentialAction":[{"@type":"SearchAction","target":{"@type":"EntryPoint","urlTemplate":"https:\/\/www.gaveanews.com\/?s={search_term_string}"},"query-input":{"@type":"PropertyValueSpecification","valueRequired":true,"valueName":"search_term_string"}}],"inLanguage":"pt-BR"},{"@type":"Person","@id":"https:\/\/www.gaveanews.com\/#\/schema\/person\/2424ec6409bc3f068411fc5e4e9b6168","name":"Leandro Cardoso","image":{"@type":"ImageObject","inLanguage":"pt-BR","@id":"https:\/\/www.gaveanews.com\/#\/schema\/person\/image\/","url":"https:\/\/secure.gravatar.com\/avatar\/8ca179f9b55eefe9f376f5493ef25475bfa59fbc28ce937f6076ce20e523098f?s=96&d=mm&r=g","contentUrl":"https:\/\/secure.gravatar.com\/avatar\/8ca179f9b55eefe9f376f5493ef25475bfa59fbc28ce937f6076ce20e523098f?s=96&d=mm&r=g","caption":"Leandro Cardoso"}}]}},"_links":{"self":[{"href":"https:\/\/www.gaveanews.com\/index.php\/wp-json\/wp\/v2\/posts\/206544","targetHints":{"allow":["GET"]}}],"collection":[{"href":"https:\/\/www.gaveanews.com\/index.php\/wp-json\/wp\/v2\/posts"}],"about":[{"href":"https:\/\/www.gaveanews.com\/index.php\/wp-json\/wp\/v2\/types\/post"}],"author":[{"embeddable":true,"href":"https:\/\/www.gaveanews.com\/index.php\/wp-json\/wp\/v2\/users\/24"}],"replies":[{"embeddable":true,"href":"https:\/\/www.gaveanews.com\/index.php\/wp-json\/wp\/v2\/comments?post=206544"}],"version-history":[{"count":1,"href":"https:\/\/www.gaveanews.com\/index.php\/wp-json\/wp\/v2\/posts\/206544\/revisions"}],"predecessor-version":[{"id":206580,"href":"https:\/\/www.gaveanews.com\/index.php\/wp-json\/wp\/v2\/posts\/206544\/revisions\/206580"}],"wp:featuredmedia":[{"embeddable":true,"href":"https:\/\/www.gaveanews.com\/index.php\/wp-json\/wp\/v2\/media\/157061"}],"wp:attachment":[{"href":"https:\/\/www.gaveanews.com\/index.php\/wp-json\/wp\/v2\/media?parent=206544"}],"wp:term":[{"taxonomy":"category","embeddable":true,"href":"https:\/\/www.gaveanews.com\/index.php\/wp-json\/wp\/v2\/categories?post=206544"},{"taxonomy":"post_tag","embeddable":true,"href":"https:\/\/www.gaveanews.com\/index.php\/wp-json\/wp\/v2\/tags?post=206544"}],"curies":[{"name":"wp","href":"https:\/\/api.w.org\/{rel}","templated":true}]}}