{"id":206547,"date":"2025-01-02T17:10:00","date_gmt":"2025-01-02T20:10:00","guid":{"rendered":"https:\/\/www.gaveanews.com\/?p=206547"},"modified":"2025-01-02T17:09:26","modified_gmt":"2025-01-02T20:09:26","slug":"mira-do-internacional-tecnico-favorito-e-declaracao-de-fernanda-maia-as-ultimas-noticias-do-botafogo","status":"publish","type":"post","link":"https:\/\/www.gaveanews.com\/index.php\/2025\/01\/02\/mira-do-internacional-tecnico-favorito-e-declaracao-de-fernanda-maia-as-ultimas-noticias-do-botafogo\/","title":{"rendered":"Mira do Internacional, t\u00e9cnico favorito e declara\u00e7\u00e3o de Fernanda Maia: as \u00faltimas not\u00edcias do Botafogo"},"content":{"rendered":"\n<p>Nas \u00faltimas horas, o foco das not\u00edcias sobre o Botafogo se concentram nos bastidores do clube, com destaques do dia a dia do time.<\/p>\n\n\n\n<p>Por conta deste contexto, leia abaixo um resumo preparado pela equipe do portal G\u00e1vea News para lhe manter muito bem informado!<\/p>\n\n\n\n<h2 class=\"wp-block-heading\" id=\"h-declaracao-de-fernanda-maia\">Declara\u00e7\u00e3o de Fernanda Maia<\/h2>\n\n\n\n<p>O t\u00e9cnico portugu\u00eas Artur Jorge encerra sua passagem pelo Botafogo deixando uma marca hist\u00f3rica no clube. Sob seu comando, o time carioca alcan\u00e7ou sua maior temporada, conquistando a Libertadores e o Campeonato Brasileiro em 2024. Artur conseguiu extrair o melhor do elenco e transformou o Botafogo em uma das principais pot\u00eancias do futebol nacional.<\/p>\n\n\n\n<figure class=\"wp-block-image size-full\"><img loading=\"lazy\" decoding=\"async\" width=\"795\" height=\"448\" src=\"https:\/\/www.gaveanews.com\/wp-content\/uploads\/artur-jorge-coletiva.webp\" alt=\"\" class=\"wp-image-149047\" srcset=\"https:\/\/www.gaveanews.com\/wp-content\/uploads\/artur-jorge-coletiva.webp 795w, https:\/\/www.gaveanews.com\/wp-content\/uploads\/artur-jorge-coletiva-300x169.webp 300w, https:\/\/www.gaveanews.com\/wp-content\/uploads\/artur-jorge-coletiva-768x433.webp 768w, https:\/\/www.gaveanews.com\/wp-content\/uploads\/artur-jorge-coletiva-745x420.webp 745w, https:\/\/www.gaveanews.com\/wp-content\/uploads\/artur-jorge-coletiva-640x361.webp 640w, https:\/\/www.gaveanews.com\/wp-content\/uploads\/artur-jorge-coletiva-681x384.webp 681w, https:\/\/www.gaveanews.com\/wp-content\/uploads\/artur-jorge-coletiva-100x56.webp 100w\" sizes=\"auto, (max-width: 795px) 100vw, 795px\" \/><figcaption class=\"wp-element-caption\">Foto: Reprodu\u00e7\u00e3o<\/figcaption><\/figure>\n\n\n\n<p>Apesar do sucesso, Artur Jorge n\u00e3o chegou a um acordo para renovar seu contrato e seguir\u00e1 sua carreira no Al-Rayyan, do Catar. <\/p>\n\n\n\n<p>A torcedora e apresentadora Fernanda Maia destacou o legado deixado pelo treinador, enaltecendo sua postura educada, o bom relacionamento com os funcion\u00e1rios e o impacto positivo na trajet\u00f3ria do clube. Segundo ela, a hist\u00f3ria constru\u00edda por Artur ser\u00e1 lembrada pela torcida e pelos t\u00edtulos conquistados.<\/p>\n\n\n\n<p>Durante seu comando, Artur liderou o Botafogo em 55 partidas, acumulando 31 vit\u00f3rias, 15 empates e apenas nove derrotas. Al\u00e9m disso, foi pe\u00e7a central na organiza\u00e7\u00e3o que envolveu jogadores, comiss\u00e3o t\u00e9cnica e a torcida para conquistar feitos in\u00e9ditos. Mesmo com a despedida, sua passagem ser\u00e1 eternizada como um marco para o clube carioca.<\/p>\n\n\n\n<h2 class=\"wp-block-heading\" id=\"h-tecnico-favorito\">T\u00e9cnico favorito<\/h2>\n\n\n\n<p>O Botafogo busca um novo t\u00e9cnico para substituir Artur Jorge, que negocia sua ida ao Al-Rayyan, do Catar. Segundo o jornalista Paulo Vinicius Coelho (PVC), o favorito da diretoria \u00e9 Andr\u00e9 Jardine, atualmente no comando do Am\u00e9rica, do M\u00e9xico. Jardine possui grande experi\u00eancia, incluindo seis t\u00edtulos conquistados na Liga MX e passagens de destaque pelas categorias de base de grandes clubes brasileiros, al\u00e9m de comandar a sele\u00e7\u00e3o ol\u00edmpica na conquista do ouro em T\u00f3quio 2021.<\/p>\n\n\n\n<figure class=\"wp-block-image size-full\"><img loading=\"lazy\" decoding=\"async\" width=\"930\" height=\"545\" src=\"https:\/\/www.gaveanews.com\/wp-content\/uploads\/Prancheta-de-um-tecnico.webp\" alt=\"\" class=\"wp-image-160577\" srcset=\"https:\/\/www.gaveanews.com\/wp-content\/uploads\/Prancheta-de-um-tecnico.webp 930w, https:\/\/www.gaveanews.com\/wp-content\/uploads\/Prancheta-de-um-tecnico-300x176.webp 300w, https:\/\/www.gaveanews.com\/wp-content\/uploads\/Prancheta-de-um-tecnico-768x450.webp 768w, https:\/\/www.gaveanews.com\/wp-content\/uploads\/Prancheta-de-um-tecnico-717x420.webp 717w, https:\/\/www.gaveanews.com\/wp-content\/uploads\/Prancheta-de-um-tecnico-640x375.webp 640w, https:\/\/www.gaveanews.com\/wp-content\/uploads\/Prancheta-de-um-tecnico-681x400.webp 681w, https:\/\/www.gaveanews.com\/wp-content\/uploads\/Prancheta-de-um-tecnico-100x59.webp 100w\" sizes=\"auto, (max-width: 930px) 100vw, 930px\" \/><\/figure>\n\n\n\n<p>John Textor, dono da SAF do Botafogo, tamb\u00e9m teria considerado S\u00e9rgio Concei\u00e7\u00e3o para o cargo, mas o t\u00e9cnico acertou com o Milan, descartando essa possibilidade. A diretoria do Botafogo tem adotado discri\u00e7\u00e3o em suas negocia\u00e7\u00f5es para evitar especula\u00e7\u00f5es e garantir sucesso nos processos. Desde abril de 2024, Artur Jorge vinha liderando o time, conquistando a Libertadores e o Brasileir\u00e3o, mas optou por encerrar seu ciclo no clube.<\/p>\n\n\n\n<p>O Botafogo, agora, foca em alinhar suas metas para 2025 com um novo t\u00e9cnico que mantenha o clube competitivo em alto n\u00edvel. Andr\u00e9 Jardine desponta como a escolha ideal para continuar o projeto vitorioso. O contexto refor\u00e7a a postura do clube de buscar nomes experientes e com hist\u00f3rico de sucesso para liderar a equipe na pr\u00f3xima temporada.<\/p>\n\n\n\n<h2 class=\"wp-block-heading\" id=\"h-mira-do-internacional\">Mira do Internacional<\/h2>\n\n\n\n<p>O Internacional est\u00e1 avaliando a poss\u00edvel contrata\u00e7\u00e3o de \u00d3scar Romero, meio-campista paraguaio que foi campe\u00e3o da Libertadores pelo Botafogo. Romero est\u00e1 sem contrato ap\u00f3s ser liberado pelo clube carioca devido ao baixo desempenho e quest\u00f5es disciplinares, e foi oferecido ao time colorado. Apesar de ter sido contratado pelo Botafogo em mar\u00e7o para refor\u00e7ar o meio de campo, Romero n\u00e3o correspondeu \u00e0s expectativas, atuando como reserva e marcando apenas um gol em 27 partidas.<\/p>\n\n\n\n<figure class=\"wp-block-image size-large\"><img loading=\"lazy\" decoding=\"async\" width=\"1024\" height=\"640\" src=\"https:\/\/www.gaveanews.com\/wp-content\/uploads\/Escudo-do-Internacional-1024x640.webp\" alt=\"\" class=\"wp-image-173600\" srcset=\"https:\/\/www.gaveanews.com\/wp-content\/uploads\/Escudo-do-Internacional-1024x640.webp 1024w, https:\/\/www.gaveanews.com\/wp-content\/uploads\/Escudo-do-Internacional-300x188.webp 300w, https:\/\/www.gaveanews.com\/wp-content\/uploads\/Escudo-do-Internacional-768x480.webp 768w, https:\/\/www.gaveanews.com\/wp-content\/uploads\/Escudo-do-Internacional-1536x960.webp 1536w, https:\/\/www.gaveanews.com\/wp-content\/uploads\/Escudo-do-Internacional-672x420.webp 672w, https:\/\/www.gaveanews.com\/wp-content\/uploads\/Escudo-do-Internacional-1344x840.webp 1344w, https:\/\/www.gaveanews.com\/wp-content\/uploads\/Escudo-do-Internacional-640x400.webp 640w, https:\/\/www.gaveanews.com\/wp-content\/uploads\/Escudo-do-Internacional-1280x800.webp 1280w, https:\/\/www.gaveanews.com\/wp-content\/uploads\/Escudo-do-Internacional-681x426.webp 681w, https:\/\/www.gaveanews.com\/wp-content\/uploads\/Escudo-do-Internacional-1362x851.webp 1362w, https:\/\/www.gaveanews.com\/wp-content\/uploads\/Escudo-do-Internacional-100x63.webp 100w, https:\/\/www.gaveanews.com\/wp-content\/uploads\/Escudo-do-Internacional.webp 1728w\" sizes=\"auto, (max-width: 1024px) 100vw, 1024px\" \/><figcaption class=\"wp-element-caption\">Escudo do Internacional (Foto: Reprodu\u00e7\u00e3o)<\/figcaption><\/figure>\n\n\n\n<p>Para a temporada de 2025, o Internacional, comandado por Roger Machado, se prepara para disputar a Libertadores e busca refor\u00e7os, mas ainda n\u00e3o oficializou nenhuma nova contrata\u00e7\u00e3o. Enquanto isso, o clube pode sofrer baixas significativas: Gabriel Carvalho \u00e9 sondado pelo Al-Qadisiyah, da Ar\u00e1bia Saudita, por uma quantia consider\u00e1vel, enquanto Hyoran, com pouco espa\u00e7o no elenco, aguarda propostas. No setor defensivo, Vit\u00e3o despertou o interesse do Napoli, que planeja oferecer 7 milh\u00f5es de euros pelo zagueiro.<\/p>\n\n\n\n<p>A movimenta\u00e7\u00e3o no mercado reflete o objetivo do Internacional em equilibrar refor\u00e7os e sa\u00eddas para montar um elenco competitivo. O planejamento busca consolidar o time para as disputas do pr\u00f3ximo ano, com um foco especial na Libertadores, enquanto avalia cuidadosamente as oportunidades que surgem, como a poss\u00edvel contrata\u00e7\u00e3o de Romero e as negocia\u00e7\u00f5es envolvendo atletas do atual elenco.<\/p>\n","protected":false},"excerpt":{"rendered":"<p>Nas \u00faltimas horas, o foco das not\u00edcias sobre o Botafogo se concentram nos bastidores do clube, com destaques do dia a dia do time. Por conta deste contexto, leia abaixo um resumo preparado pela equipe do portal G\u00e1vea News para lhe manter muito bem informado! Declara\u00e7\u00e3o de Fernanda Maia O t\u00e9cnico portugu\u00eas Artur Jorge encerra [&hellip;]<\/p>\n","protected":false},"author":27,"featured_media":182060,"comment_status":"open","ping_status":"closed","sticky":false,"template":"","format":"standard","meta":{"footnotes":""},"categories":[138],"tags":[],"class_list":["post-206547","post","type-post","status-publish","format-standard","has-post-thumbnail","hentry","category-botafogo"],"yoast_head":"<!-- This site is optimized with the Yoast SEO Premium plugin v24.2 (Yoast SEO v26.9) - https:\/\/yoast.com\/product\/yoast-seo-premium-wordpress\/ -->\n<title>Mira do Internacional, t\u00e9cnico favorito e declara\u00e7\u00e3o de Fernanda Maia: as \u00faltimas not\u00edcias do Botafogo<\/title>\n<meta name=\"robots\" content=\"index, follow, max-snippet:-1, max-image-preview:large, max-video-preview:-1\" \/>\n<link rel=\"canonical\" href=\"https:\/\/www.gaveanews.com\/index.php\/2025\/01\/02\/mira-do-internacional-tecnico-favorito-e-declaracao-de-fernanda-maia-as-ultimas-noticias-do-botafogo\/\" \/>\n<meta property=\"og:locale\" content=\"pt_BR\" \/>\n<meta property=\"og:type\" content=\"article\" \/>\n<meta property=\"og:title\" content=\"Mira do Internacional, t\u00e9cnico favorito e declara\u00e7\u00e3o de Fernanda Maia: as \u00faltimas not\u00edcias do Botafogo\" \/>\n<meta property=\"og:description\" content=\"Nas \u00faltimas horas, o foco das not\u00edcias sobre o Botafogo se concentram nos bastidores do clube, com destaques do dia a dia do time. Por conta deste contexto, leia abaixo um resumo preparado pela equipe do portal G\u00e1vea News para lhe manter muito bem informado! Declara\u00e7\u00e3o de Fernanda Maia O t\u00e9cnico portugu\u00eas Artur Jorge encerra [&hellip;]\" \/>\n<meta property=\"og:url\" content=\"https:\/\/www.gaveanews.com\/index.php\/2025\/01\/02\/mira-do-internacional-tecnico-favorito-e-declaracao-de-fernanda-maia-as-ultimas-noticias-do-botafogo\/\" \/>\n<meta property=\"og:site_name\" content=\"G\u00e1vea News\" \/>\n<meta property=\"article:publisher\" content=\"https:\/\/facebook.com\/gaveaNews\/\" \/>\n<meta property=\"article:published_time\" content=\"2025-01-02T20:10:00+00:00\" \/>\n<meta property=\"og:image\" content=\"https:\/\/www.gaveanews.com\/wp-content\/uploads\/Escudo-do-Botafogo-1.webp\" \/>\n\t<meta property=\"og:image:width\" content=\"787\" \/>\n\t<meta property=\"og:image:height\" content=\"525\" \/>\n\t<meta property=\"og:image:type\" content=\"image\/webp\" \/>\n<meta name=\"author\" content=\"Matheus Felipe\" \/>\n<meta name=\"twitter:card\" content=\"summary_large_image\" \/>\n<meta name=\"twitter:label1\" content=\"Escrito por\" \/>\n\t<meta name=\"twitter:data1\" content=\"Matheus Felipe\" \/>\n\t<meta name=\"twitter:label2\" content=\"Est. tempo de leitura\" \/>\n\t<meta name=\"twitter:data2\" content=\"5 minutos\" \/>\n<script type=\"application\/ld+json\" class=\"yoast-schema-graph\">{\"@context\":\"https:\/\/schema.org\",\"@graph\":[{\"@type\":\"NewsArticle\",\"@id\":\"https:\/\/www.gaveanews.com\/index.php\/2025\/01\/02\/mira-do-internacional-tecnico-favorito-e-declaracao-de-fernanda-maia-as-ultimas-noticias-do-botafogo\/#article\",\"isPartOf\":{\"@id\":\"https:\/\/www.gaveanews.com\/index.php\/2025\/01\/02\/mira-do-internacional-tecnico-favorito-e-declaracao-de-fernanda-maia-as-ultimas-noticias-do-botafogo\/\"},\"author\":{\"name\":\"Matheus Felipe\",\"@id\":\"https:\/\/www.gaveanews.com\/#\/schema\/person\/8207cd4627f56151707418bfc835b2fb\"},\"headline\":\"Mira do Internacional, t\u00e9cnico favorito e declara\u00e7\u00e3o de Fernanda Maia: as \u00faltimas not\u00edcias do Botafogo\",\"datePublished\":\"2025-01-02T20:10:00+00:00\",\"mainEntityOfPage\":{\"@id\":\"https:\/\/www.gaveanews.com\/index.php\/2025\/01\/02\/mira-do-internacional-tecnico-favorito-e-declaracao-de-fernanda-maia-as-ultimas-noticias-do-botafogo\/\"},\"wordCount\":715,\"commentCount\":0,\"image\":{\"@id\":\"https:\/\/www.gaveanews.com\/index.php\/2025\/01\/02\/mira-do-internacional-tecnico-favorito-e-declaracao-de-fernanda-maia-as-ultimas-noticias-do-botafogo\/#primaryimage\"},\"thumbnailUrl\":\"https:\/\/www.gaveanews.com\/wp-content\/uploads\/Escudo-do-Botafogo-1.webp\",\"articleSection\":[\"Botafogo\"],\"inLanguage\":\"pt-BR\",\"potentialAction\":[{\"@type\":\"CommentAction\",\"name\":\"Comment\",\"target\":[\"https:\/\/www.gaveanews.com\/index.php\/2025\/01\/02\/mira-do-internacional-tecnico-favorito-e-declaracao-de-fernanda-maia-as-ultimas-noticias-do-botafogo\/#respond\"]}],\"copyrightYear\":\"2025\",\"copyrightHolder\":{\"@id\":\"https:\/\/www.gaveanews.com\/#organization\"}},{\"@type\":\"WebPage\",\"@id\":\"https:\/\/www.gaveanews.com\/index.php\/2025\/01\/02\/mira-do-internacional-tecnico-favorito-e-declaracao-de-fernanda-maia-as-ultimas-noticias-do-botafogo\/\",\"url\":\"https:\/\/www.gaveanews.com\/index.php\/2025\/01\/02\/mira-do-internacional-tecnico-favorito-e-declaracao-de-fernanda-maia-as-ultimas-noticias-do-botafogo\/\",\"name\":\"Mira do Internacional, t\u00e9cnico favorito e declara\u00e7\u00e3o de Fernanda Maia: as \u00faltimas not\u00edcias do Botafogo\",\"isPartOf\":{\"@id\":\"https:\/\/www.gaveanews.com\/#website\"},\"primaryImageOfPage\":{\"@id\":\"https:\/\/www.gaveanews.com\/index.php\/2025\/01\/02\/mira-do-internacional-tecnico-favorito-e-declaracao-de-fernanda-maia-as-ultimas-noticias-do-botafogo\/#primaryimage\"},\"image\":{\"@id\":\"https:\/\/www.gaveanews.com\/index.php\/2025\/01\/02\/mira-do-internacional-tecnico-favorito-e-declaracao-de-fernanda-maia-as-ultimas-noticias-do-botafogo\/#primaryimage\"},\"thumbnailUrl\":\"https:\/\/www.gaveanews.com\/wp-content\/uploads\/Escudo-do-Botafogo-1.webp\",\"datePublished\":\"2025-01-02T20:10:00+00:00\",\"author\":{\"@id\":\"https:\/\/www.gaveanews.com\/#\/schema\/person\/8207cd4627f56151707418bfc835b2fb\"},\"breadcrumb\":{\"@id\":\"https:\/\/www.gaveanews.com\/index.php\/2025\/01\/02\/mira-do-internacional-tecnico-favorito-e-declaracao-de-fernanda-maia-as-ultimas-noticias-do-botafogo\/#breadcrumb\"},\"inLanguage\":\"pt-BR\",\"potentialAction\":[{\"@type\":\"ReadAction\",\"target\":[\"https:\/\/www.gaveanews.com\/index.php\/2025\/01\/02\/mira-do-internacional-tecnico-favorito-e-declaracao-de-fernanda-maia-as-ultimas-noticias-do-botafogo\/\"]}]},{\"@type\":\"ImageObject\",\"inLanguage\":\"pt-BR\",\"@id\":\"https:\/\/www.gaveanews.com\/index.php\/2025\/01\/02\/mira-do-internacional-tecnico-favorito-e-declaracao-de-fernanda-maia-as-ultimas-noticias-do-botafogo\/#primaryimage\",\"url\":\"https:\/\/www.gaveanews.com\/wp-content\/uploads\/Escudo-do-Botafogo-1.webp\",\"contentUrl\":\"https:\/\/www.gaveanews.com\/wp-content\/uploads\/Escudo-do-Botafogo-1.webp\",\"width\":787,\"height\":525,\"caption\":\"Escudo do Botafogo (Foto: Reprodu\u00e7\u00e3o\/Botafogo)\"},{\"@type\":\"BreadcrumbList\",\"@id\":\"https:\/\/www.gaveanews.com\/index.php\/2025\/01\/02\/mira-do-internacional-tecnico-favorito-e-declaracao-de-fernanda-maia-as-ultimas-noticias-do-botafogo\/#breadcrumb\",\"itemListElement\":[{\"@type\":\"ListItem\",\"position\":1,\"name\":\"Home\",\"item\":\"https:\/\/www.gaveanews.com\/\"},{\"@type\":\"ListItem\",\"position\":2,\"name\":\"Mira do Internacional, t\u00e9cnico favorito e declara\u00e7\u00e3o de Fernanda Maia: as \u00faltimas not\u00edcias do Botafogo\"}]},{\"@type\":\"WebSite\",\"@id\":\"https:\/\/www.gaveanews.com\/#website\",\"url\":\"https:\/\/www.gaveanews.com\/\",\"name\":\"G\u00e1vea News\",\"description\":\"Veja todas as not\u00edcias sobre o Flamengo: Contrata\u00e7\u00f5es, categorias de base, resultados das partidas, tabela de classifica\u00e7\u00e3o, pr\u00f3ximos jogos!\",\"potentialAction\":[{\"@type\":\"SearchAction\",\"target\":{\"@type\":\"EntryPoint\",\"urlTemplate\":\"https:\/\/www.gaveanews.com\/?s={search_term_string}\"},\"query-input\":{\"@type\":\"PropertyValueSpecification\",\"valueRequired\":true,\"valueName\":\"search_term_string\"}}],\"inLanguage\":\"pt-BR\"},{\"@type\":\"Person\",\"@id\":\"https:\/\/www.gaveanews.com\/#\/schema\/person\/8207cd4627f56151707418bfc835b2fb\",\"name\":\"Matheus Felipe\",\"image\":{\"@type\":\"ImageObject\",\"inLanguage\":\"pt-BR\",\"@id\":\"https:\/\/www.gaveanews.com\/#\/schema\/person\/image\/\",\"url\":\"https:\/\/secure.gravatar.com\/avatar\/a452ffbed9130f726358b298bb3a99ce4bd3c5338411f8440e87e14d74c7c087?s=96&d=mm&r=g\",\"contentUrl\":\"https:\/\/secure.gravatar.com\/avatar\/a452ffbed9130f726358b298bb3a99ce4bd3c5338411f8440e87e14d74c7c087?s=96&d=mm&r=g\",\"caption\":\"Matheus Felipe\"}}]}<\/script>\n<!-- \/ Yoast SEO Premium plugin. -->","yoast_head_json":{"title":"Mira do Internacional, t\u00e9cnico favorito e declara\u00e7\u00e3o de Fernanda Maia: as \u00faltimas not\u00edcias do Botafogo","robots":{"index":"index","follow":"follow","max-snippet":"max-snippet:-1","max-image-preview":"max-image-preview:large","max-video-preview":"max-video-preview:-1"},"canonical":"https:\/\/www.gaveanews.com\/index.php\/2025\/01\/02\/mira-do-internacional-tecnico-favorito-e-declaracao-de-fernanda-maia-as-ultimas-noticias-do-botafogo\/","og_locale":"pt_BR","og_type":"article","og_title":"Mira do Internacional, t\u00e9cnico favorito e declara\u00e7\u00e3o de Fernanda Maia: as \u00faltimas not\u00edcias do Botafogo","og_description":"Nas \u00faltimas horas, o foco das not\u00edcias sobre o Botafogo se concentram nos bastidores do clube, com destaques do dia a dia do time. Por conta deste contexto, leia abaixo um resumo preparado pela equipe do portal G\u00e1vea News para lhe manter muito bem informado! Declara\u00e7\u00e3o de Fernanda Maia O t\u00e9cnico portugu\u00eas Artur Jorge encerra [&hellip;]","og_url":"https:\/\/www.gaveanews.com\/index.php\/2025\/01\/02\/mira-do-internacional-tecnico-favorito-e-declaracao-de-fernanda-maia-as-ultimas-noticias-do-botafogo\/","og_site_name":"G\u00e1vea News","article_publisher":"https:\/\/facebook.com\/gaveaNews\/","article_published_time":"2025-01-02T20:10:00+00:00","og_image":[{"width":787,"height":525,"url":"https:\/\/www.gaveanews.com\/wp-content\/uploads\/Escudo-do-Botafogo-1.webp","type":"image\/webp"}],"author":"Matheus Felipe","twitter_card":"summary_large_image","twitter_misc":{"Escrito por":"Matheus Felipe","Est. tempo de leitura":"5 minutos"},"schema":{"@context":"https:\/\/schema.org","@graph":[{"@type":"NewsArticle","@id":"https:\/\/www.gaveanews.com\/index.php\/2025\/01\/02\/mira-do-internacional-tecnico-favorito-e-declaracao-de-fernanda-maia-as-ultimas-noticias-do-botafogo\/#article","isPartOf":{"@id":"https:\/\/www.gaveanews.com\/index.php\/2025\/01\/02\/mira-do-internacional-tecnico-favorito-e-declaracao-de-fernanda-maia-as-ultimas-noticias-do-botafogo\/"},"author":{"name":"Matheus Felipe","@id":"https:\/\/www.gaveanews.com\/#\/schema\/person\/8207cd4627f56151707418bfc835b2fb"},"headline":"Mira do Internacional, t\u00e9cnico favorito e declara\u00e7\u00e3o de Fernanda Maia: as \u00faltimas not\u00edcias do Botafogo","datePublished":"2025-01-02T20:10:00+00:00","mainEntityOfPage":{"@id":"https:\/\/www.gaveanews.com\/index.php\/2025\/01\/02\/mira-do-internacional-tecnico-favorito-e-declaracao-de-fernanda-maia-as-ultimas-noticias-do-botafogo\/"},"wordCount":715,"commentCount":0,"image":{"@id":"https:\/\/www.gaveanews.com\/index.php\/2025\/01\/02\/mira-do-internacional-tecnico-favorito-e-declaracao-de-fernanda-maia-as-ultimas-noticias-do-botafogo\/#primaryimage"},"thumbnailUrl":"https:\/\/www.gaveanews.com\/wp-content\/uploads\/Escudo-do-Botafogo-1.webp","articleSection":["Botafogo"],"inLanguage":"pt-BR","potentialAction":[{"@type":"CommentAction","name":"Comment","target":["https:\/\/www.gaveanews.com\/index.php\/2025\/01\/02\/mira-do-internacional-tecnico-favorito-e-declaracao-de-fernanda-maia-as-ultimas-noticias-do-botafogo\/#respond"]}],"copyrightYear":"2025","copyrightHolder":{"@id":"https:\/\/www.gaveanews.com\/#organization"}},{"@type":"WebPage","@id":"https:\/\/www.gaveanews.com\/index.php\/2025\/01\/02\/mira-do-internacional-tecnico-favorito-e-declaracao-de-fernanda-maia-as-ultimas-noticias-do-botafogo\/","url":"https:\/\/www.gaveanews.com\/index.php\/2025\/01\/02\/mira-do-internacional-tecnico-favorito-e-declaracao-de-fernanda-maia-as-ultimas-noticias-do-botafogo\/","name":"Mira do Internacional, t\u00e9cnico favorito e declara\u00e7\u00e3o de Fernanda Maia: as \u00faltimas not\u00edcias do Botafogo","isPartOf":{"@id":"https:\/\/www.gaveanews.com\/#website"},"primaryImageOfPage":{"@id":"https:\/\/www.gaveanews.com\/index.php\/2025\/01\/02\/mira-do-internacional-tecnico-favorito-e-declaracao-de-fernanda-maia-as-ultimas-noticias-do-botafogo\/#primaryimage"},"image":{"@id":"https:\/\/www.gaveanews.com\/index.php\/2025\/01\/02\/mira-do-internacional-tecnico-favorito-e-declaracao-de-fernanda-maia-as-ultimas-noticias-do-botafogo\/#primaryimage"},"thumbnailUrl":"https:\/\/www.gaveanews.com\/wp-content\/uploads\/Escudo-do-Botafogo-1.webp","datePublished":"2025-01-02T20:10:00+00:00","author":{"@id":"https:\/\/www.gaveanews.com\/#\/schema\/person\/8207cd4627f56151707418bfc835b2fb"},"breadcrumb":{"@id":"https:\/\/www.gaveanews.com\/index.php\/2025\/01\/02\/mira-do-internacional-tecnico-favorito-e-declaracao-de-fernanda-maia-as-ultimas-noticias-do-botafogo\/#breadcrumb"},"inLanguage":"pt-BR","potentialAction":[{"@type":"ReadAction","target":["https:\/\/www.gaveanews.com\/index.php\/2025\/01\/02\/mira-do-internacional-tecnico-favorito-e-declaracao-de-fernanda-maia-as-ultimas-noticias-do-botafogo\/"]}]},{"@type":"ImageObject","inLanguage":"pt-BR","@id":"https:\/\/www.gaveanews.com\/index.php\/2025\/01\/02\/mira-do-internacional-tecnico-favorito-e-declaracao-de-fernanda-maia-as-ultimas-noticias-do-botafogo\/#primaryimage","url":"https:\/\/www.gaveanews.com\/wp-content\/uploads\/Escudo-do-Botafogo-1.webp","contentUrl":"https:\/\/www.gaveanews.com\/wp-content\/uploads\/Escudo-do-Botafogo-1.webp","width":787,"height":525,"caption":"Escudo do Botafogo (Foto: Reprodu\u00e7\u00e3o\/Botafogo)"},{"@type":"BreadcrumbList","@id":"https:\/\/www.gaveanews.com\/index.php\/2025\/01\/02\/mira-do-internacional-tecnico-favorito-e-declaracao-de-fernanda-maia-as-ultimas-noticias-do-botafogo\/#breadcrumb","itemListElement":[{"@type":"ListItem","position":1,"name":"Home","item":"https:\/\/www.gaveanews.com\/"},{"@type":"ListItem","position":2,"name":"Mira do Internacional, t\u00e9cnico favorito e declara\u00e7\u00e3o de Fernanda Maia: as \u00faltimas not\u00edcias do Botafogo"}]},{"@type":"WebSite","@id":"https:\/\/www.gaveanews.com\/#website","url":"https:\/\/www.gaveanews.com\/","name":"G\u00e1vea News","description":"Veja todas as not\u00edcias sobre o Flamengo: Contrata\u00e7\u00f5es, categorias de base, resultados das partidas, tabela de classifica\u00e7\u00e3o, pr\u00f3ximos jogos!","potentialAction":[{"@type":"SearchAction","target":{"@type":"EntryPoint","urlTemplate":"https:\/\/www.gaveanews.com\/?s={search_term_string}"},"query-input":{"@type":"PropertyValueSpecification","valueRequired":true,"valueName":"search_term_string"}}],"inLanguage":"pt-BR"},{"@type":"Person","@id":"https:\/\/www.gaveanews.com\/#\/schema\/person\/8207cd4627f56151707418bfc835b2fb","name":"Matheus Felipe","image":{"@type":"ImageObject","inLanguage":"pt-BR","@id":"https:\/\/www.gaveanews.com\/#\/schema\/person\/image\/","url":"https:\/\/secure.gravatar.com\/avatar\/a452ffbed9130f726358b298bb3a99ce4bd3c5338411f8440e87e14d74c7c087?s=96&d=mm&r=g","contentUrl":"https:\/\/secure.gravatar.com\/avatar\/a452ffbed9130f726358b298bb3a99ce4bd3c5338411f8440e87e14d74c7c087?s=96&d=mm&r=g","caption":"Matheus Felipe"}}]}},"_links":{"self":[{"href":"https:\/\/www.gaveanews.com\/index.php\/wp-json\/wp\/v2\/posts\/206547","targetHints":{"allow":["GET"]}}],"collection":[{"href":"https:\/\/www.gaveanews.com\/index.php\/wp-json\/wp\/v2\/posts"}],"about":[{"href":"https:\/\/www.gaveanews.com\/index.php\/wp-json\/wp\/v2\/types\/post"}],"author":[{"embeddable":true,"href":"https:\/\/www.gaveanews.com\/index.php\/wp-json\/wp\/v2\/users\/27"}],"replies":[{"embeddable":true,"href":"https:\/\/www.gaveanews.com\/index.php\/wp-json\/wp\/v2\/comments?post=206547"}],"version-history":[{"count":1,"href":"https:\/\/www.gaveanews.com\/index.php\/wp-json\/wp\/v2\/posts\/206547\/revisions"}],"predecessor-version":[{"id":206559,"href":"https:\/\/www.gaveanews.com\/index.php\/wp-json\/wp\/v2\/posts\/206547\/revisions\/206559"}],"wp:featuredmedia":[{"embeddable":true,"href":"https:\/\/www.gaveanews.com\/index.php\/wp-json\/wp\/v2\/media\/182060"}],"wp:attachment":[{"href":"https:\/\/www.gaveanews.com\/index.php\/wp-json\/wp\/v2\/media?parent=206547"}],"wp:term":[{"taxonomy":"category","embeddable":true,"href":"https:\/\/www.gaveanews.com\/index.php\/wp-json\/wp\/v2\/categories?post=206547"},{"taxonomy":"post_tag","embeddable":true,"href":"https:\/\/www.gaveanews.com\/index.php\/wp-json\/wp\/v2\/tags?post=206547"}],"curies":[{"name":"wp","href":"https:\/\/api.w.org\/{rel}","templated":true}]}}