{"id":206550,"date":"2025-01-02T17:05:00","date_gmt":"2025-01-02T20:05:00","guid":{"rendered":"https:\/\/www.gaveanews.com\/?p=206550"},"modified":"2025-01-02T17:10:16","modified_gmt":"2025-01-02T20:10:16","slug":"declaracao-sobre-arena-publicacao-de-deyverson-e-jogadores-sem-contrato-as-ultimas-noticias-do-atletico-mg","status":"publish","type":"post","link":"https:\/\/www.gaveanews.com\/index.php\/2025\/01\/02\/declaracao-sobre-arena-publicacao-de-deyverson-e-jogadores-sem-contrato-as-ultimas-noticias-do-atletico-mg\/","title":{"rendered":"Declara\u00e7\u00e3o sobre Arena, publica\u00e7\u00e3o de Deyverson e jogadores sem contrato: as \u00faltimas not\u00edcias do Atl\u00e9tico-MG"},"content":{"rendered":"\n<p>Nas \u00faltimas horas, o foco das not\u00edcias sobre Atl\u00e9tico-MG se concentram nos bastidores do clube, com destaques do dia a dia do time.<\/p>\n\n\n\n<p>Por conta deste contexto, leia abaixo um resumo preparado pela equipe do portal G\u00e1vea News para lhe manter muito bem informado!<\/p>\n\n\n\n<h2 class=\"wp-block-heading\" id=\"h-jogadores-sem-contrato\">Jogadores sem contrato<\/h2>\n\n\n\n<p>Com o in\u00edcio de 2025, diversos nomes importantes do futebol brasileiro e internacional est\u00e3o sem contrato, aguardando oportunidades no mercado. Jogadores como Fernandinho, ex-Athletico, e Marcelo, que deixou o Fluminense, se destacam entre os veteranos em busca de novos desafios. David Luiz, ap\u00f3s tr\u00eas anos no Flamengo, tamb\u00e9m figura entre os destaques, sendo sondado por clubes como Vasco e Corinthians. Outros atletas de renome, como Diego Costa e Felipe Melo, enfrentam situa\u00e7\u00f5es similares, mantendo-se dispon\u00edveis para negocia\u00e7\u00f5es.<\/p>\n\n\n\n<figure class=\"wp-block-image size-large\"><img loading=\"lazy\" decoding=\"async\" width=\"1024\" height=\"682\" src=\"https:\/\/www.gaveanews.com\/wp-content\/uploads\/Alan-Kardec-com-a-camisa-do-Atletico-MG-em-2024-1024x682.webp\" alt=\"\" class=\"wp-image-165470\" srcset=\"https:\/\/www.gaveanews.com\/wp-content\/uploads\/Alan-Kardec-com-a-camisa-do-Atletico-MG-em-2024-1024x682.webp 1024w, https:\/\/www.gaveanews.com\/wp-content\/uploads\/Alan-Kardec-com-a-camisa-do-Atletico-MG-em-2024-300x200.webp 300w, https:\/\/www.gaveanews.com\/wp-content\/uploads\/Alan-Kardec-com-a-camisa-do-Atletico-MG-em-2024-768x512.webp 768w, https:\/\/www.gaveanews.com\/wp-content\/uploads\/Alan-Kardec-com-a-camisa-do-Atletico-MG-em-2024-630x420.webp 630w, https:\/\/www.gaveanews.com\/wp-content\/uploads\/Alan-Kardec-com-a-camisa-do-Atletico-MG-em-2024-1260x840.webp 1260w, https:\/\/www.gaveanews.com\/wp-content\/uploads\/Alan-Kardec-com-a-camisa-do-Atletico-MG-em-2024-640x427.webp 640w, https:\/\/www.gaveanews.com\/wp-content\/uploads\/Alan-Kardec-com-a-camisa-do-Atletico-MG-em-2024-1280x853.webp 1280w, https:\/\/www.gaveanews.com\/wp-content\/uploads\/Alan-Kardec-com-a-camisa-do-Atletico-MG-em-2024-681x454.webp 681w, https:\/\/www.gaveanews.com\/wp-content\/uploads\/Alan-Kardec-com-a-camisa-do-Atletico-MG-em-2024-1362x908.webp 1362w, https:\/\/www.gaveanews.com\/wp-content\/uploads\/Alan-Kardec-com-a-camisa-do-Atletico-MG-em-2024-100x67.webp 100w, https:\/\/www.gaveanews.com\/wp-content\/uploads\/Alan-Kardec-com-a-camisa-do-Atletico-MG-em-2024.webp 1400w\" sizes=\"auto, (max-width: 1024px) 100vw, 1024px\" \/><figcaption class=\"wp-element-caption\">Alan Kardec com a camisa do Atl\u00e9tico-MG em 2024 (Foto: Reprodu\u00e7\u00e3o\/Instagram)<\/figcaption><\/figure>\n\n\n\n<p>A movimenta\u00e7\u00e3o de atletas livres inclui ainda nomes como Vargas, Maur\u00edcio Lemos e Mariano, que finalizaram contratos com o Atl\u00e9tico-MG, al\u00e9m de Alan Kardec e Rodrigo Caio. <\/p>\n\n\n\n<p>Jogadores experientes como Victor Cuesta e Muriel tamb\u00e9m est\u00e3o no mercado, refor\u00e7ando o impacto das decis\u00f5es de renova\u00e7\u00e3o e reposicionamento das equipes. A sa\u00edda de muitos desses jogadores reflete ajustes estrat\u00e9gicos e financeiros dos clubes, especialmente aqueles que enfrentam rebaixamentos ou mudan\u00e7as estruturais.<\/p>\n\n\n\n<p>Esse cen\u00e1rio representa uma janela de oportunidades tanto para os jogadores quanto para clubes que buscam fortalecer seus elencos. Com a possibilidade de contrata\u00e7\u00f5es sem custos de transfer\u00eancia, equipes podem se beneficiar da experi\u00eancia e do talento desses atletas. Enquanto isso, os jogadores aproveitam para buscar projetos alinhados \u00e0s suas expectativas de carreira, mantendo o mercado do futebol aquecido neste in\u00edcio de temporada.<\/p>\n\n\n\n<h2 class=\"wp-block-heading\" id=\"h-publicacao-de-deyverson\">Publica\u00e7\u00e3o de Deyverson<\/h2>\n\n\n\n<p>O atacante Deyverson, atualmente no Atl\u00e9tico Mineiro, enviou uma mensagem afetuosa a Gabriel Menino, seu ex-companheiro de Palmeiras e novo refor\u00e7o do Atl\u00e9tico. A intera\u00e7\u00e3o ocorreu nas redes sociais de Menino, onde Deyverson expressou entusiasmo pelo reencontro e refor\u00e7ou a amizade ao cham\u00e1-lo de \u201cirm\u00e3o\u201d. Ambos possuem uma trajet\u00f3ria conjunta de sucesso, incluindo a conquista da Libertadores em 2021.<\/p>\n\n\n\n<figure class=\"wp-block-image size-large\"><img loading=\"lazy\" decoding=\"async\" width=\"1024\" height=\"768\" src=\"https:\/\/www.gaveanews.com\/wp-content\/uploads\/Deyverson-com-a-camisa-do-Atletico-Mineiro-em-2024-1024x768.webp\" alt=\"\" class=\"wp-image-158213\" srcset=\"https:\/\/www.gaveanews.com\/wp-content\/uploads\/Deyverson-com-a-camisa-do-Atletico-Mineiro-em-2024-1024x768.webp 1024w, https:\/\/www.gaveanews.com\/wp-content\/uploads\/Deyverson-com-a-camisa-do-Atletico-Mineiro-em-2024-300x225.webp 300w, https:\/\/www.gaveanews.com\/wp-content\/uploads\/Deyverson-com-a-camisa-do-Atletico-Mineiro-em-2024-768x576.webp 768w, https:\/\/www.gaveanews.com\/wp-content\/uploads\/Deyverson-com-a-camisa-do-Atletico-Mineiro-em-2024-560x420.webp 560w, https:\/\/www.gaveanews.com\/wp-content\/uploads\/Deyverson-com-a-camisa-do-Atletico-Mineiro-em-2024-1119x840.webp 1119w, https:\/\/www.gaveanews.com\/wp-content\/uploads\/Deyverson-com-a-camisa-do-Atletico-Mineiro-em-2024-80x60.webp 80w, https:\/\/www.gaveanews.com\/wp-content\/uploads\/Deyverson-com-a-camisa-do-Atletico-Mineiro-em-2024-160x120.webp 160w, https:\/\/www.gaveanews.com\/wp-content\/uploads\/Deyverson-com-a-camisa-do-Atletico-Mineiro-em-2024-100x75.webp 100w, https:\/\/www.gaveanews.com\/wp-content\/uploads\/Deyverson-com-a-camisa-do-Atletico-Mineiro-em-2024-200x150.webp 200w, https:\/\/www.gaveanews.com\/wp-content\/uploads\/Deyverson-com-a-camisa-do-Atletico-Mineiro-em-2024-180x135.webp 180w, https:\/\/www.gaveanews.com\/wp-content\/uploads\/Deyverson-com-a-camisa-do-Atletico-Mineiro-em-2024-360x270.webp 360w, https:\/\/www.gaveanews.com\/wp-content\/uploads\/Deyverson-com-a-camisa-do-Atletico-Mineiro-em-2024-238x178.webp 238w, https:\/\/www.gaveanews.com\/wp-content\/uploads\/Deyverson-com-a-camisa-do-Atletico-Mineiro-em-2024-476x356.webp 476w, https:\/\/www.gaveanews.com\/wp-content\/uploads\/Deyverson-com-a-camisa-do-Atletico-Mineiro-em-2024-640x480.webp 640w, https:\/\/www.gaveanews.com\/wp-content\/uploads\/Deyverson-com-a-camisa-do-Atletico-Mineiro-em-2024-1280x960.webp 1280w, https:\/\/www.gaveanews.com\/wp-content\/uploads\/Deyverson-com-a-camisa-do-Atletico-Mineiro-em-2024-681x511.webp 681w, https:\/\/www.gaveanews.com\/wp-content\/uploads\/Deyverson-com-a-camisa-do-Atletico-Mineiro-em-2024.webp 1350w\" sizes=\"auto, (max-width: 1024px) 100vw, 1024px\" \/><figcaption class=\"wp-element-caption\">Deyverson com a camisa do Atl\u00e9tico Mineiro em 2024 (Foto: Divulga\u00e7\u00e3o\/Atl\u00e9tico Mineiro)<\/figcaption><\/figure>\n\n\n\n<p>Gabriel Menino chega ao Atl\u00e9tico em uma negocia\u00e7\u00e3o envolvendo a transfer\u00eancia de Paulinho para o Palmeiras e o pagamento de \u20ac18 milh\u00f5es, al\u00e9m de valores de solidariedade. O meio-campista, com contrato v\u00e1lido at\u00e9 2028, \u00e9 considerado um refor\u00e7o de grande potencial, trazendo tamb\u00e9m o jovem Patrick, destaque da base do Palmeiras. A opera\u00e7\u00e3o totalizou \u20ac27 milh\u00f5es, o equivalente a cerca de R$ 171 milh\u00f5es, consolidando o investimento do clube mineiro.<\/p>\n\n\n\n<p>Com apenas 24 anos, Menino j\u00e1 conquistou 11 t\u00edtulos pelo Palmeiras, destacando-se por sua versatilidade em campo, atuando em diversas posi\u00e7\u00f5es do meio e lateral-direita. Reconhecido por seu chute potente e habilidades t\u00e9cnicas, o atleta desponta como um dos grandes talentos da nova gera\u00e7\u00e3o do futebol brasileiro, trazendo consigo a expectativa de grandes feitos no Atl\u00e9tico Mineiro.<\/p>\n\n\n\n<h2 class=\"wp-block-heading\" id=\"h-declaracao-sobre-arena\">Declara\u00e7\u00e3o sobre Arena<\/h2>\n\n\n\n<p>A Arena MRV, est\u00e1dio do Atl\u00e9tico-MG, enfrentou um balan\u00e7o de sua primeira temporada com mais desafios do que conquistas. Problemas estruturais, como quest\u00f5es ac\u00fasticas, qualidade do gramado e seguran\u00e7a, foram destaque. O est\u00e1dio chegou a ser interditado ap\u00f3s incidentes na final da Copa do Brasil, incluindo tumultos, invas\u00f5es e ferimentos, mas foi reaberto ap\u00f3s ajustes determinados pelo STJD. Apesar disso, a diretoria j\u00e1 iniciou investimentos para solucionar falhas, incluindo a troca do gramado para o modelo sint\u00e9tico e a revis\u00e3o do projeto ac\u00fastico, medida que gerou despesas consider\u00e1veis.<\/p>\n\n\n\n<figure class=\"wp-block-image size-full\"><img loading=\"lazy\" decoding=\"async\" width=\"900\" height=\"600\" src=\"https:\/\/www.gaveanews.com\/wp-content\/uploads\/Estadio-do-Atletico-MG.webp\" alt=\"\" class=\"wp-image-153999\" srcset=\"https:\/\/www.gaveanews.com\/wp-content\/uploads\/Estadio-do-Atletico-MG.webp 900w, https:\/\/www.gaveanews.com\/wp-content\/uploads\/Estadio-do-Atletico-MG-300x200.webp 300w, https:\/\/www.gaveanews.com\/wp-content\/uploads\/Estadio-do-Atletico-MG-768x512.webp 768w, https:\/\/www.gaveanews.com\/wp-content\/uploads\/Estadio-do-Atletico-MG-630x420.webp 630w, https:\/\/www.gaveanews.com\/wp-content\/uploads\/Estadio-do-Atletico-MG-640x427.webp 640w, https:\/\/www.gaveanews.com\/wp-content\/uploads\/Estadio-do-Atletico-MG-681x454.webp 681w, https:\/\/www.gaveanews.com\/wp-content\/uploads\/Estadio-do-Atletico-MG-100x67.webp 100w\" sizes=\"auto, (max-width: 900px) 100vw, 900px\" \/><figcaption class=\"wp-element-caption\">Arena MRV, est\u00e1dio do Atl\u00e9tico-MG (Foto: Reprodu\u00e7\u00e3o\/Atl\u00e9tico)<\/figcaption><\/figure>\n\n\n\n<p>Rubens Menin, propriet\u00e1rio do clube, lamentou as dificuldades enfrentadas, ressaltando que as restri\u00e7\u00f5es iniciais da prefeitura para gramados sint\u00e9ticos foram um entrave que hoje se corrigem. Ele tamb\u00e9m destacou o impacto financeiro e t\u00e9cnico das melhorias necess\u00e1rias, mas manteve o otimismo sobre o futuro do est\u00e1dio. A decis\u00e3o de priorizar a moderniza\u00e7\u00e3o e seguran\u00e7a visa adequar a Arena MRV aos padr\u00f5es de excel\u00eancia esperados.<\/p>\n\n\n\n<p>Apesar dos desafios, a Arena MRV teve aspectos positivos em 2024, como recorde de p\u00fablico de 44.876 presentes e uma m\u00e9dia anual de 35.237 torcedores por jogo. A diretoria do Atl\u00e9tico-MG enxerga o est\u00e1dio como pe\u00e7a-chave na consolida\u00e7\u00e3o do clube no cen\u00e1rio nacional e internacional, refor\u00e7ando a import\u00e2ncia de ajustes para transform\u00e1-lo em uma casa digna da grandeza do Galo.<\/p>\n","protected":false},"excerpt":{"rendered":"<p>Nas \u00faltimas horas, o foco das not\u00edcias sobre Atl\u00e9tico-MG se concentram nos bastidores do clube, com destaques do dia a dia do time. Por conta deste contexto, leia abaixo um resumo preparado pela equipe do portal G\u00e1vea News para lhe manter muito bem informado! Jogadores sem contrato Com o in\u00edcio de 2025, diversos nomes importantes [&hellip;]<\/p>\n","protected":false},"author":27,"featured_media":157061,"comment_status":"open","ping_status":"closed","sticky":false,"template":"","format":"standard","meta":{"footnotes":""},"categories":[136],"tags":[],"class_list":["post-206550","post","type-post","status-publish","format-standard","has-post-thumbnail","hentry","category-atletico-mg"],"yoast_head":"<!-- This site is optimized with the Yoast SEO Premium plugin v24.2 (Yoast SEO v26.9) - https:\/\/yoast.com\/product\/yoast-seo-premium-wordpress\/ -->\n<title>Declara\u00e7\u00e3o sobre Arena, publica\u00e7\u00e3o de Deyverson e jogadores sem contrato: as \u00faltimas not\u00edcias do Atl\u00e9tico-MG<\/title>\n<meta name=\"robots\" content=\"index, follow, max-snippet:-1, max-image-preview:large, max-video-preview:-1\" \/>\n<link rel=\"canonical\" href=\"https:\/\/www.gaveanews.com\/index.php\/2025\/01\/02\/declaracao-sobre-arena-publicacao-de-deyverson-e-jogadores-sem-contrato-as-ultimas-noticias-do-atletico-mg\/\" \/>\n<meta property=\"og:locale\" content=\"pt_BR\" \/>\n<meta property=\"og:type\" content=\"article\" \/>\n<meta property=\"og:title\" content=\"Declara\u00e7\u00e3o sobre Arena, publica\u00e7\u00e3o de Deyverson e jogadores sem contrato: as \u00faltimas not\u00edcias do Atl\u00e9tico-MG\" \/>\n<meta property=\"og:description\" content=\"Nas \u00faltimas horas, o foco das not\u00edcias sobre Atl\u00e9tico-MG se concentram nos bastidores do clube, com destaques do dia a dia do time. Por conta deste contexto, leia abaixo um resumo preparado pela equipe do portal G\u00e1vea News para lhe manter muito bem informado! Jogadores sem contrato Com o in\u00edcio de 2025, diversos nomes importantes [&hellip;]\" \/>\n<meta property=\"og:url\" content=\"https:\/\/www.gaveanews.com\/index.php\/2025\/01\/02\/declaracao-sobre-arena-publicacao-de-deyverson-e-jogadores-sem-contrato-as-ultimas-noticias-do-atletico-mg\/\" \/>\n<meta property=\"og:site_name\" content=\"G\u00e1vea News\" \/>\n<meta property=\"article:publisher\" content=\"https:\/\/facebook.com\/gaveaNews\/\" \/>\n<meta property=\"article:published_time\" content=\"2025-01-02T20:05:00+00:00\" \/>\n<meta property=\"article:modified_time\" content=\"2025-01-02T20:10:16+00:00\" \/>\n<meta property=\"og:image\" content=\"https:\/\/www.gaveanews.com\/wp-content\/uploads\/Camisa-do-Atletico-MG.webp\" \/>\n\t<meta property=\"og:image:width\" content=\"1080\" \/>\n\t<meta property=\"og:image:height\" content=\"720\" \/>\n\t<meta property=\"og:image:type\" content=\"image\/webp\" \/>\n<meta name=\"author\" content=\"Matheus Felipe\" \/>\n<meta name=\"twitter:card\" content=\"summary_large_image\" \/>\n<meta name=\"twitter:label1\" content=\"Escrito por\" \/>\n\t<meta name=\"twitter:data1\" content=\"Matheus Felipe\" \/>\n\t<meta name=\"twitter:label2\" content=\"Est. tempo de leitura\" \/>\n\t<meta name=\"twitter:data2\" content=\"5 minutos\" \/>\n<script type=\"application\/ld+json\" class=\"yoast-schema-graph\">{\"@context\":\"https:\/\/schema.org\",\"@graph\":[{\"@type\":\"NewsArticle\",\"@id\":\"https:\/\/www.gaveanews.com\/index.php\/2025\/01\/02\/declaracao-sobre-arena-publicacao-de-deyverson-e-jogadores-sem-contrato-as-ultimas-noticias-do-atletico-mg\/#article\",\"isPartOf\":{\"@id\":\"https:\/\/www.gaveanews.com\/index.php\/2025\/01\/02\/declaracao-sobre-arena-publicacao-de-deyverson-e-jogadores-sem-contrato-as-ultimas-noticias-do-atletico-mg\/\"},\"author\":{\"name\":\"Matheus Felipe\",\"@id\":\"https:\/\/www.gaveanews.com\/#\/schema\/person\/8207cd4627f56151707418bfc835b2fb\"},\"headline\":\"Declara\u00e7\u00e3o sobre Arena, publica\u00e7\u00e3o de Deyverson e jogadores sem contrato: as \u00faltimas not\u00edcias do Atl\u00e9tico-MG\",\"datePublished\":\"2025-01-02T20:05:00+00:00\",\"dateModified\":\"2025-01-02T20:10:16+00:00\",\"mainEntityOfPage\":{\"@id\":\"https:\/\/www.gaveanews.com\/index.php\/2025\/01\/02\/declaracao-sobre-arena-publicacao-de-deyverson-e-jogadores-sem-contrato-as-ultimas-noticias-do-atletico-mg\/\"},\"wordCount\":798,\"commentCount\":0,\"image\":{\"@id\":\"https:\/\/www.gaveanews.com\/index.php\/2025\/01\/02\/declaracao-sobre-arena-publicacao-de-deyverson-e-jogadores-sem-contrato-as-ultimas-noticias-do-atletico-mg\/#primaryimage\"},\"thumbnailUrl\":\"https:\/\/www.gaveanews.com\/wp-content\/uploads\/Camisa-do-Atletico-MG.webp\",\"articleSection\":[\"Atl\u00e9tico-MG\"],\"inLanguage\":\"pt-BR\",\"potentialAction\":[{\"@type\":\"CommentAction\",\"name\":\"Comment\",\"target\":[\"https:\/\/www.gaveanews.com\/index.php\/2025\/01\/02\/declaracao-sobre-arena-publicacao-de-deyverson-e-jogadores-sem-contrato-as-ultimas-noticias-do-atletico-mg\/#respond\"]}],\"copyrightYear\":\"2025\",\"copyrightHolder\":{\"@id\":\"https:\/\/www.gaveanews.com\/#organization\"}},{\"@type\":\"WebPage\",\"@id\":\"https:\/\/www.gaveanews.com\/index.php\/2025\/01\/02\/declaracao-sobre-arena-publicacao-de-deyverson-e-jogadores-sem-contrato-as-ultimas-noticias-do-atletico-mg\/\",\"url\":\"https:\/\/www.gaveanews.com\/index.php\/2025\/01\/02\/declaracao-sobre-arena-publicacao-de-deyverson-e-jogadores-sem-contrato-as-ultimas-noticias-do-atletico-mg\/\",\"name\":\"Declara\u00e7\u00e3o sobre Arena, publica\u00e7\u00e3o de Deyverson e jogadores sem contrato: as \u00faltimas not\u00edcias do Atl\u00e9tico-MG\",\"isPartOf\":{\"@id\":\"https:\/\/www.gaveanews.com\/#website\"},\"primaryImageOfPage\":{\"@id\":\"https:\/\/www.gaveanews.com\/index.php\/2025\/01\/02\/declaracao-sobre-arena-publicacao-de-deyverson-e-jogadores-sem-contrato-as-ultimas-noticias-do-atletico-mg\/#primaryimage\"},\"image\":{\"@id\":\"https:\/\/www.gaveanews.com\/index.php\/2025\/01\/02\/declaracao-sobre-arena-publicacao-de-deyverson-e-jogadores-sem-contrato-as-ultimas-noticias-do-atletico-mg\/#primaryimage\"},\"thumbnailUrl\":\"https:\/\/www.gaveanews.com\/wp-content\/uploads\/Camisa-do-Atletico-MG.webp\",\"datePublished\":\"2025-01-02T20:05:00+00:00\",\"dateModified\":\"2025-01-02T20:10:16+00:00\",\"author\":{\"@id\":\"https:\/\/www.gaveanews.com\/#\/schema\/person\/8207cd4627f56151707418bfc835b2fb\"},\"breadcrumb\":{\"@id\":\"https:\/\/www.gaveanews.com\/index.php\/2025\/01\/02\/declaracao-sobre-arena-publicacao-de-deyverson-e-jogadores-sem-contrato-as-ultimas-noticias-do-atletico-mg\/#breadcrumb\"},\"inLanguage\":\"pt-BR\",\"potentialAction\":[{\"@type\":\"ReadAction\",\"target\":[\"https:\/\/www.gaveanews.com\/index.php\/2025\/01\/02\/declaracao-sobre-arena-publicacao-de-deyverson-e-jogadores-sem-contrato-as-ultimas-noticias-do-atletico-mg\/\"]}]},{\"@type\":\"ImageObject\",\"inLanguage\":\"pt-BR\",\"@id\":\"https:\/\/www.gaveanews.com\/index.php\/2025\/01\/02\/declaracao-sobre-arena-publicacao-de-deyverson-e-jogadores-sem-contrato-as-ultimas-noticias-do-atletico-mg\/#primaryimage\",\"url\":\"https:\/\/www.gaveanews.com\/wp-content\/uploads\/Camisa-do-Atletico-MG.webp\",\"contentUrl\":\"https:\/\/www.gaveanews.com\/wp-content\/uploads\/Camisa-do-Atletico-MG.webp\",\"width\":1080,\"height\":720,\"caption\":\"Camisa do Atl\u00e9tico-MG (Foto: Reprodu\u00e7\u00e3o\/Instagram)\"},{\"@type\":\"BreadcrumbList\",\"@id\":\"https:\/\/www.gaveanews.com\/index.php\/2025\/01\/02\/declaracao-sobre-arena-publicacao-de-deyverson-e-jogadores-sem-contrato-as-ultimas-noticias-do-atletico-mg\/#breadcrumb\",\"itemListElement\":[{\"@type\":\"ListItem\",\"position\":1,\"name\":\"Home\",\"item\":\"https:\/\/www.gaveanews.com\/\"},{\"@type\":\"ListItem\",\"position\":2,\"name\":\"Declara\u00e7\u00e3o sobre Arena, publica\u00e7\u00e3o de Deyverson e jogadores sem contrato: as \u00faltimas not\u00edcias do Atl\u00e9tico-MG\"}]},{\"@type\":\"WebSite\",\"@id\":\"https:\/\/www.gaveanews.com\/#website\",\"url\":\"https:\/\/www.gaveanews.com\/\",\"name\":\"G\u00e1vea News\",\"description\":\"Veja todas as not\u00edcias sobre o Flamengo: Contrata\u00e7\u00f5es, categorias de base, resultados das partidas, tabela de classifica\u00e7\u00e3o, pr\u00f3ximos jogos!\",\"potentialAction\":[{\"@type\":\"SearchAction\",\"target\":{\"@type\":\"EntryPoint\",\"urlTemplate\":\"https:\/\/www.gaveanews.com\/?s={search_term_string}\"},\"query-input\":{\"@type\":\"PropertyValueSpecification\",\"valueRequired\":true,\"valueName\":\"search_term_string\"}}],\"inLanguage\":\"pt-BR\"},{\"@type\":\"Person\",\"@id\":\"https:\/\/www.gaveanews.com\/#\/schema\/person\/8207cd4627f56151707418bfc835b2fb\",\"name\":\"Matheus Felipe\",\"image\":{\"@type\":\"ImageObject\",\"inLanguage\":\"pt-BR\",\"@id\":\"https:\/\/www.gaveanews.com\/#\/schema\/person\/image\/\",\"url\":\"https:\/\/secure.gravatar.com\/avatar\/a452ffbed9130f726358b298bb3a99ce4bd3c5338411f8440e87e14d74c7c087?s=96&d=mm&r=g\",\"contentUrl\":\"https:\/\/secure.gravatar.com\/avatar\/a452ffbed9130f726358b298bb3a99ce4bd3c5338411f8440e87e14d74c7c087?s=96&d=mm&r=g\",\"caption\":\"Matheus Felipe\"}}]}<\/script>\n<!-- \/ Yoast SEO Premium plugin. -->","yoast_head_json":{"title":"Declara\u00e7\u00e3o sobre Arena, publica\u00e7\u00e3o de Deyverson e jogadores sem contrato: as \u00faltimas not\u00edcias do Atl\u00e9tico-MG","robots":{"index":"index","follow":"follow","max-snippet":"max-snippet:-1","max-image-preview":"max-image-preview:large","max-video-preview":"max-video-preview:-1"},"canonical":"https:\/\/www.gaveanews.com\/index.php\/2025\/01\/02\/declaracao-sobre-arena-publicacao-de-deyverson-e-jogadores-sem-contrato-as-ultimas-noticias-do-atletico-mg\/","og_locale":"pt_BR","og_type":"article","og_title":"Declara\u00e7\u00e3o sobre Arena, publica\u00e7\u00e3o de Deyverson e jogadores sem contrato: as \u00faltimas not\u00edcias do Atl\u00e9tico-MG","og_description":"Nas \u00faltimas horas, o foco das not\u00edcias sobre Atl\u00e9tico-MG se concentram nos bastidores do clube, com destaques do dia a dia do time. Por conta deste contexto, leia abaixo um resumo preparado pela equipe do portal G\u00e1vea News para lhe manter muito bem informado! Jogadores sem contrato Com o in\u00edcio de 2025, diversos nomes importantes [&hellip;]","og_url":"https:\/\/www.gaveanews.com\/index.php\/2025\/01\/02\/declaracao-sobre-arena-publicacao-de-deyverson-e-jogadores-sem-contrato-as-ultimas-noticias-do-atletico-mg\/","og_site_name":"G\u00e1vea News","article_publisher":"https:\/\/facebook.com\/gaveaNews\/","article_published_time":"2025-01-02T20:05:00+00:00","article_modified_time":"2025-01-02T20:10:16+00:00","og_image":[{"width":1080,"height":720,"url":"https:\/\/www.gaveanews.com\/wp-content\/uploads\/Camisa-do-Atletico-MG.webp","type":"image\/webp"}],"author":"Matheus Felipe","twitter_card":"summary_large_image","twitter_misc":{"Escrito por":"Matheus Felipe","Est. tempo de leitura":"5 minutos"},"schema":{"@context":"https:\/\/schema.org","@graph":[{"@type":"NewsArticle","@id":"https:\/\/www.gaveanews.com\/index.php\/2025\/01\/02\/declaracao-sobre-arena-publicacao-de-deyverson-e-jogadores-sem-contrato-as-ultimas-noticias-do-atletico-mg\/#article","isPartOf":{"@id":"https:\/\/www.gaveanews.com\/index.php\/2025\/01\/02\/declaracao-sobre-arena-publicacao-de-deyverson-e-jogadores-sem-contrato-as-ultimas-noticias-do-atletico-mg\/"},"author":{"name":"Matheus Felipe","@id":"https:\/\/www.gaveanews.com\/#\/schema\/person\/8207cd4627f56151707418bfc835b2fb"},"headline":"Declara\u00e7\u00e3o sobre Arena, publica\u00e7\u00e3o de Deyverson e jogadores sem contrato: as \u00faltimas not\u00edcias do Atl\u00e9tico-MG","datePublished":"2025-01-02T20:05:00+00:00","dateModified":"2025-01-02T20:10:16+00:00","mainEntityOfPage":{"@id":"https:\/\/www.gaveanews.com\/index.php\/2025\/01\/02\/declaracao-sobre-arena-publicacao-de-deyverson-e-jogadores-sem-contrato-as-ultimas-noticias-do-atletico-mg\/"},"wordCount":798,"commentCount":0,"image":{"@id":"https:\/\/www.gaveanews.com\/index.php\/2025\/01\/02\/declaracao-sobre-arena-publicacao-de-deyverson-e-jogadores-sem-contrato-as-ultimas-noticias-do-atletico-mg\/#primaryimage"},"thumbnailUrl":"https:\/\/www.gaveanews.com\/wp-content\/uploads\/Camisa-do-Atletico-MG.webp","articleSection":["Atl\u00e9tico-MG"],"inLanguage":"pt-BR","potentialAction":[{"@type":"CommentAction","name":"Comment","target":["https:\/\/www.gaveanews.com\/index.php\/2025\/01\/02\/declaracao-sobre-arena-publicacao-de-deyverson-e-jogadores-sem-contrato-as-ultimas-noticias-do-atletico-mg\/#respond"]}],"copyrightYear":"2025","copyrightHolder":{"@id":"https:\/\/www.gaveanews.com\/#organization"}},{"@type":"WebPage","@id":"https:\/\/www.gaveanews.com\/index.php\/2025\/01\/02\/declaracao-sobre-arena-publicacao-de-deyverson-e-jogadores-sem-contrato-as-ultimas-noticias-do-atletico-mg\/","url":"https:\/\/www.gaveanews.com\/index.php\/2025\/01\/02\/declaracao-sobre-arena-publicacao-de-deyverson-e-jogadores-sem-contrato-as-ultimas-noticias-do-atletico-mg\/","name":"Declara\u00e7\u00e3o sobre Arena, publica\u00e7\u00e3o de Deyverson e jogadores sem contrato: as \u00faltimas not\u00edcias do Atl\u00e9tico-MG","isPartOf":{"@id":"https:\/\/www.gaveanews.com\/#website"},"primaryImageOfPage":{"@id":"https:\/\/www.gaveanews.com\/index.php\/2025\/01\/02\/declaracao-sobre-arena-publicacao-de-deyverson-e-jogadores-sem-contrato-as-ultimas-noticias-do-atletico-mg\/#primaryimage"},"image":{"@id":"https:\/\/www.gaveanews.com\/index.php\/2025\/01\/02\/declaracao-sobre-arena-publicacao-de-deyverson-e-jogadores-sem-contrato-as-ultimas-noticias-do-atletico-mg\/#primaryimage"},"thumbnailUrl":"https:\/\/www.gaveanews.com\/wp-content\/uploads\/Camisa-do-Atletico-MG.webp","datePublished":"2025-01-02T20:05:00+00:00","dateModified":"2025-01-02T20:10:16+00:00","author":{"@id":"https:\/\/www.gaveanews.com\/#\/schema\/person\/8207cd4627f56151707418bfc835b2fb"},"breadcrumb":{"@id":"https:\/\/www.gaveanews.com\/index.php\/2025\/01\/02\/declaracao-sobre-arena-publicacao-de-deyverson-e-jogadores-sem-contrato-as-ultimas-noticias-do-atletico-mg\/#breadcrumb"},"inLanguage":"pt-BR","potentialAction":[{"@type":"ReadAction","target":["https:\/\/www.gaveanews.com\/index.php\/2025\/01\/02\/declaracao-sobre-arena-publicacao-de-deyverson-e-jogadores-sem-contrato-as-ultimas-noticias-do-atletico-mg\/"]}]},{"@type":"ImageObject","inLanguage":"pt-BR","@id":"https:\/\/www.gaveanews.com\/index.php\/2025\/01\/02\/declaracao-sobre-arena-publicacao-de-deyverson-e-jogadores-sem-contrato-as-ultimas-noticias-do-atletico-mg\/#primaryimage","url":"https:\/\/www.gaveanews.com\/wp-content\/uploads\/Camisa-do-Atletico-MG.webp","contentUrl":"https:\/\/www.gaveanews.com\/wp-content\/uploads\/Camisa-do-Atletico-MG.webp","width":1080,"height":720,"caption":"Camisa do Atl\u00e9tico-MG (Foto: Reprodu\u00e7\u00e3o\/Instagram)"},{"@type":"BreadcrumbList","@id":"https:\/\/www.gaveanews.com\/index.php\/2025\/01\/02\/declaracao-sobre-arena-publicacao-de-deyverson-e-jogadores-sem-contrato-as-ultimas-noticias-do-atletico-mg\/#breadcrumb","itemListElement":[{"@type":"ListItem","position":1,"name":"Home","item":"https:\/\/www.gaveanews.com\/"},{"@type":"ListItem","position":2,"name":"Declara\u00e7\u00e3o sobre Arena, publica\u00e7\u00e3o de Deyverson e jogadores sem contrato: as \u00faltimas not\u00edcias do Atl\u00e9tico-MG"}]},{"@type":"WebSite","@id":"https:\/\/www.gaveanews.com\/#website","url":"https:\/\/www.gaveanews.com\/","name":"G\u00e1vea News","description":"Veja todas as not\u00edcias sobre o Flamengo: Contrata\u00e7\u00f5es, categorias de base, resultados das partidas, tabela de classifica\u00e7\u00e3o, pr\u00f3ximos jogos!","potentialAction":[{"@type":"SearchAction","target":{"@type":"EntryPoint","urlTemplate":"https:\/\/www.gaveanews.com\/?s={search_term_string}"},"query-input":{"@type":"PropertyValueSpecification","valueRequired":true,"valueName":"search_term_string"}}],"inLanguage":"pt-BR"},{"@type":"Person","@id":"https:\/\/www.gaveanews.com\/#\/schema\/person\/8207cd4627f56151707418bfc835b2fb","name":"Matheus Felipe","image":{"@type":"ImageObject","inLanguage":"pt-BR","@id":"https:\/\/www.gaveanews.com\/#\/schema\/person\/image\/","url":"https:\/\/secure.gravatar.com\/avatar\/a452ffbed9130f726358b298bb3a99ce4bd3c5338411f8440e87e14d74c7c087?s=96&d=mm&r=g","contentUrl":"https:\/\/secure.gravatar.com\/avatar\/a452ffbed9130f726358b298bb3a99ce4bd3c5338411f8440e87e14d74c7c087?s=96&d=mm&r=g","caption":"Matheus Felipe"}}]}},"_links":{"self":[{"href":"https:\/\/www.gaveanews.com\/index.php\/wp-json\/wp\/v2\/posts\/206550","targetHints":{"allow":["GET"]}}],"collection":[{"href":"https:\/\/www.gaveanews.com\/index.php\/wp-json\/wp\/v2\/posts"}],"about":[{"href":"https:\/\/www.gaveanews.com\/index.php\/wp-json\/wp\/v2\/types\/post"}],"author":[{"embeddable":true,"href":"https:\/\/www.gaveanews.com\/index.php\/wp-json\/wp\/v2\/users\/27"}],"replies":[{"embeddable":true,"href":"https:\/\/www.gaveanews.com\/index.php\/wp-json\/wp\/v2\/comments?post=206550"}],"version-history":[{"count":1,"href":"https:\/\/www.gaveanews.com\/index.php\/wp-json\/wp\/v2\/posts\/206550\/revisions"}],"predecessor-version":[{"id":206563,"href":"https:\/\/www.gaveanews.com\/index.php\/wp-json\/wp\/v2\/posts\/206550\/revisions\/206563"}],"wp:featuredmedia":[{"embeddable":true,"href":"https:\/\/www.gaveanews.com\/index.php\/wp-json\/wp\/v2\/media\/157061"}],"wp:attachment":[{"href":"https:\/\/www.gaveanews.com\/index.php\/wp-json\/wp\/v2\/media?parent=206550"}],"wp:term":[{"taxonomy":"category","embeddable":true,"href":"https:\/\/www.gaveanews.com\/index.php\/wp-json\/wp\/v2\/categories?post=206550"},{"taxonomy":"post_tag","embeddable":true,"href":"https:\/\/www.gaveanews.com\/index.php\/wp-json\/wp\/v2\/tags?post=206550"}],"curies":[{"name":"wp","href":"https:\/\/api.w.org\/{rel}","templated":true}]}}