{"id":207008,"date":"2025-01-03T13:45:00","date_gmt":"2025-01-03T16:45:00","guid":{"rendered":"https:\/\/www.gaveanews.com\/?p=207008"},"modified":"2025-01-03T13:01:39","modified_gmt":"2025-01-03T16:01:39","slug":"palmeiras-pode-perder-vitor-reis-para-clube-da-europa-2","status":"publish","type":"post","link":"https:\/\/www.gaveanews.com\/index.php\/2025\/01\/03\/palmeiras-pode-perder-vitor-reis-para-clube-da-europa-2\/","title":{"rendered":"Palmeiras pode perder Vitor Reis para clube da Europa"},"content":{"rendered":"\n<h2 class=\"wp-block-heading\" id=\"h-clube-ingles-oferece-r-180-milhoes-por-vitor-reis\">Clube ingl\u00eas oferece R$ 180 milh\u00f5es por Vitor Reis<\/h2>\n\n\n\n<p>O Brighton aumentou mais uma vez a proposta para contratar o zagueiro Vitor Reis, do Palmeiras. Segundo informa\u00e7\u00f5es divulgadas nesta sexta-feira (3) pelo jornal Express, da Inglaterra, o clube que disputa a Premier League elevou a oferta para 23,5 milh\u00f5es de libras, o que equivale a R$ 180 milh\u00f5es na cota\u00e7\u00e3o atual.<\/p>\n\n\n\n<ul class=\"wp-block-list\">\n<li><a href=\"https:\/\/www.gaveanews.com\/index.php\/2025\/01\/03\/palmeiras-esta-muito-proximo-de-anunciar-seu-novo-patrocinador-master\/\">Palmeiras est\u00e1 muito pr\u00f3ximo de anunciar seu novo patrocinador m\u00e1ster<\/a><\/li>\n\n\n\n<li><a href=\"https:\/\/www.gaveanews.com\/index.php\/2025\/01\/03\/faturamento-milionario-recado-para-vitor-roque-e-situacao-de-ex-jogador-as-ultimas-noticias-do-palmeiras\/\">Faturamento milion\u00e1rio, recado para Vitor Roque e situa\u00e7\u00e3o de ex-jogador: as \u00faltimas not\u00edcias do Palmeiras<br><\/a><\/li>\n<\/ul>\n\n\n\n<p>Esta \u00e9 a terceira tentativa do time em poucos dias para negociar com o atleta de apenas 18 anos, que \u00e9 considerado uma das principais promessas reveladas pelo Verd\u00e3o nas \u00faltimas temporadas. Vitor foi promovido ao time profissional em 2024, onde atuou em 22 jogos e anotou dois gols. Com contrato at\u00e9 2028, ele possui uma cl\u00e1usula rescis\u00f3ria de 100 milh\u00f5es de euros.<\/p>\n\n\n\n<p>Essa prote\u00e7\u00e3o contratual e uma poss\u00edvel valoriza\u00e7\u00e3o de Vitor Reis no decorrer de 2025, especialmente com a realiza\u00e7\u00e3o do Mundial de Clubes, levaram o Palmeiras a recusar novamente a proposta inglesa. De acordo com a ESPN, atualmente n\u00e3o h\u00e1 perspectiva da diretoria liderada por Leila Pereira mudar essa decis\u00e3o, especialmente considerando que o jogador atrai o interesse de clubes renomados como Arsenal e Real Madrid. Essa concorr\u00eancia pode resultar em uma venda por um valor ainda maior.<\/p>\n\n\n\n<figure class=\"wp-block-embed is-type-photo is-provider-flickr wp-block-embed-flickr\"><div class=\"wp-block-embed__wrapper\">\n<a href=\"https:\/\/www.flickr.com\/photos\/201636948@N07\/54244170338\/in\/dateposted-public\/\"><img loading=\"lazy\" decoding=\"async\" src=\"https:\/\/live.staticflickr.com\/65535\/54244170338_51b1bbf6b4_z.webp\" alt=\"53909567044_6e0a72cae8_o-1080x1080\" width=\"640\" height=\"640\" \/><\/a>\n<\/div><\/figure>\n\n\n\n<p>No dia 16 de dezembro, a equipe de reportagem descobriu que o Palmeiras rejeitou uma proposta de 25 milh\u00f5es de euros, aproximadamente R$ 160 milh\u00f5es ao c\u00e2mbio da \u00e9poca, por Vitor Reis.<\/p>\n\n\n\n<p>De acordo com a fonte mencionada, o comportamento do time de S\u00e3o Paulo s\u00f3 se alterar\u00e1 diante de uma oferta considerada irrecus\u00e1vel, como ocorreu com Est\u00eav\u00e3o, que foi vendido ao Chelsea e pode gerar at\u00e9 61,5 milh\u00f5es de euros (aproximadamente R$ 390 milh\u00f5es) para os cofres do Palmeiras.<\/p>\n\n\n\n<p>Contudo, o Brighton est\u00e1 confiante de que uma proposta mais vantajosa pode abalar o Palmeiras. O clube ingl\u00eas identificou uma defici\u00eancia na solidez defensiva do seu plantel e planeja a aquisi\u00e7\u00e3o de um defensor nesta janela de transfer\u00eancias.<\/p>\n\n\n\n<p>O treinador Fabian H\u00fcrzeler enfrenta desafios ao escalar sua equipe devido a les\u00f5es. Adam Webster, defensor do Brighton, enfrenta problemas musculares na coxa e j\u00e1 falhou em 13 partidas nesta temporada.<\/p>\n\n\n\n<p>Ferdi Kadioglu, al\u00e9m disso, foi submetido a uma cirurgia devido a uma les\u00e3o no dedo do p\u00e9 e ficou inativo nos \u00faltimos dois meses.<\/p>\n\n\n\n<p><\/p>\n","protected":false},"excerpt":{"rendered":"<p>Clube ingl\u00eas oferece R$ 180 milh\u00f5es por Vitor Reis O Brighton aumentou mais uma vez a proposta para contratar o zagueiro Vitor Reis, do Palmeiras. Segundo informa\u00e7\u00f5es divulgadas nesta sexta-feira (3) pelo jornal Express, da Inglaterra, o clube que disputa a Premier League elevou a oferta para 23,5 milh\u00f5es de libras, o que equivale a [&hellip;]<\/p>\n","protected":false},"author":16,"featured_media":150227,"comment_status":"open","ping_status":"closed","sticky":false,"template":"","format":"standard","meta":{"footnotes":""},"categories":[150],"tags":[],"class_list":["post-207008","post","type-post","status-publish","format-standard","has-post-thumbnail","hentry","category-palmeiras"],"yoast_head":"<!-- This site is optimized with the Yoast SEO Premium plugin v24.2 (Yoast SEO v26.9) - https:\/\/yoast.com\/product\/yoast-seo-premium-wordpress\/ -->\n<title>Palmeiras pode perder Vitor Reis para clube da Europa<\/title>\n<meta name=\"robots\" content=\"index, follow, max-snippet:-1, max-image-preview:large, max-video-preview:-1\" \/>\n<link rel=\"canonical\" href=\"https:\/\/www.gaveanews.com\/index.php\/2025\/01\/03\/palmeiras-pode-perder-vitor-reis-para-clube-da-europa-2\/\" \/>\n<meta property=\"og:locale\" content=\"pt_BR\" \/>\n<meta property=\"og:type\" content=\"article\" \/>\n<meta property=\"og:title\" content=\"Palmeiras pode perder Vitor Reis para clube da Europa\" \/>\n<meta property=\"og:description\" content=\"Clube ingl\u00eas oferece R$ 180 milh\u00f5es por Vitor Reis O Brighton aumentou mais uma vez a proposta para contratar o zagueiro Vitor Reis, do Palmeiras. Segundo informa\u00e7\u00f5es divulgadas nesta sexta-feira (3) pelo jornal Express, da Inglaterra, o clube que disputa a Premier League elevou a oferta para 23,5 milh\u00f5es de libras, o que equivale a [&hellip;]\" \/>\n<meta property=\"og:url\" content=\"https:\/\/www.gaveanews.com\/index.php\/2025\/01\/03\/palmeiras-pode-perder-vitor-reis-para-clube-da-europa-2\/\" \/>\n<meta property=\"og:site_name\" content=\"G\u00e1vea News\" \/>\n<meta property=\"article:publisher\" content=\"https:\/\/facebook.com\/gaveaNews\/\" \/>\n<meta property=\"article:published_time\" content=\"2025-01-03T16:45:00+00:00\" \/>\n<meta property=\"og:image\" content=\"https:\/\/www.gaveanews.com\/wp-content\/uploads\/Vitor-Reis-em-acao-pelo-Palmeiras.webp\" \/>\n\t<meta property=\"og:image:width\" content=\"1080\" \/>\n\t<meta property=\"og:image:height\" content=\"1300\" \/>\n\t<meta property=\"og:image:type\" content=\"image\/jpeg\" \/>\n<meta name=\"author\" content=\"D\u00e9bora Figueiredo\" \/>\n<meta name=\"twitter:card\" content=\"summary_large_image\" \/>\n<meta name=\"twitter:label1\" content=\"Escrito por\" \/>\n\t<meta name=\"twitter:data1\" content=\"D\u00e9bora Figueiredo\" \/>\n\t<meta name=\"twitter:label2\" content=\"Est. tempo de leitura\" \/>\n\t<meta name=\"twitter:data2\" content=\"3 minutos\" \/>\n<script type=\"application\/ld+json\" class=\"yoast-schema-graph\">{\"@context\":\"https:\/\/schema.org\",\"@graph\":[{\"@type\":\"NewsArticle\",\"@id\":\"https:\/\/www.gaveanews.com\/index.php\/2025\/01\/03\/palmeiras-pode-perder-vitor-reis-para-clube-da-europa-2\/#article\",\"isPartOf\":{\"@id\":\"https:\/\/www.gaveanews.com\/index.php\/2025\/01\/03\/palmeiras-pode-perder-vitor-reis-para-clube-da-europa-2\/\"},\"author\":{\"name\":\"D\u00e9bora Figueiredo\",\"@id\":\"https:\/\/www.gaveanews.com\/#\/schema\/person\/37122681a8575a5c8db05a56f099a5e4\"},\"headline\":\"Palmeiras pode perder Vitor Reis para clube da Europa\",\"datePublished\":\"2025-01-03T16:45:00+00:00\",\"mainEntityOfPage\":{\"@id\":\"https:\/\/www.gaveanews.com\/index.php\/2025\/01\/03\/palmeiras-pode-perder-vitor-reis-para-clube-da-europa-2\/\"},\"wordCount\":437,\"commentCount\":0,\"image\":{\"@id\":\"https:\/\/www.gaveanews.com\/index.php\/2025\/01\/03\/palmeiras-pode-perder-vitor-reis-para-clube-da-europa-2\/#primaryimage\"},\"thumbnailUrl\":\"https:\/\/www.gaveanews.com\/wp-content\/uploads\/Vitor-Reis-em-acao-pelo-Palmeiras.webp\",\"articleSection\":[\"Palmeiras\"],\"inLanguage\":\"pt-BR\",\"potentialAction\":[{\"@type\":\"CommentAction\",\"name\":\"Comment\",\"target\":[\"https:\/\/www.gaveanews.com\/index.php\/2025\/01\/03\/palmeiras-pode-perder-vitor-reis-para-clube-da-europa-2\/#respond\"]}],\"copyrightYear\":\"2025\",\"copyrightHolder\":{\"@id\":\"https:\/\/www.gaveanews.com\/#organization\"}},{\"@type\":\"WebPage\",\"@id\":\"https:\/\/www.gaveanews.com\/index.php\/2025\/01\/03\/palmeiras-pode-perder-vitor-reis-para-clube-da-europa-2\/\",\"url\":\"https:\/\/www.gaveanews.com\/index.php\/2025\/01\/03\/palmeiras-pode-perder-vitor-reis-para-clube-da-europa-2\/\",\"name\":\"Palmeiras pode perder Vitor Reis para clube da Europa\",\"isPartOf\":{\"@id\":\"https:\/\/www.gaveanews.com\/#website\"},\"primaryImageOfPage\":{\"@id\":\"https:\/\/www.gaveanews.com\/index.php\/2025\/01\/03\/palmeiras-pode-perder-vitor-reis-para-clube-da-europa-2\/#primaryimage\"},\"image\":{\"@id\":\"https:\/\/www.gaveanews.com\/index.php\/2025\/01\/03\/palmeiras-pode-perder-vitor-reis-para-clube-da-europa-2\/#primaryimage\"},\"thumbnailUrl\":\"https:\/\/www.gaveanews.com\/wp-content\/uploads\/Vitor-Reis-em-acao-pelo-Palmeiras.webp\",\"datePublished\":\"2025-01-03T16:45:00+00:00\",\"author\":{\"@id\":\"https:\/\/www.gaveanews.com\/#\/schema\/person\/37122681a8575a5c8db05a56f099a5e4\"},\"breadcrumb\":{\"@id\":\"https:\/\/www.gaveanews.com\/index.php\/2025\/01\/03\/palmeiras-pode-perder-vitor-reis-para-clube-da-europa-2\/#breadcrumb\"},\"inLanguage\":\"pt-BR\",\"potentialAction\":[{\"@type\":\"ReadAction\",\"target\":[\"https:\/\/www.gaveanews.com\/index.php\/2025\/01\/03\/palmeiras-pode-perder-vitor-reis-para-clube-da-europa-2\/\"]}]},{\"@type\":\"ImageObject\",\"inLanguage\":\"pt-BR\",\"@id\":\"https:\/\/www.gaveanews.com\/index.php\/2025\/01\/03\/palmeiras-pode-perder-vitor-reis-para-clube-da-europa-2\/#primaryimage\",\"url\":\"https:\/\/www.gaveanews.com\/wp-content\/uploads\/Vitor-Reis-em-acao-pelo-Palmeiras.webp\",\"contentUrl\":\"https:\/\/www.gaveanews.com\/wp-content\/uploads\/Vitor-Reis-em-acao-pelo-Palmeiras.webp\",\"width\":1080,\"height\":1300,\"caption\":\"Vitor Reis em a\u00e7\u00e3o pelo Palmeiras (Foto: Reprodu\u00e7\u00e3o\/Instagram)\"},{\"@type\":\"BreadcrumbList\",\"@id\":\"https:\/\/www.gaveanews.com\/index.php\/2025\/01\/03\/palmeiras-pode-perder-vitor-reis-para-clube-da-europa-2\/#breadcrumb\",\"itemListElement\":[{\"@type\":\"ListItem\",\"position\":1,\"name\":\"Home\",\"item\":\"https:\/\/www.gaveanews.com\/\"},{\"@type\":\"ListItem\",\"position\":2,\"name\":\"Palmeiras pode perder Vitor Reis para clube da Europa\"}]},{\"@type\":\"WebSite\",\"@id\":\"https:\/\/www.gaveanews.com\/#website\",\"url\":\"https:\/\/www.gaveanews.com\/\",\"name\":\"G\u00e1vea News\",\"description\":\"Veja todas as not\u00edcias sobre o Flamengo: Contrata\u00e7\u00f5es, categorias de base, resultados das partidas, tabela de classifica\u00e7\u00e3o, pr\u00f3ximos jogos!\",\"potentialAction\":[{\"@type\":\"SearchAction\",\"target\":{\"@type\":\"EntryPoint\",\"urlTemplate\":\"https:\/\/www.gaveanews.com\/?s={search_term_string}\"},\"query-input\":{\"@type\":\"PropertyValueSpecification\",\"valueRequired\":true,\"valueName\":\"search_term_string\"}}],\"inLanguage\":\"pt-BR\"},{\"@type\":\"Person\",\"@id\":\"https:\/\/www.gaveanews.com\/#\/schema\/person\/37122681a8575a5c8db05a56f099a5e4\",\"name\":\"D\u00e9bora Figueiredo\",\"image\":{\"@type\":\"ImageObject\",\"inLanguage\":\"pt-BR\",\"@id\":\"https:\/\/www.gaveanews.com\/#\/schema\/person\/image\/\",\"url\":\"https:\/\/secure.gravatar.com\/avatar\/1f44802859351588499d26f52aed1d15796ce17e67602895b72837c08018868d?s=96&d=mm&r=g\",\"contentUrl\":\"https:\/\/secure.gravatar.com\/avatar\/1f44802859351588499d26f52aed1d15796ce17e67602895b72837c08018868d?s=96&d=mm&r=g\",\"caption\":\"D\u00e9bora Figueiredo\"}}]}<\/script>\n<!-- \/ Yoast SEO Premium plugin. -->","yoast_head_json":{"title":"Palmeiras pode perder Vitor Reis para clube da Europa","robots":{"index":"index","follow":"follow","max-snippet":"max-snippet:-1","max-image-preview":"max-image-preview:large","max-video-preview":"max-video-preview:-1"},"canonical":"https:\/\/www.gaveanews.com\/index.php\/2025\/01\/03\/palmeiras-pode-perder-vitor-reis-para-clube-da-europa-2\/","og_locale":"pt_BR","og_type":"article","og_title":"Palmeiras pode perder Vitor Reis para clube da Europa","og_description":"Clube ingl\u00eas oferece R$ 180 milh\u00f5es por Vitor Reis O Brighton aumentou mais uma vez a proposta para contratar o zagueiro Vitor Reis, do Palmeiras. Segundo informa\u00e7\u00f5es divulgadas nesta sexta-feira (3) pelo jornal Express, da Inglaterra, o clube que disputa a Premier League elevou a oferta para 23,5 milh\u00f5es de libras, o que equivale a [&hellip;]","og_url":"https:\/\/www.gaveanews.com\/index.php\/2025\/01\/03\/palmeiras-pode-perder-vitor-reis-para-clube-da-europa-2\/","og_site_name":"G\u00e1vea News","article_publisher":"https:\/\/facebook.com\/gaveaNews\/","article_published_time":"2025-01-03T16:45:00+00:00","og_image":[{"width":1080,"height":1300,"url":"https:\/\/www.gaveanews.com\/wp-content\/uploads\/Vitor-Reis-em-acao-pelo-Palmeiras.webp","type":"image\/jpeg"}],"author":"D\u00e9bora Figueiredo","twitter_card":"summary_large_image","twitter_misc":{"Escrito por":"D\u00e9bora Figueiredo","Est. tempo de leitura":"3 minutos"},"schema":{"@context":"https:\/\/schema.org","@graph":[{"@type":"NewsArticle","@id":"https:\/\/www.gaveanews.com\/index.php\/2025\/01\/03\/palmeiras-pode-perder-vitor-reis-para-clube-da-europa-2\/#article","isPartOf":{"@id":"https:\/\/www.gaveanews.com\/index.php\/2025\/01\/03\/palmeiras-pode-perder-vitor-reis-para-clube-da-europa-2\/"},"author":{"name":"D\u00e9bora Figueiredo","@id":"https:\/\/www.gaveanews.com\/#\/schema\/person\/37122681a8575a5c8db05a56f099a5e4"},"headline":"Palmeiras pode perder Vitor Reis para clube da Europa","datePublished":"2025-01-03T16:45:00+00:00","mainEntityOfPage":{"@id":"https:\/\/www.gaveanews.com\/index.php\/2025\/01\/03\/palmeiras-pode-perder-vitor-reis-para-clube-da-europa-2\/"},"wordCount":437,"commentCount":0,"image":{"@id":"https:\/\/www.gaveanews.com\/index.php\/2025\/01\/03\/palmeiras-pode-perder-vitor-reis-para-clube-da-europa-2\/#primaryimage"},"thumbnailUrl":"https:\/\/www.gaveanews.com\/wp-content\/uploads\/Vitor-Reis-em-acao-pelo-Palmeiras.webp","articleSection":["Palmeiras"],"inLanguage":"pt-BR","potentialAction":[{"@type":"CommentAction","name":"Comment","target":["https:\/\/www.gaveanews.com\/index.php\/2025\/01\/03\/palmeiras-pode-perder-vitor-reis-para-clube-da-europa-2\/#respond"]}],"copyrightYear":"2025","copyrightHolder":{"@id":"https:\/\/www.gaveanews.com\/#organization"}},{"@type":"WebPage","@id":"https:\/\/www.gaveanews.com\/index.php\/2025\/01\/03\/palmeiras-pode-perder-vitor-reis-para-clube-da-europa-2\/","url":"https:\/\/www.gaveanews.com\/index.php\/2025\/01\/03\/palmeiras-pode-perder-vitor-reis-para-clube-da-europa-2\/","name":"Palmeiras pode perder Vitor Reis para clube da Europa","isPartOf":{"@id":"https:\/\/www.gaveanews.com\/#website"},"primaryImageOfPage":{"@id":"https:\/\/www.gaveanews.com\/index.php\/2025\/01\/03\/palmeiras-pode-perder-vitor-reis-para-clube-da-europa-2\/#primaryimage"},"image":{"@id":"https:\/\/www.gaveanews.com\/index.php\/2025\/01\/03\/palmeiras-pode-perder-vitor-reis-para-clube-da-europa-2\/#primaryimage"},"thumbnailUrl":"https:\/\/www.gaveanews.com\/wp-content\/uploads\/Vitor-Reis-em-acao-pelo-Palmeiras.webp","datePublished":"2025-01-03T16:45:00+00:00","author":{"@id":"https:\/\/www.gaveanews.com\/#\/schema\/person\/37122681a8575a5c8db05a56f099a5e4"},"breadcrumb":{"@id":"https:\/\/www.gaveanews.com\/index.php\/2025\/01\/03\/palmeiras-pode-perder-vitor-reis-para-clube-da-europa-2\/#breadcrumb"},"inLanguage":"pt-BR","potentialAction":[{"@type":"ReadAction","target":["https:\/\/www.gaveanews.com\/index.php\/2025\/01\/03\/palmeiras-pode-perder-vitor-reis-para-clube-da-europa-2\/"]}]},{"@type":"ImageObject","inLanguage":"pt-BR","@id":"https:\/\/www.gaveanews.com\/index.php\/2025\/01\/03\/palmeiras-pode-perder-vitor-reis-para-clube-da-europa-2\/#primaryimage","url":"https:\/\/www.gaveanews.com\/wp-content\/uploads\/Vitor-Reis-em-acao-pelo-Palmeiras.webp","contentUrl":"https:\/\/www.gaveanews.com\/wp-content\/uploads\/Vitor-Reis-em-acao-pelo-Palmeiras.webp","width":1080,"height":1300,"caption":"Vitor Reis em a\u00e7\u00e3o pelo Palmeiras (Foto: Reprodu\u00e7\u00e3o\/Instagram)"},{"@type":"BreadcrumbList","@id":"https:\/\/www.gaveanews.com\/index.php\/2025\/01\/03\/palmeiras-pode-perder-vitor-reis-para-clube-da-europa-2\/#breadcrumb","itemListElement":[{"@type":"ListItem","position":1,"name":"Home","item":"https:\/\/www.gaveanews.com\/"},{"@type":"ListItem","position":2,"name":"Palmeiras pode perder Vitor Reis para clube da Europa"}]},{"@type":"WebSite","@id":"https:\/\/www.gaveanews.com\/#website","url":"https:\/\/www.gaveanews.com\/","name":"G\u00e1vea News","description":"Veja todas as not\u00edcias sobre o Flamengo: Contrata\u00e7\u00f5es, categorias de base, resultados das partidas, tabela de classifica\u00e7\u00e3o, pr\u00f3ximos jogos!","potentialAction":[{"@type":"SearchAction","target":{"@type":"EntryPoint","urlTemplate":"https:\/\/www.gaveanews.com\/?s={search_term_string}"},"query-input":{"@type":"PropertyValueSpecification","valueRequired":true,"valueName":"search_term_string"}}],"inLanguage":"pt-BR"},{"@type":"Person","@id":"https:\/\/www.gaveanews.com\/#\/schema\/person\/37122681a8575a5c8db05a56f099a5e4","name":"D\u00e9bora Figueiredo","image":{"@type":"ImageObject","inLanguage":"pt-BR","@id":"https:\/\/www.gaveanews.com\/#\/schema\/person\/image\/","url":"https:\/\/secure.gravatar.com\/avatar\/1f44802859351588499d26f52aed1d15796ce17e67602895b72837c08018868d?s=96&d=mm&r=g","contentUrl":"https:\/\/secure.gravatar.com\/avatar\/1f44802859351588499d26f52aed1d15796ce17e67602895b72837c08018868d?s=96&d=mm&r=g","caption":"D\u00e9bora Figueiredo"}}]}},"_links":{"self":[{"href":"https:\/\/www.gaveanews.com\/index.php\/wp-json\/wp\/v2\/posts\/207008","targetHints":{"allow":["GET"]}}],"collection":[{"href":"https:\/\/www.gaveanews.com\/index.php\/wp-json\/wp\/v2\/posts"}],"about":[{"href":"https:\/\/www.gaveanews.com\/index.php\/wp-json\/wp\/v2\/types\/post"}],"author":[{"embeddable":true,"href":"https:\/\/www.gaveanews.com\/index.php\/wp-json\/wp\/v2\/users\/16"}],"replies":[{"embeddable":true,"href":"https:\/\/www.gaveanews.com\/index.php\/wp-json\/wp\/v2\/comments?post=207008"}],"version-history":[{"count":1,"href":"https:\/\/www.gaveanews.com\/index.php\/wp-json\/wp\/v2\/posts\/207008\/revisions"}],"predecessor-version":[{"id":207013,"href":"https:\/\/www.gaveanews.com\/index.php\/wp-json\/wp\/v2\/posts\/207008\/revisions\/207013"}],"wp:featuredmedia":[{"embeddable":true,"href":"https:\/\/www.gaveanews.com\/index.php\/wp-json\/wp\/v2\/media\/150227"}],"wp:attachment":[{"href":"https:\/\/www.gaveanews.com\/index.php\/wp-json\/wp\/v2\/media?parent=207008"}],"wp:term":[{"taxonomy":"category","embeddable":true,"href":"https:\/\/www.gaveanews.com\/index.php\/wp-json\/wp\/v2\/categories?post=207008"},{"taxonomy":"post_tag","embeddable":true,"href":"https:\/\/www.gaveanews.com\/index.php\/wp-json\/wp\/v2\/tags?post=207008"}],"curies":[{"name":"wp","href":"https:\/\/api.w.org\/{rel}","templated":true}]}}