{"id":207213,"date":"2025-01-03T20:30:00","date_gmt":"2025-01-03T23:30:00","guid":{"rendered":"https:\/\/www.gaveanews.com\/?p=207213"},"modified":"2025-01-03T18:53:39","modified_gmt":"2025-01-03T21:53:39","slug":"jose-boto-acerta-mais-uma-saida-do-flamengo","status":"publish","type":"post","link":"https:\/\/www.gaveanews.com\/index.php\/2025\/01\/03\/jose-boto-acerta-mais-uma-saida-do-flamengo\/","title":{"rendered":"Jos\u00e9 Boto acerta mais uma sa\u00edda do Flamengo"},"content":{"rendered":"\n<p>A diretoria do Flamengo segue em uma busca constante para tornar a equipe mais profissional. Com a chegada de Jos\u00e9 Boto, que assumiu a posi\u00e7\u00e3o deixada por Marcos Braz, a estrat\u00e9gia se fortalece, principalmente em rela\u00e7\u00e3o \u00e0s movimenta\u00e7\u00f5es no mercado.&nbsp;<\/p>\n\n\n\n<ul class=\"wp-block-list\">\n<li><a href=\"https:\/\/www.gaveanews.com\/index.php\/2025\/01\/03\/flamengo-responde-proposta-do-cruzeiro-por-fabricio-bruno\/\">Flamengo responde proposta do Cruzeiro por Fabr\u00edcio Bruno<\/a><\/li>\n\n\n\n<li><a href=\"https:\/\/www.gaveanews.com\/index.php\/2025\/01\/03\/flamengo-tenta-contratacao-de-titular-do-gremio\/\">Flamengo tenta contrata\u00e7\u00e3o de titular do Gr\u00eamio<\/a><\/li>\n<\/ul>\n\n\n\n<p>Al\u00e9m disso, mudan\u00e7as internas importantes come\u00e7aram a ocorrer, refletindo uma gest\u00e3o mais assertiva e focada no longo prazo.<\/p>\n\n\n\n<h2 class=\"wp-block-heading\" id=\"h-tannure-deixa-o-flamengo\">Tannure deixa o Flamengo<\/h2>\n\n\n\n<figure class=\"wp-block-image size-full\"><img decoding=\"async\" src=\"https:\/\/www.gaveanews.com\/wp-content\/uploads\/Marcio-Tannure-antes-de-uma-partida-da-Copa-Libertadores-2.webp\" alt=\"\" class=\"wp-image-37748\"\/><\/figure>\n\n\n\n<p>Jos\u00e9 Boto n\u00e3o tem poupado esfor\u00e7os para modificar a estrutura do Flamengo, e uma das primeiras a\u00e7\u00f5es foi a sa\u00edda de Dr. M\u00e1rcio Tannure, profissional que estava no clube desde 2002.&nbsp;<\/p>\n\n\n\n<p>Tannure, que come\u00e7ou como estagi\u00e1rio, n\u00e3o faz mais parte da equipe ap\u00f3s decis\u00e3o de Boto, e, para seu lugar, retorna o experiente Dr. Jos\u00e9 Luiz Runco.&nbsp;<\/p>\n\n\n\n<p>Vale destacar que Runco esteve \u00e0 frente do departamento m\u00e9dico do Flamengo por 34 anos, o que o credencia a conduzir mudan\u00e7as necess\u00e1rias. Essa mudan\u00e7a ocorre no momento em que o clube busca sanar os problemas relacionados \u00e0s les\u00f5es que afetaram o desempenho da equipe na \u00faltima temporada.&nbsp;<\/p>\n\n\n\n<p>Dessa maneira, a expectativa \u00e9 que o novo comando traga mais efici\u00eancia no acompanhamento dos jogadores, impactando diretamente o rendimento em campo.<\/p>\n\n\n\n<h2 class=\"wp-block-heading\" id=\"h-movimentacoes-no-mercado\">Movimenta\u00e7\u00f5es no mercado<\/h2>\n\n\n\n<p>Com isso, Jos\u00e9 Boto tamb\u00e9m segue trabalhando no mercado da bola. A prioridade agora \u00e9 encontrar um substituto \u00e0 altura para Gabigol, especialmente com a les\u00e3o de Pedro, que deve demorar a iniciar a temporada.&nbsp;<\/p>\n\n\n\n<p>A chegada de Juninho est\u00e1 sendo cogitada, mas, por enquanto, n\u00e3o h\u00e1 confirma\u00e7\u00e3o de negocia\u00e7\u00f5es. Al\u00e9m disso, o Flamengo tamb\u00e9m est\u00e1 aberto a negocia\u00e7\u00f5es para reduzir o elenco.&nbsp;<\/p>\n\n\n\n<p>Fabr\u00edcio Bruno, por exemplo, foi alvo do Cruzeiro, mas os moldes da negocia\u00e7\u00e3o n\u00e3o agradaram \u00e0 diretoria do Flamengo, que recuou da proposta.<\/p>\n\n\n\n<h2 class=\"wp-block-heading\" id=\"h-profissionalizacao-no-flamengo\">Profissionaliza\u00e7\u00e3o no Flamengo<\/h2>\n\n\n\n<p>Cabe ressaltar que as mudan\u00e7as em curso fazem parte de uma promessa de Bap, presidente do clube, de profissionalizar o Flamengo. Portanto, as decis\u00f5es tomadas por Jos\u00e9 Boto refletem um movimento mais robusto de reestrutura\u00e7\u00e3o, visando um Flamengo mais forte, competitivo e preparado para os desafios que vir\u00e3o na temporada 2025.&nbsp;<\/p>\n\n\n\n<p>A expectativa \u00e9 de um time mais eficiente, tanto dentro quanto fora de campo, o que coloca o Flamengo cada vez mais em sintonia com as grandes pot\u00eancias do futebol brasileiro e mundial.<\/p>\n","protected":false},"excerpt":{"rendered":"<p>A diretoria do Flamengo segue em uma busca constante para tornar a equipe mais profissional. Com a chegada de Jos\u00e9 Boto, que assumiu a posi\u00e7\u00e3o deixada por Marcos Braz, a estrat\u00e9gia se fortalece, principalmente em rela\u00e7\u00e3o \u00e0s movimenta\u00e7\u00f5es no mercado.&nbsp; Al\u00e9m disso, mudan\u00e7as internas importantes come\u00e7aram a ocorrer, refletindo uma gest\u00e3o mais assertiva e focada [&hellip;]<\/p>\n","protected":false},"author":25,"featured_media":205638,"comment_status":"open","ping_status":"closed","sticky":false,"template":"","format":"standard","meta":{"footnotes":""},"categories":[1],"tags":[],"class_list":["post-207213","post","type-post","status-publish","format-standard","has-post-thumbnail","hentry","category-flamengo"],"yoast_head":"<!-- This site is optimized with the Yoast SEO Premium plugin v24.2 (Yoast SEO v26.9) - https:\/\/yoast.com\/product\/yoast-seo-premium-wordpress\/ -->\n<title>Jos\u00e9 Boto acerta mais uma sa\u00edda do Flamengo<\/title>\n<meta name=\"robots\" content=\"index, follow, max-snippet:-1, max-image-preview:large, max-video-preview:-1\" \/>\n<link rel=\"canonical\" href=\"https:\/\/www.gaveanews.com\/index.php\/2025\/01\/03\/jose-boto-acerta-mais-uma-saida-do-flamengo\/\" \/>\n<meta property=\"og:locale\" content=\"pt_BR\" \/>\n<meta property=\"og:type\" content=\"article\" \/>\n<meta property=\"og:title\" content=\"Jos\u00e9 Boto acerta mais uma sa\u00edda do Flamengo\" \/>\n<meta property=\"og:description\" content=\"A diretoria do Flamengo segue em uma busca constante para tornar a equipe mais profissional. Com a chegada de Jos\u00e9 Boto, que assumiu a posi\u00e7\u00e3o deixada por Marcos Braz, a estrat\u00e9gia se fortalece, principalmente em rela\u00e7\u00e3o \u00e0s movimenta\u00e7\u00f5es no mercado.&nbsp; Al\u00e9m disso, mudan\u00e7as internas importantes come\u00e7aram a ocorrer, refletindo uma gest\u00e3o mais assertiva e focada [&hellip;]\" \/>\n<meta property=\"og:url\" content=\"https:\/\/www.gaveanews.com\/index.php\/2025\/01\/03\/jose-boto-acerta-mais-uma-saida-do-flamengo\/\" \/>\n<meta property=\"og:site_name\" content=\"G\u00e1vea News\" \/>\n<meta property=\"article:publisher\" content=\"https:\/\/facebook.com\/gaveaNews\/\" \/>\n<meta property=\"article:published_time\" content=\"2025-01-03T23:30:00+00:00\" \/>\n<meta property=\"og:image\" content=\"https:\/\/www.gaveanews.com\/wp-content\/uploads\/Apresentacao-de-Jose-Boto-no-Flamengo-Foto_-Marcelo-Cortes_CRF.webp\" \/>\n\t<meta property=\"og:image:width\" content=\"2048\" \/>\n\t<meta property=\"og:image:height\" content=\"1362\" \/>\n\t<meta property=\"og:image:type\" content=\"image\/webp\" \/>\n<meta name=\"author\" content=\"Rafaela Ladeira\" \/>\n<meta name=\"twitter:card\" content=\"summary_large_image\" \/>\n<meta name=\"twitter:label1\" content=\"Escrito por\" \/>\n\t<meta name=\"twitter:data1\" content=\"Rafaela Ladeira\" \/>\n\t<meta name=\"twitter:label2\" content=\"Est. tempo de leitura\" \/>\n\t<meta name=\"twitter:data2\" content=\"3 minutos\" \/>\n<script type=\"application\/ld+json\" class=\"yoast-schema-graph\">{\"@context\":\"https:\/\/schema.org\",\"@graph\":[{\"@type\":\"NewsArticle\",\"@id\":\"https:\/\/www.gaveanews.com\/index.php\/2025\/01\/03\/jose-boto-acerta-mais-uma-saida-do-flamengo\/#article\",\"isPartOf\":{\"@id\":\"https:\/\/www.gaveanews.com\/index.php\/2025\/01\/03\/jose-boto-acerta-mais-uma-saida-do-flamengo\/\"},\"author\":{\"name\":\"Rafaela Ladeira\",\"@id\":\"https:\/\/www.gaveanews.com\/#\/schema\/person\/0eb3e3fe1754f0205218538adbe8f5ed\"},\"headline\":\"Jos\u00e9 Boto acerta mais uma sa\u00edda do Flamengo\",\"datePublished\":\"2025-01-03T23:30:00+00:00\",\"mainEntityOfPage\":{\"@id\":\"https:\/\/www.gaveanews.com\/index.php\/2025\/01\/03\/jose-boto-acerta-mais-uma-saida-do-flamengo\/\"},\"wordCount\":432,\"commentCount\":0,\"image\":{\"@id\":\"https:\/\/www.gaveanews.com\/index.php\/2025\/01\/03\/jose-boto-acerta-mais-uma-saida-do-flamengo\/#primaryimage\"},\"thumbnailUrl\":\"https:\/\/www.gaveanews.com\/wp-content\/uploads\/Apresentacao-de-Jose-Boto-no-Flamengo-Foto_-Marcelo-Cortes_CRF.webp\",\"articleSection\":[\"Flamengo\"],\"inLanguage\":\"pt-BR\",\"potentialAction\":[{\"@type\":\"CommentAction\",\"name\":\"Comment\",\"target\":[\"https:\/\/www.gaveanews.com\/index.php\/2025\/01\/03\/jose-boto-acerta-mais-uma-saida-do-flamengo\/#respond\"]}],\"copyrightYear\":\"2025\",\"copyrightHolder\":{\"@id\":\"https:\/\/www.gaveanews.com\/#organization\"}},{\"@type\":\"WebPage\",\"@id\":\"https:\/\/www.gaveanews.com\/index.php\/2025\/01\/03\/jose-boto-acerta-mais-uma-saida-do-flamengo\/\",\"url\":\"https:\/\/www.gaveanews.com\/index.php\/2025\/01\/03\/jose-boto-acerta-mais-uma-saida-do-flamengo\/\",\"name\":\"Jos\u00e9 Boto acerta mais uma sa\u00edda do Flamengo\",\"isPartOf\":{\"@id\":\"https:\/\/www.gaveanews.com\/#website\"},\"primaryImageOfPage\":{\"@id\":\"https:\/\/www.gaveanews.com\/index.php\/2025\/01\/03\/jose-boto-acerta-mais-uma-saida-do-flamengo\/#primaryimage\"},\"image\":{\"@id\":\"https:\/\/www.gaveanews.com\/index.php\/2025\/01\/03\/jose-boto-acerta-mais-uma-saida-do-flamengo\/#primaryimage\"},\"thumbnailUrl\":\"https:\/\/www.gaveanews.com\/wp-content\/uploads\/Apresentacao-de-Jose-Boto-no-Flamengo-Foto_-Marcelo-Cortes_CRF.webp\",\"datePublished\":\"2025-01-03T23:30:00+00:00\",\"author\":{\"@id\":\"https:\/\/www.gaveanews.com\/#\/schema\/person\/0eb3e3fe1754f0205218538adbe8f5ed\"},\"breadcrumb\":{\"@id\":\"https:\/\/www.gaveanews.com\/index.php\/2025\/01\/03\/jose-boto-acerta-mais-uma-saida-do-flamengo\/#breadcrumb\"},\"inLanguage\":\"pt-BR\",\"potentialAction\":[{\"@type\":\"ReadAction\",\"target\":[\"https:\/\/www.gaveanews.com\/index.php\/2025\/01\/03\/jose-boto-acerta-mais-uma-saida-do-flamengo\/\"]}]},{\"@type\":\"ImageObject\",\"inLanguage\":\"pt-BR\",\"@id\":\"https:\/\/www.gaveanews.com\/index.php\/2025\/01\/03\/jose-boto-acerta-mais-uma-saida-do-flamengo\/#primaryimage\",\"url\":\"https:\/\/www.gaveanews.com\/wp-content\/uploads\/Apresentacao-de-Jose-Boto-no-Flamengo-Foto_-Marcelo-Cortes_CRF.webp\",\"contentUrl\":\"https:\/\/www.gaveanews.com\/wp-content\/uploads\/Apresentacao-de-Jose-Boto-no-Flamengo-Foto_-Marcelo-Cortes_CRF.webp\",\"width\":2048,\"height\":1362,\"caption\":\"Entrevista coletiva de Jos\u00e9 Boto (Foto: Reprodu\u00e7\u00e3o\/FlaTV)\"},{\"@type\":\"BreadcrumbList\",\"@id\":\"https:\/\/www.gaveanews.com\/index.php\/2025\/01\/03\/jose-boto-acerta-mais-uma-saida-do-flamengo\/#breadcrumb\",\"itemListElement\":[{\"@type\":\"ListItem\",\"position\":1,\"name\":\"Home\",\"item\":\"https:\/\/www.gaveanews.com\/\"},{\"@type\":\"ListItem\",\"position\":2,\"name\":\"Jos\u00e9 Boto acerta mais uma sa\u00edda do Flamengo\"}]},{\"@type\":\"WebSite\",\"@id\":\"https:\/\/www.gaveanews.com\/#website\",\"url\":\"https:\/\/www.gaveanews.com\/\",\"name\":\"G\u00e1vea News\",\"description\":\"Veja todas as not\u00edcias sobre o Flamengo: Contrata\u00e7\u00f5es, categorias de base, resultados das partidas, tabela de classifica\u00e7\u00e3o, pr\u00f3ximos jogos!\",\"potentialAction\":[{\"@type\":\"SearchAction\",\"target\":{\"@type\":\"EntryPoint\",\"urlTemplate\":\"https:\/\/www.gaveanews.com\/?s={search_term_string}\"},\"query-input\":{\"@type\":\"PropertyValueSpecification\",\"valueRequired\":true,\"valueName\":\"search_term_string\"}}],\"inLanguage\":\"pt-BR\"},{\"@type\":\"Person\",\"@id\":\"https:\/\/www.gaveanews.com\/#\/schema\/person\/0eb3e3fe1754f0205218538adbe8f5ed\",\"name\":\"Rafaela Ladeira\",\"image\":{\"@type\":\"ImageObject\",\"inLanguage\":\"pt-BR\",\"@id\":\"https:\/\/www.gaveanews.com\/#\/schema\/person\/image\/\",\"url\":\"https:\/\/secure.gravatar.com\/avatar\/c31f513acffd85eacab5730cbdfdbbf59f21ba5aeada8cd890acea879fbb2455?s=96&d=mm&r=g\",\"contentUrl\":\"https:\/\/secure.gravatar.com\/avatar\/c31f513acffd85eacab5730cbdfdbbf59f21ba5aeada8cd890acea879fbb2455?s=96&d=mm&r=g\",\"caption\":\"Rafaela Ladeira\"}}]}<\/script>\n<!-- \/ Yoast SEO Premium plugin. -->","yoast_head_json":{"title":"Jos\u00e9 Boto acerta mais uma sa\u00edda do Flamengo","robots":{"index":"index","follow":"follow","max-snippet":"max-snippet:-1","max-image-preview":"max-image-preview:large","max-video-preview":"max-video-preview:-1"},"canonical":"https:\/\/www.gaveanews.com\/index.php\/2025\/01\/03\/jose-boto-acerta-mais-uma-saida-do-flamengo\/","og_locale":"pt_BR","og_type":"article","og_title":"Jos\u00e9 Boto acerta mais uma sa\u00edda do Flamengo","og_description":"A diretoria do Flamengo segue em uma busca constante para tornar a equipe mais profissional. Com a chegada de Jos\u00e9 Boto, que assumiu a posi\u00e7\u00e3o deixada por Marcos Braz, a estrat\u00e9gia se fortalece, principalmente em rela\u00e7\u00e3o \u00e0s movimenta\u00e7\u00f5es no mercado.&nbsp; Al\u00e9m disso, mudan\u00e7as internas importantes come\u00e7aram a ocorrer, refletindo uma gest\u00e3o mais assertiva e focada [&hellip;]","og_url":"https:\/\/www.gaveanews.com\/index.php\/2025\/01\/03\/jose-boto-acerta-mais-uma-saida-do-flamengo\/","og_site_name":"G\u00e1vea News","article_publisher":"https:\/\/facebook.com\/gaveaNews\/","article_published_time":"2025-01-03T23:30:00+00:00","og_image":[{"width":2048,"height":1362,"url":"https:\/\/www.gaveanews.com\/wp-content\/uploads\/Apresentacao-de-Jose-Boto-no-Flamengo-Foto_-Marcelo-Cortes_CRF.webp","type":"image\/webp"}],"author":"Rafaela Ladeira","twitter_card":"summary_large_image","twitter_misc":{"Escrito por":"Rafaela Ladeira","Est. tempo de leitura":"3 minutos"},"schema":{"@context":"https:\/\/schema.org","@graph":[{"@type":"NewsArticle","@id":"https:\/\/www.gaveanews.com\/index.php\/2025\/01\/03\/jose-boto-acerta-mais-uma-saida-do-flamengo\/#article","isPartOf":{"@id":"https:\/\/www.gaveanews.com\/index.php\/2025\/01\/03\/jose-boto-acerta-mais-uma-saida-do-flamengo\/"},"author":{"name":"Rafaela Ladeira","@id":"https:\/\/www.gaveanews.com\/#\/schema\/person\/0eb3e3fe1754f0205218538adbe8f5ed"},"headline":"Jos\u00e9 Boto acerta mais uma sa\u00edda do Flamengo","datePublished":"2025-01-03T23:30:00+00:00","mainEntityOfPage":{"@id":"https:\/\/www.gaveanews.com\/index.php\/2025\/01\/03\/jose-boto-acerta-mais-uma-saida-do-flamengo\/"},"wordCount":432,"commentCount":0,"image":{"@id":"https:\/\/www.gaveanews.com\/index.php\/2025\/01\/03\/jose-boto-acerta-mais-uma-saida-do-flamengo\/#primaryimage"},"thumbnailUrl":"https:\/\/www.gaveanews.com\/wp-content\/uploads\/Apresentacao-de-Jose-Boto-no-Flamengo-Foto_-Marcelo-Cortes_CRF.webp","articleSection":["Flamengo"],"inLanguage":"pt-BR","potentialAction":[{"@type":"CommentAction","name":"Comment","target":["https:\/\/www.gaveanews.com\/index.php\/2025\/01\/03\/jose-boto-acerta-mais-uma-saida-do-flamengo\/#respond"]}],"copyrightYear":"2025","copyrightHolder":{"@id":"https:\/\/www.gaveanews.com\/#organization"}},{"@type":"WebPage","@id":"https:\/\/www.gaveanews.com\/index.php\/2025\/01\/03\/jose-boto-acerta-mais-uma-saida-do-flamengo\/","url":"https:\/\/www.gaveanews.com\/index.php\/2025\/01\/03\/jose-boto-acerta-mais-uma-saida-do-flamengo\/","name":"Jos\u00e9 Boto acerta mais uma sa\u00edda do Flamengo","isPartOf":{"@id":"https:\/\/www.gaveanews.com\/#website"},"primaryImageOfPage":{"@id":"https:\/\/www.gaveanews.com\/index.php\/2025\/01\/03\/jose-boto-acerta-mais-uma-saida-do-flamengo\/#primaryimage"},"image":{"@id":"https:\/\/www.gaveanews.com\/index.php\/2025\/01\/03\/jose-boto-acerta-mais-uma-saida-do-flamengo\/#primaryimage"},"thumbnailUrl":"https:\/\/www.gaveanews.com\/wp-content\/uploads\/Apresentacao-de-Jose-Boto-no-Flamengo-Foto_-Marcelo-Cortes_CRF.webp","datePublished":"2025-01-03T23:30:00+00:00","author":{"@id":"https:\/\/www.gaveanews.com\/#\/schema\/person\/0eb3e3fe1754f0205218538adbe8f5ed"},"breadcrumb":{"@id":"https:\/\/www.gaveanews.com\/index.php\/2025\/01\/03\/jose-boto-acerta-mais-uma-saida-do-flamengo\/#breadcrumb"},"inLanguage":"pt-BR","potentialAction":[{"@type":"ReadAction","target":["https:\/\/www.gaveanews.com\/index.php\/2025\/01\/03\/jose-boto-acerta-mais-uma-saida-do-flamengo\/"]}]},{"@type":"ImageObject","inLanguage":"pt-BR","@id":"https:\/\/www.gaveanews.com\/index.php\/2025\/01\/03\/jose-boto-acerta-mais-uma-saida-do-flamengo\/#primaryimage","url":"https:\/\/www.gaveanews.com\/wp-content\/uploads\/Apresentacao-de-Jose-Boto-no-Flamengo-Foto_-Marcelo-Cortes_CRF.webp","contentUrl":"https:\/\/www.gaveanews.com\/wp-content\/uploads\/Apresentacao-de-Jose-Boto-no-Flamengo-Foto_-Marcelo-Cortes_CRF.webp","width":2048,"height":1362,"caption":"Entrevista coletiva de Jos\u00e9 Boto (Foto: Reprodu\u00e7\u00e3o\/FlaTV)"},{"@type":"BreadcrumbList","@id":"https:\/\/www.gaveanews.com\/index.php\/2025\/01\/03\/jose-boto-acerta-mais-uma-saida-do-flamengo\/#breadcrumb","itemListElement":[{"@type":"ListItem","position":1,"name":"Home","item":"https:\/\/www.gaveanews.com\/"},{"@type":"ListItem","position":2,"name":"Jos\u00e9 Boto acerta mais uma sa\u00edda do Flamengo"}]},{"@type":"WebSite","@id":"https:\/\/www.gaveanews.com\/#website","url":"https:\/\/www.gaveanews.com\/","name":"G\u00e1vea News","description":"Veja todas as not\u00edcias sobre o Flamengo: Contrata\u00e7\u00f5es, categorias de base, resultados das partidas, tabela de classifica\u00e7\u00e3o, pr\u00f3ximos jogos!","potentialAction":[{"@type":"SearchAction","target":{"@type":"EntryPoint","urlTemplate":"https:\/\/www.gaveanews.com\/?s={search_term_string}"},"query-input":{"@type":"PropertyValueSpecification","valueRequired":true,"valueName":"search_term_string"}}],"inLanguage":"pt-BR"},{"@type":"Person","@id":"https:\/\/www.gaveanews.com\/#\/schema\/person\/0eb3e3fe1754f0205218538adbe8f5ed","name":"Rafaela Ladeira","image":{"@type":"ImageObject","inLanguage":"pt-BR","@id":"https:\/\/www.gaveanews.com\/#\/schema\/person\/image\/","url":"https:\/\/secure.gravatar.com\/avatar\/c31f513acffd85eacab5730cbdfdbbf59f21ba5aeada8cd890acea879fbb2455?s=96&d=mm&r=g","contentUrl":"https:\/\/secure.gravatar.com\/avatar\/c31f513acffd85eacab5730cbdfdbbf59f21ba5aeada8cd890acea879fbb2455?s=96&d=mm&r=g","caption":"Rafaela Ladeira"}}]}},"_links":{"self":[{"href":"https:\/\/www.gaveanews.com\/index.php\/wp-json\/wp\/v2\/posts\/207213","targetHints":{"allow":["GET"]}}],"collection":[{"href":"https:\/\/www.gaveanews.com\/index.php\/wp-json\/wp\/v2\/posts"}],"about":[{"href":"https:\/\/www.gaveanews.com\/index.php\/wp-json\/wp\/v2\/types\/post"}],"author":[{"embeddable":true,"href":"https:\/\/www.gaveanews.com\/index.php\/wp-json\/wp\/v2\/users\/25"}],"replies":[{"embeddable":true,"href":"https:\/\/www.gaveanews.com\/index.php\/wp-json\/wp\/v2\/comments?post=207213"}],"version-history":[{"count":1,"href":"https:\/\/www.gaveanews.com\/index.php\/wp-json\/wp\/v2\/posts\/207213\/revisions"}],"predecessor-version":[{"id":207214,"href":"https:\/\/www.gaveanews.com\/index.php\/wp-json\/wp\/v2\/posts\/207213\/revisions\/207214"}],"wp:featuredmedia":[{"embeddable":true,"href":"https:\/\/www.gaveanews.com\/index.php\/wp-json\/wp\/v2\/media\/205638"}],"wp:attachment":[{"href":"https:\/\/www.gaveanews.com\/index.php\/wp-json\/wp\/v2\/media?parent=207213"}],"wp:term":[{"taxonomy":"category","embeddable":true,"href":"https:\/\/www.gaveanews.com\/index.php\/wp-json\/wp\/v2\/categories?post=207213"},{"taxonomy":"post_tag","embeddable":true,"href":"https:\/\/www.gaveanews.com\/index.php\/wp-json\/wp\/v2\/tags?post=207213"}],"curies":[{"name":"wp","href":"https:\/\/api.w.org\/{rel}","templated":true}]}}