{"id":20728,"date":"2019-05-20T11:54:35","date_gmt":"2019-05-20T14:54:35","guid":{"rendered":"https:\/\/www.gaveanews.com\/?p=20728"},"modified":"2019-09-20T13:13:55","modified_gmt":"2019-09-20T16:13:55","slug":"diretoria-do-flamengo-acerta-a-contratacao-de-seu-segundo-reforco-para-o-segundo-semestre-de-2019","status":"publish","type":"post","link":"https:\/\/www.gaveanews.com\/index.php\/2019\/05\/20\/diretoria-do-flamengo-acerta-a-contratacao-de-seu-segundo-reforco-para-o-segundo-semestre-de-2019\/","title":{"rendered":"Diretoria do Flamengo acerta a contrata\u00e7\u00e3o de seu segundo refor\u00e7o para o segundo semestre de 2019"},"content":{"rendered":"\n<p>O \u201cmochil\u00e3o\u201d da diretoria do Flamengo pela Europa come\u00e7a a render frutos, e a bagagem, aos poucos, vai ficando mais pesada. Nesta segunda, o Flamengo ouviu o \u201csim\u201d de Rafinha. O lateral decidiu retornar ao Brasil, aceitou a proposta rubro-negra e vai refor\u00e7ar o Rubro-Negro no segundo semestre.<\/p>\n\n\n\n<p>Ap\u00f3s 13 temporadas na Europa, Rafinha est\u00e1 de volta ao Brasil e vai assinar contrato de dois anos com o Flamengo. O lateral, de 33 anos, estava desde 2011 no Bayern de Munique, onde conquistou in\u00fameros t\u00edtulos, entre eles a Champions League e o Mundial de Clubes, em 2013.<\/p>\n\n\n\n<p>Desde fevereiro Rafinha deu a palavra ao Flamengo: se voltasse ao Brasil, a G\u00e1vea seria o destino. No entanto, em fim de contrato com o Bayern de Munique, recebeu ofertas de grandes clubes europeus, como a Inter de Mil\u00e3o, por exemplo.<\/p>\n\n\n\n<p>Em passagem pela Alemanha, a dire\u00e7\u00e3o do Flamengo se reuniu com o jogador, refor\u00e7ou o projeto e superou a concorr\u00eancia. A presen\u00e7a in loco nas negocia\u00e7\u00f5es foi decisiva. Marcos Braz e Bruno Spindell desembarcaram no dia 10 de maio na Europa. O segundo j\u00e1 retornou ao Brasil. No momento, apenas o vice de futebol segue tocando o barco para encher o \u201cmochil\u00e3o\u201d, termo adotado por Luiz Eduardo Baptista (BAP), vice de Rela\u00e7\u00f5es Externas, ao se referir \u00e0 viagem da dupla em busca de refor\u00e7os.<\/p>\n\n\n\n<p>Rafinha \u00e9 o primeiro refor\u00e7o de peso para o segundo semestre, mas n\u00e3o ser\u00e1 surpresa se outros nomes pintarem na G\u00e1vea em breve. O Flamengo j\u00e1 teve reuni\u00f5es com Filipe Luis e aguarda uma resposta do lateral do Atl\u00e9tico de Madrid. O Rubro-Negro ainda busca um zagueiro na Europa.<\/p>\n\n\n\n<p>Rafinha chega \u00e0 G\u00e1vea para ser o dono da lateral-direita, posi\u00e7\u00e3o que Par\u00e1 e Rodinei alternam a titularidade h\u00e1 anos. O segundo foi procurado por alguns clubes brasileiros e provavelmente n\u00e3o emplaca o segundo semestre no Rio de Janeiro. <\/p>\n\n\n\n<p>Vale destacar que Rafinha ser\u00e1 o segundo refor\u00e7o do Meng\u00e3o. Isso porque, Jo\u00e3o Lucas, de 21 anos de idade, chegou do Bangu ap\u00f3s fazer um bom Campeonato Carioca.<\/p>\n\n\n\n<figure class=\"wp-block-embed-twitter wp-block-embed is-type-rich is-provider-twitter\"><div class=\"wp-block-embed__wrapper\">\nhttps:\/\/twitter.com\/gavea_news\/status\/1127380425846992897\n<\/div><\/figure>\n\n\n\n<p>Adaptado de: Globo Esporte<\/p>\n","protected":false},"excerpt":{"rendered":"<p>O \u201cmochil\u00e3o\u201d da diretoria do Flamengo pela Europa come\u00e7a a render frutos, e a bagagem, aos poucos, vai ficando mais pesada. Nesta segunda, o Flamengo ouviu o \u201csim\u201d de Rafinha. O lateral decidiu retornar ao Brasil, aceitou a proposta rubro-negra e vai refor\u00e7ar o Rubro-Negro no segundo semestre. Ap\u00f3s 13 temporadas na Europa, Rafinha est\u00e1 [&hellip;]<\/p>\n","protected":false},"author":1,"featured_media":23647,"comment_status":"open","ping_status":"open","sticky":false,"template":"","format":"standard","meta":{"footnotes":""},"categories":[48],"tags":[],"class_list":["post-20728","post","type-post","status-publish","format-standard","has-post-thumbnail","hentry","category-negociacoes"],"yoast_head":"<!-- This site is optimized with the Yoast SEO Premium plugin v24.2 (Yoast SEO v26.9) - https:\/\/yoast.com\/product\/yoast-seo-premium-wordpress\/ -->\n<title>Diretoria do Flamengo acerta a contrata\u00e7\u00e3o de seu segundo refor\u00e7o para o segundo semestre de 2019<\/title>\n<meta name=\"robots\" content=\"index, follow, max-snippet:-1, max-image-preview:large, max-video-preview:-1\" \/>\n<link rel=\"canonical\" href=\"https:\/\/www.gaveanews.com\/index.php\/2019\/05\/20\/diretoria-do-flamengo-acerta-a-contratacao-de-seu-segundo-reforco-para-o-segundo-semestre-de-2019\/\" \/>\n<meta property=\"og:locale\" content=\"pt_BR\" \/>\n<meta property=\"og:type\" content=\"article\" \/>\n<meta property=\"og:title\" content=\"Diretoria do Flamengo acerta a contrata\u00e7\u00e3o de seu segundo refor\u00e7o para o segundo semestre de 2019\" \/>\n<meta property=\"og:description\" content=\"O \u201cmochil\u00e3o\u201d da diretoria do Flamengo pela Europa come\u00e7a a render frutos, e a bagagem, aos poucos, vai ficando mais pesada. Nesta segunda, o Flamengo ouviu o \u201csim\u201d de Rafinha. O lateral decidiu retornar ao Brasil, aceitou a proposta rubro-negra e vai refor\u00e7ar o Rubro-Negro no segundo semestre. Ap\u00f3s 13 temporadas na Europa, Rafinha est\u00e1 [&hellip;]\" \/>\n<meta property=\"og:url\" content=\"https:\/\/www.gaveanews.com\/index.php\/2019\/05\/20\/diretoria-do-flamengo-acerta-a-contratacao-de-seu-segundo-reforco-para-o-segundo-semestre-de-2019\/\" \/>\n<meta property=\"og:site_name\" content=\"G\u00e1vea News\" \/>\n<meta property=\"article:publisher\" content=\"https:\/\/facebook.com\/gaveaNews\/\" \/>\n<meta property=\"article:published_time\" content=\"2019-05-20T14:54:35+00:00\" \/>\n<meta property=\"article:modified_time\" content=\"2019-09-20T16:13:55+00:00\" \/>\n<meta property=\"og:image\" content=\"https:\/\/www.gaveanews.com\/wp-content\/uploads\/2019\/07\/Joao-Lucas-e-Reinier-durante-treinamento-do-Flamengo-no-Ninho-do-Urubu.webp\" \/>\n\t<meta property=\"og:image:width\" content=\"1\" \/>\n\t<meta property=\"og:image:height\" content=\"1\" \/>\n\t<meta property=\"og:image:type\" content=\"image\/jpeg\" \/>\n<meta name=\"author\" content=\"Equipe G\u00e1vea News\" \/>\n<meta name=\"twitter:card\" content=\"summary_large_image\" \/>\n<meta name=\"twitter:label1\" content=\"Escrito por\" \/>\n\t<meta name=\"twitter:data1\" content=\"Equipe G\u00e1vea News\" \/>\n\t<meta name=\"twitter:label2\" content=\"Est. tempo de leitura\" \/>\n\t<meta name=\"twitter:data2\" content=\"2 minutos\" \/>\n<script type=\"application\/ld+json\" class=\"yoast-schema-graph\">{\"@context\":\"https:\/\/schema.org\",\"@graph\":[{\"@type\":\"NewsArticle\",\"@id\":\"https:\/\/www.gaveanews.com\/index.php\/2019\/05\/20\/diretoria-do-flamengo-acerta-a-contratacao-de-seu-segundo-reforco-para-o-segundo-semestre-de-2019\/#article\",\"isPartOf\":{\"@id\":\"https:\/\/www.gaveanews.com\/index.php\/2019\/05\/20\/diretoria-do-flamengo-acerta-a-contratacao-de-seu-segundo-reforco-para-o-segundo-semestre-de-2019\/\"},\"author\":{\"name\":\"Equipe G\u00e1vea News\",\"@id\":\"https:\/\/www.gaveanews.com\/#\/schema\/person\/2ec14f73fb96be2caf28f91afb14749d\"},\"headline\":\"Diretoria do Flamengo acerta a contrata\u00e7\u00e3o de seu segundo refor\u00e7o para o segundo semestre de 2019\",\"datePublished\":\"2019-05-20T14:54:35+00:00\",\"dateModified\":\"2019-09-20T16:13:55+00:00\",\"mainEntityOfPage\":{\"@id\":\"https:\/\/www.gaveanews.com\/index.php\/2019\/05\/20\/diretoria-do-flamengo-acerta-a-contratacao-de-seu-segundo-reforco-para-o-segundo-semestre-de-2019\/\"},\"wordCount\":384,\"commentCount\":0,\"image\":{\"@id\":\"https:\/\/www.gaveanews.com\/index.php\/2019\/05\/20\/diretoria-do-flamengo-acerta-a-contratacao-de-seu-segundo-reforco-para-o-segundo-semestre-de-2019\/#primaryimage\"},\"thumbnailUrl\":\"https:\/\/www.gaveanews.com\/wp-content\/uploads\/2019\/07\/Joao-Lucas-e-Reinier-durante-treinamento-do-Flamengo-no-Ninho-do-Urubu.webp\",\"articleSection\":[\"Negocia\u00e7\u00f5es\"],\"inLanguage\":\"pt-BR\",\"potentialAction\":[{\"@type\":\"CommentAction\",\"name\":\"Comment\",\"target\":[\"https:\/\/www.gaveanews.com\/index.php\/2019\/05\/20\/diretoria-do-flamengo-acerta-a-contratacao-de-seu-segundo-reforco-para-o-segundo-semestre-de-2019\/#respond\"]}],\"copyrightYear\":\"2019\",\"copyrightHolder\":{\"@id\":\"https:\/\/www.gaveanews.com\/#organization\"}},{\"@type\":\"WebPage\",\"@id\":\"https:\/\/www.gaveanews.com\/index.php\/2019\/05\/20\/diretoria-do-flamengo-acerta-a-contratacao-de-seu-segundo-reforco-para-o-segundo-semestre-de-2019\/\",\"url\":\"https:\/\/www.gaveanews.com\/index.php\/2019\/05\/20\/diretoria-do-flamengo-acerta-a-contratacao-de-seu-segundo-reforco-para-o-segundo-semestre-de-2019\/\",\"name\":\"Diretoria do Flamengo acerta a contrata\u00e7\u00e3o de seu segundo refor\u00e7o para o segundo semestre de 2019\",\"isPartOf\":{\"@id\":\"https:\/\/www.gaveanews.com\/#website\"},\"primaryImageOfPage\":{\"@id\":\"https:\/\/www.gaveanews.com\/index.php\/2019\/05\/20\/diretoria-do-flamengo-acerta-a-contratacao-de-seu-segundo-reforco-para-o-segundo-semestre-de-2019\/#primaryimage\"},\"image\":{\"@id\":\"https:\/\/www.gaveanews.com\/index.php\/2019\/05\/20\/diretoria-do-flamengo-acerta-a-contratacao-de-seu-segundo-reforco-para-o-segundo-semestre-de-2019\/#primaryimage\"},\"thumbnailUrl\":\"https:\/\/www.gaveanews.com\/wp-content\/uploads\/2019\/07\/Joao-Lucas-e-Reinier-durante-treinamento-do-Flamengo-no-Ninho-do-Urubu.webp\",\"datePublished\":\"2019-05-20T14:54:35+00:00\",\"dateModified\":\"2019-09-20T16:13:55+00:00\",\"author\":{\"@id\":\"https:\/\/www.gaveanews.com\/#\/schema\/person\/2ec14f73fb96be2caf28f91afb14749d\"},\"breadcrumb\":{\"@id\":\"https:\/\/www.gaveanews.com\/index.php\/2019\/05\/20\/diretoria-do-flamengo-acerta-a-contratacao-de-seu-segundo-reforco-para-o-segundo-semestre-de-2019\/#breadcrumb\"},\"inLanguage\":\"pt-BR\",\"potentialAction\":[{\"@type\":\"ReadAction\",\"target\":[\"https:\/\/www.gaveanews.com\/index.php\/2019\/05\/20\/diretoria-do-flamengo-acerta-a-contratacao-de-seu-segundo-reforco-para-o-segundo-semestre-de-2019\/\"]}]},{\"@type\":\"ImageObject\",\"inLanguage\":\"pt-BR\",\"@id\":\"https:\/\/www.gaveanews.com\/index.php\/2019\/05\/20\/diretoria-do-flamengo-acerta-a-contratacao-de-seu-segundo-reforco-para-o-segundo-semestre-de-2019\/#primaryimage\",\"url\":\"https:\/\/www.gaveanews.com\/wp-content\/uploads\/2019\/07\/Joao-Lucas-e-Reinier-durante-treinamento-do-Flamengo-no-Ninho-do-Urubu.webp\",\"contentUrl\":\"https:\/\/www.gaveanews.com\/wp-content\/uploads\/2019\/07\/Joao-Lucas-e-Reinier-durante-treinamento-do-Flamengo-no-Ninho-do-Urubu.webp\",\"width\":703,\"height\":493,\"caption\":\"Jo\u00e3o Lucas e Reinier durante treinamento do Flamengo no Ninho do Urubu (Foto: Alexandre Vidal\/Flamengo)\"},{\"@type\":\"BreadcrumbList\",\"@id\":\"https:\/\/www.gaveanews.com\/index.php\/2019\/05\/20\/diretoria-do-flamengo-acerta-a-contratacao-de-seu-segundo-reforco-para-o-segundo-semestre-de-2019\/#breadcrumb\",\"itemListElement\":[{\"@type\":\"ListItem\",\"position\":1,\"name\":\"Home\",\"item\":\"https:\/\/www.gaveanews.com\/\"},{\"@type\":\"ListItem\",\"position\":2,\"name\":\"Diretoria do Flamengo acerta a contrata\u00e7\u00e3o de seu segundo refor\u00e7o para o segundo semestre de 2019\"}]},{\"@type\":\"WebSite\",\"@id\":\"https:\/\/www.gaveanews.com\/#website\",\"url\":\"https:\/\/www.gaveanews.com\/\",\"name\":\"G\u00e1vea News\",\"description\":\"Veja todas as not\u00edcias sobre o Flamengo: Contrata\u00e7\u00f5es, categorias de base, resultados das partidas, tabela de classifica\u00e7\u00e3o, pr\u00f3ximos jogos!\",\"potentialAction\":[{\"@type\":\"SearchAction\",\"target\":{\"@type\":\"EntryPoint\",\"urlTemplate\":\"https:\/\/www.gaveanews.com\/?s={search_term_string}\"},\"query-input\":{\"@type\":\"PropertyValueSpecification\",\"valueRequired\":true,\"valueName\":\"search_term_string\"}}],\"inLanguage\":\"pt-BR\"},{\"@type\":\"Person\",\"@id\":\"https:\/\/www.gaveanews.com\/#\/schema\/person\/2ec14f73fb96be2caf28f91afb14749d\",\"name\":\"Equipe G\u00e1vea News\",\"image\":{\"@type\":\"ImageObject\",\"inLanguage\":\"pt-BR\",\"@id\":\"https:\/\/www.gaveanews.com\/#\/schema\/person\/image\/\",\"url\":\"https:\/\/secure.gravatar.com\/avatar\/1e1956f1facbffd3f8fa53a326721950116b3b9dc9bd44939c01180fd4a745a9?s=96&d=mm&r=g\",\"contentUrl\":\"https:\/\/secure.gravatar.com\/avatar\/1e1956f1facbffd3f8fa53a326721950116b3b9dc9bd44939c01180fd4a745a9?s=96&d=mm&r=g\",\"caption\":\"Equipe G\u00e1vea News\"}}]}<\/script>\n<!-- \/ Yoast SEO Premium plugin. -->","yoast_head_json":{"title":"Diretoria do Flamengo acerta a contrata\u00e7\u00e3o de seu segundo refor\u00e7o para o segundo semestre de 2019","robots":{"index":"index","follow":"follow","max-snippet":"max-snippet:-1","max-image-preview":"max-image-preview:large","max-video-preview":"max-video-preview:-1"},"canonical":"https:\/\/www.gaveanews.com\/index.php\/2019\/05\/20\/diretoria-do-flamengo-acerta-a-contratacao-de-seu-segundo-reforco-para-o-segundo-semestre-de-2019\/","og_locale":"pt_BR","og_type":"article","og_title":"Diretoria do Flamengo acerta a contrata\u00e7\u00e3o de seu segundo refor\u00e7o para o segundo semestre de 2019","og_description":"O \u201cmochil\u00e3o\u201d da diretoria do Flamengo pela Europa come\u00e7a a render frutos, e a bagagem, aos poucos, vai ficando mais pesada. Nesta segunda, o Flamengo ouviu o \u201csim\u201d de Rafinha. O lateral decidiu retornar ao Brasil, aceitou a proposta rubro-negra e vai refor\u00e7ar o Rubro-Negro no segundo semestre. Ap\u00f3s 13 temporadas na Europa, Rafinha est\u00e1 [&hellip;]","og_url":"https:\/\/www.gaveanews.com\/index.php\/2019\/05\/20\/diretoria-do-flamengo-acerta-a-contratacao-de-seu-segundo-reforco-para-o-segundo-semestre-de-2019\/","og_site_name":"G\u00e1vea News","article_publisher":"https:\/\/facebook.com\/gaveaNews\/","article_published_time":"2019-05-20T14:54:35+00:00","article_modified_time":"2019-09-20T16:13:55+00:00","og_image":[{"url":"https:\/\/www.gaveanews.com\/wp-content\/uploads\/2019\/07\/Joao-Lucas-e-Reinier-durante-treinamento-do-Flamengo-no-Ninho-do-Urubu.webp","width":1,"height":1,"type":"image\/jpeg"}],"author":"Equipe G\u00e1vea News","twitter_card":"summary_large_image","twitter_misc":{"Escrito por":"Equipe G\u00e1vea News","Est. tempo de leitura":"2 minutos"},"schema":{"@context":"https:\/\/schema.org","@graph":[{"@type":"NewsArticle","@id":"https:\/\/www.gaveanews.com\/index.php\/2019\/05\/20\/diretoria-do-flamengo-acerta-a-contratacao-de-seu-segundo-reforco-para-o-segundo-semestre-de-2019\/#article","isPartOf":{"@id":"https:\/\/www.gaveanews.com\/index.php\/2019\/05\/20\/diretoria-do-flamengo-acerta-a-contratacao-de-seu-segundo-reforco-para-o-segundo-semestre-de-2019\/"},"author":{"name":"Equipe G\u00e1vea News","@id":"https:\/\/www.gaveanews.com\/#\/schema\/person\/2ec14f73fb96be2caf28f91afb14749d"},"headline":"Diretoria do Flamengo acerta a contrata\u00e7\u00e3o de seu segundo refor\u00e7o para o segundo semestre de 2019","datePublished":"2019-05-20T14:54:35+00:00","dateModified":"2019-09-20T16:13:55+00:00","mainEntityOfPage":{"@id":"https:\/\/www.gaveanews.com\/index.php\/2019\/05\/20\/diretoria-do-flamengo-acerta-a-contratacao-de-seu-segundo-reforco-para-o-segundo-semestre-de-2019\/"},"wordCount":384,"commentCount":0,"image":{"@id":"https:\/\/www.gaveanews.com\/index.php\/2019\/05\/20\/diretoria-do-flamengo-acerta-a-contratacao-de-seu-segundo-reforco-para-o-segundo-semestre-de-2019\/#primaryimage"},"thumbnailUrl":"https:\/\/www.gaveanews.com\/wp-content\/uploads\/2019\/07\/Joao-Lucas-e-Reinier-durante-treinamento-do-Flamengo-no-Ninho-do-Urubu.webp","articleSection":["Negocia\u00e7\u00f5es"],"inLanguage":"pt-BR","potentialAction":[{"@type":"CommentAction","name":"Comment","target":["https:\/\/www.gaveanews.com\/index.php\/2019\/05\/20\/diretoria-do-flamengo-acerta-a-contratacao-de-seu-segundo-reforco-para-o-segundo-semestre-de-2019\/#respond"]}],"copyrightYear":"2019","copyrightHolder":{"@id":"https:\/\/www.gaveanews.com\/#organization"}},{"@type":"WebPage","@id":"https:\/\/www.gaveanews.com\/index.php\/2019\/05\/20\/diretoria-do-flamengo-acerta-a-contratacao-de-seu-segundo-reforco-para-o-segundo-semestre-de-2019\/","url":"https:\/\/www.gaveanews.com\/index.php\/2019\/05\/20\/diretoria-do-flamengo-acerta-a-contratacao-de-seu-segundo-reforco-para-o-segundo-semestre-de-2019\/","name":"Diretoria do Flamengo acerta a contrata\u00e7\u00e3o de seu segundo refor\u00e7o para o segundo semestre de 2019","isPartOf":{"@id":"https:\/\/www.gaveanews.com\/#website"},"primaryImageOfPage":{"@id":"https:\/\/www.gaveanews.com\/index.php\/2019\/05\/20\/diretoria-do-flamengo-acerta-a-contratacao-de-seu-segundo-reforco-para-o-segundo-semestre-de-2019\/#primaryimage"},"image":{"@id":"https:\/\/www.gaveanews.com\/index.php\/2019\/05\/20\/diretoria-do-flamengo-acerta-a-contratacao-de-seu-segundo-reforco-para-o-segundo-semestre-de-2019\/#primaryimage"},"thumbnailUrl":"https:\/\/www.gaveanews.com\/wp-content\/uploads\/2019\/07\/Joao-Lucas-e-Reinier-durante-treinamento-do-Flamengo-no-Ninho-do-Urubu.webp","datePublished":"2019-05-20T14:54:35+00:00","dateModified":"2019-09-20T16:13:55+00:00","author":{"@id":"https:\/\/www.gaveanews.com\/#\/schema\/person\/2ec14f73fb96be2caf28f91afb14749d"},"breadcrumb":{"@id":"https:\/\/www.gaveanews.com\/index.php\/2019\/05\/20\/diretoria-do-flamengo-acerta-a-contratacao-de-seu-segundo-reforco-para-o-segundo-semestre-de-2019\/#breadcrumb"},"inLanguage":"pt-BR","potentialAction":[{"@type":"ReadAction","target":["https:\/\/www.gaveanews.com\/index.php\/2019\/05\/20\/diretoria-do-flamengo-acerta-a-contratacao-de-seu-segundo-reforco-para-o-segundo-semestre-de-2019\/"]}]},{"@type":"ImageObject","inLanguage":"pt-BR","@id":"https:\/\/www.gaveanews.com\/index.php\/2019\/05\/20\/diretoria-do-flamengo-acerta-a-contratacao-de-seu-segundo-reforco-para-o-segundo-semestre-de-2019\/#primaryimage","url":"https:\/\/www.gaveanews.com\/wp-content\/uploads\/2019\/07\/Joao-Lucas-e-Reinier-durante-treinamento-do-Flamengo-no-Ninho-do-Urubu.webp","contentUrl":"https:\/\/www.gaveanews.com\/wp-content\/uploads\/2019\/07\/Joao-Lucas-e-Reinier-durante-treinamento-do-Flamengo-no-Ninho-do-Urubu.webp","width":703,"height":493,"caption":"Jo\u00e3o Lucas e Reinier durante treinamento do Flamengo no Ninho do Urubu (Foto: Alexandre Vidal\/Flamengo)"},{"@type":"BreadcrumbList","@id":"https:\/\/www.gaveanews.com\/index.php\/2019\/05\/20\/diretoria-do-flamengo-acerta-a-contratacao-de-seu-segundo-reforco-para-o-segundo-semestre-de-2019\/#breadcrumb","itemListElement":[{"@type":"ListItem","position":1,"name":"Home","item":"https:\/\/www.gaveanews.com\/"},{"@type":"ListItem","position":2,"name":"Diretoria do Flamengo acerta a contrata\u00e7\u00e3o de seu segundo refor\u00e7o para o segundo semestre de 2019"}]},{"@type":"WebSite","@id":"https:\/\/www.gaveanews.com\/#website","url":"https:\/\/www.gaveanews.com\/","name":"G\u00e1vea News","description":"Veja todas as not\u00edcias sobre o Flamengo: Contrata\u00e7\u00f5es, categorias de base, resultados das partidas, tabela de classifica\u00e7\u00e3o, pr\u00f3ximos jogos!","potentialAction":[{"@type":"SearchAction","target":{"@type":"EntryPoint","urlTemplate":"https:\/\/www.gaveanews.com\/?s={search_term_string}"},"query-input":{"@type":"PropertyValueSpecification","valueRequired":true,"valueName":"search_term_string"}}],"inLanguage":"pt-BR"},{"@type":"Person","@id":"https:\/\/www.gaveanews.com\/#\/schema\/person\/2ec14f73fb96be2caf28f91afb14749d","name":"Equipe G\u00e1vea News","image":{"@type":"ImageObject","inLanguage":"pt-BR","@id":"https:\/\/www.gaveanews.com\/#\/schema\/person\/image\/","url":"https:\/\/secure.gravatar.com\/avatar\/1e1956f1facbffd3f8fa53a326721950116b3b9dc9bd44939c01180fd4a745a9?s=96&d=mm&r=g","contentUrl":"https:\/\/secure.gravatar.com\/avatar\/1e1956f1facbffd3f8fa53a326721950116b3b9dc9bd44939c01180fd4a745a9?s=96&d=mm&r=g","caption":"Equipe G\u00e1vea News"}}]}},"_links":{"self":[{"href":"https:\/\/www.gaveanews.com\/index.php\/wp-json\/wp\/v2\/posts\/20728","targetHints":{"allow":["GET"]}}],"collection":[{"href":"https:\/\/www.gaveanews.com\/index.php\/wp-json\/wp\/v2\/posts"}],"about":[{"href":"https:\/\/www.gaveanews.com\/index.php\/wp-json\/wp\/v2\/types\/post"}],"author":[{"embeddable":true,"href":"https:\/\/www.gaveanews.com\/index.php\/wp-json\/wp\/v2\/users\/1"}],"replies":[{"embeddable":true,"href":"https:\/\/www.gaveanews.com\/index.php\/wp-json\/wp\/v2\/comments?post=20728"}],"version-history":[{"count":0,"href":"https:\/\/www.gaveanews.com\/index.php\/wp-json\/wp\/v2\/posts\/20728\/revisions"}],"wp:featuredmedia":[{"embeddable":true,"href":"https:\/\/www.gaveanews.com\/index.php\/wp-json\/wp\/v2\/media\/23647"}],"wp:attachment":[{"href":"https:\/\/www.gaveanews.com\/index.php\/wp-json\/wp\/v2\/media?parent=20728"}],"wp:term":[{"taxonomy":"category","embeddable":true,"href":"https:\/\/www.gaveanews.com\/index.php\/wp-json\/wp\/v2\/categories?post=20728"},{"taxonomy":"post_tag","embeddable":true,"href":"https:\/\/www.gaveanews.com\/index.php\/wp-json\/wp\/v2\/tags?post=20728"}],"curies":[{"name":"wp","href":"https:\/\/api.w.org\/{rel}","templated":true}]}}