{"id":207313,"date":"2025-01-04T17:50:00","date_gmt":"2025-01-04T20:50:00","guid":{"rendered":"https:\/\/www.gaveanews.com\/?p=207313"},"modified":"2025-01-04T17:46:47","modified_gmt":"2025-01-04T20:46:47","slug":"vasco-abre-conversas-para-contratar-zagueiro","status":"publish","type":"post","link":"https:\/\/www.gaveanews.com\/index.php\/2025\/01\/04\/vasco-abre-conversas-para-contratar-zagueiro\/","title":{"rendered":"Vasco abre conversas para contratar zagueiro"},"content":{"rendered":"\n<p>O Vasco iniciou negocia\u00e7\u00f5es para fortalecer seu setor defensivo com a poss\u00edvel aquisi\u00e7\u00e3o de Pedro Henrique, zagueiro que atualmente joga no Red Bull Bragantino e que possui passagem anterior pelo Athletico-PR. As tratativas com o clube paulista e os representantes do atleta seguem em andamento, contudo, ainda n\u00e3o houve avan\u00e7os concretos.<\/p>\n\n\n\n<ul class=\"wp-block-list\">\n<li><a href=\"https:\/\/www.gaveanews.com\/index.php\/2025\/01\/03\/vasco-a-declaracao-do-craque-neto-direcionada-a-coutinho-e-payet\/\">Vasco: a declara\u00e7\u00e3o do Craque Neto direcionada a Coutinho e Payet<\/a><\/li>\n\n\n\n<li><a href=\"https:\/\/www.gaveanews.com\/index.php\/2024\/12\/21\/vasco-a-declaracao-de-lucas-piton-direcionada-a-payet\/\">Vasco: a declara\u00e7\u00e3o de Lucas Piton direcionada a Payet<\/a><\/li>\n<\/ul>\n\n\n\n<p>A busca por Pedro Henrique, jogador de 29 anos, encontra-se em fase explorat\u00f3ria. O clube carioca apresentou suas condi\u00e7\u00f5es negociais ao Bragantino e \u00e0 equipe que gerencia a carreira do jogador. A informa\u00e7\u00e3o inicialmente circulou no canal &#8220;Aten\u00e7\u00e3o, Vasca\u00ednos!&#8221; e, posteriormente, veiculada no portal &#8216;UOL&#8217;.<\/p>\n\n\n\n<h2 class=\"wp-block-heading\" id=\"h-historico-e-situacao-contratual-do-zagueiro\">Hist\u00f3rico e situa\u00e7\u00e3o contratual do zagueiro<\/h2>\n\n\n\n<p>Pedro Henrique mant\u00e9m v\u00ednculo contratual com o Red Bull Bragantino at\u00e9 2026, sendo considerado um jogador importante na temporada em que o clube assegurou sua perman\u00eancia na S\u00e9rie A. Em 2023, o Vasco manifestou interesse no jogador, por\u00e9m, as elevadas exig\u00eancias financeiras do Athletico-PR, \u00e0 \u00e9poca detentor dos direitos do atleta, levaram o clube carioca a interromper as negocia\u00e7\u00f5es.<\/p>\n\n\n\n<figure class=\"wp-block-image size-full\"><img loading=\"lazy\" decoding=\"async\" width=\"811\" height=\"737\" src=\"https:\/\/www.gaveanews.com\/wp-content\/uploads\/Pedro-Henrique-pelo-Bragantino.webp\" alt=\"\" class=\"wp-image-180452\" srcset=\"https:\/\/www.gaveanews.com\/wp-content\/uploads\/Pedro-Henrique-pelo-Bragantino.webp 811w, https:\/\/www.gaveanews.com\/wp-content\/uploads\/Pedro-Henrique-pelo-Bragantino-300x273.webp 300w, https:\/\/www.gaveanews.com\/wp-content\/uploads\/Pedro-Henrique-pelo-Bragantino-768x698.webp 768w, https:\/\/www.gaveanews.com\/wp-content\/uploads\/Pedro-Henrique-pelo-Bragantino-462x420.webp 462w, https:\/\/www.gaveanews.com\/wp-content\/uploads\/Pedro-Henrique-pelo-Bragantino-640x582.webp 640w, https:\/\/www.gaveanews.com\/wp-content\/uploads\/Pedro-Henrique-pelo-Bragantino-681x619.webp 681w, https:\/\/www.gaveanews.com\/wp-content\/uploads\/Pedro-Henrique-pelo-Bragantino-100x91.webp 100w\" sizes=\"auto, (max-width: 811px) 100vw, 811px\" \/><figcaption class=\"wp-element-caption\">Pedro Henrique pelo Bragantino (Foto: Ari Ferreira\/Red Bull Bragantino)<\/figcaption><\/figure>\n\n\n\n<p>Al\u00e9m disso, o Vasco j\u00e1 implementou o processo de reformula\u00e7\u00e3o de sua linha defensiva. A chegada de Lucas Oliveira, zagueiro proveniente do Cruzeiro, est\u00e1 praticamente acertada. Essa contrata\u00e7\u00e3o demonstra a inten\u00e7\u00e3o do clube de investir em uma retaguarda s\u00f3lida para a pr\u00f3xima temporada.<\/p>\n\n\n\n<p>No contexto das mudan\u00e7as no elenco, o Vasco confirmou a transfer\u00eancia de L\u00e9o para o Athletico-PR e est\u00e1 em vias de concluir o empr\u00e9stimo de Maicon ao Coritiba. Essas movimenta\u00e7\u00f5es objetivam equilibrar o elenco e criar oportunidades para que novos jogadores integrem o sistema defensivo da equipe.<\/p>\n\n\n\n<p>Com uma abordagem estrat\u00e9gica, o Vasco continua a busca por refor\u00e7os que atendam \u00e0s necessidades do treinador e \u00e0s expectativas da torcida. O clube demonstra disposi\u00e7\u00e3o para investir, mas age com cautela para assegurar a sustentabilidade financeira de suas opera\u00e7\u00f5es.<\/p>\n\n\n\n<p>A expectativa \u00e9 que as negocia\u00e7\u00f5es apresentem progressos nos pr\u00f3ximos dias, permitindo ao Vasco definir a composi\u00e7\u00e3o final de sua defesa para a temporada de 2024. A torcida acompanha com expectativa os pr\u00f3ximos passos do clube no mercado de transfer\u00eancias. Dessa maneira, o clube segue em busca de solu\u00e7\u00f5es para o setor.<\/p>\n","protected":false},"excerpt":{"rendered":"<p>O Vasco iniciou negocia\u00e7\u00f5es para fortalecer seu setor defensivo com a poss\u00edvel aquisi\u00e7\u00e3o de Pedro Henrique, zagueiro que atualmente joga no Red Bull Bragantino e que possui passagem anterior pelo Athletico-PR. As tratativas com o clube paulista e os representantes do atleta seguem em andamento, contudo, ainda n\u00e3o houve avan\u00e7os concretos. A busca por Pedro [&hellip;]<\/p>\n","protected":false},"author":28,"featured_media":152090,"comment_status":"open","ping_status":"closed","sticky":false,"template":"","format":"standard","meta":{"footnotes":""},"categories":[152],"tags":[],"class_list":["post-207313","post","type-post","status-publish","format-standard","has-post-thumbnail","hentry","category-vasco"],"yoast_head":"<!-- This site is optimized with the Yoast SEO Premium plugin v24.2 (Yoast SEO v26.9) - https:\/\/yoast.com\/product\/yoast-seo-premium-wordpress\/ -->\n<title>Vasco abre conversas para contratar zagueiro<\/title>\n<meta name=\"robots\" content=\"index, follow, max-snippet:-1, max-image-preview:large, max-video-preview:-1\" \/>\n<link rel=\"canonical\" href=\"https:\/\/www.gaveanews.com\/index.php\/2025\/01\/04\/vasco-abre-conversas-para-contratar-zagueiro\/\" \/>\n<meta property=\"og:locale\" content=\"pt_BR\" \/>\n<meta property=\"og:type\" content=\"article\" \/>\n<meta property=\"og:title\" content=\"Vasco abre conversas para contratar zagueiro\" \/>\n<meta property=\"og:description\" content=\"O Vasco iniciou negocia\u00e7\u00f5es para fortalecer seu setor defensivo com a poss\u00edvel aquisi\u00e7\u00e3o de Pedro Henrique, zagueiro que atualmente joga no Red Bull Bragantino e que possui passagem anterior pelo Athletico-PR. As tratativas com o clube paulista e os representantes do atleta seguem em andamento, contudo, ainda n\u00e3o houve avan\u00e7os concretos. A busca por Pedro [&hellip;]\" \/>\n<meta property=\"og:url\" content=\"https:\/\/www.gaveanews.com\/index.php\/2025\/01\/04\/vasco-abre-conversas-para-contratar-zagueiro\/\" \/>\n<meta property=\"og:site_name\" content=\"G\u00e1vea News\" \/>\n<meta property=\"article:publisher\" content=\"https:\/\/facebook.com\/gaveaNews\/\" \/>\n<meta property=\"article:published_time\" content=\"2025-01-04T20:50:00+00:00\" \/>\n<meta property=\"og:image\" content=\"https:\/\/www.gaveanews.com\/wp-content\/uploads\/Bandeira-do-Vasco-da-Gama.webp\" \/>\n\t<meta property=\"og:image:width\" content=\"1159\" \/>\n\t<meta property=\"og:image:height\" content=\"772\" \/>\n\t<meta property=\"og:image:type\" content=\"image\/webp\" \/>\n<meta name=\"author\" content=\"Hudson Pereira\" \/>\n<meta name=\"twitter:card\" content=\"summary_large_image\" \/>\n<meta name=\"twitter:label1\" content=\"Escrito por\" \/>\n\t<meta name=\"twitter:data1\" content=\"Hudson Pereira\" \/>\n\t<meta name=\"twitter:label2\" content=\"Est. tempo de leitura\" \/>\n\t<meta name=\"twitter:data2\" content=\"3 minutos\" \/>\n<script type=\"application\/ld+json\" class=\"yoast-schema-graph\">{\"@context\":\"https:\/\/schema.org\",\"@graph\":[{\"@type\":\"NewsArticle\",\"@id\":\"https:\/\/www.gaveanews.com\/index.php\/2025\/01\/04\/vasco-abre-conversas-para-contratar-zagueiro\/#article\",\"isPartOf\":{\"@id\":\"https:\/\/www.gaveanews.com\/index.php\/2025\/01\/04\/vasco-abre-conversas-para-contratar-zagueiro\/\"},\"author\":{\"name\":\"Hudson Pereira\",\"@id\":\"https:\/\/www.gaveanews.com\/#\/schema\/person\/bd08f00534b403119b92741a6d469ef0\"},\"headline\":\"Vasco abre conversas para contratar zagueiro\",\"datePublished\":\"2025-01-04T20:50:00+00:00\",\"mainEntityOfPage\":{\"@id\":\"https:\/\/www.gaveanews.com\/index.php\/2025\/01\/04\/vasco-abre-conversas-para-contratar-zagueiro\/\"},\"wordCount\":414,\"commentCount\":0,\"image\":{\"@id\":\"https:\/\/www.gaveanews.com\/index.php\/2025\/01\/04\/vasco-abre-conversas-para-contratar-zagueiro\/#primaryimage\"},\"thumbnailUrl\":\"https:\/\/www.gaveanews.com\/wp-content\/uploads\/Bandeira-do-Vasco-da-Gama.webp\",\"articleSection\":[\"Vasco\"],\"inLanguage\":\"pt-BR\",\"potentialAction\":[{\"@type\":\"CommentAction\",\"name\":\"Comment\",\"target\":[\"https:\/\/www.gaveanews.com\/index.php\/2025\/01\/04\/vasco-abre-conversas-para-contratar-zagueiro\/#respond\"]}],\"copyrightYear\":\"2025\",\"copyrightHolder\":{\"@id\":\"https:\/\/www.gaveanews.com\/#organization\"}},{\"@type\":\"WebPage\",\"@id\":\"https:\/\/www.gaveanews.com\/index.php\/2025\/01\/04\/vasco-abre-conversas-para-contratar-zagueiro\/\",\"url\":\"https:\/\/www.gaveanews.com\/index.php\/2025\/01\/04\/vasco-abre-conversas-para-contratar-zagueiro\/\",\"name\":\"Vasco abre conversas para contratar zagueiro\",\"isPartOf\":{\"@id\":\"https:\/\/www.gaveanews.com\/#website\"},\"primaryImageOfPage\":{\"@id\":\"https:\/\/www.gaveanews.com\/index.php\/2025\/01\/04\/vasco-abre-conversas-para-contratar-zagueiro\/#primaryimage\"},\"image\":{\"@id\":\"https:\/\/www.gaveanews.com\/index.php\/2025\/01\/04\/vasco-abre-conversas-para-contratar-zagueiro\/#primaryimage\"},\"thumbnailUrl\":\"https:\/\/www.gaveanews.com\/wp-content\/uploads\/Bandeira-do-Vasco-da-Gama.webp\",\"datePublished\":\"2025-01-04T20:50:00+00:00\",\"author\":{\"@id\":\"https:\/\/www.gaveanews.com\/#\/schema\/person\/bd08f00534b403119b92741a6d469ef0\"},\"breadcrumb\":{\"@id\":\"https:\/\/www.gaveanews.com\/index.php\/2025\/01\/04\/vasco-abre-conversas-para-contratar-zagueiro\/#breadcrumb\"},\"inLanguage\":\"pt-BR\",\"potentialAction\":[{\"@type\":\"ReadAction\",\"target\":[\"https:\/\/www.gaveanews.com\/index.php\/2025\/01\/04\/vasco-abre-conversas-para-contratar-zagueiro\/\"]}]},{\"@type\":\"ImageObject\",\"inLanguage\":\"pt-BR\",\"@id\":\"https:\/\/www.gaveanews.com\/index.php\/2025\/01\/04\/vasco-abre-conversas-para-contratar-zagueiro\/#primaryimage\",\"url\":\"https:\/\/www.gaveanews.com\/wp-content\/uploads\/Bandeira-do-Vasco-da-Gama.webp\",\"contentUrl\":\"https:\/\/www.gaveanews.com\/wp-content\/uploads\/Bandeira-do-Vasco-da-Gama.webp\",\"width\":1159,\"height\":772,\"caption\":\"Bandeira do Vasco da Gama (Foto: Reprodu\u00e7\u00e3o\/Vasco)\"},{\"@type\":\"BreadcrumbList\",\"@id\":\"https:\/\/www.gaveanews.com\/index.php\/2025\/01\/04\/vasco-abre-conversas-para-contratar-zagueiro\/#breadcrumb\",\"itemListElement\":[{\"@type\":\"ListItem\",\"position\":1,\"name\":\"Home\",\"item\":\"https:\/\/www.gaveanews.com\/\"},{\"@type\":\"ListItem\",\"position\":2,\"name\":\"Vasco abre conversas para contratar zagueiro\"}]},{\"@type\":\"WebSite\",\"@id\":\"https:\/\/www.gaveanews.com\/#website\",\"url\":\"https:\/\/www.gaveanews.com\/\",\"name\":\"G\u00e1vea News\",\"description\":\"Veja todas as not\u00edcias sobre o Flamengo: Contrata\u00e7\u00f5es, categorias de base, resultados das partidas, tabela de classifica\u00e7\u00e3o, pr\u00f3ximos jogos!\",\"potentialAction\":[{\"@type\":\"SearchAction\",\"target\":{\"@type\":\"EntryPoint\",\"urlTemplate\":\"https:\/\/www.gaveanews.com\/?s={search_term_string}\"},\"query-input\":{\"@type\":\"PropertyValueSpecification\",\"valueRequired\":true,\"valueName\":\"search_term_string\"}}],\"inLanguage\":\"pt-BR\"},{\"@type\":\"Person\",\"@id\":\"https:\/\/www.gaveanews.com\/#\/schema\/person\/bd08f00534b403119b92741a6d469ef0\",\"name\":\"Hudson Pereira\",\"image\":{\"@type\":\"ImageObject\",\"inLanguage\":\"pt-BR\",\"@id\":\"https:\/\/www.gaveanews.com\/#\/schema\/person\/image\/\",\"url\":\"https:\/\/secure.gravatar.com\/avatar\/ecc491b489e454e510efffc9b23c1052ce5fb4f2e05555768ba65819cd55f03e?s=96&d=mm&r=g\",\"contentUrl\":\"https:\/\/secure.gravatar.com\/avatar\/ecc491b489e454e510efffc9b23c1052ce5fb4f2e05555768ba65819cd55f03e?s=96&d=mm&r=g\",\"caption\":\"Hudson Pereira\"}}]}<\/script>\n<!-- \/ Yoast SEO Premium plugin. -->","yoast_head_json":{"title":"Vasco abre conversas para contratar zagueiro","robots":{"index":"index","follow":"follow","max-snippet":"max-snippet:-1","max-image-preview":"max-image-preview:large","max-video-preview":"max-video-preview:-1"},"canonical":"https:\/\/www.gaveanews.com\/index.php\/2025\/01\/04\/vasco-abre-conversas-para-contratar-zagueiro\/","og_locale":"pt_BR","og_type":"article","og_title":"Vasco abre conversas para contratar zagueiro","og_description":"O Vasco iniciou negocia\u00e7\u00f5es para fortalecer seu setor defensivo com a poss\u00edvel aquisi\u00e7\u00e3o de Pedro Henrique, zagueiro que atualmente joga no Red Bull Bragantino e que possui passagem anterior pelo Athletico-PR. As tratativas com o clube paulista e os representantes do atleta seguem em andamento, contudo, ainda n\u00e3o houve avan\u00e7os concretos. A busca por Pedro [&hellip;]","og_url":"https:\/\/www.gaveanews.com\/index.php\/2025\/01\/04\/vasco-abre-conversas-para-contratar-zagueiro\/","og_site_name":"G\u00e1vea News","article_publisher":"https:\/\/facebook.com\/gaveaNews\/","article_published_time":"2025-01-04T20:50:00+00:00","og_image":[{"width":1159,"height":772,"url":"https:\/\/www.gaveanews.com\/wp-content\/uploads\/Bandeira-do-Vasco-da-Gama.webp","type":"image\/webp"}],"author":"Hudson Pereira","twitter_card":"summary_large_image","twitter_misc":{"Escrito por":"Hudson Pereira","Est. tempo de leitura":"3 minutos"},"schema":{"@context":"https:\/\/schema.org","@graph":[{"@type":"NewsArticle","@id":"https:\/\/www.gaveanews.com\/index.php\/2025\/01\/04\/vasco-abre-conversas-para-contratar-zagueiro\/#article","isPartOf":{"@id":"https:\/\/www.gaveanews.com\/index.php\/2025\/01\/04\/vasco-abre-conversas-para-contratar-zagueiro\/"},"author":{"name":"Hudson Pereira","@id":"https:\/\/www.gaveanews.com\/#\/schema\/person\/bd08f00534b403119b92741a6d469ef0"},"headline":"Vasco abre conversas para contratar zagueiro","datePublished":"2025-01-04T20:50:00+00:00","mainEntityOfPage":{"@id":"https:\/\/www.gaveanews.com\/index.php\/2025\/01\/04\/vasco-abre-conversas-para-contratar-zagueiro\/"},"wordCount":414,"commentCount":0,"image":{"@id":"https:\/\/www.gaveanews.com\/index.php\/2025\/01\/04\/vasco-abre-conversas-para-contratar-zagueiro\/#primaryimage"},"thumbnailUrl":"https:\/\/www.gaveanews.com\/wp-content\/uploads\/Bandeira-do-Vasco-da-Gama.webp","articleSection":["Vasco"],"inLanguage":"pt-BR","potentialAction":[{"@type":"CommentAction","name":"Comment","target":["https:\/\/www.gaveanews.com\/index.php\/2025\/01\/04\/vasco-abre-conversas-para-contratar-zagueiro\/#respond"]}],"copyrightYear":"2025","copyrightHolder":{"@id":"https:\/\/www.gaveanews.com\/#organization"}},{"@type":"WebPage","@id":"https:\/\/www.gaveanews.com\/index.php\/2025\/01\/04\/vasco-abre-conversas-para-contratar-zagueiro\/","url":"https:\/\/www.gaveanews.com\/index.php\/2025\/01\/04\/vasco-abre-conversas-para-contratar-zagueiro\/","name":"Vasco abre conversas para contratar zagueiro","isPartOf":{"@id":"https:\/\/www.gaveanews.com\/#website"},"primaryImageOfPage":{"@id":"https:\/\/www.gaveanews.com\/index.php\/2025\/01\/04\/vasco-abre-conversas-para-contratar-zagueiro\/#primaryimage"},"image":{"@id":"https:\/\/www.gaveanews.com\/index.php\/2025\/01\/04\/vasco-abre-conversas-para-contratar-zagueiro\/#primaryimage"},"thumbnailUrl":"https:\/\/www.gaveanews.com\/wp-content\/uploads\/Bandeira-do-Vasco-da-Gama.webp","datePublished":"2025-01-04T20:50:00+00:00","author":{"@id":"https:\/\/www.gaveanews.com\/#\/schema\/person\/bd08f00534b403119b92741a6d469ef0"},"breadcrumb":{"@id":"https:\/\/www.gaveanews.com\/index.php\/2025\/01\/04\/vasco-abre-conversas-para-contratar-zagueiro\/#breadcrumb"},"inLanguage":"pt-BR","potentialAction":[{"@type":"ReadAction","target":["https:\/\/www.gaveanews.com\/index.php\/2025\/01\/04\/vasco-abre-conversas-para-contratar-zagueiro\/"]}]},{"@type":"ImageObject","inLanguage":"pt-BR","@id":"https:\/\/www.gaveanews.com\/index.php\/2025\/01\/04\/vasco-abre-conversas-para-contratar-zagueiro\/#primaryimage","url":"https:\/\/www.gaveanews.com\/wp-content\/uploads\/Bandeira-do-Vasco-da-Gama.webp","contentUrl":"https:\/\/www.gaveanews.com\/wp-content\/uploads\/Bandeira-do-Vasco-da-Gama.webp","width":1159,"height":772,"caption":"Bandeira do Vasco da Gama (Foto: Reprodu\u00e7\u00e3o\/Vasco)"},{"@type":"BreadcrumbList","@id":"https:\/\/www.gaveanews.com\/index.php\/2025\/01\/04\/vasco-abre-conversas-para-contratar-zagueiro\/#breadcrumb","itemListElement":[{"@type":"ListItem","position":1,"name":"Home","item":"https:\/\/www.gaveanews.com\/"},{"@type":"ListItem","position":2,"name":"Vasco abre conversas para contratar zagueiro"}]},{"@type":"WebSite","@id":"https:\/\/www.gaveanews.com\/#website","url":"https:\/\/www.gaveanews.com\/","name":"G\u00e1vea News","description":"Veja todas as not\u00edcias sobre o Flamengo: Contrata\u00e7\u00f5es, categorias de base, resultados das partidas, tabela de classifica\u00e7\u00e3o, pr\u00f3ximos jogos!","potentialAction":[{"@type":"SearchAction","target":{"@type":"EntryPoint","urlTemplate":"https:\/\/www.gaveanews.com\/?s={search_term_string}"},"query-input":{"@type":"PropertyValueSpecification","valueRequired":true,"valueName":"search_term_string"}}],"inLanguage":"pt-BR"},{"@type":"Person","@id":"https:\/\/www.gaveanews.com\/#\/schema\/person\/bd08f00534b403119b92741a6d469ef0","name":"Hudson Pereira","image":{"@type":"ImageObject","inLanguage":"pt-BR","@id":"https:\/\/www.gaveanews.com\/#\/schema\/person\/image\/","url":"https:\/\/secure.gravatar.com\/avatar\/ecc491b489e454e510efffc9b23c1052ce5fb4f2e05555768ba65819cd55f03e?s=96&d=mm&r=g","contentUrl":"https:\/\/secure.gravatar.com\/avatar\/ecc491b489e454e510efffc9b23c1052ce5fb4f2e05555768ba65819cd55f03e?s=96&d=mm&r=g","caption":"Hudson Pereira"}}]}},"_links":{"self":[{"href":"https:\/\/www.gaveanews.com\/index.php\/wp-json\/wp\/v2\/posts\/207313","targetHints":{"allow":["GET"]}}],"collection":[{"href":"https:\/\/www.gaveanews.com\/index.php\/wp-json\/wp\/v2\/posts"}],"about":[{"href":"https:\/\/www.gaveanews.com\/index.php\/wp-json\/wp\/v2\/types\/post"}],"author":[{"embeddable":true,"href":"https:\/\/www.gaveanews.com\/index.php\/wp-json\/wp\/v2\/users\/28"}],"replies":[{"embeddable":true,"href":"https:\/\/www.gaveanews.com\/index.php\/wp-json\/wp\/v2\/comments?post=207313"}],"version-history":[{"count":2,"href":"https:\/\/www.gaveanews.com\/index.php\/wp-json\/wp\/v2\/posts\/207313\/revisions"}],"predecessor-version":[{"id":207346,"href":"https:\/\/www.gaveanews.com\/index.php\/wp-json\/wp\/v2\/posts\/207313\/revisions\/207346"}],"wp:featuredmedia":[{"embeddable":true,"href":"https:\/\/www.gaveanews.com\/index.php\/wp-json\/wp\/v2\/media\/152090"}],"wp:attachment":[{"href":"https:\/\/www.gaveanews.com\/index.php\/wp-json\/wp\/v2\/media?parent=207313"}],"wp:term":[{"taxonomy":"category","embeddable":true,"href":"https:\/\/www.gaveanews.com\/index.php\/wp-json\/wp\/v2\/categories?post=207313"},{"taxonomy":"post_tag","embeddable":true,"href":"https:\/\/www.gaveanews.com\/index.php\/wp-json\/wp\/v2\/tags?post=207313"}],"curies":[{"name":"wp","href":"https:\/\/api.w.org\/{rel}","templated":true}]}}