{"id":207368,"date":"2025-01-04T01:15:00","date_gmt":"2025-01-04T04:15:00","guid":{"rendered":"https:\/\/www.gaveanews.com\/?p=207368"},"modified":"2025-01-04T06:46:58","modified_gmt":"2025-01-04T09:46:58","slug":"luiz-henrique-alex-telles-allan-almada-alexander-barboza-bastos-carlos-alberto-jeffinho-matheus-martins-igor-jesus-patrick-de-paula-savarino-tiquinho-soares-e-mateo-ponte-veja-como-foi-o","status":"publish","type":"post","link":"https:\/\/www.gaveanews.com\/index.php\/2025\/01\/04\/luiz-henrique-alex-telles-allan-almada-alexander-barboza-bastos-carlos-alberto-jeffinho-matheus-martins-igor-jesus-patrick-de-paula-savarino-tiquinho-soares-e-mateo-ponte-veja-como-foi-o\/","title":{"rendered":"Luiz Henrique, Alex Telles, Allan, Almada, Alexander Barboza, Bastos, Carlos Alberto, Jeffinho, Matheus Martins, Igor Jesus, Patrick de Paula, Savarino, Tiquinho Soares e Mateo Ponte: veja como foi o Ano Novo dos jogadores do Botafogo"},"content":{"rendered":"\n<p>Um novo ano come\u00e7ou e com a paralisa\u00e7\u00e3o nos campeonatos para a celebra\u00e7\u00e3o das festas, os jogadores aproveitaram para curtir a chegada de 2025. Muitos deles preferiram estar em fam\u00edlia, outros estarem rodeados dos amigos, mas sem perder de vista a comemora\u00e7\u00e3o por mais um ciclo ter se completado.<\/p>\n\n\n\n<ul class=\"wp-block-list\">\n<li><a href=\"https:\/\/www.gaveanews.com\/index.php\/2025\/01\/03\/botafogo-liga-sinal-de-alerta-para-final-da-supercopa-do-brasil-contra-o-flamengo\/\">Botafogo liga sinal de alerta para final da Supercopa do Brasil contra o Flamengo<\/a><\/li>\n\n\n\n<li><a href=\"https:\/\/www.gaveanews.com\/index.php\/2025\/01\/03\/jogador-dos-sonhos-do-flamengo-entra-na-mira-do-botafogo\/\">Jogador dos sonhos do Flamengo entra na mira do Botafogo<\/a><\/li>\n<\/ul>\n\n\n\n<p>O G\u00e1vea News aproveitou o momento de descontra\u00e7\u00e3o longe dos gramados para reunir os cliques dos craques do Botafogo durante a celebra\u00e7\u00e3o de virada do ano.<\/p>\n\n\n\n<h2 class=\"wp-block-heading\" id=\"h-mateo-ponte\">Mateo Ponte<\/h2>\n\n\n\n<p>Mateo Ponte abre a lista dos jogadores do Botafogo que comemoraram a virada de ano. Ele esteve com a esposa no Uruguai.<\/p>\n\n\n\n<a data-flickr-embed=\"true\" href=\"https:\/\/www.flickr.com\/photos\/202015779@N02\/54245278034\/in\/dateposted-public\/\" title=\"Mateo Ponte em sua casa no Uruguai\"><img loading=\"lazy\" decoding=\"async\" src=\"https:\/\/live.staticflickr.com\/65535\/54245278034_e34063dbb9.webp\" width=\"444\" height=\"500\" alt=\"Mateo Ponte em sua casa no Uruguai\"\/><\/a><script async src=\"\/\/embedr.flickr.com\/assets\/client-code.js\" charset=\"utf-8\"><\/script>\n\n\n\n<h2 class=\"wp-block-heading\" id=\"h-patrick-de-paula\">Patrick de Paula<\/h2>\n\n\n\n<p>O meio-campista Patrick de Paula foi mais um dos jogadores botafoguenses que comemoraram o r\u00e9veillon.<\/p>\n\n\n\n<a data-flickr-embed=\"true\" href=\"https:\/\/www.flickr.com\/photos\/202015779@N02\/54245278029\/in\/dateposted-public\/\" title=\"patrick-de-paula\"><img loading=\"lazy\" decoding=\"async\" src=\"https:\/\/live.staticflickr.com\/65535\/54245278029_f502ac34fb.webp\" width=\"423\" height=\"500\" alt=\"patrick-de-paula\"\/><\/a><script async src=\"\/\/embedr.flickr.com\/assets\/client-code.js\" charset=\"utf-8\"><\/script>\n\n\n\n<h2 class=\"wp-block-heading\" id=\"h-matheus-martins-e-igor-jesus\">Matheus Martins e Igor Jesus<\/h2>\n\n\n\n<p>Companheiros dentro e fora do campo, Matheus Martins e Igor Jesus comemoraram a chegada de 2025 juntos.<\/p>\n\n\n\n<a data-flickr-embed=\"true\" href=\"https:\/\/www.flickr.com\/photos\/202015779@N02\/54245278019\/in\/dateposted-public\/\" title=\"matheus-martins-e-igor-jesus\"><img loading=\"lazy\" decoding=\"async\" src=\"https:\/\/live.staticflickr.com\/65535\/54245278019_33a8e3e8b2.webp\" width=\"452\" height=\"500\" alt=\"matheus-martins-e-igor-jesus\"\/><\/a><script async src=\"\/\/embedr.flickr.com\/assets\/client-code.js\" charset=\"utf-8\"><\/script>\n\n\n\n<h2 class=\"wp-block-heading\" id=\"h-jeffinho\">Jeffinho<\/h2>\n\n\n\n<p>Contratado por 5,3 milh\u00f5es de euros, cerca de 33,9 milh\u00f5es de reais, Jeffinho voltou a ter os direitos econ\u00f4micos comprados pelo Botafogo. O atacante passou a virada do ano com a esposa.<\/p>\n\n\n\n<a data-flickr-embed=\"true\" href=\"https:\/\/www.flickr.com\/photos\/202015779@N02\/54245034936\/in\/dateposted-public\/\" title=\"jeffinho\"><img loading=\"lazy\" decoding=\"async\" src=\"https:\/\/live.staticflickr.com\/65535\/54245034936_d0fc2bda6a.webp\" width=\"500\" height=\"498\" alt=\"jeffinho\"\/><\/a><script async src=\"\/\/embedr.flickr.com\/assets\/client-code.js\" charset=\"utf-8\"><\/script>\n\n\n\n<h2 class=\"wp-block-heading\" id=\"h-carlos-alberto\">Carlos Alberto<\/h2>\n\n\n\n<p>O atacante Carlos Alberto, de 22 anos, desejou feliz ano novo para os seguidores. Ele retornou ao clube depois de um empr\u00e9stimo ao RWD Molenbeek, da B\u00e9glica.<\/p>\n\n\n\n<a data-flickr-embed=\"true\" href=\"https:\/\/www.flickr.com\/photos\/202015779@N02\/54245034976\/in\/dateposted-public\/\" title=\"carlos-alberto\"><img loading=\"lazy\" decoding=\"async\" src=\"https:\/\/live.staticflickr.com\/65535\/54245034976_11a51bc831.webp\" width=\"399\" height=\"500\" alt=\"carlos-alberto\"\/><\/a><script async src=\"\/\/embedr.flickr.com\/assets\/client-code.js\" charset=\"utf-8\"><\/script>\n\n\n\n<h2 class=\"wp-block-heading\" id=\"h-tiquinho-soares\">Tiquinho Soares<\/h2>\n\n\n\n<p>Desejado por v\u00e1rios clubes o mercado durante essa janela de transfer\u00eancias, o atacante botafoguense passou a virada ao lado de familiares.<\/p>\n\n\n\n<a data-flickr-embed=\"true\" href=\"https:\/\/www.flickr.com\/photos\/202015779@N02\/54245268628\/in\/dateposted-public\/\" title=\"tiquinho-soares_1\"><img loading=\"lazy\" decoding=\"async\" src=\"https:\/\/live.staticflickr.com\/65535\/54245268628_d4ca00128d.webp\" width=\"468\" height=\"500\" alt=\"tiquinho-soares_1\"\/><\/a><script async src=\"\/\/embedr.flickr.com\/assets\/client-code.js\" charset=\"utf-8\"><\/script>\n\n\n\n<h2 class=\"wp-block-heading\" id=\"h-savarino\">Savarino<\/h2>\n\n\n\n<p>Um dos postulantes \u00e0 elei\u00e7\u00e3o de Rei da Am\u00e9rica, o atacante venezuelano esteve com a esposa para celebrar a chegada de 2025.<\/p>\n\n\n\n<a data-flickr-embed=\"true\" href=\"https:\/\/www.flickr.com\/photos\/202015779@N02\/54245278014\/in\/dateposted-public\/\" title=\"savarino-esposa\"><img loading=\"lazy\" decoding=\"async\" src=\"https:\/\/live.staticflickr.com\/65535\/54245278014_51c7cc2484.webp\" width=\"468\" height=\"500\" alt=\"savarino-esposa\"\/><\/a><script async src=\"\/\/embedr.flickr.com\/assets\/client-code.js\" charset=\"utf-8\"><\/script>\n\n\n\n<h2 class=\"wp-block-heading\" id=\"h-bastos\">Bastos<\/h2>\n\n\n\n<p>Bastos foi uma das grandes contrata\u00e7\u00f5es do Botafogo na \u00faltima temporada.  Zagueiro, o angolano foi clicado ao lado da esposa durante a queima de fogos.<\/p>\n\n\n\n<a data-flickr-embed=\"true\" href=\"https:\/\/www.flickr.com\/photos\/202015779@N02\/54245034971\/in\/dateposted-public\/\" title=\"bastossss\"><img loading=\"lazy\" decoding=\"async\" src=\"https:\/\/live.staticflickr.com\/65535\/54245034971_063f4bbb66.webp\" width=\"468\" height=\"500\" alt=\"bastossss\"\/><\/a><script async src=\"\/\/embedr.flickr.com\/assets\/client-code.js\" charset=\"utf-8\"><\/script>\n\n\n\n<h2 class=\"wp-block-heading\" id=\"h-alexander-barboza\">Alexander Barboza<\/h2>\n\n\n\n<p>O zagueiro uruguaio Alexander Barbosa aproveitou a data comemorativa para passar com a fam\u00edlia. Ele foi clicado ao lado da esposa e dos filhos.<\/p>\n\n\n\n<a data-flickr-embed=\"true\" href=\"https:\/\/www.flickr.com\/photos\/202015779@N02\/54244132557\/in\/dateposted-public\/\" title=\"barboza-familia\"><img loading=\"lazy\" decoding=\"async\" src=\"https:\/\/live.staticflickr.com\/65535\/54244132557_4301ea2d7e.webp\" width=\"421\" height=\"500\" alt=\"barboza-familia\"\/><\/a><script async src=\"\/\/embedr.flickr.com\/assets\/client-code.js\" charset=\"utf-8\"><\/script>\n\n\n\n<h2 class=\"wp-block-heading\" id=\"h-allan\">Allan<\/h2>\n\n\n\n<p>O meio-campista Allan vai para a segunda temporada \u00e0 frente do Botafogo. Embora n\u00e3o tenha se encaixado no time titular, ele permanece no clube. Ele esteve com a esposa e os quatro filhos.<\/p>\n\n\n\n<a data-flickr-embed=\"true\" href=\"https:\/\/www.flickr.com\/photos\/202015779@N02\/54245034996\/in\/dateposted-public\/\" title=\"allannn\"><img loading=\"lazy\" decoding=\"async\" src=\"https:\/\/live.staticflickr.com\/65535\/54245034996_479443f524.webp\" width=\"500\" height=\"450\" alt=\"allannn\"\/><\/a><script async src=\"\/\/embedr.flickr.com\/assets\/client-code.js\" charset=\"utf-8\"><\/script>\n\n\n\n<h2 class=\"wp-block-heading\" id=\"h-alex-telles\">Alex Telles<\/h2>\n\n\n\n<p>O lateral-esquerdo Alex Telles voltou ao Brasil no meio da temporada e para o time certo. Al\u00e9m de ser campe\u00e3o brasileiro e continental, ele tamb\u00e9m voltou a figurar a lista de convocados para a Sele\u00e7\u00e3o. Ele comemorou a virada de ano ao lado da esposa e da filha.<\/p>\n\n\n\n<a data-flickr-embed=\"true\" href=\"https:\/\/www.flickr.com\/photos\/202015779@N02\/54244132577\/in\/dateposted-public\/\" title=\"alex-tellesssss\"><img loading=\"lazy\" decoding=\"async\" src=\"https:\/\/live.staticflickr.com\/65535\/54244132577_cc295ee8c8.webp\" width=\"416\" height=\"500\" alt=\"alex-tellesssss\"\/><\/a><script async src=\"\/\/embedr.flickr.com\/assets\/client-code.js\" charset=\"utf-8\"><\/script>\n\n\n\n<h2 class=\"wp-block-heading\" id=\"h-almada\">Almada<\/h2>\n\n\n\n<p>O meia argentino Thiago Almada aproveitou a festividade para comemorar a chegada de 2025 ao lado da esposa. Nesta nova temporada, ele j\u00e1 avisou a diretoria botafoguense que deseja jogar pelo Lyon, da Fran\u00e7a.<\/p>\n\n\n\n<a data-flickr-embed=\"true\" href=\"https:\/\/www.flickr.com\/photos\/202015779@N02\/54244132537\/in\/dateposted-public\/\" title=\"almada-argentina\"><img loading=\"lazy\" decoding=\"async\" src=\"https:\/\/live.staticflickr.com\/65535\/54244132537_7eb259433a.webp\" width=\"470\" height=\"500\" alt=\"almada-argentina\"\/><\/a><script async src=\"\/\/embedr.flickr.com\/assets\/client-code.js\" charset=\"utf-8\"><\/script>\n\n\n\n<h2 class=\"wp-block-heading\" id=\"h-luiz-henrique\">Luiz Henrique<\/h2>\n\n\n\n<p>Escolhido como Rei da Am\u00e9rica depois de ajudar o Botafogo a ser campe\u00e3o in\u00e9dito da Libertadores e voltar a vencer o Brasileir\u00e3o, ele tirou onda e passou a virada do ano em Dubai ao lado da esposa.<\/p>\n\n\n\n<a data-flickr-embed=\"true\" href=\"https:\/\/www.flickr.com\/photos\/202015779@N02\/54245034926\/in\/dateposted-public\/\" title=\"lh-dubai\"><img loading=\"lazy\" decoding=\"async\" src=\"https:\/\/live.staticflickr.com\/65535\/54245034926_11b3b5988d.webp\" width=\"342\" height=\"500\" alt=\"lh-dubai\"\/><\/a><script async src=\"\/\/embedr.flickr.com\/assets\/client-code.js\" charset=\"utf-8\"><\/script>\n\n\n\n<p><br><\/p>\n","protected":false},"excerpt":{"rendered":"<p>Um novo ano come\u00e7ou e com a paralisa\u00e7\u00e3o nos campeonatos para a celebra\u00e7\u00e3o das festas, os jogadores aproveitaram para curtir a chegada de 2025. Muitos deles preferiram estar em fam\u00edlia, outros estarem rodeados dos amigos, mas sem perder de vista a comemora\u00e7\u00e3o por mais um ciclo ter se completado. O G\u00e1vea News aproveitou o momento [&hellip;]<\/p>\n","protected":false},"author":29,"featured_media":182060,"comment_status":"open","ping_status":"closed","sticky":false,"template":"","format":"standard","meta":{"footnotes":""},"categories":[138],"tags":[],"class_list":["post-207368","post","type-post","status-publish","format-standard","has-post-thumbnail","hentry","category-botafogo"],"yoast_head":"<!-- This site is optimized with the Yoast SEO Premium plugin v24.2 (Yoast SEO v26.9) - https:\/\/yoast.com\/product\/yoast-seo-premium-wordpress\/ -->\n<title>Luiz Henrique, Alex Telles, Allan, Almada, Alexander Barboza, Bastos, Carlos Alberto, Jeffinho, Matheus Martins, Igor Jesus, Patrick de Paula, Savarino, Tiquinho Soares e Mateo Ponte: veja como foi o Ano Novo dos jogadores do Botafogo<\/title>\n<meta name=\"robots\" content=\"index, follow, max-snippet:-1, max-image-preview:large, max-video-preview:-1\" \/>\n<link rel=\"canonical\" href=\"https:\/\/www.gaveanews.com\/index.php\/2025\/01\/04\/luiz-henrique-alex-telles-allan-almada-alexander-barboza-bastos-carlos-alberto-jeffinho-matheus-martins-igor-jesus-patrick-de-paula-savarino-tiquinho-soares-e-mateo-ponte-veja-como-foi-o\/\" \/>\n<meta property=\"og:locale\" content=\"pt_BR\" \/>\n<meta property=\"og:type\" content=\"article\" \/>\n<meta property=\"og:title\" content=\"Luiz Henrique, Alex Telles, Allan, Almada, Alexander Barboza, Bastos, Carlos Alberto, Jeffinho, Matheus Martins, Igor Jesus, Patrick de Paula, Savarino, Tiquinho Soares e Mateo Ponte: veja como foi o Ano Novo dos jogadores do Botafogo\" \/>\n<meta property=\"og:description\" content=\"Um novo ano come\u00e7ou e com a paralisa\u00e7\u00e3o nos campeonatos para a celebra\u00e7\u00e3o das festas, os jogadores aproveitaram para curtir a chegada de 2025. Muitos deles preferiram estar em fam\u00edlia, outros estarem rodeados dos amigos, mas sem perder de vista a comemora\u00e7\u00e3o por mais um ciclo ter se completado. O G\u00e1vea News aproveitou o momento [&hellip;]\" \/>\n<meta property=\"og:url\" content=\"https:\/\/www.gaveanews.com\/index.php\/2025\/01\/04\/luiz-henrique-alex-telles-allan-almada-alexander-barboza-bastos-carlos-alberto-jeffinho-matheus-martins-igor-jesus-patrick-de-paula-savarino-tiquinho-soares-e-mateo-ponte-veja-como-foi-o\/\" \/>\n<meta property=\"og:site_name\" content=\"G\u00e1vea News\" \/>\n<meta property=\"article:publisher\" content=\"https:\/\/facebook.com\/gaveaNews\/\" \/>\n<meta property=\"article:published_time\" content=\"2025-01-04T04:15:00+00:00\" \/>\n<meta property=\"article:modified_time\" content=\"2025-01-04T09:46:58+00:00\" \/>\n<meta property=\"og:image\" content=\"https:\/\/www.gaveanews.com\/wp-content\/uploads\/Escudo-do-Botafogo-1.webp\" \/>\n\t<meta property=\"og:image:width\" content=\"787\" \/>\n\t<meta property=\"og:image:height\" content=\"525\" \/>\n\t<meta property=\"og:image:type\" content=\"image\/webp\" \/>\n<meta name=\"author\" content=\"Marco Menezes\" \/>\n<meta name=\"twitter:card\" content=\"summary_large_image\" \/>\n<meta name=\"twitter:label1\" content=\"Escrito por\" \/>\n\t<meta name=\"twitter:data1\" content=\"Marco Menezes\" \/>\n\t<meta name=\"twitter:label2\" content=\"Est. tempo de leitura\" \/>\n\t<meta name=\"twitter:data2\" content=\"6 minutos\" \/>\n<script type=\"application\/ld+json\" class=\"yoast-schema-graph\">{\"@context\":\"https:\/\/schema.org\",\"@graph\":[{\"@type\":\"NewsArticle\",\"@id\":\"https:\/\/www.gaveanews.com\/index.php\/2025\/01\/04\/luiz-henrique-alex-telles-allan-almada-alexander-barboza-bastos-carlos-alberto-jeffinho-matheus-martins-igor-jesus-patrick-de-paula-savarino-tiquinho-soares-e-mateo-ponte-veja-como-foi-o\/#article\",\"isPartOf\":{\"@id\":\"https:\/\/www.gaveanews.com\/index.php\/2025\/01\/04\/luiz-henrique-alex-telles-allan-almada-alexander-barboza-bastos-carlos-alberto-jeffinho-matheus-martins-igor-jesus-patrick-de-paula-savarino-tiquinho-soares-e-mateo-ponte-veja-como-foi-o\/\"},\"author\":{\"name\":\"Marco Menezes\",\"@id\":\"https:\/\/www.gaveanews.com\/#\/schema\/person\/a9f62fe75380c6bada1b2fc49bc23d69\"},\"headline\":\"Luiz Henrique, Alex Telles, Allan, Almada, Alexander Barboza, Bastos, Carlos Alberto, Jeffinho, Matheus Martins, Igor Jesus, Patrick de Paula, Savarino, Tiquinho Soares e Mateo Ponte: veja como foi o Ano Novo dos jogadores do Botafogo\",\"datePublished\":\"2025-01-04T04:15:00+00:00\",\"dateModified\":\"2025-01-04T09:46:58+00:00\",\"mainEntityOfPage\":{\"@id\":\"https:\/\/www.gaveanews.com\/index.php\/2025\/01\/04\/luiz-henrique-alex-telles-allan-almada-alexander-barboza-bastos-carlos-alberto-jeffinho-matheus-martins-igor-jesus-patrick-de-paula-savarino-tiquinho-soares-e-mateo-ponte-veja-como-foi-o\/\"},\"wordCount\":537,\"commentCount\":0,\"image\":{\"@id\":\"https:\/\/www.gaveanews.com\/index.php\/2025\/01\/04\/luiz-henrique-alex-telles-allan-almada-alexander-barboza-bastos-carlos-alberto-jeffinho-matheus-martins-igor-jesus-patrick-de-paula-savarino-tiquinho-soares-e-mateo-ponte-veja-como-foi-o\/#primaryimage\"},\"thumbnailUrl\":\"https:\/\/www.gaveanews.com\/wp-content\/uploads\/Escudo-do-Botafogo-1.webp\",\"articleSection\":[\"Botafogo\"],\"inLanguage\":\"pt-BR\",\"potentialAction\":[{\"@type\":\"CommentAction\",\"name\":\"Comment\",\"target\":[\"https:\/\/www.gaveanews.com\/index.php\/2025\/01\/04\/luiz-henrique-alex-telles-allan-almada-alexander-barboza-bastos-carlos-alberto-jeffinho-matheus-martins-igor-jesus-patrick-de-paula-savarino-tiquinho-soares-e-mateo-ponte-veja-como-foi-o\/#respond\"]}],\"copyrightYear\":\"2025\",\"copyrightHolder\":{\"@id\":\"https:\/\/www.gaveanews.com\/#organization\"}},{\"@type\":\"WebPage\",\"@id\":\"https:\/\/www.gaveanews.com\/index.php\/2025\/01\/04\/luiz-henrique-alex-telles-allan-almada-alexander-barboza-bastos-carlos-alberto-jeffinho-matheus-martins-igor-jesus-patrick-de-paula-savarino-tiquinho-soares-e-mateo-ponte-veja-como-foi-o\/\",\"url\":\"https:\/\/www.gaveanews.com\/index.php\/2025\/01\/04\/luiz-henrique-alex-telles-allan-almada-alexander-barboza-bastos-carlos-alberto-jeffinho-matheus-martins-igor-jesus-patrick-de-paula-savarino-tiquinho-soares-e-mateo-ponte-veja-como-foi-o\/\",\"name\":\"Luiz Henrique, Alex Telles, Allan, Almada, Alexander Barboza, Bastos, Carlos Alberto, Jeffinho, Matheus Martins, Igor Jesus, Patrick de Paula, Savarino, Tiquinho Soares e Mateo Ponte: veja como foi o Ano Novo dos jogadores do Botafogo\",\"isPartOf\":{\"@id\":\"https:\/\/www.gaveanews.com\/#website\"},\"primaryImageOfPage\":{\"@id\":\"https:\/\/www.gaveanews.com\/index.php\/2025\/01\/04\/luiz-henrique-alex-telles-allan-almada-alexander-barboza-bastos-carlos-alberto-jeffinho-matheus-martins-igor-jesus-patrick-de-paula-savarino-tiquinho-soares-e-mateo-ponte-veja-como-foi-o\/#primaryimage\"},\"image\":{\"@id\":\"https:\/\/www.gaveanews.com\/index.php\/2025\/01\/04\/luiz-henrique-alex-telles-allan-almada-alexander-barboza-bastos-carlos-alberto-jeffinho-matheus-martins-igor-jesus-patrick-de-paula-savarino-tiquinho-soares-e-mateo-ponte-veja-como-foi-o\/#primaryimage\"},\"thumbnailUrl\":\"https:\/\/www.gaveanews.com\/wp-content\/uploads\/Escudo-do-Botafogo-1.webp\",\"datePublished\":\"2025-01-04T04:15:00+00:00\",\"dateModified\":\"2025-01-04T09:46:58+00:00\",\"author\":{\"@id\":\"https:\/\/www.gaveanews.com\/#\/schema\/person\/a9f62fe75380c6bada1b2fc49bc23d69\"},\"breadcrumb\":{\"@id\":\"https:\/\/www.gaveanews.com\/index.php\/2025\/01\/04\/luiz-henrique-alex-telles-allan-almada-alexander-barboza-bastos-carlos-alberto-jeffinho-matheus-martins-igor-jesus-patrick-de-paula-savarino-tiquinho-soares-e-mateo-ponte-veja-como-foi-o\/#breadcrumb\"},\"inLanguage\":\"pt-BR\",\"potentialAction\":[{\"@type\":\"ReadAction\",\"target\":[\"https:\/\/www.gaveanews.com\/index.php\/2025\/01\/04\/luiz-henrique-alex-telles-allan-almada-alexander-barboza-bastos-carlos-alberto-jeffinho-matheus-martins-igor-jesus-patrick-de-paula-savarino-tiquinho-soares-e-mateo-ponte-veja-como-foi-o\/\"]}]},{\"@type\":\"ImageObject\",\"inLanguage\":\"pt-BR\",\"@id\":\"https:\/\/www.gaveanews.com\/index.php\/2025\/01\/04\/luiz-henrique-alex-telles-allan-almada-alexander-barboza-bastos-carlos-alberto-jeffinho-matheus-martins-igor-jesus-patrick-de-paula-savarino-tiquinho-soares-e-mateo-ponte-veja-como-foi-o\/#primaryimage\",\"url\":\"https:\/\/www.gaveanews.com\/wp-content\/uploads\/Escudo-do-Botafogo-1.webp\",\"contentUrl\":\"https:\/\/www.gaveanews.com\/wp-content\/uploads\/Escudo-do-Botafogo-1.webp\",\"width\":787,\"height\":525,\"caption\":\"Escudo do Botafogo (Foto: Reprodu\u00e7\u00e3o\/Botafogo)\"},{\"@type\":\"BreadcrumbList\",\"@id\":\"https:\/\/www.gaveanews.com\/index.php\/2025\/01\/04\/luiz-henrique-alex-telles-allan-almada-alexander-barboza-bastos-carlos-alberto-jeffinho-matheus-martins-igor-jesus-patrick-de-paula-savarino-tiquinho-soares-e-mateo-ponte-veja-como-foi-o\/#breadcrumb\",\"itemListElement\":[{\"@type\":\"ListItem\",\"position\":1,\"name\":\"Home\",\"item\":\"https:\/\/www.gaveanews.com\/\"},{\"@type\":\"ListItem\",\"position\":2,\"name\":\"Luiz Henrique, Alex Telles, Allan, Almada, Alexander Barboza, Bastos, Carlos Alberto, Jeffinho, Matheus Martins, Igor Jesus, Patrick de Paula, Savarino, Tiquinho Soares e Mateo Ponte: veja como foi o Ano Novo dos jogadores do Botafogo\"}]},{\"@type\":\"WebSite\",\"@id\":\"https:\/\/www.gaveanews.com\/#website\",\"url\":\"https:\/\/www.gaveanews.com\/\",\"name\":\"G\u00e1vea News\",\"description\":\"Veja todas as not\u00edcias sobre o Flamengo: Contrata\u00e7\u00f5es, categorias de base, resultados das partidas, tabela de classifica\u00e7\u00e3o, pr\u00f3ximos jogos!\",\"potentialAction\":[{\"@type\":\"SearchAction\",\"target\":{\"@type\":\"EntryPoint\",\"urlTemplate\":\"https:\/\/www.gaveanews.com\/?s={search_term_string}\"},\"query-input\":{\"@type\":\"PropertyValueSpecification\",\"valueRequired\":true,\"valueName\":\"search_term_string\"}}],\"inLanguage\":\"pt-BR\"},{\"@type\":\"Person\",\"@id\":\"https:\/\/www.gaveanews.com\/#\/schema\/person\/a9f62fe75380c6bada1b2fc49bc23d69\",\"name\":\"Marco Menezes\",\"image\":{\"@type\":\"ImageObject\",\"inLanguage\":\"pt-BR\",\"@id\":\"https:\/\/www.gaveanews.com\/#\/schema\/person\/image\/\",\"url\":\"https:\/\/secure.gravatar.com\/avatar\/a1d148ae17fc8bfc5dbccffd07979e8bd2c9ba494221779de86ec2c7907b71ec?s=96&d=mm&r=g\",\"contentUrl\":\"https:\/\/secure.gravatar.com\/avatar\/a1d148ae17fc8bfc5dbccffd07979e8bd2c9ba494221779de86ec2c7907b71ec?s=96&d=mm&r=g\",\"caption\":\"Marco Menezes\"}}]}<\/script>\n<!-- \/ Yoast SEO Premium plugin. -->","yoast_head_json":{"title":"Luiz Henrique, Alex Telles, Allan, Almada, Alexander Barboza, Bastos, Carlos Alberto, Jeffinho, Matheus Martins, Igor Jesus, Patrick de Paula, Savarino, Tiquinho Soares e Mateo Ponte: veja como foi o Ano Novo dos jogadores do Botafogo","robots":{"index":"index","follow":"follow","max-snippet":"max-snippet:-1","max-image-preview":"max-image-preview:large","max-video-preview":"max-video-preview:-1"},"canonical":"https:\/\/www.gaveanews.com\/index.php\/2025\/01\/04\/luiz-henrique-alex-telles-allan-almada-alexander-barboza-bastos-carlos-alberto-jeffinho-matheus-martins-igor-jesus-patrick-de-paula-savarino-tiquinho-soares-e-mateo-ponte-veja-como-foi-o\/","og_locale":"pt_BR","og_type":"article","og_title":"Luiz Henrique, Alex Telles, Allan, Almada, Alexander Barboza, Bastos, Carlos Alberto, Jeffinho, Matheus Martins, Igor Jesus, Patrick de Paula, Savarino, Tiquinho Soares e Mateo Ponte: veja como foi o Ano Novo dos jogadores do Botafogo","og_description":"Um novo ano come\u00e7ou e com a paralisa\u00e7\u00e3o nos campeonatos para a celebra\u00e7\u00e3o das festas, os jogadores aproveitaram para curtir a chegada de 2025. Muitos deles preferiram estar em fam\u00edlia, outros estarem rodeados dos amigos, mas sem perder de vista a comemora\u00e7\u00e3o por mais um ciclo ter se completado. O G\u00e1vea News aproveitou o momento [&hellip;]","og_url":"https:\/\/www.gaveanews.com\/index.php\/2025\/01\/04\/luiz-henrique-alex-telles-allan-almada-alexander-barboza-bastos-carlos-alberto-jeffinho-matheus-martins-igor-jesus-patrick-de-paula-savarino-tiquinho-soares-e-mateo-ponte-veja-como-foi-o\/","og_site_name":"G\u00e1vea News","article_publisher":"https:\/\/facebook.com\/gaveaNews\/","article_published_time":"2025-01-04T04:15:00+00:00","article_modified_time":"2025-01-04T09:46:58+00:00","og_image":[{"width":787,"height":525,"url":"https:\/\/www.gaveanews.com\/wp-content\/uploads\/Escudo-do-Botafogo-1.webp","type":"image\/webp"}],"author":"Marco Menezes","twitter_card":"summary_large_image","twitter_misc":{"Escrito por":"Marco Menezes","Est. tempo de leitura":"6 minutos"},"schema":{"@context":"https:\/\/schema.org","@graph":[{"@type":"NewsArticle","@id":"https:\/\/www.gaveanews.com\/index.php\/2025\/01\/04\/luiz-henrique-alex-telles-allan-almada-alexander-barboza-bastos-carlos-alberto-jeffinho-matheus-martins-igor-jesus-patrick-de-paula-savarino-tiquinho-soares-e-mateo-ponte-veja-como-foi-o\/#article","isPartOf":{"@id":"https:\/\/www.gaveanews.com\/index.php\/2025\/01\/04\/luiz-henrique-alex-telles-allan-almada-alexander-barboza-bastos-carlos-alberto-jeffinho-matheus-martins-igor-jesus-patrick-de-paula-savarino-tiquinho-soares-e-mateo-ponte-veja-como-foi-o\/"},"author":{"name":"Marco Menezes","@id":"https:\/\/www.gaveanews.com\/#\/schema\/person\/a9f62fe75380c6bada1b2fc49bc23d69"},"headline":"Luiz Henrique, Alex Telles, Allan, Almada, Alexander Barboza, Bastos, Carlos Alberto, Jeffinho, Matheus Martins, Igor Jesus, Patrick de Paula, Savarino, Tiquinho Soares e Mateo Ponte: veja como foi o Ano Novo dos jogadores do Botafogo","datePublished":"2025-01-04T04:15:00+00:00","dateModified":"2025-01-04T09:46:58+00:00","mainEntityOfPage":{"@id":"https:\/\/www.gaveanews.com\/index.php\/2025\/01\/04\/luiz-henrique-alex-telles-allan-almada-alexander-barboza-bastos-carlos-alberto-jeffinho-matheus-martins-igor-jesus-patrick-de-paula-savarino-tiquinho-soares-e-mateo-ponte-veja-como-foi-o\/"},"wordCount":537,"commentCount":0,"image":{"@id":"https:\/\/www.gaveanews.com\/index.php\/2025\/01\/04\/luiz-henrique-alex-telles-allan-almada-alexander-barboza-bastos-carlos-alberto-jeffinho-matheus-martins-igor-jesus-patrick-de-paula-savarino-tiquinho-soares-e-mateo-ponte-veja-como-foi-o\/#primaryimage"},"thumbnailUrl":"https:\/\/www.gaveanews.com\/wp-content\/uploads\/Escudo-do-Botafogo-1.webp","articleSection":["Botafogo"],"inLanguage":"pt-BR","potentialAction":[{"@type":"CommentAction","name":"Comment","target":["https:\/\/www.gaveanews.com\/index.php\/2025\/01\/04\/luiz-henrique-alex-telles-allan-almada-alexander-barboza-bastos-carlos-alberto-jeffinho-matheus-martins-igor-jesus-patrick-de-paula-savarino-tiquinho-soares-e-mateo-ponte-veja-como-foi-o\/#respond"]}],"copyrightYear":"2025","copyrightHolder":{"@id":"https:\/\/www.gaveanews.com\/#organization"}},{"@type":"WebPage","@id":"https:\/\/www.gaveanews.com\/index.php\/2025\/01\/04\/luiz-henrique-alex-telles-allan-almada-alexander-barboza-bastos-carlos-alberto-jeffinho-matheus-martins-igor-jesus-patrick-de-paula-savarino-tiquinho-soares-e-mateo-ponte-veja-como-foi-o\/","url":"https:\/\/www.gaveanews.com\/index.php\/2025\/01\/04\/luiz-henrique-alex-telles-allan-almada-alexander-barboza-bastos-carlos-alberto-jeffinho-matheus-martins-igor-jesus-patrick-de-paula-savarino-tiquinho-soares-e-mateo-ponte-veja-como-foi-o\/","name":"Luiz Henrique, Alex Telles, Allan, Almada, Alexander Barboza, Bastos, Carlos Alberto, Jeffinho, Matheus Martins, Igor Jesus, Patrick de Paula, Savarino, Tiquinho Soares e Mateo Ponte: veja como foi o Ano Novo dos jogadores do Botafogo","isPartOf":{"@id":"https:\/\/www.gaveanews.com\/#website"},"primaryImageOfPage":{"@id":"https:\/\/www.gaveanews.com\/index.php\/2025\/01\/04\/luiz-henrique-alex-telles-allan-almada-alexander-barboza-bastos-carlos-alberto-jeffinho-matheus-martins-igor-jesus-patrick-de-paula-savarino-tiquinho-soares-e-mateo-ponte-veja-como-foi-o\/#primaryimage"},"image":{"@id":"https:\/\/www.gaveanews.com\/index.php\/2025\/01\/04\/luiz-henrique-alex-telles-allan-almada-alexander-barboza-bastos-carlos-alberto-jeffinho-matheus-martins-igor-jesus-patrick-de-paula-savarino-tiquinho-soares-e-mateo-ponte-veja-como-foi-o\/#primaryimage"},"thumbnailUrl":"https:\/\/www.gaveanews.com\/wp-content\/uploads\/Escudo-do-Botafogo-1.webp","datePublished":"2025-01-04T04:15:00+00:00","dateModified":"2025-01-04T09:46:58+00:00","author":{"@id":"https:\/\/www.gaveanews.com\/#\/schema\/person\/a9f62fe75380c6bada1b2fc49bc23d69"},"breadcrumb":{"@id":"https:\/\/www.gaveanews.com\/index.php\/2025\/01\/04\/luiz-henrique-alex-telles-allan-almada-alexander-barboza-bastos-carlos-alberto-jeffinho-matheus-martins-igor-jesus-patrick-de-paula-savarino-tiquinho-soares-e-mateo-ponte-veja-como-foi-o\/#breadcrumb"},"inLanguage":"pt-BR","potentialAction":[{"@type":"ReadAction","target":["https:\/\/www.gaveanews.com\/index.php\/2025\/01\/04\/luiz-henrique-alex-telles-allan-almada-alexander-barboza-bastos-carlos-alberto-jeffinho-matheus-martins-igor-jesus-patrick-de-paula-savarino-tiquinho-soares-e-mateo-ponte-veja-como-foi-o\/"]}]},{"@type":"ImageObject","inLanguage":"pt-BR","@id":"https:\/\/www.gaveanews.com\/index.php\/2025\/01\/04\/luiz-henrique-alex-telles-allan-almada-alexander-barboza-bastos-carlos-alberto-jeffinho-matheus-martins-igor-jesus-patrick-de-paula-savarino-tiquinho-soares-e-mateo-ponte-veja-como-foi-o\/#primaryimage","url":"https:\/\/www.gaveanews.com\/wp-content\/uploads\/Escudo-do-Botafogo-1.webp","contentUrl":"https:\/\/www.gaveanews.com\/wp-content\/uploads\/Escudo-do-Botafogo-1.webp","width":787,"height":525,"caption":"Escudo do Botafogo (Foto: Reprodu\u00e7\u00e3o\/Botafogo)"},{"@type":"BreadcrumbList","@id":"https:\/\/www.gaveanews.com\/index.php\/2025\/01\/04\/luiz-henrique-alex-telles-allan-almada-alexander-barboza-bastos-carlos-alberto-jeffinho-matheus-martins-igor-jesus-patrick-de-paula-savarino-tiquinho-soares-e-mateo-ponte-veja-como-foi-o\/#breadcrumb","itemListElement":[{"@type":"ListItem","position":1,"name":"Home","item":"https:\/\/www.gaveanews.com\/"},{"@type":"ListItem","position":2,"name":"Luiz Henrique, Alex Telles, Allan, Almada, Alexander Barboza, Bastos, Carlos Alberto, Jeffinho, Matheus Martins, Igor Jesus, Patrick de Paula, Savarino, Tiquinho Soares e Mateo Ponte: veja como foi o Ano Novo dos jogadores do Botafogo"}]},{"@type":"WebSite","@id":"https:\/\/www.gaveanews.com\/#website","url":"https:\/\/www.gaveanews.com\/","name":"G\u00e1vea News","description":"Veja todas as not\u00edcias sobre o Flamengo: Contrata\u00e7\u00f5es, categorias de base, resultados das partidas, tabela de classifica\u00e7\u00e3o, pr\u00f3ximos jogos!","potentialAction":[{"@type":"SearchAction","target":{"@type":"EntryPoint","urlTemplate":"https:\/\/www.gaveanews.com\/?s={search_term_string}"},"query-input":{"@type":"PropertyValueSpecification","valueRequired":true,"valueName":"search_term_string"}}],"inLanguage":"pt-BR"},{"@type":"Person","@id":"https:\/\/www.gaveanews.com\/#\/schema\/person\/a9f62fe75380c6bada1b2fc49bc23d69","name":"Marco Menezes","image":{"@type":"ImageObject","inLanguage":"pt-BR","@id":"https:\/\/www.gaveanews.com\/#\/schema\/person\/image\/","url":"https:\/\/secure.gravatar.com\/avatar\/a1d148ae17fc8bfc5dbccffd07979e8bd2c9ba494221779de86ec2c7907b71ec?s=96&d=mm&r=g","contentUrl":"https:\/\/secure.gravatar.com\/avatar\/a1d148ae17fc8bfc5dbccffd07979e8bd2c9ba494221779de86ec2c7907b71ec?s=96&d=mm&r=g","caption":"Marco Menezes"}}]}},"_links":{"self":[{"href":"https:\/\/www.gaveanews.com\/index.php\/wp-json\/wp\/v2\/posts\/207368","targetHints":{"allow":["GET"]}}],"collection":[{"href":"https:\/\/www.gaveanews.com\/index.php\/wp-json\/wp\/v2\/posts"}],"about":[{"href":"https:\/\/www.gaveanews.com\/index.php\/wp-json\/wp\/v2\/types\/post"}],"author":[{"embeddable":true,"href":"https:\/\/www.gaveanews.com\/index.php\/wp-json\/wp\/v2\/users\/29"}],"replies":[{"embeddable":true,"href":"https:\/\/www.gaveanews.com\/index.php\/wp-json\/wp\/v2\/comments?post=207368"}],"version-history":[{"count":2,"href":"https:\/\/www.gaveanews.com\/index.php\/wp-json\/wp\/v2\/posts\/207368\/revisions"}],"predecessor-version":[{"id":207443,"href":"https:\/\/www.gaveanews.com\/index.php\/wp-json\/wp\/v2\/posts\/207368\/revisions\/207443"}],"wp:featuredmedia":[{"embeddable":true,"href":"https:\/\/www.gaveanews.com\/index.php\/wp-json\/wp\/v2\/media\/182060"}],"wp:attachment":[{"href":"https:\/\/www.gaveanews.com\/index.php\/wp-json\/wp\/v2\/media?parent=207368"}],"wp:term":[{"taxonomy":"category","embeddable":true,"href":"https:\/\/www.gaveanews.com\/index.php\/wp-json\/wp\/v2\/categories?post=207368"},{"taxonomy":"post_tag","embeddable":true,"href":"https:\/\/www.gaveanews.com\/index.php\/wp-json\/wp\/v2\/tags?post=207368"}],"curies":[{"name":"wp","href":"https:\/\/api.w.org\/{rel}","templated":true}]}}