{"id":207555,"date":"2025-01-04T22:25:00","date_gmt":"2025-01-05T01:25:00","guid":{"rendered":"https:\/\/www.gaveanews.com\/?p=207555"},"modified":"2025-01-04T20:56:08","modified_gmt":"2025-01-04T23:56:08","slug":"sao-paulo-atualizacao-sobre-a-chegada-de-wendell","status":"publish","type":"post","link":"https:\/\/www.gaveanews.com\/index.php\/2025\/01\/04\/sao-paulo-atualizacao-sobre-a-chegada-de-wendell\/","title":{"rendered":"S\u00e3o Paulo: atualiza\u00e7\u00e3o sobre a chegada de Wendell"},"content":{"rendered":"\n<h2 class=\"wp-block-heading\" id=\"h-clube-portugues-dificulta-ida-de-lateral-ao-sao-paulo\">Clube portugu\u00eas dificulta ida de lateral ao S\u00e3o Paulo<\/h2>\n\n\n\n<p>O S\u00e3o Paulo tem Wendell como favorito para a lateral-esquerda, a posi\u00e7\u00e3o mais carente do clube no momento. Apesar de faltar pouco tempo para seu v\u00ednculo com o Porto se encerrar, a tend\u00eancia \u00e9 do jogador n\u00e3o receber uma libera\u00e7\u00e3o antecipada do clube portugu\u00eas. <\/p>\n\n\n\n<ul class=\"wp-block-list\">\n<li><a href=\"https:\/\/www.gaveanews.com\/index.php\/2025\/01\/03\/mercado-da-bola-river-plate-e-sao-paulo-negociam-troca-de-jogadores\/\">Mercado da Bola: River Plate e S\u00e3o Paulo negociam troca de jogadores<\/a><\/li>\n\n\n\n<li><a href=\"https:\/\/www.gaveanews.com\/index.php\/2024\/12\/31\/rafinha-rodrigo-nestor-wellington-rato-rai-ramos-welington-matheus-belem-jamal-lewis-pedrinho-vilhena-nikao-leo-silva-liziero-michel-araujo-as-saidas-do-sao-paulo-para-2025\/\">Rafinha, Rodrigo Nestor, Wellington Rato, Ra\u00ed Ramos, Welington, Matheus Bel\u00e9m, Jamal Lewis, Pedrinho Vilhena, Nik\u00e3o, L\u00e9o Silva, Liziero, Michel Araujo: as sa\u00eddas do S\u00e3o Paulo para 2025<\/a><\/li>\n<\/ul>\n\n\n\n<p>A ideia da diretoria S\u00e3o Paulina era de j\u00e1 contar com Wendell em 8 de janeiro, dia que est\u00e1 marcado para o elenco Tricolor se reapresentar. No entanto, o Porto est\u00e1 travando a negocia\u00e7\u00e3o e a tend\u00eancia \u00e9 de que o lateral-esquerdo chegue ao clube apenas em julho, quando seu contrato com os portugueses se encerra. <\/p>\n\n\n\n<p>Em dezembro, o S\u00e3o Paulo ofereceu o jovem lateral-direito Jo\u00e3o Moreira por empr\u00e9stimo de 18 meses com op\u00e7\u00e3o de compra. O Porto chegou a aceitar Moreira, mas al\u00e9m do jogador, exigiu uma compensa\u00e7\u00e3o financeira. Diante desse cen\u00e1rio, a negocia\u00e7\u00e3o ficou travada e desde ent\u00e3o n\u00e3o andou mais. <\/p>\n\n\n\n<p>Com isso, o S\u00e3o Paulo comunicou o Porto de que ir\u00e1 assinar um pr\u00e9-contrato com Wendell e ter o jogador de gra\u00e7a no meio desse ano. Agora, o clube Tricolor observa um lateral-esquerdo no mercado para &#8220;segurar as pontas&#8221; at\u00e9 que o brasileiro chegue. <\/p>\n\n\n\n<p>Recentemente, o nome de Enzo D\u00edaz, do River Plate, foi vinculado ao S\u00e3o Paulo em uma troca envolvendo o meia Giuliano Galoppo, que j\u00e1 est\u00e1 acertado com o clube argentino. No entanto, D\u00edaz est\u00e1 pedindo um aumento salarial e a negocia\u00e7\u00e3o tamb\u00e9m est\u00e1 travada. <\/p>\n\n\n\n<p>Seguindo a linha de racioc\u00ednio, o S\u00e3o Paulo consultou Natanael, do Coritiba, que n\u00e3o ir\u00e1 renovar seu contrato e tamb\u00e9m Matheus Bahia, que pertence ao Bahia. At\u00e9 o momento nada de oficial foi decidido. <\/p>\n","protected":false},"excerpt":{"rendered":"<p>Clube portugu\u00eas dificulta ida de lateral ao S\u00e3o Paulo O S\u00e3o Paulo tem Wendell como favorito para a lateral-esquerda, a posi\u00e7\u00e3o mais carente do clube no momento. Apesar de faltar pouco tempo para seu v\u00ednculo com o Porto se encerrar, a tend\u00eancia \u00e9 do jogador n\u00e3o receber uma libera\u00e7\u00e3o antecipada do clube portugu\u00eas. A ideia [&hellip;]<\/p>\n","protected":false},"author":21,"featured_media":154451,"comment_status":"open","ping_status":"closed","sticky":false,"template":"","format":"standard","meta":{"footnotes":""},"categories":[151],"tags":[],"class_list":["post-207555","post","type-post","status-publish","format-standard","has-post-thumbnail","hentry","category-sao-paulo"],"yoast_head":"<!-- This site is optimized with the Yoast SEO Premium plugin v24.2 (Yoast SEO v26.9) - https:\/\/yoast.com\/product\/yoast-seo-premium-wordpress\/ -->\n<title>S\u00e3o Paulo: atualiza\u00e7\u00e3o sobre a chegada de Wendell<\/title>\n<meta name=\"robots\" content=\"index, follow, max-snippet:-1, max-image-preview:large, max-video-preview:-1\" \/>\n<link rel=\"canonical\" href=\"https:\/\/www.gaveanews.com\/index.php\/2025\/01\/04\/sao-paulo-atualizacao-sobre-a-chegada-de-wendell\/\" \/>\n<meta property=\"og:locale\" content=\"pt_BR\" \/>\n<meta property=\"og:type\" content=\"article\" \/>\n<meta property=\"og:title\" content=\"S\u00e3o Paulo: atualiza\u00e7\u00e3o sobre a chegada de Wendell\" \/>\n<meta property=\"og:description\" content=\"Clube portugu\u00eas dificulta ida de lateral ao S\u00e3o Paulo O S\u00e3o Paulo tem Wendell como favorito para a lateral-esquerda, a posi\u00e7\u00e3o mais carente do clube no momento. Apesar de faltar pouco tempo para seu v\u00ednculo com o Porto se encerrar, a tend\u00eancia \u00e9 do jogador n\u00e3o receber uma libera\u00e7\u00e3o antecipada do clube portugu\u00eas. A ideia [&hellip;]\" \/>\n<meta property=\"og:url\" content=\"https:\/\/www.gaveanews.com\/index.php\/2025\/01\/04\/sao-paulo-atualizacao-sobre-a-chegada-de-wendell\/\" \/>\n<meta property=\"og:site_name\" content=\"G\u00e1vea News\" \/>\n<meta property=\"article:publisher\" content=\"https:\/\/facebook.com\/gaveaNews\/\" \/>\n<meta property=\"article:published_time\" content=\"2025-01-05T01:25:00+00:00\" \/>\n<meta property=\"og:image\" content=\"https:\/\/www.gaveanews.com\/wp-content\/uploads\/Escudo-do-Sao-Paulo.webp\" \/>\n\t<meta property=\"og:image:width\" content=\"977\" \/>\n\t<meta property=\"og:image:height\" content=\"651\" \/>\n\t<meta property=\"og:image:type\" content=\"image\/webp\" \/>\n<meta name=\"author\" content=\"Andr\u00e9 Serra\" \/>\n<meta name=\"twitter:card\" content=\"summary_large_image\" \/>\n<meta name=\"twitter:label1\" content=\"Escrito por\" \/>\n\t<meta name=\"twitter:data1\" content=\"Andr\u00e9 Serra\" \/>\n\t<meta name=\"twitter:label2\" content=\"Est. tempo de leitura\" \/>\n\t<meta name=\"twitter:data2\" content=\"2 minutos\" \/>\n<script type=\"application\/ld+json\" class=\"yoast-schema-graph\">{\"@context\":\"https:\/\/schema.org\",\"@graph\":[{\"@type\":\"NewsArticle\",\"@id\":\"https:\/\/www.gaveanews.com\/index.php\/2025\/01\/04\/sao-paulo-atualizacao-sobre-a-chegada-de-wendell\/#article\",\"isPartOf\":{\"@id\":\"https:\/\/www.gaveanews.com\/index.php\/2025\/01\/04\/sao-paulo-atualizacao-sobre-a-chegada-de-wendell\/\"},\"author\":{\"name\":\"Andr\u00e9 Serra\",\"@id\":\"https:\/\/www.gaveanews.com\/#\/schema\/person\/0277a79a1289c451c281ec0411d84f0c\"},\"headline\":\"S\u00e3o Paulo: atualiza\u00e7\u00e3o sobre a chegada de Wendell\",\"datePublished\":\"2025-01-05T01:25:00+00:00\",\"mainEntityOfPage\":{\"@id\":\"https:\/\/www.gaveanews.com\/index.php\/2025\/01\/04\/sao-paulo-atualizacao-sobre-a-chegada-de-wendell\/\"},\"wordCount\":362,\"commentCount\":0,\"image\":{\"@id\":\"https:\/\/www.gaveanews.com\/index.php\/2025\/01\/04\/sao-paulo-atualizacao-sobre-a-chegada-de-wendell\/#primaryimage\"},\"thumbnailUrl\":\"https:\/\/www.gaveanews.com\/wp-content\/uploads\/Escudo-do-Sao-Paulo.webp\",\"articleSection\":[\"S\u00e3o Paulo\"],\"inLanguage\":\"pt-BR\",\"potentialAction\":[{\"@type\":\"CommentAction\",\"name\":\"Comment\",\"target\":[\"https:\/\/www.gaveanews.com\/index.php\/2025\/01\/04\/sao-paulo-atualizacao-sobre-a-chegada-de-wendell\/#respond\"]}],\"copyrightYear\":\"2025\",\"copyrightHolder\":{\"@id\":\"https:\/\/www.gaveanews.com\/#organization\"}},{\"@type\":\"WebPage\",\"@id\":\"https:\/\/www.gaveanews.com\/index.php\/2025\/01\/04\/sao-paulo-atualizacao-sobre-a-chegada-de-wendell\/\",\"url\":\"https:\/\/www.gaveanews.com\/index.php\/2025\/01\/04\/sao-paulo-atualizacao-sobre-a-chegada-de-wendell\/\",\"name\":\"S\u00e3o Paulo: atualiza\u00e7\u00e3o sobre a chegada de Wendell\",\"isPartOf\":{\"@id\":\"https:\/\/www.gaveanews.com\/#website\"},\"primaryImageOfPage\":{\"@id\":\"https:\/\/www.gaveanews.com\/index.php\/2025\/01\/04\/sao-paulo-atualizacao-sobre-a-chegada-de-wendell\/#primaryimage\"},\"image\":{\"@id\":\"https:\/\/www.gaveanews.com\/index.php\/2025\/01\/04\/sao-paulo-atualizacao-sobre-a-chegada-de-wendell\/#primaryimage\"},\"thumbnailUrl\":\"https:\/\/www.gaveanews.com\/wp-content\/uploads\/Escudo-do-Sao-Paulo.webp\",\"datePublished\":\"2025-01-05T01:25:00+00:00\",\"author\":{\"@id\":\"https:\/\/www.gaveanews.com\/#\/schema\/person\/0277a79a1289c451c281ec0411d84f0c\"},\"breadcrumb\":{\"@id\":\"https:\/\/www.gaveanews.com\/index.php\/2025\/01\/04\/sao-paulo-atualizacao-sobre-a-chegada-de-wendell\/#breadcrumb\"},\"inLanguage\":\"pt-BR\",\"potentialAction\":[{\"@type\":\"ReadAction\",\"target\":[\"https:\/\/www.gaveanews.com\/index.php\/2025\/01\/04\/sao-paulo-atualizacao-sobre-a-chegada-de-wendell\/\"]}]},{\"@type\":\"ImageObject\",\"inLanguage\":\"pt-BR\",\"@id\":\"https:\/\/www.gaveanews.com\/index.php\/2025\/01\/04\/sao-paulo-atualizacao-sobre-a-chegada-de-wendell\/#primaryimage\",\"url\":\"https:\/\/www.gaveanews.com\/wp-content\/uploads\/Escudo-do-Sao-Paulo.webp\",\"contentUrl\":\"https:\/\/www.gaveanews.com\/wp-content\/uploads\/Escudo-do-Sao-Paulo.webp\",\"width\":977,\"height\":651,\"caption\":\"Escudo do S\u00e3o Paulo (Foto: Reprodu\u00e7\u00e3o\/S\u00e3o Paulo)\"},{\"@type\":\"BreadcrumbList\",\"@id\":\"https:\/\/www.gaveanews.com\/index.php\/2025\/01\/04\/sao-paulo-atualizacao-sobre-a-chegada-de-wendell\/#breadcrumb\",\"itemListElement\":[{\"@type\":\"ListItem\",\"position\":1,\"name\":\"Home\",\"item\":\"https:\/\/www.gaveanews.com\/\"},{\"@type\":\"ListItem\",\"position\":2,\"name\":\"S\u00e3o Paulo: atualiza\u00e7\u00e3o sobre a chegada de Wendell\"}]},{\"@type\":\"WebSite\",\"@id\":\"https:\/\/www.gaveanews.com\/#website\",\"url\":\"https:\/\/www.gaveanews.com\/\",\"name\":\"G\u00e1vea News\",\"description\":\"Veja todas as not\u00edcias sobre o Flamengo: Contrata\u00e7\u00f5es, categorias de base, resultados das partidas, tabela de classifica\u00e7\u00e3o, pr\u00f3ximos jogos!\",\"potentialAction\":[{\"@type\":\"SearchAction\",\"target\":{\"@type\":\"EntryPoint\",\"urlTemplate\":\"https:\/\/www.gaveanews.com\/?s={search_term_string}\"},\"query-input\":{\"@type\":\"PropertyValueSpecification\",\"valueRequired\":true,\"valueName\":\"search_term_string\"}}],\"inLanguage\":\"pt-BR\"},{\"@type\":\"Person\",\"@id\":\"https:\/\/www.gaveanews.com\/#\/schema\/person\/0277a79a1289c451c281ec0411d84f0c\",\"name\":\"Andr\u00e9 Serra\",\"image\":{\"@type\":\"ImageObject\",\"inLanguage\":\"pt-BR\",\"@id\":\"https:\/\/www.gaveanews.com\/#\/schema\/person\/image\/\",\"url\":\"https:\/\/secure.gravatar.com\/avatar\/d7231369fe48db93292b3e88eb2162dbd9a34a47a8437d9ef3bcaca2a86a83d7?s=96&d=mm&r=g\",\"contentUrl\":\"https:\/\/secure.gravatar.com\/avatar\/d7231369fe48db93292b3e88eb2162dbd9a34a47a8437d9ef3bcaca2a86a83d7?s=96&d=mm&r=g\",\"caption\":\"Andr\u00e9 Serra\"}}]}<\/script>\n<!-- \/ Yoast SEO Premium plugin. -->","yoast_head_json":{"title":"S\u00e3o Paulo: atualiza\u00e7\u00e3o sobre a chegada de Wendell","robots":{"index":"index","follow":"follow","max-snippet":"max-snippet:-1","max-image-preview":"max-image-preview:large","max-video-preview":"max-video-preview:-1"},"canonical":"https:\/\/www.gaveanews.com\/index.php\/2025\/01\/04\/sao-paulo-atualizacao-sobre-a-chegada-de-wendell\/","og_locale":"pt_BR","og_type":"article","og_title":"S\u00e3o Paulo: atualiza\u00e7\u00e3o sobre a chegada de Wendell","og_description":"Clube portugu\u00eas dificulta ida de lateral ao S\u00e3o Paulo O S\u00e3o Paulo tem Wendell como favorito para a lateral-esquerda, a posi\u00e7\u00e3o mais carente do clube no momento. Apesar de faltar pouco tempo para seu v\u00ednculo com o Porto se encerrar, a tend\u00eancia \u00e9 do jogador n\u00e3o receber uma libera\u00e7\u00e3o antecipada do clube portugu\u00eas. A ideia [&hellip;]","og_url":"https:\/\/www.gaveanews.com\/index.php\/2025\/01\/04\/sao-paulo-atualizacao-sobre-a-chegada-de-wendell\/","og_site_name":"G\u00e1vea News","article_publisher":"https:\/\/facebook.com\/gaveaNews\/","article_published_time":"2025-01-05T01:25:00+00:00","og_image":[{"width":977,"height":651,"url":"https:\/\/www.gaveanews.com\/wp-content\/uploads\/Escudo-do-Sao-Paulo.webp","type":"image\/webp"}],"author":"Andr\u00e9 Serra","twitter_card":"summary_large_image","twitter_misc":{"Escrito por":"Andr\u00e9 Serra","Est. tempo de leitura":"2 minutos"},"schema":{"@context":"https:\/\/schema.org","@graph":[{"@type":"NewsArticle","@id":"https:\/\/www.gaveanews.com\/index.php\/2025\/01\/04\/sao-paulo-atualizacao-sobre-a-chegada-de-wendell\/#article","isPartOf":{"@id":"https:\/\/www.gaveanews.com\/index.php\/2025\/01\/04\/sao-paulo-atualizacao-sobre-a-chegada-de-wendell\/"},"author":{"name":"Andr\u00e9 Serra","@id":"https:\/\/www.gaveanews.com\/#\/schema\/person\/0277a79a1289c451c281ec0411d84f0c"},"headline":"S\u00e3o Paulo: atualiza\u00e7\u00e3o sobre a chegada de Wendell","datePublished":"2025-01-05T01:25:00+00:00","mainEntityOfPage":{"@id":"https:\/\/www.gaveanews.com\/index.php\/2025\/01\/04\/sao-paulo-atualizacao-sobre-a-chegada-de-wendell\/"},"wordCount":362,"commentCount":0,"image":{"@id":"https:\/\/www.gaveanews.com\/index.php\/2025\/01\/04\/sao-paulo-atualizacao-sobre-a-chegada-de-wendell\/#primaryimage"},"thumbnailUrl":"https:\/\/www.gaveanews.com\/wp-content\/uploads\/Escudo-do-Sao-Paulo.webp","articleSection":["S\u00e3o Paulo"],"inLanguage":"pt-BR","potentialAction":[{"@type":"CommentAction","name":"Comment","target":["https:\/\/www.gaveanews.com\/index.php\/2025\/01\/04\/sao-paulo-atualizacao-sobre-a-chegada-de-wendell\/#respond"]}],"copyrightYear":"2025","copyrightHolder":{"@id":"https:\/\/www.gaveanews.com\/#organization"}},{"@type":"WebPage","@id":"https:\/\/www.gaveanews.com\/index.php\/2025\/01\/04\/sao-paulo-atualizacao-sobre-a-chegada-de-wendell\/","url":"https:\/\/www.gaveanews.com\/index.php\/2025\/01\/04\/sao-paulo-atualizacao-sobre-a-chegada-de-wendell\/","name":"S\u00e3o Paulo: atualiza\u00e7\u00e3o sobre a chegada de Wendell","isPartOf":{"@id":"https:\/\/www.gaveanews.com\/#website"},"primaryImageOfPage":{"@id":"https:\/\/www.gaveanews.com\/index.php\/2025\/01\/04\/sao-paulo-atualizacao-sobre-a-chegada-de-wendell\/#primaryimage"},"image":{"@id":"https:\/\/www.gaveanews.com\/index.php\/2025\/01\/04\/sao-paulo-atualizacao-sobre-a-chegada-de-wendell\/#primaryimage"},"thumbnailUrl":"https:\/\/www.gaveanews.com\/wp-content\/uploads\/Escudo-do-Sao-Paulo.webp","datePublished":"2025-01-05T01:25:00+00:00","author":{"@id":"https:\/\/www.gaveanews.com\/#\/schema\/person\/0277a79a1289c451c281ec0411d84f0c"},"breadcrumb":{"@id":"https:\/\/www.gaveanews.com\/index.php\/2025\/01\/04\/sao-paulo-atualizacao-sobre-a-chegada-de-wendell\/#breadcrumb"},"inLanguage":"pt-BR","potentialAction":[{"@type":"ReadAction","target":["https:\/\/www.gaveanews.com\/index.php\/2025\/01\/04\/sao-paulo-atualizacao-sobre-a-chegada-de-wendell\/"]}]},{"@type":"ImageObject","inLanguage":"pt-BR","@id":"https:\/\/www.gaveanews.com\/index.php\/2025\/01\/04\/sao-paulo-atualizacao-sobre-a-chegada-de-wendell\/#primaryimage","url":"https:\/\/www.gaveanews.com\/wp-content\/uploads\/Escudo-do-Sao-Paulo.webp","contentUrl":"https:\/\/www.gaveanews.com\/wp-content\/uploads\/Escudo-do-Sao-Paulo.webp","width":977,"height":651,"caption":"Escudo do S\u00e3o Paulo (Foto: Reprodu\u00e7\u00e3o\/S\u00e3o Paulo)"},{"@type":"BreadcrumbList","@id":"https:\/\/www.gaveanews.com\/index.php\/2025\/01\/04\/sao-paulo-atualizacao-sobre-a-chegada-de-wendell\/#breadcrumb","itemListElement":[{"@type":"ListItem","position":1,"name":"Home","item":"https:\/\/www.gaveanews.com\/"},{"@type":"ListItem","position":2,"name":"S\u00e3o Paulo: atualiza\u00e7\u00e3o sobre a chegada de Wendell"}]},{"@type":"WebSite","@id":"https:\/\/www.gaveanews.com\/#website","url":"https:\/\/www.gaveanews.com\/","name":"G\u00e1vea News","description":"Veja todas as not\u00edcias sobre o Flamengo: Contrata\u00e7\u00f5es, categorias de base, resultados das partidas, tabela de classifica\u00e7\u00e3o, pr\u00f3ximos jogos!","potentialAction":[{"@type":"SearchAction","target":{"@type":"EntryPoint","urlTemplate":"https:\/\/www.gaveanews.com\/?s={search_term_string}"},"query-input":{"@type":"PropertyValueSpecification","valueRequired":true,"valueName":"search_term_string"}}],"inLanguage":"pt-BR"},{"@type":"Person","@id":"https:\/\/www.gaveanews.com\/#\/schema\/person\/0277a79a1289c451c281ec0411d84f0c","name":"Andr\u00e9 Serra","image":{"@type":"ImageObject","inLanguage":"pt-BR","@id":"https:\/\/www.gaveanews.com\/#\/schema\/person\/image\/","url":"https:\/\/secure.gravatar.com\/avatar\/d7231369fe48db93292b3e88eb2162dbd9a34a47a8437d9ef3bcaca2a86a83d7?s=96&d=mm&r=g","contentUrl":"https:\/\/secure.gravatar.com\/avatar\/d7231369fe48db93292b3e88eb2162dbd9a34a47a8437d9ef3bcaca2a86a83d7?s=96&d=mm&r=g","caption":"Andr\u00e9 Serra"}}]}},"_links":{"self":[{"href":"https:\/\/www.gaveanews.com\/index.php\/wp-json\/wp\/v2\/posts\/207555","targetHints":{"allow":["GET"]}}],"collection":[{"href":"https:\/\/www.gaveanews.com\/index.php\/wp-json\/wp\/v2\/posts"}],"about":[{"href":"https:\/\/www.gaveanews.com\/index.php\/wp-json\/wp\/v2\/types\/post"}],"author":[{"embeddable":true,"href":"https:\/\/www.gaveanews.com\/index.php\/wp-json\/wp\/v2\/users\/21"}],"replies":[{"embeddable":true,"href":"https:\/\/www.gaveanews.com\/index.php\/wp-json\/wp\/v2\/comments?post=207555"}],"version-history":[{"count":1,"href":"https:\/\/www.gaveanews.com\/index.php\/wp-json\/wp\/v2\/posts\/207555\/revisions"}],"predecessor-version":[{"id":207573,"href":"https:\/\/www.gaveanews.com\/index.php\/wp-json\/wp\/v2\/posts\/207555\/revisions\/207573"}],"wp:featuredmedia":[{"embeddable":true,"href":"https:\/\/www.gaveanews.com\/index.php\/wp-json\/wp\/v2\/media\/154451"}],"wp:attachment":[{"href":"https:\/\/www.gaveanews.com\/index.php\/wp-json\/wp\/v2\/media?parent=207555"}],"wp:term":[{"taxonomy":"category","embeddable":true,"href":"https:\/\/www.gaveanews.com\/index.php\/wp-json\/wp\/v2\/categories?post=207555"},{"taxonomy":"post_tag","embeddable":true,"href":"https:\/\/www.gaveanews.com\/index.php\/wp-json\/wp\/v2\/tags?post=207555"}],"curies":[{"name":"wp","href":"https:\/\/api.w.org\/{rel}","templated":true}]}}