{"id":20756,"date":"2019-05-21T09:23:34","date_gmt":"2019-05-21T12:23:34","guid":{"rendered":"https:\/\/www.gaveanews.com\/?p=20756"},"modified":"2019-05-21T18:40:18","modified_gmt":"2019-05-21T21:40:18","slug":"renovacao-de-cuellar-flamengo","status":"publish","type":"post","link":"https:\/\/www.gaveanews.com\/index.php\/2019\/05\/21\/renovacao-de-cuellar-flamengo\/","title":{"rendered":"Diretoria do Flamengo projeta di\u00e1logo por renova\u00e7\u00e3o do contrato de  Cu\u00e9llar"},"content":{"rendered":"\n<p>O mercado promete ser aquecido, mas o Flamengo se prepara com tranquilidade para o vento quente que acredita vir da Europa em busca de Gustavo Cu\u00e9llar. Jogador mais regular da equipe h\u00e1 um bom tempo e destaque da temporada ao lado de Rodrigo Caio, o colombiano \u00e9 observado por um par de clubes europeus. <\/p>\n\n\n\n<p>Ele teve uma entorse no tornozelo direito contra o Atl\u00e9tico-MG, mas o exame n\u00e3o apontou fratura. Na segunda, iniciou o trabalho de fisioterapia.<\/p>\n\n\n\n<p>Com a vitrine da Copa Am\u00e9rica, a expectativa \u00e9 de que ofertas sejam postas na mesa, e ser\u00e1 quando o Flamengo dar\u00e1 a cartada pela perman\u00eancia do volante. O tema s\u00f3 ser\u00e1 debatido a partir do momento que Cu\u00e9llar receber de fato uma proposta oficial da Europa &#8211; o que n\u00e3o aconteceu no per\u00edodo que defende o Flamengo. At\u00e9 o momento, apenas uma oferta da Ar\u00e1bia Saudita foi apresentada no ano passado, logo ap\u00f3s a renova\u00e7\u00e3o &#8211; em junho -, mas os valores n\u00e3o agradaram as partes. O Rubro-Negro prontamente disse n\u00e3o.<\/p>\n\n\n\n<p style=\"font-size:11px;text-align:right\" class=\"seguirInstagram\">(<a href=\"http:\/\/bit.ly\/Instagram-Gavea-News\">siga nosso perfil no Instagram: @GaveaNews<\/a>)<\/p>\n\n\n\n<figure class=\"wp-block-embed-instagram wp-block-embed is-type-rich is-provider-instagram\"><div class=\"wp-block-embed__wrapper\">\nhttps:\/\/www.instagram.com\/p\/BxvWq9fFmjG\/\n<\/div><\/figure>\n\n\n\n<p>\u00c9 consenso, por\u00e9m, que o valor de multa estipulado no v\u00ednculo que vai at\u00e9 30 de junho de 2022 \u00e9 ut\u00f3pico e n\u00e3o ser\u00e1 pela falta de pagamento do montante que Cu\u00e9llar permanecer\u00e1 na G\u00e1vea. Por contrato, as cifras s\u00e3o de 70 milh\u00f5es de euros para o mercado internacional (cerca R$ 312 mi na cota\u00e7\u00e3o atual) e R$ 300 mi para um clube brasileiro.<\/p>\n\n\n\n<p>O Flamengo e os respons\u00e1veis pela carreira do jogador sabem que este valor est\u00e1 fora da realidade do mercado e a tend\u00eancia \u00e9 de que o tema seja discutido caso chegue um oferta que se aproxime dos 10 milh\u00f5es de euros. Pelo bom relacionamento desenvolvido ao longo dos mais de tr\u00eas anos do colombiano no clube, n\u00e3o h\u00e1 interesse em conflito que possa gerar lit\u00edgio diante de uma cobran\u00e7a irredut\u00edvel pela multa.<\/p>\n\n\n\n<p>Tanto que o Flamengo tem em mente uma contraproposta para renova\u00e7\u00e3o com reajuste caso algo que realmente seduza Cu\u00e9llar apare\u00e7a. O sal\u00e1rio do volante n\u00e3o est\u00e1 no Top10 do elenco atual e o Rubro-Negro sabe que uma valoriza\u00e7\u00e3o se far\u00e1 necess\u00e1ria.<\/p>\n\n\n\n<p>Com a estrat\u00e9gia bem definida, o clube espera a movimenta\u00e7\u00e3o do mercado para agir. At\u00e9 l\u00e1, se resguarda com os tr\u00eas anos de contrato que ainda tem com o jogador.<\/p>\n\n\n\n<p>\u00c0 vontade no Rio de Janeiro e nas gra\u00e7as da torcida, Cu\u00e9llar n\u00e3o se deixar\u00e1 levar pelo simples sonho de jogar na Europa. O risco de o Flamengo perd\u00ea-lo passa diretamente pelo ass\u00e9dio de uma grande liga e para um clube com ambi\u00e7\u00f5es esportivas, um projeto realmente sedutor.<\/p>\n\n\n\n<p>O pr\u00f3prio retrospecto de transfer\u00eancias de jogadores com suas caracter\u00edsticas para o Velho Continente \u00e9 avaliado para uma prospec\u00e7\u00e3o do que seria interessante sem ilus\u00f5es. Volante colombiano de maior sucesso recente na Europa, por exemplo, Carlos Sanchez nunca foi al\u00e9m de clubes do segundo escal\u00e3o.<\/p>\n\n\n\n<p>Atualmente no West Ham, o compatriota de Cu\u00e9llar rodou por Vallenciennes (Fran\u00e7a), Elche e Espanyol (Espanha), Fiorentina (It\u00e1lia) e j\u00e1 tinha defendido o Aston Villa na Premier League. A tend\u00eancia foi colocada em pr\u00e1tica com outros nomes.<\/p>\n\n\n\n<p>Destaque do Boca e concorrente de Cu\u00e9llar na sele\u00e7\u00e3o, Wilmar Barrios foi para o Zenit, da R\u00fassia. Jefferson Lerma atua no ingl\u00eas Bournemouth, Didier Moreno no La Coru\u00f1a e Mateus Uribe sequer saiu da Am\u00e9rica Latina, est\u00e1 no Am\u00e9rica do M\u00e9xico.<\/p>\n\n\n\n<p>O cen\u00e1rio ajuda a decifrar o que vem pela frente para Gustavo Cu\u00e9llar, que, aos 26 anos &#8211; completa 27 em 14 de outubro -, sabe que est\u00e1 pr\u00f3ximo de ver a idade come\u00e7ar a encurtar seu mercado na Europa. A pr\u00f3xima janela se torna ainda mais importante por unir o \u00e1pice t\u00e9cnico e de maturidade.<\/p>\n\n\n\n<p>Tudo at\u00e9 o momento, no entanto, n\u00e3o passa de proje\u00e7\u00f5es. Do volante, sobre os rumos que pretender\u00e1 tomar na carreira. Do Flamengo, de como manter seu jogador mais regular. <\/p>\n\n\n\n\n\n<p>Retirado de: Globo Esporte<\/p>\n","protected":false},"excerpt":{"rendered":"<p>O mercado promete ser aquecido, mas o Flamengo se prepara com tranquilidade para o vento quente que acredita vir da Europa em busca de Gustavo Cu\u00e9llar. Jogador mais regular da equipe h\u00e1 um bom tempo e destaque da temporada ao lado de Rodrigo Caio, o colombiano \u00e9 observado por um par de clubes europeus. Ele [&hellip;]<\/p>\n","protected":false},"author":1,"featured_media":15387,"comment_status":"open","ping_status":"open","sticky":false,"template":"","format":"standard","meta":{"footnotes":""},"categories":[48],"tags":[],"class_list":["post-20756","post","type-post","status-publish","format-standard","has-post-thumbnail","hentry","category-negociacoes"],"yoast_head":"<!-- This site is optimized with the Yoast SEO Premium plugin v24.2 (Yoast SEO v26.9) - https:\/\/yoast.com\/product\/yoast-seo-premium-wordpress\/ -->\n<title>Diretoria do Flamengo projeta di\u00e1logo por renova\u00e7\u00e3o do contrato de Cu\u00e9llar<\/title>\n<meta name=\"robots\" content=\"index, follow, max-snippet:-1, max-image-preview:large, max-video-preview:-1\" \/>\n<link rel=\"canonical\" href=\"https:\/\/www.gaveanews.com\/index.php\/2019\/05\/21\/renovacao-de-cuellar-flamengo\/\" \/>\n<meta property=\"og:locale\" content=\"pt_BR\" \/>\n<meta property=\"og:type\" content=\"article\" \/>\n<meta property=\"og:title\" content=\"Diretoria do Flamengo projeta di\u00e1logo por renova\u00e7\u00e3o do contrato de Cu\u00e9llar\" \/>\n<meta property=\"og:description\" content=\"O mercado promete ser aquecido, mas o Flamengo se prepara com tranquilidade para o vento quente que acredita vir da Europa em busca de Gustavo Cu\u00e9llar. Jogador mais regular da equipe h\u00e1 um bom tempo e destaque da temporada ao lado de Rodrigo Caio, o colombiano \u00e9 observado por um par de clubes europeus. Ele [&hellip;]\" \/>\n<meta property=\"og:url\" content=\"https:\/\/www.gaveanews.com\/index.php\/2019\/05\/21\/renovacao-de-cuellar-flamengo\/\" \/>\n<meta property=\"og:site_name\" content=\"G\u00e1vea News\" \/>\n<meta property=\"article:publisher\" content=\"https:\/\/facebook.com\/gaveaNews\/\" \/>\n<meta property=\"article:published_time\" content=\"2019-05-21T12:23:34+00:00\" \/>\n<meta property=\"article:modified_time\" content=\"2019-05-21T21:40:18+00:00\" \/>\n<meta property=\"og:image\" content=\"https:\/\/www.gaveanews.com\/wp-content\/uploads\/2019\/03\/Cuellar-em-acao-pelo-Flamengo.webp\" \/>\n\t<meta property=\"og:image:width\" content=\"1\" \/>\n\t<meta property=\"og:image:height\" content=\"1\" \/>\n\t<meta property=\"og:image:type\" content=\"image\/jpeg\" \/>\n<meta name=\"author\" content=\"Equipe G\u00e1vea News\" \/>\n<meta name=\"twitter:card\" content=\"summary_large_image\" \/>\n<meta name=\"twitter:label1\" content=\"Escrito por\" \/>\n\t<meta name=\"twitter:data1\" content=\"Equipe G\u00e1vea News\" \/>\n\t<meta name=\"twitter:label2\" content=\"Est. tempo de leitura\" \/>\n\t<meta name=\"twitter:data2\" content=\"4 minutos\" \/>\n<script type=\"application\/ld+json\" class=\"yoast-schema-graph\">{\"@context\":\"https:\/\/schema.org\",\"@graph\":[{\"@type\":\"NewsArticle\",\"@id\":\"https:\/\/www.gaveanews.com\/index.php\/2019\/05\/21\/renovacao-de-cuellar-flamengo\/#article\",\"isPartOf\":{\"@id\":\"https:\/\/www.gaveanews.com\/index.php\/2019\/05\/21\/renovacao-de-cuellar-flamengo\/\"},\"author\":{\"name\":\"Equipe G\u00e1vea News\",\"@id\":\"https:\/\/www.gaveanews.com\/#\/schema\/person\/2ec14f73fb96be2caf28f91afb14749d\"},\"headline\":\"Diretoria do Flamengo projeta di\u00e1logo por renova\u00e7\u00e3o do contrato de Cu\u00e9llar\",\"datePublished\":\"2019-05-21T12:23:34+00:00\",\"dateModified\":\"2019-05-21T21:40:18+00:00\",\"mainEntityOfPage\":{\"@id\":\"https:\/\/www.gaveanews.com\/index.php\/2019\/05\/21\/renovacao-de-cuellar-flamengo\/\"},\"wordCount\":715,\"commentCount\":0,\"image\":{\"@id\":\"https:\/\/www.gaveanews.com\/index.php\/2019\/05\/21\/renovacao-de-cuellar-flamengo\/#primaryimage\"},\"thumbnailUrl\":\"https:\/\/www.gaveanews.com\/wp-content\/uploads\/2019\/03\/Cuellar-em-acao-pelo-Flamengo.webp\",\"articleSection\":[\"Negocia\u00e7\u00f5es\"],\"inLanguage\":\"pt-BR\",\"potentialAction\":[{\"@type\":\"CommentAction\",\"name\":\"Comment\",\"target\":[\"https:\/\/www.gaveanews.com\/index.php\/2019\/05\/21\/renovacao-de-cuellar-flamengo\/#respond\"]}],\"copyrightYear\":\"2019\",\"copyrightHolder\":{\"@id\":\"https:\/\/www.gaveanews.com\/#organization\"}},{\"@type\":\"WebPage\",\"@id\":\"https:\/\/www.gaveanews.com\/index.php\/2019\/05\/21\/renovacao-de-cuellar-flamengo\/\",\"url\":\"https:\/\/www.gaveanews.com\/index.php\/2019\/05\/21\/renovacao-de-cuellar-flamengo\/\",\"name\":\"Diretoria do Flamengo projeta di\u00e1logo por renova\u00e7\u00e3o do contrato de Cu\u00e9llar\",\"isPartOf\":{\"@id\":\"https:\/\/www.gaveanews.com\/#website\"},\"primaryImageOfPage\":{\"@id\":\"https:\/\/www.gaveanews.com\/index.php\/2019\/05\/21\/renovacao-de-cuellar-flamengo\/#primaryimage\"},\"image\":{\"@id\":\"https:\/\/www.gaveanews.com\/index.php\/2019\/05\/21\/renovacao-de-cuellar-flamengo\/#primaryimage\"},\"thumbnailUrl\":\"https:\/\/www.gaveanews.com\/wp-content\/uploads\/2019\/03\/Cuellar-em-acao-pelo-Flamengo.webp\",\"datePublished\":\"2019-05-21T12:23:34+00:00\",\"dateModified\":\"2019-05-21T21:40:18+00:00\",\"author\":{\"@id\":\"https:\/\/www.gaveanews.com\/#\/schema\/person\/2ec14f73fb96be2caf28f91afb14749d\"},\"breadcrumb\":{\"@id\":\"https:\/\/www.gaveanews.com\/index.php\/2019\/05\/21\/renovacao-de-cuellar-flamengo\/#breadcrumb\"},\"inLanguage\":\"pt-BR\",\"potentialAction\":[{\"@type\":\"ReadAction\",\"target\":[\"https:\/\/www.gaveanews.com\/index.php\/2019\/05\/21\/renovacao-de-cuellar-flamengo\/\"]}]},{\"@type\":\"ImageObject\",\"inLanguage\":\"pt-BR\",\"@id\":\"https:\/\/www.gaveanews.com\/index.php\/2019\/05\/21\/renovacao-de-cuellar-flamengo\/#primaryimage\",\"url\":\"https:\/\/www.gaveanews.com\/wp-content\/uploads\/2019\/03\/Cuellar-em-acao-pelo-Flamengo.webp\",\"contentUrl\":\"https:\/\/www.gaveanews.com\/wp-content\/uploads\/2019\/03\/Cuellar-em-acao-pelo-Flamengo.webp\",\"caption\":\"Cuellar em a\u00e7\u00e3o pelo Flamengo (Foto: Alexandre Vidal\/Flamengo)\"},{\"@type\":\"BreadcrumbList\",\"@id\":\"https:\/\/www.gaveanews.com\/index.php\/2019\/05\/21\/renovacao-de-cuellar-flamengo\/#breadcrumb\",\"itemListElement\":[{\"@type\":\"ListItem\",\"position\":1,\"name\":\"Home\",\"item\":\"https:\/\/www.gaveanews.com\/\"},{\"@type\":\"ListItem\",\"position\":2,\"name\":\"Diretoria do Flamengo projeta di\u00e1logo por renova\u00e7\u00e3o do contrato de Cu\u00e9llar\"}]},{\"@type\":\"WebSite\",\"@id\":\"https:\/\/www.gaveanews.com\/#website\",\"url\":\"https:\/\/www.gaveanews.com\/\",\"name\":\"G\u00e1vea News\",\"description\":\"Veja todas as not\u00edcias sobre o Flamengo: Contrata\u00e7\u00f5es, categorias de base, resultados das partidas, tabela de classifica\u00e7\u00e3o, pr\u00f3ximos jogos!\",\"potentialAction\":[{\"@type\":\"SearchAction\",\"target\":{\"@type\":\"EntryPoint\",\"urlTemplate\":\"https:\/\/www.gaveanews.com\/?s={search_term_string}\"},\"query-input\":{\"@type\":\"PropertyValueSpecification\",\"valueRequired\":true,\"valueName\":\"search_term_string\"}}],\"inLanguage\":\"pt-BR\"},{\"@type\":\"Person\",\"@id\":\"https:\/\/www.gaveanews.com\/#\/schema\/person\/2ec14f73fb96be2caf28f91afb14749d\",\"name\":\"Equipe G\u00e1vea News\",\"image\":{\"@type\":\"ImageObject\",\"inLanguage\":\"pt-BR\",\"@id\":\"https:\/\/www.gaveanews.com\/#\/schema\/person\/image\/\",\"url\":\"https:\/\/secure.gravatar.com\/avatar\/1e1956f1facbffd3f8fa53a326721950116b3b9dc9bd44939c01180fd4a745a9?s=96&d=mm&r=g\",\"contentUrl\":\"https:\/\/secure.gravatar.com\/avatar\/1e1956f1facbffd3f8fa53a326721950116b3b9dc9bd44939c01180fd4a745a9?s=96&d=mm&r=g\",\"caption\":\"Equipe G\u00e1vea News\"}}]}<\/script>\n<!-- \/ Yoast SEO Premium plugin. -->","yoast_head_json":{"title":"Diretoria do Flamengo projeta di\u00e1logo por renova\u00e7\u00e3o do contrato de Cu\u00e9llar","robots":{"index":"index","follow":"follow","max-snippet":"max-snippet:-1","max-image-preview":"max-image-preview:large","max-video-preview":"max-video-preview:-1"},"canonical":"https:\/\/www.gaveanews.com\/index.php\/2019\/05\/21\/renovacao-de-cuellar-flamengo\/","og_locale":"pt_BR","og_type":"article","og_title":"Diretoria do Flamengo projeta di\u00e1logo por renova\u00e7\u00e3o do contrato de Cu\u00e9llar","og_description":"O mercado promete ser aquecido, mas o Flamengo se prepara com tranquilidade para o vento quente que acredita vir da Europa em busca de Gustavo Cu\u00e9llar. Jogador mais regular da equipe h\u00e1 um bom tempo e destaque da temporada ao lado de Rodrigo Caio, o colombiano \u00e9 observado por um par de clubes europeus. Ele [&hellip;]","og_url":"https:\/\/www.gaveanews.com\/index.php\/2019\/05\/21\/renovacao-de-cuellar-flamengo\/","og_site_name":"G\u00e1vea News","article_publisher":"https:\/\/facebook.com\/gaveaNews\/","article_published_time":"2019-05-21T12:23:34+00:00","article_modified_time":"2019-05-21T21:40:18+00:00","og_image":[{"url":"https:\/\/www.gaveanews.com\/wp-content\/uploads\/2019\/03\/Cuellar-em-acao-pelo-Flamengo.webp","width":1,"height":1,"type":"image\/jpeg"}],"author":"Equipe G\u00e1vea News","twitter_card":"summary_large_image","twitter_misc":{"Escrito por":"Equipe G\u00e1vea News","Est. tempo de leitura":"4 minutos"},"schema":{"@context":"https:\/\/schema.org","@graph":[{"@type":"NewsArticle","@id":"https:\/\/www.gaveanews.com\/index.php\/2019\/05\/21\/renovacao-de-cuellar-flamengo\/#article","isPartOf":{"@id":"https:\/\/www.gaveanews.com\/index.php\/2019\/05\/21\/renovacao-de-cuellar-flamengo\/"},"author":{"name":"Equipe G\u00e1vea News","@id":"https:\/\/www.gaveanews.com\/#\/schema\/person\/2ec14f73fb96be2caf28f91afb14749d"},"headline":"Diretoria do Flamengo projeta di\u00e1logo por renova\u00e7\u00e3o do contrato de Cu\u00e9llar","datePublished":"2019-05-21T12:23:34+00:00","dateModified":"2019-05-21T21:40:18+00:00","mainEntityOfPage":{"@id":"https:\/\/www.gaveanews.com\/index.php\/2019\/05\/21\/renovacao-de-cuellar-flamengo\/"},"wordCount":715,"commentCount":0,"image":{"@id":"https:\/\/www.gaveanews.com\/index.php\/2019\/05\/21\/renovacao-de-cuellar-flamengo\/#primaryimage"},"thumbnailUrl":"https:\/\/www.gaveanews.com\/wp-content\/uploads\/2019\/03\/Cuellar-em-acao-pelo-Flamengo.webp","articleSection":["Negocia\u00e7\u00f5es"],"inLanguage":"pt-BR","potentialAction":[{"@type":"CommentAction","name":"Comment","target":["https:\/\/www.gaveanews.com\/index.php\/2019\/05\/21\/renovacao-de-cuellar-flamengo\/#respond"]}],"copyrightYear":"2019","copyrightHolder":{"@id":"https:\/\/www.gaveanews.com\/#organization"}},{"@type":"WebPage","@id":"https:\/\/www.gaveanews.com\/index.php\/2019\/05\/21\/renovacao-de-cuellar-flamengo\/","url":"https:\/\/www.gaveanews.com\/index.php\/2019\/05\/21\/renovacao-de-cuellar-flamengo\/","name":"Diretoria do Flamengo projeta di\u00e1logo por renova\u00e7\u00e3o do contrato de Cu\u00e9llar","isPartOf":{"@id":"https:\/\/www.gaveanews.com\/#website"},"primaryImageOfPage":{"@id":"https:\/\/www.gaveanews.com\/index.php\/2019\/05\/21\/renovacao-de-cuellar-flamengo\/#primaryimage"},"image":{"@id":"https:\/\/www.gaveanews.com\/index.php\/2019\/05\/21\/renovacao-de-cuellar-flamengo\/#primaryimage"},"thumbnailUrl":"https:\/\/www.gaveanews.com\/wp-content\/uploads\/2019\/03\/Cuellar-em-acao-pelo-Flamengo.webp","datePublished":"2019-05-21T12:23:34+00:00","dateModified":"2019-05-21T21:40:18+00:00","author":{"@id":"https:\/\/www.gaveanews.com\/#\/schema\/person\/2ec14f73fb96be2caf28f91afb14749d"},"breadcrumb":{"@id":"https:\/\/www.gaveanews.com\/index.php\/2019\/05\/21\/renovacao-de-cuellar-flamengo\/#breadcrumb"},"inLanguage":"pt-BR","potentialAction":[{"@type":"ReadAction","target":["https:\/\/www.gaveanews.com\/index.php\/2019\/05\/21\/renovacao-de-cuellar-flamengo\/"]}]},{"@type":"ImageObject","inLanguage":"pt-BR","@id":"https:\/\/www.gaveanews.com\/index.php\/2019\/05\/21\/renovacao-de-cuellar-flamengo\/#primaryimage","url":"https:\/\/www.gaveanews.com\/wp-content\/uploads\/2019\/03\/Cuellar-em-acao-pelo-Flamengo.webp","contentUrl":"https:\/\/www.gaveanews.com\/wp-content\/uploads\/2019\/03\/Cuellar-em-acao-pelo-Flamengo.webp","caption":"Cuellar em a\u00e7\u00e3o pelo Flamengo (Foto: Alexandre Vidal\/Flamengo)"},{"@type":"BreadcrumbList","@id":"https:\/\/www.gaveanews.com\/index.php\/2019\/05\/21\/renovacao-de-cuellar-flamengo\/#breadcrumb","itemListElement":[{"@type":"ListItem","position":1,"name":"Home","item":"https:\/\/www.gaveanews.com\/"},{"@type":"ListItem","position":2,"name":"Diretoria do Flamengo projeta di\u00e1logo por renova\u00e7\u00e3o do contrato de Cu\u00e9llar"}]},{"@type":"WebSite","@id":"https:\/\/www.gaveanews.com\/#website","url":"https:\/\/www.gaveanews.com\/","name":"G\u00e1vea News","description":"Veja todas as not\u00edcias sobre o Flamengo: Contrata\u00e7\u00f5es, categorias de base, resultados das partidas, tabela de classifica\u00e7\u00e3o, pr\u00f3ximos jogos!","potentialAction":[{"@type":"SearchAction","target":{"@type":"EntryPoint","urlTemplate":"https:\/\/www.gaveanews.com\/?s={search_term_string}"},"query-input":{"@type":"PropertyValueSpecification","valueRequired":true,"valueName":"search_term_string"}}],"inLanguage":"pt-BR"},{"@type":"Person","@id":"https:\/\/www.gaveanews.com\/#\/schema\/person\/2ec14f73fb96be2caf28f91afb14749d","name":"Equipe G\u00e1vea News","image":{"@type":"ImageObject","inLanguage":"pt-BR","@id":"https:\/\/www.gaveanews.com\/#\/schema\/person\/image\/","url":"https:\/\/secure.gravatar.com\/avatar\/1e1956f1facbffd3f8fa53a326721950116b3b9dc9bd44939c01180fd4a745a9?s=96&d=mm&r=g","contentUrl":"https:\/\/secure.gravatar.com\/avatar\/1e1956f1facbffd3f8fa53a326721950116b3b9dc9bd44939c01180fd4a745a9?s=96&d=mm&r=g","caption":"Equipe G\u00e1vea News"}}]}},"_links":{"self":[{"href":"https:\/\/www.gaveanews.com\/index.php\/wp-json\/wp\/v2\/posts\/20756","targetHints":{"allow":["GET"]}}],"collection":[{"href":"https:\/\/www.gaveanews.com\/index.php\/wp-json\/wp\/v2\/posts"}],"about":[{"href":"https:\/\/www.gaveanews.com\/index.php\/wp-json\/wp\/v2\/types\/post"}],"author":[{"embeddable":true,"href":"https:\/\/www.gaveanews.com\/index.php\/wp-json\/wp\/v2\/users\/1"}],"replies":[{"embeddable":true,"href":"https:\/\/www.gaveanews.com\/index.php\/wp-json\/wp\/v2\/comments?post=20756"}],"version-history":[{"count":0,"href":"https:\/\/www.gaveanews.com\/index.php\/wp-json\/wp\/v2\/posts\/20756\/revisions"}],"wp:featuredmedia":[{"embeddable":true,"href":"https:\/\/www.gaveanews.com\/index.php\/wp-json\/wp\/v2\/media\/15387"}],"wp:attachment":[{"href":"https:\/\/www.gaveanews.com\/index.php\/wp-json\/wp\/v2\/media?parent=20756"}],"wp:term":[{"taxonomy":"category","embeddable":true,"href":"https:\/\/www.gaveanews.com\/index.php\/wp-json\/wp\/v2\/categories?post=20756"},{"taxonomy":"post_tag","embeddable":true,"href":"https:\/\/www.gaveanews.com\/index.php\/wp-json\/wp\/v2\/tags?post=20756"}],"curies":[{"name":"wp","href":"https:\/\/api.w.org\/{rel}","templated":true}]}}