{"id":207565,"date":"2025-01-04T22:10:00","date_gmt":"2025-01-05T01:10:00","guid":{"rendered":"https:\/\/www.gaveanews.com\/?p=207565"},"modified":"2025-01-04T20:53:43","modified_gmt":"2025-01-04T23:53:43","slug":"ex-sao-paulo-james-rodriguez-vai-trocar-de-time-na-europa","status":"publish","type":"post","link":"https:\/\/www.gaveanews.com\/index.php\/2025\/01\/04\/ex-sao-paulo-james-rodriguez-vai-trocar-de-time-na-europa\/","title":{"rendered":"Ex-S\u00e3o Paulo, James Rodr\u00edguez vai trocar de time na Europa"},"content":{"rendered":"\n<p>A curta passagem de James Rodr\u00edguez pelo Rayo Vallecano est\u00e1 pr\u00f3xima do fim. De acordo com informa\u00e7\u00f5es do jornalista colombiano Pipe Sierra, o meia, que teve passagem pelo S\u00e3o Paulo, est\u00e1 finalizando a documenta\u00e7\u00e3o para rescindir contrato com o clube espanhol.<\/p>\n\n\n\n<ul class=\"wp-block-list\">\n<li><strong><a href=\"https:\/\/www.gaveanews.com\/index.php\/2025\/01\/04\/chegada-de-alexander-arnold-declaracao-de-mbappe-e-brasileiros-melhores-do-mundo-as-ultimas-noticias-do-real-madrid\/?utm_source=terra_capa_parceiros&amp;utm_medium=referral\">Chegada de Alexander-Arnold, declara\u00e7\u00e3o de Mbapp\u00e9 e Brasileiros melhores do Mundo: as \u00faltimas not\u00edcias do Real Madrid<\/a><\/strong><\/li>\n\n\n\n<li><strong><a href=\"https:\/\/www.gaveanews.com\/index.php\/2025\/01\/04\/recado-de-rodri-previsao-de-sormani-e-declaracao-de-courtois-as-ultimas-noticias-do-real-madrid\/?utm_source=terra_capa_parceiros&amp;utm_medium=referral\">Recado de Rodri, previs\u00e3o de Sormani e declara\u00e7\u00e3o de Courtois: as \u00faltimas not\u00edcias do Real Madrid<\/a><\/strong><\/li>\n<\/ul>\n\n\n\n<p>James chegou ao Rayo no final de agosto, em busca de retomar o protagonismo e realizar o desejo de voltar a atuar na LaLiga. No entanto, o jogador de 32 anos n\u00e3o conseguiu se firmar na equipe, somando apenas 205 minutos em campo, o equivalente a pouco mais de dois jogos completos.<\/p>\n\n\n\n<p>O colombiano foi titular em duas oportunidades, uma pela LaLiga e outra pela Copa do Rei. Ele tamb\u00e9m entrou em campo em outras cinco partidas, mas n\u00e3o marcou gols e deu apenas uma assist\u00eancia, contra os Unionistas de Salamanca, da terceira divis\u00e3o espanhola. O desempenho discreto gerou cr\u00edticas, e o jornal espanhol \u201cMarca\u201d chegou a classific\u00e1-lo como uma \u201cbomba prestes a explodir\u201d.<\/p>\n\n\n\n<p>Com o t\u00e9rmino do v\u00ednculo iminente, James pode estar perto de retornar ao futebol colombiano ap\u00f3s 18 anos. Segundo Sierra, o Junior Barranquilla demonstrou interesse em repatriar o \u00eddolo da sele\u00e7\u00e3o colombiana. Apesar disso, as negocia\u00e7\u00f5es ainda n\u00e3o avan\u00e7aram.<\/p>\n\n\n\n<p>Revelado pelo Envigado, James marcou nove gols em 30 partidas antes de se transferir para o Banfield, da Argentina, em 2008. Desde ent\u00e3o, construiu uma carreira de destaque internacional, com passagens por Porto, Monaco, Real Madrid, Bayern de Munique, Everton, Al-Rayyan e Olympiacos, antes de atuar no S\u00e3o Paulo em 2023.<\/p>\n\n\n\n<p>A sa\u00edda do Rayo Vallecano, no entanto, marca mais um cap\u00edtulo frustrante na trajet\u00f3ria recente de James, que busca reencontrar o bom futebol que o consagrou como um dos principais jogadores colombianos da \u00faltima d\u00e9cada. A torcida agora aguarda para saber qual ser\u00e1 o pr\u00f3ximo destino do meia.<\/p>\n","protected":false},"excerpt":{"rendered":"<p>A curta passagem de James Rodr\u00edguez pelo Rayo Vallecano est\u00e1 pr\u00f3xima do fim. De acordo com informa\u00e7\u00f5es do jornalista colombiano Pipe Sierra, o meia, que teve passagem pelo S\u00e3o Paulo, est\u00e1 finalizando a documenta\u00e7\u00e3o para rescindir contrato com o clube espanhol. James chegou ao Rayo no final de agosto, em busca de retomar o protagonismo [&hellip;]<\/p>\n","protected":false},"author":23,"featured_media":27969,"comment_status":"open","ping_status":"closed","sticky":false,"template":"","format":"standard","meta":{"footnotes":""},"categories":[78,151],"tags":[],"class_list":["post-207565","post","type-post","status-publish","format-standard","has-post-thumbnail","hentry","category-futebol-internacional","category-sao-paulo"],"yoast_head":"<!-- This site is optimized with the Yoast SEO Premium plugin v24.2 (Yoast SEO v26.9) - https:\/\/yoast.com\/product\/yoast-seo-premium-wordpress\/ -->\n<title>Ex-S\u00e3o Paulo, James Rodr\u00edguez vai trocar de time na Europa<\/title>\n<meta name=\"robots\" content=\"index, follow, max-snippet:-1, max-image-preview:large, max-video-preview:-1\" \/>\n<link rel=\"canonical\" href=\"https:\/\/www.gaveanews.com\/index.php\/2025\/01\/04\/ex-sao-paulo-james-rodriguez-vai-trocar-de-time-na-europa\/\" \/>\n<meta property=\"og:locale\" content=\"pt_BR\" \/>\n<meta property=\"og:type\" content=\"article\" \/>\n<meta property=\"og:title\" content=\"Ex-S\u00e3o Paulo, James Rodr\u00edguez vai trocar de time na Europa\" \/>\n<meta property=\"og:description\" content=\"A curta passagem de James Rodr\u00edguez pelo Rayo Vallecano est\u00e1 pr\u00f3xima do fim. De acordo com informa\u00e7\u00f5es do jornalista colombiano Pipe Sierra, o meia, que teve passagem pelo S\u00e3o Paulo, est\u00e1 finalizando a documenta\u00e7\u00e3o para rescindir contrato com o clube espanhol. James chegou ao Rayo no final de agosto, em busca de retomar o protagonismo [&hellip;]\" \/>\n<meta property=\"og:url\" content=\"https:\/\/www.gaveanews.com\/index.php\/2025\/01\/04\/ex-sao-paulo-james-rodriguez-vai-trocar-de-time-na-europa\/\" \/>\n<meta property=\"og:site_name\" content=\"G\u00e1vea News\" \/>\n<meta property=\"article:publisher\" content=\"https:\/\/facebook.com\/gaveaNews\/\" \/>\n<meta property=\"article:published_time\" content=\"2025-01-05T01:10:00+00:00\" \/>\n<meta property=\"og:image\" content=\"https:\/\/www.gaveanews.com\/wp-content\/uploads\/James-Rodriguez-em-acao-pela-Colombia.webp\" \/>\n\t<meta property=\"og:image:width\" content=\"1\" \/>\n\t<meta property=\"og:image:height\" content=\"1\" \/>\n\t<meta property=\"og:image:type\" content=\"image\/jpeg\" \/>\n<meta name=\"author\" content=\"Leandro Azevedo\" \/>\n<meta name=\"twitter:card\" content=\"summary_large_image\" \/>\n<meta name=\"twitter:label1\" content=\"Escrito por\" \/>\n\t<meta name=\"twitter:data1\" content=\"Leandro Azevedo\" \/>\n\t<meta name=\"twitter:label2\" content=\"Est. tempo de leitura\" \/>\n\t<meta name=\"twitter:data2\" content=\"3 minutos\" \/>\n<script type=\"application\/ld+json\" class=\"yoast-schema-graph\">{\"@context\":\"https:\/\/schema.org\",\"@graph\":[{\"@type\":\"NewsArticle\",\"@id\":\"https:\/\/www.gaveanews.com\/index.php\/2025\/01\/04\/ex-sao-paulo-james-rodriguez-vai-trocar-de-time-na-europa\/#article\",\"isPartOf\":{\"@id\":\"https:\/\/www.gaveanews.com\/index.php\/2025\/01\/04\/ex-sao-paulo-james-rodriguez-vai-trocar-de-time-na-europa\/\"},\"author\":{\"name\":\"Leandro Azevedo\",\"@id\":\"https:\/\/www.gaveanews.com\/#\/schema\/person\/2877169f354c4596cf5aab74ea7c56a8\"},\"headline\":\"Ex-S\u00e3o Paulo, James Rodr\u00edguez vai trocar de time na Europa\",\"datePublished\":\"2025-01-05T01:10:00+00:00\",\"mainEntityOfPage\":{\"@id\":\"https:\/\/www.gaveanews.com\/index.php\/2025\/01\/04\/ex-sao-paulo-james-rodriguez-vai-trocar-de-time-na-europa\/\"},\"wordCount\":363,\"commentCount\":0,\"image\":{\"@id\":\"https:\/\/www.gaveanews.com\/index.php\/2025\/01\/04\/ex-sao-paulo-james-rodriguez-vai-trocar-de-time-na-europa\/#primaryimage\"},\"thumbnailUrl\":\"https:\/\/www.gaveanews.com\/wp-content\/uploads\/James-Rodriguez-em-acao-pela-Colombia.webp\",\"articleSection\":[\"Futebol Internacional\",\"S\u00e3o Paulo\"],\"inLanguage\":\"pt-BR\",\"potentialAction\":[{\"@type\":\"CommentAction\",\"name\":\"Comment\",\"target\":[\"https:\/\/www.gaveanews.com\/index.php\/2025\/01\/04\/ex-sao-paulo-james-rodriguez-vai-trocar-de-time-na-europa\/#respond\"]}],\"copyrightYear\":\"2025\",\"copyrightHolder\":{\"@id\":\"https:\/\/www.gaveanews.com\/#organization\"}},{\"@type\":\"WebPage\",\"@id\":\"https:\/\/www.gaveanews.com\/index.php\/2025\/01\/04\/ex-sao-paulo-james-rodriguez-vai-trocar-de-time-na-europa\/\",\"url\":\"https:\/\/www.gaveanews.com\/index.php\/2025\/01\/04\/ex-sao-paulo-james-rodriguez-vai-trocar-de-time-na-europa\/\",\"name\":\"Ex-S\u00e3o Paulo, James Rodr\u00edguez vai trocar de time na Europa\",\"isPartOf\":{\"@id\":\"https:\/\/www.gaveanews.com\/#website\"},\"primaryImageOfPage\":{\"@id\":\"https:\/\/www.gaveanews.com\/index.php\/2025\/01\/04\/ex-sao-paulo-james-rodriguez-vai-trocar-de-time-na-europa\/#primaryimage\"},\"image\":{\"@id\":\"https:\/\/www.gaveanews.com\/index.php\/2025\/01\/04\/ex-sao-paulo-james-rodriguez-vai-trocar-de-time-na-europa\/#primaryimage\"},\"thumbnailUrl\":\"https:\/\/www.gaveanews.com\/wp-content\/uploads\/James-Rodriguez-em-acao-pela-Colombia.webp\",\"datePublished\":\"2025-01-05T01:10:00+00:00\",\"author\":{\"@id\":\"https:\/\/www.gaveanews.com\/#\/schema\/person\/2877169f354c4596cf5aab74ea7c56a8\"},\"breadcrumb\":{\"@id\":\"https:\/\/www.gaveanews.com\/index.php\/2025\/01\/04\/ex-sao-paulo-james-rodriguez-vai-trocar-de-time-na-europa\/#breadcrumb\"},\"inLanguage\":\"pt-BR\",\"potentialAction\":[{\"@type\":\"ReadAction\",\"target\":[\"https:\/\/www.gaveanews.com\/index.php\/2025\/01\/04\/ex-sao-paulo-james-rodriguez-vai-trocar-de-time-na-europa\/\"]}]},{\"@type\":\"ImageObject\",\"inLanguage\":\"pt-BR\",\"@id\":\"https:\/\/www.gaveanews.com\/index.php\/2025\/01\/04\/ex-sao-paulo-james-rodriguez-vai-trocar-de-time-na-europa\/#primaryimage\",\"url\":\"https:\/\/www.gaveanews.com\/wp-content\/uploads\/James-Rodriguez-em-acao-pela-Colombia.webp\",\"contentUrl\":\"https:\/\/www.gaveanews.com\/wp-content\/uploads\/James-Rodriguez-em-acao-pela-Colombia.webp\",\"caption\":\"James Rodriguez em a\u00e7\u00e3o pela Col\u00f4mbia (Foto: Divulga\u00e7\u00e3o\/FCF)\"},{\"@type\":\"BreadcrumbList\",\"@id\":\"https:\/\/www.gaveanews.com\/index.php\/2025\/01\/04\/ex-sao-paulo-james-rodriguez-vai-trocar-de-time-na-europa\/#breadcrumb\",\"itemListElement\":[{\"@type\":\"ListItem\",\"position\":1,\"name\":\"Home\",\"item\":\"https:\/\/www.gaveanews.com\/\"},{\"@type\":\"ListItem\",\"position\":2,\"name\":\"Ex-S\u00e3o Paulo, James Rodr\u00edguez vai trocar de time na Europa\"}]},{\"@type\":\"WebSite\",\"@id\":\"https:\/\/www.gaveanews.com\/#website\",\"url\":\"https:\/\/www.gaveanews.com\/\",\"name\":\"G\u00e1vea News\",\"description\":\"Veja todas as not\u00edcias sobre o Flamengo: Contrata\u00e7\u00f5es, categorias de base, resultados das partidas, tabela de classifica\u00e7\u00e3o, pr\u00f3ximos jogos!\",\"potentialAction\":[{\"@type\":\"SearchAction\",\"target\":{\"@type\":\"EntryPoint\",\"urlTemplate\":\"https:\/\/www.gaveanews.com\/?s={search_term_string}\"},\"query-input\":{\"@type\":\"PropertyValueSpecification\",\"valueRequired\":true,\"valueName\":\"search_term_string\"}}],\"inLanguage\":\"pt-BR\"},{\"@type\":\"Person\",\"@id\":\"https:\/\/www.gaveanews.com\/#\/schema\/person\/2877169f354c4596cf5aab74ea7c56a8\",\"name\":\"Leandro Azevedo\",\"image\":{\"@type\":\"ImageObject\",\"inLanguage\":\"pt-BR\",\"@id\":\"https:\/\/www.gaveanews.com\/#\/schema\/person\/image\/\",\"url\":\"https:\/\/secure.gravatar.com\/avatar\/e2f72eb6d986a41d592a85e4e36a6c6170e9ea8a1f433dfc29d0011a8968f89c?s=96&d=mm&r=g\",\"contentUrl\":\"https:\/\/secure.gravatar.com\/avatar\/e2f72eb6d986a41d592a85e4e36a6c6170e9ea8a1f433dfc29d0011a8968f89c?s=96&d=mm&r=g\",\"caption\":\"Leandro Azevedo\"}}]}<\/script>\n<!-- \/ Yoast SEO Premium plugin. -->","yoast_head_json":{"title":"Ex-S\u00e3o Paulo, James Rodr\u00edguez vai trocar de time na Europa","robots":{"index":"index","follow":"follow","max-snippet":"max-snippet:-1","max-image-preview":"max-image-preview:large","max-video-preview":"max-video-preview:-1"},"canonical":"https:\/\/www.gaveanews.com\/index.php\/2025\/01\/04\/ex-sao-paulo-james-rodriguez-vai-trocar-de-time-na-europa\/","og_locale":"pt_BR","og_type":"article","og_title":"Ex-S\u00e3o Paulo, James Rodr\u00edguez vai trocar de time na Europa","og_description":"A curta passagem de James Rodr\u00edguez pelo Rayo Vallecano est\u00e1 pr\u00f3xima do fim. De acordo com informa\u00e7\u00f5es do jornalista colombiano Pipe Sierra, o meia, que teve passagem pelo S\u00e3o Paulo, est\u00e1 finalizando a documenta\u00e7\u00e3o para rescindir contrato com o clube espanhol. James chegou ao Rayo no final de agosto, em busca de retomar o protagonismo [&hellip;]","og_url":"https:\/\/www.gaveanews.com\/index.php\/2025\/01\/04\/ex-sao-paulo-james-rodriguez-vai-trocar-de-time-na-europa\/","og_site_name":"G\u00e1vea News","article_publisher":"https:\/\/facebook.com\/gaveaNews\/","article_published_time":"2025-01-05T01:10:00+00:00","og_image":[{"url":"https:\/\/www.gaveanews.com\/wp-content\/uploads\/James-Rodriguez-em-acao-pela-Colombia.webp","width":1,"height":1,"type":"image\/jpeg"}],"author":"Leandro Azevedo","twitter_card":"summary_large_image","twitter_misc":{"Escrito por":"Leandro Azevedo","Est. tempo de leitura":"3 minutos"},"schema":{"@context":"https:\/\/schema.org","@graph":[{"@type":"NewsArticle","@id":"https:\/\/www.gaveanews.com\/index.php\/2025\/01\/04\/ex-sao-paulo-james-rodriguez-vai-trocar-de-time-na-europa\/#article","isPartOf":{"@id":"https:\/\/www.gaveanews.com\/index.php\/2025\/01\/04\/ex-sao-paulo-james-rodriguez-vai-trocar-de-time-na-europa\/"},"author":{"name":"Leandro Azevedo","@id":"https:\/\/www.gaveanews.com\/#\/schema\/person\/2877169f354c4596cf5aab74ea7c56a8"},"headline":"Ex-S\u00e3o Paulo, James Rodr\u00edguez vai trocar de time na Europa","datePublished":"2025-01-05T01:10:00+00:00","mainEntityOfPage":{"@id":"https:\/\/www.gaveanews.com\/index.php\/2025\/01\/04\/ex-sao-paulo-james-rodriguez-vai-trocar-de-time-na-europa\/"},"wordCount":363,"commentCount":0,"image":{"@id":"https:\/\/www.gaveanews.com\/index.php\/2025\/01\/04\/ex-sao-paulo-james-rodriguez-vai-trocar-de-time-na-europa\/#primaryimage"},"thumbnailUrl":"https:\/\/www.gaveanews.com\/wp-content\/uploads\/James-Rodriguez-em-acao-pela-Colombia.webp","articleSection":["Futebol Internacional","S\u00e3o Paulo"],"inLanguage":"pt-BR","potentialAction":[{"@type":"CommentAction","name":"Comment","target":["https:\/\/www.gaveanews.com\/index.php\/2025\/01\/04\/ex-sao-paulo-james-rodriguez-vai-trocar-de-time-na-europa\/#respond"]}],"copyrightYear":"2025","copyrightHolder":{"@id":"https:\/\/www.gaveanews.com\/#organization"}},{"@type":"WebPage","@id":"https:\/\/www.gaveanews.com\/index.php\/2025\/01\/04\/ex-sao-paulo-james-rodriguez-vai-trocar-de-time-na-europa\/","url":"https:\/\/www.gaveanews.com\/index.php\/2025\/01\/04\/ex-sao-paulo-james-rodriguez-vai-trocar-de-time-na-europa\/","name":"Ex-S\u00e3o Paulo, James Rodr\u00edguez vai trocar de time na Europa","isPartOf":{"@id":"https:\/\/www.gaveanews.com\/#website"},"primaryImageOfPage":{"@id":"https:\/\/www.gaveanews.com\/index.php\/2025\/01\/04\/ex-sao-paulo-james-rodriguez-vai-trocar-de-time-na-europa\/#primaryimage"},"image":{"@id":"https:\/\/www.gaveanews.com\/index.php\/2025\/01\/04\/ex-sao-paulo-james-rodriguez-vai-trocar-de-time-na-europa\/#primaryimage"},"thumbnailUrl":"https:\/\/www.gaveanews.com\/wp-content\/uploads\/James-Rodriguez-em-acao-pela-Colombia.webp","datePublished":"2025-01-05T01:10:00+00:00","author":{"@id":"https:\/\/www.gaveanews.com\/#\/schema\/person\/2877169f354c4596cf5aab74ea7c56a8"},"breadcrumb":{"@id":"https:\/\/www.gaveanews.com\/index.php\/2025\/01\/04\/ex-sao-paulo-james-rodriguez-vai-trocar-de-time-na-europa\/#breadcrumb"},"inLanguage":"pt-BR","potentialAction":[{"@type":"ReadAction","target":["https:\/\/www.gaveanews.com\/index.php\/2025\/01\/04\/ex-sao-paulo-james-rodriguez-vai-trocar-de-time-na-europa\/"]}]},{"@type":"ImageObject","inLanguage":"pt-BR","@id":"https:\/\/www.gaveanews.com\/index.php\/2025\/01\/04\/ex-sao-paulo-james-rodriguez-vai-trocar-de-time-na-europa\/#primaryimage","url":"https:\/\/www.gaveanews.com\/wp-content\/uploads\/James-Rodriguez-em-acao-pela-Colombia.webp","contentUrl":"https:\/\/www.gaveanews.com\/wp-content\/uploads\/James-Rodriguez-em-acao-pela-Colombia.webp","caption":"James Rodriguez em a\u00e7\u00e3o pela Col\u00f4mbia (Foto: Divulga\u00e7\u00e3o\/FCF)"},{"@type":"BreadcrumbList","@id":"https:\/\/www.gaveanews.com\/index.php\/2025\/01\/04\/ex-sao-paulo-james-rodriguez-vai-trocar-de-time-na-europa\/#breadcrumb","itemListElement":[{"@type":"ListItem","position":1,"name":"Home","item":"https:\/\/www.gaveanews.com\/"},{"@type":"ListItem","position":2,"name":"Ex-S\u00e3o Paulo, James Rodr\u00edguez vai trocar de time na Europa"}]},{"@type":"WebSite","@id":"https:\/\/www.gaveanews.com\/#website","url":"https:\/\/www.gaveanews.com\/","name":"G\u00e1vea News","description":"Veja todas as not\u00edcias sobre o Flamengo: Contrata\u00e7\u00f5es, categorias de base, resultados das partidas, tabela de classifica\u00e7\u00e3o, pr\u00f3ximos jogos!","potentialAction":[{"@type":"SearchAction","target":{"@type":"EntryPoint","urlTemplate":"https:\/\/www.gaveanews.com\/?s={search_term_string}"},"query-input":{"@type":"PropertyValueSpecification","valueRequired":true,"valueName":"search_term_string"}}],"inLanguage":"pt-BR"},{"@type":"Person","@id":"https:\/\/www.gaveanews.com\/#\/schema\/person\/2877169f354c4596cf5aab74ea7c56a8","name":"Leandro Azevedo","image":{"@type":"ImageObject","inLanguage":"pt-BR","@id":"https:\/\/www.gaveanews.com\/#\/schema\/person\/image\/","url":"https:\/\/secure.gravatar.com\/avatar\/e2f72eb6d986a41d592a85e4e36a6c6170e9ea8a1f433dfc29d0011a8968f89c?s=96&d=mm&r=g","contentUrl":"https:\/\/secure.gravatar.com\/avatar\/e2f72eb6d986a41d592a85e4e36a6c6170e9ea8a1f433dfc29d0011a8968f89c?s=96&d=mm&r=g","caption":"Leandro Azevedo"}}]}},"_links":{"self":[{"href":"https:\/\/www.gaveanews.com\/index.php\/wp-json\/wp\/v2\/posts\/207565","targetHints":{"allow":["GET"]}}],"collection":[{"href":"https:\/\/www.gaveanews.com\/index.php\/wp-json\/wp\/v2\/posts"}],"about":[{"href":"https:\/\/www.gaveanews.com\/index.php\/wp-json\/wp\/v2\/types\/post"}],"author":[{"embeddable":true,"href":"https:\/\/www.gaveanews.com\/index.php\/wp-json\/wp\/v2\/users\/23"}],"replies":[{"embeddable":true,"href":"https:\/\/www.gaveanews.com\/index.php\/wp-json\/wp\/v2\/comments?post=207565"}],"version-history":[{"count":1,"href":"https:\/\/www.gaveanews.com\/index.php\/wp-json\/wp\/v2\/posts\/207565\/revisions"}],"predecessor-version":[{"id":207571,"href":"https:\/\/www.gaveanews.com\/index.php\/wp-json\/wp\/v2\/posts\/207565\/revisions\/207571"}],"wp:featuredmedia":[{"embeddable":true,"href":"https:\/\/www.gaveanews.com\/index.php\/wp-json\/wp\/v2\/media\/27969"}],"wp:attachment":[{"href":"https:\/\/www.gaveanews.com\/index.php\/wp-json\/wp\/v2\/media?parent=207565"}],"wp:term":[{"taxonomy":"category","embeddable":true,"href":"https:\/\/www.gaveanews.com\/index.php\/wp-json\/wp\/v2\/categories?post=207565"},{"taxonomy":"post_tag","embeddable":true,"href":"https:\/\/www.gaveanews.com\/index.php\/wp-json\/wp\/v2\/tags?post=207565"}],"curies":[{"name":"wp","href":"https:\/\/api.w.org\/{rel}","templated":true}]}}