{"id":207576,"date":"2025-01-04T22:20:00","date_gmt":"2025-01-05T01:20:00","guid":{"rendered":"https:\/\/www.gaveanews.com\/?p=207576"},"modified":"2025-01-04T20:55:30","modified_gmt":"2025-01-04T23:55:30","slug":"corinthians-a-atitude-de-garro-apos-o-acidente-na-argentina","status":"publish","type":"post","link":"https:\/\/www.gaveanews.com\/index.php\/2025\/01\/04\/corinthians-a-atitude-de-garro-apos-o-acidente-na-argentina\/","title":{"rendered":"Corinthians: a atitude de Garro ap\u00f3s o acidente na Argentina"},"content":{"rendered":"\n<p>O meia do Corinthians, Rodrigo Garro, desativou suas redes sociais ap\u00f3s se envolver em um grave acidente de tr\u00e2nsito que resultou na morte de um motociclista na madrugada deste s\u00e1bado (4), em General Pico, La Pampa, na Argentina. O caso aconteceu na cidade natal do jogador, que completou 27 anos no mesmo dia.<\/p>\n\n\n\n<ul class=\"wp-block-list\">\n<li><strong><a href=\"https:\/\/www.gaveanews.com\/index.php\/2025\/01\/04\/talles-magno-hugo-souza-matheuszinho-felix-torres-gustavo-henrique-jose-martinez-e-ryan-veja-como-foi-o-ano-novo-dos-jogadores-do-corinthians\/?utm_source=terra_capa_parceiros&amp;utm_medium=referral\">Talles Magno, Hugo Souza, Matheuszinho, F\u00e9lix Torres, Gustavo Henrique, Jos\u00e9 Mart\u00ednez e Ryan: veja como foi o Ano Novo dos jogadores do Corinthians<\/a><\/strong><\/li>\n\n\n\n<li><strong><a href=\"https:\/\/www.gaveanews.com\/index.php\/2025\/01\/04\/corinthians-garro-e-preso-na-argentina-em-acidente-fatal-veja-video\/?utm_source=terra_capa_parceiros&amp;utm_medium=referral\">Corinthians: Garro \u00e9 preso na Argentina em acidente fatal; veja v\u00eddeo<\/a><\/strong><\/li>\n<\/ul>\n\n\n\n<p>Segundo informa\u00e7\u00f5es do portal local <em>En Boca de Todos HD<\/em>, Garro dirigia uma caminhonete Dodge RAM e estava acompanhado de outra pessoa, que n\u00e3o sofreu ferimentos. Eles colidiram frontalmente com a motocicleta de Nicol\u00e1s Chiaraviglio, de 30 anos, que pilotava uma Guerrero 110 cc. A colis\u00e3o ocorreu no cruzamento das ruas 108 e 300 da cidade.<\/p>\n\n\n\n<p>A investiga\u00e7\u00e3o inicial classifica o caso como \u201chomic\u00eddio culposo agravado por alcoolemia\u201d, que indica aus\u00eancia de inten\u00e7\u00e3o de matar. Contudo, Francisco Cuenca, respons\u00e1vel pela investiga\u00e7\u00e3o, afirmou ao jornal <em>Ol\u00e9!<\/em> que o enquadramento poder\u00e1 ser alterado dependendo dos resultados das per\u00edcias que ainda est\u00e3o em andamento.<\/p>\n\n\n\n<p>Rodrigo Garro, que chegou ao Corinthians em janeiro de 2024 ap\u00f3s passagem pelo Talleres, da Argentina, vinha se destacando no time paulista. O acidente, no entanto, ocorre em meio a uma pausa no futebol para o jogador, que retornava ao seu pa\u00eds natal.<\/p>\n\n\n\n<p>A trag\u00e9dia abalou a cidade de General Pico e tamb\u00e9m gerou grande repercuss\u00e3o na Argentina e no Brasil. Em resposta ao ocorrido, o Corinthians informou que est\u00e1 acompanhando o caso e prestar\u00e1 assist\u00eancia jur\u00eddica ao atleta.<\/p>\n\n\n\n<p>Enquanto as investiga\u00e7\u00f5es avan\u00e7am, Garro segue fora de circula\u00e7\u00e3o nas redes sociais, onde acumulava milhares de seguidores. A postura do jogador ser\u00e1 fundamental para o desenrolar do processo judicial e para o futuro de sua carreira, tanto dentro quanto fora dos gramados.<\/p>\n","protected":false},"excerpt":{"rendered":"<p>O meia do Corinthians, Rodrigo Garro, desativou suas redes sociais ap\u00f3s se envolver em um grave acidente de tr\u00e2nsito que resultou na morte de um motociclista na madrugada deste s\u00e1bado (4), em General Pico, La Pampa, na Argentina. O caso aconteceu na cidade natal do jogador, que completou 27 anos no mesmo dia. Segundo informa\u00e7\u00f5es [&hellip;]<\/p>\n","protected":false},"author":23,"featured_media":161268,"comment_status":"open","ping_status":"closed","sticky":false,"template":"","format":"standard","meta":{"footnotes":""},"categories":[141],"tags":[],"class_list":["post-207576","post","type-post","status-publish","format-standard","has-post-thumbnail","hentry","category-corinthians"],"yoast_head":"<!-- This site is optimized with the Yoast SEO Premium plugin v24.2 (Yoast SEO v26.9) - https:\/\/yoast.com\/product\/yoast-seo-premium-wordpress\/ -->\n<title>Corinthians: a atitude de Garro ap\u00f3s o acidente na Argentina<\/title>\n<meta name=\"robots\" content=\"index, follow, max-snippet:-1, max-image-preview:large, max-video-preview:-1\" \/>\n<link rel=\"canonical\" href=\"https:\/\/www.gaveanews.com\/index.php\/2025\/01\/04\/corinthians-a-atitude-de-garro-apos-o-acidente-na-argentina\/\" \/>\n<meta property=\"og:locale\" content=\"pt_BR\" \/>\n<meta property=\"og:type\" content=\"article\" \/>\n<meta property=\"og:title\" content=\"Corinthians: a atitude de Garro ap\u00f3s o acidente na Argentina\" \/>\n<meta property=\"og:description\" content=\"O meia do Corinthians, Rodrigo Garro, desativou suas redes sociais ap\u00f3s se envolver em um grave acidente de tr\u00e2nsito que resultou na morte de um motociclista na madrugada deste s\u00e1bado (4), em General Pico, La Pampa, na Argentina. O caso aconteceu na cidade natal do jogador, que completou 27 anos no mesmo dia. Segundo informa\u00e7\u00f5es [&hellip;]\" \/>\n<meta property=\"og:url\" content=\"https:\/\/www.gaveanews.com\/index.php\/2025\/01\/04\/corinthians-a-atitude-de-garro-apos-o-acidente-na-argentina\/\" \/>\n<meta property=\"og:site_name\" content=\"G\u00e1vea News\" \/>\n<meta property=\"article:publisher\" content=\"https:\/\/facebook.com\/gaveaNews\/\" \/>\n<meta property=\"article:published_time\" content=\"2025-01-05T01:20:00+00:00\" \/>\n<meta property=\"og:image\" content=\"https:\/\/www.gaveanews.com\/wp-content\/uploads\/Rodrigo-Garro-com-a-camisa-do-Corinthians-em-2024.webp\" \/>\n\t<meta property=\"og:image:width\" content=\"1440\" \/>\n\t<meta property=\"og:image:height\" content=\"1085\" \/>\n\t<meta property=\"og:image:type\" content=\"image\/jpeg\" \/>\n<meta name=\"author\" content=\"Leandro Azevedo\" \/>\n<meta name=\"twitter:card\" content=\"summary_large_image\" \/>\n<meta name=\"twitter:label1\" content=\"Escrito por\" \/>\n\t<meta name=\"twitter:data1\" content=\"Leandro Azevedo\" \/>\n\t<meta name=\"twitter:label2\" content=\"Est. tempo de leitura\" \/>\n\t<meta name=\"twitter:data2\" content=\"2 minutos\" \/>\n<script type=\"application\/ld+json\" class=\"yoast-schema-graph\">{\"@context\":\"https:\/\/schema.org\",\"@graph\":[{\"@type\":\"NewsArticle\",\"@id\":\"https:\/\/www.gaveanews.com\/index.php\/2025\/01\/04\/corinthians-a-atitude-de-garro-apos-o-acidente-na-argentina\/#article\",\"isPartOf\":{\"@id\":\"https:\/\/www.gaveanews.com\/index.php\/2025\/01\/04\/corinthians-a-atitude-de-garro-apos-o-acidente-na-argentina\/\"},\"author\":{\"name\":\"Leandro Azevedo\",\"@id\":\"https:\/\/www.gaveanews.com\/#\/schema\/person\/2877169f354c4596cf5aab74ea7c56a8\"},\"headline\":\"Corinthians: a atitude de Garro ap\u00f3s o acidente na Argentina\",\"datePublished\":\"2025-01-05T01:20:00+00:00\",\"mainEntityOfPage\":{\"@id\":\"https:\/\/www.gaveanews.com\/index.php\/2025\/01\/04\/corinthians-a-atitude-de-garro-apos-o-acidente-na-argentina\/\"},\"wordCount\":340,\"commentCount\":0,\"image\":{\"@id\":\"https:\/\/www.gaveanews.com\/index.php\/2025\/01\/04\/corinthians-a-atitude-de-garro-apos-o-acidente-na-argentina\/#primaryimage\"},\"thumbnailUrl\":\"https:\/\/www.gaveanews.com\/wp-content\/uploads\/Rodrigo-Garro-com-a-camisa-do-Corinthians-em-2024.webp\",\"articleSection\":[\"Corinthians\"],\"inLanguage\":\"pt-BR\",\"potentialAction\":[{\"@type\":\"CommentAction\",\"name\":\"Comment\",\"target\":[\"https:\/\/www.gaveanews.com\/index.php\/2025\/01\/04\/corinthians-a-atitude-de-garro-apos-o-acidente-na-argentina\/#respond\"]}],\"copyrightYear\":\"2025\",\"copyrightHolder\":{\"@id\":\"https:\/\/www.gaveanews.com\/#organization\"}},{\"@type\":\"WebPage\",\"@id\":\"https:\/\/www.gaveanews.com\/index.php\/2025\/01\/04\/corinthians-a-atitude-de-garro-apos-o-acidente-na-argentina\/\",\"url\":\"https:\/\/www.gaveanews.com\/index.php\/2025\/01\/04\/corinthians-a-atitude-de-garro-apos-o-acidente-na-argentina\/\",\"name\":\"Corinthians: a atitude de Garro ap\u00f3s o acidente na Argentina\",\"isPartOf\":{\"@id\":\"https:\/\/www.gaveanews.com\/#website\"},\"primaryImageOfPage\":{\"@id\":\"https:\/\/www.gaveanews.com\/index.php\/2025\/01\/04\/corinthians-a-atitude-de-garro-apos-o-acidente-na-argentina\/#primaryimage\"},\"image\":{\"@id\":\"https:\/\/www.gaveanews.com\/index.php\/2025\/01\/04\/corinthians-a-atitude-de-garro-apos-o-acidente-na-argentina\/#primaryimage\"},\"thumbnailUrl\":\"https:\/\/www.gaveanews.com\/wp-content\/uploads\/Rodrigo-Garro-com-a-camisa-do-Corinthians-em-2024.webp\",\"datePublished\":\"2025-01-05T01:20:00+00:00\",\"author\":{\"@id\":\"https:\/\/www.gaveanews.com\/#\/schema\/person\/2877169f354c4596cf5aab74ea7c56a8\"},\"breadcrumb\":{\"@id\":\"https:\/\/www.gaveanews.com\/index.php\/2025\/01\/04\/corinthians-a-atitude-de-garro-apos-o-acidente-na-argentina\/#breadcrumb\"},\"inLanguage\":\"pt-BR\",\"potentialAction\":[{\"@type\":\"ReadAction\",\"target\":[\"https:\/\/www.gaveanews.com\/index.php\/2025\/01\/04\/corinthians-a-atitude-de-garro-apos-o-acidente-na-argentina\/\"]}]},{\"@type\":\"ImageObject\",\"inLanguage\":\"pt-BR\",\"@id\":\"https:\/\/www.gaveanews.com\/index.php\/2025\/01\/04\/corinthians-a-atitude-de-garro-apos-o-acidente-na-argentina\/#primaryimage\",\"url\":\"https:\/\/www.gaveanews.com\/wp-content\/uploads\/Rodrigo-Garro-com-a-camisa-do-Corinthians-em-2024.webp\",\"contentUrl\":\"https:\/\/www.gaveanews.com\/wp-content\/uploads\/Rodrigo-Garro-com-a-camisa-do-Corinthians-em-2024.webp\",\"width\":1440,\"height\":1085,\"caption\":\"Rodrigo Garro com a camisa do Corinthians em 2024 (Foto: Reprodu\u00e7\u00e3o\/Instagram)\"},{\"@type\":\"BreadcrumbList\",\"@id\":\"https:\/\/www.gaveanews.com\/index.php\/2025\/01\/04\/corinthians-a-atitude-de-garro-apos-o-acidente-na-argentina\/#breadcrumb\",\"itemListElement\":[{\"@type\":\"ListItem\",\"position\":1,\"name\":\"Home\",\"item\":\"https:\/\/www.gaveanews.com\/\"},{\"@type\":\"ListItem\",\"position\":2,\"name\":\"Corinthians: a atitude de Garro ap\u00f3s o acidente na Argentina\"}]},{\"@type\":\"WebSite\",\"@id\":\"https:\/\/www.gaveanews.com\/#website\",\"url\":\"https:\/\/www.gaveanews.com\/\",\"name\":\"G\u00e1vea News\",\"description\":\"Veja todas as not\u00edcias sobre o Flamengo: Contrata\u00e7\u00f5es, categorias de base, resultados das partidas, tabela de classifica\u00e7\u00e3o, pr\u00f3ximos jogos!\",\"potentialAction\":[{\"@type\":\"SearchAction\",\"target\":{\"@type\":\"EntryPoint\",\"urlTemplate\":\"https:\/\/www.gaveanews.com\/?s={search_term_string}\"},\"query-input\":{\"@type\":\"PropertyValueSpecification\",\"valueRequired\":true,\"valueName\":\"search_term_string\"}}],\"inLanguage\":\"pt-BR\"},{\"@type\":\"Person\",\"@id\":\"https:\/\/www.gaveanews.com\/#\/schema\/person\/2877169f354c4596cf5aab74ea7c56a8\",\"name\":\"Leandro Azevedo\",\"image\":{\"@type\":\"ImageObject\",\"inLanguage\":\"pt-BR\",\"@id\":\"https:\/\/www.gaveanews.com\/#\/schema\/person\/image\/\",\"url\":\"https:\/\/secure.gravatar.com\/avatar\/e2f72eb6d986a41d592a85e4e36a6c6170e9ea8a1f433dfc29d0011a8968f89c?s=96&d=mm&r=g\",\"contentUrl\":\"https:\/\/secure.gravatar.com\/avatar\/e2f72eb6d986a41d592a85e4e36a6c6170e9ea8a1f433dfc29d0011a8968f89c?s=96&d=mm&r=g\",\"caption\":\"Leandro Azevedo\"}}]}<\/script>\n<!-- \/ Yoast SEO Premium plugin. -->","yoast_head_json":{"title":"Corinthians: a atitude de Garro ap\u00f3s o acidente na Argentina","robots":{"index":"index","follow":"follow","max-snippet":"max-snippet:-1","max-image-preview":"max-image-preview:large","max-video-preview":"max-video-preview:-1"},"canonical":"https:\/\/www.gaveanews.com\/index.php\/2025\/01\/04\/corinthians-a-atitude-de-garro-apos-o-acidente-na-argentina\/","og_locale":"pt_BR","og_type":"article","og_title":"Corinthians: a atitude de Garro ap\u00f3s o acidente na Argentina","og_description":"O meia do Corinthians, Rodrigo Garro, desativou suas redes sociais ap\u00f3s se envolver em um grave acidente de tr\u00e2nsito que resultou na morte de um motociclista na madrugada deste s\u00e1bado (4), em General Pico, La Pampa, na Argentina. O caso aconteceu na cidade natal do jogador, que completou 27 anos no mesmo dia. Segundo informa\u00e7\u00f5es [&hellip;]","og_url":"https:\/\/www.gaveanews.com\/index.php\/2025\/01\/04\/corinthians-a-atitude-de-garro-apos-o-acidente-na-argentina\/","og_site_name":"G\u00e1vea News","article_publisher":"https:\/\/facebook.com\/gaveaNews\/","article_published_time":"2025-01-05T01:20:00+00:00","og_image":[{"width":1440,"height":1085,"url":"https:\/\/www.gaveanews.com\/wp-content\/uploads\/Rodrigo-Garro-com-a-camisa-do-Corinthians-em-2024.webp","type":"image\/jpeg"}],"author":"Leandro Azevedo","twitter_card":"summary_large_image","twitter_misc":{"Escrito por":"Leandro Azevedo","Est. tempo de leitura":"2 minutos"},"schema":{"@context":"https:\/\/schema.org","@graph":[{"@type":"NewsArticle","@id":"https:\/\/www.gaveanews.com\/index.php\/2025\/01\/04\/corinthians-a-atitude-de-garro-apos-o-acidente-na-argentina\/#article","isPartOf":{"@id":"https:\/\/www.gaveanews.com\/index.php\/2025\/01\/04\/corinthians-a-atitude-de-garro-apos-o-acidente-na-argentina\/"},"author":{"name":"Leandro Azevedo","@id":"https:\/\/www.gaveanews.com\/#\/schema\/person\/2877169f354c4596cf5aab74ea7c56a8"},"headline":"Corinthians: a atitude de Garro ap\u00f3s o acidente na Argentina","datePublished":"2025-01-05T01:20:00+00:00","mainEntityOfPage":{"@id":"https:\/\/www.gaveanews.com\/index.php\/2025\/01\/04\/corinthians-a-atitude-de-garro-apos-o-acidente-na-argentina\/"},"wordCount":340,"commentCount":0,"image":{"@id":"https:\/\/www.gaveanews.com\/index.php\/2025\/01\/04\/corinthians-a-atitude-de-garro-apos-o-acidente-na-argentina\/#primaryimage"},"thumbnailUrl":"https:\/\/www.gaveanews.com\/wp-content\/uploads\/Rodrigo-Garro-com-a-camisa-do-Corinthians-em-2024.webp","articleSection":["Corinthians"],"inLanguage":"pt-BR","potentialAction":[{"@type":"CommentAction","name":"Comment","target":["https:\/\/www.gaveanews.com\/index.php\/2025\/01\/04\/corinthians-a-atitude-de-garro-apos-o-acidente-na-argentina\/#respond"]}],"copyrightYear":"2025","copyrightHolder":{"@id":"https:\/\/www.gaveanews.com\/#organization"}},{"@type":"WebPage","@id":"https:\/\/www.gaveanews.com\/index.php\/2025\/01\/04\/corinthians-a-atitude-de-garro-apos-o-acidente-na-argentina\/","url":"https:\/\/www.gaveanews.com\/index.php\/2025\/01\/04\/corinthians-a-atitude-de-garro-apos-o-acidente-na-argentina\/","name":"Corinthians: a atitude de Garro ap\u00f3s o acidente na Argentina","isPartOf":{"@id":"https:\/\/www.gaveanews.com\/#website"},"primaryImageOfPage":{"@id":"https:\/\/www.gaveanews.com\/index.php\/2025\/01\/04\/corinthians-a-atitude-de-garro-apos-o-acidente-na-argentina\/#primaryimage"},"image":{"@id":"https:\/\/www.gaveanews.com\/index.php\/2025\/01\/04\/corinthians-a-atitude-de-garro-apos-o-acidente-na-argentina\/#primaryimage"},"thumbnailUrl":"https:\/\/www.gaveanews.com\/wp-content\/uploads\/Rodrigo-Garro-com-a-camisa-do-Corinthians-em-2024.webp","datePublished":"2025-01-05T01:20:00+00:00","author":{"@id":"https:\/\/www.gaveanews.com\/#\/schema\/person\/2877169f354c4596cf5aab74ea7c56a8"},"breadcrumb":{"@id":"https:\/\/www.gaveanews.com\/index.php\/2025\/01\/04\/corinthians-a-atitude-de-garro-apos-o-acidente-na-argentina\/#breadcrumb"},"inLanguage":"pt-BR","potentialAction":[{"@type":"ReadAction","target":["https:\/\/www.gaveanews.com\/index.php\/2025\/01\/04\/corinthians-a-atitude-de-garro-apos-o-acidente-na-argentina\/"]}]},{"@type":"ImageObject","inLanguage":"pt-BR","@id":"https:\/\/www.gaveanews.com\/index.php\/2025\/01\/04\/corinthians-a-atitude-de-garro-apos-o-acidente-na-argentina\/#primaryimage","url":"https:\/\/www.gaveanews.com\/wp-content\/uploads\/Rodrigo-Garro-com-a-camisa-do-Corinthians-em-2024.webp","contentUrl":"https:\/\/www.gaveanews.com\/wp-content\/uploads\/Rodrigo-Garro-com-a-camisa-do-Corinthians-em-2024.webp","width":1440,"height":1085,"caption":"Rodrigo Garro com a camisa do Corinthians em 2024 (Foto: Reprodu\u00e7\u00e3o\/Instagram)"},{"@type":"BreadcrumbList","@id":"https:\/\/www.gaveanews.com\/index.php\/2025\/01\/04\/corinthians-a-atitude-de-garro-apos-o-acidente-na-argentina\/#breadcrumb","itemListElement":[{"@type":"ListItem","position":1,"name":"Home","item":"https:\/\/www.gaveanews.com\/"},{"@type":"ListItem","position":2,"name":"Corinthians: a atitude de Garro ap\u00f3s o acidente na Argentina"}]},{"@type":"WebSite","@id":"https:\/\/www.gaveanews.com\/#website","url":"https:\/\/www.gaveanews.com\/","name":"G\u00e1vea News","description":"Veja todas as not\u00edcias sobre o Flamengo: Contrata\u00e7\u00f5es, categorias de base, resultados das partidas, tabela de classifica\u00e7\u00e3o, pr\u00f3ximos jogos!","potentialAction":[{"@type":"SearchAction","target":{"@type":"EntryPoint","urlTemplate":"https:\/\/www.gaveanews.com\/?s={search_term_string}"},"query-input":{"@type":"PropertyValueSpecification","valueRequired":true,"valueName":"search_term_string"}}],"inLanguage":"pt-BR"},{"@type":"Person","@id":"https:\/\/www.gaveanews.com\/#\/schema\/person\/2877169f354c4596cf5aab74ea7c56a8","name":"Leandro Azevedo","image":{"@type":"ImageObject","inLanguage":"pt-BR","@id":"https:\/\/www.gaveanews.com\/#\/schema\/person\/image\/","url":"https:\/\/secure.gravatar.com\/avatar\/e2f72eb6d986a41d592a85e4e36a6c6170e9ea8a1f433dfc29d0011a8968f89c?s=96&d=mm&r=g","contentUrl":"https:\/\/secure.gravatar.com\/avatar\/e2f72eb6d986a41d592a85e4e36a6c6170e9ea8a1f433dfc29d0011a8968f89c?s=96&d=mm&r=g","caption":"Leandro Azevedo"}}]}},"_links":{"self":[{"href":"https:\/\/www.gaveanews.com\/index.php\/wp-json\/wp\/v2\/posts\/207576","targetHints":{"allow":["GET"]}}],"collection":[{"href":"https:\/\/www.gaveanews.com\/index.php\/wp-json\/wp\/v2\/posts"}],"about":[{"href":"https:\/\/www.gaveanews.com\/index.php\/wp-json\/wp\/v2\/types\/post"}],"author":[{"embeddable":true,"href":"https:\/\/www.gaveanews.com\/index.php\/wp-json\/wp\/v2\/users\/23"}],"replies":[{"embeddable":true,"href":"https:\/\/www.gaveanews.com\/index.php\/wp-json\/wp\/v2\/comments?post=207576"}],"version-history":[{"count":1,"href":"https:\/\/www.gaveanews.com\/index.php\/wp-json\/wp\/v2\/posts\/207576\/revisions"}],"predecessor-version":[{"id":207579,"href":"https:\/\/www.gaveanews.com\/index.php\/wp-json\/wp\/v2\/posts\/207576\/revisions\/207579"}],"wp:featuredmedia":[{"embeddable":true,"href":"https:\/\/www.gaveanews.com\/index.php\/wp-json\/wp\/v2\/media\/161268"}],"wp:attachment":[{"href":"https:\/\/www.gaveanews.com\/index.php\/wp-json\/wp\/v2\/media?parent=207576"}],"wp:term":[{"taxonomy":"category","embeddable":true,"href":"https:\/\/www.gaveanews.com\/index.php\/wp-json\/wp\/v2\/categories?post=207576"},{"taxonomy":"post_tag","embeddable":true,"href":"https:\/\/www.gaveanews.com\/index.php\/wp-json\/wp\/v2\/tags?post=207576"}],"curies":[{"name":"wp","href":"https:\/\/api.w.org\/{rel}","templated":true}]}}