{"id":207623,"date":"2025-01-04T22:35:00","date_gmt":"2025-01-05T01:35:00","guid":{"rendered":"https:\/\/www.gaveanews.com\/?p=207623"},"modified":"2025-01-04T20:59:28","modified_gmt":"2025-01-04T23:59:28","slug":"cruzeiro-a-declaracao-da-mae-de-gabigol-durante-a-sua-apresentacao-no-mineirao","status":"publish","type":"post","link":"https:\/\/www.gaveanews.com\/index.php\/2025\/01\/04\/cruzeiro-a-declaracao-da-mae-de-gabigol-durante-a-sua-apresentacao-no-mineirao\/","title":{"rendered":"Cruzeiro: a declara\u00e7\u00e3o da m\u00e3e de Gabigol durante a sua apresenta\u00e7\u00e3o no Mineir\u00e3o"},"content":{"rendered":"\n<p>A cerim\u00f4nia de apresenta\u00e7\u00e3o de Gabigol no Cruzeiro reuniu mais de 43 mil torcedores, que criaram uma grande celebra\u00e7\u00e3o neste s\u00e1bado (4), cheia de bandeiras, confetes e fogos de artif\u00edcio no Mineir\u00e3o.<\/p>\n\n\n\n<ul class=\"wp-block-list\">\n<li><a href=\"https:\/\/www.gaveanews.com\/index.php\/2025\/01\/04\/intervencao-de-diniz-permanencia-de-villalba-e-economia-milionaria-as-ultimas-noticias-do-cruzeiro\/\">Interven\u00e7\u00e3o de Diniz, perman\u00eancia de Villalba e economia milion\u00e1ria: as \u00faltimas not\u00edcias do Cruzeiro<\/a><\/li>\n\n\n\n<li><a href=\"Cruzeiro: a declara\u00e7\u00e3o de Pedrinho BH sobre Dudu, C\u00e1ssio e Gabigol\n\">Cruzeiro: a declara\u00e7\u00e3o de Pedrinho BH sobre Dudu, C\u00e1ssio e Gabigol<br><\/a><\/li>\n<\/ul>\n\n\n\n<p>Ap\u00f3s a entrevista coletiva, a m\u00e3e de Gabigol, Lindalva Barbosa, expressou suas emo\u00e7\u00f5es para parte da imprensa em rela\u00e7\u00e3o \u00e0s cr\u00edticas que seu filho recebeu recentemente. Presente no evento de apresenta\u00e7\u00e3o dos novos jogadores do Cruzeiro, Lindalva aproveitou para enviar uma mensagem aos jornalistas que teceram coment\u00e1rios negativos sobre seu filho nos \u00faltimos dias.<\/p>\n\n\n\n<p>\u201cEstou muito, muito, muito feliz. A gente n\u00e3o esperava uma festa t\u00e3o grande. E voc\u00eas v\u00e3o ver: vamos trabalhar muito para ele fazer muitos gols e calar a boca de muitos jornalistas que andam falando mal do meu filho\u201d, disse.<\/p>\n\n\n\n<figure class=\"wp-block-embed is-type-rich is-provider-twitter wp-block-embed-twitter\"><div class=\"wp-block-embed__wrapper\">\n<blockquote class=\"twitter-tweet\" data-width=\"550\" data-dnt=\"true\"><p lang=\"pt\" dir=\"ltr\">\ud83d\udea8 Lindalva Barbosa, m\u00e3e de Gabigol desabafa no Mineir\u00e3o:<br><br>\u201cMeu filho vai calar a boca de muito jornalista que fala mal do meu filho, v\u00e3o ter que engolir n\u00f3s mineiros. J\u00e1 me sinto mineira.\u201d<a href=\"https:\/\/twitter.com\/trivela?ref_src=twsrc%5Etfw\">@trivela<\/a> <a href=\"https:\/\/t.co\/a5MCmOqjPD\">pic.twitter.com\/a5MCmOqjPD<\/a><\/p>&mdash; R\u00f4mulo Giacomin (@romulogsoares) <a href=\"https:\/\/twitter.com\/romulogsoares\/status\/1875584429151940860?ref_src=twsrc%5Etfw\">January 4, 2025<\/a><\/blockquote><script async src=\"https:\/\/platform.twitter.com\/widgets.js\" charset=\"utf-8\"><\/script>\n<\/div><\/figure>\n\n\n\n<p>\u201cEles (jornalistas do eixo) v\u00e3o ter que nos engolir. (\u2026) Os invejosos sempre ficam falando mal de quem est\u00e1 por cima\u201d, destacou. Vale ressaltar que a m\u00e3e do atleta revelou que toda a fam\u00edlia de Gabigol ir\u00e1 se mudar para Belo Horizonte.<\/p>\n\n\n\n<p>Embora estivesse programada uma volta ol\u00edmpica de Gabigol para saudar a torcida no est\u00e1dio, assim como fez Dudu, a chuva interferiu no protocolo e o jogador teve que alterar seu percurso, retornando pelo mesmo caminho da ida e n\u00e3o completando o trajeto previsto.<\/p>\n\n\n\n<p>Numerosos f\u00e3s solicitaram que Gabigol se aproximasse deles ap\u00f3s a partida, contudo, o atacante n\u00e3o conseguiu passar por todos os f\u00e3s e pelo local onde a maior parte da m\u00eddia estava posicionada.<\/p>\n\n\n\n<p>O atacante foi at\u00e9 o centro do gramado, junto do presidente da Sociedade An\u00f4nima de Futebol (SAF) do Cruzeiro, Pedrinho. Os dois saudaram a torcida presente no Mineir\u00e3o. \u201c\u00c9 o Cabuloso\u201d, disse Gabi pouco antes de voltar ao palco&#8221;<\/p>\n\n\n\n<p>\u201cAcabou o ca\u00f4, o Gabigol chegou, o Gabigol chegou\u201d, foi um dos gritos da torcida. O jogador tamb\u00e9m ouviu a torcida do Cruzeiro provocar o Atl\u00e9tico. \u201cN\u00e3o me leve a mal, o Gabigol \u00e9 maior que o meu rival\u201d, gritaram os cruzeirenses.<\/p>\n\n\n\n<p>Pedrinho destacou as vit\u00f3rias na trajet\u00f3ria profissional de Gabigol. O jogador foi v\u00e1rias vezes campe\u00e3o e artilheiro de torneios nacionais e internacionais pelo Flamengo, clube que defendeu at\u00e9 o t\u00e9rmino de 2024.<\/p>\n\n\n\n<p>O Cruzeiro organizou um esquema especial para receber Gabigol em Belo Horizonte, no Mineir\u00e3o. Ele aterrissou em Belo Horizonte num jato privado e aterrissou quando o evento j\u00e1 havia iniciado.<\/p>\n\n\n\n<p>Na virada do ano, no dia primeiro, o Cruzeiro divulgou a aquisi\u00e7\u00e3o de Gabriel Barbosa em uma a\u00e7\u00e3o de marketing conjunta com o atleta. O canal oficial do atacante no YouTube transmitiu uma transmiss\u00e3o ao vivo que durou mais de 10 dias. No ecr\u00e3, apareceu um rel\u00f3gio em contagem regressiva para o in\u00edcio do an\u00fancio.<\/p>\n\n\n\n<p>Embora a oficializa\u00e7\u00e3o tenha ocorrido apenas em janeiro, Gabigol j\u00e1 tinha firmado um acordo com o Cruzeiro h\u00e1 algumas semanas. Imediatamente ap\u00f3s a conquista da Copa do Brasil sobre o Atl\u00e9tico, em 10 de novembro, o Flamengo anunciou sua aposentadoria. Na Arena MRV, em Belo Horizonte, ele anunciou que n\u00e3o renovaria seu contrato com o rubro-negro.<\/p>\n\n\n\n<p>A informa\u00e7\u00e3o provocou especula\u00e7\u00f5es sobre o atacante em v\u00e1rios clubes. Apesar de sua liga\u00e7\u00e3o com o futebol internacional, Palmeiras e Santos demonstraram maior interesse na aquisi\u00e7\u00e3o do atleta. O Santos at\u00e9 fez uma oferta formal pelo jogador, que acabou assinando pelo Cruzeiro.<\/p>\n","protected":false},"excerpt":{"rendered":"<p>A cerim\u00f4nia de apresenta\u00e7\u00e3o de Gabigol no Cruzeiro reuniu mais de 43 mil torcedores, que criaram uma grande celebra\u00e7\u00e3o neste s\u00e1bado (4), cheia de bandeiras, confetes e fogos de artif\u00edcio no Mineir\u00e3o. Ap\u00f3s a entrevista coletiva, a m\u00e3e de Gabigol, Lindalva Barbosa, expressou suas emo\u00e7\u00f5es para parte da imprensa em rela\u00e7\u00e3o \u00e0s cr\u00edticas que seu [&hellip;]<\/p>\n","protected":false},"author":16,"featured_media":206773,"comment_status":"open","ping_status":"closed","sticky":false,"template":"","format":"standard","meta":{"footnotes":""},"categories":[143],"tags":[],"class_list":["post-207623","post","type-post","status-publish","format-standard","has-post-thumbnail","hentry","category-cruzeiro"],"yoast_head":"<!-- This site is optimized with the Yoast SEO Premium plugin v24.2 (Yoast SEO v26.9) - https:\/\/yoast.com\/product\/yoast-seo-premium-wordpress\/ -->\n<title>Cruzeiro: a declara\u00e7\u00e3o da m\u00e3e de Gabigol durante a sua apresenta\u00e7\u00e3o no Mineir\u00e3o<\/title>\n<meta name=\"robots\" content=\"index, follow, max-snippet:-1, max-image-preview:large, max-video-preview:-1\" \/>\n<link rel=\"canonical\" href=\"https:\/\/www.gaveanews.com\/index.php\/2025\/01\/04\/cruzeiro-a-declaracao-da-mae-de-gabigol-durante-a-sua-apresentacao-no-mineirao\/\" \/>\n<meta property=\"og:locale\" content=\"pt_BR\" \/>\n<meta property=\"og:type\" content=\"article\" \/>\n<meta property=\"og:title\" content=\"Cruzeiro: a declara\u00e7\u00e3o da m\u00e3e de Gabigol durante a sua apresenta\u00e7\u00e3o no Mineir\u00e3o\" \/>\n<meta property=\"og:description\" content=\"A cerim\u00f4nia de apresenta\u00e7\u00e3o de Gabigol no Cruzeiro reuniu mais de 43 mil torcedores, que criaram uma grande celebra\u00e7\u00e3o neste s\u00e1bado (4), cheia de bandeiras, confetes e fogos de artif\u00edcio no Mineir\u00e3o. Ap\u00f3s a entrevista coletiva, a m\u00e3e de Gabigol, Lindalva Barbosa, expressou suas emo\u00e7\u00f5es para parte da imprensa em rela\u00e7\u00e3o \u00e0s cr\u00edticas que seu [&hellip;]\" \/>\n<meta property=\"og:url\" content=\"https:\/\/www.gaveanews.com\/index.php\/2025\/01\/04\/cruzeiro-a-declaracao-da-mae-de-gabigol-durante-a-sua-apresentacao-no-mineirao\/\" \/>\n<meta property=\"og:site_name\" content=\"G\u00e1vea News\" \/>\n<meta property=\"article:publisher\" content=\"https:\/\/facebook.com\/gaveaNews\/\" \/>\n<meta property=\"article:published_time\" content=\"2025-01-05T01:35:00+00:00\" \/>\n<meta property=\"og:image\" content=\"https:\/\/www.gaveanews.com\/wp-content\/uploads\/Gabigol-com-a-camisa-do-Cruzeiro.webp\" \/>\n\t<meta property=\"og:image:width\" content=\"1350\" \/>\n\t<meta property=\"og:image:height\" content=\"1013\" \/>\n\t<meta property=\"og:image:type\" content=\"image\/webp\" \/>\n<meta name=\"author\" content=\"D\u00e9bora Figueiredo\" \/>\n<meta name=\"twitter:card\" content=\"summary_large_image\" \/>\n<meta name=\"twitter:label1\" content=\"Escrito por\" \/>\n\t<meta name=\"twitter:data1\" content=\"D\u00e9bora Figueiredo\" \/>\n\t<meta name=\"twitter:label2\" content=\"Est. tempo de leitura\" \/>\n\t<meta name=\"twitter:data2\" content=\"4 minutos\" \/>\n<script type=\"application\/ld+json\" class=\"yoast-schema-graph\">{\"@context\":\"https:\/\/schema.org\",\"@graph\":[{\"@type\":\"NewsArticle\",\"@id\":\"https:\/\/www.gaveanews.com\/index.php\/2025\/01\/04\/cruzeiro-a-declaracao-da-mae-de-gabigol-durante-a-sua-apresentacao-no-mineirao\/#article\",\"isPartOf\":{\"@id\":\"https:\/\/www.gaveanews.com\/index.php\/2025\/01\/04\/cruzeiro-a-declaracao-da-mae-de-gabigol-durante-a-sua-apresentacao-no-mineirao\/\"},\"author\":{\"name\":\"D\u00e9bora Figueiredo\",\"@id\":\"https:\/\/www.gaveanews.com\/#\/schema\/person\/37122681a8575a5c8db05a56f099a5e4\"},\"headline\":\"Cruzeiro: a declara\u00e7\u00e3o da m\u00e3e de Gabigol durante a sua apresenta\u00e7\u00e3o no Mineir\u00e3o\",\"datePublished\":\"2025-01-05T01:35:00+00:00\",\"mainEntityOfPage\":{\"@id\":\"https:\/\/www.gaveanews.com\/index.php\/2025\/01\/04\/cruzeiro-a-declaracao-da-mae-de-gabigol-durante-a-sua-apresentacao-no-mineirao\/\"},\"wordCount\":638,\"commentCount\":0,\"image\":{\"@id\":\"https:\/\/www.gaveanews.com\/index.php\/2025\/01\/04\/cruzeiro-a-declaracao-da-mae-de-gabigol-durante-a-sua-apresentacao-no-mineirao\/#primaryimage\"},\"thumbnailUrl\":\"https:\/\/www.gaveanews.com\/wp-content\/uploads\/Gabigol-com-a-camisa-do-Cruzeiro.webp\",\"articleSection\":[\"Cruzeiro\"],\"inLanguage\":\"pt-BR\",\"potentialAction\":[{\"@type\":\"CommentAction\",\"name\":\"Comment\",\"target\":[\"https:\/\/www.gaveanews.com\/index.php\/2025\/01\/04\/cruzeiro-a-declaracao-da-mae-de-gabigol-durante-a-sua-apresentacao-no-mineirao\/#respond\"]}],\"copyrightYear\":\"2025\",\"copyrightHolder\":{\"@id\":\"https:\/\/www.gaveanews.com\/#organization\"}},{\"@type\":\"WebPage\",\"@id\":\"https:\/\/www.gaveanews.com\/index.php\/2025\/01\/04\/cruzeiro-a-declaracao-da-mae-de-gabigol-durante-a-sua-apresentacao-no-mineirao\/\",\"url\":\"https:\/\/www.gaveanews.com\/index.php\/2025\/01\/04\/cruzeiro-a-declaracao-da-mae-de-gabigol-durante-a-sua-apresentacao-no-mineirao\/\",\"name\":\"Cruzeiro: a declara\u00e7\u00e3o da m\u00e3e de Gabigol durante a sua apresenta\u00e7\u00e3o no Mineir\u00e3o\",\"isPartOf\":{\"@id\":\"https:\/\/www.gaveanews.com\/#website\"},\"primaryImageOfPage\":{\"@id\":\"https:\/\/www.gaveanews.com\/index.php\/2025\/01\/04\/cruzeiro-a-declaracao-da-mae-de-gabigol-durante-a-sua-apresentacao-no-mineirao\/#primaryimage\"},\"image\":{\"@id\":\"https:\/\/www.gaveanews.com\/index.php\/2025\/01\/04\/cruzeiro-a-declaracao-da-mae-de-gabigol-durante-a-sua-apresentacao-no-mineirao\/#primaryimage\"},\"thumbnailUrl\":\"https:\/\/www.gaveanews.com\/wp-content\/uploads\/Gabigol-com-a-camisa-do-Cruzeiro.webp\",\"datePublished\":\"2025-01-05T01:35:00+00:00\",\"author\":{\"@id\":\"https:\/\/www.gaveanews.com\/#\/schema\/person\/37122681a8575a5c8db05a56f099a5e4\"},\"breadcrumb\":{\"@id\":\"https:\/\/www.gaveanews.com\/index.php\/2025\/01\/04\/cruzeiro-a-declaracao-da-mae-de-gabigol-durante-a-sua-apresentacao-no-mineirao\/#breadcrumb\"},\"inLanguage\":\"pt-BR\",\"potentialAction\":[{\"@type\":\"ReadAction\",\"target\":[\"https:\/\/www.gaveanews.com\/index.php\/2025\/01\/04\/cruzeiro-a-declaracao-da-mae-de-gabigol-durante-a-sua-apresentacao-no-mineirao\/\"]}]},{\"@type\":\"ImageObject\",\"inLanguage\":\"pt-BR\",\"@id\":\"https:\/\/www.gaveanews.com\/index.php\/2025\/01\/04\/cruzeiro-a-declaracao-da-mae-de-gabigol-durante-a-sua-apresentacao-no-mineirao\/#primaryimage\",\"url\":\"https:\/\/www.gaveanews.com\/wp-content\/uploads\/Gabigol-com-a-camisa-do-Cruzeiro.webp\",\"contentUrl\":\"https:\/\/www.gaveanews.com\/wp-content\/uploads\/Gabigol-com-a-camisa-do-Cruzeiro.webp\",\"width\":1350,\"height\":1013,\"caption\":\"Gabigol com a camisa do Cruzeiro (Foto: Reprodu\u00e7\u00e3o\/Instagram)\"},{\"@type\":\"BreadcrumbList\",\"@id\":\"https:\/\/www.gaveanews.com\/index.php\/2025\/01\/04\/cruzeiro-a-declaracao-da-mae-de-gabigol-durante-a-sua-apresentacao-no-mineirao\/#breadcrumb\",\"itemListElement\":[{\"@type\":\"ListItem\",\"position\":1,\"name\":\"Home\",\"item\":\"https:\/\/www.gaveanews.com\/\"},{\"@type\":\"ListItem\",\"position\":2,\"name\":\"Cruzeiro: a declara\u00e7\u00e3o da m\u00e3e de Gabigol durante a sua apresenta\u00e7\u00e3o no Mineir\u00e3o\"}]},{\"@type\":\"WebSite\",\"@id\":\"https:\/\/www.gaveanews.com\/#website\",\"url\":\"https:\/\/www.gaveanews.com\/\",\"name\":\"G\u00e1vea News\",\"description\":\"Veja todas as not\u00edcias sobre o Flamengo: Contrata\u00e7\u00f5es, categorias de base, resultados das partidas, tabela de classifica\u00e7\u00e3o, pr\u00f3ximos jogos!\",\"potentialAction\":[{\"@type\":\"SearchAction\",\"target\":{\"@type\":\"EntryPoint\",\"urlTemplate\":\"https:\/\/www.gaveanews.com\/?s={search_term_string}\"},\"query-input\":{\"@type\":\"PropertyValueSpecification\",\"valueRequired\":true,\"valueName\":\"search_term_string\"}}],\"inLanguage\":\"pt-BR\"},{\"@type\":\"Person\",\"@id\":\"https:\/\/www.gaveanews.com\/#\/schema\/person\/37122681a8575a5c8db05a56f099a5e4\",\"name\":\"D\u00e9bora Figueiredo\",\"image\":{\"@type\":\"ImageObject\",\"inLanguage\":\"pt-BR\",\"@id\":\"https:\/\/www.gaveanews.com\/#\/schema\/person\/image\/\",\"url\":\"https:\/\/secure.gravatar.com\/avatar\/1f44802859351588499d26f52aed1d15796ce17e67602895b72837c08018868d?s=96&d=mm&r=g\",\"contentUrl\":\"https:\/\/secure.gravatar.com\/avatar\/1f44802859351588499d26f52aed1d15796ce17e67602895b72837c08018868d?s=96&d=mm&r=g\",\"caption\":\"D\u00e9bora Figueiredo\"}}]}<\/script>\n<!-- \/ Yoast SEO Premium plugin. -->","yoast_head_json":{"title":"Cruzeiro: a declara\u00e7\u00e3o da m\u00e3e de Gabigol durante a sua apresenta\u00e7\u00e3o no Mineir\u00e3o","robots":{"index":"index","follow":"follow","max-snippet":"max-snippet:-1","max-image-preview":"max-image-preview:large","max-video-preview":"max-video-preview:-1"},"canonical":"https:\/\/www.gaveanews.com\/index.php\/2025\/01\/04\/cruzeiro-a-declaracao-da-mae-de-gabigol-durante-a-sua-apresentacao-no-mineirao\/","og_locale":"pt_BR","og_type":"article","og_title":"Cruzeiro: a declara\u00e7\u00e3o da m\u00e3e de Gabigol durante a sua apresenta\u00e7\u00e3o no Mineir\u00e3o","og_description":"A cerim\u00f4nia de apresenta\u00e7\u00e3o de Gabigol no Cruzeiro reuniu mais de 43 mil torcedores, que criaram uma grande celebra\u00e7\u00e3o neste s\u00e1bado (4), cheia de bandeiras, confetes e fogos de artif\u00edcio no Mineir\u00e3o. Ap\u00f3s a entrevista coletiva, a m\u00e3e de Gabigol, Lindalva Barbosa, expressou suas emo\u00e7\u00f5es para parte da imprensa em rela\u00e7\u00e3o \u00e0s cr\u00edticas que seu [&hellip;]","og_url":"https:\/\/www.gaveanews.com\/index.php\/2025\/01\/04\/cruzeiro-a-declaracao-da-mae-de-gabigol-durante-a-sua-apresentacao-no-mineirao\/","og_site_name":"G\u00e1vea News","article_publisher":"https:\/\/facebook.com\/gaveaNews\/","article_published_time":"2025-01-05T01:35:00+00:00","og_image":[{"width":1350,"height":1013,"url":"https:\/\/www.gaveanews.com\/wp-content\/uploads\/Gabigol-com-a-camisa-do-Cruzeiro.webp","type":"image\/webp"}],"author":"D\u00e9bora Figueiredo","twitter_card":"summary_large_image","twitter_misc":{"Escrito por":"D\u00e9bora Figueiredo","Est. tempo de leitura":"4 minutos"},"schema":{"@context":"https:\/\/schema.org","@graph":[{"@type":"NewsArticle","@id":"https:\/\/www.gaveanews.com\/index.php\/2025\/01\/04\/cruzeiro-a-declaracao-da-mae-de-gabigol-durante-a-sua-apresentacao-no-mineirao\/#article","isPartOf":{"@id":"https:\/\/www.gaveanews.com\/index.php\/2025\/01\/04\/cruzeiro-a-declaracao-da-mae-de-gabigol-durante-a-sua-apresentacao-no-mineirao\/"},"author":{"name":"D\u00e9bora Figueiredo","@id":"https:\/\/www.gaveanews.com\/#\/schema\/person\/37122681a8575a5c8db05a56f099a5e4"},"headline":"Cruzeiro: a declara\u00e7\u00e3o da m\u00e3e de Gabigol durante a sua apresenta\u00e7\u00e3o no Mineir\u00e3o","datePublished":"2025-01-05T01:35:00+00:00","mainEntityOfPage":{"@id":"https:\/\/www.gaveanews.com\/index.php\/2025\/01\/04\/cruzeiro-a-declaracao-da-mae-de-gabigol-durante-a-sua-apresentacao-no-mineirao\/"},"wordCount":638,"commentCount":0,"image":{"@id":"https:\/\/www.gaveanews.com\/index.php\/2025\/01\/04\/cruzeiro-a-declaracao-da-mae-de-gabigol-durante-a-sua-apresentacao-no-mineirao\/#primaryimage"},"thumbnailUrl":"https:\/\/www.gaveanews.com\/wp-content\/uploads\/Gabigol-com-a-camisa-do-Cruzeiro.webp","articleSection":["Cruzeiro"],"inLanguage":"pt-BR","potentialAction":[{"@type":"CommentAction","name":"Comment","target":["https:\/\/www.gaveanews.com\/index.php\/2025\/01\/04\/cruzeiro-a-declaracao-da-mae-de-gabigol-durante-a-sua-apresentacao-no-mineirao\/#respond"]}],"copyrightYear":"2025","copyrightHolder":{"@id":"https:\/\/www.gaveanews.com\/#organization"}},{"@type":"WebPage","@id":"https:\/\/www.gaveanews.com\/index.php\/2025\/01\/04\/cruzeiro-a-declaracao-da-mae-de-gabigol-durante-a-sua-apresentacao-no-mineirao\/","url":"https:\/\/www.gaveanews.com\/index.php\/2025\/01\/04\/cruzeiro-a-declaracao-da-mae-de-gabigol-durante-a-sua-apresentacao-no-mineirao\/","name":"Cruzeiro: a declara\u00e7\u00e3o da m\u00e3e de Gabigol durante a sua apresenta\u00e7\u00e3o no Mineir\u00e3o","isPartOf":{"@id":"https:\/\/www.gaveanews.com\/#website"},"primaryImageOfPage":{"@id":"https:\/\/www.gaveanews.com\/index.php\/2025\/01\/04\/cruzeiro-a-declaracao-da-mae-de-gabigol-durante-a-sua-apresentacao-no-mineirao\/#primaryimage"},"image":{"@id":"https:\/\/www.gaveanews.com\/index.php\/2025\/01\/04\/cruzeiro-a-declaracao-da-mae-de-gabigol-durante-a-sua-apresentacao-no-mineirao\/#primaryimage"},"thumbnailUrl":"https:\/\/www.gaveanews.com\/wp-content\/uploads\/Gabigol-com-a-camisa-do-Cruzeiro.webp","datePublished":"2025-01-05T01:35:00+00:00","author":{"@id":"https:\/\/www.gaveanews.com\/#\/schema\/person\/37122681a8575a5c8db05a56f099a5e4"},"breadcrumb":{"@id":"https:\/\/www.gaveanews.com\/index.php\/2025\/01\/04\/cruzeiro-a-declaracao-da-mae-de-gabigol-durante-a-sua-apresentacao-no-mineirao\/#breadcrumb"},"inLanguage":"pt-BR","potentialAction":[{"@type":"ReadAction","target":["https:\/\/www.gaveanews.com\/index.php\/2025\/01\/04\/cruzeiro-a-declaracao-da-mae-de-gabigol-durante-a-sua-apresentacao-no-mineirao\/"]}]},{"@type":"ImageObject","inLanguage":"pt-BR","@id":"https:\/\/www.gaveanews.com\/index.php\/2025\/01\/04\/cruzeiro-a-declaracao-da-mae-de-gabigol-durante-a-sua-apresentacao-no-mineirao\/#primaryimage","url":"https:\/\/www.gaveanews.com\/wp-content\/uploads\/Gabigol-com-a-camisa-do-Cruzeiro.webp","contentUrl":"https:\/\/www.gaveanews.com\/wp-content\/uploads\/Gabigol-com-a-camisa-do-Cruzeiro.webp","width":1350,"height":1013,"caption":"Gabigol com a camisa do Cruzeiro (Foto: Reprodu\u00e7\u00e3o\/Instagram)"},{"@type":"BreadcrumbList","@id":"https:\/\/www.gaveanews.com\/index.php\/2025\/01\/04\/cruzeiro-a-declaracao-da-mae-de-gabigol-durante-a-sua-apresentacao-no-mineirao\/#breadcrumb","itemListElement":[{"@type":"ListItem","position":1,"name":"Home","item":"https:\/\/www.gaveanews.com\/"},{"@type":"ListItem","position":2,"name":"Cruzeiro: a declara\u00e7\u00e3o da m\u00e3e de Gabigol durante a sua apresenta\u00e7\u00e3o no Mineir\u00e3o"}]},{"@type":"WebSite","@id":"https:\/\/www.gaveanews.com\/#website","url":"https:\/\/www.gaveanews.com\/","name":"G\u00e1vea News","description":"Veja todas as not\u00edcias sobre o Flamengo: Contrata\u00e7\u00f5es, categorias de base, resultados das partidas, tabela de classifica\u00e7\u00e3o, pr\u00f3ximos jogos!","potentialAction":[{"@type":"SearchAction","target":{"@type":"EntryPoint","urlTemplate":"https:\/\/www.gaveanews.com\/?s={search_term_string}"},"query-input":{"@type":"PropertyValueSpecification","valueRequired":true,"valueName":"search_term_string"}}],"inLanguage":"pt-BR"},{"@type":"Person","@id":"https:\/\/www.gaveanews.com\/#\/schema\/person\/37122681a8575a5c8db05a56f099a5e4","name":"D\u00e9bora Figueiredo","image":{"@type":"ImageObject","inLanguage":"pt-BR","@id":"https:\/\/www.gaveanews.com\/#\/schema\/person\/image\/","url":"https:\/\/secure.gravatar.com\/avatar\/1f44802859351588499d26f52aed1d15796ce17e67602895b72837c08018868d?s=96&d=mm&r=g","contentUrl":"https:\/\/secure.gravatar.com\/avatar\/1f44802859351588499d26f52aed1d15796ce17e67602895b72837c08018868d?s=96&d=mm&r=g","caption":"D\u00e9bora Figueiredo"}}]}},"_links":{"self":[{"href":"https:\/\/www.gaveanews.com\/index.php\/wp-json\/wp\/v2\/posts\/207623","targetHints":{"allow":["GET"]}}],"collection":[{"href":"https:\/\/www.gaveanews.com\/index.php\/wp-json\/wp\/v2\/posts"}],"about":[{"href":"https:\/\/www.gaveanews.com\/index.php\/wp-json\/wp\/v2\/types\/post"}],"author":[{"embeddable":true,"href":"https:\/\/www.gaveanews.com\/index.php\/wp-json\/wp\/v2\/users\/16"}],"replies":[{"embeddable":true,"href":"https:\/\/www.gaveanews.com\/index.php\/wp-json\/wp\/v2\/comments?post=207623"}],"version-history":[{"count":2,"href":"https:\/\/www.gaveanews.com\/index.php\/wp-json\/wp\/v2\/posts\/207623\/revisions"}],"predecessor-version":[{"id":207673,"href":"https:\/\/www.gaveanews.com\/index.php\/wp-json\/wp\/v2\/posts\/207623\/revisions\/207673"}],"wp:featuredmedia":[{"embeddable":true,"href":"https:\/\/www.gaveanews.com\/index.php\/wp-json\/wp\/v2\/media\/206773"}],"wp:attachment":[{"href":"https:\/\/www.gaveanews.com\/index.php\/wp-json\/wp\/v2\/media?parent=207623"}],"wp:term":[{"taxonomy":"category","embeddable":true,"href":"https:\/\/www.gaveanews.com\/index.php\/wp-json\/wp\/v2\/categories?post=207623"},{"taxonomy":"post_tag","embeddable":true,"href":"https:\/\/www.gaveanews.com\/index.php\/wp-json\/wp\/v2\/tags?post=207623"}],"curies":[{"name":"wp","href":"https:\/\/api.w.org\/{rel}","templated":true}]}}