{"id":207632,"date":"2025-01-04T22:45:00","date_gmt":"2025-01-05T01:45:00","guid":{"rendered":"https:\/\/www.gaveanews.com\/?p=207632"},"modified":"2025-01-04T21:02:31","modified_gmt":"2025-01-05T00:02:31","slug":"cruzeiro-a-declaracao-de-zinho-direcionada-a-dudu-por-conta-de-abel-ferreira","status":"publish","type":"post","link":"https:\/\/www.gaveanews.com\/index.php\/2025\/01\/04\/cruzeiro-a-declaracao-de-zinho-direcionada-a-dudu-por-conta-de-abel-ferreira\/","title":{"rendered":"Cruzeiro: a declara\u00e7\u00e3o de Zinho direcionada a Dudu por conta de Abel Ferreira"},"content":{"rendered":"\n<h2 class=\"wp-block-heading\" id=\"h-dudu-critica-abel-ferreira-e-gera-reacao-de-zinho-no-espn-fc\">Dudu critica Abel Ferreira e gera rea\u00e7\u00e3o de Zinho no ESPN FC<\/h2>\n\n\n\n<p>A recente alfinetada de Dudu, refor\u00e7o do Cruzeiro, no t\u00e9cnico Abel Ferreira provocou uma dura resposta de Zinho, ex-jogador e comentarista. Durante participa\u00e7\u00e3o no programa ESPN FC, Zinho defendeu o treinador portugu\u00eas e classificou como injustas as declara\u00e7\u00f5es do atacante, que justificou a falta de oportunidades no Palmeiras ap\u00f3s uma grave les\u00e3o no joelho.<\/p>\n\n\n\n<ul class=\"wp-block-list\">\n<li><a href=\"https:\/\/www.gaveanews.com\/index.php\/2025\/01\/04\/cruzeiro-emite-nota-oficial-e-confirma-mais-uma-compra\/\">Cruzeiro emite nota oficial e confirma mais uma compra<\/a><\/li>\n\n\n\n<li><a href=\"https:\/\/www.gaveanews.com\/index.php\/2025\/01\/03\/cruzeiro-dudu-e-sincero-ao-falar-sobre-fernando-diniz\/\">Cruzeiro: Dudu \u00e9 sincero ao falar sobre Fernando Diniz<\/a><\/li>\n<\/ul>\n\n\n\n<p>Para Zinho, a situa\u00e7\u00e3o de Dudu no clube paulista n\u00e3o era apenas t\u00e9cnica ou f\u00edsica, mas tamb\u00e9m mental. Ele relembrou o epis\u00f3dio em que o jogador estava acertado com o Cruzeiro e voltou atr\u00e1s ap\u00f3s press\u00e3o da maior torcida organizada do Palmeiras, algo que teria comprometido sua postura no time.<\/p>\n\n\n\n<h2 class=\"wp-block-heading\" id=\"h-a-cabeca-nao-estava-no-palmeiras\">\u201cA cabe\u00e7a n\u00e3o estava no Palmeiras\u201d<\/h2>\n\n\n\n<p>Zinho destacou que Dudu estava fechado com o Cruzeiro enquanto ainda se recuperava da les\u00e3o com o apoio do Palmeiras. Para ele, essa indefini\u00e7\u00e3o foi determinante para as decis\u00f5es de Abel Ferreira.<\/p>\n\n\n\n<p>\u201cO cara est\u00e1 voltando, n\u00e3o est\u00e1 fisicamente no melhor momento, e ele mesmo estava fechado com outro time. Ent\u00e3o, n\u00e3o est\u00e1 com a cabe\u00e7a aqui. Vou dar moral para os caras que est\u00e3o aqui e, no momento, s\u00e3o melhores que ele. N\u00e3o vi nenhum tipo de atitude errada do Abel. Ele tem que fazer a gest\u00e3o de grupo\u201d, comentou.<\/p>\n\n\n\n<p>O comentarista tamb\u00e9m relembrou o impacto da negocia\u00e7\u00e3o interrompida. Segundo Zinho, a presidente do Palmeiras, Leila Pereira, estava disposta a liberar Dudu, mas a press\u00e3o da torcida e a mudan\u00e7a de posi\u00e7\u00e3o do atleta adiaram a transfer\u00eancia.<\/p>\n\n\n\n<p>\u201cO Dudu estava acertado com o Cruzeiro. O Cruzeiro anuncia o Dudu. Ele est\u00e1 voltando de uma recupera\u00e7\u00e3o maravilhosa que o Palmeiras proporcionou e, mesmo assim, estava querendo ir para o Cruzeiro. O treinador tem que tomar decis\u00f5es. Quando ele jogou, n\u00e3o mostrou potencial para ser titular, e isso \u00e9 op\u00e7\u00e3o do treinador.\u201d<\/p>\n\n\n\n<p>Apesar das cr\u00edticas, Zinho desejou sorte a Dudu em sua nova jornada na Raposa, mas reiterou que responsabilizar Abel Ferreira e o Palmeiras pelos problemas do passado \u00e9 um erro.<\/p>\n\n\n\n<p>\u201cO ambiente ficou pesado, ruim, e ele n\u00e3o vivia seu melhor momento. O que me surpreende agora \u00e9 o Cruzeiro lev\u00e1-lo, porque ele deu chap\u00e9u no clube. Tinha acertado e voltou atr\u00e1s. Toda sorte ao Dudu, \u00e9 craque, tem futebol, mas colocar na conta do Abel e do Palmeiras? O Palmeiras n\u00e3o tem nada com isso.\u201d<\/p>\n","protected":false},"excerpt":{"rendered":"<p>Dudu critica Abel Ferreira e gera rea\u00e7\u00e3o de Zinho no ESPN FC A recente alfinetada de Dudu, refor\u00e7o do Cruzeiro, no t\u00e9cnico Abel Ferreira provocou uma dura resposta de Zinho, ex-jogador e comentarista. Durante participa\u00e7\u00e3o no programa ESPN FC, Zinho defendeu o treinador portugu\u00eas e classificou como injustas as declara\u00e7\u00f5es do atacante, que justificou a [&hellip;]<\/p>\n","protected":false},"author":17,"featured_media":91439,"comment_status":"open","ping_status":"closed","sticky":false,"template":"","format":"standard","meta":{"footnotes":""},"categories":[143],"tags":[],"class_list":["post-207632","post","type-post","status-publish","format-standard","has-post-thumbnail","hentry","category-cruzeiro"],"yoast_head":"<!-- This site is optimized with the Yoast SEO Premium plugin v24.2 (Yoast SEO v26.9) - https:\/\/yoast.com\/product\/yoast-seo-premium-wordpress\/ -->\n<title>Cruzeiro: a declara\u00e7\u00e3o de Zinho direcionada a Dudu por conta de Abel Ferreira<\/title>\n<meta name=\"robots\" content=\"index, follow, max-snippet:-1, max-image-preview:large, max-video-preview:-1\" \/>\n<link rel=\"canonical\" href=\"https:\/\/www.gaveanews.com\/index.php\/2025\/01\/04\/cruzeiro-a-declaracao-de-zinho-direcionada-a-dudu-por-conta-de-abel-ferreira\/\" \/>\n<meta property=\"og:locale\" content=\"pt_BR\" \/>\n<meta property=\"og:type\" content=\"article\" \/>\n<meta property=\"og:title\" content=\"Cruzeiro: a declara\u00e7\u00e3o de Zinho direcionada a Dudu por conta de Abel Ferreira\" \/>\n<meta property=\"og:description\" content=\"Dudu critica Abel Ferreira e gera rea\u00e7\u00e3o de Zinho no ESPN FC A recente alfinetada de Dudu, refor\u00e7o do Cruzeiro, no t\u00e9cnico Abel Ferreira provocou uma dura resposta de Zinho, ex-jogador e comentarista. Durante participa\u00e7\u00e3o no programa ESPN FC, Zinho defendeu o treinador portugu\u00eas e classificou como injustas as declara\u00e7\u00f5es do atacante, que justificou a [&hellip;]\" \/>\n<meta property=\"og:url\" content=\"https:\/\/www.gaveanews.com\/index.php\/2025\/01\/04\/cruzeiro-a-declaracao-de-zinho-direcionada-a-dudu-por-conta-de-abel-ferreira\/\" \/>\n<meta property=\"og:site_name\" content=\"G\u00e1vea News\" \/>\n<meta property=\"article:publisher\" content=\"https:\/\/facebook.com\/gaveaNews\/\" \/>\n<meta property=\"article:published_time\" content=\"2025-01-05T01:45:00+00:00\" \/>\n<meta property=\"og:image\" content=\"https:\/\/www.gaveanews.com\/wp-content\/uploads\/dudu-palmeiras.webp\" \/>\n\t<meta property=\"og:image:width\" content=\"846\" \/>\n\t<meta property=\"og:image:height\" content=\"476\" \/>\n\t<meta property=\"og:image:type\" content=\"image\/webp\" \/>\n<meta name=\"author\" content=\"Geovanna Thomaz\" \/>\n<meta name=\"twitter:card\" content=\"summary_large_image\" \/>\n<meta name=\"twitter:label1\" content=\"Escrito por\" \/>\n\t<meta name=\"twitter:data1\" content=\"Geovanna Thomaz\" \/>\n\t<meta name=\"twitter:label2\" content=\"Est. tempo de leitura\" \/>\n\t<meta name=\"twitter:data2\" content=\"3 minutos\" \/>\n<script type=\"application\/ld+json\" class=\"yoast-schema-graph\">{\"@context\":\"https:\/\/schema.org\",\"@graph\":[{\"@type\":\"NewsArticle\",\"@id\":\"https:\/\/www.gaveanews.com\/index.php\/2025\/01\/04\/cruzeiro-a-declaracao-de-zinho-direcionada-a-dudu-por-conta-de-abel-ferreira\/#article\",\"isPartOf\":{\"@id\":\"https:\/\/www.gaveanews.com\/index.php\/2025\/01\/04\/cruzeiro-a-declaracao-de-zinho-direcionada-a-dudu-por-conta-de-abel-ferreira\/\"},\"author\":{\"name\":\"Geovanna Thomaz\",\"@id\":\"https:\/\/www.gaveanews.com\/#\/schema\/person\/f42654babcd2b2014a1a65af82b081f1\"},\"headline\":\"Cruzeiro: a declara\u00e7\u00e3o de Zinho direcionada a Dudu por conta de Abel Ferreira\",\"datePublished\":\"2025-01-05T01:45:00+00:00\",\"mainEntityOfPage\":{\"@id\":\"https:\/\/www.gaveanews.com\/index.php\/2025\/01\/04\/cruzeiro-a-declaracao-de-zinho-direcionada-a-dudu-por-conta-de-abel-ferreira\/\"},\"wordCount\":462,\"commentCount\":0,\"image\":{\"@id\":\"https:\/\/www.gaveanews.com\/index.php\/2025\/01\/04\/cruzeiro-a-declaracao-de-zinho-direcionada-a-dudu-por-conta-de-abel-ferreira\/#primaryimage\"},\"thumbnailUrl\":\"https:\/\/www.gaveanews.com\/wp-content\/uploads\/dudu-palmeiras.webp\",\"articleSection\":[\"Cruzeiro\"],\"inLanguage\":\"pt-BR\",\"potentialAction\":[{\"@type\":\"CommentAction\",\"name\":\"Comment\",\"target\":[\"https:\/\/www.gaveanews.com\/index.php\/2025\/01\/04\/cruzeiro-a-declaracao-de-zinho-direcionada-a-dudu-por-conta-de-abel-ferreira\/#respond\"]}],\"copyrightYear\":\"2025\",\"copyrightHolder\":{\"@id\":\"https:\/\/www.gaveanews.com\/#organization\"}},{\"@type\":\"WebPage\",\"@id\":\"https:\/\/www.gaveanews.com\/index.php\/2025\/01\/04\/cruzeiro-a-declaracao-de-zinho-direcionada-a-dudu-por-conta-de-abel-ferreira\/\",\"url\":\"https:\/\/www.gaveanews.com\/index.php\/2025\/01\/04\/cruzeiro-a-declaracao-de-zinho-direcionada-a-dudu-por-conta-de-abel-ferreira\/\",\"name\":\"Cruzeiro: a declara\u00e7\u00e3o de Zinho direcionada a Dudu por conta de Abel Ferreira\",\"isPartOf\":{\"@id\":\"https:\/\/www.gaveanews.com\/#website\"},\"primaryImageOfPage\":{\"@id\":\"https:\/\/www.gaveanews.com\/index.php\/2025\/01\/04\/cruzeiro-a-declaracao-de-zinho-direcionada-a-dudu-por-conta-de-abel-ferreira\/#primaryimage\"},\"image\":{\"@id\":\"https:\/\/www.gaveanews.com\/index.php\/2025\/01\/04\/cruzeiro-a-declaracao-de-zinho-direcionada-a-dudu-por-conta-de-abel-ferreira\/#primaryimage\"},\"thumbnailUrl\":\"https:\/\/www.gaveanews.com\/wp-content\/uploads\/dudu-palmeiras.webp\",\"datePublished\":\"2025-01-05T01:45:00+00:00\",\"author\":{\"@id\":\"https:\/\/www.gaveanews.com\/#\/schema\/person\/f42654babcd2b2014a1a65af82b081f1\"},\"breadcrumb\":{\"@id\":\"https:\/\/www.gaveanews.com\/index.php\/2025\/01\/04\/cruzeiro-a-declaracao-de-zinho-direcionada-a-dudu-por-conta-de-abel-ferreira\/#breadcrumb\"},\"inLanguage\":\"pt-BR\",\"potentialAction\":[{\"@type\":\"ReadAction\",\"target\":[\"https:\/\/www.gaveanews.com\/index.php\/2025\/01\/04\/cruzeiro-a-declaracao-de-zinho-direcionada-a-dudu-por-conta-de-abel-ferreira\/\"]}]},{\"@type\":\"ImageObject\",\"inLanguage\":\"pt-BR\",\"@id\":\"https:\/\/www.gaveanews.com\/index.php\/2025\/01\/04\/cruzeiro-a-declaracao-de-zinho-direcionada-a-dudu-por-conta-de-abel-ferreira\/#primaryimage\",\"url\":\"https:\/\/www.gaveanews.com\/wp-content\/uploads\/dudu-palmeiras.webp\",\"contentUrl\":\"https:\/\/www.gaveanews.com\/wp-content\/uploads\/dudu-palmeiras.webp\",\"width\":846,\"height\":476,\"caption\":\"Dudu em jogo do Palmeiras (Foto: Cesar Greco\/Palmeiras)\"},{\"@type\":\"BreadcrumbList\",\"@id\":\"https:\/\/www.gaveanews.com\/index.php\/2025\/01\/04\/cruzeiro-a-declaracao-de-zinho-direcionada-a-dudu-por-conta-de-abel-ferreira\/#breadcrumb\",\"itemListElement\":[{\"@type\":\"ListItem\",\"position\":1,\"name\":\"Home\",\"item\":\"https:\/\/www.gaveanews.com\/\"},{\"@type\":\"ListItem\",\"position\":2,\"name\":\"Cruzeiro: a declara\u00e7\u00e3o de Zinho direcionada a Dudu por conta de Abel Ferreira\"}]},{\"@type\":\"WebSite\",\"@id\":\"https:\/\/www.gaveanews.com\/#website\",\"url\":\"https:\/\/www.gaveanews.com\/\",\"name\":\"G\u00e1vea News\",\"description\":\"Veja todas as not\u00edcias sobre o Flamengo: Contrata\u00e7\u00f5es, categorias de base, resultados das partidas, tabela de classifica\u00e7\u00e3o, pr\u00f3ximos jogos!\",\"potentialAction\":[{\"@type\":\"SearchAction\",\"target\":{\"@type\":\"EntryPoint\",\"urlTemplate\":\"https:\/\/www.gaveanews.com\/?s={search_term_string}\"},\"query-input\":{\"@type\":\"PropertyValueSpecification\",\"valueRequired\":true,\"valueName\":\"search_term_string\"}}],\"inLanguage\":\"pt-BR\"},{\"@type\":\"Person\",\"@id\":\"https:\/\/www.gaveanews.com\/#\/schema\/person\/f42654babcd2b2014a1a65af82b081f1\",\"name\":\"Geovanna Thomaz\",\"image\":{\"@type\":\"ImageObject\",\"inLanguage\":\"pt-BR\",\"@id\":\"https:\/\/www.gaveanews.com\/#\/schema\/person\/image\/\",\"url\":\"https:\/\/secure.gravatar.com\/avatar\/4092073255489533afb558984b49b64268c47198af8623cc82a925ae9fb7118a?s=96&d=mm&r=g\",\"contentUrl\":\"https:\/\/secure.gravatar.com\/avatar\/4092073255489533afb558984b49b64268c47198af8623cc82a925ae9fb7118a?s=96&d=mm&r=g\",\"caption\":\"Geovanna Thomaz\"}}]}<\/script>\n<!-- \/ Yoast SEO Premium plugin. -->","yoast_head_json":{"title":"Cruzeiro: a declara\u00e7\u00e3o de Zinho direcionada a Dudu por conta de Abel Ferreira","robots":{"index":"index","follow":"follow","max-snippet":"max-snippet:-1","max-image-preview":"max-image-preview:large","max-video-preview":"max-video-preview:-1"},"canonical":"https:\/\/www.gaveanews.com\/index.php\/2025\/01\/04\/cruzeiro-a-declaracao-de-zinho-direcionada-a-dudu-por-conta-de-abel-ferreira\/","og_locale":"pt_BR","og_type":"article","og_title":"Cruzeiro: a declara\u00e7\u00e3o de Zinho direcionada a Dudu por conta de Abel Ferreira","og_description":"Dudu critica Abel Ferreira e gera rea\u00e7\u00e3o de Zinho no ESPN FC A recente alfinetada de Dudu, refor\u00e7o do Cruzeiro, no t\u00e9cnico Abel Ferreira provocou uma dura resposta de Zinho, ex-jogador e comentarista. Durante participa\u00e7\u00e3o no programa ESPN FC, Zinho defendeu o treinador portugu\u00eas e classificou como injustas as declara\u00e7\u00f5es do atacante, que justificou a [&hellip;]","og_url":"https:\/\/www.gaveanews.com\/index.php\/2025\/01\/04\/cruzeiro-a-declaracao-de-zinho-direcionada-a-dudu-por-conta-de-abel-ferreira\/","og_site_name":"G\u00e1vea News","article_publisher":"https:\/\/facebook.com\/gaveaNews\/","article_published_time":"2025-01-05T01:45:00+00:00","og_image":[{"width":846,"height":476,"url":"https:\/\/www.gaveanews.com\/wp-content\/uploads\/dudu-palmeiras.webp","type":"image\/webp"}],"author":"Geovanna Thomaz","twitter_card":"summary_large_image","twitter_misc":{"Escrito por":"Geovanna Thomaz","Est. tempo de leitura":"3 minutos"},"schema":{"@context":"https:\/\/schema.org","@graph":[{"@type":"NewsArticle","@id":"https:\/\/www.gaveanews.com\/index.php\/2025\/01\/04\/cruzeiro-a-declaracao-de-zinho-direcionada-a-dudu-por-conta-de-abel-ferreira\/#article","isPartOf":{"@id":"https:\/\/www.gaveanews.com\/index.php\/2025\/01\/04\/cruzeiro-a-declaracao-de-zinho-direcionada-a-dudu-por-conta-de-abel-ferreira\/"},"author":{"name":"Geovanna Thomaz","@id":"https:\/\/www.gaveanews.com\/#\/schema\/person\/f42654babcd2b2014a1a65af82b081f1"},"headline":"Cruzeiro: a declara\u00e7\u00e3o de Zinho direcionada a Dudu por conta de Abel Ferreira","datePublished":"2025-01-05T01:45:00+00:00","mainEntityOfPage":{"@id":"https:\/\/www.gaveanews.com\/index.php\/2025\/01\/04\/cruzeiro-a-declaracao-de-zinho-direcionada-a-dudu-por-conta-de-abel-ferreira\/"},"wordCount":462,"commentCount":0,"image":{"@id":"https:\/\/www.gaveanews.com\/index.php\/2025\/01\/04\/cruzeiro-a-declaracao-de-zinho-direcionada-a-dudu-por-conta-de-abel-ferreira\/#primaryimage"},"thumbnailUrl":"https:\/\/www.gaveanews.com\/wp-content\/uploads\/dudu-palmeiras.webp","articleSection":["Cruzeiro"],"inLanguage":"pt-BR","potentialAction":[{"@type":"CommentAction","name":"Comment","target":["https:\/\/www.gaveanews.com\/index.php\/2025\/01\/04\/cruzeiro-a-declaracao-de-zinho-direcionada-a-dudu-por-conta-de-abel-ferreira\/#respond"]}],"copyrightYear":"2025","copyrightHolder":{"@id":"https:\/\/www.gaveanews.com\/#organization"}},{"@type":"WebPage","@id":"https:\/\/www.gaveanews.com\/index.php\/2025\/01\/04\/cruzeiro-a-declaracao-de-zinho-direcionada-a-dudu-por-conta-de-abel-ferreira\/","url":"https:\/\/www.gaveanews.com\/index.php\/2025\/01\/04\/cruzeiro-a-declaracao-de-zinho-direcionada-a-dudu-por-conta-de-abel-ferreira\/","name":"Cruzeiro: a declara\u00e7\u00e3o de Zinho direcionada a Dudu por conta de Abel Ferreira","isPartOf":{"@id":"https:\/\/www.gaveanews.com\/#website"},"primaryImageOfPage":{"@id":"https:\/\/www.gaveanews.com\/index.php\/2025\/01\/04\/cruzeiro-a-declaracao-de-zinho-direcionada-a-dudu-por-conta-de-abel-ferreira\/#primaryimage"},"image":{"@id":"https:\/\/www.gaveanews.com\/index.php\/2025\/01\/04\/cruzeiro-a-declaracao-de-zinho-direcionada-a-dudu-por-conta-de-abel-ferreira\/#primaryimage"},"thumbnailUrl":"https:\/\/www.gaveanews.com\/wp-content\/uploads\/dudu-palmeiras.webp","datePublished":"2025-01-05T01:45:00+00:00","author":{"@id":"https:\/\/www.gaveanews.com\/#\/schema\/person\/f42654babcd2b2014a1a65af82b081f1"},"breadcrumb":{"@id":"https:\/\/www.gaveanews.com\/index.php\/2025\/01\/04\/cruzeiro-a-declaracao-de-zinho-direcionada-a-dudu-por-conta-de-abel-ferreira\/#breadcrumb"},"inLanguage":"pt-BR","potentialAction":[{"@type":"ReadAction","target":["https:\/\/www.gaveanews.com\/index.php\/2025\/01\/04\/cruzeiro-a-declaracao-de-zinho-direcionada-a-dudu-por-conta-de-abel-ferreira\/"]}]},{"@type":"ImageObject","inLanguage":"pt-BR","@id":"https:\/\/www.gaveanews.com\/index.php\/2025\/01\/04\/cruzeiro-a-declaracao-de-zinho-direcionada-a-dudu-por-conta-de-abel-ferreira\/#primaryimage","url":"https:\/\/www.gaveanews.com\/wp-content\/uploads\/dudu-palmeiras.webp","contentUrl":"https:\/\/www.gaveanews.com\/wp-content\/uploads\/dudu-palmeiras.webp","width":846,"height":476,"caption":"Dudu em jogo do Palmeiras (Foto: Cesar Greco\/Palmeiras)"},{"@type":"BreadcrumbList","@id":"https:\/\/www.gaveanews.com\/index.php\/2025\/01\/04\/cruzeiro-a-declaracao-de-zinho-direcionada-a-dudu-por-conta-de-abel-ferreira\/#breadcrumb","itemListElement":[{"@type":"ListItem","position":1,"name":"Home","item":"https:\/\/www.gaveanews.com\/"},{"@type":"ListItem","position":2,"name":"Cruzeiro: a declara\u00e7\u00e3o de Zinho direcionada a Dudu por conta de Abel Ferreira"}]},{"@type":"WebSite","@id":"https:\/\/www.gaveanews.com\/#website","url":"https:\/\/www.gaveanews.com\/","name":"G\u00e1vea News","description":"Veja todas as not\u00edcias sobre o Flamengo: Contrata\u00e7\u00f5es, categorias de base, resultados das partidas, tabela de classifica\u00e7\u00e3o, pr\u00f3ximos jogos!","potentialAction":[{"@type":"SearchAction","target":{"@type":"EntryPoint","urlTemplate":"https:\/\/www.gaveanews.com\/?s={search_term_string}"},"query-input":{"@type":"PropertyValueSpecification","valueRequired":true,"valueName":"search_term_string"}}],"inLanguage":"pt-BR"},{"@type":"Person","@id":"https:\/\/www.gaveanews.com\/#\/schema\/person\/f42654babcd2b2014a1a65af82b081f1","name":"Geovanna Thomaz","image":{"@type":"ImageObject","inLanguage":"pt-BR","@id":"https:\/\/www.gaveanews.com\/#\/schema\/person\/image\/","url":"https:\/\/secure.gravatar.com\/avatar\/4092073255489533afb558984b49b64268c47198af8623cc82a925ae9fb7118a?s=96&d=mm&r=g","contentUrl":"https:\/\/secure.gravatar.com\/avatar\/4092073255489533afb558984b49b64268c47198af8623cc82a925ae9fb7118a?s=96&d=mm&r=g","caption":"Geovanna Thomaz"}}]}},"_links":{"self":[{"href":"https:\/\/www.gaveanews.com\/index.php\/wp-json\/wp\/v2\/posts\/207632","targetHints":{"allow":["GET"]}}],"collection":[{"href":"https:\/\/www.gaveanews.com\/index.php\/wp-json\/wp\/v2\/posts"}],"about":[{"href":"https:\/\/www.gaveanews.com\/index.php\/wp-json\/wp\/v2\/types\/post"}],"author":[{"embeddable":true,"href":"https:\/\/www.gaveanews.com\/index.php\/wp-json\/wp\/v2\/users\/17"}],"replies":[{"embeddable":true,"href":"https:\/\/www.gaveanews.com\/index.php\/wp-json\/wp\/v2\/comments?post=207632"}],"version-history":[{"count":1,"href":"https:\/\/www.gaveanews.com\/index.php\/wp-json\/wp\/v2\/posts\/207632\/revisions"}],"predecessor-version":[{"id":207633,"href":"https:\/\/www.gaveanews.com\/index.php\/wp-json\/wp\/v2\/posts\/207632\/revisions\/207633"}],"wp:featuredmedia":[{"embeddable":true,"href":"https:\/\/www.gaveanews.com\/index.php\/wp-json\/wp\/v2\/media\/91439"}],"wp:attachment":[{"href":"https:\/\/www.gaveanews.com\/index.php\/wp-json\/wp\/v2\/media?parent=207632"}],"wp:term":[{"taxonomy":"category","embeddable":true,"href":"https:\/\/www.gaveanews.com\/index.php\/wp-json\/wp\/v2\/categories?post=207632"},{"taxonomy":"post_tag","embeddable":true,"href":"https:\/\/www.gaveanews.com\/index.php\/wp-json\/wp\/v2\/tags?post=207632"}],"curies":[{"name":"wp","href":"https:\/\/api.w.org\/{rel}","templated":true}]}}