{"id":207636,"date":"2025-01-04T22:40:00","date_gmt":"2025-01-05T01:40:00","guid":{"rendered":"https:\/\/www.gaveanews.com\/?p=207636"},"modified":"2025-01-04T21:01:05","modified_gmt":"2025-01-05T00:01:05","slug":"a-declaracao-de-milton-neves-direcionada-ao-time-do-corinthians","status":"publish","type":"post","link":"https:\/\/www.gaveanews.com\/index.php\/2025\/01\/04\/a-declaracao-de-milton-neves-direcionada-ao-time-do-corinthians\/","title":{"rendered":"A declara\u00e7\u00e3o de Milton Neves direcionada ao time do Corinthians"},"content":{"rendered":"\n<h2 class=\"wp-block-heading\" id=\"h-milton-neves-critica-o-corinthians-e-relembra-supostos-favorecimentos-ao-brasil-em-copas-do-mundo\">Milton Neves critica o Corinthians e relembra supostos favorecimentos ao Brasil em Copas do Mundo<\/h2>\n\n\n\n<p>O jornalista Milton Neves voltou a causar pol\u00eamica ao criticar o Corinthians em um texto opinativo publicado neste s\u00e1bado (04) no portal UOL Esporte. Segundo ele, o clube paulista \u00e9 o principal exemplo do que chama de \u201capito-amigo\u201d, termo que ele mesmo cunhou para se referir a equipes favorecidas por erros de arbitragem no futebol brasileiro.<\/p>\n\n\n\n<ul class=\"wp-block-list\">\n<li><a href=\"https:\/\/www.gaveanews.com\/index.php\/2025\/01\/03\/corinthians-encaminha-renovacao-de-meia-ate-2029\/\">Corinthians encaminha renova\u00e7\u00e3o de meia at\u00e9 2029<\/a><\/li>\n\n\n\n<li><a href=\"https:\/\/www.gaveanews.com\/index.php\/2025\/01\/04\/corinthians-emite-nota-oficial-sobre-rodrigo-garro\/\">Corinthians\u00a0emite nota oficial sobre Rodrigo Garro<\/a><\/li>\n<\/ul>\n\n\n\n<p>\u201cQual \u00e9 o primeiro time que lhe vem \u00e0 cabe\u00e7a quando voc\u00ea escuta a express\u00e3o \u2018apito-amigo\u2019, criada por um tal Milton Neves tempos atr\u00e1s? Ah, que perguntinha mais \u2018baba\u2019\u2026 \u00c9 claro que \u00e9 o Sport Club Corinthians Paulista, o campe\u00e3o mundial do apito\u201d, disparou o comentarista.<\/p>\n\n\n\n<p>Milton Neves tamb\u00e9m citou o Flamengo como \u201cvice\u201d em casos de supostos benef\u00edcios de arbitragem. Em seguida, ampliou sua an\u00e1lise, atribuindo o mesmo r\u00f3tulo \u00e0 sele\u00e7\u00e3o brasileira de futebol, ao mencionar epis\u00f3dios pol\u00eamicos em Copas do Mundo.<\/p>\n\n\n\n<h2 class=\"wp-block-heading\" id=\"h-supostos-casos-de-favorecimento-ao-brasil\">Supostos casos de favorecimento ao Brasil<\/h2>\n\n\n\n<p>O apresentador enumerou quatro partidas envolvendo a sele\u00e7\u00e3o brasileira em Mundiais onde, segundo ele, o \u201capito-amigo\u201d teria influenciado os resultados:<\/p>\n\n\n\n<p>\u2022 <strong>Brasil x Tchecoslov\u00e1quia (1962):<\/strong> jogo das quartas de final;<\/p>\n\n\n\n<p>\u2022 <strong>Brasil x Uruguai (1970):<\/strong> semifinal no M\u00e9xico;<\/p>\n\n\n\n<p>\u2022 <strong>Brasil x Espanha (1994):<\/strong> confronto da fase de grupos nos EUA;<\/p>\n\n\n\n<p>\u2022 <strong>Brasil x Su\u00e9cia (1994):<\/strong> semifinal na mesma edi\u00e7\u00e3o.<\/p>\n\n\n\n<h2 class=\"wp-block-heading\" id=\"h-analise-sobre-reforcos-no-cruzeiro\">An\u00e1lise sobre refor\u00e7os no Cruzeiro<\/h2>\n\n\n\n<p>Em outro texto publicado nesta semana, Milton Neves avaliou as recentes contrata\u00e7\u00f5es de Dudu e Gabigol pelo Cruzeiro. Para o jornalista, ambos t\u00eam potencial para repetir os sucessos que alcan\u00e7aram no Palmeiras e no Flamengo, respectivamente. Por\u00e9m, ele destacou a import\u00e2ncia de um meio-campo qualificado para \u201cmuniciar\u201d os atacantes.<\/p>\n\n\n\n<p>Ao projetar o protagonismo dos jogadores, Neves deu nota 5, indicando que ainda n\u00e3o os v\u00ea no mesmo n\u00edvel de duplas como Memphis Depay e Yuri Alberto, ou Lucas Moura e Oscar. Ele considera que essas combina\u00e7\u00f5es de ataque e meio-campo saem na frente no cen\u00e1rio nacional.<\/p>\n","protected":false},"excerpt":{"rendered":"<p>Milton Neves critica o Corinthians e relembra supostos favorecimentos ao Brasil em Copas do Mundo O jornalista Milton Neves voltou a causar pol\u00eamica ao criticar o Corinthians em um texto opinativo publicado neste s\u00e1bado (04) no portal UOL Esporte. Segundo ele, o clube paulista \u00e9 o principal exemplo do que chama de \u201capito-amigo\u201d, termo que [&hellip;]<\/p>\n","protected":false},"author":17,"featured_media":166659,"comment_status":"open","ping_status":"closed","sticky":false,"template":"","format":"standard","meta":{"footnotes":""},"categories":[141],"tags":[],"class_list":["post-207636","post","type-post","status-publish","format-standard","has-post-thumbnail","hentry","category-corinthians"],"yoast_head":"<!-- This site is optimized with the Yoast SEO Premium plugin v24.2 (Yoast SEO v26.9) - https:\/\/yoast.com\/product\/yoast-seo-premium-wordpress\/ -->\n<title>A declara\u00e7\u00e3o de Milton Neves direcionada ao time do Corinthians<\/title>\n<meta name=\"robots\" content=\"index, follow, max-snippet:-1, max-image-preview:large, max-video-preview:-1\" \/>\n<link rel=\"canonical\" href=\"https:\/\/www.gaveanews.com\/index.php\/2025\/01\/04\/a-declaracao-de-milton-neves-direcionada-ao-time-do-corinthians\/\" \/>\n<meta property=\"og:locale\" content=\"pt_BR\" \/>\n<meta property=\"og:type\" content=\"article\" \/>\n<meta property=\"og:title\" content=\"A declara\u00e7\u00e3o de Milton Neves direcionada ao time do Corinthians\" \/>\n<meta property=\"og:description\" content=\"Milton Neves critica o Corinthians e relembra supostos favorecimentos ao Brasil em Copas do Mundo O jornalista Milton Neves voltou a causar pol\u00eamica ao criticar o Corinthians em um texto opinativo publicado neste s\u00e1bado (04) no portal UOL Esporte. Segundo ele, o clube paulista \u00e9 o principal exemplo do que chama de \u201capito-amigo\u201d, termo que [&hellip;]\" \/>\n<meta property=\"og:url\" content=\"https:\/\/www.gaveanews.com\/index.php\/2025\/01\/04\/a-declaracao-de-milton-neves-direcionada-ao-time-do-corinthians\/\" \/>\n<meta property=\"og:site_name\" content=\"G\u00e1vea News\" \/>\n<meta property=\"article:publisher\" content=\"https:\/\/facebook.com\/gaveaNews\/\" \/>\n<meta property=\"article:published_time\" content=\"2025-01-05T01:40:00+00:00\" \/>\n<meta property=\"og:image\" content=\"https:\/\/www.gaveanews.com\/wp-content\/uploads\/Milton-Neves-durante-a-programacao-da-Bandeirantes.webp\" \/>\n\t<meta property=\"og:image:width\" content=\"1536\" \/>\n\t<meta property=\"og:image:height\" content=\"864\" \/>\n\t<meta property=\"og:image:type\" content=\"image\/jpeg\" \/>\n<meta name=\"author\" content=\"Geovanna Thomaz\" \/>\n<meta name=\"twitter:card\" content=\"summary_large_image\" \/>\n<meta name=\"twitter:label1\" content=\"Escrito por\" \/>\n\t<meta name=\"twitter:data1\" content=\"Geovanna Thomaz\" \/>\n\t<meta name=\"twitter:label2\" content=\"Est. tempo de leitura\" \/>\n\t<meta name=\"twitter:data2\" content=\"3 minutos\" \/>\n<script type=\"application\/ld+json\" class=\"yoast-schema-graph\">{\"@context\":\"https:\/\/schema.org\",\"@graph\":[{\"@type\":\"NewsArticle\",\"@id\":\"https:\/\/www.gaveanews.com\/index.php\/2025\/01\/04\/a-declaracao-de-milton-neves-direcionada-ao-time-do-corinthians\/#article\",\"isPartOf\":{\"@id\":\"https:\/\/www.gaveanews.com\/index.php\/2025\/01\/04\/a-declaracao-de-milton-neves-direcionada-ao-time-do-corinthians\/\"},\"author\":{\"name\":\"Geovanna Thomaz\",\"@id\":\"https:\/\/www.gaveanews.com\/#\/schema\/person\/f42654babcd2b2014a1a65af82b081f1\"},\"headline\":\"A declara\u00e7\u00e3o de Milton Neves direcionada ao time do Corinthians\",\"datePublished\":\"2025-01-05T01:40:00+00:00\",\"mainEntityOfPage\":{\"@id\":\"https:\/\/www.gaveanews.com\/index.php\/2025\/01\/04\/a-declaracao-de-milton-neves-direcionada-ao-time-do-corinthians\/\"},\"wordCount\":358,\"commentCount\":0,\"image\":{\"@id\":\"https:\/\/www.gaveanews.com\/index.php\/2025\/01\/04\/a-declaracao-de-milton-neves-direcionada-ao-time-do-corinthians\/#primaryimage\"},\"thumbnailUrl\":\"https:\/\/www.gaveanews.com\/wp-content\/uploads\/Milton-Neves-durante-a-programacao-da-Bandeirantes.webp\",\"articleSection\":[\"Corinthians\"],\"inLanguage\":\"pt-BR\",\"potentialAction\":[{\"@type\":\"CommentAction\",\"name\":\"Comment\",\"target\":[\"https:\/\/www.gaveanews.com\/index.php\/2025\/01\/04\/a-declaracao-de-milton-neves-direcionada-ao-time-do-corinthians\/#respond\"]}],\"copyrightYear\":\"2025\",\"copyrightHolder\":{\"@id\":\"https:\/\/www.gaveanews.com\/#organization\"}},{\"@type\":\"WebPage\",\"@id\":\"https:\/\/www.gaveanews.com\/index.php\/2025\/01\/04\/a-declaracao-de-milton-neves-direcionada-ao-time-do-corinthians\/\",\"url\":\"https:\/\/www.gaveanews.com\/index.php\/2025\/01\/04\/a-declaracao-de-milton-neves-direcionada-ao-time-do-corinthians\/\",\"name\":\"A declara\u00e7\u00e3o de Milton Neves direcionada ao time do Corinthians\",\"isPartOf\":{\"@id\":\"https:\/\/www.gaveanews.com\/#website\"},\"primaryImageOfPage\":{\"@id\":\"https:\/\/www.gaveanews.com\/index.php\/2025\/01\/04\/a-declaracao-de-milton-neves-direcionada-ao-time-do-corinthians\/#primaryimage\"},\"image\":{\"@id\":\"https:\/\/www.gaveanews.com\/index.php\/2025\/01\/04\/a-declaracao-de-milton-neves-direcionada-ao-time-do-corinthians\/#primaryimage\"},\"thumbnailUrl\":\"https:\/\/www.gaveanews.com\/wp-content\/uploads\/Milton-Neves-durante-a-programacao-da-Bandeirantes.webp\",\"datePublished\":\"2025-01-05T01:40:00+00:00\",\"author\":{\"@id\":\"https:\/\/www.gaveanews.com\/#\/schema\/person\/f42654babcd2b2014a1a65af82b081f1\"},\"breadcrumb\":{\"@id\":\"https:\/\/www.gaveanews.com\/index.php\/2025\/01\/04\/a-declaracao-de-milton-neves-direcionada-ao-time-do-corinthians\/#breadcrumb\"},\"inLanguage\":\"pt-BR\",\"potentialAction\":[{\"@type\":\"ReadAction\",\"target\":[\"https:\/\/www.gaveanews.com\/index.php\/2025\/01\/04\/a-declaracao-de-milton-neves-direcionada-ao-time-do-corinthians\/\"]}]},{\"@type\":\"ImageObject\",\"inLanguage\":\"pt-BR\",\"@id\":\"https:\/\/www.gaveanews.com\/index.php\/2025\/01\/04\/a-declaracao-de-milton-neves-direcionada-ao-time-do-corinthians\/#primaryimage\",\"url\":\"https:\/\/www.gaveanews.com\/wp-content\/uploads\/Milton-Neves-durante-a-programacao-da-Bandeirantes.webp\",\"contentUrl\":\"https:\/\/www.gaveanews.com\/wp-content\/uploads\/Milton-Neves-durante-a-programacao-da-Bandeirantes.webp\",\"width\":1536,\"height\":864,\"caption\":\"Milton Neves durante a programa\u00e7\u00e3o da Bandeirantes (Foto: Reprodu\u00e7\u00e3o\/Bandeirantes)\"},{\"@type\":\"BreadcrumbList\",\"@id\":\"https:\/\/www.gaveanews.com\/index.php\/2025\/01\/04\/a-declaracao-de-milton-neves-direcionada-ao-time-do-corinthians\/#breadcrumb\",\"itemListElement\":[{\"@type\":\"ListItem\",\"position\":1,\"name\":\"Home\",\"item\":\"https:\/\/www.gaveanews.com\/\"},{\"@type\":\"ListItem\",\"position\":2,\"name\":\"A declara\u00e7\u00e3o de Milton Neves direcionada ao time do Corinthians\"}]},{\"@type\":\"WebSite\",\"@id\":\"https:\/\/www.gaveanews.com\/#website\",\"url\":\"https:\/\/www.gaveanews.com\/\",\"name\":\"G\u00e1vea News\",\"description\":\"Veja todas as not\u00edcias sobre o Flamengo: Contrata\u00e7\u00f5es, categorias de base, resultados das partidas, tabela de classifica\u00e7\u00e3o, pr\u00f3ximos jogos!\",\"potentialAction\":[{\"@type\":\"SearchAction\",\"target\":{\"@type\":\"EntryPoint\",\"urlTemplate\":\"https:\/\/www.gaveanews.com\/?s={search_term_string}\"},\"query-input\":{\"@type\":\"PropertyValueSpecification\",\"valueRequired\":true,\"valueName\":\"search_term_string\"}}],\"inLanguage\":\"pt-BR\"},{\"@type\":\"Person\",\"@id\":\"https:\/\/www.gaveanews.com\/#\/schema\/person\/f42654babcd2b2014a1a65af82b081f1\",\"name\":\"Geovanna Thomaz\",\"image\":{\"@type\":\"ImageObject\",\"inLanguage\":\"pt-BR\",\"@id\":\"https:\/\/www.gaveanews.com\/#\/schema\/person\/image\/\",\"url\":\"https:\/\/secure.gravatar.com\/avatar\/4092073255489533afb558984b49b64268c47198af8623cc82a925ae9fb7118a?s=96&d=mm&r=g\",\"contentUrl\":\"https:\/\/secure.gravatar.com\/avatar\/4092073255489533afb558984b49b64268c47198af8623cc82a925ae9fb7118a?s=96&d=mm&r=g\",\"caption\":\"Geovanna Thomaz\"}}]}<\/script>\n<!-- \/ Yoast SEO Premium plugin. -->","yoast_head_json":{"title":"A declara\u00e7\u00e3o de Milton Neves direcionada ao time do Corinthians","robots":{"index":"index","follow":"follow","max-snippet":"max-snippet:-1","max-image-preview":"max-image-preview:large","max-video-preview":"max-video-preview:-1"},"canonical":"https:\/\/www.gaveanews.com\/index.php\/2025\/01\/04\/a-declaracao-de-milton-neves-direcionada-ao-time-do-corinthians\/","og_locale":"pt_BR","og_type":"article","og_title":"A declara\u00e7\u00e3o de Milton Neves direcionada ao time do Corinthians","og_description":"Milton Neves critica o Corinthians e relembra supostos favorecimentos ao Brasil em Copas do Mundo O jornalista Milton Neves voltou a causar pol\u00eamica ao criticar o Corinthians em um texto opinativo publicado neste s\u00e1bado (04) no portal UOL Esporte. Segundo ele, o clube paulista \u00e9 o principal exemplo do que chama de \u201capito-amigo\u201d, termo que [&hellip;]","og_url":"https:\/\/www.gaveanews.com\/index.php\/2025\/01\/04\/a-declaracao-de-milton-neves-direcionada-ao-time-do-corinthians\/","og_site_name":"G\u00e1vea News","article_publisher":"https:\/\/facebook.com\/gaveaNews\/","article_published_time":"2025-01-05T01:40:00+00:00","og_image":[{"width":1536,"height":864,"url":"https:\/\/www.gaveanews.com\/wp-content\/uploads\/Milton-Neves-durante-a-programacao-da-Bandeirantes.webp","type":"image\/jpeg"}],"author":"Geovanna Thomaz","twitter_card":"summary_large_image","twitter_misc":{"Escrito por":"Geovanna Thomaz","Est. tempo de leitura":"3 minutos"},"schema":{"@context":"https:\/\/schema.org","@graph":[{"@type":"NewsArticle","@id":"https:\/\/www.gaveanews.com\/index.php\/2025\/01\/04\/a-declaracao-de-milton-neves-direcionada-ao-time-do-corinthians\/#article","isPartOf":{"@id":"https:\/\/www.gaveanews.com\/index.php\/2025\/01\/04\/a-declaracao-de-milton-neves-direcionada-ao-time-do-corinthians\/"},"author":{"name":"Geovanna Thomaz","@id":"https:\/\/www.gaveanews.com\/#\/schema\/person\/f42654babcd2b2014a1a65af82b081f1"},"headline":"A declara\u00e7\u00e3o de Milton Neves direcionada ao time do Corinthians","datePublished":"2025-01-05T01:40:00+00:00","mainEntityOfPage":{"@id":"https:\/\/www.gaveanews.com\/index.php\/2025\/01\/04\/a-declaracao-de-milton-neves-direcionada-ao-time-do-corinthians\/"},"wordCount":358,"commentCount":0,"image":{"@id":"https:\/\/www.gaveanews.com\/index.php\/2025\/01\/04\/a-declaracao-de-milton-neves-direcionada-ao-time-do-corinthians\/#primaryimage"},"thumbnailUrl":"https:\/\/www.gaveanews.com\/wp-content\/uploads\/Milton-Neves-durante-a-programacao-da-Bandeirantes.webp","articleSection":["Corinthians"],"inLanguage":"pt-BR","potentialAction":[{"@type":"CommentAction","name":"Comment","target":["https:\/\/www.gaveanews.com\/index.php\/2025\/01\/04\/a-declaracao-de-milton-neves-direcionada-ao-time-do-corinthians\/#respond"]}],"copyrightYear":"2025","copyrightHolder":{"@id":"https:\/\/www.gaveanews.com\/#organization"}},{"@type":"WebPage","@id":"https:\/\/www.gaveanews.com\/index.php\/2025\/01\/04\/a-declaracao-de-milton-neves-direcionada-ao-time-do-corinthians\/","url":"https:\/\/www.gaveanews.com\/index.php\/2025\/01\/04\/a-declaracao-de-milton-neves-direcionada-ao-time-do-corinthians\/","name":"A declara\u00e7\u00e3o de Milton Neves direcionada ao time do Corinthians","isPartOf":{"@id":"https:\/\/www.gaveanews.com\/#website"},"primaryImageOfPage":{"@id":"https:\/\/www.gaveanews.com\/index.php\/2025\/01\/04\/a-declaracao-de-milton-neves-direcionada-ao-time-do-corinthians\/#primaryimage"},"image":{"@id":"https:\/\/www.gaveanews.com\/index.php\/2025\/01\/04\/a-declaracao-de-milton-neves-direcionada-ao-time-do-corinthians\/#primaryimage"},"thumbnailUrl":"https:\/\/www.gaveanews.com\/wp-content\/uploads\/Milton-Neves-durante-a-programacao-da-Bandeirantes.webp","datePublished":"2025-01-05T01:40:00+00:00","author":{"@id":"https:\/\/www.gaveanews.com\/#\/schema\/person\/f42654babcd2b2014a1a65af82b081f1"},"breadcrumb":{"@id":"https:\/\/www.gaveanews.com\/index.php\/2025\/01\/04\/a-declaracao-de-milton-neves-direcionada-ao-time-do-corinthians\/#breadcrumb"},"inLanguage":"pt-BR","potentialAction":[{"@type":"ReadAction","target":["https:\/\/www.gaveanews.com\/index.php\/2025\/01\/04\/a-declaracao-de-milton-neves-direcionada-ao-time-do-corinthians\/"]}]},{"@type":"ImageObject","inLanguage":"pt-BR","@id":"https:\/\/www.gaveanews.com\/index.php\/2025\/01\/04\/a-declaracao-de-milton-neves-direcionada-ao-time-do-corinthians\/#primaryimage","url":"https:\/\/www.gaveanews.com\/wp-content\/uploads\/Milton-Neves-durante-a-programacao-da-Bandeirantes.webp","contentUrl":"https:\/\/www.gaveanews.com\/wp-content\/uploads\/Milton-Neves-durante-a-programacao-da-Bandeirantes.webp","width":1536,"height":864,"caption":"Milton Neves durante a programa\u00e7\u00e3o da Bandeirantes (Foto: Reprodu\u00e7\u00e3o\/Bandeirantes)"},{"@type":"BreadcrumbList","@id":"https:\/\/www.gaveanews.com\/index.php\/2025\/01\/04\/a-declaracao-de-milton-neves-direcionada-ao-time-do-corinthians\/#breadcrumb","itemListElement":[{"@type":"ListItem","position":1,"name":"Home","item":"https:\/\/www.gaveanews.com\/"},{"@type":"ListItem","position":2,"name":"A declara\u00e7\u00e3o de Milton Neves direcionada ao time do Corinthians"}]},{"@type":"WebSite","@id":"https:\/\/www.gaveanews.com\/#website","url":"https:\/\/www.gaveanews.com\/","name":"G\u00e1vea News","description":"Veja todas as not\u00edcias sobre o Flamengo: Contrata\u00e7\u00f5es, categorias de base, resultados das partidas, tabela de classifica\u00e7\u00e3o, pr\u00f3ximos jogos!","potentialAction":[{"@type":"SearchAction","target":{"@type":"EntryPoint","urlTemplate":"https:\/\/www.gaveanews.com\/?s={search_term_string}"},"query-input":{"@type":"PropertyValueSpecification","valueRequired":true,"valueName":"search_term_string"}}],"inLanguage":"pt-BR"},{"@type":"Person","@id":"https:\/\/www.gaveanews.com\/#\/schema\/person\/f42654babcd2b2014a1a65af82b081f1","name":"Geovanna Thomaz","image":{"@type":"ImageObject","inLanguage":"pt-BR","@id":"https:\/\/www.gaveanews.com\/#\/schema\/person\/image\/","url":"https:\/\/secure.gravatar.com\/avatar\/4092073255489533afb558984b49b64268c47198af8623cc82a925ae9fb7118a?s=96&d=mm&r=g","contentUrl":"https:\/\/secure.gravatar.com\/avatar\/4092073255489533afb558984b49b64268c47198af8623cc82a925ae9fb7118a?s=96&d=mm&r=g","caption":"Geovanna Thomaz"}}]}},"_links":{"self":[{"href":"https:\/\/www.gaveanews.com\/index.php\/wp-json\/wp\/v2\/posts\/207636","targetHints":{"allow":["GET"]}}],"collection":[{"href":"https:\/\/www.gaveanews.com\/index.php\/wp-json\/wp\/v2\/posts"}],"about":[{"href":"https:\/\/www.gaveanews.com\/index.php\/wp-json\/wp\/v2\/types\/post"}],"author":[{"embeddable":true,"href":"https:\/\/www.gaveanews.com\/index.php\/wp-json\/wp\/v2\/users\/17"}],"replies":[{"embeddable":true,"href":"https:\/\/www.gaveanews.com\/index.php\/wp-json\/wp\/v2\/comments?post=207636"}],"version-history":[{"count":1,"href":"https:\/\/www.gaveanews.com\/index.php\/wp-json\/wp\/v2\/posts\/207636\/revisions"}],"predecessor-version":[{"id":207637,"href":"https:\/\/www.gaveanews.com\/index.php\/wp-json\/wp\/v2\/posts\/207636\/revisions\/207637"}],"wp:featuredmedia":[{"embeddable":true,"href":"https:\/\/www.gaveanews.com\/index.php\/wp-json\/wp\/v2\/media\/166659"}],"wp:attachment":[{"href":"https:\/\/www.gaveanews.com\/index.php\/wp-json\/wp\/v2\/media?parent=207636"}],"wp:term":[{"taxonomy":"category","embeddable":true,"href":"https:\/\/www.gaveanews.com\/index.php\/wp-json\/wp\/v2\/categories?post=207636"},{"taxonomy":"post_tag","embeddable":true,"href":"https:\/\/www.gaveanews.com\/index.php\/wp-json\/wp\/v2\/tags?post=207636"}],"curies":[{"name":"wp","href":"https:\/\/api.w.org\/{rel}","templated":true}]}}