{"id":207660,"date":"2025-01-04T23:00:00","date_gmt":"2025-01-05T02:00:00","guid":{"rendered":"https:\/\/www.gaveanews.com\/?p=207660"},"modified":"2025-01-04T21:10:45","modified_gmt":"2025-01-05T00:10:45","slug":"fabio-sormani-crava-campeao-da-copa-libertadores-da-america-2025","status":"publish","type":"post","link":"https:\/\/www.gaveanews.com\/index.php\/2025\/01\/04\/fabio-sormani-crava-campeao-da-copa-libertadores-da-america-2025\/","title":{"rendered":"F\u00e1bio Sormani crava campe\u00e3o da Copa Libertadores da Am\u00e9rica 2025"},"content":{"rendered":"\n<h2 class=\"wp-block-heading\" id=\"h-sormani-aposta-no-flamengo-como-campeao-da-libertadores-2025\">Sormani aposta no Flamengo como campe\u00e3o da Libertadores 2025<\/h2>\n\n\n\n<p>O jornalista F\u00e1bio Sormani n\u00e3o hesitou em apontar seu favorito ao t\u00edtulo da Libertadores 2025. Durante o <em>ESPN FC<\/em>, Sormani afirmou que o Flamengo, comandado pelo t\u00e9cnico Filipe Lu\u00eds, ser\u00e1 o grande campe\u00e3o do torneio continental, alcan\u00e7ando a marca de quatro t\u00edtulos na competi\u00e7\u00e3o e se tornando o maior vencedor brasileiro na hist\u00f3ria do torneio.<\/p>\n\n\n\n<ul class=\"wp-block-list\">\n<li><a href=\"https:\/\/www.gaveanews.com\/index.php\/2025\/01\/03\/ele-vai-voltar-ao-flamengo-apos-nove-anos\/\">Ele vai voltar ao Flamengo ap\u00f3s nove anos<\/a><\/li>\n\n\n\n<li><a href=\"https:\/\/www.gaveanews.com\/index.php\/2025\/01\/03\/jose-boto-acerta-mais-uma-saida-do-flamengo\/\">Jos\u00e9 Boto acerta mais uma sa\u00edda do Flamengo<\/a><\/li>\n<\/ul>\n\n\n\n<p>\u201cO Flamengo ser\u00e1 campe\u00e3o da Libertadores 2025. \u00c9 o time mais bem preparado e com o elenco mais forte. Com Filipe Lu\u00eds no comando, eles v\u00e3o superar a concorr\u00eancia e fazer hist\u00f3ria novamente\u201d, cravou Sormani.<\/p>\n\n\n\n<h2 class=\"wp-block-heading\" id=\"h-disputa-pelo-topo-entre-brasileiros\">Disputa pelo topo entre brasileiros<\/h2>\n\n\n\n<p>Atualmente, cinco clubes brasileiros dividem o t\u00edtulo de maiores campe\u00f5es do pa\u00eds na Libertadores: Flamengo, Gr\u00eamio, Palmeiras, Santos e S\u00e3o Paulo, todos com tr\u00eas trof\u00e9us. Se a previs\u00e3o de Sormani se concretizar, o Flamengo deixar\u00e1 os rivais para tr\u00e1s e assumir\u00e1 a lideran\u00e7a isolada.<\/p>\n\n\n\n<p>O Rubro-Negro integra o grupo de seis clubes brasileiros j\u00e1 classificados para a fase de grupos de 2025, ao lado de Palmeiras, S\u00e3o Paulo, Internacional, Botafogo e Fortaleza.<\/p>\n\n\n\n<h2 class=\"wp-block-heading\" id=\"h-classificacao-dos-brasileiros-para-a-fase-de-grupos\">Classifica\u00e7\u00e3o dos brasileiros para a fase de grupos<\/h2>\n\n\n\n<p>Al\u00e9m dos seis times com vaga garantida, Corinthians e Bahia tentar\u00e3o se juntar ao grupo atrav\u00e9s das fases preliminares. Os desafios, no entanto, n\u00e3o ser\u00e3o simples:<\/p>\n\n\n\n<p>\u2022 <strong>Corinthians<\/strong>: enfrenta a Universidad Central, do Equador, e, caso avance, duela contra o vencedor de Barcelona de Guayaquil ou Blooming\/El Nacional.<\/p>\n\n\n\n<p>\u2022 <strong>Bahia<\/strong>: encara o The Strongest na altitude de La Paz e, se passar, enfrenta o vencedor de Boston River e \u00d1ublense na \u00faltima etapa antes da fase de grupos.<\/p>\n\n\n\n<p>Os jogos das fases iniciais est\u00e3o previstos para o fim de fevereiro e in\u00edcio de mar\u00e7o, definindo os dois \u00faltimos representantes brasileiros no torneio.<\/p>\n\n\n\n<p>A fase de grupos ser\u00e1 sorteada em breve, e os clubes brasileiros aguardam para conhecer seus advers\u00e1rios.\u00a0<br><\/p>\n","protected":false},"excerpt":{"rendered":"<p>Sormani aposta no Flamengo como campe\u00e3o da Libertadores 2025 O jornalista F\u00e1bio Sormani n\u00e3o hesitou em apontar seu favorito ao t\u00edtulo da Libertadores 2025. Durante o ESPN FC, Sormani afirmou que o Flamengo, comandado pelo t\u00e9cnico Filipe Lu\u00eds, ser\u00e1 o grande campe\u00e3o do torneio continental, alcan\u00e7ando a marca de quatro t\u00edtulos na competi\u00e7\u00e3o e se [&hellip;]<\/p>\n","protected":false},"author":17,"featured_media":169215,"comment_status":"open","ping_status":"closed","sticky":false,"template":"","format":"standard","meta":{"footnotes":""},"categories":[1],"tags":[],"class_list":["post-207660","post","type-post","status-publish","format-standard","has-post-thumbnail","hentry","category-flamengo"],"yoast_head":"<!-- This site is optimized with the Yoast SEO Premium plugin v24.2 (Yoast SEO v26.9) - https:\/\/yoast.com\/product\/yoast-seo-premium-wordpress\/ -->\n<title>F\u00e1bio Sormani crava campe\u00e3o da Copa Libertadores da Am\u00e9rica 2025<\/title>\n<meta name=\"robots\" content=\"index, follow, max-snippet:-1, max-image-preview:large, max-video-preview:-1\" \/>\n<link rel=\"canonical\" href=\"https:\/\/www.gaveanews.com\/index.php\/2025\/01\/04\/fabio-sormani-crava-campeao-da-copa-libertadores-da-america-2025\/\" \/>\n<meta property=\"og:locale\" content=\"pt_BR\" \/>\n<meta property=\"og:type\" content=\"article\" \/>\n<meta property=\"og:title\" content=\"F\u00e1bio Sormani crava campe\u00e3o da Copa Libertadores da Am\u00e9rica 2025\" \/>\n<meta property=\"og:description\" content=\"Sormani aposta no Flamengo como campe\u00e3o da Libertadores 2025 O jornalista F\u00e1bio Sormani n\u00e3o hesitou em apontar seu favorito ao t\u00edtulo da Libertadores 2025. Durante o ESPN FC, Sormani afirmou que o Flamengo, comandado pelo t\u00e9cnico Filipe Lu\u00eds, ser\u00e1 o grande campe\u00e3o do torneio continental, alcan\u00e7ando a marca de quatro t\u00edtulos na competi\u00e7\u00e3o e se [&hellip;]\" \/>\n<meta property=\"og:url\" content=\"https:\/\/www.gaveanews.com\/index.php\/2025\/01\/04\/fabio-sormani-crava-campeao-da-copa-libertadores-da-america-2025\/\" \/>\n<meta property=\"og:site_name\" content=\"G\u00e1vea News\" \/>\n<meta property=\"article:publisher\" content=\"https:\/\/facebook.com\/gaveaNews\/\" \/>\n<meta property=\"article:published_time\" content=\"2025-01-05T02:00:00+00:00\" \/>\n<meta property=\"og:image\" content=\"https:\/\/www.gaveanews.com\/wp-content\/uploads\/Elenco-do-Flamengo-em-acao.webp\" \/>\n\t<meta property=\"og:image:width\" content=\"1200\" \/>\n\t<meta property=\"og:image:height\" content=\"829\" \/>\n\t<meta property=\"og:image:type\" content=\"image\/jpeg\" \/>\n<meta name=\"author\" content=\"Geovanna Thomaz\" \/>\n<meta name=\"twitter:card\" content=\"summary_large_image\" \/>\n<meta name=\"twitter:label1\" content=\"Escrito por\" \/>\n\t<meta name=\"twitter:data1\" content=\"Geovanna Thomaz\" \/>\n\t<meta name=\"twitter:label2\" content=\"Est. tempo de leitura\" \/>\n\t<meta name=\"twitter:data2\" content=\"2 minutos\" \/>\n<script type=\"application\/ld+json\" class=\"yoast-schema-graph\">{\"@context\":\"https:\/\/schema.org\",\"@graph\":[{\"@type\":\"NewsArticle\",\"@id\":\"https:\/\/www.gaveanews.com\/index.php\/2025\/01\/04\/fabio-sormani-crava-campeao-da-copa-libertadores-da-america-2025\/#article\",\"isPartOf\":{\"@id\":\"https:\/\/www.gaveanews.com\/index.php\/2025\/01\/04\/fabio-sormani-crava-campeao-da-copa-libertadores-da-america-2025\/\"},\"author\":{\"name\":\"Geovanna Thomaz\",\"@id\":\"https:\/\/www.gaveanews.com\/#\/schema\/person\/f42654babcd2b2014a1a65af82b081f1\"},\"headline\":\"F\u00e1bio Sormani crava campe\u00e3o da Copa Libertadores da Am\u00e9rica 2025\",\"datePublished\":\"2025-01-05T02:00:00+00:00\",\"mainEntityOfPage\":{\"@id\":\"https:\/\/www.gaveanews.com\/index.php\/2025\/01\/04\/fabio-sormani-crava-campeao-da-copa-libertadores-da-america-2025\/\"},\"wordCount\":364,\"commentCount\":0,\"image\":{\"@id\":\"https:\/\/www.gaveanews.com\/index.php\/2025\/01\/04\/fabio-sormani-crava-campeao-da-copa-libertadores-da-america-2025\/#primaryimage\"},\"thumbnailUrl\":\"https:\/\/www.gaveanews.com\/wp-content\/uploads\/Elenco-do-Flamengo-em-acao.webp\",\"articleSection\":[\"Flamengo\"],\"inLanguage\":\"pt-BR\",\"potentialAction\":[{\"@type\":\"CommentAction\",\"name\":\"Comment\",\"target\":[\"https:\/\/www.gaveanews.com\/index.php\/2025\/01\/04\/fabio-sormani-crava-campeao-da-copa-libertadores-da-america-2025\/#respond\"]}],\"copyrightYear\":\"2025\",\"copyrightHolder\":{\"@id\":\"https:\/\/www.gaveanews.com\/#organization\"}},{\"@type\":\"WebPage\",\"@id\":\"https:\/\/www.gaveanews.com\/index.php\/2025\/01\/04\/fabio-sormani-crava-campeao-da-copa-libertadores-da-america-2025\/\",\"url\":\"https:\/\/www.gaveanews.com\/index.php\/2025\/01\/04\/fabio-sormani-crava-campeao-da-copa-libertadores-da-america-2025\/\",\"name\":\"F\u00e1bio Sormani crava campe\u00e3o da Copa Libertadores da Am\u00e9rica 2025\",\"isPartOf\":{\"@id\":\"https:\/\/www.gaveanews.com\/#website\"},\"primaryImageOfPage\":{\"@id\":\"https:\/\/www.gaveanews.com\/index.php\/2025\/01\/04\/fabio-sormani-crava-campeao-da-copa-libertadores-da-america-2025\/#primaryimage\"},\"image\":{\"@id\":\"https:\/\/www.gaveanews.com\/index.php\/2025\/01\/04\/fabio-sormani-crava-campeao-da-copa-libertadores-da-america-2025\/#primaryimage\"},\"thumbnailUrl\":\"https:\/\/www.gaveanews.com\/wp-content\/uploads\/Elenco-do-Flamengo-em-acao.webp\",\"datePublished\":\"2025-01-05T02:00:00+00:00\",\"author\":{\"@id\":\"https:\/\/www.gaveanews.com\/#\/schema\/person\/f42654babcd2b2014a1a65af82b081f1\"},\"breadcrumb\":{\"@id\":\"https:\/\/www.gaveanews.com\/index.php\/2025\/01\/04\/fabio-sormani-crava-campeao-da-copa-libertadores-da-america-2025\/#breadcrumb\"},\"inLanguage\":\"pt-BR\",\"potentialAction\":[{\"@type\":\"ReadAction\",\"target\":[\"https:\/\/www.gaveanews.com\/index.php\/2025\/01\/04\/fabio-sormani-crava-campeao-da-copa-libertadores-da-america-2025\/\"]}]},{\"@type\":\"ImageObject\",\"inLanguage\":\"pt-BR\",\"@id\":\"https:\/\/www.gaveanews.com\/index.php\/2025\/01\/04\/fabio-sormani-crava-campeao-da-copa-libertadores-da-america-2025\/#primaryimage\",\"url\":\"https:\/\/www.gaveanews.com\/wp-content\/uploads\/Elenco-do-Flamengo-em-acao.webp\",\"contentUrl\":\"https:\/\/www.gaveanews.com\/wp-content\/uploads\/Elenco-do-Flamengo-em-acao.webp\",\"width\":1200,\"height\":829,\"caption\":\"Elenco do Flamengo em a\u00e7\u00e3o (Foto: Divulga\u00e7\u00e3o\/Flamengo)\"},{\"@type\":\"BreadcrumbList\",\"@id\":\"https:\/\/www.gaveanews.com\/index.php\/2025\/01\/04\/fabio-sormani-crava-campeao-da-copa-libertadores-da-america-2025\/#breadcrumb\",\"itemListElement\":[{\"@type\":\"ListItem\",\"position\":1,\"name\":\"Home\",\"item\":\"https:\/\/www.gaveanews.com\/\"},{\"@type\":\"ListItem\",\"position\":2,\"name\":\"F\u00e1bio Sormani crava campe\u00e3o da Copa Libertadores da Am\u00e9rica 2025\"}]},{\"@type\":\"WebSite\",\"@id\":\"https:\/\/www.gaveanews.com\/#website\",\"url\":\"https:\/\/www.gaveanews.com\/\",\"name\":\"G\u00e1vea News\",\"description\":\"Veja todas as not\u00edcias sobre o Flamengo: Contrata\u00e7\u00f5es, categorias de base, resultados das partidas, tabela de classifica\u00e7\u00e3o, pr\u00f3ximos jogos!\",\"potentialAction\":[{\"@type\":\"SearchAction\",\"target\":{\"@type\":\"EntryPoint\",\"urlTemplate\":\"https:\/\/www.gaveanews.com\/?s={search_term_string}\"},\"query-input\":{\"@type\":\"PropertyValueSpecification\",\"valueRequired\":true,\"valueName\":\"search_term_string\"}}],\"inLanguage\":\"pt-BR\"},{\"@type\":\"Person\",\"@id\":\"https:\/\/www.gaveanews.com\/#\/schema\/person\/f42654babcd2b2014a1a65af82b081f1\",\"name\":\"Geovanna Thomaz\",\"image\":{\"@type\":\"ImageObject\",\"inLanguage\":\"pt-BR\",\"@id\":\"https:\/\/www.gaveanews.com\/#\/schema\/person\/image\/\",\"url\":\"https:\/\/secure.gravatar.com\/avatar\/4092073255489533afb558984b49b64268c47198af8623cc82a925ae9fb7118a?s=96&d=mm&r=g\",\"contentUrl\":\"https:\/\/secure.gravatar.com\/avatar\/4092073255489533afb558984b49b64268c47198af8623cc82a925ae9fb7118a?s=96&d=mm&r=g\",\"caption\":\"Geovanna Thomaz\"}}]}<\/script>\n<!-- \/ Yoast SEO Premium plugin. -->","yoast_head_json":{"title":"F\u00e1bio Sormani crava campe\u00e3o da Copa Libertadores da Am\u00e9rica 2025","robots":{"index":"index","follow":"follow","max-snippet":"max-snippet:-1","max-image-preview":"max-image-preview:large","max-video-preview":"max-video-preview:-1"},"canonical":"https:\/\/www.gaveanews.com\/index.php\/2025\/01\/04\/fabio-sormani-crava-campeao-da-copa-libertadores-da-america-2025\/","og_locale":"pt_BR","og_type":"article","og_title":"F\u00e1bio Sormani crava campe\u00e3o da Copa Libertadores da Am\u00e9rica 2025","og_description":"Sormani aposta no Flamengo como campe\u00e3o da Libertadores 2025 O jornalista F\u00e1bio Sormani n\u00e3o hesitou em apontar seu favorito ao t\u00edtulo da Libertadores 2025. Durante o ESPN FC, Sormani afirmou que o Flamengo, comandado pelo t\u00e9cnico Filipe Lu\u00eds, ser\u00e1 o grande campe\u00e3o do torneio continental, alcan\u00e7ando a marca de quatro t\u00edtulos na competi\u00e7\u00e3o e se [&hellip;]","og_url":"https:\/\/www.gaveanews.com\/index.php\/2025\/01\/04\/fabio-sormani-crava-campeao-da-copa-libertadores-da-america-2025\/","og_site_name":"G\u00e1vea News","article_publisher":"https:\/\/facebook.com\/gaveaNews\/","article_published_time":"2025-01-05T02:00:00+00:00","og_image":[{"width":1200,"height":829,"url":"https:\/\/www.gaveanews.com\/wp-content\/uploads\/Elenco-do-Flamengo-em-acao.webp","type":"image\/jpeg"}],"author":"Geovanna Thomaz","twitter_card":"summary_large_image","twitter_misc":{"Escrito por":"Geovanna Thomaz","Est. tempo de leitura":"2 minutos"},"schema":{"@context":"https:\/\/schema.org","@graph":[{"@type":"NewsArticle","@id":"https:\/\/www.gaveanews.com\/index.php\/2025\/01\/04\/fabio-sormani-crava-campeao-da-copa-libertadores-da-america-2025\/#article","isPartOf":{"@id":"https:\/\/www.gaveanews.com\/index.php\/2025\/01\/04\/fabio-sormani-crava-campeao-da-copa-libertadores-da-america-2025\/"},"author":{"name":"Geovanna Thomaz","@id":"https:\/\/www.gaveanews.com\/#\/schema\/person\/f42654babcd2b2014a1a65af82b081f1"},"headline":"F\u00e1bio Sormani crava campe\u00e3o da Copa Libertadores da Am\u00e9rica 2025","datePublished":"2025-01-05T02:00:00+00:00","mainEntityOfPage":{"@id":"https:\/\/www.gaveanews.com\/index.php\/2025\/01\/04\/fabio-sormani-crava-campeao-da-copa-libertadores-da-america-2025\/"},"wordCount":364,"commentCount":0,"image":{"@id":"https:\/\/www.gaveanews.com\/index.php\/2025\/01\/04\/fabio-sormani-crava-campeao-da-copa-libertadores-da-america-2025\/#primaryimage"},"thumbnailUrl":"https:\/\/www.gaveanews.com\/wp-content\/uploads\/Elenco-do-Flamengo-em-acao.webp","articleSection":["Flamengo"],"inLanguage":"pt-BR","potentialAction":[{"@type":"CommentAction","name":"Comment","target":["https:\/\/www.gaveanews.com\/index.php\/2025\/01\/04\/fabio-sormani-crava-campeao-da-copa-libertadores-da-america-2025\/#respond"]}],"copyrightYear":"2025","copyrightHolder":{"@id":"https:\/\/www.gaveanews.com\/#organization"}},{"@type":"WebPage","@id":"https:\/\/www.gaveanews.com\/index.php\/2025\/01\/04\/fabio-sormani-crava-campeao-da-copa-libertadores-da-america-2025\/","url":"https:\/\/www.gaveanews.com\/index.php\/2025\/01\/04\/fabio-sormani-crava-campeao-da-copa-libertadores-da-america-2025\/","name":"F\u00e1bio Sormani crava campe\u00e3o da Copa Libertadores da Am\u00e9rica 2025","isPartOf":{"@id":"https:\/\/www.gaveanews.com\/#website"},"primaryImageOfPage":{"@id":"https:\/\/www.gaveanews.com\/index.php\/2025\/01\/04\/fabio-sormani-crava-campeao-da-copa-libertadores-da-america-2025\/#primaryimage"},"image":{"@id":"https:\/\/www.gaveanews.com\/index.php\/2025\/01\/04\/fabio-sormani-crava-campeao-da-copa-libertadores-da-america-2025\/#primaryimage"},"thumbnailUrl":"https:\/\/www.gaveanews.com\/wp-content\/uploads\/Elenco-do-Flamengo-em-acao.webp","datePublished":"2025-01-05T02:00:00+00:00","author":{"@id":"https:\/\/www.gaveanews.com\/#\/schema\/person\/f42654babcd2b2014a1a65af82b081f1"},"breadcrumb":{"@id":"https:\/\/www.gaveanews.com\/index.php\/2025\/01\/04\/fabio-sormani-crava-campeao-da-copa-libertadores-da-america-2025\/#breadcrumb"},"inLanguage":"pt-BR","potentialAction":[{"@type":"ReadAction","target":["https:\/\/www.gaveanews.com\/index.php\/2025\/01\/04\/fabio-sormani-crava-campeao-da-copa-libertadores-da-america-2025\/"]}]},{"@type":"ImageObject","inLanguage":"pt-BR","@id":"https:\/\/www.gaveanews.com\/index.php\/2025\/01\/04\/fabio-sormani-crava-campeao-da-copa-libertadores-da-america-2025\/#primaryimage","url":"https:\/\/www.gaveanews.com\/wp-content\/uploads\/Elenco-do-Flamengo-em-acao.webp","contentUrl":"https:\/\/www.gaveanews.com\/wp-content\/uploads\/Elenco-do-Flamengo-em-acao.webp","width":1200,"height":829,"caption":"Elenco do Flamengo em a\u00e7\u00e3o (Foto: Divulga\u00e7\u00e3o\/Flamengo)"},{"@type":"BreadcrumbList","@id":"https:\/\/www.gaveanews.com\/index.php\/2025\/01\/04\/fabio-sormani-crava-campeao-da-copa-libertadores-da-america-2025\/#breadcrumb","itemListElement":[{"@type":"ListItem","position":1,"name":"Home","item":"https:\/\/www.gaveanews.com\/"},{"@type":"ListItem","position":2,"name":"F\u00e1bio Sormani crava campe\u00e3o da Copa Libertadores da Am\u00e9rica 2025"}]},{"@type":"WebSite","@id":"https:\/\/www.gaveanews.com\/#website","url":"https:\/\/www.gaveanews.com\/","name":"G\u00e1vea News","description":"Veja todas as not\u00edcias sobre o Flamengo: Contrata\u00e7\u00f5es, categorias de base, resultados das partidas, tabela de classifica\u00e7\u00e3o, pr\u00f3ximos jogos!","potentialAction":[{"@type":"SearchAction","target":{"@type":"EntryPoint","urlTemplate":"https:\/\/www.gaveanews.com\/?s={search_term_string}"},"query-input":{"@type":"PropertyValueSpecification","valueRequired":true,"valueName":"search_term_string"}}],"inLanguage":"pt-BR"},{"@type":"Person","@id":"https:\/\/www.gaveanews.com\/#\/schema\/person\/f42654babcd2b2014a1a65af82b081f1","name":"Geovanna Thomaz","image":{"@type":"ImageObject","inLanguage":"pt-BR","@id":"https:\/\/www.gaveanews.com\/#\/schema\/person\/image\/","url":"https:\/\/secure.gravatar.com\/avatar\/4092073255489533afb558984b49b64268c47198af8623cc82a925ae9fb7118a?s=96&d=mm&r=g","contentUrl":"https:\/\/secure.gravatar.com\/avatar\/4092073255489533afb558984b49b64268c47198af8623cc82a925ae9fb7118a?s=96&d=mm&r=g","caption":"Geovanna Thomaz"}}]}},"_links":{"self":[{"href":"https:\/\/www.gaveanews.com\/index.php\/wp-json\/wp\/v2\/posts\/207660","targetHints":{"allow":["GET"]}}],"collection":[{"href":"https:\/\/www.gaveanews.com\/index.php\/wp-json\/wp\/v2\/posts"}],"about":[{"href":"https:\/\/www.gaveanews.com\/index.php\/wp-json\/wp\/v2\/types\/post"}],"author":[{"embeddable":true,"href":"https:\/\/www.gaveanews.com\/index.php\/wp-json\/wp\/v2\/users\/17"}],"replies":[{"embeddable":true,"href":"https:\/\/www.gaveanews.com\/index.php\/wp-json\/wp\/v2\/comments?post=207660"}],"version-history":[{"count":2,"href":"https:\/\/www.gaveanews.com\/index.php\/wp-json\/wp\/v2\/posts\/207660\/revisions"}],"predecessor-version":[{"id":207665,"href":"https:\/\/www.gaveanews.com\/index.php\/wp-json\/wp\/v2\/posts\/207660\/revisions\/207665"}],"wp:featuredmedia":[{"embeddable":true,"href":"https:\/\/www.gaveanews.com\/index.php\/wp-json\/wp\/v2\/media\/169215"}],"wp:attachment":[{"href":"https:\/\/www.gaveanews.com\/index.php\/wp-json\/wp\/v2\/media?parent=207660"}],"wp:term":[{"taxonomy":"category","embeddable":true,"href":"https:\/\/www.gaveanews.com\/index.php\/wp-json\/wp\/v2\/categories?post=207660"},{"taxonomy":"post_tag","embeddable":true,"href":"https:\/\/www.gaveanews.com\/index.php\/wp-json\/wp\/v2\/tags?post=207660"}],"curies":[{"name":"wp","href":"https:\/\/api.w.org\/{rel}","templated":true}]}}