{"id":207801,"date":"2025-01-05T05:40:00","date_gmt":"2025-01-05T08:40:00","guid":{"rendered":"https:\/\/www.gaveanews.com\/?p=207801"},"modified":"2025-01-05T02:18:02","modified_gmt":"2025-01-05T05:18:02","slug":"contratacao-de-trent-alexander-arnold-previsao-de-sormani-e-declaracao-de-courtois-as-ultimas-noticias-do-real-madrid","status":"publish","type":"post","link":"https:\/\/www.gaveanews.com\/index.php\/2025\/01\/05\/contratacao-de-trent-alexander-arnold-previsao-de-sormani-e-declaracao-de-courtois-as-ultimas-noticias-do-real-madrid\/","title":{"rendered":"Contrata\u00e7\u00e3o de Trent Alexander-Arnold, previs\u00e3o de Sormani e declara\u00e7\u00e3o de Courtois: as \u00faltimas not\u00edcias do Real Madrid"},"content":{"rendered":"\n<p>Nas \u00faltimas horas, o foco das not\u00edcias sobre o Real Madrid se concentram nos bastidores do clube, com destaques do dia a dia do time.<\/p>\n\n\n\n<p>Por conta deste contexto, leia abaixo um resumo preparado pela equipe do portal G\u00e1vea News para lhe manter muito bem informado!<\/p>\n\n\n\n<h2 class=\"wp-block-heading\" id=\"h-declaracao-de-courtois\">Declara\u00e7\u00e3o de Courtois<\/h2>\n\n\n\n<p>Thibaut Courtois, goleiro do Real Madrid, voltou a criticar o calend\u00e1rio apertado do futebol europeu, destacando o impacto negativo da introdu\u00e7\u00e3o da nova fase da Champions League, que adiciona quatro partidas \u00e0 temporada. Em entrevista \u00e0 CNN Esportes, Courtois afirmou que o problema n\u00e3o \u00e9 o n\u00famero de jogos, mas sim a falta de per\u00edodos de descanso adequados para os atletas. Ele tamb\u00e9m rebateu cr\u00edticas que usam os altos sal\u00e1rios dos jogadores como justificativa para a carga excessiva, pedindo que esse argumento seja abandonado <strong><a href=\"https:\/\/www.gaveanews.com\/index.php\/2025\/01\/02\/real-madrid-a-declaracao-de-courtois-sobre-o-calendario-da-europa\/\">(leia a mat\u00e9ria completa).<\/a><\/strong><\/p>\n\n\n\n<figure class=\"wp-block-image size-full\"><img loading=\"lazy\" decoding=\"async\" width=\"1000\" height=\"563\" src=\"https:\/\/www.gaveanews.com\/wp-content\/uploads\/courtois-lunin-real-madrid.webp\" alt=\"\" class=\"wp-image-145609\" srcset=\"https:\/\/www.gaveanews.com\/wp-content\/uploads\/courtois-lunin-real-madrid.webp 1000w, https:\/\/www.gaveanews.com\/wp-content\/uploads\/courtois-lunin-real-madrid-300x169.webp 300w, https:\/\/www.gaveanews.com\/wp-content\/uploads\/courtois-lunin-real-madrid-768x432.webp 768w, https:\/\/www.gaveanews.com\/wp-content\/uploads\/courtois-lunin-real-madrid-746x420.webp 746w, https:\/\/www.gaveanews.com\/wp-content\/uploads\/courtois-lunin-real-madrid-640x360.webp 640w, https:\/\/www.gaveanews.com\/wp-content\/uploads\/courtois-lunin-real-madrid-681x383.webp 681w, https:\/\/www.gaveanews.com\/wp-content\/uploads\/courtois-lunin-real-madrid-100x56.webp 100w\" sizes=\"auto, (max-width: 1000px) 100vw, 1000px\" \/><figcaption class=\"wp-element-caption\">Thibaut Courtois e Andriy Lunin em treino do Real Madrid (Foto: imago images\/Shutterstock)<\/figcaption><\/figure>\n\n\n\n<p>Como alternativa, Courtois sugeriu um modelo similar ao da NBA, onde os atletas t\u00eam uma pausa de dois meses, permitindo melhor preparo f\u00edsico e mental, al\u00e9m de reduzir o risco de les\u00f5es. O goleiro mencionou os exemplos de Bellingham e Carvajal, que enfrentaram desgaste f\u00edsico devido \u00e0s pausas curtas antes de retornarem aos gramados, levantando quest\u00f5es sobre a sa\u00fade dos jogadores a longo prazo.<\/p>\n\n\n\n<p>Courtois tamb\u00e9m destacou a falta de considera\u00e7\u00e3o dos \u00f3rg\u00e3os reguladores como a UEFA e a FIFA em proteger os atletas, apesar das tentativas da FIFPRO (Federa\u00e7\u00e3o Internacional dos Jogadores). Ele defendeu que competi\u00e7\u00f5es como o Mundial de Clubes precisam existir, mas que devem ser reformuladas para n\u00e3o sobrecarregar os times. O goleiro do Real Madrid refor\u00e7ou que \u00e9 necess\u00e1rio um equil\u00edbrio entre gerar receitas e garantir o bem-estar dos jogadores, ressaltando a import\u00e2ncia de rever o calend\u00e1rio esportivo.<\/p>\n\n\n\n<h2 class=\"wp-block-heading\" id=\"h-previsao-de-sormani\">Previs\u00e3o de Sormani<\/h2>\n\n\n\n<p>O Mundial de Clubes de 2025 promete grandes emo\u00e7\u00f5es, e o comentarista F\u00e1bio Sormani j\u00e1 apontou suas previs\u00f5es para o torneio. Em participa\u00e7\u00e3o no programa <em>Opini\u00e3o Placar<\/em>, Sormani cravou o Real Madrid como favorito ao t\u00edtulo, prevendo que o clube espanhol vencer\u00e1 o Manchester City em uma poss\u00edvel final. Ele destacou o hist\u00f3rico vencedor do Real e seu forte elenco como raz\u00f5es para sua aposta. Al\u00e9m disso, o jornalista analisou as chances dos clubes brasileiros, gerando debates e expectativas <strong><a href=\"https:\/\/www.gaveanews.com\/index.php\/2025\/01\/02\/mundial-de-clubes-sormani-crava-quem-sera-o-campeao\/\">(leia a mat\u00e9ria completa).<\/a><\/strong><\/p>\n\n\n\n<figure class=\"wp-block-image size-full\"><img loading=\"lazy\" decoding=\"async\" width=\"650\" height=\"325\" src=\"https:\/\/www.gaveanews.com\/wp-content\/uploads\/Sormani-durante-um-programa-da-emissora-Fox-Sports.webp\" alt=\"\" class=\"wp-image-52970\" srcset=\"https:\/\/www.gaveanews.com\/wp-content\/uploads\/Sormani-durante-um-programa-da-emissora-Fox-Sports.webp 650w, https:\/\/www.gaveanews.com\/wp-content\/uploads\/Sormani-durante-um-programa-da-emissora-Fox-Sports-300x150.webp 300w, https:\/\/www.gaveanews.com\/wp-content\/uploads\/Sormani-durante-um-programa-da-emissora-Fox-Sports-640x320.webp 640w, https:\/\/www.gaveanews.com\/wp-content\/uploads\/Sormani-durante-um-programa-da-emissora-Fox-Sports-100x50.webp 100w\" sizes=\"auto, (max-width: 650px) 100vw, 650px\" \/><figcaption class=\"wp-element-caption\">Sormani durante um programa da emissora Fox Sports (Foto: Reprodu\u00e7\u00e3o)<\/figcaption><\/figure>\n\n\n\n<p>Sormani afirmou que o Flamengo \u00e9 o \u00fanico representante brasileiro com reais possibilidades de avan\u00e7ar no torneio, acreditando que o clube carioca poderia superar o Bayern de Munique nas oitavas de final, em um confronto que considera desafiador, mas acess\u00edvel. <\/p>\n\n\n\n<p>J\u00e1 em rela\u00e7\u00e3o ao Fluminense, o comentarista adotou um tom mais pessimista, destacando o risco de elimina\u00e7\u00e3o ainda na fase de grupos, diante de advers\u00e1rios como Borussia Dortmund, Ulsan e Mamelodi Sundowns. Ele argumentou que o desempenho irregular do Tricolor em 2024 refor\u00e7a a necessidade de refor\u00e7os urgentes para o time competir em alto n\u00edvel.<\/p>\n\n\n\n<p>A competi\u00e7\u00e3o, que come\u00e7a no dia 14 de junho e termina em 13 de julho, ter\u00e1 formato semelhante ao da Copa do Mundo, com oito grupos de quatro equipes. Os dois melhores de cada grupo avan\u00e7am para o mata-mata. Com a expectativa em torno do desempenho do Flamengo e do Fluminense, o Mundial promete ser uma vitrine para o futebol brasileiro e uma oportunidade para os clubes mostrarem sua for\u00e7a no cen\u00e1rio internacional.<\/p>\n\n\n\n<h2 class=\"wp-block-heading\" id=\"h-contratacao-de-trent-alexander-arnold\">Contrata\u00e7\u00e3o de Trent Alexander-Arnold<\/h2>\n\n\n\n<p>O t\u00e9cnico Carlo Ancelotti tem insistido com a diretoria do Real Madrid para priorizar a contrata\u00e7\u00e3o de Trent Alexander-Arnold, do Liverpool. O lateral-direito, considerado indispens\u00e1vel no esquema t\u00e1tico dos Reds, \u00e9 visto por Ancelotti como a pe\u00e7a ideal para refor\u00e7ar o elenco. Apesar de o jogador ter apenas seis meses restantes de contrato, o Liverpool rejeitou uma proposta inicial do Real Madrid, mostrando relut\u00e2ncia em liber\u00e1-lo antes do t\u00e9rmino do v\u00ednculo <strong><a href=\"https:\/\/www.gaveanews.com\/index.php\/2025\/01\/03\/carlo-ancelotti-exige-reforco-ao-real-madrid\/\">(leia a mat\u00e9ria completa).<\/a><\/strong><\/p>\n\n\n\n<figure class=\"wp-block-image size-full\"><img loading=\"lazy\" decoding=\"async\" width=\"984\" height=\"678\" src=\"https:\/\/www.gaveanews.com\/wp-content\/uploads\/2023-04-29t184531z-1598421574-up1ej4t1g3tth-rtrmadp-3-soccer-spain-mad-uda-report.webp\" alt=\"\" class=\"wp-image-119629\" srcset=\"https:\/\/www.gaveanews.com\/wp-content\/uploads\/2023-04-29t184531z-1598421574-up1ej4t1g3tth-rtrmadp-3-soccer-spain-mad-uda-report.webp 984w, https:\/\/www.gaveanews.com\/wp-content\/uploads\/2023-04-29t184531z-1598421574-up1ej4t1g3tth-rtrmadp-3-soccer-spain-mad-uda-report-300x207.webp 300w, https:\/\/www.gaveanews.com\/wp-content\/uploads\/2023-04-29t184531z-1598421574-up1ej4t1g3tth-rtrmadp-3-soccer-spain-mad-uda-report-768x529.webp 768w, https:\/\/www.gaveanews.com\/wp-content\/uploads\/2023-04-29t184531z-1598421574-up1ej4t1g3tth-rtrmadp-3-soccer-spain-mad-uda-report-610x420.webp 610w, https:\/\/www.gaveanews.com\/wp-content\/uploads\/2023-04-29t184531z-1598421574-up1ej4t1g3tth-rtrmadp-3-soccer-spain-mad-uda-report-640x441.webp 640w, https:\/\/www.gaveanews.com\/wp-content\/uploads\/2023-04-29t184531z-1598421574-up1ej4t1g3tth-rtrmadp-3-soccer-spain-mad-uda-report-681x469.webp 681w, https:\/\/www.gaveanews.com\/wp-content\/uploads\/2023-04-29t184531z-1598421574-up1ej4t1g3tth-rtrmadp-3-soccer-spain-mad-uda-report-100x69.webp 100w\" sizes=\"auto, (max-width: 984px) 100vw, 984px\" \/><figcaption class=\"wp-element-caption\">Carlo Ancelotti, t\u00e9cnico do Real Madrid (Foto: Reuters)<\/figcaption><\/figure>\n\n\n\n<p>Segundo informa\u00e7\u00f5es do jornalista Mario Cortegana, o projeto esportivo do Real Madrid agradou Alexander-Arnold, o que mant\u00e9m a diretoria merengue otimista. O clube estaria disposto a oferecer entre \u20ac15 milh\u00f5es e \u20ac25 milh\u00f5es para antecipar sua chegada, mesmo que o lateral seja avaliado em \u20ac75 milh\u00f5es. No entanto, o Liverpool enfrenta o dilema de aceitar uma oferta agora ou perder o jogador de gra\u00e7a no meio do ano.<\/p>\n\n\n\n<p>Os pr\u00f3ximos dias ser\u00e3o decisivos para a negocia\u00e7\u00e3o, que promete ser uma das mais comentadas desta janela de transfer\u00eancias. A chegada de Alexander-Arnold ao Santiago Bernab\u00e9u seria um grande impacto para o elenco, e Ancelotti acredita que o refor\u00e7o fortaleceria significativamente o time para as competi\u00e7\u00f5es de 2025.<\/p>\n","protected":false},"excerpt":{"rendered":"<p>Nas \u00faltimas horas, o foco das not\u00edcias sobre o Real Madrid se concentram nos bastidores do clube, com destaques do dia a dia do time. Por conta deste contexto, leia abaixo um resumo preparado pela equipe do portal G\u00e1vea News para lhe manter muito bem informado! Declara\u00e7\u00e3o de Courtois Thibaut Courtois, goleiro do Real Madrid, [&hellip;]<\/p>\n","protected":false},"author":27,"featured_media":124645,"comment_status":"open","ping_status":"closed","sticky":false,"template":"","format":"standard","meta":{"footnotes":""},"categories":[88],"tags":[],"class_list":["post-207801","post","type-post","status-publish","format-standard","has-post-thumbnail","hentry","category-real-madrid"],"yoast_head":"<!-- This site is optimized with the Yoast SEO Premium plugin v24.2 (Yoast SEO v26.9) - https:\/\/yoast.com\/product\/yoast-seo-premium-wordpress\/ -->\n<title>Contrata\u00e7\u00e3o de Trent Alexander-Arnold, previs\u00e3o de Sormani e declara\u00e7\u00e3o de Courtois: as \u00faltimas not\u00edcias do Real Madrid<\/title>\n<meta name=\"robots\" content=\"index, follow, max-snippet:-1, max-image-preview:large, max-video-preview:-1\" \/>\n<link rel=\"canonical\" href=\"https:\/\/www.gaveanews.com\/index.php\/2025\/01\/05\/contratacao-de-trent-alexander-arnold-previsao-de-sormani-e-declaracao-de-courtois-as-ultimas-noticias-do-real-madrid\/\" \/>\n<meta property=\"og:locale\" content=\"pt_BR\" \/>\n<meta property=\"og:type\" content=\"article\" \/>\n<meta property=\"og:title\" content=\"Contrata\u00e7\u00e3o de Trent Alexander-Arnold, previs\u00e3o de Sormani e declara\u00e7\u00e3o de Courtois: as \u00faltimas not\u00edcias do Real Madrid\" \/>\n<meta property=\"og:description\" content=\"Nas \u00faltimas horas, o foco das not\u00edcias sobre o Real Madrid se concentram nos bastidores do clube, com destaques do dia a dia do time. Por conta deste contexto, leia abaixo um resumo preparado pela equipe do portal G\u00e1vea News para lhe manter muito bem informado! Declara\u00e7\u00e3o de Courtois Thibaut Courtois, goleiro do Real Madrid, [&hellip;]\" \/>\n<meta property=\"og:url\" content=\"https:\/\/www.gaveanews.com\/index.php\/2025\/01\/05\/contratacao-de-trent-alexander-arnold-previsao-de-sormani-e-declaracao-de-courtois-as-ultimas-noticias-do-real-madrid\/\" \/>\n<meta property=\"og:site_name\" content=\"G\u00e1vea News\" \/>\n<meta property=\"article:publisher\" content=\"https:\/\/facebook.com\/gaveaNews\/\" \/>\n<meta property=\"article:published_time\" content=\"2025-01-05T08:40:00+00:00\" \/>\n<meta property=\"og:image\" content=\"https:\/\/www.gaveanews.com\/wp-content\/uploads\/realmadrid.webp\" \/>\n\t<meta property=\"og:image:width\" content=\"1200\" \/>\n\t<meta property=\"og:image:height\" content=\"900\" \/>\n\t<meta property=\"og:image:type\" content=\"image\/jpeg\" \/>\n<meta name=\"author\" content=\"Matheus Felipe\" \/>\n<meta name=\"twitter:card\" content=\"summary_large_image\" \/>\n<meta name=\"twitter:label1\" content=\"Escrito por\" \/>\n\t<meta name=\"twitter:data1\" content=\"Matheus Felipe\" \/>\n\t<meta name=\"twitter:label2\" content=\"Est. tempo de leitura\" \/>\n\t<meta name=\"twitter:data2\" content=\"5 minutos\" \/>\n<script type=\"application\/ld+json\" class=\"yoast-schema-graph\">{\"@context\":\"https:\/\/schema.org\",\"@graph\":[{\"@type\":\"NewsArticle\",\"@id\":\"https:\/\/www.gaveanews.com\/index.php\/2025\/01\/05\/contratacao-de-trent-alexander-arnold-previsao-de-sormani-e-declaracao-de-courtois-as-ultimas-noticias-do-real-madrid\/#article\",\"isPartOf\":{\"@id\":\"https:\/\/www.gaveanews.com\/index.php\/2025\/01\/05\/contratacao-de-trent-alexander-arnold-previsao-de-sormani-e-declaracao-de-courtois-as-ultimas-noticias-do-real-madrid\/\"},\"author\":{\"name\":\"Matheus Felipe\",\"@id\":\"https:\/\/www.gaveanews.com\/#\/schema\/person\/8207cd4627f56151707418bfc835b2fb\"},\"headline\":\"Contrata\u00e7\u00e3o de Trent Alexander-Arnold, previs\u00e3o de Sormani e declara\u00e7\u00e3o de Courtois: as \u00faltimas not\u00edcias do Real Madrid\",\"datePublished\":\"2025-01-05T08:40:00+00:00\",\"mainEntityOfPage\":{\"@id\":\"https:\/\/www.gaveanews.com\/index.php\/2025\/01\/05\/contratacao-de-trent-alexander-arnold-previsao-de-sormani-e-declaracao-de-courtois-as-ultimas-noticias-do-real-madrid\/\"},\"wordCount\":849,\"commentCount\":0,\"image\":{\"@id\":\"https:\/\/www.gaveanews.com\/index.php\/2025\/01\/05\/contratacao-de-trent-alexander-arnold-previsao-de-sormani-e-declaracao-de-courtois-as-ultimas-noticias-do-real-madrid\/#primaryimage\"},\"thumbnailUrl\":\"https:\/\/www.gaveanews.com\/wp-content\/uploads\/realmadrid.webp\",\"articleSection\":[\"Real Madrid\"],\"inLanguage\":\"pt-BR\",\"potentialAction\":[{\"@type\":\"CommentAction\",\"name\":\"Comment\",\"target\":[\"https:\/\/www.gaveanews.com\/index.php\/2025\/01\/05\/contratacao-de-trent-alexander-arnold-previsao-de-sormani-e-declaracao-de-courtois-as-ultimas-noticias-do-real-madrid\/#respond\"]}],\"copyrightYear\":\"2025\",\"copyrightHolder\":{\"@id\":\"https:\/\/www.gaveanews.com\/#organization\"}},{\"@type\":\"WebPage\",\"@id\":\"https:\/\/www.gaveanews.com\/index.php\/2025\/01\/05\/contratacao-de-trent-alexander-arnold-previsao-de-sormani-e-declaracao-de-courtois-as-ultimas-noticias-do-real-madrid\/\",\"url\":\"https:\/\/www.gaveanews.com\/index.php\/2025\/01\/05\/contratacao-de-trent-alexander-arnold-previsao-de-sormani-e-declaracao-de-courtois-as-ultimas-noticias-do-real-madrid\/\",\"name\":\"Contrata\u00e7\u00e3o de Trent Alexander-Arnold, previs\u00e3o de Sormani e declara\u00e7\u00e3o de Courtois: as \u00faltimas not\u00edcias do Real Madrid\",\"isPartOf\":{\"@id\":\"https:\/\/www.gaveanews.com\/#website\"},\"primaryImageOfPage\":{\"@id\":\"https:\/\/www.gaveanews.com\/index.php\/2025\/01\/05\/contratacao-de-trent-alexander-arnold-previsao-de-sormani-e-declaracao-de-courtois-as-ultimas-noticias-do-real-madrid\/#primaryimage\"},\"image\":{\"@id\":\"https:\/\/www.gaveanews.com\/index.php\/2025\/01\/05\/contratacao-de-trent-alexander-arnold-previsao-de-sormani-e-declaracao-de-courtois-as-ultimas-noticias-do-real-madrid\/#primaryimage\"},\"thumbnailUrl\":\"https:\/\/www.gaveanews.com\/wp-content\/uploads\/realmadrid.webp\",\"datePublished\":\"2025-01-05T08:40:00+00:00\",\"author\":{\"@id\":\"https:\/\/www.gaveanews.com\/#\/schema\/person\/8207cd4627f56151707418bfc835b2fb\"},\"breadcrumb\":{\"@id\":\"https:\/\/www.gaveanews.com\/index.php\/2025\/01\/05\/contratacao-de-trent-alexander-arnold-previsao-de-sormani-e-declaracao-de-courtois-as-ultimas-noticias-do-real-madrid\/#breadcrumb\"},\"inLanguage\":\"pt-BR\",\"potentialAction\":[{\"@type\":\"ReadAction\",\"target\":[\"https:\/\/www.gaveanews.com\/index.php\/2025\/01\/05\/contratacao-de-trent-alexander-arnold-previsao-de-sormani-e-declaracao-de-courtois-as-ultimas-noticias-do-real-madrid\/\"]}]},{\"@type\":\"ImageObject\",\"inLanguage\":\"pt-BR\",\"@id\":\"https:\/\/www.gaveanews.com\/index.php\/2025\/01\/05\/contratacao-de-trent-alexander-arnold-previsao-de-sormani-e-declaracao-de-courtois-as-ultimas-noticias-do-real-madrid\/#primaryimage\",\"url\":\"https:\/\/www.gaveanews.com\/wp-content\/uploads\/realmadrid.webp\",\"contentUrl\":\"https:\/\/www.gaveanews.com\/wp-content\/uploads\/realmadrid.webp\",\"width\":1200,\"height\":900,\"caption\":\"Escudo do Real Madrid (Foto: Reprodu\u00e7\u00e3o)\"},{\"@type\":\"BreadcrumbList\",\"@id\":\"https:\/\/www.gaveanews.com\/index.php\/2025\/01\/05\/contratacao-de-trent-alexander-arnold-previsao-de-sormani-e-declaracao-de-courtois-as-ultimas-noticias-do-real-madrid\/#breadcrumb\",\"itemListElement\":[{\"@type\":\"ListItem\",\"position\":1,\"name\":\"Home\",\"item\":\"https:\/\/www.gaveanews.com\/\"},{\"@type\":\"ListItem\",\"position\":2,\"name\":\"Contrata\u00e7\u00e3o de Trent Alexander-Arnold, previs\u00e3o de Sormani e declara\u00e7\u00e3o de Courtois: as \u00faltimas not\u00edcias do Real Madrid\"}]},{\"@type\":\"WebSite\",\"@id\":\"https:\/\/www.gaveanews.com\/#website\",\"url\":\"https:\/\/www.gaveanews.com\/\",\"name\":\"G\u00e1vea News\",\"description\":\"Veja todas as not\u00edcias sobre o Flamengo: Contrata\u00e7\u00f5es, categorias de base, resultados das partidas, tabela de classifica\u00e7\u00e3o, pr\u00f3ximos jogos!\",\"potentialAction\":[{\"@type\":\"SearchAction\",\"target\":{\"@type\":\"EntryPoint\",\"urlTemplate\":\"https:\/\/www.gaveanews.com\/?s={search_term_string}\"},\"query-input\":{\"@type\":\"PropertyValueSpecification\",\"valueRequired\":true,\"valueName\":\"search_term_string\"}}],\"inLanguage\":\"pt-BR\"},{\"@type\":\"Person\",\"@id\":\"https:\/\/www.gaveanews.com\/#\/schema\/person\/8207cd4627f56151707418bfc835b2fb\",\"name\":\"Matheus Felipe\",\"image\":{\"@type\":\"ImageObject\",\"inLanguage\":\"pt-BR\",\"@id\":\"https:\/\/www.gaveanews.com\/#\/schema\/person\/image\/\",\"url\":\"https:\/\/secure.gravatar.com\/avatar\/a452ffbed9130f726358b298bb3a99ce4bd3c5338411f8440e87e14d74c7c087?s=96&d=mm&r=g\",\"contentUrl\":\"https:\/\/secure.gravatar.com\/avatar\/a452ffbed9130f726358b298bb3a99ce4bd3c5338411f8440e87e14d74c7c087?s=96&d=mm&r=g\",\"caption\":\"Matheus Felipe\"}}]}<\/script>\n<!-- \/ Yoast SEO Premium plugin. -->","yoast_head_json":{"title":"Contrata\u00e7\u00e3o de Trent Alexander-Arnold, previs\u00e3o de Sormani e declara\u00e7\u00e3o de Courtois: as \u00faltimas not\u00edcias do Real Madrid","robots":{"index":"index","follow":"follow","max-snippet":"max-snippet:-1","max-image-preview":"max-image-preview:large","max-video-preview":"max-video-preview:-1"},"canonical":"https:\/\/www.gaveanews.com\/index.php\/2025\/01\/05\/contratacao-de-trent-alexander-arnold-previsao-de-sormani-e-declaracao-de-courtois-as-ultimas-noticias-do-real-madrid\/","og_locale":"pt_BR","og_type":"article","og_title":"Contrata\u00e7\u00e3o de Trent Alexander-Arnold, previs\u00e3o de Sormani e declara\u00e7\u00e3o de Courtois: as \u00faltimas not\u00edcias do Real Madrid","og_description":"Nas \u00faltimas horas, o foco das not\u00edcias sobre o Real Madrid se concentram nos bastidores do clube, com destaques do dia a dia do time. Por conta deste contexto, leia abaixo um resumo preparado pela equipe do portal G\u00e1vea News para lhe manter muito bem informado! Declara\u00e7\u00e3o de Courtois Thibaut Courtois, goleiro do Real Madrid, [&hellip;]","og_url":"https:\/\/www.gaveanews.com\/index.php\/2025\/01\/05\/contratacao-de-trent-alexander-arnold-previsao-de-sormani-e-declaracao-de-courtois-as-ultimas-noticias-do-real-madrid\/","og_site_name":"G\u00e1vea News","article_publisher":"https:\/\/facebook.com\/gaveaNews\/","article_published_time":"2025-01-05T08:40:00+00:00","og_image":[{"width":1200,"height":900,"url":"https:\/\/www.gaveanews.com\/wp-content\/uploads\/realmadrid.webp","type":"image\/jpeg"}],"author":"Matheus Felipe","twitter_card":"summary_large_image","twitter_misc":{"Escrito por":"Matheus Felipe","Est. tempo de leitura":"5 minutos"},"schema":{"@context":"https:\/\/schema.org","@graph":[{"@type":"NewsArticle","@id":"https:\/\/www.gaveanews.com\/index.php\/2025\/01\/05\/contratacao-de-trent-alexander-arnold-previsao-de-sormani-e-declaracao-de-courtois-as-ultimas-noticias-do-real-madrid\/#article","isPartOf":{"@id":"https:\/\/www.gaveanews.com\/index.php\/2025\/01\/05\/contratacao-de-trent-alexander-arnold-previsao-de-sormani-e-declaracao-de-courtois-as-ultimas-noticias-do-real-madrid\/"},"author":{"name":"Matheus Felipe","@id":"https:\/\/www.gaveanews.com\/#\/schema\/person\/8207cd4627f56151707418bfc835b2fb"},"headline":"Contrata\u00e7\u00e3o de Trent Alexander-Arnold, previs\u00e3o de Sormani e declara\u00e7\u00e3o de Courtois: as \u00faltimas not\u00edcias do Real Madrid","datePublished":"2025-01-05T08:40:00+00:00","mainEntityOfPage":{"@id":"https:\/\/www.gaveanews.com\/index.php\/2025\/01\/05\/contratacao-de-trent-alexander-arnold-previsao-de-sormani-e-declaracao-de-courtois-as-ultimas-noticias-do-real-madrid\/"},"wordCount":849,"commentCount":0,"image":{"@id":"https:\/\/www.gaveanews.com\/index.php\/2025\/01\/05\/contratacao-de-trent-alexander-arnold-previsao-de-sormani-e-declaracao-de-courtois-as-ultimas-noticias-do-real-madrid\/#primaryimage"},"thumbnailUrl":"https:\/\/www.gaveanews.com\/wp-content\/uploads\/realmadrid.webp","articleSection":["Real Madrid"],"inLanguage":"pt-BR","potentialAction":[{"@type":"CommentAction","name":"Comment","target":["https:\/\/www.gaveanews.com\/index.php\/2025\/01\/05\/contratacao-de-trent-alexander-arnold-previsao-de-sormani-e-declaracao-de-courtois-as-ultimas-noticias-do-real-madrid\/#respond"]}],"copyrightYear":"2025","copyrightHolder":{"@id":"https:\/\/www.gaveanews.com\/#organization"}},{"@type":"WebPage","@id":"https:\/\/www.gaveanews.com\/index.php\/2025\/01\/05\/contratacao-de-trent-alexander-arnold-previsao-de-sormani-e-declaracao-de-courtois-as-ultimas-noticias-do-real-madrid\/","url":"https:\/\/www.gaveanews.com\/index.php\/2025\/01\/05\/contratacao-de-trent-alexander-arnold-previsao-de-sormani-e-declaracao-de-courtois-as-ultimas-noticias-do-real-madrid\/","name":"Contrata\u00e7\u00e3o de Trent Alexander-Arnold, previs\u00e3o de Sormani e declara\u00e7\u00e3o de Courtois: as \u00faltimas not\u00edcias do Real Madrid","isPartOf":{"@id":"https:\/\/www.gaveanews.com\/#website"},"primaryImageOfPage":{"@id":"https:\/\/www.gaveanews.com\/index.php\/2025\/01\/05\/contratacao-de-trent-alexander-arnold-previsao-de-sormani-e-declaracao-de-courtois-as-ultimas-noticias-do-real-madrid\/#primaryimage"},"image":{"@id":"https:\/\/www.gaveanews.com\/index.php\/2025\/01\/05\/contratacao-de-trent-alexander-arnold-previsao-de-sormani-e-declaracao-de-courtois-as-ultimas-noticias-do-real-madrid\/#primaryimage"},"thumbnailUrl":"https:\/\/www.gaveanews.com\/wp-content\/uploads\/realmadrid.webp","datePublished":"2025-01-05T08:40:00+00:00","author":{"@id":"https:\/\/www.gaveanews.com\/#\/schema\/person\/8207cd4627f56151707418bfc835b2fb"},"breadcrumb":{"@id":"https:\/\/www.gaveanews.com\/index.php\/2025\/01\/05\/contratacao-de-trent-alexander-arnold-previsao-de-sormani-e-declaracao-de-courtois-as-ultimas-noticias-do-real-madrid\/#breadcrumb"},"inLanguage":"pt-BR","potentialAction":[{"@type":"ReadAction","target":["https:\/\/www.gaveanews.com\/index.php\/2025\/01\/05\/contratacao-de-trent-alexander-arnold-previsao-de-sormani-e-declaracao-de-courtois-as-ultimas-noticias-do-real-madrid\/"]}]},{"@type":"ImageObject","inLanguage":"pt-BR","@id":"https:\/\/www.gaveanews.com\/index.php\/2025\/01\/05\/contratacao-de-trent-alexander-arnold-previsao-de-sormani-e-declaracao-de-courtois-as-ultimas-noticias-do-real-madrid\/#primaryimage","url":"https:\/\/www.gaveanews.com\/wp-content\/uploads\/realmadrid.webp","contentUrl":"https:\/\/www.gaveanews.com\/wp-content\/uploads\/realmadrid.webp","width":1200,"height":900,"caption":"Escudo do Real Madrid (Foto: Reprodu\u00e7\u00e3o)"},{"@type":"BreadcrumbList","@id":"https:\/\/www.gaveanews.com\/index.php\/2025\/01\/05\/contratacao-de-trent-alexander-arnold-previsao-de-sormani-e-declaracao-de-courtois-as-ultimas-noticias-do-real-madrid\/#breadcrumb","itemListElement":[{"@type":"ListItem","position":1,"name":"Home","item":"https:\/\/www.gaveanews.com\/"},{"@type":"ListItem","position":2,"name":"Contrata\u00e7\u00e3o de Trent Alexander-Arnold, previs\u00e3o de Sormani e declara\u00e7\u00e3o de Courtois: as \u00faltimas not\u00edcias do Real Madrid"}]},{"@type":"WebSite","@id":"https:\/\/www.gaveanews.com\/#website","url":"https:\/\/www.gaveanews.com\/","name":"G\u00e1vea News","description":"Veja todas as not\u00edcias sobre o Flamengo: Contrata\u00e7\u00f5es, categorias de base, resultados das partidas, tabela de classifica\u00e7\u00e3o, pr\u00f3ximos jogos!","potentialAction":[{"@type":"SearchAction","target":{"@type":"EntryPoint","urlTemplate":"https:\/\/www.gaveanews.com\/?s={search_term_string}"},"query-input":{"@type":"PropertyValueSpecification","valueRequired":true,"valueName":"search_term_string"}}],"inLanguage":"pt-BR"},{"@type":"Person","@id":"https:\/\/www.gaveanews.com\/#\/schema\/person\/8207cd4627f56151707418bfc835b2fb","name":"Matheus Felipe","image":{"@type":"ImageObject","inLanguage":"pt-BR","@id":"https:\/\/www.gaveanews.com\/#\/schema\/person\/image\/","url":"https:\/\/secure.gravatar.com\/avatar\/a452ffbed9130f726358b298bb3a99ce4bd3c5338411f8440e87e14d74c7c087?s=96&d=mm&r=g","contentUrl":"https:\/\/secure.gravatar.com\/avatar\/a452ffbed9130f726358b298bb3a99ce4bd3c5338411f8440e87e14d74c7c087?s=96&d=mm&r=g","caption":"Matheus Felipe"}}]}},"_links":{"self":[{"href":"https:\/\/www.gaveanews.com\/index.php\/wp-json\/wp\/v2\/posts\/207801","targetHints":{"allow":["GET"]}}],"collection":[{"href":"https:\/\/www.gaveanews.com\/index.php\/wp-json\/wp\/v2\/posts"}],"about":[{"href":"https:\/\/www.gaveanews.com\/index.php\/wp-json\/wp\/v2\/types\/post"}],"author":[{"embeddable":true,"href":"https:\/\/www.gaveanews.com\/index.php\/wp-json\/wp\/v2\/users\/27"}],"replies":[{"embeddable":true,"href":"https:\/\/www.gaveanews.com\/index.php\/wp-json\/wp\/v2\/comments?post=207801"}],"version-history":[{"count":1,"href":"https:\/\/www.gaveanews.com\/index.php\/wp-json\/wp\/v2\/posts\/207801\/revisions"}],"predecessor-version":[{"id":207817,"href":"https:\/\/www.gaveanews.com\/index.php\/wp-json\/wp\/v2\/posts\/207801\/revisions\/207817"}],"wp:featuredmedia":[{"embeddable":true,"href":"https:\/\/www.gaveanews.com\/index.php\/wp-json\/wp\/v2\/media\/124645"}],"wp:attachment":[{"href":"https:\/\/www.gaveanews.com\/index.php\/wp-json\/wp\/v2\/media?parent=207801"}],"wp:term":[{"taxonomy":"category","embeddable":true,"href":"https:\/\/www.gaveanews.com\/index.php\/wp-json\/wp\/v2\/categories?post=207801"},{"taxonomy":"post_tag","embeddable":true,"href":"https:\/\/www.gaveanews.com\/index.php\/wp-json\/wp\/v2\/tags?post=207801"}],"curies":[{"name":"wp","href":"https:\/\/api.w.org\/{rel}","templated":true}]}}