{"id":207848,"date":"2025-01-05T05:55:00","date_gmt":"2025-01-05T08:55:00","guid":{"rendered":"https:\/\/www.gaveanews.com\/?p=207848"},"modified":"2025-01-05T03:38:51","modified_gmt":"2025-01-05T06:38:51","slug":"nota-oficial-sobre-soteldo-decisao-de-stf-e-contratacao-para-2025-as-ultimas-noticias-do-gremio","status":"publish","type":"post","link":"https:\/\/www.gaveanews.com\/index.php\/2025\/01\/05\/nota-oficial-sobre-soteldo-decisao-de-stf-e-contratacao-para-2025-as-ultimas-noticias-do-gremio\/","title":{"rendered":"Nota oficial sobre Soteldo, decis\u00e3o de STF e contrata\u00e7\u00e3o para 2025: as \u00faltimas not\u00edcias do Gr\u00eamio"},"content":{"rendered":"\n<p>Nas \u00faltimas horas, o foco das not\u00edcias sobre o Gr\u00eamio se concentram nos bastidores do clube, com destaques do dia a dia do time.<\/p>\n\n\n\n<p>Por conta deste contexto, leia abaixo um resumo preparado pela equipe do portal G\u00e1vea News para lhe manter muito bem informado!<\/p>\n\n\n\n<h2 class=\"wp-block-heading\" id=\"h-contratacao-para-2025\">Contrata\u00e7\u00e3o para 2025<\/h2>\n\n\n\n<p>O Gr\u00eamio iniciou a pr\u00e9-temporada de 2025 com foco na reestrutura\u00e7\u00e3o de seu setor de goleiros, buscando equil\u00edbrio entre desempenho esportivo e sustentabilidade financeira. Sob o comando do t\u00e9cnico Gustavo Quinteros, o clube avalia o futuro de seus arqueiros, incluindo Gabriel Grando, Ca\u00edque e Adriel. Grando, que retornou de empr\u00e9stimo do Cruzeiro, deseja ser titular e j\u00e1 despertou o interesse de outros clubes. A diretoria v\u00ea sua poss\u00edvel venda como uma estrat\u00e9gia para otimizar as finan\u00e7as e refor\u00e7ar o elenco de maneira sustent\u00e1vel <strong><a href=\"https:\/\/www.gaveanews.com\/index.php\/2025\/01\/03\/gremio-define-contratacao-para-2025\/\">(leia a mat\u00e9ria completa).<\/a><\/strong><\/p>\n\n\n\n<figure class=\"wp-block-image size-full\"><img loading=\"lazy\" decoding=\"async\" width=\"774\" height=\"516\" src=\"https:\/\/www.gaveanews.com\/wp-content\/uploads\/Gabriel-Grando-apresentado-pelo-Cruzeiro.webp\" alt=\"\" class=\"wp-image-166449\" srcset=\"https:\/\/www.gaveanews.com\/wp-content\/uploads\/Gabriel-Grando-apresentado-pelo-Cruzeiro.webp 774w, https:\/\/www.gaveanews.com\/wp-content\/uploads\/Gabriel-Grando-apresentado-pelo-Cruzeiro-300x200.webp 300w, https:\/\/www.gaveanews.com\/wp-content\/uploads\/Gabriel-Grando-apresentado-pelo-Cruzeiro-768x512.webp 768w, https:\/\/www.gaveanews.com\/wp-content\/uploads\/Gabriel-Grando-apresentado-pelo-Cruzeiro-630x420.webp 630w, https:\/\/www.gaveanews.com\/wp-content\/uploads\/Gabriel-Grando-apresentado-pelo-Cruzeiro-640x427.webp 640w, https:\/\/www.gaveanews.com\/wp-content\/uploads\/Gabriel-Grando-apresentado-pelo-Cruzeiro-681x454.webp 681w, https:\/\/www.gaveanews.com\/wp-content\/uploads\/Gabriel-Grando-apresentado-pelo-Cruzeiro-100x67.webp 100w\" sizes=\"auto, (max-width: 774px) 100vw, 774px\" \/><figcaption class=\"wp-element-caption\">Gabriel Grando apresentado pelo Cruzeiro (Foto: Gustavo Aleixo\/Cruzeiro)<\/figcaption><\/figure>\n\n\n\n<p>Ca\u00edque, por sua vez, recebeu uma proposta de empr\u00e9stimo de um clube da S\u00e9rie B, mas o Gr\u00eamio pondera sua import\u00e2ncia como substituto imediato de Agust\u00edn Marches\u00edn. <\/p>\n\n\n\n<p>J\u00e1 Adriel, que perdeu espa\u00e7o em 2023 devido a quest\u00f5es disciplinares, retorna de empr\u00e9stimo ao Bahia e ter\u00e1 a oportunidade de reconquistar a confian\u00e7a da comiss\u00e3o t\u00e9cnica durante a pr\u00e9-temporada. O jogador busca mostrar seu potencial e garantir um papel relevante no elenco tricolor.<\/p>\n\n\n\n<p>Essas movimenta\u00e7\u00f5es s\u00e3o cruciais para os objetivos do Gr\u00eamio em 2025, que busca uma temporada s\u00f3lida tanto esportivamente quanto financeiramente. A defini\u00e7\u00e3o do quadro de goleiros ser\u00e1 um passo importante para consolidar a estrutura da equipe, e as decis\u00f5es ser\u00e3o tomadas com base nos interesses do clube e no desenvolvimento dos jogadores.<\/p>\n\n\n\n<h2 class=\"wp-block-heading\" id=\"h-decisao-de-stf\">Decis\u00e3o de STF<\/h2>\n\n\n\n<p>Uma liminar do Ministro Andr\u00e9 Mendon\u00e7a, do STF, suspendeu o licenciamento de plataformas de apostas que operavam com base na regulamenta\u00e7\u00e3o da Loterj, impactando patrocinadores como PixBet, do Flamengo, e Esportes da Sorte, do Corinthians. A decis\u00e3o exige que a Loterj e o governo do Estado do Rio de Janeiro cumpram a determina\u00e7\u00e3o em at\u00e9 cinco dias, afetando clubes que dependem de parcerias com essas empresas. O movimento visa regularizar o mercado de apostas, exigindo que as empresas sigam as normas estabelecidas pelo Minist\u00e9rio da Fazenda, que cobrou R$ 30 milh\u00f5es por licen\u00e7a para operar nacionalmente nos pr\u00f3ximos cinco anos <strong><a href=\"https:\/\/www.gaveanews.com\/index.php\/2025\/01\/03\/stf-decide-e-patrocinadores-de-flamengo-e-corinthians-perdem-licenca\/\">(leia a mat\u00e9ria completa).<\/a><\/strong><\/p>\n\n\n\n<figure class=\"wp-block-image size-full\"><img loading=\"lazy\" decoding=\"async\" width=\"848\" height=\"477\" src=\"https:\/\/www.gaveanews.com\/wp-content\/uploads\/Faixada-do-STF.webp\" alt=\"\" class=\"wp-image-114996\" srcset=\"https:\/\/www.gaveanews.com\/wp-content\/uploads\/Faixada-do-STF.webp 848w, https:\/\/www.gaveanews.com\/wp-content\/uploads\/Faixada-do-STF-300x169.webp 300w, https:\/\/www.gaveanews.com\/wp-content\/uploads\/Faixada-do-STF-768x432.webp 768w, https:\/\/www.gaveanews.com\/wp-content\/uploads\/Faixada-do-STF-747x420.webp 747w, https:\/\/www.gaveanews.com\/wp-content\/uploads\/Faixada-do-STF-640x360.webp 640w, https:\/\/www.gaveanews.com\/wp-content\/uploads\/Faixada-do-STF-681x383.webp 681w, https:\/\/www.gaveanews.com\/wp-content\/uploads\/Faixada-do-STF-100x56.webp 100w\" sizes=\"auto, (max-width: 848px) 100vw, 848px\" \/><figcaption class=\"wp-element-caption\">Faixada do STF (Foto: Reprodu\u00e7\u00e3o\/Poder360)<\/figcaption><\/figure>\n\n\n\n<p>A decis\u00e3o do STF tamb\u00e9m levanta questionamentos sobre o futuro das marcas no cen\u00e1rio esportivo. Segundo especialistas, a CBF deve proibir a exibi\u00e7\u00e3o dessas marcas em competi\u00e7\u00f5es nacionais, caso os clubes n\u00e3o regularizem suas parcerias. Essa medida poder\u00e1 levar a renegocia\u00e7\u00f5es contratuais ou at\u00e9 rescis\u00f5es, gerando incertezas financeiras para os clubes patrocinados.<\/p>\n\n\n\n<p>Esportes da Sorte, em nota oficial, afirmou cumprir todas as exig\u00eancias legais e aguarda a manifesta\u00e7\u00e3o oficial das autoridades. A empresa ressaltou seu compromisso com a regulamenta\u00e7\u00e3o e com pr\u00e1ticas de jogo respons\u00e1vel, enquanto busca resolver pend\u00eancias para obter sua licen\u00e7a definitiva. O caso exemplifica o impacto das novas regras no setor esportivo e financeiro, for\u00e7ando clubes e empresas a se adaptarem rapidamente \u00e0s mudan\u00e7as no mercado regulado.<\/p>\n\n\n\n<h2 class=\"wp-block-heading\" id=\"h-nota-oficial-sobre-soteldo\">Nota oficial sobre Soteldo<\/h2>\n\n\n\n<p>Yeferson Soteldo retornar\u00e1 ao Santos em 2025 ap\u00f3s o t\u00e9rmino de seu empr\u00e9stimo ao Gr\u00eamio, onde teve uma boa passagem, com 40 jogos, sete gols e quatro assist\u00eancias. O Gr\u00eamio tentou mant\u00ea-lo em definitivo, oferecendo US$ 2,5 milh\u00f5es pelos direitos do jogador, mas a proposta foi recusada, j\u00e1 que o contrato previa o pagamento de US$ 5 milh\u00f5es por 50% dos direitos. Al\u00e9m disso, uma sondagem do Cruzeiro pelo atleta tamb\u00e9m foi rejeitada. Agora, o atacante venezuelano faz parte do planejamento santista para a nova temporada<strong><a href=\"https:\/\/www.gaveanews.com\/index.php\/2025\/01\/03\/santos-gremio-emite-nota-oficial-sobre-soteldo\/\"> (leia a mat\u00e9ria completa).<\/a><\/strong><\/p>\n\n\n\n<figure class=\"wp-block-image size-large\"><img loading=\"lazy\" decoding=\"async\" width=\"1024\" height=\"682\" src=\"https:\/\/www.gaveanews.com\/wp-content\/uploads\/Yeferson-Soteldo-com-a-camisa-do-Gremio-pela-Libertadores-2024-1024x682.webp\" alt=\"\" class=\"wp-image-155183\" srcset=\"https:\/\/www.gaveanews.com\/wp-content\/uploads\/Yeferson-Soteldo-com-a-camisa-do-Gremio-pela-Libertadores-2024-1024x682.webp 1024w, https:\/\/www.gaveanews.com\/wp-content\/uploads\/Yeferson-Soteldo-com-a-camisa-do-Gremio-pela-Libertadores-2024-300x200.webp 300w, https:\/\/www.gaveanews.com\/wp-content\/uploads\/Yeferson-Soteldo-com-a-camisa-do-Gremio-pela-Libertadores-2024-768x511.webp 768w, https:\/\/www.gaveanews.com\/wp-content\/uploads\/Yeferson-Soteldo-com-a-camisa-do-Gremio-pela-Libertadores-2024-631x420.webp 631w, https:\/\/www.gaveanews.com\/wp-content\/uploads\/Yeferson-Soteldo-com-a-camisa-do-Gremio-pela-Libertadores-2024-1261x840.webp 1261w, https:\/\/www.gaveanews.com\/wp-content\/uploads\/Yeferson-Soteldo-com-a-camisa-do-Gremio-pela-Libertadores-2024-640x426.webp 640w, https:\/\/www.gaveanews.com\/wp-content\/uploads\/Yeferson-Soteldo-com-a-camisa-do-Gremio-pela-Libertadores-2024-1280x852.webp 1280w, https:\/\/www.gaveanews.com\/wp-content\/uploads\/Yeferson-Soteldo-com-a-camisa-do-Gremio-pela-Libertadores-2024-681x454.webp 681w, https:\/\/www.gaveanews.com\/wp-content\/uploads\/Yeferson-Soteldo-com-a-camisa-do-Gremio-pela-Libertadores-2024-1362x907.webp 1362w, https:\/\/www.gaveanews.com\/wp-content\/uploads\/Yeferson-Soteldo-com-a-camisa-do-Gremio-pela-Libertadores-2024-100x67.webp 100w, https:\/\/www.gaveanews.com\/wp-content\/uploads\/Yeferson-Soteldo-com-a-camisa-do-Gremio-pela-Libertadores-2024.webp 1440w\" sizes=\"auto, (max-width: 1024px) 100vw, 1024px\" \/><figcaption class=\"wp-element-caption\">Yeferson Soteldo com a camisa do Gr\u00eamio pela Libertadores 2024 (Foto: Reprodu\u00e7\u00e3o\/Gr\u00eamio)<\/figcaption><\/figure>\n\n\n\n<p>No entanto, o retorno de Soteldo gerou divis\u00f5es na diretoria do Santos. Enquanto alguns consideram seu talento uma pe\u00e7a valiosa para o elenco, outros ainda o veem como respons\u00e1vel por problemas extracampo e pela m\u00e1 fase que resultou no rebaixamento do clube em 2023. A Torcida Jovem, maior organizada do Santos, chegou a publicar uma nota pedindo sua sa\u00edda, mas a diretoria decidiu reintegr\u00e1-lo, com medidas mais r\u00edgidas para garantir disciplina e foco no desempenho.<\/p>\n\n\n\n<p>No Gr\u00eamio, Soteldo foi pe\u00e7a importante sob o comando de Renato Portaluppi, mas a sa\u00edda do t\u00e9cnico e a falta de acordo financeiro com o Santos impediram sua perman\u00eancia em Porto Alegre. Agora, de volta \u00e0 Vila Belmiro, o jogador tem a oportunidade de recuperar sua imagem e contribuir com o Santos em busca de uma temporada mais s\u00f3lida e organizada em 2025. A diretoria confia em seu potencial t\u00e9cnico para fortalecer o elenco, enquanto trabalha para superar as cr\u00edticas e quest\u00f5es internas.<\/p>\n","protected":false},"excerpt":{"rendered":"<p>Nas \u00faltimas horas, o foco das not\u00edcias sobre o Gr\u00eamio se concentram nos bastidores do clube, com destaques do dia a dia do time. Por conta deste contexto, leia abaixo um resumo preparado pela equipe do portal G\u00e1vea News para lhe manter muito bem informado! Contrata\u00e7\u00e3o para 2025 O Gr\u00eamio iniciou a pr\u00e9-temporada de 2025 [&hellip;]<\/p>\n","protected":false},"author":27,"featured_media":165925,"comment_status":"open","ping_status":"closed","sticky":false,"template":"","format":"standard","meta":{"footnotes":""},"categories":[147],"tags":[],"class_list":["post-207848","post","type-post","status-publish","format-standard","has-post-thumbnail","hentry","category-gremio"],"yoast_head":"<!-- This site is optimized with the Yoast SEO Premium plugin v24.2 (Yoast SEO v26.9) - https:\/\/yoast.com\/product\/yoast-seo-premium-wordpress\/ -->\n<title>Nota oficial sobre Soteldo, decis\u00e3o de STF e contrata\u00e7\u00e3o para 2025: as \u00faltimas not\u00edcias do Gr\u00eamio<\/title>\n<meta name=\"robots\" content=\"index, follow, max-snippet:-1, max-image-preview:large, max-video-preview:-1\" \/>\n<link rel=\"canonical\" href=\"https:\/\/www.gaveanews.com\/index.php\/2025\/01\/05\/nota-oficial-sobre-soteldo-decisao-de-stf-e-contratacao-para-2025-as-ultimas-noticias-do-gremio\/\" \/>\n<meta property=\"og:locale\" content=\"pt_BR\" \/>\n<meta property=\"og:type\" content=\"article\" \/>\n<meta property=\"og:title\" content=\"Nota oficial sobre Soteldo, decis\u00e3o de STF e contrata\u00e7\u00e3o para 2025: as \u00faltimas not\u00edcias do Gr\u00eamio\" \/>\n<meta property=\"og:description\" content=\"Nas \u00faltimas horas, o foco das not\u00edcias sobre o Gr\u00eamio se concentram nos bastidores do clube, com destaques do dia a dia do time. Por conta deste contexto, leia abaixo um resumo preparado pela equipe do portal G\u00e1vea News para lhe manter muito bem informado! Contrata\u00e7\u00e3o para 2025 O Gr\u00eamio iniciou a pr\u00e9-temporada de 2025 [&hellip;]\" \/>\n<meta property=\"og:url\" content=\"https:\/\/www.gaveanews.com\/index.php\/2025\/01\/05\/nota-oficial-sobre-soteldo-decisao-de-stf-e-contratacao-para-2025-as-ultimas-noticias-do-gremio\/\" \/>\n<meta property=\"og:site_name\" content=\"G\u00e1vea News\" \/>\n<meta property=\"article:publisher\" content=\"https:\/\/facebook.com\/gaveaNews\/\" \/>\n<meta property=\"article:published_time\" content=\"2025-01-05T08:55:00+00:00\" \/>\n<meta property=\"og:image\" content=\"https:\/\/www.gaveanews.com\/wp-content\/uploads\/Bandeira-do-Gremio.webp\" \/>\n\t<meta property=\"og:image:width\" content=\"1043\" \/>\n\t<meta property=\"og:image:height\" content=\"695\" \/>\n\t<meta property=\"og:image:type\" content=\"image\/webp\" \/>\n<meta name=\"author\" content=\"Matheus Felipe\" \/>\n<meta name=\"twitter:card\" content=\"summary_large_image\" \/>\n<meta name=\"twitter:label1\" content=\"Escrito por\" \/>\n\t<meta name=\"twitter:data1\" content=\"Matheus Felipe\" \/>\n\t<meta name=\"twitter:label2\" content=\"Est. tempo de leitura\" \/>\n\t<meta name=\"twitter:data2\" content=\"6 minutos\" \/>\n<script type=\"application\/ld+json\" class=\"yoast-schema-graph\">{\"@context\":\"https:\/\/schema.org\",\"@graph\":[{\"@type\":\"NewsArticle\",\"@id\":\"https:\/\/www.gaveanews.com\/index.php\/2025\/01\/05\/nota-oficial-sobre-soteldo-decisao-de-stf-e-contratacao-para-2025-as-ultimas-noticias-do-gremio\/#article\",\"isPartOf\":{\"@id\":\"https:\/\/www.gaveanews.com\/index.php\/2025\/01\/05\/nota-oficial-sobre-soteldo-decisao-de-stf-e-contratacao-para-2025-as-ultimas-noticias-do-gremio\/\"},\"author\":{\"name\":\"Matheus Felipe\",\"@id\":\"https:\/\/www.gaveanews.com\/#\/schema\/person\/8207cd4627f56151707418bfc835b2fb\"},\"headline\":\"Nota oficial sobre Soteldo, decis\u00e3o de STF e contrata\u00e7\u00e3o para 2025: as \u00faltimas not\u00edcias do Gr\u00eamio\",\"datePublished\":\"2025-01-05T08:55:00+00:00\",\"mainEntityOfPage\":{\"@id\":\"https:\/\/www.gaveanews.com\/index.php\/2025\/01\/05\/nota-oficial-sobre-soteldo-decisao-de-stf-e-contratacao-para-2025-as-ultimas-noticias-do-gremio\/\"},\"wordCount\":866,\"commentCount\":0,\"image\":{\"@id\":\"https:\/\/www.gaveanews.com\/index.php\/2025\/01\/05\/nota-oficial-sobre-soteldo-decisao-de-stf-e-contratacao-para-2025-as-ultimas-noticias-do-gremio\/#primaryimage\"},\"thumbnailUrl\":\"https:\/\/www.gaveanews.com\/wp-content\/uploads\/Bandeira-do-Gremio.webp\",\"articleSection\":[\"Gr\u00eamio\"],\"inLanguage\":\"pt-BR\",\"potentialAction\":[{\"@type\":\"CommentAction\",\"name\":\"Comment\",\"target\":[\"https:\/\/www.gaveanews.com\/index.php\/2025\/01\/05\/nota-oficial-sobre-soteldo-decisao-de-stf-e-contratacao-para-2025-as-ultimas-noticias-do-gremio\/#respond\"]}],\"copyrightYear\":\"2025\",\"copyrightHolder\":{\"@id\":\"https:\/\/www.gaveanews.com\/#organization\"}},{\"@type\":\"WebPage\",\"@id\":\"https:\/\/www.gaveanews.com\/index.php\/2025\/01\/05\/nota-oficial-sobre-soteldo-decisao-de-stf-e-contratacao-para-2025-as-ultimas-noticias-do-gremio\/\",\"url\":\"https:\/\/www.gaveanews.com\/index.php\/2025\/01\/05\/nota-oficial-sobre-soteldo-decisao-de-stf-e-contratacao-para-2025-as-ultimas-noticias-do-gremio\/\",\"name\":\"Nota oficial sobre Soteldo, decis\u00e3o de STF e contrata\u00e7\u00e3o para 2025: as \u00faltimas not\u00edcias do Gr\u00eamio\",\"isPartOf\":{\"@id\":\"https:\/\/www.gaveanews.com\/#website\"},\"primaryImageOfPage\":{\"@id\":\"https:\/\/www.gaveanews.com\/index.php\/2025\/01\/05\/nota-oficial-sobre-soteldo-decisao-de-stf-e-contratacao-para-2025-as-ultimas-noticias-do-gremio\/#primaryimage\"},\"image\":{\"@id\":\"https:\/\/www.gaveanews.com\/index.php\/2025\/01\/05\/nota-oficial-sobre-soteldo-decisao-de-stf-e-contratacao-para-2025-as-ultimas-noticias-do-gremio\/#primaryimage\"},\"thumbnailUrl\":\"https:\/\/www.gaveanews.com\/wp-content\/uploads\/Bandeira-do-Gremio.webp\",\"datePublished\":\"2025-01-05T08:55:00+00:00\",\"author\":{\"@id\":\"https:\/\/www.gaveanews.com\/#\/schema\/person\/8207cd4627f56151707418bfc835b2fb\"},\"breadcrumb\":{\"@id\":\"https:\/\/www.gaveanews.com\/index.php\/2025\/01\/05\/nota-oficial-sobre-soteldo-decisao-de-stf-e-contratacao-para-2025-as-ultimas-noticias-do-gremio\/#breadcrumb\"},\"inLanguage\":\"pt-BR\",\"potentialAction\":[{\"@type\":\"ReadAction\",\"target\":[\"https:\/\/www.gaveanews.com\/index.php\/2025\/01\/05\/nota-oficial-sobre-soteldo-decisao-de-stf-e-contratacao-para-2025-as-ultimas-noticias-do-gremio\/\"]}]},{\"@type\":\"ImageObject\",\"inLanguage\":\"pt-BR\",\"@id\":\"https:\/\/www.gaveanews.com\/index.php\/2025\/01\/05\/nota-oficial-sobre-soteldo-decisao-de-stf-e-contratacao-para-2025-as-ultimas-noticias-do-gremio\/#primaryimage\",\"url\":\"https:\/\/www.gaveanews.com\/wp-content\/uploads\/Bandeira-do-Gremio.webp\",\"contentUrl\":\"https:\/\/www.gaveanews.com\/wp-content\/uploads\/Bandeira-do-Gremio.webp\",\"width\":1043,\"height\":695,\"caption\":\"Bandeira do Gr\u00eamio (Foto: Reprodu\u00e7\u00e3o\/Gr\u00eamio)\"},{\"@type\":\"BreadcrumbList\",\"@id\":\"https:\/\/www.gaveanews.com\/index.php\/2025\/01\/05\/nota-oficial-sobre-soteldo-decisao-de-stf-e-contratacao-para-2025-as-ultimas-noticias-do-gremio\/#breadcrumb\",\"itemListElement\":[{\"@type\":\"ListItem\",\"position\":1,\"name\":\"Home\",\"item\":\"https:\/\/www.gaveanews.com\/\"},{\"@type\":\"ListItem\",\"position\":2,\"name\":\"Nota oficial sobre Soteldo, decis\u00e3o de STF e contrata\u00e7\u00e3o para 2025: as \u00faltimas not\u00edcias do Gr\u00eamio\"}]},{\"@type\":\"WebSite\",\"@id\":\"https:\/\/www.gaveanews.com\/#website\",\"url\":\"https:\/\/www.gaveanews.com\/\",\"name\":\"G\u00e1vea News\",\"description\":\"Veja todas as not\u00edcias sobre o Flamengo: Contrata\u00e7\u00f5es, categorias de base, resultados das partidas, tabela de classifica\u00e7\u00e3o, pr\u00f3ximos jogos!\",\"potentialAction\":[{\"@type\":\"SearchAction\",\"target\":{\"@type\":\"EntryPoint\",\"urlTemplate\":\"https:\/\/www.gaveanews.com\/?s={search_term_string}\"},\"query-input\":{\"@type\":\"PropertyValueSpecification\",\"valueRequired\":true,\"valueName\":\"search_term_string\"}}],\"inLanguage\":\"pt-BR\"},{\"@type\":\"Person\",\"@id\":\"https:\/\/www.gaveanews.com\/#\/schema\/person\/8207cd4627f56151707418bfc835b2fb\",\"name\":\"Matheus Felipe\",\"image\":{\"@type\":\"ImageObject\",\"inLanguage\":\"pt-BR\",\"@id\":\"https:\/\/www.gaveanews.com\/#\/schema\/person\/image\/\",\"url\":\"https:\/\/secure.gravatar.com\/avatar\/a452ffbed9130f726358b298bb3a99ce4bd3c5338411f8440e87e14d74c7c087?s=96&d=mm&r=g\",\"contentUrl\":\"https:\/\/secure.gravatar.com\/avatar\/a452ffbed9130f726358b298bb3a99ce4bd3c5338411f8440e87e14d74c7c087?s=96&d=mm&r=g\",\"caption\":\"Matheus Felipe\"}}]}<\/script>\n<!-- \/ Yoast SEO Premium plugin. -->","yoast_head_json":{"title":"Nota oficial sobre Soteldo, decis\u00e3o de STF e contrata\u00e7\u00e3o para 2025: as \u00faltimas not\u00edcias do Gr\u00eamio","robots":{"index":"index","follow":"follow","max-snippet":"max-snippet:-1","max-image-preview":"max-image-preview:large","max-video-preview":"max-video-preview:-1"},"canonical":"https:\/\/www.gaveanews.com\/index.php\/2025\/01\/05\/nota-oficial-sobre-soteldo-decisao-de-stf-e-contratacao-para-2025-as-ultimas-noticias-do-gremio\/","og_locale":"pt_BR","og_type":"article","og_title":"Nota oficial sobre Soteldo, decis\u00e3o de STF e contrata\u00e7\u00e3o para 2025: as \u00faltimas not\u00edcias do Gr\u00eamio","og_description":"Nas \u00faltimas horas, o foco das not\u00edcias sobre o Gr\u00eamio se concentram nos bastidores do clube, com destaques do dia a dia do time. Por conta deste contexto, leia abaixo um resumo preparado pela equipe do portal G\u00e1vea News para lhe manter muito bem informado! Contrata\u00e7\u00e3o para 2025 O Gr\u00eamio iniciou a pr\u00e9-temporada de 2025 [&hellip;]","og_url":"https:\/\/www.gaveanews.com\/index.php\/2025\/01\/05\/nota-oficial-sobre-soteldo-decisao-de-stf-e-contratacao-para-2025-as-ultimas-noticias-do-gremio\/","og_site_name":"G\u00e1vea News","article_publisher":"https:\/\/facebook.com\/gaveaNews\/","article_published_time":"2025-01-05T08:55:00+00:00","og_image":[{"width":1043,"height":695,"url":"https:\/\/www.gaveanews.com\/wp-content\/uploads\/Bandeira-do-Gremio.webp","type":"image\/webp"}],"author":"Matheus Felipe","twitter_card":"summary_large_image","twitter_misc":{"Escrito por":"Matheus Felipe","Est. tempo de leitura":"6 minutos"},"schema":{"@context":"https:\/\/schema.org","@graph":[{"@type":"NewsArticle","@id":"https:\/\/www.gaveanews.com\/index.php\/2025\/01\/05\/nota-oficial-sobre-soteldo-decisao-de-stf-e-contratacao-para-2025-as-ultimas-noticias-do-gremio\/#article","isPartOf":{"@id":"https:\/\/www.gaveanews.com\/index.php\/2025\/01\/05\/nota-oficial-sobre-soteldo-decisao-de-stf-e-contratacao-para-2025-as-ultimas-noticias-do-gremio\/"},"author":{"name":"Matheus Felipe","@id":"https:\/\/www.gaveanews.com\/#\/schema\/person\/8207cd4627f56151707418bfc835b2fb"},"headline":"Nota oficial sobre Soteldo, decis\u00e3o de STF e contrata\u00e7\u00e3o para 2025: as \u00faltimas not\u00edcias do Gr\u00eamio","datePublished":"2025-01-05T08:55:00+00:00","mainEntityOfPage":{"@id":"https:\/\/www.gaveanews.com\/index.php\/2025\/01\/05\/nota-oficial-sobre-soteldo-decisao-de-stf-e-contratacao-para-2025-as-ultimas-noticias-do-gremio\/"},"wordCount":866,"commentCount":0,"image":{"@id":"https:\/\/www.gaveanews.com\/index.php\/2025\/01\/05\/nota-oficial-sobre-soteldo-decisao-de-stf-e-contratacao-para-2025-as-ultimas-noticias-do-gremio\/#primaryimage"},"thumbnailUrl":"https:\/\/www.gaveanews.com\/wp-content\/uploads\/Bandeira-do-Gremio.webp","articleSection":["Gr\u00eamio"],"inLanguage":"pt-BR","potentialAction":[{"@type":"CommentAction","name":"Comment","target":["https:\/\/www.gaveanews.com\/index.php\/2025\/01\/05\/nota-oficial-sobre-soteldo-decisao-de-stf-e-contratacao-para-2025-as-ultimas-noticias-do-gremio\/#respond"]}],"copyrightYear":"2025","copyrightHolder":{"@id":"https:\/\/www.gaveanews.com\/#organization"}},{"@type":"WebPage","@id":"https:\/\/www.gaveanews.com\/index.php\/2025\/01\/05\/nota-oficial-sobre-soteldo-decisao-de-stf-e-contratacao-para-2025-as-ultimas-noticias-do-gremio\/","url":"https:\/\/www.gaveanews.com\/index.php\/2025\/01\/05\/nota-oficial-sobre-soteldo-decisao-de-stf-e-contratacao-para-2025-as-ultimas-noticias-do-gremio\/","name":"Nota oficial sobre Soteldo, decis\u00e3o de STF e contrata\u00e7\u00e3o para 2025: as \u00faltimas not\u00edcias do Gr\u00eamio","isPartOf":{"@id":"https:\/\/www.gaveanews.com\/#website"},"primaryImageOfPage":{"@id":"https:\/\/www.gaveanews.com\/index.php\/2025\/01\/05\/nota-oficial-sobre-soteldo-decisao-de-stf-e-contratacao-para-2025-as-ultimas-noticias-do-gremio\/#primaryimage"},"image":{"@id":"https:\/\/www.gaveanews.com\/index.php\/2025\/01\/05\/nota-oficial-sobre-soteldo-decisao-de-stf-e-contratacao-para-2025-as-ultimas-noticias-do-gremio\/#primaryimage"},"thumbnailUrl":"https:\/\/www.gaveanews.com\/wp-content\/uploads\/Bandeira-do-Gremio.webp","datePublished":"2025-01-05T08:55:00+00:00","author":{"@id":"https:\/\/www.gaveanews.com\/#\/schema\/person\/8207cd4627f56151707418bfc835b2fb"},"breadcrumb":{"@id":"https:\/\/www.gaveanews.com\/index.php\/2025\/01\/05\/nota-oficial-sobre-soteldo-decisao-de-stf-e-contratacao-para-2025-as-ultimas-noticias-do-gremio\/#breadcrumb"},"inLanguage":"pt-BR","potentialAction":[{"@type":"ReadAction","target":["https:\/\/www.gaveanews.com\/index.php\/2025\/01\/05\/nota-oficial-sobre-soteldo-decisao-de-stf-e-contratacao-para-2025-as-ultimas-noticias-do-gremio\/"]}]},{"@type":"ImageObject","inLanguage":"pt-BR","@id":"https:\/\/www.gaveanews.com\/index.php\/2025\/01\/05\/nota-oficial-sobre-soteldo-decisao-de-stf-e-contratacao-para-2025-as-ultimas-noticias-do-gremio\/#primaryimage","url":"https:\/\/www.gaveanews.com\/wp-content\/uploads\/Bandeira-do-Gremio.webp","contentUrl":"https:\/\/www.gaveanews.com\/wp-content\/uploads\/Bandeira-do-Gremio.webp","width":1043,"height":695,"caption":"Bandeira do Gr\u00eamio (Foto: Reprodu\u00e7\u00e3o\/Gr\u00eamio)"},{"@type":"BreadcrumbList","@id":"https:\/\/www.gaveanews.com\/index.php\/2025\/01\/05\/nota-oficial-sobre-soteldo-decisao-de-stf-e-contratacao-para-2025-as-ultimas-noticias-do-gremio\/#breadcrumb","itemListElement":[{"@type":"ListItem","position":1,"name":"Home","item":"https:\/\/www.gaveanews.com\/"},{"@type":"ListItem","position":2,"name":"Nota oficial sobre Soteldo, decis\u00e3o de STF e contrata\u00e7\u00e3o para 2025: as \u00faltimas not\u00edcias do Gr\u00eamio"}]},{"@type":"WebSite","@id":"https:\/\/www.gaveanews.com\/#website","url":"https:\/\/www.gaveanews.com\/","name":"G\u00e1vea News","description":"Veja todas as not\u00edcias sobre o Flamengo: Contrata\u00e7\u00f5es, categorias de base, resultados das partidas, tabela de classifica\u00e7\u00e3o, pr\u00f3ximos jogos!","potentialAction":[{"@type":"SearchAction","target":{"@type":"EntryPoint","urlTemplate":"https:\/\/www.gaveanews.com\/?s={search_term_string}"},"query-input":{"@type":"PropertyValueSpecification","valueRequired":true,"valueName":"search_term_string"}}],"inLanguage":"pt-BR"},{"@type":"Person","@id":"https:\/\/www.gaveanews.com\/#\/schema\/person\/8207cd4627f56151707418bfc835b2fb","name":"Matheus Felipe","image":{"@type":"ImageObject","inLanguage":"pt-BR","@id":"https:\/\/www.gaveanews.com\/#\/schema\/person\/image\/","url":"https:\/\/secure.gravatar.com\/avatar\/a452ffbed9130f726358b298bb3a99ce4bd3c5338411f8440e87e14d74c7c087?s=96&d=mm&r=g","contentUrl":"https:\/\/secure.gravatar.com\/avatar\/a452ffbed9130f726358b298bb3a99ce4bd3c5338411f8440e87e14d74c7c087?s=96&d=mm&r=g","caption":"Matheus Felipe"}}]}},"_links":{"self":[{"href":"https:\/\/www.gaveanews.com\/index.php\/wp-json\/wp\/v2\/posts\/207848","targetHints":{"allow":["GET"]}}],"collection":[{"href":"https:\/\/www.gaveanews.com\/index.php\/wp-json\/wp\/v2\/posts"}],"about":[{"href":"https:\/\/www.gaveanews.com\/index.php\/wp-json\/wp\/v2\/types\/post"}],"author":[{"embeddable":true,"href":"https:\/\/www.gaveanews.com\/index.php\/wp-json\/wp\/v2\/users\/27"}],"replies":[{"embeddable":true,"href":"https:\/\/www.gaveanews.com\/index.php\/wp-json\/wp\/v2\/comments?post=207848"}],"version-history":[{"count":1,"href":"https:\/\/www.gaveanews.com\/index.php\/wp-json\/wp\/v2\/posts\/207848\/revisions"}],"predecessor-version":[{"id":207854,"href":"https:\/\/www.gaveanews.com\/index.php\/wp-json\/wp\/v2\/posts\/207848\/revisions\/207854"}],"wp:featuredmedia":[{"embeddable":true,"href":"https:\/\/www.gaveanews.com\/index.php\/wp-json\/wp\/v2\/media\/165925"}],"wp:attachment":[{"href":"https:\/\/www.gaveanews.com\/index.php\/wp-json\/wp\/v2\/media?parent=207848"}],"wp:term":[{"taxonomy":"category","embeddable":true,"href":"https:\/\/www.gaveanews.com\/index.php\/wp-json\/wp\/v2\/categories?post=207848"},{"taxonomy":"post_tag","embeddable":true,"href":"https:\/\/www.gaveanews.com\/index.php\/wp-json\/wp\/v2\/tags?post=207848"}],"curies":[{"name":"wp","href":"https:\/\/api.w.org\/{rel}","templated":true}]}}