{"id":20791,"date":"2019-05-21T18:49:10","date_gmt":"2019-05-21T21:49:10","guid":{"rendered":"https:\/\/www.gaveanews.com\/?p=20791"},"modified":"2019-05-21T18:49:11","modified_gmt":"2019-05-21T21:49:11","slug":"serie-a-do-brasileirao-voltara-a-ter-uma-arbitra-apos-14-anos","status":"publish","type":"post","link":"https:\/\/www.gaveanews.com\/index.php\/2019\/05\/21\/serie-a-do-brasileirao-voltara-a-ter-uma-arbitra-apos-14-anos\/","title":{"rendered":"S\u00e9rie A do Brasileir\u00e3o voltar\u00e1 a ter uma \u00e1rbitra ap\u00f3s 14 anos"},"content":{"rendered":"\n<p>A pr\u00f3xima segunda-feira (27 de maio) ser\u00e1 hist\u00f3rica para o futebol brasileiro Isso porque,\u00a0Edina Alves ser\u00e1 a \u00e1rbitra da partida entre CSA e Goi\u00e1s, pela S\u00e9rie A do Brasileir\u00e3o. Ap\u00f3s 14 anos, uma mulher voltar\u00e1 a apitar um jogo de futebol da S\u00e9rie A do Brasileir\u00e3o.<\/p>\n\n\n\n<p>A \u00faltima partida da S\u00e9rie A arbitrada por uma mulher foi em 2005, no duelo entre Fortaleza e Paysandu, pelo segundo turno. A respons\u00e1vel pelo jogo foi Silvia Regina, que acompanhar\u00e1 de perto o confronto deste domingo. A ex-\u00e1rbitra ser\u00e1 a supervisora do VAR (\u00e1rbitro de v\u00eddeo) no Rei Pel\u00e9, em Macei\u00f3.<\/p>\n\n\n\n<p>O fato historico foi comemorado pela comentarista Fox Sports, Nadine Bastos.<\/p>\n\n\n\n<p>&#8220;Depois de 15 anos uma mulher volta a apitar na S\u00e9rie A do Brasileiro. Fico feliz pela indica\u00e7\u00e3o da Edina Alves que tem talento e compet\u00eancia para estar nessa atividada&#8221;, afirmou a ex-\u00e1rbitra-assistente. <\/p>\n\n\n\n<figure class=\"wp-block-image\"><img decoding=\"async\" src=\"https:\/\/cdn.foxsports.com.br\/sites\/foxsports-br\/files\/img\/scaled\/630x\/notes\/materia\/cbf-arbitra-apita-KinSaitoCBF-1280.webp\" alt=\"\"\/><figcaption>Edina Alves durante treinamento da CBF (Foto: Kin Saito\/CBF)<\/figcaption><\/figure>\n\n\n\n<p>Quem tamb\u00e9m fez quet\u00e3o de exaltar a escolha, foi o \u00e1rbitro de tr\u00eas Copas do Mundo, Carlos Eug\u00eanio Simon.<\/p>\n\n\n\n<p>&#8220;A Edina Alves apitou muito bem na S\u00e9rie B. J\u00e1 estava mais do que na hora dela subiur para a elite&#8221;, elogiou o comentarista Fox Sports. <\/p>\n\n\n\n<p>A escala\u00e7\u00e3o de Edina foi apontada por Leonardo Gaciba, presidente da Comiss\u00e3o de Arbitragem da CBF, como um marco para a arbitragem brasileira. Mas, al\u00e9m disso, como um momento merecido pela \u00e1rbitra paranaense.<\/p>\n\n\n\n<p>&#8220;Eu s\u00f3 consigo ver meus \u00e1rbitros como pessoas iguais. Acho que ela serve como exemplo n\u00e3o s\u00f3 para mulheres, mas para todos. A Edina era bandeira, abriu m\u00e3o do escudo da FIFA, de \u00e1rbitra internacional, porque tinha o sonho de ser \u00e1rbitra central. Ent\u00e3o, ela voltou \u00e0s categorias de base, come\u00e7ou a apitar na base, largando o escudo internacional de auxiliar. Ela j\u00e1 conseguiu alcan\u00e7ar o quadro internacional como \u00e1rbitra central e, hoje, est\u00e1 chegando na S\u00e9rie A. Para mim, ela \u00e9 um exemplo para todo mundo&#8221;, destacou o ex-\u00e1rbitro ao site oficial da CBF.<\/p>\n\n\n\n\n\n<p>Retirado de: Fox Sports<\/p>\n","protected":false},"excerpt":{"rendered":"<p>A pr\u00f3xima segunda-feira (27 de maio) ser\u00e1 hist\u00f3rica para o futebol brasileiro Isso porque,\u00a0Edina Alves ser\u00e1 a \u00e1rbitra da partida entre CSA e Goi\u00e1s, pela S\u00e9rie A do Brasileir\u00e3o. Ap\u00f3s 14 anos, uma mulher voltar\u00e1 a apitar um jogo de futebol da S\u00e9rie A do Brasileir\u00e3o. A \u00faltima partida da S\u00e9rie A arbitrada por uma [&hellip;]<\/p>\n","protected":false},"author":1,"featured_media":16271,"comment_status":"open","ping_status":"open","sticky":false,"template":"","format":"standard","meta":{"footnotes":""},"categories":[1],"tags":[],"class_list":["post-20791","post","type-post","status-publish","format-standard","has-post-thumbnail","hentry","category-flamengo"],"yoast_head":"<!-- This site is optimized with the Yoast SEO Premium plugin v24.2 (Yoast SEO v26.9) - https:\/\/yoast.com\/product\/yoast-seo-premium-wordpress\/ -->\n<title>S\u00e9rie A do Brasileir\u00e3o voltar\u00e1 a ter uma \u00e1rbitra ap\u00f3s 14 anos<\/title>\n<meta name=\"robots\" content=\"index, follow, max-snippet:-1, max-image-preview:large, max-video-preview:-1\" \/>\n<link rel=\"canonical\" href=\"https:\/\/www.gaveanews.com\/index.php\/2019\/05\/21\/serie-a-do-brasileirao-voltara-a-ter-uma-arbitra-apos-14-anos\/\" \/>\n<meta property=\"og:locale\" content=\"pt_BR\" \/>\n<meta property=\"og:type\" content=\"article\" \/>\n<meta property=\"og:title\" content=\"S\u00e9rie A do Brasileir\u00e3o voltar\u00e1 a ter uma \u00e1rbitra ap\u00f3s 14 anos\" \/>\n<meta property=\"og:description\" content=\"A pr\u00f3xima segunda-feira (27 de maio) ser\u00e1 hist\u00f3rica para o futebol brasileiro Isso porque,\u00a0Edina Alves ser\u00e1 a \u00e1rbitra da partida entre CSA e Goi\u00e1s, pela S\u00e9rie A do Brasileir\u00e3o. Ap\u00f3s 14 anos, uma mulher voltar\u00e1 a apitar um jogo de futebol da S\u00e9rie A do Brasileir\u00e3o. A \u00faltima partida da S\u00e9rie A arbitrada por uma [&hellip;]\" \/>\n<meta property=\"og:url\" content=\"https:\/\/www.gaveanews.com\/index.php\/2019\/05\/21\/serie-a-do-brasileirao-voltara-a-ter-uma-arbitra-apos-14-anos\/\" \/>\n<meta property=\"og:site_name\" content=\"G\u00e1vea News\" \/>\n<meta property=\"article:publisher\" content=\"https:\/\/facebook.com\/gaveaNews\/\" \/>\n<meta property=\"article:published_time\" content=\"2019-05-21T21:49:10+00:00\" \/>\n<meta property=\"article:modified_time\" content=\"2019-05-21T21:49:11+00:00\" \/>\n<meta property=\"og:image\" content=\"https:\/\/www.gaveanews.com\/wp-content\/uploads\/2019\/02\/Sede-da-CBF-no-Rio-de-Janeiro.webp\" \/>\n\t<meta property=\"og:image:width\" content=\"690\" \/>\n\t<meta property=\"og:image:height\" content=\"518\" \/>\n\t<meta property=\"og:image:type\" content=\"image\/jpeg\" \/>\n<meta name=\"author\" content=\"Equipe G\u00e1vea News\" \/>\n<meta name=\"twitter:card\" content=\"summary_large_image\" \/>\n<meta name=\"twitter:label1\" content=\"Escrito por\" \/>\n\t<meta name=\"twitter:data1\" content=\"Equipe G\u00e1vea News\" \/>\n\t<meta name=\"twitter:label2\" content=\"Est. tempo de leitura\" \/>\n\t<meta name=\"twitter:data2\" content=\"2 minutos\" \/>\n<script type=\"application\/ld+json\" class=\"yoast-schema-graph\">{\"@context\":\"https:\/\/schema.org\",\"@graph\":[{\"@type\":\"NewsArticle\",\"@id\":\"https:\/\/www.gaveanews.com\/index.php\/2019\/05\/21\/serie-a-do-brasileirao-voltara-a-ter-uma-arbitra-apos-14-anos\/#article\",\"isPartOf\":{\"@id\":\"https:\/\/www.gaveanews.com\/index.php\/2019\/05\/21\/serie-a-do-brasileirao-voltara-a-ter-uma-arbitra-apos-14-anos\/\"},\"author\":{\"name\":\"Equipe G\u00e1vea News\",\"@id\":\"https:\/\/www.gaveanews.com\/#\/schema\/person\/2ec14f73fb96be2caf28f91afb14749d\"},\"headline\":\"S\u00e9rie A do Brasileir\u00e3o voltar\u00e1 a ter uma \u00e1rbitra ap\u00f3s 14 anos\",\"datePublished\":\"2019-05-21T21:49:10+00:00\",\"dateModified\":\"2019-05-21T21:49:11+00:00\",\"mainEntityOfPage\":{\"@id\":\"https:\/\/www.gaveanews.com\/index.php\/2019\/05\/21\/serie-a-do-brasileirao-voltara-a-ter-uma-arbitra-apos-14-anos\/\"},\"wordCount\":370,\"commentCount\":0,\"image\":{\"@id\":\"https:\/\/www.gaveanews.com\/index.php\/2019\/05\/21\/serie-a-do-brasileirao-voltara-a-ter-uma-arbitra-apos-14-anos\/#primaryimage\"},\"thumbnailUrl\":\"https:\/\/www.gaveanews.com\/wp-content\/uploads\/2019\/02\/Sede-da-CBF-no-Rio-de-Janeiro.webp\",\"articleSection\":[\"Flamengo\"],\"inLanguage\":\"pt-BR\",\"potentialAction\":[{\"@type\":\"CommentAction\",\"name\":\"Comment\",\"target\":[\"https:\/\/www.gaveanews.com\/index.php\/2019\/05\/21\/serie-a-do-brasileirao-voltara-a-ter-uma-arbitra-apos-14-anos\/#respond\"]}],\"copyrightYear\":\"2019\",\"copyrightHolder\":{\"@id\":\"https:\/\/www.gaveanews.com\/#organization\"}},{\"@type\":\"WebPage\",\"@id\":\"https:\/\/www.gaveanews.com\/index.php\/2019\/05\/21\/serie-a-do-brasileirao-voltara-a-ter-uma-arbitra-apos-14-anos\/\",\"url\":\"https:\/\/www.gaveanews.com\/index.php\/2019\/05\/21\/serie-a-do-brasileirao-voltara-a-ter-uma-arbitra-apos-14-anos\/\",\"name\":\"S\u00e9rie A do Brasileir\u00e3o voltar\u00e1 a ter uma \u00e1rbitra ap\u00f3s 14 anos\",\"isPartOf\":{\"@id\":\"https:\/\/www.gaveanews.com\/#website\"},\"primaryImageOfPage\":{\"@id\":\"https:\/\/www.gaveanews.com\/index.php\/2019\/05\/21\/serie-a-do-brasileirao-voltara-a-ter-uma-arbitra-apos-14-anos\/#primaryimage\"},\"image\":{\"@id\":\"https:\/\/www.gaveanews.com\/index.php\/2019\/05\/21\/serie-a-do-brasileirao-voltara-a-ter-uma-arbitra-apos-14-anos\/#primaryimage\"},\"thumbnailUrl\":\"https:\/\/www.gaveanews.com\/wp-content\/uploads\/2019\/02\/Sede-da-CBF-no-Rio-de-Janeiro.webp\",\"datePublished\":\"2019-05-21T21:49:10+00:00\",\"dateModified\":\"2019-05-21T21:49:11+00:00\",\"author\":{\"@id\":\"https:\/\/www.gaveanews.com\/#\/schema\/person\/2ec14f73fb96be2caf28f91afb14749d\"},\"breadcrumb\":{\"@id\":\"https:\/\/www.gaveanews.com\/index.php\/2019\/05\/21\/serie-a-do-brasileirao-voltara-a-ter-uma-arbitra-apos-14-anos\/#breadcrumb\"},\"inLanguage\":\"pt-BR\",\"potentialAction\":[{\"@type\":\"ReadAction\",\"target\":[\"https:\/\/www.gaveanews.com\/index.php\/2019\/05\/21\/serie-a-do-brasileirao-voltara-a-ter-uma-arbitra-apos-14-anos\/\"]}]},{\"@type\":\"ImageObject\",\"inLanguage\":\"pt-BR\",\"@id\":\"https:\/\/www.gaveanews.com\/index.php\/2019\/05\/21\/serie-a-do-brasileirao-voltara-a-ter-uma-arbitra-apos-14-anos\/#primaryimage\",\"url\":\"https:\/\/www.gaveanews.com\/wp-content\/uploads\/2019\/02\/Sede-da-CBF-no-Rio-de-Janeiro.webp\",\"contentUrl\":\"https:\/\/www.gaveanews.com\/wp-content\/uploads\/2019\/02\/Sede-da-CBF-no-Rio-de-Janeiro.webp\",\"width\":690,\"height\":518,\"caption\":\"Sede da CBF no Rio de Janeiro (Foto: Cah\u00ea Mota\/Globo Esporte)\"},{\"@type\":\"BreadcrumbList\",\"@id\":\"https:\/\/www.gaveanews.com\/index.php\/2019\/05\/21\/serie-a-do-brasileirao-voltara-a-ter-uma-arbitra-apos-14-anos\/#breadcrumb\",\"itemListElement\":[{\"@type\":\"ListItem\",\"position\":1,\"name\":\"Home\",\"item\":\"https:\/\/www.gaveanews.com\/\"},{\"@type\":\"ListItem\",\"position\":2,\"name\":\"S\u00e9rie A do Brasileir\u00e3o voltar\u00e1 a ter uma \u00e1rbitra ap\u00f3s 14 anos\"}]},{\"@type\":\"WebSite\",\"@id\":\"https:\/\/www.gaveanews.com\/#website\",\"url\":\"https:\/\/www.gaveanews.com\/\",\"name\":\"G\u00e1vea News\",\"description\":\"Veja todas as not\u00edcias sobre o Flamengo: Contrata\u00e7\u00f5es, categorias de base, resultados das partidas, tabela de classifica\u00e7\u00e3o, pr\u00f3ximos jogos!\",\"potentialAction\":[{\"@type\":\"SearchAction\",\"target\":{\"@type\":\"EntryPoint\",\"urlTemplate\":\"https:\/\/www.gaveanews.com\/?s={search_term_string}\"},\"query-input\":{\"@type\":\"PropertyValueSpecification\",\"valueRequired\":true,\"valueName\":\"search_term_string\"}}],\"inLanguage\":\"pt-BR\"},{\"@type\":\"Person\",\"@id\":\"https:\/\/www.gaveanews.com\/#\/schema\/person\/2ec14f73fb96be2caf28f91afb14749d\",\"name\":\"Equipe G\u00e1vea News\",\"image\":{\"@type\":\"ImageObject\",\"inLanguage\":\"pt-BR\",\"@id\":\"https:\/\/www.gaveanews.com\/#\/schema\/person\/image\/\",\"url\":\"https:\/\/secure.gravatar.com\/avatar\/1e1956f1facbffd3f8fa53a326721950116b3b9dc9bd44939c01180fd4a745a9?s=96&d=mm&r=g\",\"contentUrl\":\"https:\/\/secure.gravatar.com\/avatar\/1e1956f1facbffd3f8fa53a326721950116b3b9dc9bd44939c01180fd4a745a9?s=96&d=mm&r=g\",\"caption\":\"Equipe G\u00e1vea News\"}}]}<\/script>\n<!-- \/ Yoast SEO Premium plugin. -->","yoast_head_json":{"title":"S\u00e9rie A do Brasileir\u00e3o voltar\u00e1 a ter uma \u00e1rbitra ap\u00f3s 14 anos","robots":{"index":"index","follow":"follow","max-snippet":"max-snippet:-1","max-image-preview":"max-image-preview:large","max-video-preview":"max-video-preview:-1"},"canonical":"https:\/\/www.gaveanews.com\/index.php\/2019\/05\/21\/serie-a-do-brasileirao-voltara-a-ter-uma-arbitra-apos-14-anos\/","og_locale":"pt_BR","og_type":"article","og_title":"S\u00e9rie A do Brasileir\u00e3o voltar\u00e1 a ter uma \u00e1rbitra ap\u00f3s 14 anos","og_description":"A pr\u00f3xima segunda-feira (27 de maio) ser\u00e1 hist\u00f3rica para o futebol brasileiro Isso porque,\u00a0Edina Alves ser\u00e1 a \u00e1rbitra da partida entre CSA e Goi\u00e1s, pela S\u00e9rie A do Brasileir\u00e3o. Ap\u00f3s 14 anos, uma mulher voltar\u00e1 a apitar um jogo de futebol da S\u00e9rie A do Brasileir\u00e3o. A \u00faltima partida da S\u00e9rie A arbitrada por uma [&hellip;]","og_url":"https:\/\/www.gaveanews.com\/index.php\/2019\/05\/21\/serie-a-do-brasileirao-voltara-a-ter-uma-arbitra-apos-14-anos\/","og_site_name":"G\u00e1vea News","article_publisher":"https:\/\/facebook.com\/gaveaNews\/","article_published_time":"2019-05-21T21:49:10+00:00","article_modified_time":"2019-05-21T21:49:11+00:00","og_image":[{"width":690,"height":518,"url":"https:\/\/www.gaveanews.com\/wp-content\/uploads\/2019\/02\/Sede-da-CBF-no-Rio-de-Janeiro.webp","type":"image\/jpeg"}],"author":"Equipe G\u00e1vea News","twitter_card":"summary_large_image","twitter_misc":{"Escrito por":"Equipe G\u00e1vea News","Est. tempo de leitura":"2 minutos"},"schema":{"@context":"https:\/\/schema.org","@graph":[{"@type":"NewsArticle","@id":"https:\/\/www.gaveanews.com\/index.php\/2019\/05\/21\/serie-a-do-brasileirao-voltara-a-ter-uma-arbitra-apos-14-anos\/#article","isPartOf":{"@id":"https:\/\/www.gaveanews.com\/index.php\/2019\/05\/21\/serie-a-do-brasileirao-voltara-a-ter-uma-arbitra-apos-14-anos\/"},"author":{"name":"Equipe G\u00e1vea News","@id":"https:\/\/www.gaveanews.com\/#\/schema\/person\/2ec14f73fb96be2caf28f91afb14749d"},"headline":"S\u00e9rie A do Brasileir\u00e3o voltar\u00e1 a ter uma \u00e1rbitra ap\u00f3s 14 anos","datePublished":"2019-05-21T21:49:10+00:00","dateModified":"2019-05-21T21:49:11+00:00","mainEntityOfPage":{"@id":"https:\/\/www.gaveanews.com\/index.php\/2019\/05\/21\/serie-a-do-brasileirao-voltara-a-ter-uma-arbitra-apos-14-anos\/"},"wordCount":370,"commentCount":0,"image":{"@id":"https:\/\/www.gaveanews.com\/index.php\/2019\/05\/21\/serie-a-do-brasileirao-voltara-a-ter-uma-arbitra-apos-14-anos\/#primaryimage"},"thumbnailUrl":"https:\/\/www.gaveanews.com\/wp-content\/uploads\/2019\/02\/Sede-da-CBF-no-Rio-de-Janeiro.webp","articleSection":["Flamengo"],"inLanguage":"pt-BR","potentialAction":[{"@type":"CommentAction","name":"Comment","target":["https:\/\/www.gaveanews.com\/index.php\/2019\/05\/21\/serie-a-do-brasileirao-voltara-a-ter-uma-arbitra-apos-14-anos\/#respond"]}],"copyrightYear":"2019","copyrightHolder":{"@id":"https:\/\/www.gaveanews.com\/#organization"}},{"@type":"WebPage","@id":"https:\/\/www.gaveanews.com\/index.php\/2019\/05\/21\/serie-a-do-brasileirao-voltara-a-ter-uma-arbitra-apos-14-anos\/","url":"https:\/\/www.gaveanews.com\/index.php\/2019\/05\/21\/serie-a-do-brasileirao-voltara-a-ter-uma-arbitra-apos-14-anos\/","name":"S\u00e9rie A do Brasileir\u00e3o voltar\u00e1 a ter uma \u00e1rbitra ap\u00f3s 14 anos","isPartOf":{"@id":"https:\/\/www.gaveanews.com\/#website"},"primaryImageOfPage":{"@id":"https:\/\/www.gaveanews.com\/index.php\/2019\/05\/21\/serie-a-do-brasileirao-voltara-a-ter-uma-arbitra-apos-14-anos\/#primaryimage"},"image":{"@id":"https:\/\/www.gaveanews.com\/index.php\/2019\/05\/21\/serie-a-do-brasileirao-voltara-a-ter-uma-arbitra-apos-14-anos\/#primaryimage"},"thumbnailUrl":"https:\/\/www.gaveanews.com\/wp-content\/uploads\/2019\/02\/Sede-da-CBF-no-Rio-de-Janeiro.webp","datePublished":"2019-05-21T21:49:10+00:00","dateModified":"2019-05-21T21:49:11+00:00","author":{"@id":"https:\/\/www.gaveanews.com\/#\/schema\/person\/2ec14f73fb96be2caf28f91afb14749d"},"breadcrumb":{"@id":"https:\/\/www.gaveanews.com\/index.php\/2019\/05\/21\/serie-a-do-brasileirao-voltara-a-ter-uma-arbitra-apos-14-anos\/#breadcrumb"},"inLanguage":"pt-BR","potentialAction":[{"@type":"ReadAction","target":["https:\/\/www.gaveanews.com\/index.php\/2019\/05\/21\/serie-a-do-brasileirao-voltara-a-ter-uma-arbitra-apos-14-anos\/"]}]},{"@type":"ImageObject","inLanguage":"pt-BR","@id":"https:\/\/www.gaveanews.com\/index.php\/2019\/05\/21\/serie-a-do-brasileirao-voltara-a-ter-uma-arbitra-apos-14-anos\/#primaryimage","url":"https:\/\/www.gaveanews.com\/wp-content\/uploads\/2019\/02\/Sede-da-CBF-no-Rio-de-Janeiro.webp","contentUrl":"https:\/\/www.gaveanews.com\/wp-content\/uploads\/2019\/02\/Sede-da-CBF-no-Rio-de-Janeiro.webp","width":690,"height":518,"caption":"Sede da CBF no Rio de Janeiro (Foto: Cah\u00ea Mota\/Globo Esporte)"},{"@type":"BreadcrumbList","@id":"https:\/\/www.gaveanews.com\/index.php\/2019\/05\/21\/serie-a-do-brasileirao-voltara-a-ter-uma-arbitra-apos-14-anos\/#breadcrumb","itemListElement":[{"@type":"ListItem","position":1,"name":"Home","item":"https:\/\/www.gaveanews.com\/"},{"@type":"ListItem","position":2,"name":"S\u00e9rie A do Brasileir\u00e3o voltar\u00e1 a ter uma \u00e1rbitra ap\u00f3s 14 anos"}]},{"@type":"WebSite","@id":"https:\/\/www.gaveanews.com\/#website","url":"https:\/\/www.gaveanews.com\/","name":"G\u00e1vea News","description":"Veja todas as not\u00edcias sobre o Flamengo: Contrata\u00e7\u00f5es, categorias de base, resultados das partidas, tabela de classifica\u00e7\u00e3o, pr\u00f3ximos jogos!","potentialAction":[{"@type":"SearchAction","target":{"@type":"EntryPoint","urlTemplate":"https:\/\/www.gaveanews.com\/?s={search_term_string}"},"query-input":{"@type":"PropertyValueSpecification","valueRequired":true,"valueName":"search_term_string"}}],"inLanguage":"pt-BR"},{"@type":"Person","@id":"https:\/\/www.gaveanews.com\/#\/schema\/person\/2ec14f73fb96be2caf28f91afb14749d","name":"Equipe G\u00e1vea News","image":{"@type":"ImageObject","inLanguage":"pt-BR","@id":"https:\/\/www.gaveanews.com\/#\/schema\/person\/image\/","url":"https:\/\/secure.gravatar.com\/avatar\/1e1956f1facbffd3f8fa53a326721950116b3b9dc9bd44939c01180fd4a745a9?s=96&d=mm&r=g","contentUrl":"https:\/\/secure.gravatar.com\/avatar\/1e1956f1facbffd3f8fa53a326721950116b3b9dc9bd44939c01180fd4a745a9?s=96&d=mm&r=g","caption":"Equipe G\u00e1vea News"}}]}},"_links":{"self":[{"href":"https:\/\/www.gaveanews.com\/index.php\/wp-json\/wp\/v2\/posts\/20791","targetHints":{"allow":["GET"]}}],"collection":[{"href":"https:\/\/www.gaveanews.com\/index.php\/wp-json\/wp\/v2\/posts"}],"about":[{"href":"https:\/\/www.gaveanews.com\/index.php\/wp-json\/wp\/v2\/types\/post"}],"author":[{"embeddable":true,"href":"https:\/\/www.gaveanews.com\/index.php\/wp-json\/wp\/v2\/users\/1"}],"replies":[{"embeddable":true,"href":"https:\/\/www.gaveanews.com\/index.php\/wp-json\/wp\/v2\/comments?post=20791"}],"version-history":[{"count":0,"href":"https:\/\/www.gaveanews.com\/index.php\/wp-json\/wp\/v2\/posts\/20791\/revisions"}],"wp:featuredmedia":[{"embeddable":true,"href":"https:\/\/www.gaveanews.com\/index.php\/wp-json\/wp\/v2\/media\/16271"}],"wp:attachment":[{"href":"https:\/\/www.gaveanews.com\/index.php\/wp-json\/wp\/v2\/media?parent=20791"}],"wp:term":[{"taxonomy":"category","embeddable":true,"href":"https:\/\/www.gaveanews.com\/index.php\/wp-json\/wp\/v2\/categories?post=20791"},{"taxonomy":"post_tag","embeddable":true,"href":"https:\/\/www.gaveanews.com\/index.php\/wp-json\/wp\/v2\/tags?post=20791"}],"curies":[{"name":"wp","href":"https:\/\/api.w.org\/{rel}","templated":true}]}}