{"id":208123,"date":"2025-01-06T14:35:44","date_gmt":"2025-01-06T17:35:44","guid":{"rendered":"https:\/\/www.gaveanews.com\/?p=208123"},"modified":"2025-01-06T14:15:43","modified_gmt":"2025-01-06T17:15:43","slug":"quando-vai-acontecer-o-julgamento-de-rodrigo-garro","status":"publish","type":"post","link":"https:\/\/www.gaveanews.com\/index.php\/2025\/01\/06\/quando-vai-acontecer-o-julgamento-de-rodrigo-garro\/","title":{"rendered":"Quando vai acontecer o julgamento de Rodrigo Garro?"},"content":{"rendered":"\n<p>Envolvido em um acidente fatal, o meio-campista Rodrigo Garro foi indiciado por homic\u00eddio culposo no \u00faltimo domingo (5\/1) depois de uma audi\u00eancia com as autoridades argentinas. Agora, o jogador do Corinthians aguarda o julgamento ser marcado.&nbsp;<\/p>\n\n\n\n<ul class=\"wp-block-list\">\n<li><a href=\"https:\/\/www.gaveanews.com\/index.php\/2025\/01\/05\/corinthians-a-declaracao-de-michel-bastos-direcionada-a-garro\/\">Corinthians: a declara\u00e7\u00e3o de Michel Bastos direcionada a Garro<\/a><\/li>\n\n\n\n<li><a href=\"https:\/\/www.gaveanews.com\/index.php\/2025\/01\/05\/corinthians-a-publicacao-de-hugo-souza-direcionada-a-fagner\/\">Corinthians: a publica\u00e7\u00e3o de Hugo Souza direcionada a Fagner<\/a><\/li>\n<\/ul>\n\n\n\n<p>Na audi\u00eancia, ele esteve acompanhado do advogado David Div\u00e1n e prestou depoimento por quase uma hora. Ap\u00f3s a oitiva ele foi indiciado por homic\u00eddio culposo, quando n\u00e3o h\u00e1 a inten\u00e7\u00e3o de matar. O indiciamento ainda n\u00e3o teve agravante j\u00e1 que a quantidade de \u00e1lcool encontrada no sangue do atleta n\u00e3o ultrapassou 1%. A informa\u00e7\u00e3o foi divulgada em primeira m\u00e3o pela jornalista da TNT Sports, Bianca Molina.<\/p>\n\n\n\n<p>Agora, ele \u00e9 esperado no CT Joaquim Grava na pr\u00f3xima ter\u00e7a-feira (7\/1) para a reapresenta\u00e7\u00e3o junto do elenco corintiano, j\u00e1 que o Minist\u00e9rio P\u00fablico da Argentina n\u00e3o solicitou restri\u00e7\u00f5es de sa\u00edda do pa\u00eds e assim ele pode voltar ao Brasil. No entanto, por ter sido enquadrado por condu\u00e7\u00e3o imprudente, ele teve a carteira de habilita\u00e7\u00e3o suspensa e est\u00e1 estritamente proibido de dirigir qualquer tipo de ve\u00edculo.<\/p>\n\n\n\n<p>Na pr\u00f3xima fase do processo, come\u00e7ar\u00e3o as investiga\u00e7\u00f5es e an\u00e1lises das imagens de seguran\u00e7a, per\u00edcia do acidente e nos carros envolvidos, al\u00e9m dos exames toxicol\u00f3gicos no corpo do motociclista, para que ent\u00e3o se decida se ser\u00e1 oferecida den\u00fancia contra ele.<\/p>\n\n\n\n<h2 class=\"wp-block-heading\" id=\"h-o-acidente\">O acidente<\/h2>\n\n\n\n<p>Durante a madrugada do \u00faltimo s\u00e1bado (4\/1), o meio-campista do Corinthians, Rodrigo Garro, se envolveu em um acidente fatal. O corintiano dirigia uma caminhonete e passava pela interse\u00e7\u00e3o das ruas 300 e 108, em General Pico, munic\u00edpio da prov\u00edncia de La Pampa, na Argentina, onde ele passava as f\u00e9rias, quando Nicol\u00e1s Chiaraviglio, de 30 anos, colidiu dirigindo uma motocicleta.&nbsp;<\/p>\n\n\n\n<p>Imediatamente, quando soube do acidente, o Tim\u00e3o entrou em contato com o jogador e ofereceu suporte psicol\u00f3gico, al\u00e9m de ter emitido um comunicado sobre o caso. O argentino est\u00e1 bastante fragilizado com a trag\u00e9dia.<\/p>\n","protected":false},"excerpt":{"rendered":"<p>Envolvido em um acidente fatal, o meio-campista Rodrigo Garro foi indiciado por homic\u00eddio culposo no \u00faltimo domingo (5\/1) depois de uma audi\u00eancia com as autoridades argentinas. Agora, o jogador do Corinthians aguarda o julgamento ser marcado.&nbsp; Na audi\u00eancia, ele esteve acompanhado do advogado David Div\u00e1n e prestou depoimento por quase uma hora. Ap\u00f3s a oitiva [&hellip;]<\/p>\n","protected":false},"author":29,"featured_media":161268,"comment_status":"open","ping_status":"closed","sticky":false,"template":"","format":"standard","meta":{"footnotes":""},"categories":[141],"tags":[],"class_list":["post-208123","post","type-post","status-publish","format-standard","has-post-thumbnail","hentry","category-corinthians"],"yoast_head":"<!-- This site is optimized with the Yoast SEO Premium plugin v24.2 (Yoast SEO v26.9) - https:\/\/yoast.com\/product\/yoast-seo-premium-wordpress\/ -->\n<title>Quando vai acontecer o julgamento de Rodrigo Garro?<\/title>\n<meta name=\"robots\" content=\"index, follow, max-snippet:-1, max-image-preview:large, max-video-preview:-1\" \/>\n<link rel=\"canonical\" href=\"https:\/\/www.gaveanews.com\/index.php\/2025\/01\/06\/quando-vai-acontecer-o-julgamento-de-rodrigo-garro\/\" \/>\n<meta property=\"og:locale\" content=\"pt_BR\" \/>\n<meta property=\"og:type\" content=\"article\" \/>\n<meta property=\"og:title\" content=\"Quando vai acontecer o julgamento de Rodrigo Garro?\" \/>\n<meta property=\"og:description\" content=\"Envolvido em um acidente fatal, o meio-campista Rodrigo Garro foi indiciado por homic\u00eddio culposo no \u00faltimo domingo (5\/1) depois de uma audi\u00eancia com as autoridades argentinas. Agora, o jogador do Corinthians aguarda o julgamento ser marcado.&nbsp; Na audi\u00eancia, ele esteve acompanhado do advogado David Div\u00e1n e prestou depoimento por quase uma hora. Ap\u00f3s a oitiva [&hellip;]\" \/>\n<meta property=\"og:url\" content=\"https:\/\/www.gaveanews.com\/index.php\/2025\/01\/06\/quando-vai-acontecer-o-julgamento-de-rodrigo-garro\/\" \/>\n<meta property=\"og:site_name\" content=\"G\u00e1vea News\" \/>\n<meta property=\"article:publisher\" content=\"https:\/\/facebook.com\/gaveaNews\/\" \/>\n<meta property=\"article:published_time\" content=\"2025-01-06T17:35:44+00:00\" \/>\n<meta property=\"og:image\" content=\"https:\/\/www.gaveanews.com\/wp-content\/uploads\/Rodrigo-Garro-com-a-camisa-do-Corinthians-em-2024.webp\" \/>\n\t<meta property=\"og:image:width\" content=\"1440\" \/>\n\t<meta property=\"og:image:height\" content=\"1085\" \/>\n\t<meta property=\"og:image:type\" content=\"image\/jpeg\" \/>\n<meta name=\"author\" content=\"Marco Menezes\" \/>\n<meta name=\"twitter:card\" content=\"summary_large_image\" \/>\n<meta name=\"twitter:label1\" content=\"Escrito por\" \/>\n\t<meta name=\"twitter:data1\" content=\"Marco Menezes\" \/>\n\t<meta name=\"twitter:label2\" content=\"Est. tempo de leitura\" \/>\n\t<meta name=\"twitter:data2\" content=\"2 minutos\" \/>\n<script type=\"application\/ld+json\" class=\"yoast-schema-graph\">{\"@context\":\"https:\/\/schema.org\",\"@graph\":[{\"@type\":\"NewsArticle\",\"@id\":\"https:\/\/www.gaveanews.com\/index.php\/2025\/01\/06\/quando-vai-acontecer-o-julgamento-de-rodrigo-garro\/#article\",\"isPartOf\":{\"@id\":\"https:\/\/www.gaveanews.com\/index.php\/2025\/01\/06\/quando-vai-acontecer-o-julgamento-de-rodrigo-garro\/\"},\"author\":{\"name\":\"Marco Menezes\",\"@id\":\"https:\/\/www.gaveanews.com\/#\/schema\/person\/a9f62fe75380c6bada1b2fc49bc23d69\"},\"headline\":\"Quando vai acontecer o julgamento de Rodrigo Garro?\",\"datePublished\":\"2025-01-06T17:35:44+00:00\",\"mainEntityOfPage\":{\"@id\":\"https:\/\/www.gaveanews.com\/index.php\/2025\/01\/06\/quando-vai-acontecer-o-julgamento-de-rodrigo-garro\/\"},\"wordCount\":370,\"commentCount\":0,\"image\":{\"@id\":\"https:\/\/www.gaveanews.com\/index.php\/2025\/01\/06\/quando-vai-acontecer-o-julgamento-de-rodrigo-garro\/#primaryimage\"},\"thumbnailUrl\":\"https:\/\/www.gaveanews.com\/wp-content\/uploads\/Rodrigo-Garro-com-a-camisa-do-Corinthians-em-2024.webp\",\"articleSection\":[\"Corinthians\"],\"inLanguage\":\"pt-BR\",\"potentialAction\":[{\"@type\":\"CommentAction\",\"name\":\"Comment\",\"target\":[\"https:\/\/www.gaveanews.com\/index.php\/2025\/01\/06\/quando-vai-acontecer-o-julgamento-de-rodrigo-garro\/#respond\"]}],\"copyrightYear\":\"2025\",\"copyrightHolder\":{\"@id\":\"https:\/\/www.gaveanews.com\/#organization\"}},{\"@type\":\"WebPage\",\"@id\":\"https:\/\/www.gaveanews.com\/index.php\/2025\/01\/06\/quando-vai-acontecer-o-julgamento-de-rodrigo-garro\/\",\"url\":\"https:\/\/www.gaveanews.com\/index.php\/2025\/01\/06\/quando-vai-acontecer-o-julgamento-de-rodrigo-garro\/\",\"name\":\"Quando vai acontecer o julgamento de Rodrigo Garro?\",\"isPartOf\":{\"@id\":\"https:\/\/www.gaveanews.com\/#website\"},\"primaryImageOfPage\":{\"@id\":\"https:\/\/www.gaveanews.com\/index.php\/2025\/01\/06\/quando-vai-acontecer-o-julgamento-de-rodrigo-garro\/#primaryimage\"},\"image\":{\"@id\":\"https:\/\/www.gaveanews.com\/index.php\/2025\/01\/06\/quando-vai-acontecer-o-julgamento-de-rodrigo-garro\/#primaryimage\"},\"thumbnailUrl\":\"https:\/\/www.gaveanews.com\/wp-content\/uploads\/Rodrigo-Garro-com-a-camisa-do-Corinthians-em-2024.webp\",\"datePublished\":\"2025-01-06T17:35:44+00:00\",\"author\":{\"@id\":\"https:\/\/www.gaveanews.com\/#\/schema\/person\/a9f62fe75380c6bada1b2fc49bc23d69\"},\"breadcrumb\":{\"@id\":\"https:\/\/www.gaveanews.com\/index.php\/2025\/01\/06\/quando-vai-acontecer-o-julgamento-de-rodrigo-garro\/#breadcrumb\"},\"inLanguage\":\"pt-BR\",\"potentialAction\":[{\"@type\":\"ReadAction\",\"target\":[\"https:\/\/www.gaveanews.com\/index.php\/2025\/01\/06\/quando-vai-acontecer-o-julgamento-de-rodrigo-garro\/\"]}]},{\"@type\":\"ImageObject\",\"inLanguage\":\"pt-BR\",\"@id\":\"https:\/\/www.gaveanews.com\/index.php\/2025\/01\/06\/quando-vai-acontecer-o-julgamento-de-rodrigo-garro\/#primaryimage\",\"url\":\"https:\/\/www.gaveanews.com\/wp-content\/uploads\/Rodrigo-Garro-com-a-camisa-do-Corinthians-em-2024.webp\",\"contentUrl\":\"https:\/\/www.gaveanews.com\/wp-content\/uploads\/Rodrigo-Garro-com-a-camisa-do-Corinthians-em-2024.webp\",\"width\":1440,\"height\":1085,\"caption\":\"Rodrigo Garro com a camisa do Corinthians em 2024 (Foto: Reprodu\u00e7\u00e3o\/Instagram)\"},{\"@type\":\"BreadcrumbList\",\"@id\":\"https:\/\/www.gaveanews.com\/index.php\/2025\/01\/06\/quando-vai-acontecer-o-julgamento-de-rodrigo-garro\/#breadcrumb\",\"itemListElement\":[{\"@type\":\"ListItem\",\"position\":1,\"name\":\"Home\",\"item\":\"https:\/\/www.gaveanews.com\/\"},{\"@type\":\"ListItem\",\"position\":2,\"name\":\"Quando vai acontecer o julgamento de Rodrigo Garro?\"}]},{\"@type\":\"WebSite\",\"@id\":\"https:\/\/www.gaveanews.com\/#website\",\"url\":\"https:\/\/www.gaveanews.com\/\",\"name\":\"G\u00e1vea News\",\"description\":\"Veja todas as not\u00edcias sobre o Flamengo: Contrata\u00e7\u00f5es, categorias de base, resultados das partidas, tabela de classifica\u00e7\u00e3o, pr\u00f3ximos jogos!\",\"potentialAction\":[{\"@type\":\"SearchAction\",\"target\":{\"@type\":\"EntryPoint\",\"urlTemplate\":\"https:\/\/www.gaveanews.com\/?s={search_term_string}\"},\"query-input\":{\"@type\":\"PropertyValueSpecification\",\"valueRequired\":true,\"valueName\":\"search_term_string\"}}],\"inLanguage\":\"pt-BR\"},{\"@type\":\"Person\",\"@id\":\"https:\/\/www.gaveanews.com\/#\/schema\/person\/a9f62fe75380c6bada1b2fc49bc23d69\",\"name\":\"Marco Menezes\",\"image\":{\"@type\":\"ImageObject\",\"inLanguage\":\"pt-BR\",\"@id\":\"https:\/\/www.gaveanews.com\/#\/schema\/person\/image\/\",\"url\":\"https:\/\/secure.gravatar.com\/avatar\/a1d148ae17fc8bfc5dbccffd07979e8bd2c9ba494221779de86ec2c7907b71ec?s=96&d=mm&r=g\",\"contentUrl\":\"https:\/\/secure.gravatar.com\/avatar\/a1d148ae17fc8bfc5dbccffd07979e8bd2c9ba494221779de86ec2c7907b71ec?s=96&d=mm&r=g\",\"caption\":\"Marco Menezes\"}}]}<\/script>\n<!-- \/ Yoast SEO Premium plugin. -->","yoast_head_json":{"title":"Quando vai acontecer o julgamento de Rodrigo Garro?","robots":{"index":"index","follow":"follow","max-snippet":"max-snippet:-1","max-image-preview":"max-image-preview:large","max-video-preview":"max-video-preview:-1"},"canonical":"https:\/\/www.gaveanews.com\/index.php\/2025\/01\/06\/quando-vai-acontecer-o-julgamento-de-rodrigo-garro\/","og_locale":"pt_BR","og_type":"article","og_title":"Quando vai acontecer o julgamento de Rodrigo Garro?","og_description":"Envolvido em um acidente fatal, o meio-campista Rodrigo Garro foi indiciado por homic\u00eddio culposo no \u00faltimo domingo (5\/1) depois de uma audi\u00eancia com as autoridades argentinas. Agora, o jogador do Corinthians aguarda o julgamento ser marcado.&nbsp; Na audi\u00eancia, ele esteve acompanhado do advogado David Div\u00e1n e prestou depoimento por quase uma hora. Ap\u00f3s a oitiva [&hellip;]","og_url":"https:\/\/www.gaveanews.com\/index.php\/2025\/01\/06\/quando-vai-acontecer-o-julgamento-de-rodrigo-garro\/","og_site_name":"G\u00e1vea News","article_publisher":"https:\/\/facebook.com\/gaveaNews\/","article_published_time":"2025-01-06T17:35:44+00:00","og_image":[{"width":1440,"height":1085,"url":"https:\/\/www.gaveanews.com\/wp-content\/uploads\/Rodrigo-Garro-com-a-camisa-do-Corinthians-em-2024.webp","type":"image\/jpeg"}],"author":"Marco Menezes","twitter_card":"summary_large_image","twitter_misc":{"Escrito por":"Marco Menezes","Est. tempo de leitura":"2 minutos"},"schema":{"@context":"https:\/\/schema.org","@graph":[{"@type":"NewsArticle","@id":"https:\/\/www.gaveanews.com\/index.php\/2025\/01\/06\/quando-vai-acontecer-o-julgamento-de-rodrigo-garro\/#article","isPartOf":{"@id":"https:\/\/www.gaveanews.com\/index.php\/2025\/01\/06\/quando-vai-acontecer-o-julgamento-de-rodrigo-garro\/"},"author":{"name":"Marco Menezes","@id":"https:\/\/www.gaveanews.com\/#\/schema\/person\/a9f62fe75380c6bada1b2fc49bc23d69"},"headline":"Quando vai acontecer o julgamento de Rodrigo Garro?","datePublished":"2025-01-06T17:35:44+00:00","mainEntityOfPage":{"@id":"https:\/\/www.gaveanews.com\/index.php\/2025\/01\/06\/quando-vai-acontecer-o-julgamento-de-rodrigo-garro\/"},"wordCount":370,"commentCount":0,"image":{"@id":"https:\/\/www.gaveanews.com\/index.php\/2025\/01\/06\/quando-vai-acontecer-o-julgamento-de-rodrigo-garro\/#primaryimage"},"thumbnailUrl":"https:\/\/www.gaveanews.com\/wp-content\/uploads\/Rodrigo-Garro-com-a-camisa-do-Corinthians-em-2024.webp","articleSection":["Corinthians"],"inLanguage":"pt-BR","potentialAction":[{"@type":"CommentAction","name":"Comment","target":["https:\/\/www.gaveanews.com\/index.php\/2025\/01\/06\/quando-vai-acontecer-o-julgamento-de-rodrigo-garro\/#respond"]}],"copyrightYear":"2025","copyrightHolder":{"@id":"https:\/\/www.gaveanews.com\/#organization"}},{"@type":"WebPage","@id":"https:\/\/www.gaveanews.com\/index.php\/2025\/01\/06\/quando-vai-acontecer-o-julgamento-de-rodrigo-garro\/","url":"https:\/\/www.gaveanews.com\/index.php\/2025\/01\/06\/quando-vai-acontecer-o-julgamento-de-rodrigo-garro\/","name":"Quando vai acontecer o julgamento de Rodrigo Garro?","isPartOf":{"@id":"https:\/\/www.gaveanews.com\/#website"},"primaryImageOfPage":{"@id":"https:\/\/www.gaveanews.com\/index.php\/2025\/01\/06\/quando-vai-acontecer-o-julgamento-de-rodrigo-garro\/#primaryimage"},"image":{"@id":"https:\/\/www.gaveanews.com\/index.php\/2025\/01\/06\/quando-vai-acontecer-o-julgamento-de-rodrigo-garro\/#primaryimage"},"thumbnailUrl":"https:\/\/www.gaveanews.com\/wp-content\/uploads\/Rodrigo-Garro-com-a-camisa-do-Corinthians-em-2024.webp","datePublished":"2025-01-06T17:35:44+00:00","author":{"@id":"https:\/\/www.gaveanews.com\/#\/schema\/person\/a9f62fe75380c6bada1b2fc49bc23d69"},"breadcrumb":{"@id":"https:\/\/www.gaveanews.com\/index.php\/2025\/01\/06\/quando-vai-acontecer-o-julgamento-de-rodrigo-garro\/#breadcrumb"},"inLanguage":"pt-BR","potentialAction":[{"@type":"ReadAction","target":["https:\/\/www.gaveanews.com\/index.php\/2025\/01\/06\/quando-vai-acontecer-o-julgamento-de-rodrigo-garro\/"]}]},{"@type":"ImageObject","inLanguage":"pt-BR","@id":"https:\/\/www.gaveanews.com\/index.php\/2025\/01\/06\/quando-vai-acontecer-o-julgamento-de-rodrigo-garro\/#primaryimage","url":"https:\/\/www.gaveanews.com\/wp-content\/uploads\/Rodrigo-Garro-com-a-camisa-do-Corinthians-em-2024.webp","contentUrl":"https:\/\/www.gaveanews.com\/wp-content\/uploads\/Rodrigo-Garro-com-a-camisa-do-Corinthians-em-2024.webp","width":1440,"height":1085,"caption":"Rodrigo Garro com a camisa do Corinthians em 2024 (Foto: Reprodu\u00e7\u00e3o\/Instagram)"},{"@type":"BreadcrumbList","@id":"https:\/\/www.gaveanews.com\/index.php\/2025\/01\/06\/quando-vai-acontecer-o-julgamento-de-rodrigo-garro\/#breadcrumb","itemListElement":[{"@type":"ListItem","position":1,"name":"Home","item":"https:\/\/www.gaveanews.com\/"},{"@type":"ListItem","position":2,"name":"Quando vai acontecer o julgamento de Rodrigo Garro?"}]},{"@type":"WebSite","@id":"https:\/\/www.gaveanews.com\/#website","url":"https:\/\/www.gaveanews.com\/","name":"G\u00e1vea News","description":"Veja todas as not\u00edcias sobre o Flamengo: Contrata\u00e7\u00f5es, categorias de base, resultados das partidas, tabela de classifica\u00e7\u00e3o, pr\u00f3ximos jogos!","potentialAction":[{"@type":"SearchAction","target":{"@type":"EntryPoint","urlTemplate":"https:\/\/www.gaveanews.com\/?s={search_term_string}"},"query-input":{"@type":"PropertyValueSpecification","valueRequired":true,"valueName":"search_term_string"}}],"inLanguage":"pt-BR"},{"@type":"Person","@id":"https:\/\/www.gaveanews.com\/#\/schema\/person\/a9f62fe75380c6bada1b2fc49bc23d69","name":"Marco Menezes","image":{"@type":"ImageObject","inLanguage":"pt-BR","@id":"https:\/\/www.gaveanews.com\/#\/schema\/person\/image\/","url":"https:\/\/secure.gravatar.com\/avatar\/a1d148ae17fc8bfc5dbccffd07979e8bd2c9ba494221779de86ec2c7907b71ec?s=96&d=mm&r=g","contentUrl":"https:\/\/secure.gravatar.com\/avatar\/a1d148ae17fc8bfc5dbccffd07979e8bd2c9ba494221779de86ec2c7907b71ec?s=96&d=mm&r=g","caption":"Marco Menezes"}}]}},"_links":{"self":[{"href":"https:\/\/www.gaveanews.com\/index.php\/wp-json\/wp\/v2\/posts\/208123","targetHints":{"allow":["GET"]}}],"collection":[{"href":"https:\/\/www.gaveanews.com\/index.php\/wp-json\/wp\/v2\/posts"}],"about":[{"href":"https:\/\/www.gaveanews.com\/index.php\/wp-json\/wp\/v2\/types\/post"}],"author":[{"embeddable":true,"href":"https:\/\/www.gaveanews.com\/index.php\/wp-json\/wp\/v2\/users\/29"}],"replies":[{"embeddable":true,"href":"https:\/\/www.gaveanews.com\/index.php\/wp-json\/wp\/v2\/comments?post=208123"}],"version-history":[{"count":1,"href":"https:\/\/www.gaveanews.com\/index.php\/wp-json\/wp\/v2\/posts\/208123\/revisions"}],"predecessor-version":[{"id":208124,"href":"https:\/\/www.gaveanews.com\/index.php\/wp-json\/wp\/v2\/posts\/208123\/revisions\/208124"}],"wp:featuredmedia":[{"embeddable":true,"href":"https:\/\/www.gaveanews.com\/index.php\/wp-json\/wp\/v2\/media\/161268"}],"wp:attachment":[{"href":"https:\/\/www.gaveanews.com\/index.php\/wp-json\/wp\/v2\/media?parent=208123"}],"wp:term":[{"taxonomy":"category","embeddable":true,"href":"https:\/\/www.gaveanews.com\/index.php\/wp-json\/wp\/v2\/categories?post=208123"},{"taxonomy":"post_tag","embeddable":true,"href":"https:\/\/www.gaveanews.com\/index.php\/wp-json\/wp\/v2\/tags?post=208123"}],"curies":[{"name":"wp","href":"https:\/\/api.w.org\/{rel}","templated":true}]}}