{"id":208185,"date":"2025-01-06T15:30:00","date_gmt":"2025-01-06T18:30:00","guid":{"rendered":"https:\/\/www.gaveanews.com\/?p=208185"},"modified":"2025-01-06T14:29:39","modified_gmt":"2025-01-06T17:29:39","slug":"cruzeiro-a-declaracao-de-julio-gomes-sobre-as-contratacoes-para-2025","status":"publish","type":"post","link":"https:\/\/www.gaveanews.com\/index.php\/2025\/01\/06\/cruzeiro-a-declaracao-de-julio-gomes-sobre-as-contratacoes-para-2025\/","title":{"rendered":"Cruzeiro: a declara\u00e7\u00e3o de Julio Gomes sobre as contrata\u00e7\u00f5es para 2025"},"content":{"rendered":"\n<p>O Cruzeiro segue movimentando o mercado de transfer\u00eancias com contrata\u00e7\u00f5es de peso, mas as apostas no elenco recheado de veteranos geram muitas d\u00favidas. O jornalista Julio Gomes comentou sobre as escolhas do clube mineiro, destacando que a montagem do time pode ter dois cen\u00e1rios: um sucesso ou um grande fracasso. <\/p>\n\n\n\n<ul class=\"wp-block-list\">\n<li><a href=\"https:\/\/www.gaveanews.com\/index.php\/2025\/01\/05\/santos-acerta-contratacao-de-jogador-do-cruzeiro\/\">Santos acerta contrata\u00e7\u00e3o de jogador do Cruzeiro<\/a><\/li>\n\n\n\n<li><a href=\"https:\/\/www.gaveanews.com\/index.php\/2025\/01\/05\/cruzeiro-gabigol-provoca-torcedor-do-atletico-mg\/\">Cruzeiro: Gabigol provoca torcedor do Atl\u00e9tico-MG<\/a><\/li>\n<\/ul>\n\n\n\n<p>&#8220;O Cruzeiro est\u00e1 montando um time de veteranos, que alguns torcedores advers\u00e1rios chamar\u00e3o de &#8216;refugos&#8217;. A gente saber\u00e1 se ser\u00e3o refugos ou veteranos mais para frente. Lembrando que o time de veteranos do Fluminense foi campe\u00e3o da Libertadores nas m\u00e3os do Diniz. Ent\u00e3o, vamos ficar de olho&#8221;, afirmou Gomes.<\/p>\n\n\n\n<h2 class=\"wp-block-heading\" id=\"h-o-que-esperar-dos-veteranos-do-cruzeiro\">O que esperar dos &#8220;veteranos&#8221; do Cruzeiro?<\/h2>\n\n\n\n<p>O Cruzeiro investiu em jogadores consagrados, conhecidos pelo seu hist\u00f3rico no futebol brasileiro. Dentre os novos refor\u00e7os, Dudu \u00e9 um dos nomes de peso que chegou \u00e0 Toca da Raposa. O atacante, que quase foi contratado no meio do ano passado, j\u00e1 foi anunciado e apresentado pelo clube, assinando at\u00e9 2027. Al\u00e9m disso, o atacante Gabigol, \u00eddolo do Flamengo, tamb\u00e9m foi anunciado como o &#8220;presente de ano novo&#8221; da Raposa. Gabigol deixou o Flamengo e agora defende o Cruzeiro, gerando grande expectativa pela sua atua\u00e7\u00e3o.<\/p>\n\n\n\n<h2 class=\"wp-block-heading\" id=\"h-outros-reforcos-uma-mistura-de-experiencia-e-juventude\">Outros refor\u00e7os: uma mistura de experi\u00eancia e juventude<\/h2>\n\n\n\n<p>O Cruzeiro tamb\u00e9m trouxe outras figuras de destaque para a temporada de 2025. Confira a lista completa das contrata\u00e7\u00f5es:<\/p>\n\n\n\n<ul class=\"wp-block-list\">\n<li><strong>Dudu<\/strong>: atacante, chegou ap\u00f3s negocia\u00e7\u00e3o frustrada no meio de 2024, assina at\u00e9 2027.<\/li>\n\n\n\n<li><strong>Gabigol<\/strong>: atacante, \u00eddolo do Flamengo, foi anunciado como presente de ano novo e se junta ao Cruzeiro ap\u00f3s sua sa\u00edda do clube carioca.<\/li>\n\n\n\n<li><strong>Eduardo<\/strong>: meia, ex-Botafogo, chega para refor\u00e7ar o meio-campo ap\u00f3s perder espa\u00e7o na equipe carioca.<\/li>\n\n\n\n<li><strong>Fagner<\/strong>: lateral-direito, 35 anos, emprestado pelo Corinthians para fortalecer a defesa.<\/li>\n\n\n\n<li><strong>Bolasie<\/strong>: atacante, 35 anos, ex-Crici\u00fama, chega com contrato at\u00e9 dezembro de 2025.<\/li>\n\n\n\n<li><strong>Rodriguinho<\/strong>: meia, revelado pelo Am\u00e9rica-MG, assina at\u00e9 2027, trazendo juventude e talento ao meio-campo celeste.<\/li>\n\n\n\n<li><strong>Christian<\/strong>: volante, ex-Athletico, foi o primeiro refor\u00e7o confirmado para 2025 e assina at\u00e9 o final de 2027.<\/li>\n<\/ul>\n\n\n\n<h2 class=\"wp-block-heading\" id=\"h-o-desafio-do-cruzeiro-em-2025-riscos-e-oportunidades\">O desafio do Cruzeiro em 2025: riscos e oportunidades<\/h2>\n\n\n\n<p>Com essas contrata\u00e7\u00f5es, a grande interroga\u00e7\u00e3o fica no ar. Vale destacar que, por um lado, os veteranos podem trazer experi\u00eancia e t\u00edtulos, como o time do Fluminense, campe\u00e3o da Libertadores sob o comando de Fernando Diniz. No entanto, a press\u00e3o por resultados pode ser grande, principalmente pela expectativa em torno de nomes como Dudu e Gabigol. <\/p>\n\n\n\n<p>Cabe ressaltar que, sendo assim, 2025 promete ser um ano de altos e baixos para o Cruzeiro, e ser\u00e1 interessante acompanhar se o time conseguir\u00e1 entregar o que se espera ou se as apostas podem n\u00e3o se concretizar da maneira desejada. Com isso, o futuro da Raposa est\u00e1 cheio de possibilidades.<\/p>\n","protected":false},"excerpt":{"rendered":"<p>O Cruzeiro segue movimentando o mercado de transfer\u00eancias com contrata\u00e7\u00f5es de peso, mas as apostas no elenco recheado de veteranos geram muitas d\u00favidas. O jornalista Julio Gomes comentou sobre as escolhas do clube mineiro, destacando que a montagem do time pode ter dois cen\u00e1rios: um sucesso ou um grande fracasso. &#8220;O Cruzeiro est\u00e1 montando um [&hellip;]<\/p>\n","protected":false},"author":24,"featured_media":207621,"comment_status":"open","ping_status":"closed","sticky":false,"template":"","format":"standard","meta":{"footnotes":""},"categories":[143],"tags":[],"class_list":["post-208185","post","type-post","status-publish","format-standard","has-post-thumbnail","hentry","category-cruzeiro"],"yoast_head":"<!-- This site is optimized with the Yoast SEO Premium plugin v24.2 (Yoast SEO v26.9) - https:\/\/yoast.com\/product\/yoast-seo-premium-wordpress\/ -->\n<title>Cruzeiro: a declara\u00e7\u00e3o de Julio Gomes sobre as contrata\u00e7\u00f5es para 2025<\/title>\n<meta name=\"robots\" content=\"index, follow, max-snippet:-1, max-image-preview:large, max-video-preview:-1\" \/>\n<link rel=\"canonical\" href=\"https:\/\/www.gaveanews.com\/index.php\/2025\/01\/06\/cruzeiro-a-declaracao-de-julio-gomes-sobre-as-contratacoes-para-2025\/\" \/>\n<meta property=\"og:locale\" content=\"pt_BR\" \/>\n<meta property=\"og:type\" content=\"article\" \/>\n<meta property=\"og:title\" content=\"Cruzeiro: a declara\u00e7\u00e3o de Julio Gomes sobre as contrata\u00e7\u00f5es para 2025\" \/>\n<meta property=\"og:description\" content=\"O Cruzeiro segue movimentando o mercado de transfer\u00eancias com contrata\u00e7\u00f5es de peso, mas as apostas no elenco recheado de veteranos geram muitas d\u00favidas. O jornalista Julio Gomes comentou sobre as escolhas do clube mineiro, destacando que a montagem do time pode ter dois cen\u00e1rios: um sucesso ou um grande fracasso. &#8220;O Cruzeiro est\u00e1 montando um [&hellip;]\" \/>\n<meta property=\"og:url\" content=\"https:\/\/www.gaveanews.com\/index.php\/2025\/01\/06\/cruzeiro-a-declaracao-de-julio-gomes-sobre-as-contratacoes-para-2025\/\" \/>\n<meta property=\"og:site_name\" content=\"G\u00e1vea News\" \/>\n<meta property=\"article:publisher\" content=\"https:\/\/facebook.com\/gaveaNews\/\" \/>\n<meta property=\"article:published_time\" content=\"2025-01-06T18:30:00+00:00\" \/>\n<meta property=\"og:image\" content=\"https:\/\/www.gaveanews.com\/wp-content\/uploads\/cruzeiro_anuncia-scaled-aspect-ratio-512-320.webp\" \/>\n\t<meta property=\"og:image:width\" content=\"1080\" \/>\n\t<meta property=\"og:image:height\" content=\"674\" \/>\n\t<meta property=\"og:image:type\" content=\"image\/webp\" \/>\n<meta name=\"author\" content=\"Leandro Cardoso\" \/>\n<meta name=\"twitter:card\" content=\"summary_large_image\" \/>\n<meta name=\"twitter:label1\" content=\"Escrito por\" \/>\n\t<meta name=\"twitter:data1\" content=\"Leandro Cardoso\" \/>\n\t<meta name=\"twitter:label2\" content=\"Est. tempo de leitura\" \/>\n\t<meta name=\"twitter:data2\" content=\"3 minutos\" \/>\n<script type=\"application\/ld+json\" class=\"yoast-schema-graph\">{\"@context\":\"https:\/\/schema.org\",\"@graph\":[{\"@type\":\"NewsArticle\",\"@id\":\"https:\/\/www.gaveanews.com\/index.php\/2025\/01\/06\/cruzeiro-a-declaracao-de-julio-gomes-sobre-as-contratacoes-para-2025\/#article\",\"isPartOf\":{\"@id\":\"https:\/\/www.gaveanews.com\/index.php\/2025\/01\/06\/cruzeiro-a-declaracao-de-julio-gomes-sobre-as-contratacoes-para-2025\/\"},\"author\":{\"name\":\"Leandro Cardoso\",\"@id\":\"https:\/\/www.gaveanews.com\/#\/schema\/person\/2424ec6409bc3f068411fc5e4e9b6168\"},\"headline\":\"Cruzeiro: a declara\u00e7\u00e3o de Julio Gomes sobre as contrata\u00e7\u00f5es para 2025\",\"datePublished\":\"2025-01-06T18:30:00+00:00\",\"mainEntityOfPage\":{\"@id\":\"https:\/\/www.gaveanews.com\/index.php\/2025\/01\/06\/cruzeiro-a-declaracao-de-julio-gomes-sobre-as-contratacoes-para-2025\/\"},\"wordCount\":488,\"commentCount\":0,\"image\":{\"@id\":\"https:\/\/www.gaveanews.com\/index.php\/2025\/01\/06\/cruzeiro-a-declaracao-de-julio-gomes-sobre-as-contratacoes-para-2025\/#primaryimage\"},\"thumbnailUrl\":\"https:\/\/www.gaveanews.com\/wp-content\/uploads\/cruzeiro_anuncia-scaled-aspect-ratio-512-320.webp\",\"articleSection\":[\"Cruzeiro\"],\"inLanguage\":\"pt-BR\",\"potentialAction\":[{\"@type\":\"CommentAction\",\"name\":\"Comment\",\"target\":[\"https:\/\/www.gaveanews.com\/index.php\/2025\/01\/06\/cruzeiro-a-declaracao-de-julio-gomes-sobre-as-contratacoes-para-2025\/#respond\"]}],\"copyrightYear\":\"2025\",\"copyrightHolder\":{\"@id\":\"https:\/\/www.gaveanews.com\/#organization\"}},{\"@type\":\"WebPage\",\"@id\":\"https:\/\/www.gaveanews.com\/index.php\/2025\/01\/06\/cruzeiro-a-declaracao-de-julio-gomes-sobre-as-contratacoes-para-2025\/\",\"url\":\"https:\/\/www.gaveanews.com\/index.php\/2025\/01\/06\/cruzeiro-a-declaracao-de-julio-gomes-sobre-as-contratacoes-para-2025\/\",\"name\":\"Cruzeiro: a declara\u00e7\u00e3o de Julio Gomes sobre as contrata\u00e7\u00f5es para 2025\",\"isPartOf\":{\"@id\":\"https:\/\/www.gaveanews.com\/#website\"},\"primaryImageOfPage\":{\"@id\":\"https:\/\/www.gaveanews.com\/index.php\/2025\/01\/06\/cruzeiro-a-declaracao-de-julio-gomes-sobre-as-contratacoes-para-2025\/#primaryimage\"},\"image\":{\"@id\":\"https:\/\/www.gaveanews.com\/index.php\/2025\/01\/06\/cruzeiro-a-declaracao-de-julio-gomes-sobre-as-contratacoes-para-2025\/#primaryimage\"},\"thumbnailUrl\":\"https:\/\/www.gaveanews.com\/wp-content\/uploads\/cruzeiro_anuncia-scaled-aspect-ratio-512-320.webp\",\"datePublished\":\"2025-01-06T18:30:00+00:00\",\"author\":{\"@id\":\"https:\/\/www.gaveanews.com\/#\/schema\/person\/2424ec6409bc3f068411fc5e4e9b6168\"},\"breadcrumb\":{\"@id\":\"https:\/\/www.gaveanews.com\/index.php\/2025\/01\/06\/cruzeiro-a-declaracao-de-julio-gomes-sobre-as-contratacoes-para-2025\/#breadcrumb\"},\"inLanguage\":\"pt-BR\",\"potentialAction\":[{\"@type\":\"ReadAction\",\"target\":[\"https:\/\/www.gaveanews.com\/index.php\/2025\/01\/06\/cruzeiro-a-declaracao-de-julio-gomes-sobre-as-contratacoes-para-2025\/\"]}]},{\"@type\":\"ImageObject\",\"inLanguage\":\"pt-BR\",\"@id\":\"https:\/\/www.gaveanews.com\/index.php\/2025\/01\/06\/cruzeiro-a-declaracao-de-julio-gomes-sobre-as-contratacoes-para-2025\/#primaryimage\",\"url\":\"https:\/\/www.gaveanews.com\/wp-content\/uploads\/cruzeiro_anuncia-scaled-aspect-ratio-512-320.webp\",\"contentUrl\":\"https:\/\/www.gaveanews.com\/wp-content\/uploads\/cruzeiro_anuncia-scaled-aspect-ratio-512-320.webp\",\"width\":1080,\"height\":674,\"caption\":\"Apresenta\u00e7\u00e3o do Cruzeiro- Foto: Divulga\u00e7\u00e3o\/Cruzeiro\"},{\"@type\":\"BreadcrumbList\",\"@id\":\"https:\/\/www.gaveanews.com\/index.php\/2025\/01\/06\/cruzeiro-a-declaracao-de-julio-gomes-sobre-as-contratacoes-para-2025\/#breadcrumb\",\"itemListElement\":[{\"@type\":\"ListItem\",\"position\":1,\"name\":\"Home\",\"item\":\"https:\/\/www.gaveanews.com\/\"},{\"@type\":\"ListItem\",\"position\":2,\"name\":\"Cruzeiro: a declara\u00e7\u00e3o de Julio Gomes sobre as contrata\u00e7\u00f5es para 2025\"}]},{\"@type\":\"WebSite\",\"@id\":\"https:\/\/www.gaveanews.com\/#website\",\"url\":\"https:\/\/www.gaveanews.com\/\",\"name\":\"G\u00e1vea News\",\"description\":\"Veja todas as not\u00edcias sobre o Flamengo: Contrata\u00e7\u00f5es, categorias de base, resultados das partidas, tabela de classifica\u00e7\u00e3o, pr\u00f3ximos jogos!\",\"potentialAction\":[{\"@type\":\"SearchAction\",\"target\":{\"@type\":\"EntryPoint\",\"urlTemplate\":\"https:\/\/www.gaveanews.com\/?s={search_term_string}\"},\"query-input\":{\"@type\":\"PropertyValueSpecification\",\"valueRequired\":true,\"valueName\":\"search_term_string\"}}],\"inLanguage\":\"pt-BR\"},{\"@type\":\"Person\",\"@id\":\"https:\/\/www.gaveanews.com\/#\/schema\/person\/2424ec6409bc3f068411fc5e4e9b6168\",\"name\":\"Leandro Cardoso\",\"image\":{\"@type\":\"ImageObject\",\"inLanguage\":\"pt-BR\",\"@id\":\"https:\/\/www.gaveanews.com\/#\/schema\/person\/image\/\",\"url\":\"https:\/\/secure.gravatar.com\/avatar\/8ca179f9b55eefe9f376f5493ef25475bfa59fbc28ce937f6076ce20e523098f?s=96&d=mm&r=g\",\"contentUrl\":\"https:\/\/secure.gravatar.com\/avatar\/8ca179f9b55eefe9f376f5493ef25475bfa59fbc28ce937f6076ce20e523098f?s=96&d=mm&r=g\",\"caption\":\"Leandro Cardoso\"}}]}<\/script>\n<!-- \/ Yoast SEO Premium plugin. -->","yoast_head_json":{"title":"Cruzeiro: a declara\u00e7\u00e3o de Julio Gomes sobre as contrata\u00e7\u00f5es para 2025","robots":{"index":"index","follow":"follow","max-snippet":"max-snippet:-1","max-image-preview":"max-image-preview:large","max-video-preview":"max-video-preview:-1"},"canonical":"https:\/\/www.gaveanews.com\/index.php\/2025\/01\/06\/cruzeiro-a-declaracao-de-julio-gomes-sobre-as-contratacoes-para-2025\/","og_locale":"pt_BR","og_type":"article","og_title":"Cruzeiro: a declara\u00e7\u00e3o de Julio Gomes sobre as contrata\u00e7\u00f5es para 2025","og_description":"O Cruzeiro segue movimentando o mercado de transfer\u00eancias com contrata\u00e7\u00f5es de peso, mas as apostas no elenco recheado de veteranos geram muitas d\u00favidas. O jornalista Julio Gomes comentou sobre as escolhas do clube mineiro, destacando que a montagem do time pode ter dois cen\u00e1rios: um sucesso ou um grande fracasso. &#8220;O Cruzeiro est\u00e1 montando um [&hellip;]","og_url":"https:\/\/www.gaveanews.com\/index.php\/2025\/01\/06\/cruzeiro-a-declaracao-de-julio-gomes-sobre-as-contratacoes-para-2025\/","og_site_name":"G\u00e1vea News","article_publisher":"https:\/\/facebook.com\/gaveaNews\/","article_published_time":"2025-01-06T18:30:00+00:00","og_image":[{"width":1080,"height":674,"url":"https:\/\/www.gaveanews.com\/wp-content\/uploads\/cruzeiro_anuncia-scaled-aspect-ratio-512-320.webp","type":"image\/webp"}],"author":"Leandro Cardoso","twitter_card":"summary_large_image","twitter_misc":{"Escrito por":"Leandro Cardoso","Est. tempo de leitura":"3 minutos"},"schema":{"@context":"https:\/\/schema.org","@graph":[{"@type":"NewsArticle","@id":"https:\/\/www.gaveanews.com\/index.php\/2025\/01\/06\/cruzeiro-a-declaracao-de-julio-gomes-sobre-as-contratacoes-para-2025\/#article","isPartOf":{"@id":"https:\/\/www.gaveanews.com\/index.php\/2025\/01\/06\/cruzeiro-a-declaracao-de-julio-gomes-sobre-as-contratacoes-para-2025\/"},"author":{"name":"Leandro Cardoso","@id":"https:\/\/www.gaveanews.com\/#\/schema\/person\/2424ec6409bc3f068411fc5e4e9b6168"},"headline":"Cruzeiro: a declara\u00e7\u00e3o de Julio Gomes sobre as contrata\u00e7\u00f5es para 2025","datePublished":"2025-01-06T18:30:00+00:00","mainEntityOfPage":{"@id":"https:\/\/www.gaveanews.com\/index.php\/2025\/01\/06\/cruzeiro-a-declaracao-de-julio-gomes-sobre-as-contratacoes-para-2025\/"},"wordCount":488,"commentCount":0,"image":{"@id":"https:\/\/www.gaveanews.com\/index.php\/2025\/01\/06\/cruzeiro-a-declaracao-de-julio-gomes-sobre-as-contratacoes-para-2025\/#primaryimage"},"thumbnailUrl":"https:\/\/www.gaveanews.com\/wp-content\/uploads\/cruzeiro_anuncia-scaled-aspect-ratio-512-320.webp","articleSection":["Cruzeiro"],"inLanguage":"pt-BR","potentialAction":[{"@type":"CommentAction","name":"Comment","target":["https:\/\/www.gaveanews.com\/index.php\/2025\/01\/06\/cruzeiro-a-declaracao-de-julio-gomes-sobre-as-contratacoes-para-2025\/#respond"]}],"copyrightYear":"2025","copyrightHolder":{"@id":"https:\/\/www.gaveanews.com\/#organization"}},{"@type":"WebPage","@id":"https:\/\/www.gaveanews.com\/index.php\/2025\/01\/06\/cruzeiro-a-declaracao-de-julio-gomes-sobre-as-contratacoes-para-2025\/","url":"https:\/\/www.gaveanews.com\/index.php\/2025\/01\/06\/cruzeiro-a-declaracao-de-julio-gomes-sobre-as-contratacoes-para-2025\/","name":"Cruzeiro: a declara\u00e7\u00e3o de Julio Gomes sobre as contrata\u00e7\u00f5es para 2025","isPartOf":{"@id":"https:\/\/www.gaveanews.com\/#website"},"primaryImageOfPage":{"@id":"https:\/\/www.gaveanews.com\/index.php\/2025\/01\/06\/cruzeiro-a-declaracao-de-julio-gomes-sobre-as-contratacoes-para-2025\/#primaryimage"},"image":{"@id":"https:\/\/www.gaveanews.com\/index.php\/2025\/01\/06\/cruzeiro-a-declaracao-de-julio-gomes-sobre-as-contratacoes-para-2025\/#primaryimage"},"thumbnailUrl":"https:\/\/www.gaveanews.com\/wp-content\/uploads\/cruzeiro_anuncia-scaled-aspect-ratio-512-320.webp","datePublished":"2025-01-06T18:30:00+00:00","author":{"@id":"https:\/\/www.gaveanews.com\/#\/schema\/person\/2424ec6409bc3f068411fc5e4e9b6168"},"breadcrumb":{"@id":"https:\/\/www.gaveanews.com\/index.php\/2025\/01\/06\/cruzeiro-a-declaracao-de-julio-gomes-sobre-as-contratacoes-para-2025\/#breadcrumb"},"inLanguage":"pt-BR","potentialAction":[{"@type":"ReadAction","target":["https:\/\/www.gaveanews.com\/index.php\/2025\/01\/06\/cruzeiro-a-declaracao-de-julio-gomes-sobre-as-contratacoes-para-2025\/"]}]},{"@type":"ImageObject","inLanguage":"pt-BR","@id":"https:\/\/www.gaveanews.com\/index.php\/2025\/01\/06\/cruzeiro-a-declaracao-de-julio-gomes-sobre-as-contratacoes-para-2025\/#primaryimage","url":"https:\/\/www.gaveanews.com\/wp-content\/uploads\/cruzeiro_anuncia-scaled-aspect-ratio-512-320.webp","contentUrl":"https:\/\/www.gaveanews.com\/wp-content\/uploads\/cruzeiro_anuncia-scaled-aspect-ratio-512-320.webp","width":1080,"height":674,"caption":"Apresenta\u00e7\u00e3o do Cruzeiro- Foto: Divulga\u00e7\u00e3o\/Cruzeiro"},{"@type":"BreadcrumbList","@id":"https:\/\/www.gaveanews.com\/index.php\/2025\/01\/06\/cruzeiro-a-declaracao-de-julio-gomes-sobre-as-contratacoes-para-2025\/#breadcrumb","itemListElement":[{"@type":"ListItem","position":1,"name":"Home","item":"https:\/\/www.gaveanews.com\/"},{"@type":"ListItem","position":2,"name":"Cruzeiro: a declara\u00e7\u00e3o de Julio Gomes sobre as contrata\u00e7\u00f5es para 2025"}]},{"@type":"WebSite","@id":"https:\/\/www.gaveanews.com\/#website","url":"https:\/\/www.gaveanews.com\/","name":"G\u00e1vea News","description":"Veja todas as not\u00edcias sobre o Flamengo: Contrata\u00e7\u00f5es, categorias de base, resultados das partidas, tabela de classifica\u00e7\u00e3o, pr\u00f3ximos jogos!","potentialAction":[{"@type":"SearchAction","target":{"@type":"EntryPoint","urlTemplate":"https:\/\/www.gaveanews.com\/?s={search_term_string}"},"query-input":{"@type":"PropertyValueSpecification","valueRequired":true,"valueName":"search_term_string"}}],"inLanguage":"pt-BR"},{"@type":"Person","@id":"https:\/\/www.gaveanews.com\/#\/schema\/person\/2424ec6409bc3f068411fc5e4e9b6168","name":"Leandro Cardoso","image":{"@type":"ImageObject","inLanguage":"pt-BR","@id":"https:\/\/www.gaveanews.com\/#\/schema\/person\/image\/","url":"https:\/\/secure.gravatar.com\/avatar\/8ca179f9b55eefe9f376f5493ef25475bfa59fbc28ce937f6076ce20e523098f?s=96&d=mm&r=g","contentUrl":"https:\/\/secure.gravatar.com\/avatar\/8ca179f9b55eefe9f376f5493ef25475bfa59fbc28ce937f6076ce20e523098f?s=96&d=mm&r=g","caption":"Leandro Cardoso"}}]}},"_links":{"self":[{"href":"https:\/\/www.gaveanews.com\/index.php\/wp-json\/wp\/v2\/posts\/208185","targetHints":{"allow":["GET"]}}],"collection":[{"href":"https:\/\/www.gaveanews.com\/index.php\/wp-json\/wp\/v2\/posts"}],"about":[{"href":"https:\/\/www.gaveanews.com\/index.php\/wp-json\/wp\/v2\/types\/post"}],"author":[{"embeddable":true,"href":"https:\/\/www.gaveanews.com\/index.php\/wp-json\/wp\/v2\/users\/24"}],"replies":[{"embeddable":true,"href":"https:\/\/www.gaveanews.com\/index.php\/wp-json\/wp\/v2\/comments?post=208185"}],"version-history":[{"count":2,"href":"https:\/\/www.gaveanews.com\/index.php\/wp-json\/wp\/v2\/posts\/208185\/revisions"}],"predecessor-version":[{"id":208235,"href":"https:\/\/www.gaveanews.com\/index.php\/wp-json\/wp\/v2\/posts\/208185\/revisions\/208235"}],"wp:featuredmedia":[{"embeddable":true,"href":"https:\/\/www.gaveanews.com\/index.php\/wp-json\/wp\/v2\/media\/207621"}],"wp:attachment":[{"href":"https:\/\/www.gaveanews.com\/index.php\/wp-json\/wp\/v2\/media?parent=208185"}],"wp:term":[{"taxonomy":"category","embeddable":true,"href":"https:\/\/www.gaveanews.com\/index.php\/wp-json\/wp\/v2\/categories?post=208185"},{"taxonomy":"post_tag","embeddable":true,"href":"https:\/\/www.gaveanews.com\/index.php\/wp-json\/wp\/v2\/tags?post=208185"}],"curies":[{"name":"wp","href":"https:\/\/api.w.org\/{rel}","templated":true}]}}