{"id":208193,"date":"2025-01-06T21:45:00","date_gmt":"2025-01-07T00:45:00","guid":{"rendered":"https:\/\/www.gaveanews.com\/?p=208193"},"modified":"2025-01-06T15:51:21","modified_gmt":"2025-01-06T18:51:21","slug":"torcida-organizada-do-corinthians-faz-publicacao-direcionada-rodrigo-garro","status":"publish","type":"post","link":"https:\/\/www.gaveanews.com\/index.php\/2025\/01\/06\/torcida-organizada-do-corinthians-faz-publicacao-direcionada-rodrigo-garro\/","title":{"rendered":"Torcida organizada do Corinthians faz publica\u00e7\u00e3o direcionada Rodrigo Garro"},"content":{"rendered":"\n<h2 class=\"wp-block-heading\" id=\"h-veja-o-que-a-torcida-disse\">Veja o que a torcida disse<\/h2>\n\n\n\n<p>Rodrigo Garro, um dos destaques do Corinthians, est\u00e1 enfrentando um dos momentos mais dif\u00edceis de sua vida. O meio-campista se envolveu em um acidente que resultou na perda de uma vida.<\/p>\n\n\n\n<ul class=\"wp-block-list\">\n<li><a href=\"Corinthians: a declara\u00e7\u00e3o de Michel Bastos direcionada a Garro\">Corinthians: a declara\u00e7\u00e3o de Michel Bastos direcionada a Garro<\/a><\/li>\n\n\n\n<li><a href=\"https:\/\/www.gaveanews.com\/index.php\/2025\/01\/05\/video-a-declaracao-de-fabinho-soldado-direcionada-a-garro-do-corinthians\/\">V\u00eddeo: a declara\u00e7\u00e3o de Fabinho Soldado direcionada a Garro, do Corinthians<br><\/a><\/li>\n<\/ul>\n\n\n\n<p>Atualmente, a situa\u00e7\u00e3o est\u00e1 sob investiga\u00e7\u00e3o, e enquanto dirigia seu carro, o jogador colidiu com uma moto. De acordo com os relatos, ele passou pelo teste do baf\u00f4metro, que detectou apenas a quantidade m\u00ednima de \u00e1lcool.<\/p>\n\n\n\n<p>A Gavi\u00f5es da Fiel, a principal torcida organizada do Corinthians, enviou uma mensagem de apoio a Rodrigo Garro ap\u00f3s esse triste incidente.<\/p>\n\n\n\n<figure class=\"wp-block-embed is-type-photo is-provider-flickr wp-block-embed-flickr\"><div class=\"wp-block-embed__wrapper\">\n<a href=\"https:\/\/www.flickr.com\/photos\/201636948@N07\/54250701513\/in\/dateposted-public\/\"><img loading=\"lazy\" decoding=\"async\" src=\"https:\/\/live.staticflickr.com\/65535\/54250701513_197586e908_z.webp\" alt=\"rodrigo-garro_1735933490683\" width=\"640\" height=\"360\" \/><\/a>\n<\/div><\/figure>\n\n\n\n<p>No&nbsp;Instagram, a organizada escreveu que <strong>\u201ctudo vai dar certo\u201d<\/strong>, sem mencionar Garro na publica\u00e7\u00e3o, a equipe da Gazeta Esportiva fez contato com o departamento de comunica\u00e7\u00e3o da Gavi\u00f5es, que confirmou que a mensagem era direcionada ao jogador.<\/p>\n\n\n<div class=\"wp-block-image\">\n<figure class=\"aligncenter size-large\"><img decoding=\"async\" src=\"https:\/\/static.gazetaesportiva.com\/uploads\/2025\/01\/gavioes-recado.webp\" alt=\"\"\/><\/figure>\n<\/div>\n\n\n<h2 class=\"wp-block-heading\" id=\"h-garro-vai-sair-do-corinthians\">Garro vai sair do Corinthians?<\/h2>\n\n\n\n<p>Diante disso tudo, o futuro de Garro no Corinthians tornou-se incerto. A repercuss\u00e3o nas redes sociais \u00e9 intensa, e sua volta ao time para o in\u00edcio da temporada de 2025 ganhou novos contornos.<\/p>\n\n\n\n<p>Conforme informa\u00e7\u00f5es divulgadas pela CNN, o jogador ir\u00e1 se reapresentar normalmente ao Tim\u00e3o. Contudo, algumas condi\u00e7\u00f5es foram estabelecidas pela justi\u00e7a argentina.<\/p>\n\n\n\n<p>Garro precisar\u00e1 comparecer \u00e0s autoridades sempre que for solicitado e poder\u00e1 ser alvo de mandado de pris\u00e3o caso n\u00e3o atenda a esses chamados. Assim sendo, o jogador retornar\u00e1 ao Corinthians no dia 07.<\/p>\n\n\n\n<p>Armando Mendon\u00e7a, presidente interino do clube, declarou \u00e0 ESPN que a principal aspira\u00e7\u00e3o da diretoria \u00e9 oferecer apoio ao jogador, inclusive possibilitando que ele permane\u00e7a mais tempo em seu pa\u00eds devido ao impacto emocional.<\/p>\n\n\n\n<p>\u201cO que esperamos \u00e9 dar todo o apoio. Ele precisa desse apoio. \u00c9 um atleta exemplar, \u00e9 um profissional exemplar, infelizmente ocorreu uma fatalidade. Ele est\u00e1 muito bem representado na Argentina pelo advogado dele, e o Corinthians est\u00e1 totalmente \u00e0 disposi\u00e7\u00e3o para ajud\u00e1-lo no que for necess\u00e1rio quando ele voltar, dar toda a assist\u00eancia necess\u00e1ria para que ele possa desenvolver o trabalho dele com tranquilidade e profissionalismo\u201d, disse Armando, indicando o desejo do atleta em retornar ao Brasil para se reapresentar ao clube.<\/p>\n\n\n\n<p>\u201cJunto com o departamento jur\u00eddico, departamento de futebol atrav\u00e9s do Soldado, conversou com o atleta, deixou o atleta \u00e0 vontade para verificar o que \u00e9 melhor para ele nesse momento. O atleta prefere voltar ao Brasil para se reapresentar junto com a equipe, seus companheiros, voltar a treinar, porque para ele vai ser melhor\u201d.<\/p>\n\n\n\n<p>Nos pr\u00f3ximos dias, Rodrigo Garro deve ser acusado de homic\u00eddio culposo, quando n\u00e3o h\u00e1 a inten\u00e7\u00e3o de matar, agravado por dirigir sob o efeito de \u00e1lcool. Francisco Cuenca, representante do Minist\u00e9rio P\u00fablico de La Pampa, forneceu essa informa\u00e7\u00e3o \u00e0 ESPN.<\/p>\n","protected":false},"excerpt":{"rendered":"<p>Veja o que a torcida disse Rodrigo Garro, um dos destaques do Corinthians, est\u00e1 enfrentando um dos momentos mais dif\u00edceis de sua vida. O meio-campista se envolveu em um acidente que resultou na perda de uma vida. Atualmente, a situa\u00e7\u00e3o est\u00e1 sob investiga\u00e7\u00e3o, e enquanto dirigia seu carro, o jogador colidiu com uma moto. De [&hellip;]<\/p>\n","protected":false},"author":16,"featured_media":161268,"comment_status":"open","ping_status":"closed","sticky":false,"template":"","format":"standard","meta":{"footnotes":""},"categories":[141],"tags":[],"class_list":["post-208193","post","type-post","status-publish","format-standard","has-post-thumbnail","hentry","category-corinthians"],"yoast_head":"<!-- This site is optimized with the Yoast SEO Premium plugin v24.2 (Yoast SEO v26.9) - https:\/\/yoast.com\/product\/yoast-seo-premium-wordpress\/ -->\n<title>Torcida organizada do Corinthians faz publica\u00e7\u00e3o direcionada Rodrigo Garro<\/title>\n<meta name=\"robots\" content=\"index, follow, max-snippet:-1, max-image-preview:large, max-video-preview:-1\" \/>\n<link rel=\"canonical\" href=\"https:\/\/www.gaveanews.com\/index.php\/2025\/01\/06\/torcida-organizada-do-corinthians-faz-publicacao-direcionada-rodrigo-garro\/\" \/>\n<meta property=\"og:locale\" content=\"pt_BR\" \/>\n<meta property=\"og:type\" content=\"article\" \/>\n<meta property=\"og:title\" content=\"Torcida organizada do Corinthians faz publica\u00e7\u00e3o direcionada Rodrigo Garro\" \/>\n<meta property=\"og:description\" content=\"Veja o que a torcida disse Rodrigo Garro, um dos destaques do Corinthians, est\u00e1 enfrentando um dos momentos mais dif\u00edceis de sua vida. O meio-campista se envolveu em um acidente que resultou na perda de uma vida. Atualmente, a situa\u00e7\u00e3o est\u00e1 sob investiga\u00e7\u00e3o, e enquanto dirigia seu carro, o jogador colidiu com uma moto. De [&hellip;]\" \/>\n<meta property=\"og:url\" content=\"https:\/\/www.gaveanews.com\/index.php\/2025\/01\/06\/torcida-organizada-do-corinthians-faz-publicacao-direcionada-rodrigo-garro\/\" \/>\n<meta property=\"og:site_name\" content=\"G\u00e1vea News\" \/>\n<meta property=\"article:publisher\" content=\"https:\/\/facebook.com\/gaveaNews\/\" \/>\n<meta property=\"article:published_time\" content=\"2025-01-07T00:45:00+00:00\" \/>\n<meta property=\"og:image\" content=\"https:\/\/www.gaveanews.com\/wp-content\/uploads\/Rodrigo-Garro-com-a-camisa-do-Corinthians-em-2024.webp\" \/>\n\t<meta property=\"og:image:width\" content=\"1440\" \/>\n\t<meta property=\"og:image:height\" content=\"1085\" \/>\n\t<meta property=\"og:image:type\" content=\"image\/jpeg\" \/>\n<meta name=\"author\" content=\"D\u00e9bora Figueiredo\" \/>\n<meta name=\"twitter:card\" content=\"summary_large_image\" \/>\n<meta name=\"twitter:label1\" content=\"Escrito por\" \/>\n\t<meta name=\"twitter:data1\" content=\"D\u00e9bora Figueiredo\" \/>\n\t<meta name=\"twitter:label2\" content=\"Est. tempo de leitura\" \/>\n\t<meta name=\"twitter:data2\" content=\"3 minutos\" \/>\n<script type=\"application\/ld+json\" class=\"yoast-schema-graph\">{\"@context\":\"https:\/\/schema.org\",\"@graph\":[{\"@type\":\"NewsArticle\",\"@id\":\"https:\/\/www.gaveanews.com\/index.php\/2025\/01\/06\/torcida-organizada-do-corinthians-faz-publicacao-direcionada-rodrigo-garro\/#article\",\"isPartOf\":{\"@id\":\"https:\/\/www.gaveanews.com\/index.php\/2025\/01\/06\/torcida-organizada-do-corinthians-faz-publicacao-direcionada-rodrigo-garro\/\"},\"author\":{\"name\":\"D\u00e9bora Figueiredo\",\"@id\":\"https:\/\/www.gaveanews.com\/#\/schema\/person\/37122681a8575a5c8db05a56f099a5e4\"},\"headline\":\"Torcida organizada do Corinthians faz publica\u00e7\u00e3o direcionada Rodrigo Garro\",\"datePublished\":\"2025-01-07T00:45:00+00:00\",\"mainEntityOfPage\":{\"@id\":\"https:\/\/www.gaveanews.com\/index.php\/2025\/01\/06\/torcida-organizada-do-corinthians-faz-publicacao-direcionada-rodrigo-garro\/\"},\"wordCount\":502,\"commentCount\":0,\"image\":{\"@id\":\"https:\/\/www.gaveanews.com\/index.php\/2025\/01\/06\/torcida-organizada-do-corinthians-faz-publicacao-direcionada-rodrigo-garro\/#primaryimage\"},\"thumbnailUrl\":\"https:\/\/www.gaveanews.com\/wp-content\/uploads\/Rodrigo-Garro-com-a-camisa-do-Corinthians-em-2024.webp\",\"articleSection\":[\"Corinthians\"],\"inLanguage\":\"pt-BR\",\"potentialAction\":[{\"@type\":\"CommentAction\",\"name\":\"Comment\",\"target\":[\"https:\/\/www.gaveanews.com\/index.php\/2025\/01\/06\/torcida-organizada-do-corinthians-faz-publicacao-direcionada-rodrigo-garro\/#respond\"]}],\"copyrightYear\":\"2025\",\"copyrightHolder\":{\"@id\":\"https:\/\/www.gaveanews.com\/#organization\"}},{\"@type\":\"WebPage\",\"@id\":\"https:\/\/www.gaveanews.com\/index.php\/2025\/01\/06\/torcida-organizada-do-corinthians-faz-publicacao-direcionada-rodrigo-garro\/\",\"url\":\"https:\/\/www.gaveanews.com\/index.php\/2025\/01\/06\/torcida-organizada-do-corinthians-faz-publicacao-direcionada-rodrigo-garro\/\",\"name\":\"Torcida organizada do Corinthians faz publica\u00e7\u00e3o direcionada Rodrigo Garro\",\"isPartOf\":{\"@id\":\"https:\/\/www.gaveanews.com\/#website\"},\"primaryImageOfPage\":{\"@id\":\"https:\/\/www.gaveanews.com\/index.php\/2025\/01\/06\/torcida-organizada-do-corinthians-faz-publicacao-direcionada-rodrigo-garro\/#primaryimage\"},\"image\":{\"@id\":\"https:\/\/www.gaveanews.com\/index.php\/2025\/01\/06\/torcida-organizada-do-corinthians-faz-publicacao-direcionada-rodrigo-garro\/#primaryimage\"},\"thumbnailUrl\":\"https:\/\/www.gaveanews.com\/wp-content\/uploads\/Rodrigo-Garro-com-a-camisa-do-Corinthians-em-2024.webp\",\"datePublished\":\"2025-01-07T00:45:00+00:00\",\"author\":{\"@id\":\"https:\/\/www.gaveanews.com\/#\/schema\/person\/37122681a8575a5c8db05a56f099a5e4\"},\"breadcrumb\":{\"@id\":\"https:\/\/www.gaveanews.com\/index.php\/2025\/01\/06\/torcida-organizada-do-corinthians-faz-publicacao-direcionada-rodrigo-garro\/#breadcrumb\"},\"inLanguage\":\"pt-BR\",\"potentialAction\":[{\"@type\":\"ReadAction\",\"target\":[\"https:\/\/www.gaveanews.com\/index.php\/2025\/01\/06\/torcida-organizada-do-corinthians-faz-publicacao-direcionada-rodrigo-garro\/\"]}]},{\"@type\":\"ImageObject\",\"inLanguage\":\"pt-BR\",\"@id\":\"https:\/\/www.gaveanews.com\/index.php\/2025\/01\/06\/torcida-organizada-do-corinthians-faz-publicacao-direcionada-rodrigo-garro\/#primaryimage\",\"url\":\"https:\/\/www.gaveanews.com\/wp-content\/uploads\/Rodrigo-Garro-com-a-camisa-do-Corinthians-em-2024.webp\",\"contentUrl\":\"https:\/\/www.gaveanews.com\/wp-content\/uploads\/Rodrigo-Garro-com-a-camisa-do-Corinthians-em-2024.webp\",\"width\":1440,\"height\":1085,\"caption\":\"Rodrigo Garro com a camisa do Corinthians em 2024 (Foto: Reprodu\u00e7\u00e3o\/Instagram)\"},{\"@type\":\"BreadcrumbList\",\"@id\":\"https:\/\/www.gaveanews.com\/index.php\/2025\/01\/06\/torcida-organizada-do-corinthians-faz-publicacao-direcionada-rodrigo-garro\/#breadcrumb\",\"itemListElement\":[{\"@type\":\"ListItem\",\"position\":1,\"name\":\"Home\",\"item\":\"https:\/\/www.gaveanews.com\/\"},{\"@type\":\"ListItem\",\"position\":2,\"name\":\"Torcida organizada do Corinthians faz publica\u00e7\u00e3o direcionada Rodrigo Garro\"}]},{\"@type\":\"WebSite\",\"@id\":\"https:\/\/www.gaveanews.com\/#website\",\"url\":\"https:\/\/www.gaveanews.com\/\",\"name\":\"G\u00e1vea News\",\"description\":\"Veja todas as not\u00edcias sobre o Flamengo: Contrata\u00e7\u00f5es, categorias de base, resultados das partidas, tabela de classifica\u00e7\u00e3o, pr\u00f3ximos jogos!\",\"potentialAction\":[{\"@type\":\"SearchAction\",\"target\":{\"@type\":\"EntryPoint\",\"urlTemplate\":\"https:\/\/www.gaveanews.com\/?s={search_term_string}\"},\"query-input\":{\"@type\":\"PropertyValueSpecification\",\"valueRequired\":true,\"valueName\":\"search_term_string\"}}],\"inLanguage\":\"pt-BR\"},{\"@type\":\"Person\",\"@id\":\"https:\/\/www.gaveanews.com\/#\/schema\/person\/37122681a8575a5c8db05a56f099a5e4\",\"name\":\"D\u00e9bora Figueiredo\",\"image\":{\"@type\":\"ImageObject\",\"inLanguage\":\"pt-BR\",\"@id\":\"https:\/\/www.gaveanews.com\/#\/schema\/person\/image\/\",\"url\":\"https:\/\/secure.gravatar.com\/avatar\/1f44802859351588499d26f52aed1d15796ce17e67602895b72837c08018868d?s=96&d=mm&r=g\",\"contentUrl\":\"https:\/\/secure.gravatar.com\/avatar\/1f44802859351588499d26f52aed1d15796ce17e67602895b72837c08018868d?s=96&d=mm&r=g\",\"caption\":\"D\u00e9bora Figueiredo\"}}]}<\/script>\n<!-- \/ Yoast SEO Premium plugin. -->","yoast_head_json":{"title":"Torcida organizada do Corinthians faz publica\u00e7\u00e3o direcionada Rodrigo Garro","robots":{"index":"index","follow":"follow","max-snippet":"max-snippet:-1","max-image-preview":"max-image-preview:large","max-video-preview":"max-video-preview:-1"},"canonical":"https:\/\/www.gaveanews.com\/index.php\/2025\/01\/06\/torcida-organizada-do-corinthians-faz-publicacao-direcionada-rodrigo-garro\/","og_locale":"pt_BR","og_type":"article","og_title":"Torcida organizada do Corinthians faz publica\u00e7\u00e3o direcionada Rodrigo Garro","og_description":"Veja o que a torcida disse Rodrigo Garro, um dos destaques do Corinthians, est\u00e1 enfrentando um dos momentos mais dif\u00edceis de sua vida. O meio-campista se envolveu em um acidente que resultou na perda de uma vida. Atualmente, a situa\u00e7\u00e3o est\u00e1 sob investiga\u00e7\u00e3o, e enquanto dirigia seu carro, o jogador colidiu com uma moto. De [&hellip;]","og_url":"https:\/\/www.gaveanews.com\/index.php\/2025\/01\/06\/torcida-organizada-do-corinthians-faz-publicacao-direcionada-rodrigo-garro\/","og_site_name":"G\u00e1vea News","article_publisher":"https:\/\/facebook.com\/gaveaNews\/","article_published_time":"2025-01-07T00:45:00+00:00","og_image":[{"width":1440,"height":1085,"url":"https:\/\/www.gaveanews.com\/wp-content\/uploads\/Rodrigo-Garro-com-a-camisa-do-Corinthians-em-2024.webp","type":"image\/jpeg"}],"author":"D\u00e9bora Figueiredo","twitter_card":"summary_large_image","twitter_misc":{"Escrito por":"D\u00e9bora Figueiredo","Est. tempo de leitura":"3 minutos"},"schema":{"@context":"https:\/\/schema.org","@graph":[{"@type":"NewsArticle","@id":"https:\/\/www.gaveanews.com\/index.php\/2025\/01\/06\/torcida-organizada-do-corinthians-faz-publicacao-direcionada-rodrigo-garro\/#article","isPartOf":{"@id":"https:\/\/www.gaveanews.com\/index.php\/2025\/01\/06\/torcida-organizada-do-corinthians-faz-publicacao-direcionada-rodrigo-garro\/"},"author":{"name":"D\u00e9bora Figueiredo","@id":"https:\/\/www.gaveanews.com\/#\/schema\/person\/37122681a8575a5c8db05a56f099a5e4"},"headline":"Torcida organizada do Corinthians faz publica\u00e7\u00e3o direcionada Rodrigo Garro","datePublished":"2025-01-07T00:45:00+00:00","mainEntityOfPage":{"@id":"https:\/\/www.gaveanews.com\/index.php\/2025\/01\/06\/torcida-organizada-do-corinthians-faz-publicacao-direcionada-rodrigo-garro\/"},"wordCount":502,"commentCount":0,"image":{"@id":"https:\/\/www.gaveanews.com\/index.php\/2025\/01\/06\/torcida-organizada-do-corinthians-faz-publicacao-direcionada-rodrigo-garro\/#primaryimage"},"thumbnailUrl":"https:\/\/www.gaveanews.com\/wp-content\/uploads\/Rodrigo-Garro-com-a-camisa-do-Corinthians-em-2024.webp","articleSection":["Corinthians"],"inLanguage":"pt-BR","potentialAction":[{"@type":"CommentAction","name":"Comment","target":["https:\/\/www.gaveanews.com\/index.php\/2025\/01\/06\/torcida-organizada-do-corinthians-faz-publicacao-direcionada-rodrigo-garro\/#respond"]}],"copyrightYear":"2025","copyrightHolder":{"@id":"https:\/\/www.gaveanews.com\/#organization"}},{"@type":"WebPage","@id":"https:\/\/www.gaveanews.com\/index.php\/2025\/01\/06\/torcida-organizada-do-corinthians-faz-publicacao-direcionada-rodrigo-garro\/","url":"https:\/\/www.gaveanews.com\/index.php\/2025\/01\/06\/torcida-organizada-do-corinthians-faz-publicacao-direcionada-rodrigo-garro\/","name":"Torcida organizada do Corinthians faz publica\u00e7\u00e3o direcionada Rodrigo Garro","isPartOf":{"@id":"https:\/\/www.gaveanews.com\/#website"},"primaryImageOfPage":{"@id":"https:\/\/www.gaveanews.com\/index.php\/2025\/01\/06\/torcida-organizada-do-corinthians-faz-publicacao-direcionada-rodrigo-garro\/#primaryimage"},"image":{"@id":"https:\/\/www.gaveanews.com\/index.php\/2025\/01\/06\/torcida-organizada-do-corinthians-faz-publicacao-direcionada-rodrigo-garro\/#primaryimage"},"thumbnailUrl":"https:\/\/www.gaveanews.com\/wp-content\/uploads\/Rodrigo-Garro-com-a-camisa-do-Corinthians-em-2024.webp","datePublished":"2025-01-07T00:45:00+00:00","author":{"@id":"https:\/\/www.gaveanews.com\/#\/schema\/person\/37122681a8575a5c8db05a56f099a5e4"},"breadcrumb":{"@id":"https:\/\/www.gaveanews.com\/index.php\/2025\/01\/06\/torcida-organizada-do-corinthians-faz-publicacao-direcionada-rodrigo-garro\/#breadcrumb"},"inLanguage":"pt-BR","potentialAction":[{"@type":"ReadAction","target":["https:\/\/www.gaveanews.com\/index.php\/2025\/01\/06\/torcida-organizada-do-corinthians-faz-publicacao-direcionada-rodrigo-garro\/"]}]},{"@type":"ImageObject","inLanguage":"pt-BR","@id":"https:\/\/www.gaveanews.com\/index.php\/2025\/01\/06\/torcida-organizada-do-corinthians-faz-publicacao-direcionada-rodrigo-garro\/#primaryimage","url":"https:\/\/www.gaveanews.com\/wp-content\/uploads\/Rodrigo-Garro-com-a-camisa-do-Corinthians-em-2024.webp","contentUrl":"https:\/\/www.gaveanews.com\/wp-content\/uploads\/Rodrigo-Garro-com-a-camisa-do-Corinthians-em-2024.webp","width":1440,"height":1085,"caption":"Rodrigo Garro com a camisa do Corinthians em 2024 (Foto: Reprodu\u00e7\u00e3o\/Instagram)"},{"@type":"BreadcrumbList","@id":"https:\/\/www.gaveanews.com\/index.php\/2025\/01\/06\/torcida-organizada-do-corinthians-faz-publicacao-direcionada-rodrigo-garro\/#breadcrumb","itemListElement":[{"@type":"ListItem","position":1,"name":"Home","item":"https:\/\/www.gaveanews.com\/"},{"@type":"ListItem","position":2,"name":"Torcida organizada do Corinthians faz publica\u00e7\u00e3o direcionada Rodrigo Garro"}]},{"@type":"WebSite","@id":"https:\/\/www.gaveanews.com\/#website","url":"https:\/\/www.gaveanews.com\/","name":"G\u00e1vea News","description":"Veja todas as not\u00edcias sobre o Flamengo: Contrata\u00e7\u00f5es, categorias de base, resultados das partidas, tabela de classifica\u00e7\u00e3o, pr\u00f3ximos jogos!","potentialAction":[{"@type":"SearchAction","target":{"@type":"EntryPoint","urlTemplate":"https:\/\/www.gaveanews.com\/?s={search_term_string}"},"query-input":{"@type":"PropertyValueSpecification","valueRequired":true,"valueName":"search_term_string"}}],"inLanguage":"pt-BR"},{"@type":"Person","@id":"https:\/\/www.gaveanews.com\/#\/schema\/person\/37122681a8575a5c8db05a56f099a5e4","name":"D\u00e9bora Figueiredo","image":{"@type":"ImageObject","inLanguage":"pt-BR","@id":"https:\/\/www.gaveanews.com\/#\/schema\/person\/image\/","url":"https:\/\/secure.gravatar.com\/avatar\/1f44802859351588499d26f52aed1d15796ce17e67602895b72837c08018868d?s=96&d=mm&r=g","contentUrl":"https:\/\/secure.gravatar.com\/avatar\/1f44802859351588499d26f52aed1d15796ce17e67602895b72837c08018868d?s=96&d=mm&r=g","caption":"D\u00e9bora Figueiredo"}}]}},"_links":{"self":[{"href":"https:\/\/www.gaveanews.com\/index.php\/wp-json\/wp\/v2\/posts\/208193","targetHints":{"allow":["GET"]}}],"collection":[{"href":"https:\/\/www.gaveanews.com\/index.php\/wp-json\/wp\/v2\/posts"}],"about":[{"href":"https:\/\/www.gaveanews.com\/index.php\/wp-json\/wp\/v2\/types\/post"}],"author":[{"embeddable":true,"href":"https:\/\/www.gaveanews.com\/index.php\/wp-json\/wp\/v2\/users\/16"}],"replies":[{"embeddable":true,"href":"https:\/\/www.gaveanews.com\/index.php\/wp-json\/wp\/v2\/comments?post=208193"}],"version-history":[{"count":2,"href":"https:\/\/www.gaveanews.com\/index.php\/wp-json\/wp\/v2\/posts\/208193\/revisions"}],"predecessor-version":[{"id":208322,"href":"https:\/\/www.gaveanews.com\/index.php\/wp-json\/wp\/v2\/posts\/208193\/revisions\/208322"}],"wp:featuredmedia":[{"embeddable":true,"href":"https:\/\/www.gaveanews.com\/index.php\/wp-json\/wp\/v2\/media\/161268"}],"wp:attachment":[{"href":"https:\/\/www.gaveanews.com\/index.php\/wp-json\/wp\/v2\/media?parent=208193"}],"wp:term":[{"taxonomy":"category","embeddable":true,"href":"https:\/\/www.gaveanews.com\/index.php\/wp-json\/wp\/v2\/categories?post=208193"},{"taxonomy":"post_tag","embeddable":true,"href":"https:\/\/www.gaveanews.com\/index.php\/wp-json\/wp\/v2\/tags?post=208193"}],"curies":[{"name":"wp","href":"https:\/\/api.w.org\/{rel}","templated":true}]}}