{"id":20829,"date":"2019-05-22T17:00:32","date_gmt":"2019-05-22T20:00:32","guid":{"rendered":"https:\/\/www.gaveanews.com\/?p=20829"},"modified":"2019-05-22T17:00:32","modified_gmt":"2019-05-22T20:00:32","slug":"diretor-do-flamengo-diz-que-foi-mal-interpretado-e-se-defende-apos-polemica","status":"publish","type":"post","link":"https:\/\/www.gaveanews.com\/index.php\/2019\/05\/22\/diretor-do-flamengo-diz-que-foi-mal-interpretado-e-se-defende-apos-polemica\/","title":{"rendered":"Diretor do Flamengo diz que foi &#8216;mal interpretado&#8217; e se defende ap\u00f3s pol\u00eamica"},"content":{"rendered":"\n<p>Cacau Cotta, diretor de rela\u00e7\u00f5es externas do Flamengo se envolveu em pol\u00eamica nesta quarta-feira ao questionar as picha\u00e7\u00f5es nos muros da G\u00e1vea e do Ninho do Urubu no &#8220;Donos da Bola&#8221;, da Band. Ap\u00f3s a entrevista, em outro programa, no Fox Sports, o dirigente se esquivou das cr\u00edticas, se dizendo mal interpretado.<\/p>\n\n\n\n<p>\u2013 Minha declara\u00e7\u00e3o foi mal interpretada. O torcedor tem direito de protestar. O que n\u00e3o pode \u00e9 um ato pol\u00edtico atingir um patrim\u00f4nio do clube. Usar a palavra Mickey, um termo em ingl\u00eas, n\u00e3o \u00e9 natural de um torcedor. A letra est\u00e1 muito arredondada, muito certinha, profissional mesmo, parece ter sido feita em word &#8211; se defendeu.<\/p>\n\n\n\n<p>Na Band, Cacau declarou que o protesto seria pol\u00edtico pelo seu conte\u00fado.<\/p>\n\n\n\n<p>\u2013  Da forma que foi escrito, Mickey certo, todo certinho, n\u00e3o foi a torcida, n\u00e9? Aquilo \u00e9 pol\u00edtico \u2014 justificou o dirigente.<\/p>\n\n\n\n<p>Al\u00e9m disso, o diretor fez quest\u00e3o de pedir desculpas aos torcedores.<br><\/p>\n\n\n\n<p>\u2013  Cresci ao lado do Maracan\u00e3, nas arquibancadas. Jamais desmereceria o torcedor do Flamengo. Essa n\u00e3o foi minha inten\u00e7\u00e3o. Pe\u00e7o desculpas se ofendi a torcida &#8211; finalizou.<\/p>\n\n\n\n\n\n<p>Retirado de: Extra<\/p>\n","protected":false},"excerpt":{"rendered":"<p>Cacau Cotta, diretor de rela\u00e7\u00f5es externas do Flamengo se envolveu em pol\u00eamica nesta quarta-feira ao questionar as picha\u00e7\u00f5es nos muros da G\u00e1vea e do Ninho do Urubu no &#8220;Donos da Bola&#8221;, da Band. Ap\u00f3s a entrevista, em outro programa, no Fox Sports, o dirigente se esquivou das cr\u00edticas, se dizendo mal interpretado. \u2013 Minha declara\u00e7\u00e3o [&hellip;]<\/p>\n","protected":false},"author":1,"featured_media":20830,"comment_status":"open","ping_status":"open","sticky":false,"template":"","format":"standard","meta":{"footnotes":""},"categories":[47],"tags":[],"class_list":["post-20829","post","type-post","status-publish","format-standard","has-post-thumbnail","hentry","category-destaques"],"yoast_head":"<!-- This site is optimized with the Yoast SEO Premium plugin v24.2 (Yoast SEO v26.9) - https:\/\/yoast.com\/product\/yoast-seo-premium-wordpress\/ -->\n<title>Diretor do Flamengo diz que foi &#039;mal interpretado&#039; e se defende ap\u00f3s pol\u00eamica<\/title>\n<meta name=\"robots\" content=\"index, follow, max-snippet:-1, max-image-preview:large, max-video-preview:-1\" \/>\n<link rel=\"canonical\" href=\"https:\/\/www.gaveanews.com\/index.php\/2019\/05\/22\/diretor-do-flamengo-diz-que-foi-mal-interpretado-e-se-defende-apos-polemica\/\" \/>\n<meta property=\"og:locale\" content=\"pt_BR\" \/>\n<meta property=\"og:type\" content=\"article\" \/>\n<meta property=\"og:title\" content=\"Diretor do Flamengo diz que foi &#039;mal interpretado&#039; e se defende ap\u00f3s pol\u00eamica\" \/>\n<meta property=\"og:description\" content=\"Cacau Cotta, diretor de rela\u00e7\u00f5es externas do Flamengo se envolveu em pol\u00eamica nesta quarta-feira ao questionar as picha\u00e7\u00f5es nos muros da G\u00e1vea e do Ninho do Urubu no &#8220;Donos da Bola&#8221;, da Band. Ap\u00f3s a entrevista, em outro programa, no Fox Sports, o dirigente se esquivou das cr\u00edticas, se dizendo mal interpretado. \u2013 Minha declara\u00e7\u00e3o [&hellip;]\" \/>\n<meta property=\"og:url\" content=\"https:\/\/www.gaveanews.com\/index.php\/2019\/05\/22\/diretor-do-flamengo-diz-que-foi-mal-interpretado-e-se-defende-apos-polemica\/\" \/>\n<meta property=\"og:site_name\" content=\"G\u00e1vea News\" \/>\n<meta property=\"article:publisher\" content=\"https:\/\/facebook.com\/gaveaNews\/\" \/>\n<meta property=\"article:published_time\" content=\"2019-05-22T20:00:32+00:00\" \/>\n<meta property=\"og:image\" content=\"https:\/\/www.gaveanews.com\/wp-content\/uploads\/2019\/05\/Ricardo-Lomba-esquerda-e-Cacau-Cotta-direita-sorriem-para-foto-durante-candidatura-da-Chapa-Rosa.webp\" \/>\n\t<meta property=\"og:image:width\" content=\"900\" \/>\n\t<meta property=\"og:image:height\" content=\"506\" \/>\n\t<meta property=\"og:image:type\" content=\"image\/jpeg\" \/>\n<meta name=\"author\" content=\"Equipe G\u00e1vea News\" \/>\n<meta name=\"twitter:card\" content=\"summary_large_image\" \/>\n<meta name=\"twitter:label1\" content=\"Escrito por\" \/>\n\t<meta name=\"twitter:data1\" content=\"Equipe G\u00e1vea News\" \/>\n\t<meta name=\"twitter:label2\" content=\"Est. tempo de leitura\" \/>\n\t<meta name=\"twitter:data2\" content=\"1 minuto\" \/>\n<script type=\"application\/ld+json\" class=\"yoast-schema-graph\">{\"@context\":\"https:\/\/schema.org\",\"@graph\":[{\"@type\":\"NewsArticle\",\"@id\":\"https:\/\/www.gaveanews.com\/index.php\/2019\/05\/22\/diretor-do-flamengo-diz-que-foi-mal-interpretado-e-se-defende-apos-polemica\/#article\",\"isPartOf\":{\"@id\":\"https:\/\/www.gaveanews.com\/index.php\/2019\/05\/22\/diretor-do-flamengo-diz-que-foi-mal-interpretado-e-se-defende-apos-polemica\/\"},\"author\":{\"name\":\"Equipe G\u00e1vea News\",\"@id\":\"https:\/\/www.gaveanews.com\/#\/schema\/person\/2ec14f73fb96be2caf28f91afb14749d\"},\"headline\":\"Diretor do Flamengo diz que foi &#8216;mal interpretado&#8217; e se defende ap\u00f3s pol\u00eamica\",\"datePublished\":\"2019-05-22T20:00:32+00:00\",\"mainEntityOfPage\":{\"@id\":\"https:\/\/www.gaveanews.com\/index.php\/2019\/05\/22\/diretor-do-flamengo-diz-que-foi-mal-interpretado-e-se-defende-apos-polemica\/\"},\"wordCount\":213,\"commentCount\":0,\"image\":{\"@id\":\"https:\/\/www.gaveanews.com\/index.php\/2019\/05\/22\/diretor-do-flamengo-diz-que-foi-mal-interpretado-e-se-defende-apos-polemica\/#primaryimage\"},\"thumbnailUrl\":\"https:\/\/www.gaveanews.com\/wp-content\/uploads\/2019\/05\/Ricardo-Lomba-esquerda-e-Cacau-Cotta-direita-sorriem-para-foto-durante-candidatura-da-Chapa-Rosa.webp\",\"articleSection\":[\"Destaques\"],\"inLanguage\":\"pt-BR\",\"potentialAction\":[{\"@type\":\"CommentAction\",\"name\":\"Comment\",\"target\":[\"https:\/\/www.gaveanews.com\/index.php\/2019\/05\/22\/diretor-do-flamengo-diz-que-foi-mal-interpretado-e-se-defende-apos-polemica\/#respond\"]}],\"copyrightYear\":\"2019\",\"copyrightHolder\":{\"@id\":\"https:\/\/www.gaveanews.com\/#organization\"}},{\"@type\":\"WebPage\",\"@id\":\"https:\/\/www.gaveanews.com\/index.php\/2019\/05\/22\/diretor-do-flamengo-diz-que-foi-mal-interpretado-e-se-defende-apos-polemica\/\",\"url\":\"https:\/\/www.gaveanews.com\/index.php\/2019\/05\/22\/diretor-do-flamengo-diz-que-foi-mal-interpretado-e-se-defende-apos-polemica\/\",\"name\":\"Diretor do Flamengo diz que foi 'mal interpretado' e se defende ap\u00f3s pol\u00eamica\",\"isPartOf\":{\"@id\":\"https:\/\/www.gaveanews.com\/#website\"},\"primaryImageOfPage\":{\"@id\":\"https:\/\/www.gaveanews.com\/index.php\/2019\/05\/22\/diretor-do-flamengo-diz-que-foi-mal-interpretado-e-se-defende-apos-polemica\/#primaryimage\"},\"image\":{\"@id\":\"https:\/\/www.gaveanews.com\/index.php\/2019\/05\/22\/diretor-do-flamengo-diz-que-foi-mal-interpretado-e-se-defende-apos-polemica\/#primaryimage\"},\"thumbnailUrl\":\"https:\/\/www.gaveanews.com\/wp-content\/uploads\/2019\/05\/Ricardo-Lomba-esquerda-e-Cacau-Cotta-direita-sorriem-para-foto-durante-candidatura-da-Chapa-Rosa.webp\",\"datePublished\":\"2019-05-22T20:00:32+00:00\",\"author\":{\"@id\":\"https:\/\/www.gaveanews.com\/#\/schema\/person\/2ec14f73fb96be2caf28f91afb14749d\"},\"breadcrumb\":{\"@id\":\"https:\/\/www.gaveanews.com\/index.php\/2019\/05\/22\/diretor-do-flamengo-diz-que-foi-mal-interpretado-e-se-defende-apos-polemica\/#breadcrumb\"},\"inLanguage\":\"pt-BR\",\"potentialAction\":[{\"@type\":\"ReadAction\",\"target\":[\"https:\/\/www.gaveanews.com\/index.php\/2019\/05\/22\/diretor-do-flamengo-diz-que-foi-mal-interpretado-e-se-defende-apos-polemica\/\"]}]},{\"@type\":\"ImageObject\",\"inLanguage\":\"pt-BR\",\"@id\":\"https:\/\/www.gaveanews.com\/index.php\/2019\/05\/22\/diretor-do-flamengo-diz-que-foi-mal-interpretado-e-se-defende-apos-polemica\/#primaryimage\",\"url\":\"https:\/\/www.gaveanews.com\/wp-content\/uploads\/2019\/05\/Ricardo-Lomba-esquerda-e-Cacau-Cotta-direita-sorriem-para-foto-durante-candidatura-da-Chapa-Rosa.webp\",\"contentUrl\":\"https:\/\/www.gaveanews.com\/wp-content\/uploads\/2019\/05\/Ricardo-Lomba-esquerda-e-Cacau-Cotta-direita-sorriem-para-foto-durante-candidatura-da-Chapa-Rosa.webp\",\"width\":900,\"height\":506,\"caption\":\"Ricardo Lomba (esquerda) e Cacau Cotta (direita) sorriem para foto durante candidatura da Chapa Rosa (Foto: Reprodu\u00e7\u00e3o\/Twitter)\"},{\"@type\":\"BreadcrumbList\",\"@id\":\"https:\/\/www.gaveanews.com\/index.php\/2019\/05\/22\/diretor-do-flamengo-diz-que-foi-mal-interpretado-e-se-defende-apos-polemica\/#breadcrumb\",\"itemListElement\":[{\"@type\":\"ListItem\",\"position\":1,\"name\":\"Home\",\"item\":\"https:\/\/www.gaveanews.com\/\"},{\"@type\":\"ListItem\",\"position\":2,\"name\":\"Diretor do Flamengo diz que foi &#8216;mal interpretado&#8217; e se defende ap\u00f3s pol\u00eamica\"}]},{\"@type\":\"WebSite\",\"@id\":\"https:\/\/www.gaveanews.com\/#website\",\"url\":\"https:\/\/www.gaveanews.com\/\",\"name\":\"G\u00e1vea News\",\"description\":\"Veja todas as not\u00edcias sobre o Flamengo: Contrata\u00e7\u00f5es, categorias de base, resultados das partidas, tabela de classifica\u00e7\u00e3o, pr\u00f3ximos jogos!\",\"potentialAction\":[{\"@type\":\"SearchAction\",\"target\":{\"@type\":\"EntryPoint\",\"urlTemplate\":\"https:\/\/www.gaveanews.com\/?s={search_term_string}\"},\"query-input\":{\"@type\":\"PropertyValueSpecification\",\"valueRequired\":true,\"valueName\":\"search_term_string\"}}],\"inLanguage\":\"pt-BR\"},{\"@type\":\"Person\",\"@id\":\"https:\/\/www.gaveanews.com\/#\/schema\/person\/2ec14f73fb96be2caf28f91afb14749d\",\"name\":\"Equipe G\u00e1vea News\",\"image\":{\"@type\":\"ImageObject\",\"inLanguage\":\"pt-BR\",\"@id\":\"https:\/\/www.gaveanews.com\/#\/schema\/person\/image\/\",\"url\":\"https:\/\/secure.gravatar.com\/avatar\/1e1956f1facbffd3f8fa53a326721950116b3b9dc9bd44939c01180fd4a745a9?s=96&d=mm&r=g\",\"contentUrl\":\"https:\/\/secure.gravatar.com\/avatar\/1e1956f1facbffd3f8fa53a326721950116b3b9dc9bd44939c01180fd4a745a9?s=96&d=mm&r=g\",\"caption\":\"Equipe G\u00e1vea News\"}}]}<\/script>\n<!-- \/ Yoast SEO Premium plugin. -->","yoast_head_json":{"title":"Diretor do Flamengo diz que foi 'mal interpretado' e se defende ap\u00f3s pol\u00eamica","robots":{"index":"index","follow":"follow","max-snippet":"max-snippet:-1","max-image-preview":"max-image-preview:large","max-video-preview":"max-video-preview:-1"},"canonical":"https:\/\/www.gaveanews.com\/index.php\/2019\/05\/22\/diretor-do-flamengo-diz-que-foi-mal-interpretado-e-se-defende-apos-polemica\/","og_locale":"pt_BR","og_type":"article","og_title":"Diretor do Flamengo diz que foi 'mal interpretado' e se defende ap\u00f3s pol\u00eamica","og_description":"Cacau Cotta, diretor de rela\u00e7\u00f5es externas do Flamengo se envolveu em pol\u00eamica nesta quarta-feira ao questionar as picha\u00e7\u00f5es nos muros da G\u00e1vea e do Ninho do Urubu no &#8220;Donos da Bola&#8221;, da Band. Ap\u00f3s a entrevista, em outro programa, no Fox Sports, o dirigente se esquivou das cr\u00edticas, se dizendo mal interpretado. \u2013 Minha declara\u00e7\u00e3o [&hellip;]","og_url":"https:\/\/www.gaveanews.com\/index.php\/2019\/05\/22\/diretor-do-flamengo-diz-que-foi-mal-interpretado-e-se-defende-apos-polemica\/","og_site_name":"G\u00e1vea News","article_publisher":"https:\/\/facebook.com\/gaveaNews\/","article_published_time":"2019-05-22T20:00:32+00:00","og_image":[{"width":900,"height":506,"url":"https:\/\/www.gaveanews.com\/wp-content\/uploads\/2019\/05\/Ricardo-Lomba-esquerda-e-Cacau-Cotta-direita-sorriem-para-foto-durante-candidatura-da-Chapa-Rosa.webp","type":"image\/jpeg"}],"author":"Equipe G\u00e1vea News","twitter_card":"summary_large_image","twitter_misc":{"Escrito por":"Equipe G\u00e1vea News","Est. tempo de leitura":"1 minuto"},"schema":{"@context":"https:\/\/schema.org","@graph":[{"@type":"NewsArticle","@id":"https:\/\/www.gaveanews.com\/index.php\/2019\/05\/22\/diretor-do-flamengo-diz-que-foi-mal-interpretado-e-se-defende-apos-polemica\/#article","isPartOf":{"@id":"https:\/\/www.gaveanews.com\/index.php\/2019\/05\/22\/diretor-do-flamengo-diz-que-foi-mal-interpretado-e-se-defende-apos-polemica\/"},"author":{"name":"Equipe G\u00e1vea News","@id":"https:\/\/www.gaveanews.com\/#\/schema\/person\/2ec14f73fb96be2caf28f91afb14749d"},"headline":"Diretor do Flamengo diz que foi &#8216;mal interpretado&#8217; e se defende ap\u00f3s pol\u00eamica","datePublished":"2019-05-22T20:00:32+00:00","mainEntityOfPage":{"@id":"https:\/\/www.gaveanews.com\/index.php\/2019\/05\/22\/diretor-do-flamengo-diz-que-foi-mal-interpretado-e-se-defende-apos-polemica\/"},"wordCount":213,"commentCount":0,"image":{"@id":"https:\/\/www.gaveanews.com\/index.php\/2019\/05\/22\/diretor-do-flamengo-diz-que-foi-mal-interpretado-e-se-defende-apos-polemica\/#primaryimage"},"thumbnailUrl":"https:\/\/www.gaveanews.com\/wp-content\/uploads\/2019\/05\/Ricardo-Lomba-esquerda-e-Cacau-Cotta-direita-sorriem-para-foto-durante-candidatura-da-Chapa-Rosa.webp","articleSection":["Destaques"],"inLanguage":"pt-BR","potentialAction":[{"@type":"CommentAction","name":"Comment","target":["https:\/\/www.gaveanews.com\/index.php\/2019\/05\/22\/diretor-do-flamengo-diz-que-foi-mal-interpretado-e-se-defende-apos-polemica\/#respond"]}],"copyrightYear":"2019","copyrightHolder":{"@id":"https:\/\/www.gaveanews.com\/#organization"}},{"@type":"WebPage","@id":"https:\/\/www.gaveanews.com\/index.php\/2019\/05\/22\/diretor-do-flamengo-diz-que-foi-mal-interpretado-e-se-defende-apos-polemica\/","url":"https:\/\/www.gaveanews.com\/index.php\/2019\/05\/22\/diretor-do-flamengo-diz-que-foi-mal-interpretado-e-se-defende-apos-polemica\/","name":"Diretor do Flamengo diz que foi 'mal interpretado' e se defende ap\u00f3s pol\u00eamica","isPartOf":{"@id":"https:\/\/www.gaveanews.com\/#website"},"primaryImageOfPage":{"@id":"https:\/\/www.gaveanews.com\/index.php\/2019\/05\/22\/diretor-do-flamengo-diz-que-foi-mal-interpretado-e-se-defende-apos-polemica\/#primaryimage"},"image":{"@id":"https:\/\/www.gaveanews.com\/index.php\/2019\/05\/22\/diretor-do-flamengo-diz-que-foi-mal-interpretado-e-se-defende-apos-polemica\/#primaryimage"},"thumbnailUrl":"https:\/\/www.gaveanews.com\/wp-content\/uploads\/2019\/05\/Ricardo-Lomba-esquerda-e-Cacau-Cotta-direita-sorriem-para-foto-durante-candidatura-da-Chapa-Rosa.webp","datePublished":"2019-05-22T20:00:32+00:00","author":{"@id":"https:\/\/www.gaveanews.com\/#\/schema\/person\/2ec14f73fb96be2caf28f91afb14749d"},"breadcrumb":{"@id":"https:\/\/www.gaveanews.com\/index.php\/2019\/05\/22\/diretor-do-flamengo-diz-que-foi-mal-interpretado-e-se-defende-apos-polemica\/#breadcrumb"},"inLanguage":"pt-BR","potentialAction":[{"@type":"ReadAction","target":["https:\/\/www.gaveanews.com\/index.php\/2019\/05\/22\/diretor-do-flamengo-diz-que-foi-mal-interpretado-e-se-defende-apos-polemica\/"]}]},{"@type":"ImageObject","inLanguage":"pt-BR","@id":"https:\/\/www.gaveanews.com\/index.php\/2019\/05\/22\/diretor-do-flamengo-diz-que-foi-mal-interpretado-e-se-defende-apos-polemica\/#primaryimage","url":"https:\/\/www.gaveanews.com\/wp-content\/uploads\/2019\/05\/Ricardo-Lomba-esquerda-e-Cacau-Cotta-direita-sorriem-para-foto-durante-candidatura-da-Chapa-Rosa.webp","contentUrl":"https:\/\/www.gaveanews.com\/wp-content\/uploads\/2019\/05\/Ricardo-Lomba-esquerda-e-Cacau-Cotta-direita-sorriem-para-foto-durante-candidatura-da-Chapa-Rosa.webp","width":900,"height":506,"caption":"Ricardo Lomba (esquerda) e Cacau Cotta (direita) sorriem para foto durante candidatura da Chapa Rosa (Foto: Reprodu\u00e7\u00e3o\/Twitter)"},{"@type":"BreadcrumbList","@id":"https:\/\/www.gaveanews.com\/index.php\/2019\/05\/22\/diretor-do-flamengo-diz-que-foi-mal-interpretado-e-se-defende-apos-polemica\/#breadcrumb","itemListElement":[{"@type":"ListItem","position":1,"name":"Home","item":"https:\/\/www.gaveanews.com\/"},{"@type":"ListItem","position":2,"name":"Diretor do Flamengo diz que foi &#8216;mal interpretado&#8217; e se defende ap\u00f3s pol\u00eamica"}]},{"@type":"WebSite","@id":"https:\/\/www.gaveanews.com\/#website","url":"https:\/\/www.gaveanews.com\/","name":"G\u00e1vea News","description":"Veja todas as not\u00edcias sobre o Flamengo: Contrata\u00e7\u00f5es, categorias de base, resultados das partidas, tabela de classifica\u00e7\u00e3o, pr\u00f3ximos jogos!","potentialAction":[{"@type":"SearchAction","target":{"@type":"EntryPoint","urlTemplate":"https:\/\/www.gaveanews.com\/?s={search_term_string}"},"query-input":{"@type":"PropertyValueSpecification","valueRequired":true,"valueName":"search_term_string"}}],"inLanguage":"pt-BR"},{"@type":"Person","@id":"https:\/\/www.gaveanews.com\/#\/schema\/person\/2ec14f73fb96be2caf28f91afb14749d","name":"Equipe G\u00e1vea News","image":{"@type":"ImageObject","inLanguage":"pt-BR","@id":"https:\/\/www.gaveanews.com\/#\/schema\/person\/image\/","url":"https:\/\/secure.gravatar.com\/avatar\/1e1956f1facbffd3f8fa53a326721950116b3b9dc9bd44939c01180fd4a745a9?s=96&d=mm&r=g","contentUrl":"https:\/\/secure.gravatar.com\/avatar\/1e1956f1facbffd3f8fa53a326721950116b3b9dc9bd44939c01180fd4a745a9?s=96&d=mm&r=g","caption":"Equipe G\u00e1vea News"}}]}},"_links":{"self":[{"href":"https:\/\/www.gaveanews.com\/index.php\/wp-json\/wp\/v2\/posts\/20829","targetHints":{"allow":["GET"]}}],"collection":[{"href":"https:\/\/www.gaveanews.com\/index.php\/wp-json\/wp\/v2\/posts"}],"about":[{"href":"https:\/\/www.gaveanews.com\/index.php\/wp-json\/wp\/v2\/types\/post"}],"author":[{"embeddable":true,"href":"https:\/\/www.gaveanews.com\/index.php\/wp-json\/wp\/v2\/users\/1"}],"replies":[{"embeddable":true,"href":"https:\/\/www.gaveanews.com\/index.php\/wp-json\/wp\/v2\/comments?post=20829"}],"version-history":[{"count":0,"href":"https:\/\/www.gaveanews.com\/index.php\/wp-json\/wp\/v2\/posts\/20829\/revisions"}],"wp:featuredmedia":[{"embeddable":true,"href":"https:\/\/www.gaveanews.com\/index.php\/wp-json\/wp\/v2\/media\/20830"}],"wp:attachment":[{"href":"https:\/\/www.gaveanews.com\/index.php\/wp-json\/wp\/v2\/media?parent=20829"}],"wp:term":[{"taxonomy":"category","embeddable":true,"href":"https:\/\/www.gaveanews.com\/index.php\/wp-json\/wp\/v2\/categories?post=20829"},{"taxonomy":"post_tag","embeddable":true,"href":"https:\/\/www.gaveanews.com\/index.php\/wp-json\/wp\/v2\/tags?post=20829"}],"curies":[{"name":"wp","href":"https:\/\/api.w.org\/{rel}","templated":true}]}}