{"id":20832,"date":"2019-05-22T17:28:36","date_gmt":"2019-05-22T20:28:36","guid":{"rendered":"https:\/\/www.gaveanews.com\/?p=20832"},"modified":"2019-05-22T17:28:36","modified_gmt":"2019-05-22T20:28:36","slug":"jornalista-afirma-que-lateral-desejado-pelo-flamengo-avanca-nas-negociacoes-para-renovar-o-seu-contrato","status":"publish","type":"post","link":"https:\/\/www.gaveanews.com\/index.php\/2019\/05\/22\/jornalista-afirma-que-lateral-desejado-pelo-flamengo-avanca-nas-negociacoes-para-renovar-o-seu-contrato\/","title":{"rendered":"Jornalista afirma que lateral desejado pelo Flamengo avan\u00e7a nas negocia\u00e7\u00f5es para renovar o seu contrato"},"content":{"rendered":"\n<p>O Flamengo tem um dos elencos mais bem avaliados do pa\u00eds. No entanto, identificando car\u00eancias no setor defensivo, a diretoria rubro-negra trabalha para trazer novos jogadores ao plantel e iniciar o segundo semestre com refor\u00e7os de peso. <\/p>\n\n\n\n<p>Um dos atletas mais desejados pelo Rubro-Negro \u00e9 Filipe Lu\u00eds, lateral esquerdo consolidado na Europa, que est\u00e1 em fim de contrato com o Atl\u00e9tico de Madrid. No entanto, para tornar o sonho do Fla ainda mais dif\u00edcil, o defensor avan\u00e7ou nas tratativas para renovar com a equipe espanhola.<\/p>\n\n\n\n<p>A informa\u00e7\u00e3o foi divulgada inicialmente pelo jornalista Bruno Andrade, do Goal. Segundo ele, Filipe teve conversas com PSG, Wolverhampton e Flamengo nos \u00faltimos dias. Por\u00e9m, priorizando a perman\u00eancia no clube em que se firmou, o defensor aguarda uma proposta oficial de seu atual clube para firmar a renova\u00e7\u00e3o.<\/p>\n\n\n\n<p>Vale destacar tamb\u00e9m que o Atl\u00e9tico de Madrid n\u00e3o parecia t\u00e3o inclinado a ceder aos pedidos do atleta, principalmente sobre a dura\u00e7\u00e3o do novo v\u00ednculo. Por\u00e9m, com a venda do jovem Lucas Hernand\u00e9z, os Colchoneros ainda n\u00e3o conseguiram encontrar um novo nome para a posi\u00e7\u00e3o, o que d\u00e1 for\u00e7a \u00e0 perman\u00eancia de Filipe Lu\u00eds no plantel.<\/p>\n\n\n\n\n\n<p>Retirado de: Coluna do Flamengo<\/p>\n","protected":false},"excerpt":{"rendered":"<p>O Flamengo tem um dos elencos mais bem avaliados do pa\u00eds. No entanto, identificando car\u00eancias no setor defensivo, a diretoria rubro-negra trabalha para trazer novos jogadores ao plantel e iniciar o segundo semestre com refor\u00e7os de peso. Um dos atletas mais desejados pelo Rubro-Negro \u00e9 Filipe Lu\u00eds, lateral esquerdo consolidado na Europa, que est\u00e1 em [&hellip;]<\/p>\n","protected":false},"author":1,"featured_media":17006,"comment_status":"open","ping_status":"open","sticky":false,"template":"","format":"standard","meta":{"footnotes":""},"categories":[48],"tags":[],"class_list":["post-20832","post","type-post","status-publish","format-standard","has-post-thumbnail","hentry","category-negociacoes"],"yoast_head":"<!-- This site is optimized with the Yoast SEO Premium plugin v24.2 (Yoast SEO v26.9) - https:\/\/yoast.com\/product\/yoast-seo-premium-wordpress\/ -->\n<title>Jornalista afirma que lateral desejado pelo Flamengo avan\u00e7a nas negocia\u00e7\u00f5es para renovar o seu contrato<\/title>\n<meta name=\"robots\" content=\"index, follow, max-snippet:-1, max-image-preview:large, max-video-preview:-1\" \/>\n<link rel=\"canonical\" href=\"https:\/\/www.gaveanews.com\/index.php\/2019\/05\/22\/jornalista-afirma-que-lateral-desejado-pelo-flamengo-avanca-nas-negociacoes-para-renovar-o-seu-contrato\/\" \/>\n<meta property=\"og:locale\" content=\"pt_BR\" \/>\n<meta property=\"og:type\" content=\"article\" \/>\n<meta property=\"og:title\" content=\"Jornalista afirma que lateral desejado pelo Flamengo avan\u00e7a nas negocia\u00e7\u00f5es para renovar o seu contrato\" \/>\n<meta property=\"og:description\" content=\"O Flamengo tem um dos elencos mais bem avaliados do pa\u00eds. No entanto, identificando car\u00eancias no setor defensivo, a diretoria rubro-negra trabalha para trazer novos jogadores ao plantel e iniciar o segundo semestre com refor\u00e7os de peso. Um dos atletas mais desejados pelo Rubro-Negro \u00e9 Filipe Lu\u00eds, lateral esquerdo consolidado na Europa, que est\u00e1 em [&hellip;]\" \/>\n<meta property=\"og:url\" content=\"https:\/\/www.gaveanews.com\/index.php\/2019\/05\/22\/jornalista-afirma-que-lateral-desejado-pelo-flamengo-avanca-nas-negociacoes-para-renovar-o-seu-contrato\/\" \/>\n<meta property=\"og:site_name\" content=\"G\u00e1vea News\" \/>\n<meta property=\"article:publisher\" content=\"https:\/\/facebook.com\/gaveaNews\/\" \/>\n<meta property=\"article:published_time\" content=\"2019-05-22T20:28:36+00:00\" \/>\n<meta property=\"og:image\" content=\"https:\/\/www.gaveanews.com\/wp-content\/uploads\/2019\/04\/Filipe-Luis-em-acao-pelo-Brasil.webp\" \/>\n\t<meta property=\"og:image:width\" content=\"1\" \/>\n\t<meta property=\"og:image:height\" content=\"1\" \/>\n\t<meta property=\"og:image:type\" content=\"image\/jpeg\" \/>\n<meta name=\"author\" content=\"Equipe G\u00e1vea News\" \/>\n<meta name=\"twitter:card\" content=\"summary_large_image\" \/>\n<meta name=\"twitter:label1\" content=\"Escrito por\" \/>\n\t<meta name=\"twitter:data1\" content=\"Equipe G\u00e1vea News\" \/>\n\t<meta name=\"twitter:label2\" content=\"Est. tempo de leitura\" \/>\n\t<meta name=\"twitter:data2\" content=\"1 minuto\" \/>\n<script type=\"application\/ld+json\" class=\"yoast-schema-graph\">{\"@context\":\"https:\/\/schema.org\",\"@graph\":[{\"@type\":\"NewsArticle\",\"@id\":\"https:\/\/www.gaveanews.com\/index.php\/2019\/05\/22\/jornalista-afirma-que-lateral-desejado-pelo-flamengo-avanca-nas-negociacoes-para-renovar-o-seu-contrato\/#article\",\"isPartOf\":{\"@id\":\"https:\/\/www.gaveanews.com\/index.php\/2019\/05\/22\/jornalista-afirma-que-lateral-desejado-pelo-flamengo-avanca-nas-negociacoes-para-renovar-o-seu-contrato\/\"},\"author\":{\"name\":\"Equipe G\u00e1vea News\",\"@id\":\"https:\/\/www.gaveanews.com\/#\/schema\/person\/2ec14f73fb96be2caf28f91afb14749d\"},\"headline\":\"Jornalista afirma que lateral desejado pelo Flamengo avan\u00e7a nas negocia\u00e7\u00f5es para renovar o seu contrato\",\"datePublished\":\"2019-05-22T20:28:36+00:00\",\"mainEntityOfPage\":{\"@id\":\"https:\/\/www.gaveanews.com\/index.php\/2019\/05\/22\/jornalista-afirma-que-lateral-desejado-pelo-flamengo-avanca-nas-negociacoes-para-renovar-o-seu-contrato\/\"},\"wordCount\":233,\"commentCount\":0,\"image\":{\"@id\":\"https:\/\/www.gaveanews.com\/index.php\/2019\/05\/22\/jornalista-afirma-que-lateral-desejado-pelo-flamengo-avanca-nas-negociacoes-para-renovar-o-seu-contrato\/#primaryimage\"},\"thumbnailUrl\":\"https:\/\/www.gaveanews.com\/wp-content\/uploads\/2019\/04\/Filipe-Luis-em-acao-pelo-Brasil.webp\",\"articleSection\":[\"Negocia\u00e7\u00f5es\"],\"inLanguage\":\"pt-BR\",\"potentialAction\":[{\"@type\":\"CommentAction\",\"name\":\"Comment\",\"target\":[\"https:\/\/www.gaveanews.com\/index.php\/2019\/05\/22\/jornalista-afirma-que-lateral-desejado-pelo-flamengo-avanca-nas-negociacoes-para-renovar-o-seu-contrato\/#respond\"]}],\"copyrightYear\":\"2019\",\"copyrightHolder\":{\"@id\":\"https:\/\/www.gaveanews.com\/#organization\"}},{\"@type\":\"WebPage\",\"@id\":\"https:\/\/www.gaveanews.com\/index.php\/2019\/05\/22\/jornalista-afirma-que-lateral-desejado-pelo-flamengo-avanca-nas-negociacoes-para-renovar-o-seu-contrato\/\",\"url\":\"https:\/\/www.gaveanews.com\/index.php\/2019\/05\/22\/jornalista-afirma-que-lateral-desejado-pelo-flamengo-avanca-nas-negociacoes-para-renovar-o-seu-contrato\/\",\"name\":\"Jornalista afirma que lateral desejado pelo Flamengo avan\u00e7a nas negocia\u00e7\u00f5es para renovar o seu contrato\",\"isPartOf\":{\"@id\":\"https:\/\/www.gaveanews.com\/#website\"},\"primaryImageOfPage\":{\"@id\":\"https:\/\/www.gaveanews.com\/index.php\/2019\/05\/22\/jornalista-afirma-que-lateral-desejado-pelo-flamengo-avanca-nas-negociacoes-para-renovar-o-seu-contrato\/#primaryimage\"},\"image\":{\"@id\":\"https:\/\/www.gaveanews.com\/index.php\/2019\/05\/22\/jornalista-afirma-que-lateral-desejado-pelo-flamengo-avanca-nas-negociacoes-para-renovar-o-seu-contrato\/#primaryimage\"},\"thumbnailUrl\":\"https:\/\/www.gaveanews.com\/wp-content\/uploads\/2019\/04\/Filipe-Luis-em-acao-pelo-Brasil.webp\",\"datePublished\":\"2019-05-22T20:28:36+00:00\",\"author\":{\"@id\":\"https:\/\/www.gaveanews.com\/#\/schema\/person\/2ec14f73fb96be2caf28f91afb14749d\"},\"breadcrumb\":{\"@id\":\"https:\/\/www.gaveanews.com\/index.php\/2019\/05\/22\/jornalista-afirma-que-lateral-desejado-pelo-flamengo-avanca-nas-negociacoes-para-renovar-o-seu-contrato\/#breadcrumb\"},\"inLanguage\":\"pt-BR\",\"potentialAction\":[{\"@type\":\"ReadAction\",\"target\":[\"https:\/\/www.gaveanews.com\/index.php\/2019\/05\/22\/jornalista-afirma-que-lateral-desejado-pelo-flamengo-avanca-nas-negociacoes-para-renovar-o-seu-contrato\/\"]}]},{\"@type\":\"ImageObject\",\"inLanguage\":\"pt-BR\",\"@id\":\"https:\/\/www.gaveanews.com\/index.php\/2019\/05\/22\/jornalista-afirma-que-lateral-desejado-pelo-flamengo-avanca-nas-negociacoes-para-renovar-o-seu-contrato\/#primaryimage\",\"url\":\"https:\/\/www.gaveanews.com\/wp-content\/uploads\/2019\/04\/Filipe-Luis-em-acao-pelo-Brasil.webp\",\"contentUrl\":\"https:\/\/www.gaveanews.com\/wp-content\/uploads\/2019\/04\/Filipe-Luis-em-acao-pelo-Brasil.webp\",\"caption\":\"Filipe Luis em a\u00e7\u00e3o pelo Brasil (Foto: Leo Correa\/MoWa Press)\"},{\"@type\":\"BreadcrumbList\",\"@id\":\"https:\/\/www.gaveanews.com\/index.php\/2019\/05\/22\/jornalista-afirma-que-lateral-desejado-pelo-flamengo-avanca-nas-negociacoes-para-renovar-o-seu-contrato\/#breadcrumb\",\"itemListElement\":[{\"@type\":\"ListItem\",\"position\":1,\"name\":\"Home\",\"item\":\"https:\/\/www.gaveanews.com\/\"},{\"@type\":\"ListItem\",\"position\":2,\"name\":\"Jornalista afirma que lateral desejado pelo Flamengo avan\u00e7a nas negocia\u00e7\u00f5es para renovar o seu contrato\"}]},{\"@type\":\"WebSite\",\"@id\":\"https:\/\/www.gaveanews.com\/#website\",\"url\":\"https:\/\/www.gaveanews.com\/\",\"name\":\"G\u00e1vea News\",\"description\":\"Veja todas as not\u00edcias sobre o Flamengo: Contrata\u00e7\u00f5es, categorias de base, resultados das partidas, tabela de classifica\u00e7\u00e3o, pr\u00f3ximos jogos!\",\"potentialAction\":[{\"@type\":\"SearchAction\",\"target\":{\"@type\":\"EntryPoint\",\"urlTemplate\":\"https:\/\/www.gaveanews.com\/?s={search_term_string}\"},\"query-input\":{\"@type\":\"PropertyValueSpecification\",\"valueRequired\":true,\"valueName\":\"search_term_string\"}}],\"inLanguage\":\"pt-BR\"},{\"@type\":\"Person\",\"@id\":\"https:\/\/www.gaveanews.com\/#\/schema\/person\/2ec14f73fb96be2caf28f91afb14749d\",\"name\":\"Equipe G\u00e1vea News\",\"image\":{\"@type\":\"ImageObject\",\"inLanguage\":\"pt-BR\",\"@id\":\"https:\/\/www.gaveanews.com\/#\/schema\/person\/image\/\",\"url\":\"https:\/\/secure.gravatar.com\/avatar\/1e1956f1facbffd3f8fa53a326721950116b3b9dc9bd44939c01180fd4a745a9?s=96&d=mm&r=g\",\"contentUrl\":\"https:\/\/secure.gravatar.com\/avatar\/1e1956f1facbffd3f8fa53a326721950116b3b9dc9bd44939c01180fd4a745a9?s=96&d=mm&r=g\",\"caption\":\"Equipe G\u00e1vea News\"}}]}<\/script>\n<!-- \/ Yoast SEO Premium plugin. -->","yoast_head_json":{"title":"Jornalista afirma que lateral desejado pelo Flamengo avan\u00e7a nas negocia\u00e7\u00f5es para renovar o seu contrato","robots":{"index":"index","follow":"follow","max-snippet":"max-snippet:-1","max-image-preview":"max-image-preview:large","max-video-preview":"max-video-preview:-1"},"canonical":"https:\/\/www.gaveanews.com\/index.php\/2019\/05\/22\/jornalista-afirma-que-lateral-desejado-pelo-flamengo-avanca-nas-negociacoes-para-renovar-o-seu-contrato\/","og_locale":"pt_BR","og_type":"article","og_title":"Jornalista afirma que lateral desejado pelo Flamengo avan\u00e7a nas negocia\u00e7\u00f5es para renovar o seu contrato","og_description":"O Flamengo tem um dos elencos mais bem avaliados do pa\u00eds. No entanto, identificando car\u00eancias no setor defensivo, a diretoria rubro-negra trabalha para trazer novos jogadores ao plantel e iniciar o segundo semestre com refor\u00e7os de peso. Um dos atletas mais desejados pelo Rubro-Negro \u00e9 Filipe Lu\u00eds, lateral esquerdo consolidado na Europa, que est\u00e1 em [&hellip;]","og_url":"https:\/\/www.gaveanews.com\/index.php\/2019\/05\/22\/jornalista-afirma-que-lateral-desejado-pelo-flamengo-avanca-nas-negociacoes-para-renovar-o-seu-contrato\/","og_site_name":"G\u00e1vea News","article_publisher":"https:\/\/facebook.com\/gaveaNews\/","article_published_time":"2019-05-22T20:28:36+00:00","og_image":[{"url":"https:\/\/www.gaveanews.com\/wp-content\/uploads\/2019\/04\/Filipe-Luis-em-acao-pelo-Brasil.webp","width":1,"height":1,"type":"image\/jpeg"}],"author":"Equipe G\u00e1vea News","twitter_card":"summary_large_image","twitter_misc":{"Escrito por":"Equipe G\u00e1vea News","Est. tempo de leitura":"1 minuto"},"schema":{"@context":"https:\/\/schema.org","@graph":[{"@type":"NewsArticle","@id":"https:\/\/www.gaveanews.com\/index.php\/2019\/05\/22\/jornalista-afirma-que-lateral-desejado-pelo-flamengo-avanca-nas-negociacoes-para-renovar-o-seu-contrato\/#article","isPartOf":{"@id":"https:\/\/www.gaveanews.com\/index.php\/2019\/05\/22\/jornalista-afirma-que-lateral-desejado-pelo-flamengo-avanca-nas-negociacoes-para-renovar-o-seu-contrato\/"},"author":{"name":"Equipe G\u00e1vea News","@id":"https:\/\/www.gaveanews.com\/#\/schema\/person\/2ec14f73fb96be2caf28f91afb14749d"},"headline":"Jornalista afirma que lateral desejado pelo Flamengo avan\u00e7a nas negocia\u00e7\u00f5es para renovar o seu contrato","datePublished":"2019-05-22T20:28:36+00:00","mainEntityOfPage":{"@id":"https:\/\/www.gaveanews.com\/index.php\/2019\/05\/22\/jornalista-afirma-que-lateral-desejado-pelo-flamengo-avanca-nas-negociacoes-para-renovar-o-seu-contrato\/"},"wordCount":233,"commentCount":0,"image":{"@id":"https:\/\/www.gaveanews.com\/index.php\/2019\/05\/22\/jornalista-afirma-que-lateral-desejado-pelo-flamengo-avanca-nas-negociacoes-para-renovar-o-seu-contrato\/#primaryimage"},"thumbnailUrl":"https:\/\/www.gaveanews.com\/wp-content\/uploads\/2019\/04\/Filipe-Luis-em-acao-pelo-Brasil.webp","articleSection":["Negocia\u00e7\u00f5es"],"inLanguage":"pt-BR","potentialAction":[{"@type":"CommentAction","name":"Comment","target":["https:\/\/www.gaveanews.com\/index.php\/2019\/05\/22\/jornalista-afirma-que-lateral-desejado-pelo-flamengo-avanca-nas-negociacoes-para-renovar-o-seu-contrato\/#respond"]}],"copyrightYear":"2019","copyrightHolder":{"@id":"https:\/\/www.gaveanews.com\/#organization"}},{"@type":"WebPage","@id":"https:\/\/www.gaveanews.com\/index.php\/2019\/05\/22\/jornalista-afirma-que-lateral-desejado-pelo-flamengo-avanca-nas-negociacoes-para-renovar-o-seu-contrato\/","url":"https:\/\/www.gaveanews.com\/index.php\/2019\/05\/22\/jornalista-afirma-que-lateral-desejado-pelo-flamengo-avanca-nas-negociacoes-para-renovar-o-seu-contrato\/","name":"Jornalista afirma que lateral desejado pelo Flamengo avan\u00e7a nas negocia\u00e7\u00f5es para renovar o seu contrato","isPartOf":{"@id":"https:\/\/www.gaveanews.com\/#website"},"primaryImageOfPage":{"@id":"https:\/\/www.gaveanews.com\/index.php\/2019\/05\/22\/jornalista-afirma-que-lateral-desejado-pelo-flamengo-avanca-nas-negociacoes-para-renovar-o-seu-contrato\/#primaryimage"},"image":{"@id":"https:\/\/www.gaveanews.com\/index.php\/2019\/05\/22\/jornalista-afirma-que-lateral-desejado-pelo-flamengo-avanca-nas-negociacoes-para-renovar-o-seu-contrato\/#primaryimage"},"thumbnailUrl":"https:\/\/www.gaveanews.com\/wp-content\/uploads\/2019\/04\/Filipe-Luis-em-acao-pelo-Brasil.webp","datePublished":"2019-05-22T20:28:36+00:00","author":{"@id":"https:\/\/www.gaveanews.com\/#\/schema\/person\/2ec14f73fb96be2caf28f91afb14749d"},"breadcrumb":{"@id":"https:\/\/www.gaveanews.com\/index.php\/2019\/05\/22\/jornalista-afirma-que-lateral-desejado-pelo-flamengo-avanca-nas-negociacoes-para-renovar-o-seu-contrato\/#breadcrumb"},"inLanguage":"pt-BR","potentialAction":[{"@type":"ReadAction","target":["https:\/\/www.gaveanews.com\/index.php\/2019\/05\/22\/jornalista-afirma-que-lateral-desejado-pelo-flamengo-avanca-nas-negociacoes-para-renovar-o-seu-contrato\/"]}]},{"@type":"ImageObject","inLanguage":"pt-BR","@id":"https:\/\/www.gaveanews.com\/index.php\/2019\/05\/22\/jornalista-afirma-que-lateral-desejado-pelo-flamengo-avanca-nas-negociacoes-para-renovar-o-seu-contrato\/#primaryimage","url":"https:\/\/www.gaveanews.com\/wp-content\/uploads\/2019\/04\/Filipe-Luis-em-acao-pelo-Brasil.webp","contentUrl":"https:\/\/www.gaveanews.com\/wp-content\/uploads\/2019\/04\/Filipe-Luis-em-acao-pelo-Brasil.webp","caption":"Filipe Luis em a\u00e7\u00e3o pelo Brasil (Foto: Leo Correa\/MoWa Press)"},{"@type":"BreadcrumbList","@id":"https:\/\/www.gaveanews.com\/index.php\/2019\/05\/22\/jornalista-afirma-que-lateral-desejado-pelo-flamengo-avanca-nas-negociacoes-para-renovar-o-seu-contrato\/#breadcrumb","itemListElement":[{"@type":"ListItem","position":1,"name":"Home","item":"https:\/\/www.gaveanews.com\/"},{"@type":"ListItem","position":2,"name":"Jornalista afirma que lateral desejado pelo Flamengo avan\u00e7a nas negocia\u00e7\u00f5es para renovar o seu contrato"}]},{"@type":"WebSite","@id":"https:\/\/www.gaveanews.com\/#website","url":"https:\/\/www.gaveanews.com\/","name":"G\u00e1vea News","description":"Veja todas as not\u00edcias sobre o Flamengo: Contrata\u00e7\u00f5es, categorias de base, resultados das partidas, tabela de classifica\u00e7\u00e3o, pr\u00f3ximos jogos!","potentialAction":[{"@type":"SearchAction","target":{"@type":"EntryPoint","urlTemplate":"https:\/\/www.gaveanews.com\/?s={search_term_string}"},"query-input":{"@type":"PropertyValueSpecification","valueRequired":true,"valueName":"search_term_string"}}],"inLanguage":"pt-BR"},{"@type":"Person","@id":"https:\/\/www.gaveanews.com\/#\/schema\/person\/2ec14f73fb96be2caf28f91afb14749d","name":"Equipe G\u00e1vea News","image":{"@type":"ImageObject","inLanguage":"pt-BR","@id":"https:\/\/www.gaveanews.com\/#\/schema\/person\/image\/","url":"https:\/\/secure.gravatar.com\/avatar\/1e1956f1facbffd3f8fa53a326721950116b3b9dc9bd44939c01180fd4a745a9?s=96&d=mm&r=g","contentUrl":"https:\/\/secure.gravatar.com\/avatar\/1e1956f1facbffd3f8fa53a326721950116b3b9dc9bd44939c01180fd4a745a9?s=96&d=mm&r=g","caption":"Equipe G\u00e1vea News"}}]}},"_links":{"self":[{"href":"https:\/\/www.gaveanews.com\/index.php\/wp-json\/wp\/v2\/posts\/20832","targetHints":{"allow":["GET"]}}],"collection":[{"href":"https:\/\/www.gaveanews.com\/index.php\/wp-json\/wp\/v2\/posts"}],"about":[{"href":"https:\/\/www.gaveanews.com\/index.php\/wp-json\/wp\/v2\/types\/post"}],"author":[{"embeddable":true,"href":"https:\/\/www.gaveanews.com\/index.php\/wp-json\/wp\/v2\/users\/1"}],"replies":[{"embeddable":true,"href":"https:\/\/www.gaveanews.com\/index.php\/wp-json\/wp\/v2\/comments?post=20832"}],"version-history":[{"count":0,"href":"https:\/\/www.gaveanews.com\/index.php\/wp-json\/wp\/v2\/posts\/20832\/revisions"}],"wp:featuredmedia":[{"embeddable":true,"href":"https:\/\/www.gaveanews.com\/index.php\/wp-json\/wp\/v2\/media\/17006"}],"wp:attachment":[{"href":"https:\/\/www.gaveanews.com\/index.php\/wp-json\/wp\/v2\/media?parent=20832"}],"wp:term":[{"taxonomy":"category","embeddable":true,"href":"https:\/\/www.gaveanews.com\/index.php\/wp-json\/wp\/v2\/categories?post=20832"},{"taxonomy":"post_tag","embeddable":true,"href":"https:\/\/www.gaveanews.com\/index.php\/wp-json\/wp\/v2\/tags?post=20832"}],"curies":[{"name":"wp","href":"https:\/\/api.w.org\/{rel}","templated":true}]}}