{"id":208381,"date":"2025-01-07T01:20:00","date_gmt":"2025-01-07T04:20:00","guid":{"rendered":"https:\/\/www.gaveanews.com\/?p=208381"},"modified":"2025-01-06T22:18:52","modified_gmt":"2025-01-07T01:18:52","slug":"jogador-do-fluminense-visita-ct-de-outro-clube-e-ganha-destaque-nas-redes-sociais","status":"publish","type":"post","link":"https:\/\/www.gaveanews.com\/index.php\/2025\/01\/07\/jogador-do-fluminense-visita-ct-de-outro-clube-e-ganha-destaque-nas-redes-sociais\/","title":{"rendered":"Jogador do Fluminense visita CT de outro clube e ganha destaque nas redes sociais"},"content":{"rendered":"\n<p>O lateral-esquerdo do Fluminense, Gabriel Fuentes, decidiu tirar um tempinho das f\u00e9rias em sua terra natal para matar a saudade do Junior Barranquilla. Antes de deixar a Col\u00f4mbia para regressar ao Brasil, o jogador de 27 anos decidiu dar um pulo nas instala\u00e7\u00f5es do clube que o formou para rever ex-companheiros e amigos. A visita inclusive rendeu registros nas redes sociais.<\/p>\n\n\n\n<ul class=\"wp-block-list\">\n<li><a href=\"https:\/\/www.gaveanews.com\/index.php\/2025\/01\/06\/fluminense-faz-publicacao-direcionada-a-fernanda-torres\/\">Fluminense faz publica\u00e7\u00e3o direcionada a Fernanda Torres<\/a><\/li>\n\n\n\n<li><a href=\"https:\/\/www.gaveanews.com\/index.php\/2025\/01\/06\/fluminense-vai-buscar-dois-reforcos-de-peso-para-mano-menezes\/\">Fluminense vai buscar dois refor\u00e7os de peso para Mano Menezes<\/a><\/li>\n<\/ul>\n\n\n\n<p>&#8220;Olha quem nos visitou&#8221;, publicou o perfil oficial do Junior Barranquilla com uma foto de Fuentes vestindo uniforme do clube. A postagem evidentemente rendeu centenas de intera\u00e7\u00f5es entre tricolores e colombianos: &#8220;Feche as instala\u00e7\u00f5es e n\u00e3o o deixe sair&#8221;, brincou um adepto dos Rojiblancos.<\/p>\n\n\n\n<p>&#8220;N\u00e3o o deixe sair, amarre-o em uma cadeira. N\u00f3s precisamos dele neste semestre&#8221;, corroborou outro torcedor.<\/p>\n\n\n\n<figure class=\"wp-block-embed is-type-rich is-provider-twitter wp-block-embed-twitter\"><div class=\"wp-block-embed__wrapper\">\n<blockquote class=\"twitter-tweet\" data-width=\"550\" data-dnt=\"true\"><p lang=\"es\" dir=\"ltr\">\ud83d\udcf8| \u00a1MIREN QUI\u00c9N NOS VISIT\u00d3! \ud83e\udd29 <a href=\"https:\/\/twitter.com\/hashtag\/VamosJunior?src=hash&amp;ref_src=twsrc%5Etfw\">#VamosJunior<\/a> <a href=\"https:\/\/t.co\/9V8NRxmIMI\">pic.twitter.com\/9V8NRxmIMI<\/a><\/p>&mdash; Junior FC (@JuniorClubSA) <a href=\"https:\/\/twitter.com\/JuniorClubSA\/status\/1875317822341226702?ref_src=twsrc%5Etfw\">January 3, 2025<\/a><\/blockquote><script async src=\"https:\/\/platform.twitter.com\/widgets.js\" charset=\"utf-8\"><\/script>\n<\/div><\/figure>\n\n\n\n<p>Os elogios n\u00e3o causaram revolta entre os tricolores, ali\u00e1s, muito pelo contr\u00e1rio. &#8220;Os coment\u00e1rios s\u00e3o s\u00f3 elogios ao Fuentes, cheio de gente com saudade. Espero que isso seja um bom sinal e ele jogue muita bola em 2025&#8221;, escreveu um carioca.<\/p>\n\n\n\n<h2 class=\"wp-block-heading\" id=\"h-transferencia-ao-fluminense\">Transfer\u00eancia ao Fluminense<\/h2>\n\n\n\n<p>O Tricolor das Laranjeiras investiu cerca de 1,2 milh\u00e3o de d\u00f3lares (R$ 6,6 milh\u00f5es na convers\u00e3o \u00e0 \u00e9poca) por 60% dos direitos econ\u00f4micos de Fuentes, em agosto de 2024. O lateral ainda n\u00e3o teve minutagem suficiente para esclarecer se o investimento valeu ou n\u00e3o a pena, visto que s\u00f3 atuou por 212&#8242; em seis partidas pelo Fluminense &#8211; todas pela S\u00e9rie A.<\/p>\n\n\n\n<figure class=\"wp-block-embed is-type-rich is-provider-twitter wp-block-embed-twitter\"><div class=\"wp-block-embed__wrapper\">\n<blockquote class=\"twitter-tweet\" data-width=\"550\" data-dnt=\"true\"><p lang=\"pt\" dir=\"ltr\">To botando f\u00e9 nesse boneco pra 2025. <a href=\"https:\/\/t.co\/aceATaXtAw\">https:\/\/t.co\/aceATaXtAw<\/a><\/p>&mdash; inimigo do dinizismo (@Costaaffc) <a href=\"https:\/\/twitter.com\/Costaaffc\/status\/1875574951933308990?ref_src=twsrc%5Etfw\">January 4, 2025<\/a><\/blockquote><script async src=\"https:\/\/platform.twitter.com\/widgets.js\" charset=\"utf-8\"><\/script>\n<\/div><\/figure>\n\n\n\n<p>Apesar da pouca minutagem, o lateral deixou boas impress\u00f5es nos torcedores nas \u00faltimas duas rodadas do Brasileir\u00e3o 2024. Fuentes ganhou oportunidade na equipe ap\u00f3s a les\u00e3o de Diogo Barbosa, que ocupava a vaga titular antes de acabar se lesionando ainda no aquecimento do duelo contra o Cuiab\u00e1.<\/p>\n\n\n\n<p>Apesar dos poucos jogos pelo Fluminense, Fuentes disputou 44 partidas em 2024 &#8211; acumulando 3.506 minutos em campo no ano. O lateral ainda contribuiu com dois gols e quatro assist\u00eancias pelo Junior Barranquilla antes de transferir-se ao Tricolor.<\/p>\n","protected":false},"excerpt":{"rendered":"<p>O lateral-esquerdo do Fluminense, Gabriel Fuentes, decidiu tirar um tempinho das f\u00e9rias em sua terra natal para matar a saudade do Junior Barranquilla. Antes de deixar a Col\u00f4mbia para regressar ao Brasil, o jogador de 27 anos decidiu dar um pulo nas instala\u00e7\u00f5es do clube que o formou para rever ex-companheiros e amigos. A visita [&hellip;]<\/p>\n","protected":false},"author":30,"featured_media":152558,"comment_status":"open","ping_status":"closed","sticky":false,"template":"","format":"standard","meta":{"footnotes":""},"categories":[145],"tags":[],"class_list":["post-208381","post","type-post","status-publish","format-standard","has-post-thumbnail","hentry","category-fluminense"],"yoast_head":"<!-- This site is optimized with the Yoast SEO Premium plugin v24.2 (Yoast SEO v26.9) - https:\/\/yoast.com\/product\/yoast-seo-premium-wordpress\/ -->\n<title>Jogador do Fluminense visita CT de outro clube e ganha destaque nas redes sociais<\/title>\n<meta name=\"robots\" content=\"index, follow, max-snippet:-1, max-image-preview:large, max-video-preview:-1\" \/>\n<link rel=\"canonical\" href=\"https:\/\/www.gaveanews.com\/index.php\/2025\/01\/07\/jogador-do-fluminense-visita-ct-de-outro-clube-e-ganha-destaque-nas-redes-sociais\/\" \/>\n<meta property=\"og:locale\" content=\"pt_BR\" \/>\n<meta property=\"og:type\" content=\"article\" \/>\n<meta property=\"og:title\" content=\"Jogador do Fluminense visita CT de outro clube e ganha destaque nas redes sociais\" \/>\n<meta property=\"og:description\" content=\"O lateral-esquerdo do Fluminense, Gabriel Fuentes, decidiu tirar um tempinho das f\u00e9rias em sua terra natal para matar a saudade do Junior Barranquilla. Antes de deixar a Col\u00f4mbia para regressar ao Brasil, o jogador de 27 anos decidiu dar um pulo nas instala\u00e7\u00f5es do clube que o formou para rever ex-companheiros e amigos. A visita [&hellip;]\" \/>\n<meta property=\"og:url\" content=\"https:\/\/www.gaveanews.com\/index.php\/2025\/01\/07\/jogador-do-fluminense-visita-ct-de-outro-clube-e-ganha-destaque-nas-redes-sociais\/\" \/>\n<meta property=\"og:site_name\" content=\"G\u00e1vea News\" \/>\n<meta property=\"article:publisher\" content=\"https:\/\/facebook.com\/gaveaNews\/\" \/>\n<meta property=\"article:published_time\" content=\"2025-01-07T04:20:00+00:00\" \/>\n<meta property=\"og:image\" content=\"https:\/\/www.gaveanews.com\/wp-content\/uploads\/Bandeira-do-Fluminense.webp\" \/>\n\t<meta property=\"og:image:width\" content=\"1440\" \/>\n\t<meta property=\"og:image:height\" content=\"1080\" \/>\n\t<meta property=\"og:image:type\" content=\"image\/webp\" \/>\n<meta name=\"author\" content=\"Ana Teixeira\" \/>\n<meta name=\"twitter:card\" content=\"summary_large_image\" \/>\n<meta name=\"twitter:label1\" content=\"Escrito por\" \/>\n\t<meta name=\"twitter:data1\" content=\"Ana Teixeira\" \/>\n\t<meta name=\"twitter:label2\" content=\"Est. tempo de leitura\" \/>\n\t<meta name=\"twitter:data2\" content=\"3 minutos\" \/>\n<script type=\"application\/ld+json\" class=\"yoast-schema-graph\">{\"@context\":\"https:\/\/schema.org\",\"@graph\":[{\"@type\":\"NewsArticle\",\"@id\":\"https:\/\/www.gaveanews.com\/index.php\/2025\/01\/07\/jogador-do-fluminense-visita-ct-de-outro-clube-e-ganha-destaque-nas-redes-sociais\/#article\",\"isPartOf\":{\"@id\":\"https:\/\/www.gaveanews.com\/index.php\/2025\/01\/07\/jogador-do-fluminense-visita-ct-de-outro-clube-e-ganha-destaque-nas-redes-sociais\/\"},\"author\":{\"name\":\"Ana Teixeira\",\"@id\":\"https:\/\/www.gaveanews.com\/#\/schema\/person\/3b19f7288b0ce20372991275e4f2e6c2\"},\"headline\":\"Jogador do Fluminense visita CT de outro clube e ganha destaque nas redes sociais\",\"datePublished\":\"2025-01-07T04:20:00+00:00\",\"mainEntityOfPage\":{\"@id\":\"https:\/\/www.gaveanews.com\/index.php\/2025\/01\/07\/jogador-do-fluminense-visita-ct-de-outro-clube-e-ganha-destaque-nas-redes-sociais\/\"},\"wordCount\":370,\"commentCount\":0,\"image\":{\"@id\":\"https:\/\/www.gaveanews.com\/index.php\/2025\/01\/07\/jogador-do-fluminense-visita-ct-de-outro-clube-e-ganha-destaque-nas-redes-sociais\/#primaryimage\"},\"thumbnailUrl\":\"https:\/\/www.gaveanews.com\/wp-content\/uploads\/Bandeira-do-Fluminense.webp\",\"articleSection\":[\"Fluminense\"],\"inLanguage\":\"pt-BR\",\"potentialAction\":[{\"@type\":\"CommentAction\",\"name\":\"Comment\",\"target\":[\"https:\/\/www.gaveanews.com\/index.php\/2025\/01\/07\/jogador-do-fluminense-visita-ct-de-outro-clube-e-ganha-destaque-nas-redes-sociais\/#respond\"]}],\"copyrightYear\":\"2025\",\"copyrightHolder\":{\"@id\":\"https:\/\/www.gaveanews.com\/#organization\"}},{\"@type\":\"WebPage\",\"@id\":\"https:\/\/www.gaveanews.com\/index.php\/2025\/01\/07\/jogador-do-fluminense-visita-ct-de-outro-clube-e-ganha-destaque-nas-redes-sociais\/\",\"url\":\"https:\/\/www.gaveanews.com\/index.php\/2025\/01\/07\/jogador-do-fluminense-visita-ct-de-outro-clube-e-ganha-destaque-nas-redes-sociais\/\",\"name\":\"Jogador do Fluminense visita CT de outro clube e ganha destaque nas redes sociais\",\"isPartOf\":{\"@id\":\"https:\/\/www.gaveanews.com\/#website\"},\"primaryImageOfPage\":{\"@id\":\"https:\/\/www.gaveanews.com\/index.php\/2025\/01\/07\/jogador-do-fluminense-visita-ct-de-outro-clube-e-ganha-destaque-nas-redes-sociais\/#primaryimage\"},\"image\":{\"@id\":\"https:\/\/www.gaveanews.com\/index.php\/2025\/01\/07\/jogador-do-fluminense-visita-ct-de-outro-clube-e-ganha-destaque-nas-redes-sociais\/#primaryimage\"},\"thumbnailUrl\":\"https:\/\/www.gaveanews.com\/wp-content\/uploads\/Bandeira-do-Fluminense.webp\",\"datePublished\":\"2025-01-07T04:20:00+00:00\",\"author\":{\"@id\":\"https:\/\/www.gaveanews.com\/#\/schema\/person\/3b19f7288b0ce20372991275e4f2e6c2\"},\"breadcrumb\":{\"@id\":\"https:\/\/www.gaveanews.com\/index.php\/2025\/01\/07\/jogador-do-fluminense-visita-ct-de-outro-clube-e-ganha-destaque-nas-redes-sociais\/#breadcrumb\"},\"inLanguage\":\"pt-BR\",\"potentialAction\":[{\"@type\":\"ReadAction\",\"target\":[\"https:\/\/www.gaveanews.com\/index.php\/2025\/01\/07\/jogador-do-fluminense-visita-ct-de-outro-clube-e-ganha-destaque-nas-redes-sociais\/\"]}]},{\"@type\":\"ImageObject\",\"inLanguage\":\"pt-BR\",\"@id\":\"https:\/\/www.gaveanews.com\/index.php\/2025\/01\/07\/jogador-do-fluminense-visita-ct-de-outro-clube-e-ganha-destaque-nas-redes-sociais\/#primaryimage\",\"url\":\"https:\/\/www.gaveanews.com\/wp-content\/uploads\/Bandeira-do-Fluminense.webp\",\"contentUrl\":\"https:\/\/www.gaveanews.com\/wp-content\/uploads\/Bandeira-do-Fluminense.webp\",\"width\":1440,\"height\":1080,\"caption\":\"Bandeira do Fluminense (Foto: Reprodu\u00e7\u00e3o\/Fluminense)\"},{\"@type\":\"BreadcrumbList\",\"@id\":\"https:\/\/www.gaveanews.com\/index.php\/2025\/01\/07\/jogador-do-fluminense-visita-ct-de-outro-clube-e-ganha-destaque-nas-redes-sociais\/#breadcrumb\",\"itemListElement\":[{\"@type\":\"ListItem\",\"position\":1,\"name\":\"Home\",\"item\":\"https:\/\/www.gaveanews.com\/\"},{\"@type\":\"ListItem\",\"position\":2,\"name\":\"Jogador do Fluminense visita CT de outro clube e ganha destaque nas redes sociais\"}]},{\"@type\":\"WebSite\",\"@id\":\"https:\/\/www.gaveanews.com\/#website\",\"url\":\"https:\/\/www.gaveanews.com\/\",\"name\":\"G\u00e1vea News\",\"description\":\"Veja todas as not\u00edcias sobre o Flamengo: Contrata\u00e7\u00f5es, categorias de base, resultados das partidas, tabela de classifica\u00e7\u00e3o, pr\u00f3ximos jogos!\",\"potentialAction\":[{\"@type\":\"SearchAction\",\"target\":{\"@type\":\"EntryPoint\",\"urlTemplate\":\"https:\/\/www.gaveanews.com\/?s={search_term_string}\"},\"query-input\":{\"@type\":\"PropertyValueSpecification\",\"valueRequired\":true,\"valueName\":\"search_term_string\"}}],\"inLanguage\":\"pt-BR\"},{\"@type\":\"Person\",\"@id\":\"https:\/\/www.gaveanews.com\/#\/schema\/person\/3b19f7288b0ce20372991275e4f2e6c2\",\"name\":\"Ana Teixeira\",\"image\":{\"@type\":\"ImageObject\",\"inLanguage\":\"pt-BR\",\"@id\":\"https:\/\/www.gaveanews.com\/#\/schema\/person\/image\/\",\"url\":\"https:\/\/secure.gravatar.com\/avatar\/0a73f5a5258f3fed37fc2fa641892f3f7a4748456d4d4792f9bc550e6c19e06c?s=96&d=mm&r=g\",\"contentUrl\":\"https:\/\/secure.gravatar.com\/avatar\/0a73f5a5258f3fed37fc2fa641892f3f7a4748456d4d4792f9bc550e6c19e06c?s=96&d=mm&r=g\",\"caption\":\"Ana Teixeira\"}}]}<\/script>\n<!-- \/ Yoast SEO Premium plugin. -->","yoast_head_json":{"title":"Jogador do Fluminense visita CT de outro clube e ganha destaque nas redes sociais","robots":{"index":"index","follow":"follow","max-snippet":"max-snippet:-1","max-image-preview":"max-image-preview:large","max-video-preview":"max-video-preview:-1"},"canonical":"https:\/\/www.gaveanews.com\/index.php\/2025\/01\/07\/jogador-do-fluminense-visita-ct-de-outro-clube-e-ganha-destaque-nas-redes-sociais\/","og_locale":"pt_BR","og_type":"article","og_title":"Jogador do Fluminense visita CT de outro clube e ganha destaque nas redes sociais","og_description":"O lateral-esquerdo do Fluminense, Gabriel Fuentes, decidiu tirar um tempinho das f\u00e9rias em sua terra natal para matar a saudade do Junior Barranquilla. Antes de deixar a Col\u00f4mbia para regressar ao Brasil, o jogador de 27 anos decidiu dar um pulo nas instala\u00e7\u00f5es do clube que o formou para rever ex-companheiros e amigos. A visita [&hellip;]","og_url":"https:\/\/www.gaveanews.com\/index.php\/2025\/01\/07\/jogador-do-fluminense-visita-ct-de-outro-clube-e-ganha-destaque-nas-redes-sociais\/","og_site_name":"G\u00e1vea News","article_publisher":"https:\/\/facebook.com\/gaveaNews\/","article_published_time":"2025-01-07T04:20:00+00:00","og_image":[{"width":1440,"height":1080,"url":"https:\/\/www.gaveanews.com\/wp-content\/uploads\/Bandeira-do-Fluminense.webp","type":"image\/webp"}],"author":"Ana Teixeira","twitter_card":"summary_large_image","twitter_misc":{"Escrito por":"Ana Teixeira","Est. tempo de leitura":"3 minutos"},"schema":{"@context":"https:\/\/schema.org","@graph":[{"@type":"NewsArticle","@id":"https:\/\/www.gaveanews.com\/index.php\/2025\/01\/07\/jogador-do-fluminense-visita-ct-de-outro-clube-e-ganha-destaque-nas-redes-sociais\/#article","isPartOf":{"@id":"https:\/\/www.gaveanews.com\/index.php\/2025\/01\/07\/jogador-do-fluminense-visita-ct-de-outro-clube-e-ganha-destaque-nas-redes-sociais\/"},"author":{"name":"Ana Teixeira","@id":"https:\/\/www.gaveanews.com\/#\/schema\/person\/3b19f7288b0ce20372991275e4f2e6c2"},"headline":"Jogador do Fluminense visita CT de outro clube e ganha destaque nas redes sociais","datePublished":"2025-01-07T04:20:00+00:00","mainEntityOfPage":{"@id":"https:\/\/www.gaveanews.com\/index.php\/2025\/01\/07\/jogador-do-fluminense-visita-ct-de-outro-clube-e-ganha-destaque-nas-redes-sociais\/"},"wordCount":370,"commentCount":0,"image":{"@id":"https:\/\/www.gaveanews.com\/index.php\/2025\/01\/07\/jogador-do-fluminense-visita-ct-de-outro-clube-e-ganha-destaque-nas-redes-sociais\/#primaryimage"},"thumbnailUrl":"https:\/\/www.gaveanews.com\/wp-content\/uploads\/Bandeira-do-Fluminense.webp","articleSection":["Fluminense"],"inLanguage":"pt-BR","potentialAction":[{"@type":"CommentAction","name":"Comment","target":["https:\/\/www.gaveanews.com\/index.php\/2025\/01\/07\/jogador-do-fluminense-visita-ct-de-outro-clube-e-ganha-destaque-nas-redes-sociais\/#respond"]}],"copyrightYear":"2025","copyrightHolder":{"@id":"https:\/\/www.gaveanews.com\/#organization"}},{"@type":"WebPage","@id":"https:\/\/www.gaveanews.com\/index.php\/2025\/01\/07\/jogador-do-fluminense-visita-ct-de-outro-clube-e-ganha-destaque-nas-redes-sociais\/","url":"https:\/\/www.gaveanews.com\/index.php\/2025\/01\/07\/jogador-do-fluminense-visita-ct-de-outro-clube-e-ganha-destaque-nas-redes-sociais\/","name":"Jogador do Fluminense visita CT de outro clube e ganha destaque nas redes sociais","isPartOf":{"@id":"https:\/\/www.gaveanews.com\/#website"},"primaryImageOfPage":{"@id":"https:\/\/www.gaveanews.com\/index.php\/2025\/01\/07\/jogador-do-fluminense-visita-ct-de-outro-clube-e-ganha-destaque-nas-redes-sociais\/#primaryimage"},"image":{"@id":"https:\/\/www.gaveanews.com\/index.php\/2025\/01\/07\/jogador-do-fluminense-visita-ct-de-outro-clube-e-ganha-destaque-nas-redes-sociais\/#primaryimage"},"thumbnailUrl":"https:\/\/www.gaveanews.com\/wp-content\/uploads\/Bandeira-do-Fluminense.webp","datePublished":"2025-01-07T04:20:00+00:00","author":{"@id":"https:\/\/www.gaveanews.com\/#\/schema\/person\/3b19f7288b0ce20372991275e4f2e6c2"},"breadcrumb":{"@id":"https:\/\/www.gaveanews.com\/index.php\/2025\/01\/07\/jogador-do-fluminense-visita-ct-de-outro-clube-e-ganha-destaque-nas-redes-sociais\/#breadcrumb"},"inLanguage":"pt-BR","potentialAction":[{"@type":"ReadAction","target":["https:\/\/www.gaveanews.com\/index.php\/2025\/01\/07\/jogador-do-fluminense-visita-ct-de-outro-clube-e-ganha-destaque-nas-redes-sociais\/"]}]},{"@type":"ImageObject","inLanguage":"pt-BR","@id":"https:\/\/www.gaveanews.com\/index.php\/2025\/01\/07\/jogador-do-fluminense-visita-ct-de-outro-clube-e-ganha-destaque-nas-redes-sociais\/#primaryimage","url":"https:\/\/www.gaveanews.com\/wp-content\/uploads\/Bandeira-do-Fluminense.webp","contentUrl":"https:\/\/www.gaveanews.com\/wp-content\/uploads\/Bandeira-do-Fluminense.webp","width":1440,"height":1080,"caption":"Bandeira do Fluminense (Foto: Reprodu\u00e7\u00e3o\/Fluminense)"},{"@type":"BreadcrumbList","@id":"https:\/\/www.gaveanews.com\/index.php\/2025\/01\/07\/jogador-do-fluminense-visita-ct-de-outro-clube-e-ganha-destaque-nas-redes-sociais\/#breadcrumb","itemListElement":[{"@type":"ListItem","position":1,"name":"Home","item":"https:\/\/www.gaveanews.com\/"},{"@type":"ListItem","position":2,"name":"Jogador do Fluminense visita CT de outro clube e ganha destaque nas redes sociais"}]},{"@type":"WebSite","@id":"https:\/\/www.gaveanews.com\/#website","url":"https:\/\/www.gaveanews.com\/","name":"G\u00e1vea News","description":"Veja todas as not\u00edcias sobre o Flamengo: Contrata\u00e7\u00f5es, categorias de base, resultados das partidas, tabela de classifica\u00e7\u00e3o, pr\u00f3ximos jogos!","potentialAction":[{"@type":"SearchAction","target":{"@type":"EntryPoint","urlTemplate":"https:\/\/www.gaveanews.com\/?s={search_term_string}"},"query-input":{"@type":"PropertyValueSpecification","valueRequired":true,"valueName":"search_term_string"}}],"inLanguage":"pt-BR"},{"@type":"Person","@id":"https:\/\/www.gaveanews.com\/#\/schema\/person\/3b19f7288b0ce20372991275e4f2e6c2","name":"Ana Teixeira","image":{"@type":"ImageObject","inLanguage":"pt-BR","@id":"https:\/\/www.gaveanews.com\/#\/schema\/person\/image\/","url":"https:\/\/secure.gravatar.com\/avatar\/0a73f5a5258f3fed37fc2fa641892f3f7a4748456d4d4792f9bc550e6c19e06c?s=96&d=mm&r=g","contentUrl":"https:\/\/secure.gravatar.com\/avatar\/0a73f5a5258f3fed37fc2fa641892f3f7a4748456d4d4792f9bc550e6c19e06c?s=96&d=mm&r=g","caption":"Ana Teixeira"}}]}},"_links":{"self":[{"href":"https:\/\/www.gaveanews.com\/index.php\/wp-json\/wp\/v2\/posts\/208381","targetHints":{"allow":["GET"]}}],"collection":[{"href":"https:\/\/www.gaveanews.com\/index.php\/wp-json\/wp\/v2\/posts"}],"about":[{"href":"https:\/\/www.gaveanews.com\/index.php\/wp-json\/wp\/v2\/types\/post"}],"author":[{"embeddable":true,"href":"https:\/\/www.gaveanews.com\/index.php\/wp-json\/wp\/v2\/users\/30"}],"replies":[{"embeddable":true,"href":"https:\/\/www.gaveanews.com\/index.php\/wp-json\/wp\/v2\/comments?post=208381"}],"version-history":[{"count":1,"href":"https:\/\/www.gaveanews.com\/index.php\/wp-json\/wp\/v2\/posts\/208381\/revisions"}],"predecessor-version":[{"id":208407,"href":"https:\/\/www.gaveanews.com\/index.php\/wp-json\/wp\/v2\/posts\/208381\/revisions\/208407"}],"wp:featuredmedia":[{"embeddable":true,"href":"https:\/\/www.gaveanews.com\/index.php\/wp-json\/wp\/v2\/media\/152558"}],"wp:attachment":[{"href":"https:\/\/www.gaveanews.com\/index.php\/wp-json\/wp\/v2\/media?parent=208381"}],"wp:term":[{"taxonomy":"category","embeddable":true,"href":"https:\/\/www.gaveanews.com\/index.php\/wp-json\/wp\/v2\/categories?post=208381"},{"taxonomy":"post_tag","embeddable":true,"href":"https:\/\/www.gaveanews.com\/index.php\/wp-json\/wp\/v2\/tags?post=208381"}],"curies":[{"name":"wp","href":"https:\/\/api.w.org\/{rel}","templated":true}]}}