{"id":208387,"date":"2025-01-07T01:25:00","date_gmt":"2025-01-07T04:25:00","guid":{"rendered":"https:\/\/www.gaveanews.com\/?p=208387"},"modified":"2025-01-06T22:20:40","modified_gmt":"2025-01-07T01:20:40","slug":"a-declaracao-de-craque-neto-sobre-felipao-luxemburgo-e-mano-menezes","status":"publish","type":"post","link":"https:\/\/www.gaveanews.com\/index.php\/2025\/01\/07\/a-declaracao-de-craque-neto-sobre-felipao-luxemburgo-e-mano-menezes\/","title":{"rendered":"A declara\u00e7\u00e3o de Craque Neto sobre Felip\u00e3o, Luxemburgo e Mano Menezes"},"content":{"rendered":"\n<p>Craque Neto fez uma an\u00e1lise contundente sobre a situa\u00e7\u00e3o dos treinadores brasileiros no cen\u00e1rio atual. Em sua avalia\u00e7\u00e3o, ele pontuou a escassez de t\u00e9cnicos com o mesmo impacto que as grandes figuras do passado, como Felip\u00e3o, Luxemburgo e Mano Menezes.&nbsp;<\/p>\n\n\n\n<ul class=\"wp-block-list\">\n<li><a href=\"https:\/\/www.gaveanews.com\/index.php\/2025\/01\/03\/libertadores-craque-neto-crava-quem-sera-o-campeao\/\">Libertadores: Craque Neto crava quem ser\u00e1 o campe\u00e3o<\/a><\/li>\n\n\n\n<li><a href=\"https:\/\/www.gaveanews.com\/index.php\/2025\/01\/05\/a-declaracao-de-craque-neto-direcionada-a-abel-ferreira\/\">A declara\u00e7\u00e3o de Craque Neto direcionada a Abel Ferreira<\/a><\/li>\n<\/ul>\n\n\n\n<p>A fala de Neto, que reflete sobre a atual fase dos treinadores, gerou bastante repercuss\u00e3o e levanta importantes quest\u00f5es sobre o futuro da profiss\u00e3o no Brasil.<\/p>\n\n\n\n<h2 class=\"wp-block-heading\" id=\"h-a-falta-de-tecnicos-com-volupia-no-futebol-brasileiro\">A falta de t\u00e9cnicos com &#8220;vol\u00fapia&#8221; no futebol brasileiro<\/h2>\n\n\n\n<p>\u201cA gente n\u00e3o enxerga mais treinadores com essa vol\u00fapia toda. Felip\u00e3o, Luxemburgo, Mano, que renovou com o Fluminense.\u201d, afirmou Craque Neto, destacando a diminui\u00e7\u00e3o da presen\u00e7a de t\u00e9cnicos brasileiros de peso no futebol.&nbsp;<\/p>\n\n\n\n<p>Para Neto, figuras como Felip\u00e3o, Luxemburgo e Mano Menezes s\u00e3o exce\u00e7\u00f5es em um cen\u00e1rio onde o n\u00famero de profissionais com a mesma garra e capacidade de lideran\u00e7a diminuiu consideravelmente.<\/p>\n\n\n\n<p>Dessa maneira, Neto questiona por que o futebol brasileiro est\u00e1 t\u00e3o carente de treinadores com a mesma relev\u00e2ncia que esses nomes.&nbsp;<\/p>\n\n\n\n<p>O apresentador da Band n\u00e3o v\u00ea novos sucessores para esses \u00edcones, o que torna o cen\u00e1rio ainda mais desafiador. Ao falar sobre o Botafogo, que busca um novo t\u00e9cnico ap\u00f3s conquistar o Campeonato Brasileiro e a Libertadores, Neto sugeriu que a busca por Andr\u00e9 Jardine, t\u00e9cnico que se destacou nas categorias de base do S\u00e3o Paulo, reflete justamente a dificuldade em encontrar treinadores de grande peso no Brasil.<\/p>\n\n\n\n<h2 class=\"wp-block-heading\" id=\"h-a-critica-a-busca-por-andre-jardine\">A cr\u00edtica \u00e0 busca por Andr\u00e9 Jardine<\/h2>\n\n\n\n<p>Neto tamb\u00e9m criticou a op\u00e7\u00e3o do Botafogo por Jardine, um nome menos conhecido pelo p\u00fablico, mas que teve destaque nas categorias de base. Para o comentarista, isso simboliza uma crise de t\u00e9cnicos que se destaca no Brasil.&nbsp;<\/p>\n\n\n\n<p>Ele questionou: &#8220;Qual o treinador monstruoso que pode assumir o Botafogo, que foi campe\u00e3o brasileiro e da Libertadores? N\u00e3o tem!\u201d.&nbsp;<\/p>\n\n\n\n<h2 class=\"wp-block-heading\" id=\"h-abel-ferreira-ainda-e-o-melhor-mas-precisa-mudar\">Abel Ferreira ainda \u00e9 o melhor, mas precisa mudar<\/h2>\n\n\n\n<p>Al\u00e9m disso, Neto destacou Abel Ferreira, t\u00e9cnico do Palmeiras, como o melhor do Brasil, mesmo ap\u00f3s uma temporada sem grandes t\u00edtulos.&nbsp;<\/p>\n\n\n\n<p>No entanto, ele fez um alerta ao portugu\u00eas: \u201cEle precisa baixar um pouco a bola neste ano. Parar de brigar com rep\u00f3rteres e os jogadores, parar de dar chute nos microfones\u2026 tem que parar de achar que tem um sistema para o Palmeiras n\u00e3o ganhar\u201d, disse o comentarista.<\/p>\n","protected":false},"excerpt":{"rendered":"<p>Craque Neto fez uma an\u00e1lise contundente sobre a situa\u00e7\u00e3o dos treinadores brasileiros no cen\u00e1rio atual. Em sua avalia\u00e7\u00e3o, ele pontuou a escassez de t\u00e9cnicos com o mesmo impacto que as grandes figuras do passado, como Felip\u00e3o, Luxemburgo e Mano Menezes.&nbsp; A fala de Neto, que reflete sobre a atual fase dos treinadores, gerou bastante repercuss\u00e3o [&hellip;]<\/p>\n","protected":false},"author":25,"featured_media":71983,"comment_status":"open","ping_status":"closed","sticky":false,"template":"","format":"standard","meta":{"footnotes":""},"categories":[138,150],"tags":[],"class_list":["post-208387","post","type-post","status-publish","format-standard","has-post-thumbnail","hentry","category-botafogo","category-palmeiras"],"yoast_head":"<!-- This site is optimized with the Yoast SEO Premium plugin v24.2 (Yoast SEO v26.9) - https:\/\/yoast.com\/product\/yoast-seo-premium-wordpress\/ -->\n<title>A declara\u00e7\u00e3o de Craque Neto sobre Felip\u00e3o, Luxemburgo e Mano Menezes<\/title>\n<meta name=\"robots\" content=\"index, follow, max-snippet:-1, max-image-preview:large, max-video-preview:-1\" \/>\n<link rel=\"canonical\" href=\"https:\/\/www.gaveanews.com\/index.php\/2025\/01\/07\/a-declaracao-de-craque-neto-sobre-felipao-luxemburgo-e-mano-menezes\/\" \/>\n<meta property=\"og:locale\" content=\"pt_BR\" \/>\n<meta property=\"og:type\" content=\"article\" \/>\n<meta property=\"og:title\" content=\"A declara\u00e7\u00e3o de Craque Neto sobre Felip\u00e3o, Luxemburgo e Mano Menezes\" \/>\n<meta property=\"og:description\" content=\"Craque Neto fez uma an\u00e1lise contundente sobre a situa\u00e7\u00e3o dos treinadores brasileiros no cen\u00e1rio atual. Em sua avalia\u00e7\u00e3o, ele pontuou a escassez de t\u00e9cnicos com o mesmo impacto que as grandes figuras do passado, como Felip\u00e3o, Luxemburgo e Mano Menezes.&nbsp; A fala de Neto, que reflete sobre a atual fase dos treinadores, gerou bastante repercuss\u00e3o [&hellip;]\" \/>\n<meta property=\"og:url\" content=\"https:\/\/www.gaveanews.com\/index.php\/2025\/01\/07\/a-declaracao-de-craque-neto-sobre-felipao-luxemburgo-e-mano-menezes\/\" \/>\n<meta property=\"og:site_name\" content=\"G\u00e1vea News\" \/>\n<meta property=\"article:publisher\" content=\"https:\/\/facebook.com\/gaveaNews\/\" \/>\n<meta property=\"article:published_time\" content=\"2025-01-07T04:25:00+00:00\" \/>\n<meta property=\"og:image\" content=\"https:\/\/www.gaveanews.com\/wp-content\/uploads\/Comentarista-Neto-em-programa-da-Band.webp\" \/>\n\t<meta property=\"og:image:width\" content=\"846\" \/>\n\t<meta property=\"og:image:height\" content=\"476\" \/>\n\t<meta property=\"og:image:type\" content=\"image\/jpeg\" \/>\n<meta name=\"author\" content=\"Rafaela Ladeira\" \/>\n<meta name=\"twitter:card\" content=\"summary_large_image\" \/>\n<meta name=\"twitter:label1\" content=\"Escrito por\" \/>\n\t<meta name=\"twitter:data1\" content=\"Rafaela Ladeira\" \/>\n\t<meta name=\"twitter:label2\" content=\"Est. tempo de leitura\" \/>\n\t<meta name=\"twitter:data2\" content=\"3 minutos\" \/>\n<script type=\"application\/ld+json\" class=\"yoast-schema-graph\">{\"@context\":\"https:\/\/schema.org\",\"@graph\":[{\"@type\":\"NewsArticle\",\"@id\":\"https:\/\/www.gaveanews.com\/index.php\/2025\/01\/07\/a-declaracao-de-craque-neto-sobre-felipao-luxemburgo-e-mano-menezes\/#article\",\"isPartOf\":{\"@id\":\"https:\/\/www.gaveanews.com\/index.php\/2025\/01\/07\/a-declaracao-de-craque-neto-sobre-felipao-luxemburgo-e-mano-menezes\/\"},\"author\":{\"name\":\"Rafaela Ladeira\",\"@id\":\"https:\/\/www.gaveanews.com\/#\/schema\/person\/0eb3e3fe1754f0205218538adbe8f5ed\"},\"headline\":\"A declara\u00e7\u00e3o de Craque Neto sobre Felip\u00e3o, Luxemburgo e Mano Menezes\",\"datePublished\":\"2025-01-07T04:25:00+00:00\",\"mainEntityOfPage\":{\"@id\":\"https:\/\/www.gaveanews.com\/index.php\/2025\/01\/07\/a-declaracao-de-craque-neto-sobre-felipao-luxemburgo-e-mano-menezes\/\"},\"wordCount\":449,\"commentCount\":0,\"image\":{\"@id\":\"https:\/\/www.gaveanews.com\/index.php\/2025\/01\/07\/a-declaracao-de-craque-neto-sobre-felipao-luxemburgo-e-mano-menezes\/#primaryimage\"},\"thumbnailUrl\":\"https:\/\/www.gaveanews.com\/wp-content\/uploads\/Comentarista-Neto-em-programa-da-Band.webp\",\"articleSection\":[\"Botafogo\",\"Palmeiras\"],\"inLanguage\":\"pt-BR\",\"potentialAction\":[{\"@type\":\"CommentAction\",\"name\":\"Comment\",\"target\":[\"https:\/\/www.gaveanews.com\/index.php\/2025\/01\/07\/a-declaracao-de-craque-neto-sobre-felipao-luxemburgo-e-mano-menezes\/#respond\"]}],\"copyrightYear\":\"2025\",\"copyrightHolder\":{\"@id\":\"https:\/\/www.gaveanews.com\/#organization\"}},{\"@type\":\"WebPage\",\"@id\":\"https:\/\/www.gaveanews.com\/index.php\/2025\/01\/07\/a-declaracao-de-craque-neto-sobre-felipao-luxemburgo-e-mano-menezes\/\",\"url\":\"https:\/\/www.gaveanews.com\/index.php\/2025\/01\/07\/a-declaracao-de-craque-neto-sobre-felipao-luxemburgo-e-mano-menezes\/\",\"name\":\"A declara\u00e7\u00e3o de Craque Neto sobre Felip\u00e3o, Luxemburgo e Mano Menezes\",\"isPartOf\":{\"@id\":\"https:\/\/www.gaveanews.com\/#website\"},\"primaryImageOfPage\":{\"@id\":\"https:\/\/www.gaveanews.com\/index.php\/2025\/01\/07\/a-declaracao-de-craque-neto-sobre-felipao-luxemburgo-e-mano-menezes\/#primaryimage\"},\"image\":{\"@id\":\"https:\/\/www.gaveanews.com\/index.php\/2025\/01\/07\/a-declaracao-de-craque-neto-sobre-felipao-luxemburgo-e-mano-menezes\/#primaryimage\"},\"thumbnailUrl\":\"https:\/\/www.gaveanews.com\/wp-content\/uploads\/Comentarista-Neto-em-programa-da-Band.webp\",\"datePublished\":\"2025-01-07T04:25:00+00:00\",\"author\":{\"@id\":\"https:\/\/www.gaveanews.com\/#\/schema\/person\/0eb3e3fe1754f0205218538adbe8f5ed\"},\"breadcrumb\":{\"@id\":\"https:\/\/www.gaveanews.com\/index.php\/2025\/01\/07\/a-declaracao-de-craque-neto-sobre-felipao-luxemburgo-e-mano-menezes\/#breadcrumb\"},\"inLanguage\":\"pt-BR\",\"potentialAction\":[{\"@type\":\"ReadAction\",\"target\":[\"https:\/\/www.gaveanews.com\/index.php\/2025\/01\/07\/a-declaracao-de-craque-neto-sobre-felipao-luxemburgo-e-mano-menezes\/\"]}]},{\"@type\":\"ImageObject\",\"inLanguage\":\"pt-BR\",\"@id\":\"https:\/\/www.gaveanews.com\/index.php\/2025\/01\/07\/a-declaracao-de-craque-neto-sobre-felipao-luxemburgo-e-mano-menezes\/#primaryimage\",\"url\":\"https:\/\/www.gaveanews.com\/wp-content\/uploads\/Comentarista-Neto-em-programa-da-Band.webp\",\"contentUrl\":\"https:\/\/www.gaveanews.com\/wp-content\/uploads\/Comentarista-Neto-em-programa-da-Band.webp\",\"width\":846,\"height\":476,\"caption\":\"Comentarista Neto em programa da Band (Foto: Reprodu\u00e7\u00e3o\/Band)\"},{\"@type\":\"BreadcrumbList\",\"@id\":\"https:\/\/www.gaveanews.com\/index.php\/2025\/01\/07\/a-declaracao-de-craque-neto-sobre-felipao-luxemburgo-e-mano-menezes\/#breadcrumb\",\"itemListElement\":[{\"@type\":\"ListItem\",\"position\":1,\"name\":\"Home\",\"item\":\"https:\/\/www.gaveanews.com\/\"},{\"@type\":\"ListItem\",\"position\":2,\"name\":\"A declara\u00e7\u00e3o de Craque Neto sobre Felip\u00e3o, Luxemburgo e Mano Menezes\"}]},{\"@type\":\"WebSite\",\"@id\":\"https:\/\/www.gaveanews.com\/#website\",\"url\":\"https:\/\/www.gaveanews.com\/\",\"name\":\"G\u00e1vea News\",\"description\":\"Veja todas as not\u00edcias sobre o Flamengo: Contrata\u00e7\u00f5es, categorias de base, resultados das partidas, tabela de classifica\u00e7\u00e3o, pr\u00f3ximos jogos!\",\"potentialAction\":[{\"@type\":\"SearchAction\",\"target\":{\"@type\":\"EntryPoint\",\"urlTemplate\":\"https:\/\/www.gaveanews.com\/?s={search_term_string}\"},\"query-input\":{\"@type\":\"PropertyValueSpecification\",\"valueRequired\":true,\"valueName\":\"search_term_string\"}}],\"inLanguage\":\"pt-BR\"},{\"@type\":\"Person\",\"@id\":\"https:\/\/www.gaveanews.com\/#\/schema\/person\/0eb3e3fe1754f0205218538adbe8f5ed\",\"name\":\"Rafaela Ladeira\",\"image\":{\"@type\":\"ImageObject\",\"inLanguage\":\"pt-BR\",\"@id\":\"https:\/\/www.gaveanews.com\/#\/schema\/person\/image\/\",\"url\":\"https:\/\/secure.gravatar.com\/avatar\/c31f513acffd85eacab5730cbdfdbbf59f21ba5aeada8cd890acea879fbb2455?s=96&d=mm&r=g\",\"contentUrl\":\"https:\/\/secure.gravatar.com\/avatar\/c31f513acffd85eacab5730cbdfdbbf59f21ba5aeada8cd890acea879fbb2455?s=96&d=mm&r=g\",\"caption\":\"Rafaela Ladeira\"}}]}<\/script>\n<!-- \/ Yoast SEO Premium plugin. -->","yoast_head_json":{"title":"A declara\u00e7\u00e3o de Craque Neto sobre Felip\u00e3o, Luxemburgo e Mano Menezes","robots":{"index":"index","follow":"follow","max-snippet":"max-snippet:-1","max-image-preview":"max-image-preview:large","max-video-preview":"max-video-preview:-1"},"canonical":"https:\/\/www.gaveanews.com\/index.php\/2025\/01\/07\/a-declaracao-de-craque-neto-sobre-felipao-luxemburgo-e-mano-menezes\/","og_locale":"pt_BR","og_type":"article","og_title":"A declara\u00e7\u00e3o de Craque Neto sobre Felip\u00e3o, Luxemburgo e Mano Menezes","og_description":"Craque Neto fez uma an\u00e1lise contundente sobre a situa\u00e7\u00e3o dos treinadores brasileiros no cen\u00e1rio atual. Em sua avalia\u00e7\u00e3o, ele pontuou a escassez de t\u00e9cnicos com o mesmo impacto que as grandes figuras do passado, como Felip\u00e3o, Luxemburgo e Mano Menezes.&nbsp; A fala de Neto, que reflete sobre a atual fase dos treinadores, gerou bastante repercuss\u00e3o [&hellip;]","og_url":"https:\/\/www.gaveanews.com\/index.php\/2025\/01\/07\/a-declaracao-de-craque-neto-sobre-felipao-luxemburgo-e-mano-menezes\/","og_site_name":"G\u00e1vea News","article_publisher":"https:\/\/facebook.com\/gaveaNews\/","article_published_time":"2025-01-07T04:25:00+00:00","og_image":[{"width":846,"height":476,"url":"https:\/\/www.gaveanews.com\/wp-content\/uploads\/Comentarista-Neto-em-programa-da-Band.webp","type":"image\/jpeg"}],"author":"Rafaela Ladeira","twitter_card":"summary_large_image","twitter_misc":{"Escrito por":"Rafaela Ladeira","Est. tempo de leitura":"3 minutos"},"schema":{"@context":"https:\/\/schema.org","@graph":[{"@type":"NewsArticle","@id":"https:\/\/www.gaveanews.com\/index.php\/2025\/01\/07\/a-declaracao-de-craque-neto-sobre-felipao-luxemburgo-e-mano-menezes\/#article","isPartOf":{"@id":"https:\/\/www.gaveanews.com\/index.php\/2025\/01\/07\/a-declaracao-de-craque-neto-sobre-felipao-luxemburgo-e-mano-menezes\/"},"author":{"name":"Rafaela Ladeira","@id":"https:\/\/www.gaveanews.com\/#\/schema\/person\/0eb3e3fe1754f0205218538adbe8f5ed"},"headline":"A declara\u00e7\u00e3o de Craque Neto sobre Felip\u00e3o, Luxemburgo e Mano Menezes","datePublished":"2025-01-07T04:25:00+00:00","mainEntityOfPage":{"@id":"https:\/\/www.gaveanews.com\/index.php\/2025\/01\/07\/a-declaracao-de-craque-neto-sobre-felipao-luxemburgo-e-mano-menezes\/"},"wordCount":449,"commentCount":0,"image":{"@id":"https:\/\/www.gaveanews.com\/index.php\/2025\/01\/07\/a-declaracao-de-craque-neto-sobre-felipao-luxemburgo-e-mano-menezes\/#primaryimage"},"thumbnailUrl":"https:\/\/www.gaveanews.com\/wp-content\/uploads\/Comentarista-Neto-em-programa-da-Band.webp","articleSection":["Botafogo","Palmeiras"],"inLanguage":"pt-BR","potentialAction":[{"@type":"CommentAction","name":"Comment","target":["https:\/\/www.gaveanews.com\/index.php\/2025\/01\/07\/a-declaracao-de-craque-neto-sobre-felipao-luxemburgo-e-mano-menezes\/#respond"]}],"copyrightYear":"2025","copyrightHolder":{"@id":"https:\/\/www.gaveanews.com\/#organization"}},{"@type":"WebPage","@id":"https:\/\/www.gaveanews.com\/index.php\/2025\/01\/07\/a-declaracao-de-craque-neto-sobre-felipao-luxemburgo-e-mano-menezes\/","url":"https:\/\/www.gaveanews.com\/index.php\/2025\/01\/07\/a-declaracao-de-craque-neto-sobre-felipao-luxemburgo-e-mano-menezes\/","name":"A declara\u00e7\u00e3o de Craque Neto sobre Felip\u00e3o, Luxemburgo e Mano Menezes","isPartOf":{"@id":"https:\/\/www.gaveanews.com\/#website"},"primaryImageOfPage":{"@id":"https:\/\/www.gaveanews.com\/index.php\/2025\/01\/07\/a-declaracao-de-craque-neto-sobre-felipao-luxemburgo-e-mano-menezes\/#primaryimage"},"image":{"@id":"https:\/\/www.gaveanews.com\/index.php\/2025\/01\/07\/a-declaracao-de-craque-neto-sobre-felipao-luxemburgo-e-mano-menezes\/#primaryimage"},"thumbnailUrl":"https:\/\/www.gaveanews.com\/wp-content\/uploads\/Comentarista-Neto-em-programa-da-Band.webp","datePublished":"2025-01-07T04:25:00+00:00","author":{"@id":"https:\/\/www.gaveanews.com\/#\/schema\/person\/0eb3e3fe1754f0205218538adbe8f5ed"},"breadcrumb":{"@id":"https:\/\/www.gaveanews.com\/index.php\/2025\/01\/07\/a-declaracao-de-craque-neto-sobre-felipao-luxemburgo-e-mano-menezes\/#breadcrumb"},"inLanguage":"pt-BR","potentialAction":[{"@type":"ReadAction","target":["https:\/\/www.gaveanews.com\/index.php\/2025\/01\/07\/a-declaracao-de-craque-neto-sobre-felipao-luxemburgo-e-mano-menezes\/"]}]},{"@type":"ImageObject","inLanguage":"pt-BR","@id":"https:\/\/www.gaveanews.com\/index.php\/2025\/01\/07\/a-declaracao-de-craque-neto-sobre-felipao-luxemburgo-e-mano-menezes\/#primaryimage","url":"https:\/\/www.gaveanews.com\/wp-content\/uploads\/Comentarista-Neto-em-programa-da-Band.webp","contentUrl":"https:\/\/www.gaveanews.com\/wp-content\/uploads\/Comentarista-Neto-em-programa-da-Band.webp","width":846,"height":476,"caption":"Comentarista Neto em programa da Band (Foto: Reprodu\u00e7\u00e3o\/Band)"},{"@type":"BreadcrumbList","@id":"https:\/\/www.gaveanews.com\/index.php\/2025\/01\/07\/a-declaracao-de-craque-neto-sobre-felipao-luxemburgo-e-mano-menezes\/#breadcrumb","itemListElement":[{"@type":"ListItem","position":1,"name":"Home","item":"https:\/\/www.gaveanews.com\/"},{"@type":"ListItem","position":2,"name":"A declara\u00e7\u00e3o de Craque Neto sobre Felip\u00e3o, Luxemburgo e Mano Menezes"}]},{"@type":"WebSite","@id":"https:\/\/www.gaveanews.com\/#website","url":"https:\/\/www.gaveanews.com\/","name":"G\u00e1vea News","description":"Veja todas as not\u00edcias sobre o Flamengo: Contrata\u00e7\u00f5es, categorias de base, resultados das partidas, tabela de classifica\u00e7\u00e3o, pr\u00f3ximos jogos!","potentialAction":[{"@type":"SearchAction","target":{"@type":"EntryPoint","urlTemplate":"https:\/\/www.gaveanews.com\/?s={search_term_string}"},"query-input":{"@type":"PropertyValueSpecification","valueRequired":true,"valueName":"search_term_string"}}],"inLanguage":"pt-BR"},{"@type":"Person","@id":"https:\/\/www.gaveanews.com\/#\/schema\/person\/0eb3e3fe1754f0205218538adbe8f5ed","name":"Rafaela Ladeira","image":{"@type":"ImageObject","inLanguage":"pt-BR","@id":"https:\/\/www.gaveanews.com\/#\/schema\/person\/image\/","url":"https:\/\/secure.gravatar.com\/avatar\/c31f513acffd85eacab5730cbdfdbbf59f21ba5aeada8cd890acea879fbb2455?s=96&d=mm&r=g","contentUrl":"https:\/\/secure.gravatar.com\/avatar\/c31f513acffd85eacab5730cbdfdbbf59f21ba5aeada8cd890acea879fbb2455?s=96&d=mm&r=g","caption":"Rafaela Ladeira"}}]}},"_links":{"self":[{"href":"https:\/\/www.gaveanews.com\/index.php\/wp-json\/wp\/v2\/posts\/208387","targetHints":{"allow":["GET"]}}],"collection":[{"href":"https:\/\/www.gaveanews.com\/index.php\/wp-json\/wp\/v2\/posts"}],"about":[{"href":"https:\/\/www.gaveanews.com\/index.php\/wp-json\/wp\/v2\/types\/post"}],"author":[{"embeddable":true,"href":"https:\/\/www.gaveanews.com\/index.php\/wp-json\/wp\/v2\/users\/25"}],"replies":[{"embeddable":true,"href":"https:\/\/www.gaveanews.com\/index.php\/wp-json\/wp\/v2\/comments?post=208387"}],"version-history":[{"count":1,"href":"https:\/\/www.gaveanews.com\/index.php\/wp-json\/wp\/v2\/posts\/208387\/revisions"}],"predecessor-version":[{"id":208390,"href":"https:\/\/www.gaveanews.com\/index.php\/wp-json\/wp\/v2\/posts\/208387\/revisions\/208390"}],"wp:featuredmedia":[{"embeddable":true,"href":"https:\/\/www.gaveanews.com\/index.php\/wp-json\/wp\/v2\/media\/71983"}],"wp:attachment":[{"href":"https:\/\/www.gaveanews.com\/index.php\/wp-json\/wp\/v2\/media?parent=208387"}],"wp:term":[{"taxonomy":"category","embeddable":true,"href":"https:\/\/www.gaveanews.com\/index.php\/wp-json\/wp\/v2\/categories?post=208387"},{"taxonomy":"post_tag","embeddable":true,"href":"https:\/\/www.gaveanews.com\/index.php\/wp-json\/wp\/v2\/tags?post=208387"}],"curies":[{"name":"wp","href":"https:\/\/api.w.org\/{rel}","templated":true}]}}