{"id":208406,"date":"2025-01-07T01:30:00","date_gmt":"2025-01-07T04:30:00","guid":{"rendered":"https:\/\/www.gaveanews.com\/?p=208406"},"modified":"2025-01-06T22:21:06","modified_gmt":"2025-01-07T01:21:06","slug":"sao-paulo-tera-duas-saidas-nos-proximos-dias","status":"publish","type":"post","link":"https:\/\/www.gaveanews.com\/index.php\/2025\/01\/07\/sao-paulo-tera-duas-saidas-nos-proximos-dias\/","title":{"rendered":"S\u00e3o Paulo ter\u00e1 duas sa\u00eddas nos pr\u00f3ximos dias"},"content":{"rendered":"\n<p>O S\u00e3o Paulo est\u00e1 resolvendo algumas pend\u00eancias em seu elenco, com foco nas rescis\u00f5es de contrato de dois jogadores que n\u00e3o fazem parte dos planos da comiss\u00e3o t\u00e9cnica de Luis Zubeld\u00eda. O lateral Orejuela e o volante M\u00e9ndez, que passaram boa parte do \u00faltimo ano fora de a\u00e7\u00e3o, est\u00e3o negociando o fim antecipado de seus v\u00ednculos com o clube. O objetivo da diretoria \u00e9 concluir essas rescis\u00f5es antes da volta do elenco, marcada para quarta-feira, quando o time se reapresenta e se prepara para a pr\u00e9-temporada nos Estados Unidos.<\/p>\n\n\n\n<ul class=\"wp-block-list\">\n<li><a href=\"https:\/\/www.gaveanews.com\/index.php\/2025\/01\/05\/oficial-sao-paulo-confirma-mais-uma-saida\/\">Oficial! S\u00e3o Paulo confirma mais uma sa\u00edda<\/a><\/li>\n\n\n\n<li><a href=\"https:\/\/www.gaveanews.com\/index.php\/2025\/01\/04\/sao-paulo-pode-atravessar-negociacao-do-gremio\/\">S\u00e3o Paulo pode atravessar negocia\u00e7\u00e3o do Gr\u00eamio<\/a><\/li>\n<\/ul>\n\n\n\n<h2 class=\"wp-block-heading\" id=\"h-desafios-financeiros-e-reorganizacao-do-elenco\">Desafios financeiros e reorganiza\u00e7\u00e3o do elenco<\/h2>\n\n\n\n<p>Al\u00e9m disso, as rescis\u00f5es de Orejuela e M\u00e9ndez s\u00e3o parte de um movimento estrat\u00e9gico para reduzir a folha salarial do clube. O S\u00e3o Paulo precisa diminuir em cerca de R$ 1,5 milh\u00e3o os gastos mensais com sal\u00e1rios em 2025, em compara\u00e7\u00e3o ao ano passado. <\/p>\n\n\n\n<p>Vale destacar que ambos os jogadores representam um custo significativo: Orejuela e M\u00e9ndez juntos custam cerca de R$ 900 mil por m\u00eas. Sendo assim, a sa\u00edda deles atenderia n\u00e3o apenas a uma quest\u00e3o t\u00e9cnica, mas tamb\u00e9m financeira, permitindo que o clube se organize melhor em termos de investimentos.<\/p>\n\n\n\n<h2 class=\"wp-block-heading\" id=\"h-mendez-e-orejuela-passagens-sem-brilho\">M\u00e9ndez e Orejuela: passagens sem brilho<\/h2>\n\n\n\n<p>M\u00e9ndez chegou ao S\u00e3o Paulo no in\u00edcio de 2023 ap\u00f3s disputar a Copa do Mundo com o Equador, mas n\u00e3o conseguiu se firmar na equipe. Mesmo com algumas chances no come\u00e7o, logo perdeu espa\u00e7o e foi emprestado ao Elche, da Espanha, onde teve uma passagem curta e sem grandes impactos. <\/p>\n\n\n\n<p>J\u00e1 Orejuela foi contratado em 2021 ap\u00f3s se destacar pelo Cruzeiro, mas tamb\u00e9m n\u00e3o teve sucesso no Tricolor. Passou por empr\u00e9stimos em outros clubes, como Athletico-PR, Gr\u00eamio e Independiente de Medell\u00edn, onde n\u00e3o houve acordo para uma perman\u00eancia definitiva.<\/p>\n\n\n\n<h2 class=\"wp-block-heading\" id=\"h-o-que-vem-por-ai-novas-chegadas-e-saidas-no-sao-paulo\">O que vem por a\u00ed: novas chegadas e sa\u00eddas no S\u00e3o Paulo<\/h2>\n\n\n\n<p>Com isso, o S\u00e3o Paulo segue sua reformula\u00e7\u00e3o, buscando enxugar seu elenco e, ao mesmo tempo, refor\u00e7ar o time. O clube j\u00e1 anunciou a chegada do meia Oscar e segue em busca de laterais, com Natanael, do Coritiba, sendo o alvo para a direita, e negocia\u00e7\u00f5es com Wendell, do Porto, e Enzo D\u00edaz, do River, para a esquerda. <\/p>\n\n\n\n<p>Al\u00e9m disso, jogadores como Rafinha e Wellington Rato j\u00e1 deixaram o clube, enquanto Rodrigo Nestor e Michel Ara\u00fajo est\u00e3o pr\u00f3ximos de um acerto com o Bahia. Essas movimenta\u00e7\u00f5es indicam um novo ciclo para o S\u00e3o Paulo, que tenta equilibrar a reestrutura\u00e7\u00e3o do elenco com suas limita\u00e7\u00f5es financeiras.<\/p>\n","protected":false},"excerpt":{"rendered":"<p>O S\u00e3o Paulo est\u00e1 resolvendo algumas pend\u00eancias em seu elenco, com foco nas rescis\u00f5es de contrato de dois jogadores que n\u00e3o fazem parte dos planos da comiss\u00e3o t\u00e9cnica de Luis Zubeld\u00eda. O lateral Orejuela e o volante M\u00e9ndez, que passaram boa parte do \u00faltimo ano fora de a\u00e7\u00e3o, est\u00e3o negociando o fim antecipado de seus [&hellip;]<\/p>\n","protected":false},"author":24,"featured_media":154451,"comment_status":"open","ping_status":"closed","sticky":false,"template":"","format":"standard","meta":{"footnotes":""},"categories":[151],"tags":[],"class_list":["post-208406","post","type-post","status-publish","format-standard","has-post-thumbnail","hentry","category-sao-paulo"],"yoast_head":"<!-- This site is optimized with the Yoast SEO Premium plugin v24.2 (Yoast SEO v26.9) - https:\/\/yoast.com\/product\/yoast-seo-premium-wordpress\/ -->\n<title>S\u00e3o Paulo ter\u00e1 duas sa\u00eddas nos pr\u00f3ximos dias<\/title>\n<meta name=\"robots\" content=\"index, follow, max-snippet:-1, max-image-preview:large, max-video-preview:-1\" \/>\n<link rel=\"canonical\" href=\"https:\/\/www.gaveanews.com\/index.php\/2025\/01\/07\/sao-paulo-tera-duas-saidas-nos-proximos-dias\/\" \/>\n<meta property=\"og:locale\" content=\"pt_BR\" \/>\n<meta property=\"og:type\" content=\"article\" \/>\n<meta property=\"og:title\" content=\"S\u00e3o Paulo ter\u00e1 duas sa\u00eddas nos pr\u00f3ximos dias\" \/>\n<meta property=\"og:description\" content=\"O S\u00e3o Paulo est\u00e1 resolvendo algumas pend\u00eancias em seu elenco, com foco nas rescis\u00f5es de contrato de dois jogadores que n\u00e3o fazem parte dos planos da comiss\u00e3o t\u00e9cnica de Luis Zubeld\u00eda. O lateral Orejuela e o volante M\u00e9ndez, que passaram boa parte do \u00faltimo ano fora de a\u00e7\u00e3o, est\u00e3o negociando o fim antecipado de seus [&hellip;]\" \/>\n<meta property=\"og:url\" content=\"https:\/\/www.gaveanews.com\/index.php\/2025\/01\/07\/sao-paulo-tera-duas-saidas-nos-proximos-dias\/\" \/>\n<meta property=\"og:site_name\" content=\"G\u00e1vea News\" \/>\n<meta property=\"article:publisher\" content=\"https:\/\/facebook.com\/gaveaNews\/\" \/>\n<meta property=\"article:published_time\" content=\"2025-01-07T04:30:00+00:00\" \/>\n<meta property=\"og:image\" content=\"https:\/\/www.gaveanews.com\/wp-content\/uploads\/Escudo-do-Sao-Paulo.webp\" \/>\n\t<meta property=\"og:image:width\" content=\"977\" \/>\n\t<meta property=\"og:image:height\" content=\"651\" \/>\n\t<meta property=\"og:image:type\" content=\"image\/webp\" \/>\n<meta name=\"author\" content=\"Leandro Cardoso\" \/>\n<meta name=\"twitter:card\" content=\"summary_large_image\" \/>\n<meta name=\"twitter:label1\" content=\"Escrito por\" \/>\n\t<meta name=\"twitter:data1\" content=\"Leandro Cardoso\" \/>\n\t<meta name=\"twitter:label2\" content=\"Est. tempo de leitura\" \/>\n\t<meta name=\"twitter:data2\" content=\"3 minutos\" \/>\n<script type=\"application\/ld+json\" class=\"yoast-schema-graph\">{\"@context\":\"https:\/\/schema.org\",\"@graph\":[{\"@type\":\"NewsArticle\",\"@id\":\"https:\/\/www.gaveanews.com\/index.php\/2025\/01\/07\/sao-paulo-tera-duas-saidas-nos-proximos-dias\/#article\",\"isPartOf\":{\"@id\":\"https:\/\/www.gaveanews.com\/index.php\/2025\/01\/07\/sao-paulo-tera-duas-saidas-nos-proximos-dias\/\"},\"author\":{\"name\":\"Leandro Cardoso\",\"@id\":\"https:\/\/www.gaveanews.com\/#\/schema\/person\/2424ec6409bc3f068411fc5e4e9b6168\"},\"headline\":\"S\u00e3o Paulo ter\u00e1 duas sa\u00eddas nos pr\u00f3ximos dias\",\"datePublished\":\"2025-01-07T04:30:00+00:00\",\"mainEntityOfPage\":{\"@id\":\"https:\/\/www.gaveanews.com\/index.php\/2025\/01\/07\/sao-paulo-tera-duas-saidas-nos-proximos-dias\/\"},\"wordCount\":484,\"commentCount\":0,\"image\":{\"@id\":\"https:\/\/www.gaveanews.com\/index.php\/2025\/01\/07\/sao-paulo-tera-duas-saidas-nos-proximos-dias\/#primaryimage\"},\"thumbnailUrl\":\"https:\/\/www.gaveanews.com\/wp-content\/uploads\/Escudo-do-Sao-Paulo.webp\",\"articleSection\":[\"S\u00e3o Paulo\"],\"inLanguage\":\"pt-BR\",\"potentialAction\":[{\"@type\":\"CommentAction\",\"name\":\"Comment\",\"target\":[\"https:\/\/www.gaveanews.com\/index.php\/2025\/01\/07\/sao-paulo-tera-duas-saidas-nos-proximos-dias\/#respond\"]}],\"copyrightYear\":\"2025\",\"copyrightHolder\":{\"@id\":\"https:\/\/www.gaveanews.com\/#organization\"}},{\"@type\":\"WebPage\",\"@id\":\"https:\/\/www.gaveanews.com\/index.php\/2025\/01\/07\/sao-paulo-tera-duas-saidas-nos-proximos-dias\/\",\"url\":\"https:\/\/www.gaveanews.com\/index.php\/2025\/01\/07\/sao-paulo-tera-duas-saidas-nos-proximos-dias\/\",\"name\":\"S\u00e3o Paulo ter\u00e1 duas sa\u00eddas nos pr\u00f3ximos dias\",\"isPartOf\":{\"@id\":\"https:\/\/www.gaveanews.com\/#website\"},\"primaryImageOfPage\":{\"@id\":\"https:\/\/www.gaveanews.com\/index.php\/2025\/01\/07\/sao-paulo-tera-duas-saidas-nos-proximos-dias\/#primaryimage\"},\"image\":{\"@id\":\"https:\/\/www.gaveanews.com\/index.php\/2025\/01\/07\/sao-paulo-tera-duas-saidas-nos-proximos-dias\/#primaryimage\"},\"thumbnailUrl\":\"https:\/\/www.gaveanews.com\/wp-content\/uploads\/Escudo-do-Sao-Paulo.webp\",\"datePublished\":\"2025-01-07T04:30:00+00:00\",\"author\":{\"@id\":\"https:\/\/www.gaveanews.com\/#\/schema\/person\/2424ec6409bc3f068411fc5e4e9b6168\"},\"breadcrumb\":{\"@id\":\"https:\/\/www.gaveanews.com\/index.php\/2025\/01\/07\/sao-paulo-tera-duas-saidas-nos-proximos-dias\/#breadcrumb\"},\"inLanguage\":\"pt-BR\",\"potentialAction\":[{\"@type\":\"ReadAction\",\"target\":[\"https:\/\/www.gaveanews.com\/index.php\/2025\/01\/07\/sao-paulo-tera-duas-saidas-nos-proximos-dias\/\"]}]},{\"@type\":\"ImageObject\",\"inLanguage\":\"pt-BR\",\"@id\":\"https:\/\/www.gaveanews.com\/index.php\/2025\/01\/07\/sao-paulo-tera-duas-saidas-nos-proximos-dias\/#primaryimage\",\"url\":\"https:\/\/www.gaveanews.com\/wp-content\/uploads\/Escudo-do-Sao-Paulo.webp\",\"contentUrl\":\"https:\/\/www.gaveanews.com\/wp-content\/uploads\/Escudo-do-Sao-Paulo.webp\",\"width\":977,\"height\":651,\"caption\":\"Escudo do S\u00e3o Paulo (Foto: Reprodu\u00e7\u00e3o\/S\u00e3o Paulo)\"},{\"@type\":\"BreadcrumbList\",\"@id\":\"https:\/\/www.gaveanews.com\/index.php\/2025\/01\/07\/sao-paulo-tera-duas-saidas-nos-proximos-dias\/#breadcrumb\",\"itemListElement\":[{\"@type\":\"ListItem\",\"position\":1,\"name\":\"Home\",\"item\":\"https:\/\/www.gaveanews.com\/\"},{\"@type\":\"ListItem\",\"position\":2,\"name\":\"S\u00e3o Paulo ter\u00e1 duas sa\u00eddas nos pr\u00f3ximos dias\"}]},{\"@type\":\"WebSite\",\"@id\":\"https:\/\/www.gaveanews.com\/#website\",\"url\":\"https:\/\/www.gaveanews.com\/\",\"name\":\"G\u00e1vea News\",\"description\":\"Veja todas as not\u00edcias sobre o Flamengo: Contrata\u00e7\u00f5es, categorias de base, resultados das partidas, tabela de classifica\u00e7\u00e3o, pr\u00f3ximos jogos!\",\"potentialAction\":[{\"@type\":\"SearchAction\",\"target\":{\"@type\":\"EntryPoint\",\"urlTemplate\":\"https:\/\/www.gaveanews.com\/?s={search_term_string}\"},\"query-input\":{\"@type\":\"PropertyValueSpecification\",\"valueRequired\":true,\"valueName\":\"search_term_string\"}}],\"inLanguage\":\"pt-BR\"},{\"@type\":\"Person\",\"@id\":\"https:\/\/www.gaveanews.com\/#\/schema\/person\/2424ec6409bc3f068411fc5e4e9b6168\",\"name\":\"Leandro Cardoso\",\"image\":{\"@type\":\"ImageObject\",\"inLanguage\":\"pt-BR\",\"@id\":\"https:\/\/www.gaveanews.com\/#\/schema\/person\/image\/\",\"url\":\"https:\/\/secure.gravatar.com\/avatar\/8ca179f9b55eefe9f376f5493ef25475bfa59fbc28ce937f6076ce20e523098f?s=96&d=mm&r=g\",\"contentUrl\":\"https:\/\/secure.gravatar.com\/avatar\/8ca179f9b55eefe9f376f5493ef25475bfa59fbc28ce937f6076ce20e523098f?s=96&d=mm&r=g\",\"caption\":\"Leandro Cardoso\"}}]}<\/script>\n<!-- \/ Yoast SEO Premium plugin. -->","yoast_head_json":{"title":"S\u00e3o Paulo ter\u00e1 duas sa\u00eddas nos pr\u00f3ximos dias","robots":{"index":"index","follow":"follow","max-snippet":"max-snippet:-1","max-image-preview":"max-image-preview:large","max-video-preview":"max-video-preview:-1"},"canonical":"https:\/\/www.gaveanews.com\/index.php\/2025\/01\/07\/sao-paulo-tera-duas-saidas-nos-proximos-dias\/","og_locale":"pt_BR","og_type":"article","og_title":"S\u00e3o Paulo ter\u00e1 duas sa\u00eddas nos pr\u00f3ximos dias","og_description":"O S\u00e3o Paulo est\u00e1 resolvendo algumas pend\u00eancias em seu elenco, com foco nas rescis\u00f5es de contrato de dois jogadores que n\u00e3o fazem parte dos planos da comiss\u00e3o t\u00e9cnica de Luis Zubeld\u00eda. O lateral Orejuela e o volante M\u00e9ndez, que passaram boa parte do \u00faltimo ano fora de a\u00e7\u00e3o, est\u00e3o negociando o fim antecipado de seus [&hellip;]","og_url":"https:\/\/www.gaveanews.com\/index.php\/2025\/01\/07\/sao-paulo-tera-duas-saidas-nos-proximos-dias\/","og_site_name":"G\u00e1vea News","article_publisher":"https:\/\/facebook.com\/gaveaNews\/","article_published_time":"2025-01-07T04:30:00+00:00","og_image":[{"width":977,"height":651,"url":"https:\/\/www.gaveanews.com\/wp-content\/uploads\/Escudo-do-Sao-Paulo.webp","type":"image\/webp"}],"author":"Leandro Cardoso","twitter_card":"summary_large_image","twitter_misc":{"Escrito por":"Leandro Cardoso","Est. tempo de leitura":"3 minutos"},"schema":{"@context":"https:\/\/schema.org","@graph":[{"@type":"NewsArticle","@id":"https:\/\/www.gaveanews.com\/index.php\/2025\/01\/07\/sao-paulo-tera-duas-saidas-nos-proximos-dias\/#article","isPartOf":{"@id":"https:\/\/www.gaveanews.com\/index.php\/2025\/01\/07\/sao-paulo-tera-duas-saidas-nos-proximos-dias\/"},"author":{"name":"Leandro Cardoso","@id":"https:\/\/www.gaveanews.com\/#\/schema\/person\/2424ec6409bc3f068411fc5e4e9b6168"},"headline":"S\u00e3o Paulo ter\u00e1 duas sa\u00eddas nos pr\u00f3ximos dias","datePublished":"2025-01-07T04:30:00+00:00","mainEntityOfPage":{"@id":"https:\/\/www.gaveanews.com\/index.php\/2025\/01\/07\/sao-paulo-tera-duas-saidas-nos-proximos-dias\/"},"wordCount":484,"commentCount":0,"image":{"@id":"https:\/\/www.gaveanews.com\/index.php\/2025\/01\/07\/sao-paulo-tera-duas-saidas-nos-proximos-dias\/#primaryimage"},"thumbnailUrl":"https:\/\/www.gaveanews.com\/wp-content\/uploads\/Escudo-do-Sao-Paulo.webp","articleSection":["S\u00e3o Paulo"],"inLanguage":"pt-BR","potentialAction":[{"@type":"CommentAction","name":"Comment","target":["https:\/\/www.gaveanews.com\/index.php\/2025\/01\/07\/sao-paulo-tera-duas-saidas-nos-proximos-dias\/#respond"]}],"copyrightYear":"2025","copyrightHolder":{"@id":"https:\/\/www.gaveanews.com\/#organization"}},{"@type":"WebPage","@id":"https:\/\/www.gaveanews.com\/index.php\/2025\/01\/07\/sao-paulo-tera-duas-saidas-nos-proximos-dias\/","url":"https:\/\/www.gaveanews.com\/index.php\/2025\/01\/07\/sao-paulo-tera-duas-saidas-nos-proximos-dias\/","name":"S\u00e3o Paulo ter\u00e1 duas sa\u00eddas nos pr\u00f3ximos dias","isPartOf":{"@id":"https:\/\/www.gaveanews.com\/#website"},"primaryImageOfPage":{"@id":"https:\/\/www.gaveanews.com\/index.php\/2025\/01\/07\/sao-paulo-tera-duas-saidas-nos-proximos-dias\/#primaryimage"},"image":{"@id":"https:\/\/www.gaveanews.com\/index.php\/2025\/01\/07\/sao-paulo-tera-duas-saidas-nos-proximos-dias\/#primaryimage"},"thumbnailUrl":"https:\/\/www.gaveanews.com\/wp-content\/uploads\/Escudo-do-Sao-Paulo.webp","datePublished":"2025-01-07T04:30:00+00:00","author":{"@id":"https:\/\/www.gaveanews.com\/#\/schema\/person\/2424ec6409bc3f068411fc5e4e9b6168"},"breadcrumb":{"@id":"https:\/\/www.gaveanews.com\/index.php\/2025\/01\/07\/sao-paulo-tera-duas-saidas-nos-proximos-dias\/#breadcrumb"},"inLanguage":"pt-BR","potentialAction":[{"@type":"ReadAction","target":["https:\/\/www.gaveanews.com\/index.php\/2025\/01\/07\/sao-paulo-tera-duas-saidas-nos-proximos-dias\/"]}]},{"@type":"ImageObject","inLanguage":"pt-BR","@id":"https:\/\/www.gaveanews.com\/index.php\/2025\/01\/07\/sao-paulo-tera-duas-saidas-nos-proximos-dias\/#primaryimage","url":"https:\/\/www.gaveanews.com\/wp-content\/uploads\/Escudo-do-Sao-Paulo.webp","contentUrl":"https:\/\/www.gaveanews.com\/wp-content\/uploads\/Escudo-do-Sao-Paulo.webp","width":977,"height":651,"caption":"Escudo do S\u00e3o Paulo (Foto: Reprodu\u00e7\u00e3o\/S\u00e3o Paulo)"},{"@type":"BreadcrumbList","@id":"https:\/\/www.gaveanews.com\/index.php\/2025\/01\/07\/sao-paulo-tera-duas-saidas-nos-proximos-dias\/#breadcrumb","itemListElement":[{"@type":"ListItem","position":1,"name":"Home","item":"https:\/\/www.gaveanews.com\/"},{"@type":"ListItem","position":2,"name":"S\u00e3o Paulo ter\u00e1 duas sa\u00eddas nos pr\u00f3ximos dias"}]},{"@type":"WebSite","@id":"https:\/\/www.gaveanews.com\/#website","url":"https:\/\/www.gaveanews.com\/","name":"G\u00e1vea News","description":"Veja todas as not\u00edcias sobre o Flamengo: Contrata\u00e7\u00f5es, categorias de base, resultados das partidas, tabela de classifica\u00e7\u00e3o, pr\u00f3ximos jogos!","potentialAction":[{"@type":"SearchAction","target":{"@type":"EntryPoint","urlTemplate":"https:\/\/www.gaveanews.com\/?s={search_term_string}"},"query-input":{"@type":"PropertyValueSpecification","valueRequired":true,"valueName":"search_term_string"}}],"inLanguage":"pt-BR"},{"@type":"Person","@id":"https:\/\/www.gaveanews.com\/#\/schema\/person\/2424ec6409bc3f068411fc5e4e9b6168","name":"Leandro Cardoso","image":{"@type":"ImageObject","inLanguage":"pt-BR","@id":"https:\/\/www.gaveanews.com\/#\/schema\/person\/image\/","url":"https:\/\/secure.gravatar.com\/avatar\/8ca179f9b55eefe9f376f5493ef25475bfa59fbc28ce937f6076ce20e523098f?s=96&d=mm&r=g","contentUrl":"https:\/\/secure.gravatar.com\/avatar\/8ca179f9b55eefe9f376f5493ef25475bfa59fbc28ce937f6076ce20e523098f?s=96&d=mm&r=g","caption":"Leandro Cardoso"}}]}},"_links":{"self":[{"href":"https:\/\/www.gaveanews.com\/index.php\/wp-json\/wp\/v2\/posts\/208406","targetHints":{"allow":["GET"]}}],"collection":[{"href":"https:\/\/www.gaveanews.com\/index.php\/wp-json\/wp\/v2\/posts"}],"about":[{"href":"https:\/\/www.gaveanews.com\/index.php\/wp-json\/wp\/v2\/types\/post"}],"author":[{"embeddable":true,"href":"https:\/\/www.gaveanews.com\/index.php\/wp-json\/wp\/v2\/users\/24"}],"replies":[{"embeddable":true,"href":"https:\/\/www.gaveanews.com\/index.php\/wp-json\/wp\/v2\/comments?post=208406"}],"version-history":[{"count":1,"href":"https:\/\/www.gaveanews.com\/index.php\/wp-json\/wp\/v2\/posts\/208406\/revisions"}],"predecessor-version":[{"id":208411,"href":"https:\/\/www.gaveanews.com\/index.php\/wp-json\/wp\/v2\/posts\/208406\/revisions\/208411"}],"wp:featuredmedia":[{"embeddable":true,"href":"https:\/\/www.gaveanews.com\/index.php\/wp-json\/wp\/v2\/media\/154451"}],"wp:attachment":[{"href":"https:\/\/www.gaveanews.com\/index.php\/wp-json\/wp\/v2\/media?parent=208406"}],"wp:term":[{"taxonomy":"category","embeddable":true,"href":"https:\/\/www.gaveanews.com\/index.php\/wp-json\/wp\/v2\/categories?post=208406"},{"taxonomy":"post_tag","embeddable":true,"href":"https:\/\/www.gaveanews.com\/index.php\/wp-json\/wp\/v2\/tags?post=208406"}],"curies":[{"name":"wp","href":"https:\/\/api.w.org\/{rel}","templated":true}]}}