{"id":208409,"date":"2025-01-07T01:45:00","date_gmt":"2025-01-07T04:45:00","guid":{"rendered":"https:\/\/www.gaveanews.com\/?p=208409"},"modified":"2025-01-06T22:22:56","modified_gmt":"2025-01-07T01:22:56","slug":"a-declaracao-de-andre-jardine-direcionada-ao-sao-paulo","status":"publish","type":"post","link":"https:\/\/www.gaveanews.com\/index.php\/2025\/01\/07\/a-declaracao-de-andre-jardine-direcionada-ao-sao-paulo\/","title":{"rendered":"A declara\u00e7\u00e3o de Andr\u00e9 Jardine direcionada ao S\u00e3o Paulo"},"content":{"rendered":"\n<p>O t\u00e9cnico Andr\u00e9 Jardine colhe atualmente frutos de aprendizados que adquiriu a partir de frustra\u00e7\u00f5es que teve no decorrer da carreira profissional. Quem o v\u00ea fazendo hist\u00f3ria \u00e0 frente do Am\u00e9rica (MEX) n\u00e3o imagina certas dificuldades que precisou enfrentar, tampouco os trabalhos que resultaram em insucessos retumbantes. Caso, por exemplo, da breve passagem pelo time principal do S\u00e3o Paulo.<\/p>\n\n\n\n<ul class=\"wp-block-list\">\n<li><a href=\"https:\/\/www.gaveanews.com\/index.php\/2025\/01\/06\/sao-paulo-diretoria-toma-atitude-importante-para-a-chegada-de-reforcos\/\">S\u00e3o Paulo: diretoria toma atitude importante para a chegada de refor\u00e7os<\/a><\/li>\n\n\n\n<li><a href=\"https:\/\/www.gaveanews.com\/index.php\/2025\/01\/06\/sao-paulo-a-declaracao-de-hernanes-sobre-a-contratacao-de-dybala\/\">S\u00e3o Paulo: a declara\u00e7\u00e3o de Hernanes sobre a contrata\u00e7\u00e3o de Dybala<\/a><\/li>\n<\/ul>\n\n\n\n<p>Ap\u00f3s recusar proposta do Botafogo, para suceder Artur Jorge, Andr\u00e9 Jardine recordou a frustrante passagem que teve pelo S\u00e3o Paulo &#8211; clube que dedicou boa parte da carreira. O insucesso, por\u00e9m, serviu muito mais de aprendizado do que arrependimento ao t\u00e9cnico.<\/p>\n\n\n\n<p>&#8220;Nem um pouco [arrependido]. Como que eu negaria um desafio desse tamanho? Sentia que a diretoria apostava muito em mim naquele momento. (\u2026) O caso do S\u00e3o Paulo acabou sendo curto, mas foi um per\u00edodo em que as coisas n\u00e3o sa\u00edram como a gente queria. E faz parte do processo, assim como muitos treinadores experientes v\u00e3o ter momentos em que as coisas n\u00e3o saem. A gente est\u00e1 podendo ver agora o Guardiola passando por um momento que ningu\u00e9m imaginava que ele iria passar. Isso est\u00e1 sendo at\u00e9 bom, ele est\u00e1 humanizando a profiss\u00e3o e mostrando que todos est\u00e3o suscet\u00edveis a passar por um per\u00edodo sem conseguir vencer. Muitas vezes, mesmo o treinador fazendo tudo certo, ele n\u00e3o vai ganhar&#8221;, e prosseguiu:<\/p>\n\n\n\n<p>&#8220;Por isso que para se analisar um trabalho acho que tem que olhar a trajet\u00f3ria, o curr\u00edculo, os anos para tr\u00e1s e entender o que aquele profissional construiu, se teve mais \u00eaxitos ou mais fracassos, para poder realmente chegar a uma conclus\u00e3o e n\u00e3o fazer um recorte de 10, 15 jogos ou um torneio, porque acaba sendo muito injusta a avalia\u00e7\u00e3o, tanto para bem quanto para mal&#8221;, disse em entrevista ao GE.<\/p>\n\n\n\n<p>O t\u00e9cnico descreve a passagem pelo S\u00e3o Paulo, \u00e0quela altura, como o &#8220;passo mais dif\u00edcil&#8221; da carreira e citou outros in\u00fameros fatores que contribu\u00edram para o fim do ciclo.<\/p>\n\n\n\n<p>&#8220;Talvez o S\u00e3o Paulo foi o passo mais dif\u00edcil, porque foi o primeiro passo da base para profissional. \u00c9 uma mudan\u00e7a grande, um choque de realidade, de press\u00e3o, de tamanho das coisas. Passa a ter uma visibilidade tremenda, uma cobran\u00e7a tremenda. Ainda estava formando a minha pr\u00f3pria comiss\u00e3o t\u00e9cnica\u201d, e concluiu:<\/p>\n\n\n\n<p>\u201cTudo isso s\u00e3o elementos que dificultam essa transi\u00e7\u00e3o da base ao profissional. Isso n\u00e3o \u00e9 pra mim, isso \u00e9 pra todos. Por isso que muitos n\u00e3o conseguem vencer essa etapa, \u00e9 uma barreira pesada para os profissionais da categoria de base, mas que eu consegui vencer\u201d, afirmou.<\/p>\n\n\n\n<h2 class=\"wp-block-heading\" id=\"h-recusa-ao-botafogo\">Recusa ao Botafogo<\/h2>\n\n\n\n<p>O brasileiro conquistou status de \u00eddolo no Am\u00e9rica e pesou esse fator na decis\u00e3o pela perman\u00eancia no M\u00e9xico. Por l\u00e1, Andr\u00e9 Jardine conquistou o tricampeonato nacional e levantou outros trof\u00e9us como o Campeones Cup, a Supercopa de la liga MX e o Campe\u00e3o dos Campe\u00f5es &#8211; esses tr\u00eas em 2024.<\/p>\n\n\n\n<p>&#8220;Tudo certo, voltando ao trabalho e muito motivado&#8221;, declarou Jardine ap\u00f3s comunicar Textor sobre sua decis\u00e3o.<\/p>\n","protected":false},"excerpt":{"rendered":"<p>O t\u00e9cnico Andr\u00e9 Jardine colhe atualmente frutos de aprendizados que adquiriu a partir de frustra\u00e7\u00f5es que teve no decorrer da carreira profissional. Quem o v\u00ea fazendo hist\u00f3ria \u00e0 frente do Am\u00e9rica (MEX) n\u00e3o imagina certas dificuldades que precisou enfrentar, tampouco os trabalhos que resultaram em insucessos retumbantes. Caso, por exemplo, da breve passagem pelo time [&hellip;]<\/p>\n","protected":false},"author":30,"featured_media":154451,"comment_status":"open","ping_status":"closed","sticky":false,"template":"","format":"standard","meta":{"footnotes":""},"categories":[151],"tags":[],"class_list":["post-208409","post","type-post","status-publish","format-standard","has-post-thumbnail","hentry","category-sao-paulo"],"yoast_head":"<!-- This site is optimized with the Yoast SEO Premium plugin v24.2 (Yoast SEO v26.9) - https:\/\/yoast.com\/product\/yoast-seo-premium-wordpress\/ -->\n<title>A declara\u00e7\u00e3o de Andr\u00e9 Jardine direcionada ao S\u00e3o Paulo<\/title>\n<meta name=\"robots\" content=\"index, follow, max-snippet:-1, max-image-preview:large, max-video-preview:-1\" \/>\n<link rel=\"canonical\" href=\"https:\/\/www.gaveanews.com\/index.php\/2025\/01\/07\/a-declaracao-de-andre-jardine-direcionada-ao-sao-paulo\/\" \/>\n<meta property=\"og:locale\" content=\"pt_BR\" \/>\n<meta property=\"og:type\" content=\"article\" \/>\n<meta property=\"og:title\" content=\"A declara\u00e7\u00e3o de Andr\u00e9 Jardine direcionada ao S\u00e3o Paulo\" \/>\n<meta property=\"og:description\" content=\"O t\u00e9cnico Andr\u00e9 Jardine colhe atualmente frutos de aprendizados que adquiriu a partir de frustra\u00e7\u00f5es que teve no decorrer da carreira profissional. Quem o v\u00ea fazendo hist\u00f3ria \u00e0 frente do Am\u00e9rica (MEX) n\u00e3o imagina certas dificuldades que precisou enfrentar, tampouco os trabalhos que resultaram em insucessos retumbantes. Caso, por exemplo, da breve passagem pelo time [&hellip;]\" \/>\n<meta property=\"og:url\" content=\"https:\/\/www.gaveanews.com\/index.php\/2025\/01\/07\/a-declaracao-de-andre-jardine-direcionada-ao-sao-paulo\/\" \/>\n<meta property=\"og:site_name\" content=\"G\u00e1vea News\" \/>\n<meta property=\"article:publisher\" content=\"https:\/\/facebook.com\/gaveaNews\/\" \/>\n<meta property=\"article:published_time\" content=\"2025-01-07T04:45:00+00:00\" \/>\n<meta property=\"og:image\" content=\"https:\/\/www.gaveanews.com\/wp-content\/uploads\/Escudo-do-Sao-Paulo.webp\" \/>\n\t<meta property=\"og:image:width\" content=\"977\" \/>\n\t<meta property=\"og:image:height\" content=\"651\" \/>\n\t<meta property=\"og:image:type\" content=\"image\/webp\" \/>\n<meta name=\"author\" content=\"Ana Teixeira\" \/>\n<meta name=\"twitter:card\" content=\"summary_large_image\" \/>\n<meta name=\"twitter:label1\" content=\"Escrito por\" \/>\n\t<meta name=\"twitter:data1\" content=\"Ana Teixeira\" \/>\n\t<meta name=\"twitter:label2\" content=\"Est. tempo de leitura\" \/>\n\t<meta name=\"twitter:data2\" content=\"4 minutos\" \/>\n<script type=\"application\/ld+json\" class=\"yoast-schema-graph\">{\"@context\":\"https:\/\/schema.org\",\"@graph\":[{\"@type\":\"NewsArticle\",\"@id\":\"https:\/\/www.gaveanews.com\/index.php\/2025\/01\/07\/a-declaracao-de-andre-jardine-direcionada-ao-sao-paulo\/#article\",\"isPartOf\":{\"@id\":\"https:\/\/www.gaveanews.com\/index.php\/2025\/01\/07\/a-declaracao-de-andre-jardine-direcionada-ao-sao-paulo\/\"},\"author\":{\"name\":\"Ana Teixeira\",\"@id\":\"https:\/\/www.gaveanews.com\/#\/schema\/person\/3b19f7288b0ce20372991275e4f2e6c2\"},\"headline\":\"A declara\u00e7\u00e3o de Andr\u00e9 Jardine direcionada ao S\u00e3o Paulo\",\"datePublished\":\"2025-01-07T04:45:00+00:00\",\"mainEntityOfPage\":{\"@id\":\"https:\/\/www.gaveanews.com\/index.php\/2025\/01\/07\/a-declaracao-de-andre-jardine-direcionada-ao-sao-paulo\/\"},\"wordCount\":573,\"commentCount\":0,\"image\":{\"@id\":\"https:\/\/www.gaveanews.com\/index.php\/2025\/01\/07\/a-declaracao-de-andre-jardine-direcionada-ao-sao-paulo\/#primaryimage\"},\"thumbnailUrl\":\"https:\/\/www.gaveanews.com\/wp-content\/uploads\/Escudo-do-Sao-Paulo.webp\",\"articleSection\":[\"S\u00e3o Paulo\"],\"inLanguage\":\"pt-BR\",\"potentialAction\":[{\"@type\":\"CommentAction\",\"name\":\"Comment\",\"target\":[\"https:\/\/www.gaveanews.com\/index.php\/2025\/01\/07\/a-declaracao-de-andre-jardine-direcionada-ao-sao-paulo\/#respond\"]}],\"copyrightYear\":\"2025\",\"copyrightHolder\":{\"@id\":\"https:\/\/www.gaveanews.com\/#organization\"}},{\"@type\":\"WebPage\",\"@id\":\"https:\/\/www.gaveanews.com\/index.php\/2025\/01\/07\/a-declaracao-de-andre-jardine-direcionada-ao-sao-paulo\/\",\"url\":\"https:\/\/www.gaveanews.com\/index.php\/2025\/01\/07\/a-declaracao-de-andre-jardine-direcionada-ao-sao-paulo\/\",\"name\":\"A declara\u00e7\u00e3o de Andr\u00e9 Jardine direcionada ao S\u00e3o Paulo\",\"isPartOf\":{\"@id\":\"https:\/\/www.gaveanews.com\/#website\"},\"primaryImageOfPage\":{\"@id\":\"https:\/\/www.gaveanews.com\/index.php\/2025\/01\/07\/a-declaracao-de-andre-jardine-direcionada-ao-sao-paulo\/#primaryimage\"},\"image\":{\"@id\":\"https:\/\/www.gaveanews.com\/index.php\/2025\/01\/07\/a-declaracao-de-andre-jardine-direcionada-ao-sao-paulo\/#primaryimage\"},\"thumbnailUrl\":\"https:\/\/www.gaveanews.com\/wp-content\/uploads\/Escudo-do-Sao-Paulo.webp\",\"datePublished\":\"2025-01-07T04:45:00+00:00\",\"author\":{\"@id\":\"https:\/\/www.gaveanews.com\/#\/schema\/person\/3b19f7288b0ce20372991275e4f2e6c2\"},\"breadcrumb\":{\"@id\":\"https:\/\/www.gaveanews.com\/index.php\/2025\/01\/07\/a-declaracao-de-andre-jardine-direcionada-ao-sao-paulo\/#breadcrumb\"},\"inLanguage\":\"pt-BR\",\"potentialAction\":[{\"@type\":\"ReadAction\",\"target\":[\"https:\/\/www.gaveanews.com\/index.php\/2025\/01\/07\/a-declaracao-de-andre-jardine-direcionada-ao-sao-paulo\/\"]}]},{\"@type\":\"ImageObject\",\"inLanguage\":\"pt-BR\",\"@id\":\"https:\/\/www.gaveanews.com\/index.php\/2025\/01\/07\/a-declaracao-de-andre-jardine-direcionada-ao-sao-paulo\/#primaryimage\",\"url\":\"https:\/\/www.gaveanews.com\/wp-content\/uploads\/Escudo-do-Sao-Paulo.webp\",\"contentUrl\":\"https:\/\/www.gaveanews.com\/wp-content\/uploads\/Escudo-do-Sao-Paulo.webp\",\"width\":977,\"height\":651,\"caption\":\"Escudo do S\u00e3o Paulo (Foto: Reprodu\u00e7\u00e3o\/S\u00e3o Paulo)\"},{\"@type\":\"BreadcrumbList\",\"@id\":\"https:\/\/www.gaveanews.com\/index.php\/2025\/01\/07\/a-declaracao-de-andre-jardine-direcionada-ao-sao-paulo\/#breadcrumb\",\"itemListElement\":[{\"@type\":\"ListItem\",\"position\":1,\"name\":\"Home\",\"item\":\"https:\/\/www.gaveanews.com\/\"},{\"@type\":\"ListItem\",\"position\":2,\"name\":\"A declara\u00e7\u00e3o de Andr\u00e9 Jardine direcionada ao S\u00e3o Paulo\"}]},{\"@type\":\"WebSite\",\"@id\":\"https:\/\/www.gaveanews.com\/#website\",\"url\":\"https:\/\/www.gaveanews.com\/\",\"name\":\"G\u00e1vea News\",\"description\":\"Veja todas as not\u00edcias sobre o Flamengo: Contrata\u00e7\u00f5es, categorias de base, resultados das partidas, tabela de classifica\u00e7\u00e3o, pr\u00f3ximos jogos!\",\"potentialAction\":[{\"@type\":\"SearchAction\",\"target\":{\"@type\":\"EntryPoint\",\"urlTemplate\":\"https:\/\/www.gaveanews.com\/?s={search_term_string}\"},\"query-input\":{\"@type\":\"PropertyValueSpecification\",\"valueRequired\":true,\"valueName\":\"search_term_string\"}}],\"inLanguage\":\"pt-BR\"},{\"@type\":\"Person\",\"@id\":\"https:\/\/www.gaveanews.com\/#\/schema\/person\/3b19f7288b0ce20372991275e4f2e6c2\",\"name\":\"Ana Teixeira\",\"image\":{\"@type\":\"ImageObject\",\"inLanguage\":\"pt-BR\",\"@id\":\"https:\/\/www.gaveanews.com\/#\/schema\/person\/image\/\",\"url\":\"https:\/\/secure.gravatar.com\/avatar\/0a73f5a5258f3fed37fc2fa641892f3f7a4748456d4d4792f9bc550e6c19e06c?s=96&d=mm&r=g\",\"contentUrl\":\"https:\/\/secure.gravatar.com\/avatar\/0a73f5a5258f3fed37fc2fa641892f3f7a4748456d4d4792f9bc550e6c19e06c?s=96&d=mm&r=g\",\"caption\":\"Ana Teixeira\"}}]}<\/script>\n<!-- \/ Yoast SEO Premium plugin. -->","yoast_head_json":{"title":"A declara\u00e7\u00e3o de Andr\u00e9 Jardine direcionada ao S\u00e3o Paulo","robots":{"index":"index","follow":"follow","max-snippet":"max-snippet:-1","max-image-preview":"max-image-preview:large","max-video-preview":"max-video-preview:-1"},"canonical":"https:\/\/www.gaveanews.com\/index.php\/2025\/01\/07\/a-declaracao-de-andre-jardine-direcionada-ao-sao-paulo\/","og_locale":"pt_BR","og_type":"article","og_title":"A declara\u00e7\u00e3o de Andr\u00e9 Jardine direcionada ao S\u00e3o Paulo","og_description":"O t\u00e9cnico Andr\u00e9 Jardine colhe atualmente frutos de aprendizados que adquiriu a partir de frustra\u00e7\u00f5es que teve no decorrer da carreira profissional. Quem o v\u00ea fazendo hist\u00f3ria \u00e0 frente do Am\u00e9rica (MEX) n\u00e3o imagina certas dificuldades que precisou enfrentar, tampouco os trabalhos que resultaram em insucessos retumbantes. Caso, por exemplo, da breve passagem pelo time [&hellip;]","og_url":"https:\/\/www.gaveanews.com\/index.php\/2025\/01\/07\/a-declaracao-de-andre-jardine-direcionada-ao-sao-paulo\/","og_site_name":"G\u00e1vea News","article_publisher":"https:\/\/facebook.com\/gaveaNews\/","article_published_time":"2025-01-07T04:45:00+00:00","og_image":[{"width":977,"height":651,"url":"https:\/\/www.gaveanews.com\/wp-content\/uploads\/Escudo-do-Sao-Paulo.webp","type":"image\/webp"}],"author":"Ana Teixeira","twitter_card":"summary_large_image","twitter_misc":{"Escrito por":"Ana Teixeira","Est. tempo de leitura":"4 minutos"},"schema":{"@context":"https:\/\/schema.org","@graph":[{"@type":"NewsArticle","@id":"https:\/\/www.gaveanews.com\/index.php\/2025\/01\/07\/a-declaracao-de-andre-jardine-direcionada-ao-sao-paulo\/#article","isPartOf":{"@id":"https:\/\/www.gaveanews.com\/index.php\/2025\/01\/07\/a-declaracao-de-andre-jardine-direcionada-ao-sao-paulo\/"},"author":{"name":"Ana Teixeira","@id":"https:\/\/www.gaveanews.com\/#\/schema\/person\/3b19f7288b0ce20372991275e4f2e6c2"},"headline":"A declara\u00e7\u00e3o de Andr\u00e9 Jardine direcionada ao S\u00e3o Paulo","datePublished":"2025-01-07T04:45:00+00:00","mainEntityOfPage":{"@id":"https:\/\/www.gaveanews.com\/index.php\/2025\/01\/07\/a-declaracao-de-andre-jardine-direcionada-ao-sao-paulo\/"},"wordCount":573,"commentCount":0,"image":{"@id":"https:\/\/www.gaveanews.com\/index.php\/2025\/01\/07\/a-declaracao-de-andre-jardine-direcionada-ao-sao-paulo\/#primaryimage"},"thumbnailUrl":"https:\/\/www.gaveanews.com\/wp-content\/uploads\/Escudo-do-Sao-Paulo.webp","articleSection":["S\u00e3o Paulo"],"inLanguage":"pt-BR","potentialAction":[{"@type":"CommentAction","name":"Comment","target":["https:\/\/www.gaveanews.com\/index.php\/2025\/01\/07\/a-declaracao-de-andre-jardine-direcionada-ao-sao-paulo\/#respond"]}],"copyrightYear":"2025","copyrightHolder":{"@id":"https:\/\/www.gaveanews.com\/#organization"}},{"@type":"WebPage","@id":"https:\/\/www.gaveanews.com\/index.php\/2025\/01\/07\/a-declaracao-de-andre-jardine-direcionada-ao-sao-paulo\/","url":"https:\/\/www.gaveanews.com\/index.php\/2025\/01\/07\/a-declaracao-de-andre-jardine-direcionada-ao-sao-paulo\/","name":"A declara\u00e7\u00e3o de Andr\u00e9 Jardine direcionada ao S\u00e3o Paulo","isPartOf":{"@id":"https:\/\/www.gaveanews.com\/#website"},"primaryImageOfPage":{"@id":"https:\/\/www.gaveanews.com\/index.php\/2025\/01\/07\/a-declaracao-de-andre-jardine-direcionada-ao-sao-paulo\/#primaryimage"},"image":{"@id":"https:\/\/www.gaveanews.com\/index.php\/2025\/01\/07\/a-declaracao-de-andre-jardine-direcionada-ao-sao-paulo\/#primaryimage"},"thumbnailUrl":"https:\/\/www.gaveanews.com\/wp-content\/uploads\/Escudo-do-Sao-Paulo.webp","datePublished":"2025-01-07T04:45:00+00:00","author":{"@id":"https:\/\/www.gaveanews.com\/#\/schema\/person\/3b19f7288b0ce20372991275e4f2e6c2"},"breadcrumb":{"@id":"https:\/\/www.gaveanews.com\/index.php\/2025\/01\/07\/a-declaracao-de-andre-jardine-direcionada-ao-sao-paulo\/#breadcrumb"},"inLanguage":"pt-BR","potentialAction":[{"@type":"ReadAction","target":["https:\/\/www.gaveanews.com\/index.php\/2025\/01\/07\/a-declaracao-de-andre-jardine-direcionada-ao-sao-paulo\/"]}]},{"@type":"ImageObject","inLanguage":"pt-BR","@id":"https:\/\/www.gaveanews.com\/index.php\/2025\/01\/07\/a-declaracao-de-andre-jardine-direcionada-ao-sao-paulo\/#primaryimage","url":"https:\/\/www.gaveanews.com\/wp-content\/uploads\/Escudo-do-Sao-Paulo.webp","contentUrl":"https:\/\/www.gaveanews.com\/wp-content\/uploads\/Escudo-do-Sao-Paulo.webp","width":977,"height":651,"caption":"Escudo do S\u00e3o Paulo (Foto: Reprodu\u00e7\u00e3o\/S\u00e3o Paulo)"},{"@type":"BreadcrumbList","@id":"https:\/\/www.gaveanews.com\/index.php\/2025\/01\/07\/a-declaracao-de-andre-jardine-direcionada-ao-sao-paulo\/#breadcrumb","itemListElement":[{"@type":"ListItem","position":1,"name":"Home","item":"https:\/\/www.gaveanews.com\/"},{"@type":"ListItem","position":2,"name":"A declara\u00e7\u00e3o de Andr\u00e9 Jardine direcionada ao S\u00e3o Paulo"}]},{"@type":"WebSite","@id":"https:\/\/www.gaveanews.com\/#website","url":"https:\/\/www.gaveanews.com\/","name":"G\u00e1vea News","description":"Veja todas as not\u00edcias sobre o Flamengo: Contrata\u00e7\u00f5es, categorias de base, resultados das partidas, tabela de classifica\u00e7\u00e3o, pr\u00f3ximos jogos!","potentialAction":[{"@type":"SearchAction","target":{"@type":"EntryPoint","urlTemplate":"https:\/\/www.gaveanews.com\/?s={search_term_string}"},"query-input":{"@type":"PropertyValueSpecification","valueRequired":true,"valueName":"search_term_string"}}],"inLanguage":"pt-BR"},{"@type":"Person","@id":"https:\/\/www.gaveanews.com\/#\/schema\/person\/3b19f7288b0ce20372991275e4f2e6c2","name":"Ana Teixeira","image":{"@type":"ImageObject","inLanguage":"pt-BR","@id":"https:\/\/www.gaveanews.com\/#\/schema\/person\/image\/","url":"https:\/\/secure.gravatar.com\/avatar\/0a73f5a5258f3fed37fc2fa641892f3f7a4748456d4d4792f9bc550e6c19e06c?s=96&d=mm&r=g","contentUrl":"https:\/\/secure.gravatar.com\/avatar\/0a73f5a5258f3fed37fc2fa641892f3f7a4748456d4d4792f9bc550e6c19e06c?s=96&d=mm&r=g","caption":"Ana Teixeira"}}]}},"_links":{"self":[{"href":"https:\/\/www.gaveanews.com\/index.php\/wp-json\/wp\/v2\/posts\/208409","targetHints":{"allow":["GET"]}}],"collection":[{"href":"https:\/\/www.gaveanews.com\/index.php\/wp-json\/wp\/v2\/posts"}],"about":[{"href":"https:\/\/www.gaveanews.com\/index.php\/wp-json\/wp\/v2\/types\/post"}],"author":[{"embeddable":true,"href":"https:\/\/www.gaveanews.com\/index.php\/wp-json\/wp\/v2\/users\/30"}],"replies":[{"embeddable":true,"href":"https:\/\/www.gaveanews.com\/index.php\/wp-json\/wp\/v2\/comments?post=208409"}],"version-history":[{"count":1,"href":"https:\/\/www.gaveanews.com\/index.php\/wp-json\/wp\/v2\/posts\/208409\/revisions"}],"predecessor-version":[{"id":208424,"href":"https:\/\/www.gaveanews.com\/index.php\/wp-json\/wp\/v2\/posts\/208409\/revisions\/208424"}],"wp:featuredmedia":[{"embeddable":true,"href":"https:\/\/www.gaveanews.com\/index.php\/wp-json\/wp\/v2\/media\/154451"}],"wp:attachment":[{"href":"https:\/\/www.gaveanews.com\/index.php\/wp-json\/wp\/v2\/media?parent=208409"}],"wp:term":[{"taxonomy":"category","embeddable":true,"href":"https:\/\/www.gaveanews.com\/index.php\/wp-json\/wp\/v2\/categories?post=208409"},{"taxonomy":"post_tag","embeddable":true,"href":"https:\/\/www.gaveanews.com\/index.php\/wp-json\/wp\/v2\/tags?post=208409"}],"curies":[{"name":"wp","href":"https:\/\/api.w.org\/{rel}","templated":true}]}}