{"id":208477,"date":"2025-01-07T03:10:00","date_gmt":"2025-01-07T06:10:00","guid":{"rendered":"https:\/\/www.gaveanews.com\/?p=208477"},"modified":"2025-01-06T23:21:25","modified_gmt":"2025-01-07T02:21:25","slug":"jogador-se-despede-do-sao-paulo","status":"publish","type":"post","link":"https:\/\/www.gaveanews.com\/index.php\/2025\/01\/07\/jogador-se-despede-do-sao-paulo\/","title":{"rendered":"Jogador se despede do S\u00e3o Paulo"},"content":{"rendered":"\n<p>O&nbsp;verdadeiro her\u00f3i que originou o t\u00edtulo da<strong> Copa do Brasil<\/strong> pelo S\u00e3o Paulo&nbsp;no ano de 2023, Rodrigo Nestor, deixa o clube por um empr\u00e9stimo v\u00e1lido at\u00e9 o final da atual temporada.<\/p>\n\n\n\n<ul class=\"wp-block-list\">\n<li><a href=\"https:\/\/www.gaveanews.com\/index.php\/2025\/01\/05\/oficial-sao-paulo-confirma-mais-uma-saida\/\">Oficial! S\u00e3o Paulo confirma mais uma sa\u00edda<\/a><\/li>\n\n\n\n<li><a href=\"https:\/\/www.gaveanews.com\/index.php\/2025\/01\/04\/sao-paulo-pode-atravessar-negociacao-do-gremio\/\">S\u00e3o Paulo pode atravessar negocia\u00e7\u00e3o do Gr\u00eamio<\/a><\/li>\n<\/ul>\n\n\n\n<h2 class=\"wp-block-heading\" id=\"h-foi-encaminhado-para-o-bahia\">Foi encaminhado para o Bahia<\/h2>\n\n\n\n<p>Sendo encaminhado para o Bahia, clube do Nordeste, que pagar\u00e1 o total de 1,5 milh\u00e3o de euros (cerca de R$ 9,5 milh\u00f5es &#8211; na cota\u00e7\u00e3o atual) pela negocia\u00e7\u00e3o do atleta. Caso Nestor atinja as metas estipuladas no contrato, o Tricolor baiano dever\u00e1 desembolsar mais 4,7 milh\u00f5es de euros (cerca de R$ 29,8 milh\u00f5es &#8211; na cota\u00e7\u00e3o atual).<\/p>\n\n\n\n<p>A diretoria do Esquadr\u00e3o de A\u00e7o consiga adquirir de forma definitiva o meio-campista para o clube, comandando atualmente por Rog\u00e9rio Ceni.<\/p>\n\n\n\n<h2 class=\"wp-block-heading\" id=\"h-se-despediu-do-sao-paulo\">Se despediu do S\u00e3o Paulo<\/h2>\n\n\n\n<figure class=\"wp-block-image size-full\"><img loading=\"lazy\" decoding=\"async\" width=\"799\" height=\"533\" src=\"https:\/\/www.gaveanews.com\/wp-content\/uploads\/Rodrigo-Nestor-durante-o-jogo-entre-Sao-Paulo-x-Vasco-pelo-Brasileirao-2023-no-Morumbi.webp\" alt=\"\" class=\"wp-image-153396\" srcset=\"https:\/\/www.gaveanews.com\/wp-content\/uploads\/Rodrigo-Nestor-durante-o-jogo-entre-Sao-Paulo-x-Vasco-pelo-Brasileirao-2023-no-Morumbi.webp 799w, https:\/\/www.gaveanews.com\/wp-content\/uploads\/Rodrigo-Nestor-durante-o-jogo-entre-Sao-Paulo-x-Vasco-pelo-Brasileirao-2023-no-Morumbi-300x200.webp 300w, https:\/\/www.gaveanews.com\/wp-content\/uploads\/Rodrigo-Nestor-durante-o-jogo-entre-Sao-Paulo-x-Vasco-pelo-Brasileirao-2023-no-Morumbi-768x512.webp 768w, https:\/\/www.gaveanews.com\/wp-content\/uploads\/Rodrigo-Nestor-durante-o-jogo-entre-Sao-Paulo-x-Vasco-pelo-Brasileirao-2023-no-Morumbi-630x420.webp 630w, https:\/\/www.gaveanews.com\/wp-content\/uploads\/Rodrigo-Nestor-durante-o-jogo-entre-Sao-Paulo-x-Vasco-pelo-Brasileirao-2023-no-Morumbi-640x427.webp 640w, https:\/\/www.gaveanews.com\/wp-content\/uploads\/Rodrigo-Nestor-durante-o-jogo-entre-Sao-Paulo-x-Vasco-pelo-Brasileirao-2023-no-Morumbi-681x454.webp 681w, https:\/\/www.gaveanews.com\/wp-content\/uploads\/Rodrigo-Nestor-durante-o-jogo-entre-Sao-Paulo-x-Vasco-pelo-Brasileirao-2023-no-Morumbi-100x67.webp 100w\" sizes=\"auto, (max-width: 799px) 100vw, 799px\" \/><figcaption class=\"wp-element-caption\">Rodrigo Nestor durante o jogo entre S\u00e3o Paulo x Vasco pelo Brasileir\u00e3o 2023 no Morumbi (Foto: Rubens Chiri\/S\u00e3o Paulo)<\/figcaption><\/figure>\n\n\n\n<p>Com isso, Rodrigo Nestor foi ao CT da Barra Funda, que pertence ao Tricolor Paulista, nesta segunda-feira (6) para assim poder se despedir do S\u00e3o Paulo.<\/p>\n\n\n\n<h2 class=\"wp-block-heading\" id=\"h-confira-a-despedida-do-atleta\">Confira a despedida do atleta:<\/h2>\n\n\n\n<blockquote class=\"twitter-tweet\"><p lang=\"pt\" dir=\"ltr\">Rodrigo Nestor se despedindo do S\u00e3o Paulo<br><br>Foto dos tr\u00eas t\u00edtulos que conquistou pelo clube no CT da Barra Funda <a href=\"https:\/\/t.co\/47qsndykP9\">pic.twitter.com\/47qsndykP9<\/a><\/p>&mdash; Eduardo Deconto (@eduardodeconto) <a href=\"https:\/\/twitter.com\/eduardodeconto\/status\/1876291876627906707?ref_src=twsrc%5Etfw\">January 6, 2025<\/a><\/blockquote> <script async src=\"https:\/\/platform.twitter.com\/widgets.js\" charset=\"utf-8\"><\/script>\n\n\n\n<h2 class=\"wp-block-heading\" id=\"h-se-consagrou-campeao-diversas-vezes\">Se consagrou campe\u00e3o diversas vezes<\/h2>\n\n\n\n<p>Obviamente eternizado na hist\u00f3ria do S\u00e3o Paulo e dos torcedores do clube como autor do gol do t\u00edtulo da Copa do Brasil sobre o Flamengo no dia 24 de setembro de 2023.<\/p>\n\n\n\n<p>Atualmente, Nestor deixar\u00e1 o clube ap\u00f3s participar de 219 jogos defendendo o S\u00e3o Paulo, somando o total de 12 gols e 26 assist\u00eancias para seus colegas do Tricolor.<\/p>\n\n\n\n<p>Ainda pelo clube que o revelou, o meia tamb\u00e9m foi campe\u00e3o do Paulist\u00e3o de 2021, da Supercopa do Brasil em 2024 e tamb\u00e9m da Copinha.<\/p>\n\n\n\n<h2 class=\"wp-block-heading\" id=\"h-a-ultima-temporada-de-nestor-no-sao-paulo\">A \u00faltima temporada de Nestor no S\u00e3o Paulo<\/h2>\n\n\n\n<p>Por\u00e9m, infelizmente, Nestor iniciou essa \u00faltima temporada estando de recupera\u00e7\u00e3o por conta de uma&nbsp;grave les\u00e3o no joelho esquerdo, sofrida ainda em 2023.<\/p>\n\n\n\n<p>Mas ainda assim, o meia voltou a jogar, sendo apenas no m\u00eas de abril, at\u00e9 conseguindo engatar uma sequ\u00eancia sob o comando de Luis Zubeld\u00eda logo no in\u00edcio do trabalho do argentino dentro do clube.<\/p>\n\n\n\n<p>J\u00e1 na sua reta final da temporada, infelizmnete foi de poucas oportunidades com o mesmo treinador do come\u00e7o do ano.<\/p>\n\n\n\n<h2 class=\"wp-block-heading\" id=\"h-virou-jogador-negociavel\">Virou jogador negoci\u00e1vel<\/h2>\n\n\n\n<p>Com isso, o meia virou um jogador negoci\u00e1vel para o ano de 2025, at\u00e9 pela necessidade do clube de vender atletas para esta temporada.<\/p>\n\n\n\n<p>Com a sa\u00edda do Nestor, \u00e9 atualmente nomeada como a d\u00e9cima primeira j\u00e1 confirmada pelo S\u00e3o Paulo para o ano de 2025.<\/p>\n","protected":false},"excerpt":{"rendered":"<p>O&nbsp;verdadeiro her\u00f3i que originou o t\u00edtulo da Copa do Brasil pelo S\u00e3o Paulo&nbsp;no ano de 2023, Rodrigo Nestor, deixa o clube por um empr\u00e9stimo v\u00e1lido at\u00e9 o final da atual temporada. Foi encaminhado para o Bahia Sendo encaminhado para o Bahia, clube do Nordeste, que pagar\u00e1 o total de 1,5 milh\u00e3o de euros (cerca de [&hellip;]<\/p>\n","protected":false},"author":22,"featured_media":154451,"comment_status":"open","ping_status":"closed","sticky":false,"template":"","format":"standard","meta":{"footnotes":""},"categories":[151],"tags":[],"class_list":["post-208477","post","type-post","status-publish","format-standard","has-post-thumbnail","hentry","category-sao-paulo"],"yoast_head":"<!-- This site is optimized with the Yoast SEO Premium plugin v24.2 (Yoast SEO v26.9) - https:\/\/yoast.com\/product\/yoast-seo-premium-wordpress\/ -->\n<title>Jogador se despede do S\u00e3o Paulo<\/title>\n<meta name=\"robots\" content=\"index, follow, max-snippet:-1, max-image-preview:large, max-video-preview:-1\" \/>\n<link rel=\"canonical\" href=\"https:\/\/www.gaveanews.com\/index.php\/2025\/01\/07\/jogador-se-despede-do-sao-paulo\/\" \/>\n<meta property=\"og:locale\" content=\"pt_BR\" \/>\n<meta property=\"og:type\" content=\"article\" \/>\n<meta property=\"og:title\" content=\"Jogador se despede do S\u00e3o Paulo\" \/>\n<meta property=\"og:description\" content=\"O&nbsp;verdadeiro her\u00f3i que originou o t\u00edtulo da Copa do Brasil pelo S\u00e3o Paulo&nbsp;no ano de 2023, Rodrigo Nestor, deixa o clube por um empr\u00e9stimo v\u00e1lido at\u00e9 o final da atual temporada. Foi encaminhado para o Bahia Sendo encaminhado para o Bahia, clube do Nordeste, que pagar\u00e1 o total de 1,5 milh\u00e3o de euros (cerca de [&hellip;]\" \/>\n<meta property=\"og:url\" content=\"https:\/\/www.gaveanews.com\/index.php\/2025\/01\/07\/jogador-se-despede-do-sao-paulo\/\" \/>\n<meta property=\"og:site_name\" content=\"G\u00e1vea News\" \/>\n<meta property=\"article:publisher\" content=\"https:\/\/facebook.com\/gaveaNews\/\" \/>\n<meta property=\"article:published_time\" content=\"2025-01-07T06:10:00+00:00\" \/>\n<meta property=\"og:image\" content=\"https:\/\/www.gaveanews.com\/wp-content\/uploads\/Escudo-do-Sao-Paulo.webp\" \/>\n\t<meta property=\"og:image:width\" content=\"977\" \/>\n\t<meta property=\"og:image:height\" content=\"651\" \/>\n\t<meta property=\"og:image:type\" content=\"image\/webp\" \/>\n<meta name=\"author\" content=\"Emilly Lima\" \/>\n<meta name=\"twitter:card\" content=\"summary_large_image\" \/>\n<meta name=\"twitter:label1\" content=\"Escrito por\" \/>\n\t<meta name=\"twitter:data1\" content=\"Emilly Lima\" \/>\n\t<meta name=\"twitter:label2\" content=\"Est. tempo de leitura\" \/>\n\t<meta name=\"twitter:data2\" content=\"3 minutos\" \/>\n<script type=\"application\/ld+json\" class=\"yoast-schema-graph\">{\"@context\":\"https:\/\/schema.org\",\"@graph\":[{\"@type\":\"NewsArticle\",\"@id\":\"https:\/\/www.gaveanews.com\/index.php\/2025\/01\/07\/jogador-se-despede-do-sao-paulo\/#article\",\"isPartOf\":{\"@id\":\"https:\/\/www.gaveanews.com\/index.php\/2025\/01\/07\/jogador-se-despede-do-sao-paulo\/\"},\"author\":{\"name\":\"Emilly Lima\",\"@id\":\"https:\/\/www.gaveanews.com\/#\/schema\/person\/8597dbe3f4d8513dd20048ce95a1895b\"},\"headline\":\"Jogador se despede do S\u00e3o Paulo\",\"datePublished\":\"2025-01-07T06:10:00+00:00\",\"mainEntityOfPage\":{\"@id\":\"https:\/\/www.gaveanews.com\/index.php\/2025\/01\/07\/jogador-se-despede-do-sao-paulo\/\"},\"wordCount\":485,\"commentCount\":0,\"image\":{\"@id\":\"https:\/\/www.gaveanews.com\/index.php\/2025\/01\/07\/jogador-se-despede-do-sao-paulo\/#primaryimage\"},\"thumbnailUrl\":\"https:\/\/www.gaveanews.com\/wp-content\/uploads\/Escudo-do-Sao-Paulo.webp\",\"articleSection\":[\"S\u00e3o Paulo\"],\"inLanguage\":\"pt-BR\",\"potentialAction\":[{\"@type\":\"CommentAction\",\"name\":\"Comment\",\"target\":[\"https:\/\/www.gaveanews.com\/index.php\/2025\/01\/07\/jogador-se-despede-do-sao-paulo\/#respond\"]}],\"copyrightYear\":\"2025\",\"copyrightHolder\":{\"@id\":\"https:\/\/www.gaveanews.com\/#organization\"}},{\"@type\":\"WebPage\",\"@id\":\"https:\/\/www.gaveanews.com\/index.php\/2025\/01\/07\/jogador-se-despede-do-sao-paulo\/\",\"url\":\"https:\/\/www.gaveanews.com\/index.php\/2025\/01\/07\/jogador-se-despede-do-sao-paulo\/\",\"name\":\"Jogador se despede do S\u00e3o Paulo\",\"isPartOf\":{\"@id\":\"https:\/\/www.gaveanews.com\/#website\"},\"primaryImageOfPage\":{\"@id\":\"https:\/\/www.gaveanews.com\/index.php\/2025\/01\/07\/jogador-se-despede-do-sao-paulo\/#primaryimage\"},\"image\":{\"@id\":\"https:\/\/www.gaveanews.com\/index.php\/2025\/01\/07\/jogador-se-despede-do-sao-paulo\/#primaryimage\"},\"thumbnailUrl\":\"https:\/\/www.gaveanews.com\/wp-content\/uploads\/Escudo-do-Sao-Paulo.webp\",\"datePublished\":\"2025-01-07T06:10:00+00:00\",\"author\":{\"@id\":\"https:\/\/www.gaveanews.com\/#\/schema\/person\/8597dbe3f4d8513dd20048ce95a1895b\"},\"breadcrumb\":{\"@id\":\"https:\/\/www.gaveanews.com\/index.php\/2025\/01\/07\/jogador-se-despede-do-sao-paulo\/#breadcrumb\"},\"inLanguage\":\"pt-BR\",\"potentialAction\":[{\"@type\":\"ReadAction\",\"target\":[\"https:\/\/www.gaveanews.com\/index.php\/2025\/01\/07\/jogador-se-despede-do-sao-paulo\/\"]}]},{\"@type\":\"ImageObject\",\"inLanguage\":\"pt-BR\",\"@id\":\"https:\/\/www.gaveanews.com\/index.php\/2025\/01\/07\/jogador-se-despede-do-sao-paulo\/#primaryimage\",\"url\":\"https:\/\/www.gaveanews.com\/wp-content\/uploads\/Escudo-do-Sao-Paulo.webp\",\"contentUrl\":\"https:\/\/www.gaveanews.com\/wp-content\/uploads\/Escudo-do-Sao-Paulo.webp\",\"width\":977,\"height\":651,\"caption\":\"Escudo do S\u00e3o Paulo (Foto: Reprodu\u00e7\u00e3o\/S\u00e3o Paulo)\"},{\"@type\":\"BreadcrumbList\",\"@id\":\"https:\/\/www.gaveanews.com\/index.php\/2025\/01\/07\/jogador-se-despede-do-sao-paulo\/#breadcrumb\",\"itemListElement\":[{\"@type\":\"ListItem\",\"position\":1,\"name\":\"Home\",\"item\":\"https:\/\/www.gaveanews.com\/\"},{\"@type\":\"ListItem\",\"position\":2,\"name\":\"Jogador se despede do S\u00e3o Paulo\"}]},{\"@type\":\"WebSite\",\"@id\":\"https:\/\/www.gaveanews.com\/#website\",\"url\":\"https:\/\/www.gaveanews.com\/\",\"name\":\"G\u00e1vea News\",\"description\":\"Veja todas as not\u00edcias sobre o Flamengo: Contrata\u00e7\u00f5es, categorias de base, resultados das partidas, tabela de classifica\u00e7\u00e3o, pr\u00f3ximos jogos!\",\"potentialAction\":[{\"@type\":\"SearchAction\",\"target\":{\"@type\":\"EntryPoint\",\"urlTemplate\":\"https:\/\/www.gaveanews.com\/?s={search_term_string}\"},\"query-input\":{\"@type\":\"PropertyValueSpecification\",\"valueRequired\":true,\"valueName\":\"search_term_string\"}}],\"inLanguage\":\"pt-BR\"},{\"@type\":\"Person\",\"@id\":\"https:\/\/www.gaveanews.com\/#\/schema\/person\/8597dbe3f4d8513dd20048ce95a1895b\",\"name\":\"Emilly Lima\",\"image\":{\"@type\":\"ImageObject\",\"inLanguage\":\"pt-BR\",\"@id\":\"https:\/\/www.gaveanews.com\/#\/schema\/person\/image\/\",\"url\":\"https:\/\/secure.gravatar.com\/avatar\/ddb4d0548bae01de3cb52e0fe30386754e9c41797565aa0a5bf4440ab4f7c0be?s=96&d=mm&r=g\",\"contentUrl\":\"https:\/\/secure.gravatar.com\/avatar\/ddb4d0548bae01de3cb52e0fe30386754e9c41797565aa0a5bf4440ab4f7c0be?s=96&d=mm&r=g\",\"caption\":\"Emilly Lima\"}}]}<\/script>\n<!-- \/ Yoast SEO Premium plugin. -->","yoast_head_json":{"title":"Jogador se despede do S\u00e3o Paulo","robots":{"index":"index","follow":"follow","max-snippet":"max-snippet:-1","max-image-preview":"max-image-preview:large","max-video-preview":"max-video-preview:-1"},"canonical":"https:\/\/www.gaveanews.com\/index.php\/2025\/01\/07\/jogador-se-despede-do-sao-paulo\/","og_locale":"pt_BR","og_type":"article","og_title":"Jogador se despede do S\u00e3o Paulo","og_description":"O&nbsp;verdadeiro her\u00f3i que originou o t\u00edtulo da Copa do Brasil pelo S\u00e3o Paulo&nbsp;no ano de 2023, Rodrigo Nestor, deixa o clube por um empr\u00e9stimo v\u00e1lido at\u00e9 o final da atual temporada. Foi encaminhado para o Bahia Sendo encaminhado para o Bahia, clube do Nordeste, que pagar\u00e1 o total de 1,5 milh\u00e3o de euros (cerca de [&hellip;]","og_url":"https:\/\/www.gaveanews.com\/index.php\/2025\/01\/07\/jogador-se-despede-do-sao-paulo\/","og_site_name":"G\u00e1vea News","article_publisher":"https:\/\/facebook.com\/gaveaNews\/","article_published_time":"2025-01-07T06:10:00+00:00","og_image":[{"width":977,"height":651,"url":"https:\/\/www.gaveanews.com\/wp-content\/uploads\/Escudo-do-Sao-Paulo.webp","type":"image\/webp"}],"author":"Emilly Lima","twitter_card":"summary_large_image","twitter_misc":{"Escrito por":"Emilly Lima","Est. tempo de leitura":"3 minutos"},"schema":{"@context":"https:\/\/schema.org","@graph":[{"@type":"NewsArticle","@id":"https:\/\/www.gaveanews.com\/index.php\/2025\/01\/07\/jogador-se-despede-do-sao-paulo\/#article","isPartOf":{"@id":"https:\/\/www.gaveanews.com\/index.php\/2025\/01\/07\/jogador-se-despede-do-sao-paulo\/"},"author":{"name":"Emilly Lima","@id":"https:\/\/www.gaveanews.com\/#\/schema\/person\/8597dbe3f4d8513dd20048ce95a1895b"},"headline":"Jogador se despede do S\u00e3o Paulo","datePublished":"2025-01-07T06:10:00+00:00","mainEntityOfPage":{"@id":"https:\/\/www.gaveanews.com\/index.php\/2025\/01\/07\/jogador-se-despede-do-sao-paulo\/"},"wordCount":485,"commentCount":0,"image":{"@id":"https:\/\/www.gaveanews.com\/index.php\/2025\/01\/07\/jogador-se-despede-do-sao-paulo\/#primaryimage"},"thumbnailUrl":"https:\/\/www.gaveanews.com\/wp-content\/uploads\/Escudo-do-Sao-Paulo.webp","articleSection":["S\u00e3o Paulo"],"inLanguage":"pt-BR","potentialAction":[{"@type":"CommentAction","name":"Comment","target":["https:\/\/www.gaveanews.com\/index.php\/2025\/01\/07\/jogador-se-despede-do-sao-paulo\/#respond"]}],"copyrightYear":"2025","copyrightHolder":{"@id":"https:\/\/www.gaveanews.com\/#organization"}},{"@type":"WebPage","@id":"https:\/\/www.gaveanews.com\/index.php\/2025\/01\/07\/jogador-se-despede-do-sao-paulo\/","url":"https:\/\/www.gaveanews.com\/index.php\/2025\/01\/07\/jogador-se-despede-do-sao-paulo\/","name":"Jogador se despede do S\u00e3o Paulo","isPartOf":{"@id":"https:\/\/www.gaveanews.com\/#website"},"primaryImageOfPage":{"@id":"https:\/\/www.gaveanews.com\/index.php\/2025\/01\/07\/jogador-se-despede-do-sao-paulo\/#primaryimage"},"image":{"@id":"https:\/\/www.gaveanews.com\/index.php\/2025\/01\/07\/jogador-se-despede-do-sao-paulo\/#primaryimage"},"thumbnailUrl":"https:\/\/www.gaveanews.com\/wp-content\/uploads\/Escudo-do-Sao-Paulo.webp","datePublished":"2025-01-07T06:10:00+00:00","author":{"@id":"https:\/\/www.gaveanews.com\/#\/schema\/person\/8597dbe3f4d8513dd20048ce95a1895b"},"breadcrumb":{"@id":"https:\/\/www.gaveanews.com\/index.php\/2025\/01\/07\/jogador-se-despede-do-sao-paulo\/#breadcrumb"},"inLanguage":"pt-BR","potentialAction":[{"@type":"ReadAction","target":["https:\/\/www.gaveanews.com\/index.php\/2025\/01\/07\/jogador-se-despede-do-sao-paulo\/"]}]},{"@type":"ImageObject","inLanguage":"pt-BR","@id":"https:\/\/www.gaveanews.com\/index.php\/2025\/01\/07\/jogador-se-despede-do-sao-paulo\/#primaryimage","url":"https:\/\/www.gaveanews.com\/wp-content\/uploads\/Escudo-do-Sao-Paulo.webp","contentUrl":"https:\/\/www.gaveanews.com\/wp-content\/uploads\/Escudo-do-Sao-Paulo.webp","width":977,"height":651,"caption":"Escudo do S\u00e3o Paulo (Foto: Reprodu\u00e7\u00e3o\/S\u00e3o Paulo)"},{"@type":"BreadcrumbList","@id":"https:\/\/www.gaveanews.com\/index.php\/2025\/01\/07\/jogador-se-despede-do-sao-paulo\/#breadcrumb","itemListElement":[{"@type":"ListItem","position":1,"name":"Home","item":"https:\/\/www.gaveanews.com\/"},{"@type":"ListItem","position":2,"name":"Jogador se despede do S\u00e3o Paulo"}]},{"@type":"WebSite","@id":"https:\/\/www.gaveanews.com\/#website","url":"https:\/\/www.gaveanews.com\/","name":"G\u00e1vea News","description":"Veja todas as not\u00edcias sobre o Flamengo: Contrata\u00e7\u00f5es, categorias de base, resultados das partidas, tabela de classifica\u00e7\u00e3o, pr\u00f3ximos jogos!","potentialAction":[{"@type":"SearchAction","target":{"@type":"EntryPoint","urlTemplate":"https:\/\/www.gaveanews.com\/?s={search_term_string}"},"query-input":{"@type":"PropertyValueSpecification","valueRequired":true,"valueName":"search_term_string"}}],"inLanguage":"pt-BR"},{"@type":"Person","@id":"https:\/\/www.gaveanews.com\/#\/schema\/person\/8597dbe3f4d8513dd20048ce95a1895b","name":"Emilly Lima","image":{"@type":"ImageObject","inLanguage":"pt-BR","@id":"https:\/\/www.gaveanews.com\/#\/schema\/person\/image\/","url":"https:\/\/secure.gravatar.com\/avatar\/ddb4d0548bae01de3cb52e0fe30386754e9c41797565aa0a5bf4440ab4f7c0be?s=96&d=mm&r=g","contentUrl":"https:\/\/secure.gravatar.com\/avatar\/ddb4d0548bae01de3cb52e0fe30386754e9c41797565aa0a5bf4440ab4f7c0be?s=96&d=mm&r=g","caption":"Emilly Lima"}}]}},"_links":{"self":[{"href":"https:\/\/www.gaveanews.com\/index.php\/wp-json\/wp\/v2\/posts\/208477","targetHints":{"allow":["GET"]}}],"collection":[{"href":"https:\/\/www.gaveanews.com\/index.php\/wp-json\/wp\/v2\/posts"}],"about":[{"href":"https:\/\/www.gaveanews.com\/index.php\/wp-json\/wp\/v2\/types\/post"}],"author":[{"embeddable":true,"href":"https:\/\/www.gaveanews.com\/index.php\/wp-json\/wp\/v2\/users\/22"}],"replies":[{"embeddable":true,"href":"https:\/\/www.gaveanews.com\/index.php\/wp-json\/wp\/v2\/comments?post=208477"}],"version-history":[{"count":3,"href":"https:\/\/www.gaveanews.com\/index.php\/wp-json\/wp\/v2\/posts\/208477\/revisions"}],"predecessor-version":[{"id":208666,"href":"https:\/\/www.gaveanews.com\/index.php\/wp-json\/wp\/v2\/posts\/208477\/revisions\/208666"}],"wp:featuredmedia":[{"embeddable":true,"href":"https:\/\/www.gaveanews.com\/index.php\/wp-json\/wp\/v2\/media\/154451"}],"wp:attachment":[{"href":"https:\/\/www.gaveanews.com\/index.php\/wp-json\/wp\/v2\/media?parent=208477"}],"wp:term":[{"taxonomy":"category","embeddable":true,"href":"https:\/\/www.gaveanews.com\/index.php\/wp-json\/wp\/v2\/categories?post=208477"},{"taxonomy":"post_tag","embeddable":true,"href":"https:\/\/www.gaveanews.com\/index.php\/wp-json\/wp\/v2\/tags?post=208477"}],"curies":[{"name":"wp","href":"https:\/\/api.w.org\/{rel}","templated":true}]}}