{"id":208542,"date":"2025-01-06T20:55:00","date_gmt":"2025-01-06T23:55:00","guid":{"rendered":"https:\/\/www.gaveanews.com\/?p=208542"},"modified":"2025-01-06T20:56:39","modified_gmt":"2025-01-06T23:56:39","slug":"jogadores-sem-contrato-reforco-internacional-e-atletas-mais-legais-as-ultimas-noticias-do-fortaleza","status":"publish","type":"post","link":"https:\/\/www.gaveanews.com\/index.php\/2025\/01\/06\/jogadores-sem-contrato-reforco-internacional-e-atletas-mais-legais-as-ultimas-noticias-do-fortaleza\/","title":{"rendered":"Jogadores sem contrato, refor\u00e7o internacional e atletas mais legais: as \u00faltimas not\u00edcias do Fortaleza"},"content":{"rendered":"\n<p>Nas \u00faltimas horas, o foco das not\u00edcias sobre o Fortaleza se concentram nos bastidores do clube, com destaques do dia a dia do time.<\/p>\n\n\n\n<p>Por conta deste contexto, leia abaixo um resumo preparado pela equipe do portal G\u00e1vea News para lhe manter muito bem informado!<\/p>\n\n\n\n<h2 class=\"wp-block-heading\" id=\"h-atletas-mais-legais\">Atletas mais legais<\/h2>\n\n\n\n<p>Uma pesquisa realizada pelo site UOL, com 38 atletas da S\u00e9rie A do Brasileir\u00e3o, destacou os jogadores mais &#8220;gente boa&#8221; do futebol brasileiro. A lista, composta por 11 nomes que receberam 2,7% dos votos cada, incluiu figuras carism\u00e1ticas como Rony, atacante do Palmeiras, conhecido por sua irrever\u00eancia e pela busca de um gol de bicicleta, e Rodrigo Caio, zagueiro do Gr\u00eamio, famoso por suas atitudes de fair play <strong><a href=\"https:\/\/www.gaveanews.com\/index.php\/2024\/12\/31\/flaco-lopez-gabriel-mercado-gustavo-scarpa-james-rodriguez-kanu-leo-ortiz-lucas-silva-madson-matheus-henrique-rodrigo-caio-e-rony-os-jogadores-mais-legais-do-futebol-brasileiro\/\">(leia a mat\u00e9ria completa).<\/a><\/strong><\/p>\n\n\n\n<figure class=\"wp-block-image size-full\"><img loading=\"lazy\" decoding=\"async\" width=\"729\" height=\"400\" src=\"https:\/\/www.gaveanews.com\/wp-content\/uploads\/rony-no-palmeiras-729x400-1.webp\" alt=\"\" class=\"wp-image-143006\" srcset=\"https:\/\/www.gaveanews.com\/wp-content\/uploads\/rony-no-palmeiras-729x400-1.webp 729w, https:\/\/www.gaveanews.com\/wp-content\/uploads\/rony-no-palmeiras-729x400-1-300x165.webp 300w, https:\/\/www.gaveanews.com\/wp-content\/uploads\/rony-no-palmeiras-729x400-1-640x350.webp 640w, https:\/\/www.gaveanews.com\/wp-content\/uploads\/rony-no-palmeiras-729x400-1-681x374.webp 681w, https:\/\/www.gaveanews.com\/wp-content\/uploads\/rony-no-palmeiras-729x400-1-100x55.webp 100w\" sizes=\"auto, (max-width: 729px) 100vw, 729px\" \/><\/figure>\n\n\n\n<p>Entre outros citados, Gustavo Scarpa, atualmente no Atl\u00e9tico-MG, foi lembrado por seu bom humor e h\u00e1bitos inusitados, como ler e andar de skate. James Rodr\u00edguez, ex-S\u00e3o Paulo, tamb\u00e9m figurou na lista, apesar de sua breve passagem pelo Brasil. <\/p>\n\n\n\n<p>Flaco L\u00f3pez, atacante do Palmeiras, teve destaque em 2024, com 22 gols e 7 assist\u00eancias, conquistando admira\u00e7\u00e3o dentro e fora de campo.<\/p>\n\n\n\n<p>Nomes como Madson (Athletico-PR), Lucas Silva (Cruzeiro) e Gabriel Mercado (Internacional) refor\u00e7am o ranking, que valoriza a camaradagem no futebol. Independentemente de times e posi\u00e7\u00f5es, esses jogadores conquistaram n\u00e3o apenas torcedores, mas tamb\u00e9m o respeito e a simpatia de seus colegas, mostrando que carisma e profissionalismo tamb\u00e9m fazem parte do jogo.<\/p>\n\n\n\n<h2 class=\"wp-block-heading\" id=\"h-reforco-internacional\">Refor\u00e7o internacional<\/h2>\n\n\n\n<p>O Fortaleza anunciou a contrata\u00e7\u00e3o do volante argentino Guillermo \u201cPol\u201d Fern\u00e1ndez, de 33 anos, em um contrato v\u00e1lido at\u00e9 o final de 2026, com possibilidade de renova\u00e7\u00e3o por mais um ano. Ex-capit\u00e3o do Boca Juniors, onde se destacou nas \u00faltimas tr\u00eas temporadas, Pol recusou a renova\u00e7\u00e3o com o clube argentino e optou pelo projeto ambicioso do Fortaleza. O jogador ser\u00e1 apresentado oficialmente no dia 8 de janeiro, marcando o in\u00edcio da pr\u00e9-temporada do Le\u00e3o do Pici <strong><a href=\"https:\/\/www.gaveanews.com\/index.php\/2025\/01\/02\/fortaleza-anuncia-reforco-internacional\/\">(leia a mat\u00e9ria completa).<\/a><\/strong><\/p>\n\n\n\n<blockquote class=\"instagram-media\" data-instgrm-permalink=\"https:\/\/www.instagram.com\/reel\/DERF1A2sbsX\/?utm_source=ig_embed&amp;utm_campaign=loading\" data-instgrm-version=\"14\" style=\" background:#FFF; border:0; border-radius:3px; box-shadow:0 0 1px 0 rgba(0,0,0,0.5),0 1px 10px 0 rgba(0,0,0,0.15); margin: 1px; max-width:540px; min-width:326px; padding:0; width:99.375%; width:-webkit-calc(100% - 2px); width:calc(100% - 2px);\"><div style=\"padding:16px;\"> <a href=\"https:\/\/www.instagram.com\/reel\/DERF1A2sbsX\/?utm_source=ig_embed&amp;utm_campaign=loading\" style=\" background:#FFFFFF; line-height:0; padding:0 0; text-align:center; text-decoration:none; width:100%;\" target=\"_blank\"> <div style=\" display: flex; flex-direction: row; align-items: center;\"> <div style=\"background-color: #F4F4F4; border-radius: 50%; flex-grow: 0; height: 40px; margin-right: 14px; width: 40px;\"><\/div> <div style=\"display: flex; flex-direction: column; flex-grow: 1; justify-content: center;\"> <div style=\" background-color: #F4F4F4; border-radius: 4px; flex-grow: 0; height: 14px; margin-bottom: 6px; width: 100px;\"><\/div> <div style=\" background-color: #F4F4F4; border-radius: 4px; flex-grow: 0; height: 14px; width: 60px;\"><\/div><\/div><\/div><div style=\"padding: 19% 0;\"><\/div> <div style=\"display:block; height:50px; margin:0 auto 12px; width:50px;\"><svg width=\"50px\" height=\"50px\" viewBox=\"0 0 60 60\" version=\"1.1\" xmlns=\"https:\/\/www.w3.org\/2000\/svg\" xmlns:xlink=\"https:\/\/www.w3.org\/1999\/xlink\"><g stroke=\"none\" stroke-width=\"1\" fill=\"none\" fill-rule=\"evenodd\"><g transform=\"translate(-511.000000, -20.000000)\" fill=\"#000000\"><g><path d=\"M556.869,30.41 C554.814,30.41 553.148,32.076 553.148,34.131 C553.148,36.186 554.814,37.852 556.869,37.852 C558.924,37.852 560.59,36.186 560.59,34.131 C560.59,32.076 558.924,30.41 556.869,30.41 M541,60.657 C535.114,60.657 530.342,55.887 530.342,50 C530.342,44.114 535.114,39.342 541,39.342 C546.887,39.342 551.658,44.114 551.658,50 C551.658,55.887 546.887,60.657 541,60.657 M541,33.886 C532.1,33.886 524.886,41.1 524.886,50 C524.886,58.899 532.1,66.113 541,66.113 C549.9,66.113 557.115,58.899 557.115,50 C557.115,41.1 549.9,33.886 541,33.886 M565.378,62.101 C565.244,65.022 564.756,66.606 564.346,67.663 C563.803,69.06 563.154,70.057 562.106,71.106 C561.058,72.155 560.06,72.803 558.662,73.347 C557.607,73.757 556.021,74.244 553.102,74.378 C549.944,74.521 548.997,74.552 541,74.552 C533.003,74.552 532.056,74.521 528.898,74.378 C525.979,74.244 524.393,73.757 523.338,73.347 C521.94,72.803 520.942,72.155 519.894,71.106 C518.846,70.057 518.197,69.06 517.654,67.663 C517.244,66.606 516.755,65.022 516.623,62.101 C516.479,58.943 516.448,57.996 516.448,50 C516.448,42.003 516.479,41.056 516.623,37.899 C516.755,34.978 517.244,33.391 517.654,32.338 C518.197,30.938 518.846,29.942 519.894,28.894 C520.942,27.846 521.94,27.196 523.338,26.654 C524.393,26.244 525.979,25.756 528.898,25.623 C532.057,25.479 533.004,25.448 541,25.448 C548.997,25.448 549.943,25.479 553.102,25.623 C556.021,25.756 557.607,26.244 558.662,26.654 C560.06,27.196 561.058,27.846 562.106,28.894 C563.154,29.942 563.803,30.938 564.346,32.338 C564.756,33.391 565.244,34.978 565.378,37.899 C565.522,41.056 565.552,42.003 565.552,50 C565.552,57.996 565.522,58.943 565.378,62.101 M570.82,37.631 C570.674,34.438 570.167,32.258 569.425,30.349 C568.659,28.377 567.633,26.702 565.965,25.035 C564.297,23.368 562.623,22.342 560.652,21.575 C558.743,20.834 556.562,20.326 553.369,20.18 C550.169,20.033 549.148,20 541,20 C532.853,20 531.831,20.033 528.631,20.18 C525.438,20.326 523.257,20.834 521.349,21.575 C519.376,22.342 517.703,23.368 516.035,25.035 C514.368,26.702 513.342,28.377 512.574,30.349 C511.834,32.258 511.326,34.438 511.181,37.631 C511.035,40.831 511,41.851 511,50 C511,58.147 511.035,59.17 511.181,62.369 C511.326,65.562 511.834,67.743 512.574,69.651 C513.342,71.625 514.368,73.296 516.035,74.965 C517.703,76.634 519.376,77.658 521.349,78.425 C523.257,79.167 525.438,79.673 528.631,79.82 C531.831,79.965 532.853,80.001 541,80.001 C549.148,80.001 550.169,79.965 553.369,79.82 C556.562,79.673 558.743,79.167 560.652,78.425 C562.623,77.658 564.297,76.634 565.965,74.965 C567.633,73.296 568.659,71.625 569.425,69.651 C570.167,67.743 570.674,65.562 570.82,62.369 C570.966,59.17 571,58.147 571,50 C571,41.851 570.966,40.831 570.82,37.631\"><\/path><\/g><\/g><\/g><\/svg><\/div><div style=\"padding-top: 8px;\"> <div style=\" color:#3897f0; font-family:Arial,sans-serif; font-size:14px; font-style:normal; font-weight:550; line-height:18px;\">Ver essa foto no Instagram<\/div><\/div><div style=\"padding: 12.5% 0;\"><\/div> <div style=\"display: flex; flex-direction: row; margin-bottom: 14px; align-items: center;\"><div> <div style=\"background-color: #F4F4F4; border-radius: 50%; height: 12.5px; width: 12.5px; transform: translateX(0px) translateY(7px);\"><\/div> <div style=\"background-color: #F4F4F4; height: 12.5px; transform: rotate(-45deg) translateX(3px) translateY(1px); width: 12.5px; flex-grow: 0; margin-right: 14px; margin-left: 2px;\"><\/div> <div style=\"background-color: #F4F4F4; border-radius: 50%; height: 12.5px; width: 12.5px; transform: translateX(9px) translateY(-18px);\"><\/div><\/div><div style=\"margin-left: 8px;\"> <div style=\" background-color: #F4F4F4; border-radius: 50%; flex-grow: 0; height: 20px; width: 20px;\"><\/div> <div style=\" width: 0; height: 0; border-top: 2px solid transparent; border-left: 6px solid #f4f4f4; border-bottom: 2px solid transparent; transform: translateX(16px) translateY(-4px) rotate(30deg)\"><\/div><\/div><div style=\"margin-left: auto;\"> <div style=\" width: 0px; border-top: 8px solid #F4F4F4; border-right: 8px solid transparent; transform: translateY(16px);\"><\/div> <div style=\" background-color: #F4F4F4; flex-grow: 0; height: 12px; width: 16px; transform: translateY(-4px);\"><\/div> <div style=\" width: 0; height: 0; border-top: 8px solid #F4F4F4; border-left: 8px solid transparent; transform: translateY(-4px) translateX(8px);\"><\/div><\/div><\/div> <div style=\"display: flex; flex-direction: column; flex-grow: 1; justify-content: center; margin-bottom: 24px;\"> <div style=\" background-color: #F4F4F4; border-radius: 4px; flex-grow: 0; height: 14px; margin-bottom: 6px; width: 224px;\"><\/div> <div style=\" background-color: #F4F4F4; border-radius: 4px; flex-grow: 0; height: 14px; width: 144px;\"><\/div><\/div><\/a><p style=\" color:#c9c8cd; font-family:Arial,sans-serif; font-size:14px; line-height:17px; margin-bottom:0; margin-top:8px; overflow:hidden; padding:8px 0 7px; text-align:center; text-overflow:ellipsis; white-space:nowrap;\"><a href=\"https:\/\/www.instagram.com\/reel\/DERF1A2sbsX\/?utm_source=ig_embed&amp;utm_campaign=loading\" style=\" color:#c9c8cd; font-family:Arial,sans-serif; font-size:14px; font-style:normal; font-weight:normal; line-height:17px; text-decoration:none;\" target=\"_blank\">Uma publica\u00e7\u00e3o compartilhada por Fortaleza Esporte Clube (@fortalezaec)<\/a><\/p><\/div><\/blockquote>\n<script async src=\"\/\/www.instagram.com\/embed.js\"><\/script>\n\n\n\n<p>A chegada de Pol Fern\u00e1ndez foi comemorada pela diretoria, que destacou sua lideran\u00e7a e caracter\u00edsticas de um volante moderno, com forte marca\u00e7\u00e3o, bom passe e intensidade. A contrata\u00e7\u00e3o refor\u00e7a o elenco do Fortaleza, que se prepara para uma temporada importante, incluindo o Campeonato Cearense e competi\u00e7\u00f5es nacionais. O S\u00e3o Paulo tamb\u00e9m demonstrou interesse no atleta, mas o Fortaleza conseguiu convenc\u00ea-lo a integrar seu projeto.<\/p>\n\n\n\n<p>O clube inicia oficialmente sua temporada no dia 25 de janeiro contra o Horizonte, pelo Campeonato Cearense, mas antes disso, realizar\u00e1 um amistoso contra o Atl\u00e9tico Nacional de Medell\u00edn no dia 19. A chegada de Pol Fern\u00e1ndez \u00e9 vista como um grande refor\u00e7o, e a expectativa \u00e9 que ele desempenhe um papel crucial na busca por t\u00edtulos em 2025.<\/p>\n\n\n\n<h2 class=\"wp-block-heading\" id=\"h-jogadores-sem-contrato\">Jogadores sem contrato<\/h2>\n\n\n\n<p>Com o in\u00edcio de 2025 e o per\u00edodo de recesso no futebol brasileiro, diversos jogadores conhecidos est\u00e3o sem contrato, aguardando oportunidades no mercado. Entre os destaques est\u00e3o Fernandinho, que n\u00e3o renovou com o Athletico ap\u00f3s o rebaixamento do clube, Marcelo, que deixou o Fluminense, e David Luiz, que n\u00e3o chegou a um acordo com o Flamengo. Diego Costa, ex-Gr\u00eamio, e Felipe Melo, que n\u00e3o renovou com o Fluminense, tamb\u00e9m integram a lista de atletas dispon\u00edveis<strong><a href=\"https:\/\/www.gaveanews.com\/index.php\/2025\/01\/02\/fernandinho-marcelo-david-luiz-diego-costa-felipe-melo-vargas-walter-marcal-rene-nikao-mauricio-lemos-mariano-victor-cuesta-rafael-cabral-alan-kardec-muriel-rodrigo-caio-luiz-adriano\/\"> (leia a mat\u00e9ria completa).<\/a><\/strong><\/p>\n\n\n\n<figure class=\"wp-block-image size-full\"><img loading=\"lazy\" decoding=\"async\" width=\"730\" height=\"600\" src=\"https:\/\/www.gaveanews.com\/wp-content\/uploads\/Escudo-do-Fortaleza.webp\" alt=\"\" class=\"wp-image-155748\" srcset=\"https:\/\/www.gaveanews.com\/wp-content\/uploads\/Escudo-do-Fortaleza.webp 730w, https:\/\/www.gaveanews.com\/wp-content\/uploads\/Escudo-do-Fortaleza-300x247.webp 300w, https:\/\/www.gaveanews.com\/wp-content\/uploads\/Escudo-do-Fortaleza-511x420.webp 511w, https:\/\/www.gaveanews.com\/wp-content\/uploads\/Escudo-do-Fortaleza-640x526.webp 640w, https:\/\/www.gaveanews.com\/wp-content\/uploads\/Escudo-do-Fortaleza-681x560.webp 681w, https:\/\/www.gaveanews.com\/wp-content\/uploads\/Escudo-do-Fortaleza-100x82.webp 100w\" sizes=\"auto, (max-width: 730px) 100vw, 730px\" \/><figcaption class=\"wp-element-caption\">Escudo do Fortaleza (Foto: Reprodu\u00e7\u00e3o)<\/figcaption><\/figure>\n\n\n\n<p>Outros nomes de peso incluem Vargas, ex-Atl\u00e9tico-MG, e Mar\u00e7al, que conquistou t\u00edtulos pelo Botafogo. Na defesa, o mercado conta com jogadores experientes como Victor Cuesta, Maur\u00edcio Lemos e Rodrigo Caio. Al\u00e9m disso, goleiros como Rafael Cabral e Muriel tamb\u00e9m est\u00e3o \u00e0 procura de novos desafios. No ataque, Alan Kardec e Luiz Adriano buscam equipes para dar continuidade \u00e0s suas carreiras em 2025.<\/p>\n\n\n\n<p>Com muitos clubes reestruturando seus elencos, \u00e9 esperado que esses jogadores sejam procurados por equipes da S\u00e9rie A e B, tanto para trazer experi\u00eancia quanto para compor o elenco. As movimenta\u00e7\u00f5es no mercado prometem ser intensas nas pr\u00f3ximas semanas, com os clubes analisando cuidadosamente suas op\u00e7\u00f5es antes do in\u00edcio das competi\u00e7\u00f5es nacionais e internacionais.<\/p>\n","protected":false},"excerpt":{"rendered":"<p>Nas \u00faltimas horas, o foco das not\u00edcias sobre o Fortaleza se concentram nos bastidores do clube, com destaques do dia a dia do time. Por conta deste contexto, leia abaixo um resumo preparado pela equipe do portal G\u00e1vea News para lhe manter muito bem informado! Atletas mais legais Uma pesquisa realizada pelo site UOL, com [&hellip;]<\/p>\n","protected":false},"author":27,"featured_media":169822,"comment_status":"open","ping_status":"closed","sticky":false,"template":"","format":"standard","meta":{"footnotes":""},"categories":[146],"tags":[],"class_list":["post-208542","post","type-post","status-publish","format-standard","has-post-thumbnail","hentry","category-fortaleza"],"yoast_head":"<!-- This site is optimized with the Yoast SEO Premium plugin v24.2 (Yoast SEO v26.9) - https:\/\/yoast.com\/product\/yoast-seo-premium-wordpress\/ -->\n<title>Jogadores sem contrato, refor\u00e7o internacional e atletas mais legais: as \u00faltimas not\u00edcias do Fortaleza<\/title>\n<meta name=\"robots\" content=\"index, follow, max-snippet:-1, max-image-preview:large, max-video-preview:-1\" \/>\n<link rel=\"canonical\" href=\"https:\/\/www.gaveanews.com\/index.php\/2025\/01\/06\/jogadores-sem-contrato-reforco-internacional-e-atletas-mais-legais-as-ultimas-noticias-do-fortaleza\/\" \/>\n<meta property=\"og:locale\" content=\"pt_BR\" \/>\n<meta property=\"og:type\" content=\"article\" \/>\n<meta property=\"og:title\" content=\"Jogadores sem contrato, refor\u00e7o internacional e atletas mais legais: as \u00faltimas not\u00edcias do Fortaleza\" \/>\n<meta property=\"og:description\" content=\"Nas \u00faltimas horas, o foco das not\u00edcias sobre o Fortaleza se concentram nos bastidores do clube, com destaques do dia a dia do time. Por conta deste contexto, leia abaixo um resumo preparado pela equipe do portal G\u00e1vea News para lhe manter muito bem informado! Atletas mais legais Uma pesquisa realizada pelo site UOL, com [&hellip;]\" \/>\n<meta property=\"og:url\" content=\"https:\/\/www.gaveanews.com\/index.php\/2025\/01\/06\/jogadores-sem-contrato-reforco-internacional-e-atletas-mais-legais-as-ultimas-noticias-do-fortaleza\/\" \/>\n<meta property=\"og:site_name\" content=\"G\u00e1vea News\" \/>\n<meta property=\"article:publisher\" content=\"https:\/\/facebook.com\/gaveaNews\/\" \/>\n<meta property=\"article:published_time\" content=\"2025-01-06T23:55:00+00:00\" \/>\n<meta property=\"article:modified_time\" content=\"2025-01-06T23:56:39+00:00\" \/>\n<meta property=\"og:image\" content=\"https:\/\/www.gaveanews.com\/wp-content\/uploads\/Eros-Mancuso-pelo-Fortaleza.webp\" \/>\n\t<meta property=\"og:image:width\" content=\"984\" \/>\n\t<meta property=\"og:image:height\" content=\"652\" \/>\n\t<meta property=\"og:image:type\" content=\"image\/jpeg\" \/>\n<meta name=\"author\" content=\"Matheus Felipe\" \/>\n<meta name=\"twitter:card\" content=\"summary_large_image\" \/>\n<meta name=\"twitter:label1\" content=\"Escrito por\" \/>\n\t<meta name=\"twitter:data1\" content=\"Matheus Felipe\" \/>\n\t<meta name=\"twitter:label2\" content=\"Est. tempo de leitura\" \/>\n\t<meta name=\"twitter:data2\" content=\"5 minutos\" \/>\n<script type=\"application\/ld+json\" class=\"yoast-schema-graph\">{\"@context\":\"https:\/\/schema.org\",\"@graph\":[{\"@type\":\"NewsArticle\",\"@id\":\"https:\/\/www.gaveanews.com\/index.php\/2025\/01\/06\/jogadores-sem-contrato-reforco-internacional-e-atletas-mais-legais-as-ultimas-noticias-do-fortaleza\/#article\",\"isPartOf\":{\"@id\":\"https:\/\/www.gaveanews.com\/index.php\/2025\/01\/06\/jogadores-sem-contrato-reforco-internacional-e-atletas-mais-legais-as-ultimas-noticias-do-fortaleza\/\"},\"author\":{\"name\":\"Matheus Felipe\",\"@id\":\"https:\/\/www.gaveanews.com\/#\/schema\/person\/8207cd4627f56151707418bfc835b2fb\"},\"headline\":\"Jogadores sem contrato, refor\u00e7o internacional e atletas mais legais: as \u00faltimas not\u00edcias do Fortaleza\",\"datePublished\":\"2025-01-06T23:55:00+00:00\",\"dateModified\":\"2025-01-06T23:56:39+00:00\",\"mainEntityOfPage\":{\"@id\":\"https:\/\/www.gaveanews.com\/index.php\/2025\/01\/06\/jogadores-sem-contrato-reforco-internacional-e-atletas-mais-legais-as-ultimas-noticias-do-fortaleza\/\"},\"wordCount\":726,\"commentCount\":0,\"image\":{\"@id\":\"https:\/\/www.gaveanews.com\/index.php\/2025\/01\/06\/jogadores-sem-contrato-reforco-internacional-e-atletas-mais-legais-as-ultimas-noticias-do-fortaleza\/#primaryimage\"},\"thumbnailUrl\":\"https:\/\/www.gaveanews.com\/wp-content\/uploads\/Eros-Mancuso-pelo-Fortaleza.webp\",\"articleSection\":[\"Fortaleza\"],\"inLanguage\":\"pt-BR\",\"potentialAction\":[{\"@type\":\"CommentAction\",\"name\":\"Comment\",\"target\":[\"https:\/\/www.gaveanews.com\/index.php\/2025\/01\/06\/jogadores-sem-contrato-reforco-internacional-e-atletas-mais-legais-as-ultimas-noticias-do-fortaleza\/#respond\"]}],\"copyrightYear\":\"2025\",\"copyrightHolder\":{\"@id\":\"https:\/\/www.gaveanews.com\/#organization\"}},{\"@type\":\"WebPage\",\"@id\":\"https:\/\/www.gaveanews.com\/index.php\/2025\/01\/06\/jogadores-sem-contrato-reforco-internacional-e-atletas-mais-legais-as-ultimas-noticias-do-fortaleza\/\",\"url\":\"https:\/\/www.gaveanews.com\/index.php\/2025\/01\/06\/jogadores-sem-contrato-reforco-internacional-e-atletas-mais-legais-as-ultimas-noticias-do-fortaleza\/\",\"name\":\"Jogadores sem contrato, refor\u00e7o internacional e atletas mais legais: as \u00faltimas not\u00edcias do Fortaleza\",\"isPartOf\":{\"@id\":\"https:\/\/www.gaveanews.com\/#website\"},\"primaryImageOfPage\":{\"@id\":\"https:\/\/www.gaveanews.com\/index.php\/2025\/01\/06\/jogadores-sem-contrato-reforco-internacional-e-atletas-mais-legais-as-ultimas-noticias-do-fortaleza\/#primaryimage\"},\"image\":{\"@id\":\"https:\/\/www.gaveanews.com\/index.php\/2025\/01\/06\/jogadores-sem-contrato-reforco-internacional-e-atletas-mais-legais-as-ultimas-noticias-do-fortaleza\/#primaryimage\"},\"thumbnailUrl\":\"https:\/\/www.gaveanews.com\/wp-content\/uploads\/Eros-Mancuso-pelo-Fortaleza.webp\",\"datePublished\":\"2025-01-06T23:55:00+00:00\",\"dateModified\":\"2025-01-06T23:56:39+00:00\",\"author\":{\"@id\":\"https:\/\/www.gaveanews.com\/#\/schema\/person\/8207cd4627f56151707418bfc835b2fb\"},\"breadcrumb\":{\"@id\":\"https:\/\/www.gaveanews.com\/index.php\/2025\/01\/06\/jogadores-sem-contrato-reforco-internacional-e-atletas-mais-legais-as-ultimas-noticias-do-fortaleza\/#breadcrumb\"},\"inLanguage\":\"pt-BR\",\"potentialAction\":[{\"@type\":\"ReadAction\",\"target\":[\"https:\/\/www.gaveanews.com\/index.php\/2025\/01\/06\/jogadores-sem-contrato-reforco-internacional-e-atletas-mais-legais-as-ultimas-noticias-do-fortaleza\/\"]}]},{\"@type\":\"ImageObject\",\"inLanguage\":\"pt-BR\",\"@id\":\"https:\/\/www.gaveanews.com\/index.php\/2025\/01\/06\/jogadores-sem-contrato-reforco-internacional-e-atletas-mais-legais-as-ultimas-noticias-do-fortaleza\/#primaryimage\",\"url\":\"https:\/\/www.gaveanews.com\/wp-content\/uploads\/Eros-Mancuso-pelo-Fortaleza.webp\",\"contentUrl\":\"https:\/\/www.gaveanews.com\/wp-content\/uploads\/Eros-Mancuso-pelo-Fortaleza.webp\",\"width\":984,\"height\":652,\"caption\":\"Eros Mancuso pelo Fortaleza (Foto: Leonardo Moreira \/ Fortaleza EC)\"},{\"@type\":\"BreadcrumbList\",\"@id\":\"https:\/\/www.gaveanews.com\/index.php\/2025\/01\/06\/jogadores-sem-contrato-reforco-internacional-e-atletas-mais-legais-as-ultimas-noticias-do-fortaleza\/#breadcrumb\",\"itemListElement\":[{\"@type\":\"ListItem\",\"position\":1,\"name\":\"Home\",\"item\":\"https:\/\/www.gaveanews.com\/\"},{\"@type\":\"ListItem\",\"position\":2,\"name\":\"Jogadores sem contrato, refor\u00e7o internacional e atletas mais legais: as \u00faltimas not\u00edcias do Fortaleza\"}]},{\"@type\":\"WebSite\",\"@id\":\"https:\/\/www.gaveanews.com\/#website\",\"url\":\"https:\/\/www.gaveanews.com\/\",\"name\":\"G\u00e1vea News\",\"description\":\"Veja todas as not\u00edcias sobre o Flamengo: Contrata\u00e7\u00f5es, categorias de base, resultados das partidas, tabela de classifica\u00e7\u00e3o, pr\u00f3ximos jogos!\",\"potentialAction\":[{\"@type\":\"SearchAction\",\"target\":{\"@type\":\"EntryPoint\",\"urlTemplate\":\"https:\/\/www.gaveanews.com\/?s={search_term_string}\"},\"query-input\":{\"@type\":\"PropertyValueSpecification\",\"valueRequired\":true,\"valueName\":\"search_term_string\"}}],\"inLanguage\":\"pt-BR\"},{\"@type\":\"Person\",\"@id\":\"https:\/\/www.gaveanews.com\/#\/schema\/person\/8207cd4627f56151707418bfc835b2fb\",\"name\":\"Matheus Felipe\",\"image\":{\"@type\":\"ImageObject\",\"inLanguage\":\"pt-BR\",\"@id\":\"https:\/\/www.gaveanews.com\/#\/schema\/person\/image\/\",\"url\":\"https:\/\/secure.gravatar.com\/avatar\/a452ffbed9130f726358b298bb3a99ce4bd3c5338411f8440e87e14d74c7c087?s=96&d=mm&r=g\",\"contentUrl\":\"https:\/\/secure.gravatar.com\/avatar\/a452ffbed9130f726358b298bb3a99ce4bd3c5338411f8440e87e14d74c7c087?s=96&d=mm&r=g\",\"caption\":\"Matheus Felipe\"}}]}<\/script>\n<!-- \/ Yoast SEO Premium plugin. -->","yoast_head_json":{"title":"Jogadores sem contrato, refor\u00e7o internacional e atletas mais legais: as \u00faltimas not\u00edcias do Fortaleza","robots":{"index":"index","follow":"follow","max-snippet":"max-snippet:-1","max-image-preview":"max-image-preview:large","max-video-preview":"max-video-preview:-1"},"canonical":"https:\/\/www.gaveanews.com\/index.php\/2025\/01\/06\/jogadores-sem-contrato-reforco-internacional-e-atletas-mais-legais-as-ultimas-noticias-do-fortaleza\/","og_locale":"pt_BR","og_type":"article","og_title":"Jogadores sem contrato, refor\u00e7o internacional e atletas mais legais: as \u00faltimas not\u00edcias do Fortaleza","og_description":"Nas \u00faltimas horas, o foco das not\u00edcias sobre o Fortaleza se concentram nos bastidores do clube, com destaques do dia a dia do time. Por conta deste contexto, leia abaixo um resumo preparado pela equipe do portal G\u00e1vea News para lhe manter muito bem informado! Atletas mais legais Uma pesquisa realizada pelo site UOL, com [&hellip;]","og_url":"https:\/\/www.gaveanews.com\/index.php\/2025\/01\/06\/jogadores-sem-contrato-reforco-internacional-e-atletas-mais-legais-as-ultimas-noticias-do-fortaleza\/","og_site_name":"G\u00e1vea News","article_publisher":"https:\/\/facebook.com\/gaveaNews\/","article_published_time":"2025-01-06T23:55:00+00:00","article_modified_time":"2025-01-06T23:56:39+00:00","og_image":[{"width":984,"height":652,"url":"https:\/\/www.gaveanews.com\/wp-content\/uploads\/Eros-Mancuso-pelo-Fortaleza.webp","type":"image\/jpeg"}],"author":"Matheus Felipe","twitter_card":"summary_large_image","twitter_misc":{"Escrito por":"Matheus Felipe","Est. tempo de leitura":"5 minutos"},"schema":{"@context":"https:\/\/schema.org","@graph":[{"@type":"NewsArticle","@id":"https:\/\/www.gaveanews.com\/index.php\/2025\/01\/06\/jogadores-sem-contrato-reforco-internacional-e-atletas-mais-legais-as-ultimas-noticias-do-fortaleza\/#article","isPartOf":{"@id":"https:\/\/www.gaveanews.com\/index.php\/2025\/01\/06\/jogadores-sem-contrato-reforco-internacional-e-atletas-mais-legais-as-ultimas-noticias-do-fortaleza\/"},"author":{"name":"Matheus Felipe","@id":"https:\/\/www.gaveanews.com\/#\/schema\/person\/8207cd4627f56151707418bfc835b2fb"},"headline":"Jogadores sem contrato, refor\u00e7o internacional e atletas mais legais: as \u00faltimas not\u00edcias do Fortaleza","datePublished":"2025-01-06T23:55:00+00:00","dateModified":"2025-01-06T23:56:39+00:00","mainEntityOfPage":{"@id":"https:\/\/www.gaveanews.com\/index.php\/2025\/01\/06\/jogadores-sem-contrato-reforco-internacional-e-atletas-mais-legais-as-ultimas-noticias-do-fortaleza\/"},"wordCount":726,"commentCount":0,"image":{"@id":"https:\/\/www.gaveanews.com\/index.php\/2025\/01\/06\/jogadores-sem-contrato-reforco-internacional-e-atletas-mais-legais-as-ultimas-noticias-do-fortaleza\/#primaryimage"},"thumbnailUrl":"https:\/\/www.gaveanews.com\/wp-content\/uploads\/Eros-Mancuso-pelo-Fortaleza.webp","articleSection":["Fortaleza"],"inLanguage":"pt-BR","potentialAction":[{"@type":"CommentAction","name":"Comment","target":["https:\/\/www.gaveanews.com\/index.php\/2025\/01\/06\/jogadores-sem-contrato-reforco-internacional-e-atletas-mais-legais-as-ultimas-noticias-do-fortaleza\/#respond"]}],"copyrightYear":"2025","copyrightHolder":{"@id":"https:\/\/www.gaveanews.com\/#organization"}},{"@type":"WebPage","@id":"https:\/\/www.gaveanews.com\/index.php\/2025\/01\/06\/jogadores-sem-contrato-reforco-internacional-e-atletas-mais-legais-as-ultimas-noticias-do-fortaleza\/","url":"https:\/\/www.gaveanews.com\/index.php\/2025\/01\/06\/jogadores-sem-contrato-reforco-internacional-e-atletas-mais-legais-as-ultimas-noticias-do-fortaleza\/","name":"Jogadores sem contrato, refor\u00e7o internacional e atletas mais legais: as \u00faltimas not\u00edcias do Fortaleza","isPartOf":{"@id":"https:\/\/www.gaveanews.com\/#website"},"primaryImageOfPage":{"@id":"https:\/\/www.gaveanews.com\/index.php\/2025\/01\/06\/jogadores-sem-contrato-reforco-internacional-e-atletas-mais-legais-as-ultimas-noticias-do-fortaleza\/#primaryimage"},"image":{"@id":"https:\/\/www.gaveanews.com\/index.php\/2025\/01\/06\/jogadores-sem-contrato-reforco-internacional-e-atletas-mais-legais-as-ultimas-noticias-do-fortaleza\/#primaryimage"},"thumbnailUrl":"https:\/\/www.gaveanews.com\/wp-content\/uploads\/Eros-Mancuso-pelo-Fortaleza.webp","datePublished":"2025-01-06T23:55:00+00:00","dateModified":"2025-01-06T23:56:39+00:00","author":{"@id":"https:\/\/www.gaveanews.com\/#\/schema\/person\/8207cd4627f56151707418bfc835b2fb"},"breadcrumb":{"@id":"https:\/\/www.gaveanews.com\/index.php\/2025\/01\/06\/jogadores-sem-contrato-reforco-internacional-e-atletas-mais-legais-as-ultimas-noticias-do-fortaleza\/#breadcrumb"},"inLanguage":"pt-BR","potentialAction":[{"@type":"ReadAction","target":["https:\/\/www.gaveanews.com\/index.php\/2025\/01\/06\/jogadores-sem-contrato-reforco-internacional-e-atletas-mais-legais-as-ultimas-noticias-do-fortaleza\/"]}]},{"@type":"ImageObject","inLanguage":"pt-BR","@id":"https:\/\/www.gaveanews.com\/index.php\/2025\/01\/06\/jogadores-sem-contrato-reforco-internacional-e-atletas-mais-legais-as-ultimas-noticias-do-fortaleza\/#primaryimage","url":"https:\/\/www.gaveanews.com\/wp-content\/uploads\/Eros-Mancuso-pelo-Fortaleza.webp","contentUrl":"https:\/\/www.gaveanews.com\/wp-content\/uploads\/Eros-Mancuso-pelo-Fortaleza.webp","width":984,"height":652,"caption":"Eros Mancuso pelo Fortaleza (Foto: Leonardo Moreira \/ Fortaleza EC)"},{"@type":"BreadcrumbList","@id":"https:\/\/www.gaveanews.com\/index.php\/2025\/01\/06\/jogadores-sem-contrato-reforco-internacional-e-atletas-mais-legais-as-ultimas-noticias-do-fortaleza\/#breadcrumb","itemListElement":[{"@type":"ListItem","position":1,"name":"Home","item":"https:\/\/www.gaveanews.com\/"},{"@type":"ListItem","position":2,"name":"Jogadores sem contrato, refor\u00e7o internacional e atletas mais legais: as \u00faltimas not\u00edcias do Fortaleza"}]},{"@type":"WebSite","@id":"https:\/\/www.gaveanews.com\/#website","url":"https:\/\/www.gaveanews.com\/","name":"G\u00e1vea News","description":"Veja todas as not\u00edcias sobre o Flamengo: Contrata\u00e7\u00f5es, categorias de base, resultados das partidas, tabela de classifica\u00e7\u00e3o, pr\u00f3ximos jogos!","potentialAction":[{"@type":"SearchAction","target":{"@type":"EntryPoint","urlTemplate":"https:\/\/www.gaveanews.com\/?s={search_term_string}"},"query-input":{"@type":"PropertyValueSpecification","valueRequired":true,"valueName":"search_term_string"}}],"inLanguage":"pt-BR"},{"@type":"Person","@id":"https:\/\/www.gaveanews.com\/#\/schema\/person\/8207cd4627f56151707418bfc835b2fb","name":"Matheus Felipe","image":{"@type":"ImageObject","inLanguage":"pt-BR","@id":"https:\/\/www.gaveanews.com\/#\/schema\/person\/image\/","url":"https:\/\/secure.gravatar.com\/avatar\/a452ffbed9130f726358b298bb3a99ce4bd3c5338411f8440e87e14d74c7c087?s=96&d=mm&r=g","contentUrl":"https:\/\/secure.gravatar.com\/avatar\/a452ffbed9130f726358b298bb3a99ce4bd3c5338411f8440e87e14d74c7c087?s=96&d=mm&r=g","caption":"Matheus Felipe"}}]}},"_links":{"self":[{"href":"https:\/\/www.gaveanews.com\/index.php\/wp-json\/wp\/v2\/posts\/208542","targetHints":{"allow":["GET"]}}],"collection":[{"href":"https:\/\/www.gaveanews.com\/index.php\/wp-json\/wp\/v2\/posts"}],"about":[{"href":"https:\/\/www.gaveanews.com\/index.php\/wp-json\/wp\/v2\/types\/post"}],"author":[{"embeddable":true,"href":"https:\/\/www.gaveanews.com\/index.php\/wp-json\/wp\/v2\/users\/27"}],"replies":[{"embeddable":true,"href":"https:\/\/www.gaveanews.com\/index.php\/wp-json\/wp\/v2\/comments?post=208542"}],"version-history":[{"count":1,"href":"https:\/\/www.gaveanews.com\/index.php\/wp-json\/wp\/v2\/posts\/208542\/revisions"}],"predecessor-version":[{"id":208551,"href":"https:\/\/www.gaveanews.com\/index.php\/wp-json\/wp\/v2\/posts\/208542\/revisions\/208551"}],"wp:featuredmedia":[{"embeddable":true,"href":"https:\/\/www.gaveanews.com\/index.php\/wp-json\/wp\/v2\/media\/169822"}],"wp:attachment":[{"href":"https:\/\/www.gaveanews.com\/index.php\/wp-json\/wp\/v2\/media?parent=208542"}],"wp:term":[{"taxonomy":"category","embeddable":true,"href":"https:\/\/www.gaveanews.com\/index.php\/wp-json\/wp\/v2\/categories?post=208542"},{"taxonomy":"post_tag","embeddable":true,"href":"https:\/\/www.gaveanews.com\/index.php\/wp-json\/wp\/v2\/tags?post=208542"}],"curies":[{"name":"wp","href":"https:\/\/api.w.org\/{rel}","templated":true}]}}