{"id":208573,"date":"2025-01-07T08:05:00","date_gmt":"2025-01-07T11:05:00","guid":{"rendered":"https:\/\/www.gaveanews.com\/?p=208573"},"modified":"2025-01-06T23:38:10","modified_gmt":"2025-01-07T02:38:10","slug":"real-madrid-toma-decisao-sobre-contratacao-de-van-dijk-do-liverpool","status":"publish","type":"post","link":"https:\/\/www.gaveanews.com\/index.php\/2025\/01\/07\/real-madrid-toma-decisao-sobre-contratacao-de-van-dijk-do-liverpool\/","title":{"rendered":"Real Madrid toma decis\u00e3o sobre contrata\u00e7\u00e3o de Van Dijk, do Liverpool"},"content":{"rendered":"\n<h2 class=\"wp-block-heading\" id=\"h-zagueiro-foi-oferecido-ao-real\">Zagueiro foi oferecido ao Real<\/h2>\n\n\n\n<p>No universo do futebol, \u00e9 habitual que os representantes de jogadores procurem ativamente novas oportunidades para seus clientes, principalmente quando seus contratos est\u00e3o se aproximando do t\u00e9rmino.<\/p>\n\n\n\n<ul class=\"wp-block-list\">\n<li><a href=\"https:\/\/www.gaveanews.com\/index.php\/2025\/01\/06\/tem-vaga-ex-real-madrid-rescinde-com-clube-e-esta-livre-no-mercado\/\">Tem vaga? Ex-Real Madrid rescinde com clube e est\u00e1 livre no mercado<\/a><\/li>\n\n\n\n<li><a href=\"https:\/\/www.gaveanews.com\/index.php\/2025\/01\/06\/o-desabafo-de-vinicius-jr-junto-ao-elenco-do-real-madrid\/\">O desabafo de Vinicius Jr junto ao elenco do Real Madrid<br><\/a><\/li>\n<\/ul>\n\n\n\n<p>Este \u00e9 o caso do defensor holand\u00eas Virgil van Dijk, cujo v\u00ednculo contratual com o Liverpool termina no ver\u00e3o que vem. Conforme informa\u00e7\u00f5es do Relevante, o agente de Van Dijk o prop\u00f4s como uma alternativa para refor\u00e7ar a defesa dele.<\/p>\n\n\n\n<p>Contudo, os Merengues, sob a lideran\u00e7a de Carlo Ancelotti, recusaram a oferta, demonstrando claramente que n\u00e3o t\u00eam interesse em adquirir o defensor holand\u00eas no momento. Tais a\u00e7\u00f5es geralmente s\u00e3o t\u00e1ticas para colocar jogadores no foco de equipes de alto n\u00edvel, embora nem sempre resultem em negocia\u00e7\u00f5es bem-sucedidas.<\/p>\n\n\n\n<figure class=\"wp-block-image size-large\"><img loading=\"lazy\" decoding=\"async\" width=\"1024\" height=\"682\" src=\"https:\/\/www.gaveanews.com\/wp-content\/uploads\/virgilvandijk_1706647859637-1024x682.webp\" alt=\"\" class=\"wp-image-124679\" srcset=\"https:\/\/www.gaveanews.com\/wp-content\/uploads\/virgilvandijk_1706647859637-1024x682.webp 1024w, https:\/\/www.gaveanews.com\/wp-content\/uploads\/virgilvandijk_1706647859637-300x200.webp 300w, https:\/\/www.gaveanews.com\/wp-content\/uploads\/virgilvandijk_1706647859637-768x511.webp 768w, https:\/\/www.gaveanews.com\/wp-content\/uploads\/virgilvandijk_1706647859637-631x420.webp 631w, https:\/\/www.gaveanews.com\/wp-content\/uploads\/virgilvandijk_1706647859637-1261x840.webp 1261w, https:\/\/www.gaveanews.com\/wp-content\/uploads\/virgilvandijk_1706647859637-640x426.webp 640w, https:\/\/www.gaveanews.com\/wp-content\/uploads\/virgilvandijk_1706647859637-1280x852.webp 1280w, https:\/\/www.gaveanews.com\/wp-content\/uploads\/virgilvandijk_1706647859637-681x454.webp 681w, https:\/\/www.gaveanews.com\/wp-content\/uploads\/virgilvandijk_1706647859637-1362x907.webp 1362w, https:\/\/www.gaveanews.com\/wp-content\/uploads\/virgilvandijk_1706647859637-100x67.webp 100w, https:\/\/www.gaveanews.com\/wp-content\/uploads\/virgilvandijk_1706647859637.webp 1440w\" sizes=\"auto, (max-width: 1024px) 100vw, 1024px\" \/><figcaption class=\"wp-element-caption\">Virgil van Dijk pela sele\u00e7\u00e3o da Holanda (Foto: Reprodu\u00e7\u00e3o\/Instagram)<\/figcaption><\/figure>\n\n\n\n<p>Virgil, sem d\u00favida, \u00e9 reconhecido pela sua compet\u00eancia, contudo, n\u00e3o se adequa ao perfil que o clube busca, que se concentra na aquisi\u00e7\u00e3o de jovens talentos. Florentino tamb\u00e9m confia nos defensores da casa Rudiger, Milit\u00e3o e Alaba.<\/p>\n\n\n\n<p>No entanto, de acordo com o site brit\u00e2nico The Athletic, o Liverpool fez uma proposta de extens\u00e3o de contrato para van Dijk em dezembro do ano passado, que foi recusada pelo atleta.<\/p>\n\n\n\n<p>Esta rejei\u00e7\u00e3o pode indicar que o defensor est\u00e1 considerando uma transforma\u00e7\u00e3o, em busca de novos desafios em sua trajet\u00f3ria profissional. Com um futuro ainda incerto, os representantes do jogador seguem explorando alternativas no mercado, uma pr\u00e1tica habitual que ressalta a import\u00e2ncia crucial dos agentes na administra\u00e7\u00e3o das aspira\u00e7\u00f5es e trajet\u00f3rias de seus clientes em um cen\u00e1rio competitivo do futebol.<\/p>\n\n\n\n<p>Carlo Ancelotti enfrenta press\u00e3o na Espanha. Caso n\u00e3o ven\u00e7a a La Liga ou a Champions League nesta temporada, o italiano ser\u00e1 demitido do cargo de treinador do Real Madrid. Em Madri, as coisas funcionam dessa maneira.<\/p>\n\n\n\n<p>Arnold, ao contr\u00e1rio de Van Dijk, \u00e9 o principal objetivo do Madrid para a temporada 2025-26. Nada se alterou, mesmo ap\u00f3s a desastrosa atua\u00e7\u00e3o contra o Manchester United, na Premier League.<\/p>\n","protected":false},"excerpt":{"rendered":"<p>Zagueiro foi oferecido ao Real No universo do futebol, \u00e9 habitual que os representantes de jogadores procurem ativamente novas oportunidades para seus clientes, principalmente quando seus contratos est\u00e3o se aproximando do t\u00e9rmino. Este \u00e9 o caso do defensor holand\u00eas Virgil van Dijk, cujo v\u00ednculo contratual com o Liverpool termina no ver\u00e3o que vem. Conforme informa\u00e7\u00f5es [&hellip;]<\/p>\n","protected":false},"author":16,"featured_media":115267,"comment_status":"open","ping_status":"closed","sticky":false,"template":"","format":"standard","meta":{"footnotes":""},"categories":[92,88],"tags":[],"class_list":["post-208573","post","type-post","status-publish","format-standard","has-post-thumbnail","hentry","category-liverpool","category-real-madrid"],"yoast_head":"<!-- This site is optimized with the Yoast SEO Premium plugin v24.2 (Yoast SEO v26.9) - https:\/\/yoast.com\/product\/yoast-seo-premium-wordpress\/ -->\n<title>Real Madrid toma decis\u00e3o sobre contrata\u00e7\u00e3o de Van Dijk, do Liverpool<\/title>\n<meta name=\"robots\" content=\"index, follow, max-snippet:-1, max-image-preview:large, max-video-preview:-1\" \/>\n<link rel=\"canonical\" href=\"https:\/\/www.gaveanews.com\/index.php\/2025\/01\/07\/real-madrid-toma-decisao-sobre-contratacao-de-van-dijk-do-liverpool\/\" \/>\n<meta property=\"og:locale\" content=\"pt_BR\" \/>\n<meta property=\"og:type\" content=\"article\" \/>\n<meta property=\"og:title\" content=\"Real Madrid toma decis\u00e3o sobre contrata\u00e7\u00e3o de Van Dijk, do Liverpool\" \/>\n<meta property=\"og:description\" content=\"Zagueiro foi oferecido ao Real No universo do futebol, \u00e9 habitual que os representantes de jogadores procurem ativamente novas oportunidades para seus clientes, principalmente quando seus contratos est\u00e3o se aproximando do t\u00e9rmino. Este \u00e9 o caso do defensor holand\u00eas Virgil van Dijk, cujo v\u00ednculo contratual com o Liverpool termina no ver\u00e3o que vem. Conforme informa\u00e7\u00f5es [&hellip;]\" \/>\n<meta property=\"og:url\" content=\"https:\/\/www.gaveanews.com\/index.php\/2025\/01\/07\/real-madrid-toma-decisao-sobre-contratacao-de-van-dijk-do-liverpool\/\" \/>\n<meta property=\"og:site_name\" content=\"G\u00e1vea News\" \/>\n<meta property=\"article:publisher\" content=\"https:\/\/facebook.com\/gaveaNews\/\" \/>\n<meta property=\"article:published_time\" content=\"2025-01-07T11:05:00+00:00\" \/>\n<meta property=\"og:image\" content=\"https:\/\/www.gaveanews.com\/wp-content\/uploads\/arracaeta-e-virgil-liverpool-flamengo.webp\" \/>\n\t<meta property=\"og:image:width\" content=\"799\" \/>\n\t<meta property=\"og:image:height\" content=\"566\" \/>\n\t<meta property=\"og:image:type\" content=\"image\/jpeg\" \/>\n<meta name=\"author\" content=\"D\u00e9bora Figueiredo\" \/>\n<meta name=\"twitter:card\" content=\"summary_large_image\" \/>\n<meta name=\"twitter:label1\" content=\"Escrito por\" \/>\n\t<meta name=\"twitter:data1\" content=\"D\u00e9bora Figueiredo\" \/>\n\t<meta name=\"twitter:label2\" content=\"Est. tempo de leitura\" \/>\n\t<meta name=\"twitter:data2\" content=\"3 minutos\" \/>\n<script type=\"application\/ld+json\" class=\"yoast-schema-graph\">{\"@context\":\"https:\/\/schema.org\",\"@graph\":[{\"@type\":\"NewsArticle\",\"@id\":\"https:\/\/www.gaveanews.com\/index.php\/2025\/01\/07\/real-madrid-toma-decisao-sobre-contratacao-de-van-dijk-do-liverpool\/#article\",\"isPartOf\":{\"@id\":\"https:\/\/www.gaveanews.com\/index.php\/2025\/01\/07\/real-madrid-toma-decisao-sobre-contratacao-de-van-dijk-do-liverpool\/\"},\"author\":{\"name\":\"D\u00e9bora Figueiredo\",\"@id\":\"https:\/\/www.gaveanews.com\/#\/schema\/person\/37122681a8575a5c8db05a56f099a5e4\"},\"headline\":\"Real Madrid toma decis\u00e3o sobre contrata\u00e7\u00e3o de Van Dijk, do Liverpool\",\"datePublished\":\"2025-01-07T11:05:00+00:00\",\"mainEntityOfPage\":{\"@id\":\"https:\/\/www.gaveanews.com\/index.php\/2025\/01\/07\/real-madrid-toma-decisao-sobre-contratacao-de-van-dijk-do-liverpool\/\"},\"wordCount\":398,\"commentCount\":0,\"image\":{\"@id\":\"https:\/\/www.gaveanews.com\/index.php\/2025\/01\/07\/real-madrid-toma-decisao-sobre-contratacao-de-van-dijk-do-liverpool\/#primaryimage\"},\"thumbnailUrl\":\"https:\/\/www.gaveanews.com\/wp-content\/uploads\/arracaeta-e-virgil-liverpool-flamengo.webp\",\"articleSection\":[\"Liverpool\",\"Real Madrid\"],\"inLanguage\":\"pt-BR\",\"potentialAction\":[{\"@type\":\"CommentAction\",\"name\":\"Comment\",\"target\":[\"https:\/\/www.gaveanews.com\/index.php\/2025\/01\/07\/real-madrid-toma-decisao-sobre-contratacao-de-van-dijk-do-liverpool\/#respond\"]}],\"copyrightYear\":\"2025\",\"copyrightHolder\":{\"@id\":\"https:\/\/www.gaveanews.com\/#organization\"}},{\"@type\":\"WebPage\",\"@id\":\"https:\/\/www.gaveanews.com\/index.php\/2025\/01\/07\/real-madrid-toma-decisao-sobre-contratacao-de-van-dijk-do-liverpool\/\",\"url\":\"https:\/\/www.gaveanews.com\/index.php\/2025\/01\/07\/real-madrid-toma-decisao-sobre-contratacao-de-van-dijk-do-liverpool\/\",\"name\":\"Real Madrid toma decis\u00e3o sobre contrata\u00e7\u00e3o de Van Dijk, do Liverpool\",\"isPartOf\":{\"@id\":\"https:\/\/www.gaveanews.com\/#website\"},\"primaryImageOfPage\":{\"@id\":\"https:\/\/www.gaveanews.com\/index.php\/2025\/01\/07\/real-madrid-toma-decisao-sobre-contratacao-de-van-dijk-do-liverpool\/#primaryimage\"},\"image\":{\"@id\":\"https:\/\/www.gaveanews.com\/index.php\/2025\/01\/07\/real-madrid-toma-decisao-sobre-contratacao-de-van-dijk-do-liverpool\/#primaryimage\"},\"thumbnailUrl\":\"https:\/\/www.gaveanews.com\/wp-content\/uploads\/arracaeta-e-virgil-liverpool-flamengo.webp\",\"datePublished\":\"2025-01-07T11:05:00+00:00\",\"author\":{\"@id\":\"https:\/\/www.gaveanews.com\/#\/schema\/person\/37122681a8575a5c8db05a56f099a5e4\"},\"breadcrumb\":{\"@id\":\"https:\/\/www.gaveanews.com\/index.php\/2025\/01\/07\/real-madrid-toma-decisao-sobre-contratacao-de-van-dijk-do-liverpool\/#breadcrumb\"},\"inLanguage\":\"pt-BR\",\"potentialAction\":[{\"@type\":\"ReadAction\",\"target\":[\"https:\/\/www.gaveanews.com\/index.php\/2025\/01\/07\/real-madrid-toma-decisao-sobre-contratacao-de-van-dijk-do-liverpool\/\"]}]},{\"@type\":\"ImageObject\",\"inLanguage\":\"pt-BR\",\"@id\":\"https:\/\/www.gaveanews.com\/index.php\/2025\/01\/07\/real-madrid-toma-decisao-sobre-contratacao-de-van-dijk-do-liverpool\/#primaryimage\",\"url\":\"https:\/\/www.gaveanews.com\/wp-content\/uploads\/arracaeta-e-virgil-liverpool-flamengo.webp\",\"contentUrl\":\"https:\/\/www.gaveanews.com\/wp-content\/uploads\/arracaeta-e-virgil-liverpool-flamengo.webp\",\"width\":799,\"height\":566,\"caption\":\"Arrascaeta e Virgil van Dijk na final do Mundial de 2019 (Foto: Divulga\u00e7\u00e3o\/Fifa)\"},{\"@type\":\"BreadcrumbList\",\"@id\":\"https:\/\/www.gaveanews.com\/index.php\/2025\/01\/07\/real-madrid-toma-decisao-sobre-contratacao-de-van-dijk-do-liverpool\/#breadcrumb\",\"itemListElement\":[{\"@type\":\"ListItem\",\"position\":1,\"name\":\"Home\",\"item\":\"https:\/\/www.gaveanews.com\/\"},{\"@type\":\"ListItem\",\"position\":2,\"name\":\"Real Madrid toma decis\u00e3o sobre contrata\u00e7\u00e3o de Van Dijk, do Liverpool\"}]},{\"@type\":\"WebSite\",\"@id\":\"https:\/\/www.gaveanews.com\/#website\",\"url\":\"https:\/\/www.gaveanews.com\/\",\"name\":\"G\u00e1vea News\",\"description\":\"Veja todas as not\u00edcias sobre o Flamengo: Contrata\u00e7\u00f5es, categorias de base, resultados das partidas, tabela de classifica\u00e7\u00e3o, pr\u00f3ximos jogos!\",\"potentialAction\":[{\"@type\":\"SearchAction\",\"target\":{\"@type\":\"EntryPoint\",\"urlTemplate\":\"https:\/\/www.gaveanews.com\/?s={search_term_string}\"},\"query-input\":{\"@type\":\"PropertyValueSpecification\",\"valueRequired\":true,\"valueName\":\"search_term_string\"}}],\"inLanguage\":\"pt-BR\"},{\"@type\":\"Person\",\"@id\":\"https:\/\/www.gaveanews.com\/#\/schema\/person\/37122681a8575a5c8db05a56f099a5e4\",\"name\":\"D\u00e9bora Figueiredo\",\"image\":{\"@type\":\"ImageObject\",\"inLanguage\":\"pt-BR\",\"@id\":\"https:\/\/www.gaveanews.com\/#\/schema\/person\/image\/\",\"url\":\"https:\/\/secure.gravatar.com\/avatar\/1f44802859351588499d26f52aed1d15796ce17e67602895b72837c08018868d?s=96&d=mm&r=g\",\"contentUrl\":\"https:\/\/secure.gravatar.com\/avatar\/1f44802859351588499d26f52aed1d15796ce17e67602895b72837c08018868d?s=96&d=mm&r=g\",\"caption\":\"D\u00e9bora Figueiredo\"}}]}<\/script>\n<!-- \/ Yoast SEO Premium plugin. -->","yoast_head_json":{"title":"Real Madrid toma decis\u00e3o sobre contrata\u00e7\u00e3o de Van Dijk, do Liverpool","robots":{"index":"index","follow":"follow","max-snippet":"max-snippet:-1","max-image-preview":"max-image-preview:large","max-video-preview":"max-video-preview:-1"},"canonical":"https:\/\/www.gaveanews.com\/index.php\/2025\/01\/07\/real-madrid-toma-decisao-sobre-contratacao-de-van-dijk-do-liverpool\/","og_locale":"pt_BR","og_type":"article","og_title":"Real Madrid toma decis\u00e3o sobre contrata\u00e7\u00e3o de Van Dijk, do Liverpool","og_description":"Zagueiro foi oferecido ao Real No universo do futebol, \u00e9 habitual que os representantes de jogadores procurem ativamente novas oportunidades para seus clientes, principalmente quando seus contratos est\u00e3o se aproximando do t\u00e9rmino. Este \u00e9 o caso do defensor holand\u00eas Virgil van Dijk, cujo v\u00ednculo contratual com o Liverpool termina no ver\u00e3o que vem. Conforme informa\u00e7\u00f5es [&hellip;]","og_url":"https:\/\/www.gaveanews.com\/index.php\/2025\/01\/07\/real-madrid-toma-decisao-sobre-contratacao-de-van-dijk-do-liverpool\/","og_site_name":"G\u00e1vea News","article_publisher":"https:\/\/facebook.com\/gaveaNews\/","article_published_time":"2025-01-07T11:05:00+00:00","og_image":[{"width":799,"height":566,"url":"https:\/\/www.gaveanews.com\/wp-content\/uploads\/arracaeta-e-virgil-liverpool-flamengo.webp","type":"image\/jpeg"}],"author":"D\u00e9bora Figueiredo","twitter_card":"summary_large_image","twitter_misc":{"Escrito por":"D\u00e9bora Figueiredo","Est. tempo de leitura":"3 minutos"},"schema":{"@context":"https:\/\/schema.org","@graph":[{"@type":"NewsArticle","@id":"https:\/\/www.gaveanews.com\/index.php\/2025\/01\/07\/real-madrid-toma-decisao-sobre-contratacao-de-van-dijk-do-liverpool\/#article","isPartOf":{"@id":"https:\/\/www.gaveanews.com\/index.php\/2025\/01\/07\/real-madrid-toma-decisao-sobre-contratacao-de-van-dijk-do-liverpool\/"},"author":{"name":"D\u00e9bora Figueiredo","@id":"https:\/\/www.gaveanews.com\/#\/schema\/person\/37122681a8575a5c8db05a56f099a5e4"},"headline":"Real Madrid toma decis\u00e3o sobre contrata\u00e7\u00e3o de Van Dijk, do Liverpool","datePublished":"2025-01-07T11:05:00+00:00","mainEntityOfPage":{"@id":"https:\/\/www.gaveanews.com\/index.php\/2025\/01\/07\/real-madrid-toma-decisao-sobre-contratacao-de-van-dijk-do-liverpool\/"},"wordCount":398,"commentCount":0,"image":{"@id":"https:\/\/www.gaveanews.com\/index.php\/2025\/01\/07\/real-madrid-toma-decisao-sobre-contratacao-de-van-dijk-do-liverpool\/#primaryimage"},"thumbnailUrl":"https:\/\/www.gaveanews.com\/wp-content\/uploads\/arracaeta-e-virgil-liverpool-flamengo.webp","articleSection":["Liverpool","Real Madrid"],"inLanguage":"pt-BR","potentialAction":[{"@type":"CommentAction","name":"Comment","target":["https:\/\/www.gaveanews.com\/index.php\/2025\/01\/07\/real-madrid-toma-decisao-sobre-contratacao-de-van-dijk-do-liverpool\/#respond"]}],"copyrightYear":"2025","copyrightHolder":{"@id":"https:\/\/www.gaveanews.com\/#organization"}},{"@type":"WebPage","@id":"https:\/\/www.gaveanews.com\/index.php\/2025\/01\/07\/real-madrid-toma-decisao-sobre-contratacao-de-van-dijk-do-liverpool\/","url":"https:\/\/www.gaveanews.com\/index.php\/2025\/01\/07\/real-madrid-toma-decisao-sobre-contratacao-de-van-dijk-do-liverpool\/","name":"Real Madrid toma decis\u00e3o sobre contrata\u00e7\u00e3o de Van Dijk, do Liverpool","isPartOf":{"@id":"https:\/\/www.gaveanews.com\/#website"},"primaryImageOfPage":{"@id":"https:\/\/www.gaveanews.com\/index.php\/2025\/01\/07\/real-madrid-toma-decisao-sobre-contratacao-de-van-dijk-do-liverpool\/#primaryimage"},"image":{"@id":"https:\/\/www.gaveanews.com\/index.php\/2025\/01\/07\/real-madrid-toma-decisao-sobre-contratacao-de-van-dijk-do-liverpool\/#primaryimage"},"thumbnailUrl":"https:\/\/www.gaveanews.com\/wp-content\/uploads\/arracaeta-e-virgil-liverpool-flamengo.webp","datePublished":"2025-01-07T11:05:00+00:00","author":{"@id":"https:\/\/www.gaveanews.com\/#\/schema\/person\/37122681a8575a5c8db05a56f099a5e4"},"breadcrumb":{"@id":"https:\/\/www.gaveanews.com\/index.php\/2025\/01\/07\/real-madrid-toma-decisao-sobre-contratacao-de-van-dijk-do-liverpool\/#breadcrumb"},"inLanguage":"pt-BR","potentialAction":[{"@type":"ReadAction","target":["https:\/\/www.gaveanews.com\/index.php\/2025\/01\/07\/real-madrid-toma-decisao-sobre-contratacao-de-van-dijk-do-liverpool\/"]}]},{"@type":"ImageObject","inLanguage":"pt-BR","@id":"https:\/\/www.gaveanews.com\/index.php\/2025\/01\/07\/real-madrid-toma-decisao-sobre-contratacao-de-van-dijk-do-liverpool\/#primaryimage","url":"https:\/\/www.gaveanews.com\/wp-content\/uploads\/arracaeta-e-virgil-liverpool-flamengo.webp","contentUrl":"https:\/\/www.gaveanews.com\/wp-content\/uploads\/arracaeta-e-virgil-liverpool-flamengo.webp","width":799,"height":566,"caption":"Arrascaeta e Virgil van Dijk na final do Mundial de 2019 (Foto: Divulga\u00e7\u00e3o\/Fifa)"},{"@type":"BreadcrumbList","@id":"https:\/\/www.gaveanews.com\/index.php\/2025\/01\/07\/real-madrid-toma-decisao-sobre-contratacao-de-van-dijk-do-liverpool\/#breadcrumb","itemListElement":[{"@type":"ListItem","position":1,"name":"Home","item":"https:\/\/www.gaveanews.com\/"},{"@type":"ListItem","position":2,"name":"Real Madrid toma decis\u00e3o sobre contrata\u00e7\u00e3o de Van Dijk, do Liverpool"}]},{"@type":"WebSite","@id":"https:\/\/www.gaveanews.com\/#website","url":"https:\/\/www.gaveanews.com\/","name":"G\u00e1vea News","description":"Veja todas as not\u00edcias sobre o Flamengo: Contrata\u00e7\u00f5es, categorias de base, resultados das partidas, tabela de classifica\u00e7\u00e3o, pr\u00f3ximos jogos!","potentialAction":[{"@type":"SearchAction","target":{"@type":"EntryPoint","urlTemplate":"https:\/\/www.gaveanews.com\/?s={search_term_string}"},"query-input":{"@type":"PropertyValueSpecification","valueRequired":true,"valueName":"search_term_string"}}],"inLanguage":"pt-BR"},{"@type":"Person","@id":"https:\/\/www.gaveanews.com\/#\/schema\/person\/37122681a8575a5c8db05a56f099a5e4","name":"D\u00e9bora Figueiredo","image":{"@type":"ImageObject","inLanguage":"pt-BR","@id":"https:\/\/www.gaveanews.com\/#\/schema\/person\/image\/","url":"https:\/\/secure.gravatar.com\/avatar\/1f44802859351588499d26f52aed1d15796ce17e67602895b72837c08018868d?s=96&d=mm&r=g","contentUrl":"https:\/\/secure.gravatar.com\/avatar\/1f44802859351588499d26f52aed1d15796ce17e67602895b72837c08018868d?s=96&d=mm&r=g","caption":"D\u00e9bora Figueiredo"}}]}},"_links":{"self":[{"href":"https:\/\/www.gaveanews.com\/index.php\/wp-json\/wp\/v2\/posts\/208573","targetHints":{"allow":["GET"]}}],"collection":[{"href":"https:\/\/www.gaveanews.com\/index.php\/wp-json\/wp\/v2\/posts"}],"about":[{"href":"https:\/\/www.gaveanews.com\/index.php\/wp-json\/wp\/v2\/types\/post"}],"author":[{"embeddable":true,"href":"https:\/\/www.gaveanews.com\/index.php\/wp-json\/wp\/v2\/users\/16"}],"replies":[{"embeddable":true,"href":"https:\/\/www.gaveanews.com\/index.php\/wp-json\/wp\/v2\/comments?post=208573"}],"version-history":[{"count":1,"href":"https:\/\/www.gaveanews.com\/index.php\/wp-json\/wp\/v2\/posts\/208573\/revisions"}],"predecessor-version":[{"id":208577,"href":"https:\/\/www.gaveanews.com\/index.php\/wp-json\/wp\/v2\/posts\/208573\/revisions\/208577"}],"wp:featuredmedia":[{"embeddable":true,"href":"https:\/\/www.gaveanews.com\/index.php\/wp-json\/wp\/v2\/media\/115267"}],"wp:attachment":[{"href":"https:\/\/www.gaveanews.com\/index.php\/wp-json\/wp\/v2\/media?parent=208573"}],"wp:term":[{"taxonomy":"category","embeddable":true,"href":"https:\/\/www.gaveanews.com\/index.php\/wp-json\/wp\/v2\/categories?post=208573"},{"taxonomy":"post_tag","embeddable":true,"href":"https:\/\/www.gaveanews.com\/index.php\/wp-json\/wp\/v2\/tags?post=208573"}],"curies":[{"name":"wp","href":"https:\/\/api.w.org\/{rel}","templated":true}]}}