{"id":208586,"date":"2025-01-07T13:55:00","date_gmt":"2025-01-07T16:55:00","guid":{"rendered":"https:\/\/www.gaveanews.com\/?p=208586"},"modified":"2025-01-07T12:11:50","modified_gmt":"2025-01-07T15:11:50","slug":"gremio-quinteros-e-sincero-ao-falar-sobre-reforcos","status":"publish","type":"post","link":"https:\/\/www.gaveanews.com\/index.php\/2025\/01\/07\/gremio-quinteros-e-sincero-ao-falar-sobre-reforcos\/","title":{"rendered":"Gr\u00eamio: Quinteros \u00e9 sincero ao falar sobre refor\u00e7os"},"content":{"rendered":"\n<h2 class=\"wp-block-heading\" id=\"h-gustavo-quinteros-e-apresentado-como-novo-tecnico-do-gremio-e-projeta-reforcos-para-2025\">Gustavo Quinteros \u00e9 apresentado como novo t\u00e9cnico do Gr\u00eamio e projeta refor\u00e7os para 2025<\/h2>\n\n\n\n<p>O Gr\u00eamio apresentou oficialmente seu novo t\u00e9cnico, Gustavo Quinteros, nesta segunda-feira (6), no CT Luiz Carvalho. Aos 59 anos, o treinador argentino chega ao clube com contrato v\u00e1lido at\u00e9 o final de 2025, ap\u00f3s conquistar o t\u00edtulo do Campeonato Argentino com o V\u00e9lez Sarsfield, seu \u00faltimo clube. Quinteros assume a posi\u00e7\u00e3o deixada por Renato Portaluppi, considerado um dos maiores \u00eddolos da hist\u00f3ria do Tricolor.<\/p>\n\n\n\n<ul class=\"wp-block-list\">\n<li><a href=\"https:\/\/www.gaveanews.com\/index.php\/2024\/12\/28\/saidas-para-2025-seis-contratacoes-e-jogadores-desejados-as-ultimas-noticias-do-gremio\/\">Sa\u00eddas para 2025, seis contrata\u00e7\u00f5es e jogadores desejados: as \u00faltimas not\u00edcias do Gr\u00eamio<\/a><\/li>\n\n\n\n<li><a href=\"https:\/\/www.gaveanews.com\/index.php\/2025\/01\/02\/ma-noticia-futuro-de-soteldo-e-jogadores-mais-chatos-as-ultimas-noticias-do-gremio\/\">M\u00e1 not\u00edcia, futuro de Soteldo e jogadores mais chatos: as \u00faltimas not\u00edcias do Gr\u00eamio<\/a><\/li>\n<\/ul>\n\n\n\n<p>Na coletiva de apresenta\u00e7\u00e3o, Quinteros destacou a import\u00e2ncia do desafio de comandar um clube do tamanho do Gr\u00eamio. Segundo ele, o objetivo inicial ser\u00e1 montar uma equipe competitiva e alinhada \u00e0s tradi\u00e7\u00f5es do clube, mesclando jogadores experientes e jovens talentos.<\/p>\n\n\n\n<p>&#8220;Vamos incorporar jogadores que tenham hierarquia e experi\u00eancia para ajudar o Gr\u00eamio a alcan\u00e7ar os objetivos. Al\u00e9m disso, queremos aproveitar o potencial dos jovens atletas da base para formar uma equipe s\u00f3lida, que se movimente bem dentro de campo e consiga os resultados que a torcida espera&#8221;, declarou o treinador.<\/p>\n\n\n\n<p>Um dos principais pontos tratados por Quinteros foi a necessidade de refor\u00e7os para a temporada. Sem mencionar nomes, o t\u00e9cnico revelou que a reformula\u00e7\u00e3o do elenco \u00e9 uma prioridade. Entre as posi\u00e7\u00f5es indicadas para contrata\u00e7\u00f5es est\u00e3o laterais, um volante, um atacante de lado para suprir a sa\u00edda de Soteldo, al\u00e9m de um zagueiro central.<\/p>\n\n\n\n<p>&#8220;Estamos analisando as sa\u00eddas e trabalhando junto com a dire\u00e7\u00e3o para identificar os refor\u00e7os necess\u00e1rios. Precisamos de laterais, um volante e um extremo para substituir a aus\u00eancia de Soteldo. Tamb\u00e9m vamos buscar um zagueiro central. O foco ser\u00e1 encontrar jogadores que tenham o perfil para atuar em um clube como o Gr\u00eamio, com experi\u00eancia e capacidade de contribuir imediatamente&#8221;, explicou Quinteros.<\/p>\n\n\n\n<p>A chegada do treinador coincide com um momento de expectativa por parte da torcida, que espera por uma equipe mais competitiva em 2025. Al\u00e9m de refor\u00e7ar o elenco, o argentino planeja usar jovens da base, valorizando a forma\u00e7\u00e3o e a integra\u00e7\u00e3o entre as categorias do clube.<\/p>\n","protected":false},"excerpt":{"rendered":"<p>Gustavo Quinteros \u00e9 apresentado como novo t\u00e9cnico do Gr\u00eamio e projeta refor\u00e7os para 2025 O Gr\u00eamio apresentou oficialmente seu novo t\u00e9cnico, Gustavo Quinteros, nesta segunda-feira (6), no CT Luiz Carvalho. Aos 59 anos, o treinador argentino chega ao clube com contrato v\u00e1lido at\u00e9 o final de 2025, ap\u00f3s conquistar o t\u00edtulo do Campeonato Argentino com [&hellip;]<\/p>\n","protected":false},"author":17,"featured_media":208932,"comment_status":"open","ping_status":"closed","sticky":false,"template":"","format":"standard","meta":{"footnotes":""},"categories":[147],"tags":[],"class_list":["post-208586","post","type-post","status-publish","format-standard","has-post-thumbnail","hentry","category-gremio"],"yoast_head":"<!-- This site is optimized with the Yoast SEO Premium plugin v24.2 (Yoast SEO v26.9) - https:\/\/yoast.com\/product\/yoast-seo-premium-wordpress\/ -->\n<title>Gr\u00eamio: Quinteros \u00e9 sincero ao falar sobre refor\u00e7os<\/title>\n<meta name=\"robots\" content=\"index, follow, max-snippet:-1, max-image-preview:large, max-video-preview:-1\" \/>\n<link rel=\"canonical\" href=\"https:\/\/www.gaveanews.com\/index.php\/2025\/01\/07\/gremio-quinteros-e-sincero-ao-falar-sobre-reforcos\/\" \/>\n<meta property=\"og:locale\" content=\"pt_BR\" \/>\n<meta property=\"og:type\" content=\"article\" \/>\n<meta property=\"og:title\" content=\"Gr\u00eamio: Quinteros \u00e9 sincero ao falar sobre refor\u00e7os\" \/>\n<meta property=\"og:description\" content=\"Gustavo Quinteros \u00e9 apresentado como novo t\u00e9cnico do Gr\u00eamio e projeta refor\u00e7os para 2025 O Gr\u00eamio apresentou oficialmente seu novo t\u00e9cnico, Gustavo Quinteros, nesta segunda-feira (6), no CT Luiz Carvalho. Aos 59 anos, o treinador argentino chega ao clube com contrato v\u00e1lido at\u00e9 o final de 2025, ap\u00f3s conquistar o t\u00edtulo do Campeonato Argentino com [&hellip;]\" \/>\n<meta property=\"og:url\" content=\"https:\/\/www.gaveanews.com\/index.php\/2025\/01\/07\/gremio-quinteros-e-sincero-ao-falar-sobre-reforcos\/\" \/>\n<meta property=\"og:site_name\" content=\"G\u00e1vea News\" \/>\n<meta property=\"article:publisher\" content=\"https:\/\/facebook.com\/gaveaNews\/\" \/>\n<meta property=\"article:published_time\" content=\"2025-01-07T16:55:00+00:00\" \/>\n<meta property=\"og:image\" content=\"https:\/\/www.gaveanews.com\/wp-content\/uploads\/Quinteros-posa-para-foto-no-estadio-do-Gremio.webp\" \/>\n\t<meta property=\"og:image:width\" content=\"1024\" \/>\n\t<meta property=\"og:image:height\" content=\"576\" \/>\n\t<meta property=\"og:image:type\" content=\"image\/webp\" \/>\n<meta name=\"author\" content=\"Geovanna Thomaz\" \/>\n<meta name=\"twitter:card\" content=\"summary_large_image\" \/>\n<meta name=\"twitter:label1\" content=\"Escrito por\" \/>\n\t<meta name=\"twitter:data1\" content=\"Geovanna Thomaz\" \/>\n\t<meta name=\"twitter:label2\" content=\"Est. tempo de leitura\" \/>\n\t<meta name=\"twitter:data2\" content=\"3 minutos\" \/>\n<script type=\"application\/ld+json\" class=\"yoast-schema-graph\">{\"@context\":\"https:\/\/schema.org\",\"@graph\":[{\"@type\":\"NewsArticle\",\"@id\":\"https:\/\/www.gaveanews.com\/index.php\/2025\/01\/07\/gremio-quinteros-e-sincero-ao-falar-sobre-reforcos\/#article\",\"isPartOf\":{\"@id\":\"https:\/\/www.gaveanews.com\/index.php\/2025\/01\/07\/gremio-quinteros-e-sincero-ao-falar-sobre-reforcos\/\"},\"author\":{\"name\":\"Geovanna Thomaz\",\"@id\":\"https:\/\/www.gaveanews.com\/#\/schema\/person\/f42654babcd2b2014a1a65af82b081f1\"},\"headline\":\"Gr\u00eamio: Quinteros \u00e9 sincero ao falar sobre refor\u00e7os\",\"datePublished\":\"2025-01-07T16:55:00+00:00\",\"mainEntityOfPage\":{\"@id\":\"https:\/\/www.gaveanews.com\/index.php\/2025\/01\/07\/gremio-quinteros-e-sincero-ao-falar-sobre-reforcos\/\"},\"wordCount\":404,\"commentCount\":0,\"image\":{\"@id\":\"https:\/\/www.gaveanews.com\/index.php\/2025\/01\/07\/gremio-quinteros-e-sincero-ao-falar-sobre-reforcos\/#primaryimage\"},\"thumbnailUrl\":\"https:\/\/www.gaveanews.com\/wp-content\/uploads\/Quinteros-posa-para-foto-no-estadio-do-Gremio.webp\",\"articleSection\":[\"Gr\u00eamio\"],\"inLanguage\":\"pt-BR\",\"potentialAction\":[{\"@type\":\"CommentAction\",\"name\":\"Comment\",\"target\":[\"https:\/\/www.gaveanews.com\/index.php\/2025\/01\/07\/gremio-quinteros-e-sincero-ao-falar-sobre-reforcos\/#respond\"]}],\"copyrightYear\":\"2025\",\"copyrightHolder\":{\"@id\":\"https:\/\/www.gaveanews.com\/#organization\"}},{\"@type\":\"WebPage\",\"@id\":\"https:\/\/www.gaveanews.com\/index.php\/2025\/01\/07\/gremio-quinteros-e-sincero-ao-falar-sobre-reforcos\/\",\"url\":\"https:\/\/www.gaveanews.com\/index.php\/2025\/01\/07\/gremio-quinteros-e-sincero-ao-falar-sobre-reforcos\/\",\"name\":\"Gr\u00eamio: Quinteros \u00e9 sincero ao falar sobre refor\u00e7os\",\"isPartOf\":{\"@id\":\"https:\/\/www.gaveanews.com\/#website\"},\"primaryImageOfPage\":{\"@id\":\"https:\/\/www.gaveanews.com\/index.php\/2025\/01\/07\/gremio-quinteros-e-sincero-ao-falar-sobre-reforcos\/#primaryimage\"},\"image\":{\"@id\":\"https:\/\/www.gaveanews.com\/index.php\/2025\/01\/07\/gremio-quinteros-e-sincero-ao-falar-sobre-reforcos\/#primaryimage\"},\"thumbnailUrl\":\"https:\/\/www.gaveanews.com\/wp-content\/uploads\/Quinteros-posa-para-foto-no-estadio-do-Gremio.webp\",\"datePublished\":\"2025-01-07T16:55:00+00:00\",\"author\":{\"@id\":\"https:\/\/www.gaveanews.com\/#\/schema\/person\/f42654babcd2b2014a1a65af82b081f1\"},\"breadcrumb\":{\"@id\":\"https:\/\/www.gaveanews.com\/index.php\/2025\/01\/07\/gremio-quinteros-e-sincero-ao-falar-sobre-reforcos\/#breadcrumb\"},\"inLanguage\":\"pt-BR\",\"potentialAction\":[{\"@type\":\"ReadAction\",\"target\":[\"https:\/\/www.gaveanews.com\/index.php\/2025\/01\/07\/gremio-quinteros-e-sincero-ao-falar-sobre-reforcos\/\"]}]},{\"@type\":\"ImageObject\",\"inLanguage\":\"pt-BR\",\"@id\":\"https:\/\/www.gaveanews.com\/index.php\/2025\/01\/07\/gremio-quinteros-e-sincero-ao-falar-sobre-reforcos\/#primaryimage\",\"url\":\"https:\/\/www.gaveanews.com\/wp-content\/uploads\/Quinteros-posa-para-foto-no-estadio-do-Gremio.webp\",\"contentUrl\":\"https:\/\/www.gaveanews.com\/wp-content\/uploads\/Quinteros-posa-para-foto-no-estadio-do-Gremio.webp\",\"width\":1024,\"height\":576,\"caption\":\"Quinteros posa para foto no est\u00e1dio do Gr\u00eamio (Foto: Lucas Uebel\/Gr\u00eamio)\"},{\"@type\":\"BreadcrumbList\",\"@id\":\"https:\/\/www.gaveanews.com\/index.php\/2025\/01\/07\/gremio-quinteros-e-sincero-ao-falar-sobre-reforcos\/#breadcrumb\",\"itemListElement\":[{\"@type\":\"ListItem\",\"position\":1,\"name\":\"Home\",\"item\":\"https:\/\/www.gaveanews.com\/\"},{\"@type\":\"ListItem\",\"position\":2,\"name\":\"Gr\u00eamio: Quinteros \u00e9 sincero ao falar sobre refor\u00e7os\"}]},{\"@type\":\"WebSite\",\"@id\":\"https:\/\/www.gaveanews.com\/#website\",\"url\":\"https:\/\/www.gaveanews.com\/\",\"name\":\"G\u00e1vea News\",\"description\":\"Veja todas as not\u00edcias sobre o Flamengo: Contrata\u00e7\u00f5es, categorias de base, resultados das partidas, tabela de classifica\u00e7\u00e3o, pr\u00f3ximos jogos!\",\"potentialAction\":[{\"@type\":\"SearchAction\",\"target\":{\"@type\":\"EntryPoint\",\"urlTemplate\":\"https:\/\/www.gaveanews.com\/?s={search_term_string}\"},\"query-input\":{\"@type\":\"PropertyValueSpecification\",\"valueRequired\":true,\"valueName\":\"search_term_string\"}}],\"inLanguage\":\"pt-BR\"},{\"@type\":\"Person\",\"@id\":\"https:\/\/www.gaveanews.com\/#\/schema\/person\/f42654babcd2b2014a1a65af82b081f1\",\"name\":\"Geovanna Thomaz\",\"image\":{\"@type\":\"ImageObject\",\"inLanguage\":\"pt-BR\",\"@id\":\"https:\/\/www.gaveanews.com\/#\/schema\/person\/image\/\",\"url\":\"https:\/\/secure.gravatar.com\/avatar\/4092073255489533afb558984b49b64268c47198af8623cc82a925ae9fb7118a?s=96&d=mm&r=g\",\"contentUrl\":\"https:\/\/secure.gravatar.com\/avatar\/4092073255489533afb558984b49b64268c47198af8623cc82a925ae9fb7118a?s=96&d=mm&r=g\",\"caption\":\"Geovanna Thomaz\"}}]}<\/script>\n<!-- \/ Yoast SEO Premium plugin. -->","yoast_head_json":{"title":"Gr\u00eamio: Quinteros \u00e9 sincero ao falar sobre refor\u00e7os","robots":{"index":"index","follow":"follow","max-snippet":"max-snippet:-1","max-image-preview":"max-image-preview:large","max-video-preview":"max-video-preview:-1"},"canonical":"https:\/\/www.gaveanews.com\/index.php\/2025\/01\/07\/gremio-quinteros-e-sincero-ao-falar-sobre-reforcos\/","og_locale":"pt_BR","og_type":"article","og_title":"Gr\u00eamio: Quinteros \u00e9 sincero ao falar sobre refor\u00e7os","og_description":"Gustavo Quinteros \u00e9 apresentado como novo t\u00e9cnico do Gr\u00eamio e projeta refor\u00e7os para 2025 O Gr\u00eamio apresentou oficialmente seu novo t\u00e9cnico, Gustavo Quinteros, nesta segunda-feira (6), no CT Luiz Carvalho. Aos 59 anos, o treinador argentino chega ao clube com contrato v\u00e1lido at\u00e9 o final de 2025, ap\u00f3s conquistar o t\u00edtulo do Campeonato Argentino com [&hellip;]","og_url":"https:\/\/www.gaveanews.com\/index.php\/2025\/01\/07\/gremio-quinteros-e-sincero-ao-falar-sobre-reforcos\/","og_site_name":"G\u00e1vea News","article_publisher":"https:\/\/facebook.com\/gaveaNews\/","article_published_time":"2025-01-07T16:55:00+00:00","og_image":[{"width":1024,"height":576,"url":"https:\/\/www.gaveanews.com\/wp-content\/uploads\/Quinteros-posa-para-foto-no-estadio-do-Gremio.webp","type":"image\/webp"}],"author":"Geovanna Thomaz","twitter_card":"summary_large_image","twitter_misc":{"Escrito por":"Geovanna Thomaz","Est. tempo de leitura":"3 minutos"},"schema":{"@context":"https:\/\/schema.org","@graph":[{"@type":"NewsArticle","@id":"https:\/\/www.gaveanews.com\/index.php\/2025\/01\/07\/gremio-quinteros-e-sincero-ao-falar-sobre-reforcos\/#article","isPartOf":{"@id":"https:\/\/www.gaveanews.com\/index.php\/2025\/01\/07\/gremio-quinteros-e-sincero-ao-falar-sobre-reforcos\/"},"author":{"name":"Geovanna Thomaz","@id":"https:\/\/www.gaveanews.com\/#\/schema\/person\/f42654babcd2b2014a1a65af82b081f1"},"headline":"Gr\u00eamio: Quinteros \u00e9 sincero ao falar sobre refor\u00e7os","datePublished":"2025-01-07T16:55:00+00:00","mainEntityOfPage":{"@id":"https:\/\/www.gaveanews.com\/index.php\/2025\/01\/07\/gremio-quinteros-e-sincero-ao-falar-sobre-reforcos\/"},"wordCount":404,"commentCount":0,"image":{"@id":"https:\/\/www.gaveanews.com\/index.php\/2025\/01\/07\/gremio-quinteros-e-sincero-ao-falar-sobre-reforcos\/#primaryimage"},"thumbnailUrl":"https:\/\/www.gaveanews.com\/wp-content\/uploads\/Quinteros-posa-para-foto-no-estadio-do-Gremio.webp","articleSection":["Gr\u00eamio"],"inLanguage":"pt-BR","potentialAction":[{"@type":"CommentAction","name":"Comment","target":["https:\/\/www.gaveanews.com\/index.php\/2025\/01\/07\/gremio-quinteros-e-sincero-ao-falar-sobre-reforcos\/#respond"]}],"copyrightYear":"2025","copyrightHolder":{"@id":"https:\/\/www.gaveanews.com\/#organization"}},{"@type":"WebPage","@id":"https:\/\/www.gaveanews.com\/index.php\/2025\/01\/07\/gremio-quinteros-e-sincero-ao-falar-sobre-reforcos\/","url":"https:\/\/www.gaveanews.com\/index.php\/2025\/01\/07\/gremio-quinteros-e-sincero-ao-falar-sobre-reforcos\/","name":"Gr\u00eamio: Quinteros \u00e9 sincero ao falar sobre refor\u00e7os","isPartOf":{"@id":"https:\/\/www.gaveanews.com\/#website"},"primaryImageOfPage":{"@id":"https:\/\/www.gaveanews.com\/index.php\/2025\/01\/07\/gremio-quinteros-e-sincero-ao-falar-sobre-reforcos\/#primaryimage"},"image":{"@id":"https:\/\/www.gaveanews.com\/index.php\/2025\/01\/07\/gremio-quinteros-e-sincero-ao-falar-sobre-reforcos\/#primaryimage"},"thumbnailUrl":"https:\/\/www.gaveanews.com\/wp-content\/uploads\/Quinteros-posa-para-foto-no-estadio-do-Gremio.webp","datePublished":"2025-01-07T16:55:00+00:00","author":{"@id":"https:\/\/www.gaveanews.com\/#\/schema\/person\/f42654babcd2b2014a1a65af82b081f1"},"breadcrumb":{"@id":"https:\/\/www.gaveanews.com\/index.php\/2025\/01\/07\/gremio-quinteros-e-sincero-ao-falar-sobre-reforcos\/#breadcrumb"},"inLanguage":"pt-BR","potentialAction":[{"@type":"ReadAction","target":["https:\/\/www.gaveanews.com\/index.php\/2025\/01\/07\/gremio-quinteros-e-sincero-ao-falar-sobre-reforcos\/"]}]},{"@type":"ImageObject","inLanguage":"pt-BR","@id":"https:\/\/www.gaveanews.com\/index.php\/2025\/01\/07\/gremio-quinteros-e-sincero-ao-falar-sobre-reforcos\/#primaryimage","url":"https:\/\/www.gaveanews.com\/wp-content\/uploads\/Quinteros-posa-para-foto-no-estadio-do-Gremio.webp","contentUrl":"https:\/\/www.gaveanews.com\/wp-content\/uploads\/Quinteros-posa-para-foto-no-estadio-do-Gremio.webp","width":1024,"height":576,"caption":"Quinteros posa para foto no est\u00e1dio do Gr\u00eamio (Foto: Lucas Uebel\/Gr\u00eamio)"},{"@type":"BreadcrumbList","@id":"https:\/\/www.gaveanews.com\/index.php\/2025\/01\/07\/gremio-quinteros-e-sincero-ao-falar-sobre-reforcos\/#breadcrumb","itemListElement":[{"@type":"ListItem","position":1,"name":"Home","item":"https:\/\/www.gaveanews.com\/"},{"@type":"ListItem","position":2,"name":"Gr\u00eamio: Quinteros \u00e9 sincero ao falar sobre refor\u00e7os"}]},{"@type":"WebSite","@id":"https:\/\/www.gaveanews.com\/#website","url":"https:\/\/www.gaveanews.com\/","name":"G\u00e1vea News","description":"Veja todas as not\u00edcias sobre o Flamengo: Contrata\u00e7\u00f5es, categorias de base, resultados das partidas, tabela de classifica\u00e7\u00e3o, pr\u00f3ximos jogos!","potentialAction":[{"@type":"SearchAction","target":{"@type":"EntryPoint","urlTemplate":"https:\/\/www.gaveanews.com\/?s={search_term_string}"},"query-input":{"@type":"PropertyValueSpecification","valueRequired":true,"valueName":"search_term_string"}}],"inLanguage":"pt-BR"},{"@type":"Person","@id":"https:\/\/www.gaveanews.com\/#\/schema\/person\/f42654babcd2b2014a1a65af82b081f1","name":"Geovanna Thomaz","image":{"@type":"ImageObject","inLanguage":"pt-BR","@id":"https:\/\/www.gaveanews.com\/#\/schema\/person\/image\/","url":"https:\/\/secure.gravatar.com\/avatar\/4092073255489533afb558984b49b64268c47198af8623cc82a925ae9fb7118a?s=96&d=mm&r=g","contentUrl":"https:\/\/secure.gravatar.com\/avatar\/4092073255489533afb558984b49b64268c47198af8623cc82a925ae9fb7118a?s=96&d=mm&r=g","caption":"Geovanna Thomaz"}}]}},"_links":{"self":[{"href":"https:\/\/www.gaveanews.com\/index.php\/wp-json\/wp\/v2\/posts\/208586","targetHints":{"allow":["GET"]}}],"collection":[{"href":"https:\/\/www.gaveanews.com\/index.php\/wp-json\/wp\/v2\/posts"}],"about":[{"href":"https:\/\/www.gaveanews.com\/index.php\/wp-json\/wp\/v2\/types\/post"}],"author":[{"embeddable":true,"href":"https:\/\/www.gaveanews.com\/index.php\/wp-json\/wp\/v2\/users\/17"}],"replies":[{"embeddable":true,"href":"https:\/\/www.gaveanews.com\/index.php\/wp-json\/wp\/v2\/comments?post=208586"}],"version-history":[{"count":1,"href":"https:\/\/www.gaveanews.com\/index.php\/wp-json\/wp\/v2\/posts\/208586\/revisions"}],"predecessor-version":[{"id":208589,"href":"https:\/\/www.gaveanews.com\/index.php\/wp-json\/wp\/v2\/posts\/208586\/revisions\/208589"}],"wp:featuredmedia":[{"embeddable":true,"href":"https:\/\/www.gaveanews.com\/index.php\/wp-json\/wp\/v2\/media\/208932"}],"wp:attachment":[{"href":"https:\/\/www.gaveanews.com\/index.php\/wp-json\/wp\/v2\/media?parent=208586"}],"wp:term":[{"taxonomy":"category","embeddable":true,"href":"https:\/\/www.gaveanews.com\/index.php\/wp-json\/wp\/v2\/categories?post=208586"},{"taxonomy":"post_tag","embeddable":true,"href":"https:\/\/www.gaveanews.com\/index.php\/wp-json\/wp\/v2\/tags?post=208586"}],"curies":[{"name":"wp","href":"https:\/\/api.w.org\/{rel}","templated":true}]}}